{"id":75150,"date":"2021-10-13T17:51:04","date_gmt":"2021-10-13T16:51:04","guid":{"rendered":"https:\/\/radioljubuski.ba\/?p=75150"},"modified":"2021-10-13T17:51:04","modified_gmt":"2021-10-13T16:51:04","slug":"madrid-i-barcelonu-zracnom-linijom-povezati-s-mostarom","status":"publish","type":"post","link":"https:\/\/radioljubuski.ba\/index.php\/2021\/10\/13\/madrid-i-barcelonu-zracnom-linijom-povezati-s-mostarom\/","title":{"rendered":"Madrid i Barcelonu zra\u010dnom linijom povezati s Mostarom"},"content":{"rendered":"\n<p><strong>Predsjednik Vlade Hercegova\u010dko-neretvanske \u017eupanije dr. Nevenko Herceg danas je primio u nastupni posjet Mar\u00edu Teresu Lizaranzu Perinat, novu veleposlanicu Kraljevine \u0160panjolske u BiH, u \u010dijoj je pratnji bio i po\u010dasni \u0161panjolski konzul Pierino T. Deldum, javlja Hrvatski Medijski Servis.<\/strong><\/p>\n\n\n\n<p>Uz razgovor o aktualnim zbivanjima u BiH, s naglaskom na nu\u017enost provedbe reformi Izbornoga zakona i osiguranja legitimnoga predstavljanja ravnopravnih naroda na svim razinama vlasti, Herceg i Perinat govorili su i o mogu\u0107nostima ja\u010danja izravne gospodarske suradnje \u0160panjolske s jedinicama lokalne samouprave u HN\u017d-u, poglavito u Mostaru.<\/p>\n\n\n\n<p>\u010cestitav\u0161i veleposlanici dana\u0161nji Nacionalni dan \u0160panjolske, Herceg je istaknuo izniman potencijal vjerskoga turizma u Hercegovini, naglasiv\u0161i kako bi veliko interesiranje hodo\u010dasnika iz \u0160panjolske, ali i zemalja s prostora Ju\u017ene i Sredi\u0161nje Amerike za svjetski poznato marijansko sveti\u0161te u Me\u0111ugorju, bilo dobro kanalizirati preko Madrida i Barcelone, uspostavom izravnih letova iz tih dvaju odredi\u0161ta za Mostar.<\/p>\n\n\n\n<p>\u201eVlada HN\u017d spremna je pru\u017eiti maksimalnu potporu Gradu Mostaru u toj pri\u010di, sli\u010dno onomu \u0161to smo uradili i s Eurowingsom. Nadalje, cijenili bismo \u0161panjolsku pomo\u0107 i u drugim podru\u010djima, izme\u0111u ostalog, u razmjeni bogatih iskustava s povla\u010denjem sredstava iz europskih fondova, u \u010demu se \u0160panjolska osjetno iskazala\u201c, kazao je Herceg, istaknuv\u0161i kako su sveze \u0160panjolske i ovoga prostora duboke i duge, ali i kako ima prostora dodatno ih razvijati i ja\u010dati.<\/p>\n\n\n\n<p>Zahvaliv\u0161i se na dobrodo\u0161lici i prijamu, veleposlanica Perinat obe\u0107ala je prenijeti prijedloge premijera Hercega mjerodavnim razinama u svojoj zemlji, poru\u010div\u0161i kako \u0107e iskoristiti svoj autoritet za potporu razvitku HN\u017d-a, Hercegovine i BiH u svim segmentima u kojima bude u mogu\u0107nosti pomo\u0107i.<\/p>\n\n\n\n<p>\/HMS\/<\/p>\n","protected":false},"excerpt":{"rendered":"<p>Predsjednik Vlade Hercegova\u010dko-neretvanske \u017eupanije dr. Nevenko Herceg danas je primio u nastupni posjet Mar\u00edu Teresu Lizaranzu Perinat, novu veleposlanicu Kraljevine \u0160panjolske u BiH, u \u010dijoj je pratnji bio i po\u010dasni \u0161panjolski konzul Pierino T. Deldum, javlja Hrvatski Medijski Servis. Uz razgovor o aktualnim zbivanjima u BiH, s naglaskom na nu\u017enost provedbe reformi Izbornoga zakona i [&hellip;]<\/p>\n","protected":false},"author":2,"featured_media":75151,"comment_status":"closed","ping_status":"closed","sticky":false,"template":"","format":"standard","meta":{"h5ap_radio_sources":[],"footnotes":""},"categories":[1],"tags":[],"class_list":["post-75150","post","type-post","status-publish","format-standard","has-post-thumbnail","hentry","category-bihiregija"],"yoast_head":"<!-- This site is optimized with the Yoast SEO plugin v27.4 - https:\/\/yoast.com\/product\/yoast-seo-wordpress\/ -->\n<title>Madrid i Barcelonu zra\u010dnom linijom povezati s Mostarom - RADIO LJUBU\u0160KI<\/title>\n<meta name=\"robots\" content=\"index, follow, max-snippet:-1, max-image-preview:large, max-video-preview:-1\" \/>\n<link rel=\"canonical\" href=\"https:\/\/radioljubuski.ba\/index.php\/2021\/10\/13\/madrid-i-barcelonu-zracnom-linijom-povezati-s-mostarom\/\" \/>\n<meta property=\"og:locale\" content=\"hr_HR\" \/>\n<meta property=\"og:type\" content=\"article\" \/>\n<meta property=\"og:title\" content=\"Madrid i Barcelonu zra\u010dnom linijom povezati s Mostarom - RADIO LJUBU\u0160KI\" \/>\n<meta property=\"og:description\" content=\"Predsjednik Vlade Hercegova\u010dko-neretvanske \u017eupanije dr. Nevenko Herceg danas je primio u nastupni posjet Mar\u00edu Teresu Lizaranzu Perinat, novu veleposlanicu Kraljevine \u0160panjolske u BiH, u \u010dijoj je pratnji bio i po\u010dasni \u0161panjolski konzul Pierino T. Deldum, javlja Hrvatski Medijski Servis. Uz razgovor o aktualnim zbivanjima u BiH, s naglaskom na nu\u017enost provedbe reformi Izbornoga zakona i [&hellip;]\" \/>\n<meta property=\"og:url\" content=\"https:\/\/radioljubuski.ba\/index.php\/2021\/10\/13\/madrid-i-barcelonu-zracnom-linijom-povezati-s-mostarom\/\" \/>\n<meta property=\"og:site_name\" content=\"RADIO LJUBU\u0160KI\" \/>\n<meta property=\"article:publisher\" content=\"https:\/\/www.facebook.com\/Radiio-Ljubuski-1490835324566332\" \/>\n<meta property=\"article:published_time\" content=\"2021-10-13T16:51:04+00:00\" \/>\n<meta property=\"og:image\" content=\"https:\/\/radioljubuski.ba\/wp-content\/uploads\/2021\/10\/herceg-spanjolska-veleposlanica-1068x712-1.jpg\" \/>\n\t<meta property=\"og:image:width\" content=\"1068\" \/>\n\t<meta property=\"og:image:height\" content=\"712\" \/>\n\t<meta property=\"og:image:type\" content=\"image\/jpeg\" \/>\n<meta name=\"author\" content=\"Radio Ljubu\u0161ki\" \/>\n<meta name=\"twitter:card\" content=\"summary_large_image\" \/>\n<meta name=\"twitter:creator\" content=\"@radioljubuski\" \/>\n<meta name=\"twitter:site\" content=\"@radioljubuski\" \/>\n<meta name=\"twitter:label1\" content=\"Napisao\/la\" \/>\n\t<meta name=\"twitter:data1\" content=\"Radio Ljubu\u0161ki\" \/>\n\t<meta name=\"twitter:label2\" content=\"Procijenjeno vrijeme \u010ditanja\" \/>\n\t<meta name=\"twitter:data2\" content=\"2 minute\" \/>\n<script type=\"application\/ld+json\" class=\"yoast-schema-graph\">{\"@context\":\"https:\\\/\\\/schema.org\",\"@graph\":[{\"@type\":\"Article\",\"@id\":\"https:\\\/\\\/radioljubuski.ba\\\/index.php\\\/2021\\\/10\\\/13\\\/madrid-i-barcelonu-zracnom-linijom-povezati-s-mostarom\\\/#article\",\"isPartOf\":{\"@id\":\"https:\\\/\\\/radioljubuski.ba\\\/index.php\\\/2021\\\/10\\\/13\\\/madrid-i-barcelonu-zracnom-linijom-povezati-s-mostarom\\\/\"},\"author\":{\"name\":\"Radio Ljubu\u0161ki\",\"@id\":\"https:\\\/\\\/radioljubuski.ba\\\/#\\\/schema\\\/person\\\/19fc700381a780f69665d7956c469e3b\"},\"headline\":\"Madrid i Barcelonu zra\u010dnom linijom povezati s Mostarom\",\"datePublished\":\"2021-10-13T16:51:04+00:00\",\"mainEntityOfPage\":{\"@id\":\"https:\\\/\\\/radioljubuski.ba\\\/index.php\\\/2021\\\/10\\\/13\\\/madrid-i-barcelonu-zracnom-linijom-povezati-s-mostarom\\\/\"},\"wordCount\":295,\"publisher\":{\"@id\":\"https:\\\/\\\/radioljubuski.ba\\\/#organization\"},\"image\":{\"@id\":\"https:\\\/\\\/radioljubuski.ba\\\/index.php\\\/2021\\\/10\\\/13\\\/madrid-i-barcelonu-zracnom-linijom-povezati-s-mostarom\\\/#primaryimage\"},\"thumbnailUrl\":\"https:\\\/\\\/radioljubuski.ba\\\/wp-content\\\/uploads\\\/2021\\\/10\\\/herceg-spanjolska-veleposlanica-1068x712-1.jpg\",\"articleSection\":[\"BIH i regija\"],\"inLanguage\":\"hr\"},{\"@type\":\"WebPage\",\"@id\":\"https:\\\/\\\/radioljubuski.ba\\\/index.php\\\/2021\\\/10\\\/13\\\/madrid-i-barcelonu-zracnom-linijom-povezati-s-mostarom\\\/\",\"url\":\"https:\\\/\\\/radioljubuski.ba\\\/index.php\\\/2021\\\/10\\\/13\\\/madrid-i-barcelonu-zracnom-linijom-povezati-s-mostarom\\\/\",\"name\":\"Madrid i Barcelonu zra\u010dnom linijom povezati s Mostarom - RADIO LJUBU\u0160KI\",\"isPartOf\":{\"@id\":\"https:\\\/\\\/radioljubuski.ba\\\/#website\"},\"primaryImageOfPage\":{\"@id\":\"https:\\\/\\\/radioljubuski.ba\\\/index.php\\\/2021\\\/10\\\/13\\\/madrid-i-barcelonu-zracnom-linijom-povezati-s-mostarom\\\/#primaryimage\"},\"image\":{\"@id\":\"https:\\\/\\\/radioljubuski.ba\\\/index.php\\\/2021\\\/10\\\/13\\\/madrid-i-barcelonu-zracnom-linijom-povezati-s-mostarom\\\/#primaryimage\"},\"thumbnailUrl\":\"https:\\\/\\\/radioljubuski.ba\\\/wp-content\\\/uploads\\\/2021\\\/10\\\/herceg-spanjolska-veleposlanica-1068x712-1.jpg\",\"datePublished\":\"2021-10-13T16:51:04+00:00\",\"breadcrumb\":{\"@id\":\"https:\\\/\\\/radioljubuski.ba\\\/index.php\\\/2021\\\/10\\\/13\\\/madrid-i-barcelonu-zracnom-linijom-povezati-s-mostarom\\\/#breadcrumb\"},\"inLanguage\":\"hr\",\"potentialAction\":[{\"@type\":\"ReadAction\",\"target\":[\"https:\\\/\\\/radioljubuski.ba\\\/index.php\\\/2021\\\/10\\\/13\\\/madrid-i-barcelonu-zracnom-linijom-povezati-s-mostarom\\\/\"]}]},{\"@type\":\"ImageObject\",\"inLanguage\":\"hr\",\"@id\":\"https:\\\/\\\/radioljubuski.ba\\\/index.php\\\/2021\\\/10\\\/13\\\/madrid-i-barcelonu-zracnom-linijom-povezati-s-mostarom\\\/#primaryimage\",\"url\":\"https:\\\/\\\/radioljubuski.ba\\\/wp-content\\\/uploads\\\/2021\\\/10\\\/herceg-spanjolska-veleposlanica-1068x712-1.jpg\",\"contentUrl\":\"https:\\\/\\\/radioljubuski.ba\\\/wp-content\\\/uploads\\\/2021\\\/10\\\/herceg-spanjolska-veleposlanica-1068x712-1.jpg\",\"width\":1068,\"height\":712},{\"@type\":\"BreadcrumbList\",\"@id\":\"https:\\\/\\\/radioljubuski.ba\\\/index.php\\\/2021\\\/10\\\/13\\\/madrid-i-barcelonu-zracnom-linijom-povezati-s-mostarom\\\/#breadcrumb\",\"itemListElement\":[{\"@type\":\"ListItem\",\"position\":1,\"name\":\"Po\u010detna stranica\",\"item\":\"https:\\\/\\\/radioljubuski.ba\\\/\"},{\"@type\":\"ListItem\",\"position\":2,\"name\":\"Madrid i Barcelonu zra\u010dnom linijom povezati s Mostarom\"}]},{\"@type\":\"WebSite\",\"@id\":\"https:\\\/\\\/radioljubuski.ba\\\/#website\",\"url\":\"https:\\\/\\\/radioljubuski.ba\\\/\",\"name\":\"Radio Ljubu\u0161ki\",\"description\":\"Sun\u010dana frekvencija Hercegovine\",\"publisher\":{\"@id\":\"https:\\\/\\\/radioljubuski.ba\\\/#organization\"},\"potentialAction\":[{\"@type\":\"SearchAction\",\"target\":{\"@type\":\"EntryPoint\",\"urlTemplate\":\"https:\\\/\\\/radioljubuski.ba\\\/?s={search_term_string}\"},\"query-input\":{\"@type\":\"PropertyValueSpecification\",\"valueRequired\":true,\"valueName\":\"search_term_string\"}}],\"inLanguage\":\"hr\"},{\"@type\":\"Organization\",\"@id\":\"https:\\\/\\\/radioljubuski.ba\\\/#organization\",\"name\":\"Radio Ljubu\u0161ki\",\"url\":\"https:\\\/\\\/radioljubuski.ba\\\/\",\"logo\":{\"@type\":\"ImageObject\",\"inLanguage\":\"hr\",\"@id\":\"https:\\\/\\\/radioljubuski.ba\\\/#\\\/schema\\\/logo\\\/image\\\/\",\"url\":\"https:\\\/\\\/radioljubuski.ba\\\/wp-content\\\/uploads\\\/2021\\\/02\\\/cropped-Radio_Ljubuski_logo1.jpg\",\"contentUrl\":\"https:\\\/\\\/radioljubuski.ba\\\/wp-content\\\/uploads\\\/2021\\\/02\\\/cropped-Radio_Ljubuski_logo1.jpg\",\"width\":512,\"height\":512,\"caption\":\"Radio Ljubu\u0161ki\"},\"image\":{\"@id\":\"https:\\\/\\\/radioljubuski.ba\\\/#\\\/schema\\\/logo\\\/image\\\/\"},\"sameAs\":[\"https:\\\/\\\/www.facebook.com\\\/Radiio-Ljubuski-1490835324566332\",\"https:\\\/\\\/x.com\\\/radioljubuski\",\"https:\\\/\\\/hr.linkedin.com\\\/company\\\/radio-ljubuski\",\"https:\\\/\\\/www.youtube.com\\\/channel\\\/UCHYaeO_n0Db3tjNGudGpXyw\"]},{\"@type\":\"Person\",\"@id\":\"https:\\\/\\\/radioljubuski.ba\\\/#\\\/schema\\\/person\\\/19fc700381a780f69665d7956c469e3b\",\"name\":\"Radio Ljubu\u0161ki\"}]}<\/script>\n<!-- \/ Yoast SEO plugin. -->","yoast_head_json":{"title":"Madrid i Barcelonu zra\u010dnom linijom povezati s Mostarom - RADIO LJUBU\u0160KI","robots":{"index":"index","follow":"follow","max-snippet":"max-snippet:-1","max-image-preview":"max-image-preview:large","max-video-preview":"max-video-preview:-1"},"canonical":"https:\/\/radioljubuski.ba\/index.php\/2021\/10\/13\/madrid-i-barcelonu-zracnom-linijom-povezati-s-mostarom\/","og_locale":"hr_HR","og_type":"article","og_title":"Madrid i Barcelonu zra\u010dnom linijom povezati s Mostarom - RADIO LJUBU\u0160KI","og_description":"Predsjednik Vlade Hercegova\u010dko-neretvanske \u017eupanije dr. Nevenko Herceg danas je primio u nastupni posjet Mar\u00edu Teresu Lizaranzu Perinat, novu veleposlanicu Kraljevine \u0160panjolske u BiH, u \u010dijoj je pratnji bio i po\u010dasni \u0161panjolski konzul Pierino T. Deldum, javlja Hrvatski Medijski Servis. Uz razgovor o aktualnim zbivanjima u BiH, s naglaskom na nu\u017enost provedbe reformi Izbornoga zakona i [&hellip;]","og_url":"https:\/\/radioljubuski.ba\/index.php\/2021\/10\/13\/madrid-i-barcelonu-zracnom-linijom-povezati-s-mostarom\/","og_site_name":"RADIO LJUBU\u0160KI","article_publisher":"https:\/\/www.facebook.com\/Radiio-Ljubuski-1490835324566332","article_published_time":"2021-10-13T16:51:04+00:00","og_image":[{"width":1068,"height":712,"url":"https:\/\/radioljubuski.ba\/wp-content\/uploads\/2021\/10\/herceg-spanjolska-veleposlanica-1068x712-1.jpg","type":"image\/jpeg"}],"author":"Radio Ljubu\u0161ki","twitter_card":"summary_large_image","twitter_creator":"@radioljubuski","twitter_site":"@radioljubuski","twitter_misc":{"Napisao\/la":"Radio Ljubu\u0161ki","Procijenjeno vrijeme \u010ditanja":"2 minute"},"schema":{"@context":"https:\/\/schema.org","@graph":[{"@type":"Article","@id":"https:\/\/radioljubuski.ba\/index.php\/2021\/10\/13\/madrid-i-barcelonu-zracnom-linijom-povezati-s-mostarom\/#article","isPartOf":{"@id":"https:\/\/radioljubuski.ba\/index.php\/2021\/10\/13\/madrid-i-barcelonu-zracnom-linijom-povezati-s-mostarom\/"},"author":{"name":"Radio Ljubu\u0161ki","@id":"https:\/\/radioljubuski.ba\/#\/schema\/person\/19fc700381a780f69665d7956c469e3b"},"headline":"Madrid i Barcelonu zra\u010dnom linijom povezati s Mostarom","datePublished":"2021-10-13T16:51:04+00:00","mainEntityOfPage":{"@id":"https:\/\/radioljubuski.ba\/index.php\/2021\/10\/13\/madrid-i-barcelonu-zracnom-linijom-povezati-s-mostarom\/"},"wordCount":295,"publisher":{"@id":"https:\/\/radioljubuski.ba\/#organization"},"image":{"@id":"https:\/\/radioljubuski.ba\/index.php\/2021\/10\/13\/madrid-i-barcelonu-zracnom-linijom-povezati-s-mostarom\/#primaryimage"},"thumbnailUrl":"https:\/\/radioljubuski.ba\/wp-content\/uploads\/2021\/10\/herceg-spanjolska-veleposlanica-1068x712-1.jpg","articleSection":["BIH i regija"],"inLanguage":"hr"},{"@type":"WebPage","@id":"https:\/\/radioljubuski.ba\/index.php\/2021\/10\/13\/madrid-i-barcelonu-zracnom-linijom-povezati-s-mostarom\/","url":"https:\/\/radioljubuski.ba\/index.php\/2021\/10\/13\/madrid-i-barcelonu-zracnom-linijom-povezati-s-mostarom\/","name":"Madrid i Barcelonu zra\u010dnom linijom povezati s Mostarom - RADIO LJUBU\u0160KI","isPartOf":{"@id":"https:\/\/radioljubuski.ba\/#website"},"primaryImageOfPage":{"@id":"https:\/\/radioljubuski.ba\/index.php\/2021\/10\/13\/madrid-i-barcelonu-zracnom-linijom-povezati-s-mostarom\/#primaryimage"},"image":{"@id":"https:\/\/radioljubuski.ba\/index.php\/2021\/10\/13\/madrid-i-barcelonu-zracnom-linijom-povezati-s-mostarom\/#primaryimage"},"thumbnailUrl":"https:\/\/radioljubuski.ba\/wp-content\/uploads\/2021\/10\/herceg-spanjolska-veleposlanica-1068x712-1.jpg","datePublished":"2021-10-13T16:51:04+00:00","breadcrumb":{"@id":"https:\/\/radioljubuski.ba\/index.php\/2021\/10\/13\/madrid-i-barcelonu-zracnom-linijom-povezati-s-mostarom\/#breadcrumb"},"inLanguage":"hr","potentialAction":[{"@type":"ReadAction","target":["https:\/\/radioljubuski.ba\/index.php\/2021\/10\/13\/madrid-i-barcelonu-zracnom-linijom-povezati-s-mostarom\/"]}]},{"@type":"ImageObject","inLanguage":"hr","@id":"https:\/\/radioljubuski.ba\/index.php\/2021\/10\/13\/madrid-i-barcelonu-zracnom-linijom-povezati-s-mostarom\/#primaryimage","url":"https:\/\/radioljubuski.ba\/wp-content\/uploads\/2021\/10\/herceg-spanjolska-veleposlanica-1068x712-1.jpg","contentUrl":"https:\/\/radioljubuski.ba\/wp-content\/uploads\/2021\/10\/herceg-spanjolska-veleposlanica-1068x712-1.jpg","width":1068,"height":712},{"@type":"BreadcrumbList","@id":"https:\/\/radioljubuski.ba\/index.php\/2021\/10\/13\/madrid-i-barcelonu-zracnom-linijom-povezati-s-mostarom\/#breadcrumb","itemListElement":[{"@type":"ListItem","position":1,"name":"Po\u010detna stranica","item":"https:\/\/radioljubuski.ba\/"},{"@type":"ListItem","position":2,"name":"Madrid i Barcelonu zra\u010dnom linijom povezati s Mostarom"}]},{"@type":"WebSite","@id":"https:\/\/radioljubuski.ba\/#website","url":"https:\/\/radioljubuski.ba\/","name":"Radio Ljubu\u0161ki","description":"Sun\u010dana frekvencija Hercegovine","publisher":{"@id":"https:\/\/radioljubuski.ba\/#organization"},"potentialAction":[{"@type":"SearchAction","target":{"@type":"EntryPoint","urlTemplate":"https:\/\/radioljubuski.ba\/?s={search_term_string}"},"query-input":{"@type":"PropertyValueSpecification","valueRequired":true,"valueName":"search_term_string"}}],"inLanguage":"hr"},{"@type":"Organization","@id":"https:\/\/radioljubuski.ba\/#organization","name":"Radio Ljubu\u0161ki","url":"https:\/\/radioljubuski.ba\/","logo":{"@type":"ImageObject","inLanguage":"hr","@id":"https:\/\/radioljubuski.ba\/#\/schema\/logo\/image\/","url":"https:\/\/radioljubuski.ba\/wp-content\/uploads\/2021\/02\/cropped-Radio_Ljubuski_logo1.jpg","contentUrl":"https:\/\/radioljubuski.ba\/wp-content\/uploads\/2021\/02\/cropped-Radio_Ljubuski_logo1.jpg","width":512,"height":512,"caption":"Radio Ljubu\u0161ki"},"image":{"@id":"https:\/\/radioljubuski.ba\/#\/schema\/logo\/image\/"},"sameAs":["https:\/\/www.facebook.com\/Radiio-Ljubuski-1490835324566332","https:\/\/x.com\/radioljubuski","https:\/\/hr.linkedin.com\/company\/radio-ljubuski","https:\/\/www.youtube.com\/channel\/UCHYaeO_n0Db3tjNGudGpXyw"]},{"@type":"Person","@id":"https:\/\/radioljubuski.ba\/#\/schema\/person\/19fc700381a780f69665d7956c469e3b","name":"Radio Ljubu\u0161ki"}]}},"_links":{"self":[{"href":"https:\/\/radioljubuski.ba\/index.php\/wp-json\/wp\/v2\/posts\/75150","targetHints":{"allow":["GET"]}}],"collection":[{"href":"https:\/\/radioljubuski.ba\/index.php\/wp-json\/wp\/v2\/posts"}],"about":[{"href":"https:\/\/radioljubuski.ba\/index.php\/wp-json\/wp\/v2\/types\/post"}],"author":[{"embeddable":true,"href":"https:\/\/radioljubuski.ba\/index.php\/wp-json\/wp\/v2\/users\/2"}],"replies":[{"embeddable":true,"href":"https:\/\/radioljubuski.ba\/index.php\/wp-json\/wp\/v2\/comments?post=75150"}],"version-history":[{"count":1,"href":"https:\/\/radioljubuski.ba\/index.php\/wp-json\/wp\/v2\/posts\/75150\/revisions"}],"predecessor-version":[{"id":75152,"href":"https:\/\/radioljubuski.ba\/index.php\/wp-json\/wp\/v2\/posts\/75150\/revisions\/75152"}],"wp:featuredmedia":[{"embeddable":true,"href":"https:\/\/radioljubuski.ba\/index.php\/wp-json\/wp\/v2\/media\/75151"}],"wp:attachment":[{"href":"https:\/\/radioljubuski.ba\/index.php\/wp-json\/wp\/v2\/media?parent=75150"}],"wp:term":[{"taxonomy":"category","embeddable":true,"href":"https:\/\/radioljubuski.ba\/index.php\/wp-json\/wp\/v2\/categories?post=75150"},{"taxonomy":"post_tag","embeddable":true,"href":"https:\/\/radioljubuski.ba\/index.php\/wp-json\/wp\/v2\/tags?post=75150"}],"curies":[{"name":"wp","href":"https:\/\/api.w.org\/{rel}","templated":true}]}}