{"id":75156,"date":"2021-10-13T17:53:14","date_gmt":"2021-10-13T16:53:14","guid":{"rendered":"https:\/\/radioljubuski.ba\/?p=75156"},"modified":"2021-10-13T17:53:15","modified_gmt":"2021-10-13T16:53:15","slug":"kamala-harris-sad-se-trebaju-suociti-sa-svojom-sramotnom-povijescu","status":"publish","type":"post","link":"https:\/\/radioljubuski.ba\/index.php\/2021\/10\/13\/kamala-harris-sad-se-trebaju-suociti-sa-svojom-sramotnom-povijescu\/","title":{"rendered":"Kamala Harris: SAD se trebaju suo\u010diti sa svojom \u201csramotnom povije\u0161\u0107u\u201d"},"content":{"rendered":"\n<p><strong>Ameri\u010dka potpredsjednica Kamala Harris u utorak je rekla da su europski istra\u017eiva\u010di koji su stigli na ameri\u010dki kontinent proveli \u201eval uni\u0161tenja plemenskih naroda, bili nasilni, krali zemlju i \u0161irili bolesti\u201c.<\/strong><\/p>\n\n\n\n<p>\u201eNe smijemo zazirati od ove sramotne povijesti, moramo to rasvijetliti i u\u010diniti sve \u0161to mo\u017eemo da se dotaknemo utjecaja pro\u0161losti na autohtone zajednice danas\u201c, kazala je Harris na Nacionalnom kongresu ameri\u010dkih Indijanaca, najve\u0107e ameri\u010dke organizacije domoroda\u010dkog stanovni\u0161tva.<\/p>\n\n\n\n<p>Bidenova vlada \u0107e ponovno pregovarati o memorandumu o razumijevanju o federalnom financiranju radnog osposobljavanja na podru\u010djima plemenskih naroda.<\/p>\n\n\n\n<p>Dvanaest federalnih agencija ve\u0107 je pregovaralo o tom memorandumu 2018. godine, no nisu tra\u017eili mi\u0161ljenja autohtonih zajednica o kojima je rije\u010d.<\/p>\n\n\n\n<p>Harris je govorila dan nakon Dana Kolumba kad se obilje\u017eava dolazak tog talijanskog istra\u017eiva\u010da koji je plovio uz \u0161panjolsku pomo\u0107, te nakon Dana domorodaca kada se obilje\u017eava njihov progon poslije dolaska Europljana.<\/p>\n\n\n\n<p>SAD od 1934. godine \u201esvakog listopada obilje\u017eava putovanje europskih istra\u017eiva\u010da koji su stigli na ameri\u010dku obalu\u201c, rekla je Harris.<\/p>\n\n\n\n<p>\u201eNo to nije cijela pri\u010da. To nikad nije bila cijela pri\u010da\u201c.<\/p>\n\n\n\n<p>\/Hina\/HMS\/<\/p>\n","protected":false},"excerpt":{"rendered":"<p>Ameri\u010dka potpredsjednica Kamala Harris u utorak je rekla da su europski istra\u017eiva\u010di koji su stigli na ameri\u010dki kontinent proveli \u201eval uni\u0161tenja plemenskih naroda, bili nasilni, krali zemlju i \u0161irili bolesti\u201c. \u201eNe smijemo zazirati od ove sramotne povijesti, moramo to rasvijetliti i u\u010diniti sve \u0161to mo\u017eemo da se dotaknemo utjecaja pro\u0161losti na autohtone zajednice danas\u201c, kazala [&hellip;]<\/p>\n","protected":false},"author":2,"featured_media":75157,"comment_status":"closed","ping_status":"closed","sticky":false,"template":"","format":"standard","meta":{"h5ap_radio_sources":[],"footnotes":""},"categories":[1],"tags":[],"class_list":["post-75156","post","type-post","status-publish","format-standard","has-post-thumbnail","hentry","category-bihiregija"],"yoast_head":"<!-- This site is optimized with the Yoast SEO plugin v27.4 - https:\/\/yoast.com\/product\/yoast-seo-wordpress\/ -->\n<title>Kamala Harris: SAD se trebaju suo\u010diti sa svojom \u201csramotnom povije\u0161\u0107u\u201d - RADIO LJUBU\u0160KI<\/title>\n<meta name=\"robots\" content=\"index, follow, max-snippet:-1, max-image-preview:large, max-video-preview:-1\" \/>\n<link rel=\"canonical\" href=\"https:\/\/radioljubuski.ba\/index.php\/2021\/10\/13\/kamala-harris-sad-se-trebaju-suociti-sa-svojom-sramotnom-povijescu\/\" \/>\n<meta property=\"og:locale\" content=\"hr_HR\" \/>\n<meta property=\"og:type\" content=\"article\" \/>\n<meta property=\"og:title\" content=\"Kamala Harris: SAD se trebaju suo\u010diti sa svojom \u201csramotnom povije\u0161\u0107u\u201d - RADIO LJUBU\u0160KI\" \/>\n<meta property=\"og:description\" content=\"Ameri\u010dka potpredsjednica Kamala Harris u utorak je rekla da su europski istra\u017eiva\u010di koji su stigli na ameri\u010dki kontinent proveli \u201eval uni\u0161tenja plemenskih naroda, bili nasilni, krali zemlju i \u0161irili bolesti\u201c. \u201eNe smijemo zazirati od ove sramotne povijesti, moramo to rasvijetliti i u\u010diniti sve \u0161to mo\u017eemo da se dotaknemo utjecaja pro\u0161losti na autohtone zajednice danas\u201c, kazala [&hellip;]\" \/>\n<meta property=\"og:url\" content=\"https:\/\/radioljubuski.ba\/index.php\/2021\/10\/13\/kamala-harris-sad-se-trebaju-suociti-sa-svojom-sramotnom-povijescu\/\" \/>\n<meta property=\"og:site_name\" content=\"RADIO LJUBU\u0160KI\" \/>\n<meta property=\"article:publisher\" content=\"https:\/\/www.facebook.com\/Radiio-Ljubuski-1490835324566332\" \/>\n<meta property=\"article:published_time\" content=\"2021-10-13T16:53:14+00:00\" \/>\n<meta property=\"article:modified_time\" content=\"2021-10-13T16:53:15+00:00\" \/>\n<meta property=\"og:image\" content=\"https:\/\/radioljubuski.ba\/wp-content\/uploads\/2021\/10\/kamala-harris.jpg\" \/>\n\t<meta property=\"og:image:width\" content=\"860\" \/>\n\t<meta property=\"og:image:height\" content=\"573\" \/>\n\t<meta property=\"og:image:type\" content=\"image\/jpeg\" \/>\n<meta name=\"author\" content=\"Radio Ljubu\u0161ki\" \/>\n<meta name=\"twitter:card\" content=\"summary_large_image\" \/>\n<meta name=\"twitter:creator\" content=\"@radioljubuski\" \/>\n<meta name=\"twitter:site\" content=\"@radioljubuski\" \/>\n<meta name=\"twitter:label1\" content=\"Napisao\/la\" \/>\n\t<meta name=\"twitter:data1\" content=\"Radio Ljubu\u0161ki\" \/>\n\t<meta name=\"twitter:label2\" content=\"Procijenjeno vrijeme \u010ditanja\" \/>\n\t<meta name=\"twitter:data2\" content=\"1 minuta\" \/>\n<script type=\"application\/ld+json\" class=\"yoast-schema-graph\">{\"@context\":\"https:\\\/\\\/schema.org\",\"@graph\":[{\"@type\":\"Article\",\"@id\":\"https:\\\/\\\/radioljubuski.ba\\\/index.php\\\/2021\\\/10\\\/13\\\/kamala-harris-sad-se-trebaju-suociti-sa-svojom-sramotnom-povijescu\\\/#article\",\"isPartOf\":{\"@id\":\"https:\\\/\\\/radioljubuski.ba\\\/index.php\\\/2021\\\/10\\\/13\\\/kamala-harris-sad-se-trebaju-suociti-sa-svojom-sramotnom-povijescu\\\/\"},\"author\":{\"name\":\"Radio Ljubu\u0161ki\",\"@id\":\"https:\\\/\\\/radioljubuski.ba\\\/#\\\/schema\\\/person\\\/19fc700381a780f69665d7956c469e3b\"},\"headline\":\"Kamala Harris: SAD se trebaju suo\u010diti sa svojom \u201csramotnom povije\u0161\u0107u\u201d\",\"datePublished\":\"2021-10-13T16:53:14+00:00\",\"dateModified\":\"2021-10-13T16:53:15+00:00\",\"mainEntityOfPage\":{\"@id\":\"https:\\\/\\\/radioljubuski.ba\\\/index.php\\\/2021\\\/10\\\/13\\\/kamala-harris-sad-se-trebaju-suociti-sa-svojom-sramotnom-povijescu\\\/\"},\"wordCount\":206,\"publisher\":{\"@id\":\"https:\\\/\\\/radioljubuski.ba\\\/#organization\"},\"image\":{\"@id\":\"https:\\\/\\\/radioljubuski.ba\\\/index.php\\\/2021\\\/10\\\/13\\\/kamala-harris-sad-se-trebaju-suociti-sa-svojom-sramotnom-povijescu\\\/#primaryimage\"},\"thumbnailUrl\":\"https:\\\/\\\/radioljubuski.ba\\\/wp-content\\\/uploads\\\/2021\\\/10\\\/kamala-harris.jpg\",\"articleSection\":[\"BIH i regija\"],\"inLanguage\":\"hr\"},{\"@type\":\"WebPage\",\"@id\":\"https:\\\/\\\/radioljubuski.ba\\\/index.php\\\/2021\\\/10\\\/13\\\/kamala-harris-sad-se-trebaju-suociti-sa-svojom-sramotnom-povijescu\\\/\",\"url\":\"https:\\\/\\\/radioljubuski.ba\\\/index.php\\\/2021\\\/10\\\/13\\\/kamala-harris-sad-se-trebaju-suociti-sa-svojom-sramotnom-povijescu\\\/\",\"name\":\"Kamala Harris: SAD se trebaju suo\u010diti sa svojom \u201csramotnom povije\u0161\u0107u\u201d - RADIO LJUBU\u0160KI\",\"isPartOf\":{\"@id\":\"https:\\\/\\\/radioljubuski.ba\\\/#website\"},\"primaryImageOfPage\":{\"@id\":\"https:\\\/\\\/radioljubuski.ba\\\/index.php\\\/2021\\\/10\\\/13\\\/kamala-harris-sad-se-trebaju-suociti-sa-svojom-sramotnom-povijescu\\\/#primaryimage\"},\"image\":{\"@id\":\"https:\\\/\\\/radioljubuski.ba\\\/index.php\\\/2021\\\/10\\\/13\\\/kamala-harris-sad-se-trebaju-suociti-sa-svojom-sramotnom-povijescu\\\/#primaryimage\"},\"thumbnailUrl\":\"https:\\\/\\\/radioljubuski.ba\\\/wp-content\\\/uploads\\\/2021\\\/10\\\/kamala-harris.jpg\",\"datePublished\":\"2021-10-13T16:53:14+00:00\",\"dateModified\":\"2021-10-13T16:53:15+00:00\",\"breadcrumb\":{\"@id\":\"https:\\\/\\\/radioljubuski.ba\\\/index.php\\\/2021\\\/10\\\/13\\\/kamala-harris-sad-se-trebaju-suociti-sa-svojom-sramotnom-povijescu\\\/#breadcrumb\"},\"inLanguage\":\"hr\",\"potentialAction\":[{\"@type\":\"ReadAction\",\"target\":[\"https:\\\/\\\/radioljubuski.ba\\\/index.php\\\/2021\\\/10\\\/13\\\/kamala-harris-sad-se-trebaju-suociti-sa-svojom-sramotnom-povijescu\\\/\"]}]},{\"@type\":\"ImageObject\",\"inLanguage\":\"hr\",\"@id\":\"https:\\\/\\\/radioljubuski.ba\\\/index.php\\\/2021\\\/10\\\/13\\\/kamala-harris-sad-se-trebaju-suociti-sa-svojom-sramotnom-povijescu\\\/#primaryimage\",\"url\":\"https:\\\/\\\/radioljubuski.ba\\\/wp-content\\\/uploads\\\/2021\\\/10\\\/kamala-harris.jpg\",\"contentUrl\":\"https:\\\/\\\/radioljubuski.ba\\\/wp-content\\\/uploads\\\/2021\\\/10\\\/kamala-harris.jpg\",\"width\":860,\"height\":573},{\"@type\":\"BreadcrumbList\",\"@id\":\"https:\\\/\\\/radioljubuski.ba\\\/index.php\\\/2021\\\/10\\\/13\\\/kamala-harris-sad-se-trebaju-suociti-sa-svojom-sramotnom-povijescu\\\/#breadcrumb\",\"itemListElement\":[{\"@type\":\"ListItem\",\"position\":1,\"name\":\"Po\u010detna stranica\",\"item\":\"https:\\\/\\\/radioljubuski.ba\\\/\"},{\"@type\":\"ListItem\",\"position\":2,\"name\":\"Kamala Harris: SAD se trebaju suo\u010diti sa svojom \u201csramotnom povije\u0161\u0107u\u201d\"}]},{\"@type\":\"WebSite\",\"@id\":\"https:\\\/\\\/radioljubuski.ba\\\/#website\",\"url\":\"https:\\\/\\\/radioljubuski.ba\\\/\",\"name\":\"Radio Ljubu\u0161ki\",\"description\":\"Sun\u010dana frekvencija Hercegovine\",\"publisher\":{\"@id\":\"https:\\\/\\\/radioljubuski.ba\\\/#organization\"},\"potentialAction\":[{\"@type\":\"SearchAction\",\"target\":{\"@type\":\"EntryPoint\",\"urlTemplate\":\"https:\\\/\\\/radioljubuski.ba\\\/?s={search_term_string}\"},\"query-input\":{\"@type\":\"PropertyValueSpecification\",\"valueRequired\":true,\"valueName\":\"search_term_string\"}}],\"inLanguage\":\"hr\"},{\"@type\":\"Organization\",\"@id\":\"https:\\\/\\\/radioljubuski.ba\\\/#organization\",\"name\":\"Radio Ljubu\u0161ki\",\"url\":\"https:\\\/\\\/radioljubuski.ba\\\/\",\"logo\":{\"@type\":\"ImageObject\",\"inLanguage\":\"hr\",\"@id\":\"https:\\\/\\\/radioljubuski.ba\\\/#\\\/schema\\\/logo\\\/image\\\/\",\"url\":\"https:\\\/\\\/radioljubuski.ba\\\/wp-content\\\/uploads\\\/2021\\\/02\\\/cropped-Radio_Ljubuski_logo1.jpg\",\"contentUrl\":\"https:\\\/\\\/radioljubuski.ba\\\/wp-content\\\/uploads\\\/2021\\\/02\\\/cropped-Radio_Ljubuski_logo1.jpg\",\"width\":512,\"height\":512,\"caption\":\"Radio Ljubu\u0161ki\"},\"image\":{\"@id\":\"https:\\\/\\\/radioljubuski.ba\\\/#\\\/schema\\\/logo\\\/image\\\/\"},\"sameAs\":[\"https:\\\/\\\/www.facebook.com\\\/Radiio-Ljubuski-1490835324566332\",\"https:\\\/\\\/x.com\\\/radioljubuski\",\"https:\\\/\\\/hr.linkedin.com\\\/company\\\/radio-ljubuski\",\"https:\\\/\\\/www.youtube.com\\\/channel\\\/UCHYaeO_n0Db3tjNGudGpXyw\"]},{\"@type\":\"Person\",\"@id\":\"https:\\\/\\\/radioljubuski.ba\\\/#\\\/schema\\\/person\\\/19fc700381a780f69665d7956c469e3b\",\"name\":\"Radio Ljubu\u0161ki\"}]}<\/script>\n<!-- \/ Yoast SEO plugin. -->","yoast_head_json":{"title":"Kamala Harris: SAD se trebaju suo\u010diti sa svojom \u201csramotnom povije\u0161\u0107u\u201d - RADIO LJUBU\u0160KI","robots":{"index":"index","follow":"follow","max-snippet":"max-snippet:-1","max-image-preview":"max-image-preview:large","max-video-preview":"max-video-preview:-1"},"canonical":"https:\/\/radioljubuski.ba\/index.php\/2021\/10\/13\/kamala-harris-sad-se-trebaju-suociti-sa-svojom-sramotnom-povijescu\/","og_locale":"hr_HR","og_type":"article","og_title":"Kamala Harris: SAD se trebaju suo\u010diti sa svojom \u201csramotnom povije\u0161\u0107u\u201d - RADIO LJUBU\u0160KI","og_description":"Ameri\u010dka potpredsjednica Kamala Harris u utorak je rekla da su europski istra\u017eiva\u010di koji su stigli na ameri\u010dki kontinent proveli \u201eval uni\u0161tenja plemenskih naroda, bili nasilni, krali zemlju i \u0161irili bolesti\u201c. \u201eNe smijemo zazirati od ove sramotne povijesti, moramo to rasvijetliti i u\u010diniti sve \u0161to mo\u017eemo da se dotaknemo utjecaja pro\u0161losti na autohtone zajednice danas\u201c, kazala [&hellip;]","og_url":"https:\/\/radioljubuski.ba\/index.php\/2021\/10\/13\/kamala-harris-sad-se-trebaju-suociti-sa-svojom-sramotnom-povijescu\/","og_site_name":"RADIO LJUBU\u0160KI","article_publisher":"https:\/\/www.facebook.com\/Radiio-Ljubuski-1490835324566332","article_published_time":"2021-10-13T16:53:14+00:00","article_modified_time":"2021-10-13T16:53:15+00:00","og_image":[{"width":860,"height":573,"url":"https:\/\/radioljubuski.ba\/wp-content\/uploads\/2021\/10\/kamala-harris.jpg","type":"image\/jpeg"}],"author":"Radio Ljubu\u0161ki","twitter_card":"summary_large_image","twitter_creator":"@radioljubuski","twitter_site":"@radioljubuski","twitter_misc":{"Napisao\/la":"Radio Ljubu\u0161ki","Procijenjeno vrijeme \u010ditanja":"1 minuta"},"schema":{"@context":"https:\/\/schema.org","@graph":[{"@type":"Article","@id":"https:\/\/radioljubuski.ba\/index.php\/2021\/10\/13\/kamala-harris-sad-se-trebaju-suociti-sa-svojom-sramotnom-povijescu\/#article","isPartOf":{"@id":"https:\/\/radioljubuski.ba\/index.php\/2021\/10\/13\/kamala-harris-sad-se-trebaju-suociti-sa-svojom-sramotnom-povijescu\/"},"author":{"name":"Radio Ljubu\u0161ki","@id":"https:\/\/radioljubuski.ba\/#\/schema\/person\/19fc700381a780f69665d7956c469e3b"},"headline":"Kamala Harris: SAD se trebaju suo\u010diti sa svojom \u201csramotnom povije\u0161\u0107u\u201d","datePublished":"2021-10-13T16:53:14+00:00","dateModified":"2021-10-13T16:53:15+00:00","mainEntityOfPage":{"@id":"https:\/\/radioljubuski.ba\/index.php\/2021\/10\/13\/kamala-harris-sad-se-trebaju-suociti-sa-svojom-sramotnom-povijescu\/"},"wordCount":206,"publisher":{"@id":"https:\/\/radioljubuski.ba\/#organization"},"image":{"@id":"https:\/\/radioljubuski.ba\/index.php\/2021\/10\/13\/kamala-harris-sad-se-trebaju-suociti-sa-svojom-sramotnom-povijescu\/#primaryimage"},"thumbnailUrl":"https:\/\/radioljubuski.ba\/wp-content\/uploads\/2021\/10\/kamala-harris.jpg","articleSection":["BIH i regija"],"inLanguage":"hr"},{"@type":"WebPage","@id":"https:\/\/radioljubuski.ba\/index.php\/2021\/10\/13\/kamala-harris-sad-se-trebaju-suociti-sa-svojom-sramotnom-povijescu\/","url":"https:\/\/radioljubuski.ba\/index.php\/2021\/10\/13\/kamala-harris-sad-se-trebaju-suociti-sa-svojom-sramotnom-povijescu\/","name":"Kamala Harris: SAD se trebaju suo\u010diti sa svojom \u201csramotnom povije\u0161\u0107u\u201d - RADIO LJUBU\u0160KI","isPartOf":{"@id":"https:\/\/radioljubuski.ba\/#website"},"primaryImageOfPage":{"@id":"https:\/\/radioljubuski.ba\/index.php\/2021\/10\/13\/kamala-harris-sad-se-trebaju-suociti-sa-svojom-sramotnom-povijescu\/#primaryimage"},"image":{"@id":"https:\/\/radioljubuski.ba\/index.php\/2021\/10\/13\/kamala-harris-sad-se-trebaju-suociti-sa-svojom-sramotnom-povijescu\/#primaryimage"},"thumbnailUrl":"https:\/\/radioljubuski.ba\/wp-content\/uploads\/2021\/10\/kamala-harris.jpg","datePublished":"2021-10-13T16:53:14+00:00","dateModified":"2021-10-13T16:53:15+00:00","breadcrumb":{"@id":"https:\/\/radioljubuski.ba\/index.php\/2021\/10\/13\/kamala-harris-sad-se-trebaju-suociti-sa-svojom-sramotnom-povijescu\/#breadcrumb"},"inLanguage":"hr","potentialAction":[{"@type":"ReadAction","target":["https:\/\/radioljubuski.ba\/index.php\/2021\/10\/13\/kamala-harris-sad-se-trebaju-suociti-sa-svojom-sramotnom-povijescu\/"]}]},{"@type":"ImageObject","inLanguage":"hr","@id":"https:\/\/radioljubuski.ba\/index.php\/2021\/10\/13\/kamala-harris-sad-se-trebaju-suociti-sa-svojom-sramotnom-povijescu\/#primaryimage","url":"https:\/\/radioljubuski.ba\/wp-content\/uploads\/2021\/10\/kamala-harris.jpg","contentUrl":"https:\/\/radioljubuski.ba\/wp-content\/uploads\/2021\/10\/kamala-harris.jpg","width":860,"height":573},{"@type":"BreadcrumbList","@id":"https:\/\/radioljubuski.ba\/index.php\/2021\/10\/13\/kamala-harris-sad-se-trebaju-suociti-sa-svojom-sramotnom-povijescu\/#breadcrumb","itemListElement":[{"@type":"ListItem","position":1,"name":"Po\u010detna stranica","item":"https:\/\/radioljubuski.ba\/"},{"@type":"ListItem","position":2,"name":"Kamala Harris: SAD se trebaju suo\u010diti sa svojom \u201csramotnom povije\u0161\u0107u\u201d"}]},{"@type":"WebSite","@id":"https:\/\/radioljubuski.ba\/#website","url":"https:\/\/radioljubuski.ba\/","name":"Radio Ljubu\u0161ki","description":"Sun\u010dana frekvencija Hercegovine","publisher":{"@id":"https:\/\/radioljubuski.ba\/#organization"},"potentialAction":[{"@type":"SearchAction","target":{"@type":"EntryPoint","urlTemplate":"https:\/\/radioljubuski.ba\/?s={search_term_string}"},"query-input":{"@type":"PropertyValueSpecification","valueRequired":true,"valueName":"search_term_string"}}],"inLanguage":"hr"},{"@type":"Organization","@id":"https:\/\/radioljubuski.ba\/#organization","name":"Radio Ljubu\u0161ki","url":"https:\/\/radioljubuski.ba\/","logo":{"@type":"ImageObject","inLanguage":"hr","@id":"https:\/\/radioljubuski.ba\/#\/schema\/logo\/image\/","url":"https:\/\/radioljubuski.ba\/wp-content\/uploads\/2021\/02\/cropped-Radio_Ljubuski_logo1.jpg","contentUrl":"https:\/\/radioljubuski.ba\/wp-content\/uploads\/2021\/02\/cropped-Radio_Ljubuski_logo1.jpg","width":512,"height":512,"caption":"Radio Ljubu\u0161ki"},"image":{"@id":"https:\/\/radioljubuski.ba\/#\/schema\/logo\/image\/"},"sameAs":["https:\/\/www.facebook.com\/Radiio-Ljubuski-1490835324566332","https:\/\/x.com\/radioljubuski","https:\/\/hr.linkedin.com\/company\/radio-ljubuski","https:\/\/www.youtube.com\/channel\/UCHYaeO_n0Db3tjNGudGpXyw"]},{"@type":"Person","@id":"https:\/\/radioljubuski.ba\/#\/schema\/person\/19fc700381a780f69665d7956c469e3b","name":"Radio Ljubu\u0161ki"}]}},"_links":{"self":[{"href":"https:\/\/radioljubuski.ba\/index.php\/wp-json\/wp\/v2\/posts\/75156","targetHints":{"allow":["GET"]}}],"collection":[{"href":"https:\/\/radioljubuski.ba\/index.php\/wp-json\/wp\/v2\/posts"}],"about":[{"href":"https:\/\/radioljubuski.ba\/index.php\/wp-json\/wp\/v2\/types\/post"}],"author":[{"embeddable":true,"href":"https:\/\/radioljubuski.ba\/index.php\/wp-json\/wp\/v2\/users\/2"}],"replies":[{"embeddable":true,"href":"https:\/\/radioljubuski.ba\/index.php\/wp-json\/wp\/v2\/comments?post=75156"}],"version-history":[{"count":1,"href":"https:\/\/radioljubuski.ba\/index.php\/wp-json\/wp\/v2\/posts\/75156\/revisions"}],"predecessor-version":[{"id":75158,"href":"https:\/\/radioljubuski.ba\/index.php\/wp-json\/wp\/v2\/posts\/75156\/revisions\/75158"}],"wp:featuredmedia":[{"embeddable":true,"href":"https:\/\/radioljubuski.ba\/index.php\/wp-json\/wp\/v2\/media\/75157"}],"wp:attachment":[{"href":"https:\/\/radioljubuski.ba\/index.php\/wp-json\/wp\/v2\/media?parent=75156"}],"wp:term":[{"taxonomy":"category","embeddable":true,"href":"https:\/\/radioljubuski.ba\/index.php\/wp-json\/wp\/v2\/categories?post=75156"},{"taxonomy":"post_tag","embeddable":true,"href":"https:\/\/radioljubuski.ba\/index.php\/wp-json\/wp\/v2\/tags?post=75156"}],"curies":[{"name":"wp","href":"https:\/\/api.w.org\/{rel}","templated":true}]}}