{"id":75162,"date":"2021-10-13T17:57:02","date_gmt":"2021-10-13T16:57:02","guid":{"rendered":"https:\/\/radioljubuski.ba\/?p=75162"},"modified":"2021-10-13T17:57:03","modified_gmt":"2021-10-13T16:57:03","slug":"covic-i-sejdic-razgovarali-o-izmjenama-izbornog-zakona","status":"publish","type":"post","link":"https:\/\/radioljubuski.ba\/index.php\/2021\/10\/13\/covic-i-sejdic-razgovarali-o-izmjenama-izbornog-zakona\/","title":{"rendered":"\u010covi\u0107 i Sejdi\u0107 razgovarali o izmjenama Izbornog zakona"},"content":{"rendered":"\n<p><strong>Dragan \u010covi\u0107, predsjednik HDZ-a BiH i HNS-a, i Dervo Sejdi\u0107, i predsjednik Romskog informativnog centra danas su u Sarajevu razgovarali o izmjenama Izbornog zakona.<\/strong><\/p>\n\n\n\n<p>Javnost je o ovome obavijestio \u010covi\u0107 na svom Twitter profilu.<\/p>\n\n\n\n<p>\u201cUgodan razgovor s gospodinom Sejdi\u0107em: anomalije, preglasavanja, nametanja i diskriminacija kona\u010dno se moraju ukloniti iz izbornog sustava. Europski korak naprijed podrazumijeva pravne norme kojima se \u0161tite klju\u010dne postavke Daytonskog mirovnog ugovora i kojima se svima omogu\u0107ava da se mogu kandidirati\u201d, poru\u010dio je \u010covi\u0107.<\/p>\n\n\n\n<blockquote class=\"twitter-tweet\"><p lang=\"en\" dir=\"ltr\">Pleasant conversation with Mr. Sejdi\u0107: anomalies of outvoting, imposition &amp; discrimination must finally be eliminated from the \ud83c\udde7\ud83c\udde6 electoral system. European step forward implies legal norms that protect fundamental settings of DPA &amp; allow everyone to run for office. <a href=\"https:\/\/t.co\/OoFgfGRJSF\">pic.twitter.com\/OoFgfGRJSF<\/a><\/p>&mdash; Dragan \u010covi\u0107 (@Dragan_Covic) <a href=\"https:\/\/twitter.com\/Dragan_Covic\/status\/1448210537544814595?ref_src=twsrc%5Etfw\">October 13, 2021<\/a><\/blockquote> <script async src=\"https:\/\/platform.twitter.com\/widgets.js\" charset=\"utf-8\"><\/script>\n\n\n\n<p>Podsje\u0107amo, nakon \u0161to je visoki predstavnik Christian Schmidt u po\u010detkom rujna otvorio pitanje preglasavanja i diskriminacije Hvata, na to je reagirao Sejdi\u0107.<\/p>\n\n\n\n<p>Iz HNS-a su tada Sejdi\u0107u poru\u010dili da su ostali iznena\u0111eni da se istom krugu. koji su osudili Schmidtove izjave, priklju\u010dio i gospodin Sejdi\u0107, predstavnik naroda koji je tako\u0111er \u017ertva diskriminacije ve\u0107inskog bo\u0161nja\u010dkog nacionalizma.<\/p>\n\n\n\n<p>-Unato\u010d \u010dinjenici da se 97% stanovni\u0161tva izja\u0161njava pripadnikom jednog od tri konstitutivna naroda, bo\u0161nja\u010dki nacionalizam iskori\u0161tava 3% onih koji se tako ne izja\u0161njavaju da pod krinkom pseudogra\u0111anskog poku\u0161a od Bosne i Hercegovine napraviti ne\u0161to \u0161to u svojoj povijesti nikada nije bila, i to kroz sustavnu politi\u010dku i institucionalnu diskriminaciju, priop\u0107ili su tada iz HNS-a BiH.<\/p>\n\n\n\n<p>\/R. I.\/HMS\/<\/p>\n","protected":false},"excerpt":{"rendered":"<p>Dragan \u010covi\u0107, predsjednik HDZ-a BiH i HNS-a, i Dervo Sejdi\u0107, i predsjednik Romskog informativnog centra danas su u Sarajevu razgovarali o izmjenama Izbornog zakona. Javnost je o ovome obavijestio \u010covi\u0107 na svom Twitter profilu. \u201cUgodan razgovor s gospodinom Sejdi\u0107em: anomalije, preglasavanja, nametanja i diskriminacija kona\u010dno se moraju ukloniti iz izbornog sustava. Europski korak naprijed podrazumijeva [&hellip;]<\/p>\n","protected":false},"author":2,"featured_media":75163,"comment_status":"closed","ping_status":"closed","sticky":false,"template":"","format":"standard","meta":{"h5ap_radio_sources":[],"footnotes":""},"categories":[1],"tags":[],"class_list":["post-75162","post","type-post","status-publish","format-standard","has-post-thumbnail","hentry","category-bihiregija"],"yoast_head":"<!-- This site is optimized with the Yoast SEO plugin v27.4 - https:\/\/yoast.com\/product\/yoast-seo-wordpress\/ -->\n<title>\u010covi\u0107 i Sejdi\u0107 razgovarali o izmjenama Izbornog zakona - RADIO LJUBU\u0160KI<\/title>\n<meta name=\"robots\" content=\"index, follow, max-snippet:-1, max-image-preview:large, max-video-preview:-1\" \/>\n<link rel=\"canonical\" href=\"https:\/\/radioljubuski.ba\/index.php\/2021\/10\/13\/covic-i-sejdic-razgovarali-o-izmjenama-izbornog-zakona\/\" \/>\n<meta property=\"og:locale\" content=\"hr_HR\" \/>\n<meta property=\"og:type\" content=\"article\" \/>\n<meta property=\"og:title\" content=\"\u010covi\u0107 i Sejdi\u0107 razgovarali o izmjenama Izbornog zakona - RADIO LJUBU\u0160KI\" \/>\n<meta property=\"og:description\" content=\"Dragan \u010covi\u0107, predsjednik HDZ-a BiH i HNS-a, i Dervo Sejdi\u0107, i predsjednik Romskog informativnog centra danas su u Sarajevu razgovarali o izmjenama Izbornog zakona. Javnost je o ovome obavijestio \u010covi\u0107 na svom Twitter profilu. \u201cUgodan razgovor s gospodinom Sejdi\u0107em: anomalije, preglasavanja, nametanja i diskriminacija kona\u010dno se moraju ukloniti iz izbornog sustava. Europski korak naprijed podrazumijeva [&hellip;]\" \/>\n<meta property=\"og:url\" content=\"https:\/\/radioljubuski.ba\/index.php\/2021\/10\/13\/covic-i-sejdic-razgovarali-o-izmjenama-izbornog-zakona\/\" \/>\n<meta property=\"og:site_name\" content=\"RADIO LJUBU\u0160KI\" \/>\n<meta property=\"article:publisher\" content=\"https:\/\/www.facebook.com\/Radiio-Ljubuski-1490835324566332\" \/>\n<meta property=\"article:published_time\" content=\"2021-10-13T16:57:02+00:00\" \/>\n<meta property=\"article:modified_time\" content=\"2021-10-13T16:57:03+00:00\" \/>\n<meta property=\"og:image\" content=\"https:\/\/radioljubuski.ba\/wp-content\/uploads\/2021\/10\/FBkTzKdXoAMyXL2-e1634122094482.jpg\" \/>\n\t<meta property=\"og:image:width\" content=\"1024\" \/>\n\t<meta property=\"og:image:height\" content=\"616\" \/>\n\t<meta property=\"og:image:type\" content=\"image\/jpeg\" \/>\n<meta name=\"author\" content=\"Radio Ljubu\u0161ki\" \/>\n<meta name=\"twitter:card\" content=\"summary_large_image\" \/>\n<meta name=\"twitter:creator\" content=\"@radioljubuski\" \/>\n<meta name=\"twitter:site\" content=\"@radioljubuski\" \/>\n<meta name=\"twitter:label1\" content=\"Napisao\/la\" \/>\n\t<meta name=\"twitter:data1\" content=\"Radio Ljubu\u0161ki\" \/>\n\t<meta name=\"twitter:label2\" content=\"Procijenjeno vrijeme \u010ditanja\" \/>\n\t<meta name=\"twitter:data2\" content=\"2 minute\" \/>\n<script type=\"application\/ld+json\" class=\"yoast-schema-graph\">{\"@context\":\"https:\\\/\\\/schema.org\",\"@graph\":[{\"@type\":\"Article\",\"@id\":\"https:\\\/\\\/radioljubuski.ba\\\/index.php\\\/2021\\\/10\\\/13\\\/covic-i-sejdic-razgovarali-o-izmjenama-izbornog-zakona\\\/#article\",\"isPartOf\":{\"@id\":\"https:\\\/\\\/radioljubuski.ba\\\/index.php\\\/2021\\\/10\\\/13\\\/covic-i-sejdic-razgovarali-o-izmjenama-izbornog-zakona\\\/\"},\"author\":{\"name\":\"Radio Ljubu\u0161ki\",\"@id\":\"https:\\\/\\\/radioljubuski.ba\\\/#\\\/schema\\\/person\\\/19fc700381a780f69665d7956c469e3b\"},\"headline\":\"\u010covi\u0107 i Sejdi\u0107 razgovarali o izmjenama Izbornog zakona\",\"datePublished\":\"2021-10-13T16:57:02+00:00\",\"dateModified\":\"2021-10-13T16:57:03+00:00\",\"mainEntityOfPage\":{\"@id\":\"https:\\\/\\\/radioljubuski.ba\\\/index.php\\\/2021\\\/10\\\/13\\\/covic-i-sejdic-razgovarali-o-izmjenama-izbornog-zakona\\\/\"},\"wordCount\":270,\"publisher\":{\"@id\":\"https:\\\/\\\/radioljubuski.ba\\\/#organization\"},\"image\":{\"@id\":\"https:\\\/\\\/radioljubuski.ba\\\/index.php\\\/2021\\\/10\\\/13\\\/covic-i-sejdic-razgovarali-o-izmjenama-izbornog-zakona\\\/#primaryimage\"},\"thumbnailUrl\":\"https:\\\/\\\/radioljubuski.ba\\\/wp-content\\\/uploads\\\/2021\\\/10\\\/FBkTzKdXoAMyXL2-e1634122094482.jpg\",\"articleSection\":[\"BIH i regija\"],\"inLanguage\":\"hr\"},{\"@type\":\"WebPage\",\"@id\":\"https:\\\/\\\/radioljubuski.ba\\\/index.php\\\/2021\\\/10\\\/13\\\/covic-i-sejdic-razgovarali-o-izmjenama-izbornog-zakona\\\/\",\"url\":\"https:\\\/\\\/radioljubuski.ba\\\/index.php\\\/2021\\\/10\\\/13\\\/covic-i-sejdic-razgovarali-o-izmjenama-izbornog-zakona\\\/\",\"name\":\"\u010covi\u0107 i Sejdi\u0107 razgovarali o izmjenama Izbornog zakona - RADIO LJUBU\u0160KI\",\"isPartOf\":{\"@id\":\"https:\\\/\\\/radioljubuski.ba\\\/#website\"},\"primaryImageOfPage\":{\"@id\":\"https:\\\/\\\/radioljubuski.ba\\\/index.php\\\/2021\\\/10\\\/13\\\/covic-i-sejdic-razgovarali-o-izmjenama-izbornog-zakona\\\/#primaryimage\"},\"image\":{\"@id\":\"https:\\\/\\\/radioljubuski.ba\\\/index.php\\\/2021\\\/10\\\/13\\\/covic-i-sejdic-razgovarali-o-izmjenama-izbornog-zakona\\\/#primaryimage\"},\"thumbnailUrl\":\"https:\\\/\\\/radioljubuski.ba\\\/wp-content\\\/uploads\\\/2021\\\/10\\\/FBkTzKdXoAMyXL2-e1634122094482.jpg\",\"datePublished\":\"2021-10-13T16:57:02+00:00\",\"dateModified\":\"2021-10-13T16:57:03+00:00\",\"breadcrumb\":{\"@id\":\"https:\\\/\\\/radioljubuski.ba\\\/index.php\\\/2021\\\/10\\\/13\\\/covic-i-sejdic-razgovarali-o-izmjenama-izbornog-zakona\\\/#breadcrumb\"},\"inLanguage\":\"hr\",\"potentialAction\":[{\"@type\":\"ReadAction\",\"target\":[\"https:\\\/\\\/radioljubuski.ba\\\/index.php\\\/2021\\\/10\\\/13\\\/covic-i-sejdic-razgovarali-o-izmjenama-izbornog-zakona\\\/\"]}]},{\"@type\":\"ImageObject\",\"inLanguage\":\"hr\",\"@id\":\"https:\\\/\\\/radioljubuski.ba\\\/index.php\\\/2021\\\/10\\\/13\\\/covic-i-sejdic-razgovarali-o-izmjenama-izbornog-zakona\\\/#primaryimage\",\"url\":\"https:\\\/\\\/radioljubuski.ba\\\/wp-content\\\/uploads\\\/2021\\\/10\\\/FBkTzKdXoAMyXL2-e1634122094482.jpg\",\"contentUrl\":\"https:\\\/\\\/radioljubuski.ba\\\/wp-content\\\/uploads\\\/2021\\\/10\\\/FBkTzKdXoAMyXL2-e1634122094482.jpg\",\"width\":1024,\"height\":616},{\"@type\":\"BreadcrumbList\",\"@id\":\"https:\\\/\\\/radioljubuski.ba\\\/index.php\\\/2021\\\/10\\\/13\\\/covic-i-sejdic-razgovarali-o-izmjenama-izbornog-zakona\\\/#breadcrumb\",\"itemListElement\":[{\"@type\":\"ListItem\",\"position\":1,\"name\":\"Po\u010detna stranica\",\"item\":\"https:\\\/\\\/radioljubuski.ba\\\/\"},{\"@type\":\"ListItem\",\"position\":2,\"name\":\"\u010covi\u0107 i Sejdi\u0107 razgovarali o izmjenama Izbornog zakona\"}]},{\"@type\":\"WebSite\",\"@id\":\"https:\\\/\\\/radioljubuski.ba\\\/#website\",\"url\":\"https:\\\/\\\/radioljubuski.ba\\\/\",\"name\":\"Radio Ljubu\u0161ki\",\"description\":\"Sun\u010dana frekvencija Hercegovine\",\"publisher\":{\"@id\":\"https:\\\/\\\/radioljubuski.ba\\\/#organization\"},\"potentialAction\":[{\"@type\":\"SearchAction\",\"target\":{\"@type\":\"EntryPoint\",\"urlTemplate\":\"https:\\\/\\\/radioljubuski.ba\\\/?s={search_term_string}\"},\"query-input\":{\"@type\":\"PropertyValueSpecification\",\"valueRequired\":true,\"valueName\":\"search_term_string\"}}],\"inLanguage\":\"hr\"},{\"@type\":\"Organization\",\"@id\":\"https:\\\/\\\/radioljubuski.ba\\\/#organization\",\"name\":\"Radio Ljubu\u0161ki\",\"url\":\"https:\\\/\\\/radioljubuski.ba\\\/\",\"logo\":{\"@type\":\"ImageObject\",\"inLanguage\":\"hr\",\"@id\":\"https:\\\/\\\/radioljubuski.ba\\\/#\\\/schema\\\/logo\\\/image\\\/\",\"url\":\"https:\\\/\\\/radioljubuski.ba\\\/wp-content\\\/uploads\\\/2021\\\/02\\\/cropped-Radio_Ljubuski_logo1.jpg\",\"contentUrl\":\"https:\\\/\\\/radioljubuski.ba\\\/wp-content\\\/uploads\\\/2021\\\/02\\\/cropped-Radio_Ljubuski_logo1.jpg\",\"width\":512,\"height\":512,\"caption\":\"Radio Ljubu\u0161ki\"},\"image\":{\"@id\":\"https:\\\/\\\/radioljubuski.ba\\\/#\\\/schema\\\/logo\\\/image\\\/\"},\"sameAs\":[\"https:\\\/\\\/www.facebook.com\\\/Radiio-Ljubuski-1490835324566332\",\"https:\\\/\\\/x.com\\\/radioljubuski\",\"https:\\\/\\\/hr.linkedin.com\\\/company\\\/radio-ljubuski\",\"https:\\\/\\\/www.youtube.com\\\/channel\\\/UCHYaeO_n0Db3tjNGudGpXyw\"]},{\"@type\":\"Person\",\"@id\":\"https:\\\/\\\/radioljubuski.ba\\\/#\\\/schema\\\/person\\\/19fc700381a780f69665d7956c469e3b\",\"name\":\"Radio Ljubu\u0161ki\"}]}<\/script>\n<!-- \/ Yoast SEO plugin. -->","yoast_head_json":{"title":"\u010covi\u0107 i Sejdi\u0107 razgovarali o izmjenama Izbornog zakona - RADIO LJUBU\u0160KI","robots":{"index":"index","follow":"follow","max-snippet":"max-snippet:-1","max-image-preview":"max-image-preview:large","max-video-preview":"max-video-preview:-1"},"canonical":"https:\/\/radioljubuski.ba\/index.php\/2021\/10\/13\/covic-i-sejdic-razgovarali-o-izmjenama-izbornog-zakona\/","og_locale":"hr_HR","og_type":"article","og_title":"\u010covi\u0107 i Sejdi\u0107 razgovarali o izmjenama Izbornog zakona - RADIO LJUBU\u0160KI","og_description":"Dragan \u010covi\u0107, predsjednik HDZ-a BiH i HNS-a, i Dervo Sejdi\u0107, i predsjednik Romskog informativnog centra danas su u Sarajevu razgovarali o izmjenama Izbornog zakona. Javnost je o ovome obavijestio \u010covi\u0107 na svom Twitter profilu. \u201cUgodan razgovor s gospodinom Sejdi\u0107em: anomalije, preglasavanja, nametanja i diskriminacija kona\u010dno se moraju ukloniti iz izbornog sustava. Europski korak naprijed podrazumijeva [&hellip;]","og_url":"https:\/\/radioljubuski.ba\/index.php\/2021\/10\/13\/covic-i-sejdic-razgovarali-o-izmjenama-izbornog-zakona\/","og_site_name":"RADIO LJUBU\u0160KI","article_publisher":"https:\/\/www.facebook.com\/Radiio-Ljubuski-1490835324566332","article_published_time":"2021-10-13T16:57:02+00:00","article_modified_time":"2021-10-13T16:57:03+00:00","og_image":[{"width":1024,"height":616,"url":"https:\/\/radioljubuski.ba\/wp-content\/uploads\/2021\/10\/FBkTzKdXoAMyXL2-e1634122094482.jpg","type":"image\/jpeg"}],"author":"Radio Ljubu\u0161ki","twitter_card":"summary_large_image","twitter_creator":"@radioljubuski","twitter_site":"@radioljubuski","twitter_misc":{"Napisao\/la":"Radio Ljubu\u0161ki","Procijenjeno vrijeme \u010ditanja":"2 minute"},"schema":{"@context":"https:\/\/schema.org","@graph":[{"@type":"Article","@id":"https:\/\/radioljubuski.ba\/index.php\/2021\/10\/13\/covic-i-sejdic-razgovarali-o-izmjenama-izbornog-zakona\/#article","isPartOf":{"@id":"https:\/\/radioljubuski.ba\/index.php\/2021\/10\/13\/covic-i-sejdic-razgovarali-o-izmjenama-izbornog-zakona\/"},"author":{"name":"Radio Ljubu\u0161ki","@id":"https:\/\/radioljubuski.ba\/#\/schema\/person\/19fc700381a780f69665d7956c469e3b"},"headline":"\u010covi\u0107 i Sejdi\u0107 razgovarali o izmjenama Izbornog zakona","datePublished":"2021-10-13T16:57:02+00:00","dateModified":"2021-10-13T16:57:03+00:00","mainEntityOfPage":{"@id":"https:\/\/radioljubuski.ba\/index.php\/2021\/10\/13\/covic-i-sejdic-razgovarali-o-izmjenama-izbornog-zakona\/"},"wordCount":270,"publisher":{"@id":"https:\/\/radioljubuski.ba\/#organization"},"image":{"@id":"https:\/\/radioljubuski.ba\/index.php\/2021\/10\/13\/covic-i-sejdic-razgovarali-o-izmjenama-izbornog-zakona\/#primaryimage"},"thumbnailUrl":"https:\/\/radioljubuski.ba\/wp-content\/uploads\/2021\/10\/FBkTzKdXoAMyXL2-e1634122094482.jpg","articleSection":["BIH i regija"],"inLanguage":"hr"},{"@type":"WebPage","@id":"https:\/\/radioljubuski.ba\/index.php\/2021\/10\/13\/covic-i-sejdic-razgovarali-o-izmjenama-izbornog-zakona\/","url":"https:\/\/radioljubuski.ba\/index.php\/2021\/10\/13\/covic-i-sejdic-razgovarali-o-izmjenama-izbornog-zakona\/","name":"\u010covi\u0107 i Sejdi\u0107 razgovarali o izmjenama Izbornog zakona - RADIO LJUBU\u0160KI","isPartOf":{"@id":"https:\/\/radioljubuski.ba\/#website"},"primaryImageOfPage":{"@id":"https:\/\/radioljubuski.ba\/index.php\/2021\/10\/13\/covic-i-sejdic-razgovarali-o-izmjenama-izbornog-zakona\/#primaryimage"},"image":{"@id":"https:\/\/radioljubuski.ba\/index.php\/2021\/10\/13\/covic-i-sejdic-razgovarali-o-izmjenama-izbornog-zakona\/#primaryimage"},"thumbnailUrl":"https:\/\/radioljubuski.ba\/wp-content\/uploads\/2021\/10\/FBkTzKdXoAMyXL2-e1634122094482.jpg","datePublished":"2021-10-13T16:57:02+00:00","dateModified":"2021-10-13T16:57:03+00:00","breadcrumb":{"@id":"https:\/\/radioljubuski.ba\/index.php\/2021\/10\/13\/covic-i-sejdic-razgovarali-o-izmjenama-izbornog-zakona\/#breadcrumb"},"inLanguage":"hr","potentialAction":[{"@type":"ReadAction","target":["https:\/\/radioljubuski.ba\/index.php\/2021\/10\/13\/covic-i-sejdic-razgovarali-o-izmjenama-izbornog-zakona\/"]}]},{"@type":"ImageObject","inLanguage":"hr","@id":"https:\/\/radioljubuski.ba\/index.php\/2021\/10\/13\/covic-i-sejdic-razgovarali-o-izmjenama-izbornog-zakona\/#primaryimage","url":"https:\/\/radioljubuski.ba\/wp-content\/uploads\/2021\/10\/FBkTzKdXoAMyXL2-e1634122094482.jpg","contentUrl":"https:\/\/radioljubuski.ba\/wp-content\/uploads\/2021\/10\/FBkTzKdXoAMyXL2-e1634122094482.jpg","width":1024,"height":616},{"@type":"BreadcrumbList","@id":"https:\/\/radioljubuski.ba\/index.php\/2021\/10\/13\/covic-i-sejdic-razgovarali-o-izmjenama-izbornog-zakona\/#breadcrumb","itemListElement":[{"@type":"ListItem","position":1,"name":"Po\u010detna stranica","item":"https:\/\/radioljubuski.ba\/"},{"@type":"ListItem","position":2,"name":"\u010covi\u0107 i Sejdi\u0107 razgovarali o izmjenama Izbornog zakona"}]},{"@type":"WebSite","@id":"https:\/\/radioljubuski.ba\/#website","url":"https:\/\/radioljubuski.ba\/","name":"Radio Ljubu\u0161ki","description":"Sun\u010dana frekvencija Hercegovine","publisher":{"@id":"https:\/\/radioljubuski.ba\/#organization"},"potentialAction":[{"@type":"SearchAction","target":{"@type":"EntryPoint","urlTemplate":"https:\/\/radioljubuski.ba\/?s={search_term_string}"},"query-input":{"@type":"PropertyValueSpecification","valueRequired":true,"valueName":"search_term_string"}}],"inLanguage":"hr"},{"@type":"Organization","@id":"https:\/\/radioljubuski.ba\/#organization","name":"Radio Ljubu\u0161ki","url":"https:\/\/radioljubuski.ba\/","logo":{"@type":"ImageObject","inLanguage":"hr","@id":"https:\/\/radioljubuski.ba\/#\/schema\/logo\/image\/","url":"https:\/\/radioljubuski.ba\/wp-content\/uploads\/2021\/02\/cropped-Radio_Ljubuski_logo1.jpg","contentUrl":"https:\/\/radioljubuski.ba\/wp-content\/uploads\/2021\/02\/cropped-Radio_Ljubuski_logo1.jpg","width":512,"height":512,"caption":"Radio Ljubu\u0161ki"},"image":{"@id":"https:\/\/radioljubuski.ba\/#\/schema\/logo\/image\/"},"sameAs":["https:\/\/www.facebook.com\/Radiio-Ljubuski-1490835324566332","https:\/\/x.com\/radioljubuski","https:\/\/hr.linkedin.com\/company\/radio-ljubuski","https:\/\/www.youtube.com\/channel\/UCHYaeO_n0Db3tjNGudGpXyw"]},{"@type":"Person","@id":"https:\/\/radioljubuski.ba\/#\/schema\/person\/19fc700381a780f69665d7956c469e3b","name":"Radio Ljubu\u0161ki"}]}},"_links":{"self":[{"href":"https:\/\/radioljubuski.ba\/index.php\/wp-json\/wp\/v2\/posts\/75162","targetHints":{"allow":["GET"]}}],"collection":[{"href":"https:\/\/radioljubuski.ba\/index.php\/wp-json\/wp\/v2\/posts"}],"about":[{"href":"https:\/\/radioljubuski.ba\/index.php\/wp-json\/wp\/v2\/types\/post"}],"author":[{"embeddable":true,"href":"https:\/\/radioljubuski.ba\/index.php\/wp-json\/wp\/v2\/users\/2"}],"replies":[{"embeddable":true,"href":"https:\/\/radioljubuski.ba\/index.php\/wp-json\/wp\/v2\/comments?post=75162"}],"version-history":[{"count":1,"href":"https:\/\/radioljubuski.ba\/index.php\/wp-json\/wp\/v2\/posts\/75162\/revisions"}],"predecessor-version":[{"id":75164,"href":"https:\/\/radioljubuski.ba\/index.php\/wp-json\/wp\/v2\/posts\/75162\/revisions\/75164"}],"wp:featuredmedia":[{"embeddable":true,"href":"https:\/\/radioljubuski.ba\/index.php\/wp-json\/wp\/v2\/media\/75163"}],"wp:attachment":[{"href":"https:\/\/radioljubuski.ba\/index.php\/wp-json\/wp\/v2\/media?parent=75162"}],"wp:term":[{"taxonomy":"category","embeddable":true,"href":"https:\/\/radioljubuski.ba\/index.php\/wp-json\/wp\/v2\/categories?post=75162"},{"taxonomy":"post_tag","embeddable":true,"href":"https:\/\/radioljubuski.ba\/index.php\/wp-json\/wp\/v2\/tags?post=75162"}],"curies":[{"name":"wp","href":"https:\/\/api.w.org\/{rel}","templated":true}]}}