{"id":75170,"date":"2021-10-13T18:02:05","date_gmt":"2021-10-13T17:02:05","guid":{"rendered":"https:\/\/radioljubuski.ba\/?p=75170"},"modified":"2021-10-13T18:02:05","modified_gmt":"2021-10-13T17:02:05","slug":"covic-nakon-kave-u-parlamentu-nikad-nismo-bili-u-goroj-politickoj-situaciji-od-daytona","status":"publish","type":"post","link":"https:\/\/radioljubuski.ba\/index.php\/2021\/10\/13\/covic-nakon-kave-u-parlamentu-nikad-nismo-bili-u-goroj-politickoj-situaciji-od-daytona\/","title":{"rendered":"\u010covi\u0107 nakon kave u Parlamentu: Nikad nismo bili u goroj politi\u010dkoj situaciji od Daytona"},"content":{"rendered":"\n<p>Zamjenik predsjedavaju\u0107eg Doma naroda Parlamenta BiH i predsjednik HDZ-a osvrnuo se na dana\u0161nji susret sa predsjedavaju\u0107im Doma naroda Bakirom Izetbegovi\u0107em (SDA) i jo\u0161 zamjenikom ovog doma Nikolom \u0160piri\u0107em (SNSD).<\/p>\n\n\n\n<p>Njih trojica danas su razgovarali o eventualnoj deblokadi rada ove zakonodavne institucije. Upitan \u0161to je zaklju\u010dak dana\u0161njeg susreta, odgovorio je da je zaklju\u010dak da nikada nismo bili u ve\u0107oj politi\u010dkoj situaciji od potpisivanja Daytonskog mirovnog sporazuma.<\/p>\n\n\n\n<p>Komentirao je najavu \u010dlana Predsjedni\u0161tva Bosne i Hercegovine i predsjednika SNSD-a Milorada Dodika da \u0107e Republika Srpska onemogu\u0107iti djelovanje SIPA-e u ovom entitetu, da ne\u0107e vi\u0161e sudjelovati u radu Uprave za neizravno oporezivanje (UNO), da \u0107e osnovati svoju obavje\u0161tajnu agenciju te da \u0107e uskratiti suglasnost za postojanje Visokog sudskog i tu\u017eiteljskog vije\u0107a (VSTV) i Oru\u017eanih snaga (OS).<\/p>\n\n\n\n<p>&#8220;Republika Srpska, kao i Federacija BiH, je do zavidne razine samostalna. To je Dayton, Aneks 4 jasno definirao. Moja molba svima koji vole Bosnu i Hercegovinu jeste da \u010ditaju Ustav. Ustav je Ustav i \u010dini se da \u0107emo ga te\u0161ko promijeniti&#8221;, ocijenio je \u010covi\u0107.<\/p>\n\n\n\n<p>Obrazlo\u017eio je svoje vi\u0111enje pitanje etni\u010dkog identiteta u Ustavu Bosne i Hercegovine. Potcrtao je da se politi\u010dki predstavnici Hrvata, kako je izjavio, ne\u0107e dozvoliti brisanje konstitutivnih naroda iz Ustava.<\/p>\n\n\n\n<p>&#8220;Rekao sam vi\u0161e puta da se etni\u010dki predznak mo\u017ee brisati. To nije etni\u010dka odrednica. Ne vidim etni\u010dke predznake u Ustavu. Postoji jasna odrednica konstitutivnih naroda. Ako \u0107e se u to dirati, onda se Ustav mora mijenjati. Nijedan predstavnik hrvatskog naroda ne\u0107e dozvoliti da se konstitutivni narodi izbri\u0161u iz Ustava&#8221;, naglasio je, prenosi Klix.<\/p>\n\n\n\n<p>Izetbegovi\u0107 je nakon ovog sastanka poru\u010dio Dodiku da njegove najave nisu provodive te da je spreman razgovarati s njim, kako je rekao, jedan na jedan. \u0160piri\u0107 je ocijenio da je dana\u0161nji razgovor bio &#8220;drugarski&#8221;.<\/p>\n\n\n\n<p>Dodik uvjetuje razgovor s Izetbegovi\u0107em o rje\u0161avanju klju\u010dnih problema time da u njima ne posreduju me\u0111unarodni du\u017enosnici. Izetbegovi\u0107 mu je odgovorio da na to ne\u0107e pristati ocijeniv\u0161i da Ured visokog predstavnika (OHR) postoji da bi rje\u0161avao va\u017ena pitanja.<\/p>\n\n\n\n<p>Izvor:pogled.ba<\/p>\n","protected":false},"excerpt":{"rendered":"<p>Zamjenik predsjedavaju\u0107eg Doma naroda Parlamenta BiH i predsjednik HDZ-a osvrnuo se na dana\u0161nji susret sa predsjedavaju\u0107im Doma naroda Bakirom Izetbegovi\u0107em (SDA) i jo\u0161 zamjenikom ovog doma Nikolom \u0160piri\u0107em (SNSD). Njih trojica danas su razgovarali o eventualnoj deblokadi rada ove zakonodavne institucije. Upitan \u0161to je zaklju\u010dak dana\u0161njeg susreta, odgovorio je da je zaklju\u010dak da nikada nismo [&hellip;]<\/p>\n","protected":false},"author":2,"featured_media":1254,"comment_status":"closed","ping_status":"closed","sticky":false,"template":"","format":"standard","meta":{"h5ap_radio_sources":[],"footnotes":""},"categories":[1],"tags":[],"class_list":["post-75170","post","type-post","status-publish","format-standard","has-post-thumbnail","hentry","category-bihiregija"],"yoast_head":"<!-- This site is optimized with the Yoast SEO plugin v27.4 - https:\/\/yoast.com\/product\/yoast-seo-wordpress\/ -->\n<title>\u010covi\u0107 nakon kave u Parlamentu: Nikad nismo bili u goroj politi\u010dkoj situaciji od Daytona - RADIO LJUBU\u0160KI<\/title>\n<meta name=\"robots\" content=\"index, follow, max-snippet:-1, max-image-preview:large, max-video-preview:-1\" \/>\n<link rel=\"canonical\" href=\"https:\/\/radioljubuski.ba\/index.php\/2021\/10\/13\/covic-nakon-kave-u-parlamentu-nikad-nismo-bili-u-goroj-politickoj-situaciji-od-daytona\/\" \/>\n<meta property=\"og:locale\" content=\"hr_HR\" \/>\n<meta property=\"og:type\" content=\"article\" \/>\n<meta property=\"og:title\" content=\"\u010covi\u0107 nakon kave u Parlamentu: Nikad nismo bili u goroj politi\u010dkoj situaciji od Daytona - RADIO LJUBU\u0160KI\" \/>\n<meta property=\"og:description\" content=\"Zamjenik predsjedavaju\u0107eg Doma naroda Parlamenta BiH i predsjednik HDZ-a osvrnuo se na dana\u0161nji susret sa predsjedavaju\u0107im Doma naroda Bakirom Izetbegovi\u0107em (SDA) i jo\u0161 zamjenikom ovog doma Nikolom \u0160piri\u0107em (SNSD). Njih trojica danas su razgovarali o eventualnoj deblokadi rada ove zakonodavne institucije. Upitan \u0161to je zaklju\u010dak dana\u0161njeg susreta, odgovorio je da je zaklju\u010dak da nikada nismo [&hellip;]\" \/>\n<meta property=\"og:url\" content=\"https:\/\/radioljubuski.ba\/index.php\/2021\/10\/13\/covic-nakon-kave-u-parlamentu-nikad-nismo-bili-u-goroj-politickoj-situaciji-od-daytona\/\" \/>\n<meta property=\"og:site_name\" content=\"RADIO LJUBU\u0160KI\" \/>\n<meta property=\"article:publisher\" content=\"https:\/\/www.facebook.com\/Radiio-Ljubuski-1490835324566332\" \/>\n<meta property=\"article:published_time\" content=\"2021-10-13T17:02:05+00:00\" \/>\n<meta property=\"og:image\" content=\"https:\/\/radioljubuski.ba\/wp-content\/uploads\/2021\/03\/covic2.jpg\" \/>\n\t<meta property=\"og:image:width\" content=\"738\" \/>\n\t<meta property=\"og:image:height\" content=\"492\" \/>\n\t<meta property=\"og:image:type\" content=\"image\/jpeg\" \/>\n<meta name=\"author\" content=\"Radio Ljubu\u0161ki\" \/>\n<meta name=\"twitter:card\" content=\"summary_large_image\" \/>\n<meta name=\"twitter:creator\" content=\"@radioljubuski\" \/>\n<meta name=\"twitter:site\" content=\"@radioljubuski\" \/>\n<meta name=\"twitter:label1\" content=\"Napisao\/la\" \/>\n\t<meta name=\"twitter:data1\" content=\"Radio Ljubu\u0161ki\" \/>\n\t<meta name=\"twitter:label2\" content=\"Procijenjeno vrijeme \u010ditanja\" \/>\n\t<meta name=\"twitter:data2\" content=\"2 minute\" \/>\n<script type=\"application\/ld+json\" class=\"yoast-schema-graph\">{\"@context\":\"https:\\\/\\\/schema.org\",\"@graph\":[{\"@type\":\"Article\",\"@id\":\"https:\\\/\\\/radioljubuski.ba\\\/index.php\\\/2021\\\/10\\\/13\\\/covic-nakon-kave-u-parlamentu-nikad-nismo-bili-u-goroj-politickoj-situaciji-od-daytona\\\/#article\",\"isPartOf\":{\"@id\":\"https:\\\/\\\/radioljubuski.ba\\\/index.php\\\/2021\\\/10\\\/13\\\/covic-nakon-kave-u-parlamentu-nikad-nismo-bili-u-goroj-politickoj-situaciji-od-daytona\\\/\"},\"author\":{\"name\":\"Radio Ljubu\u0161ki\",\"@id\":\"https:\\\/\\\/radioljubuski.ba\\\/#\\\/schema\\\/person\\\/19fc700381a780f69665d7956c469e3b\"},\"headline\":\"\u010covi\u0107 nakon kave u Parlamentu: Nikad nismo bili u goroj politi\u010dkoj situaciji od Daytona\",\"datePublished\":\"2021-10-13T17:02:05+00:00\",\"mainEntityOfPage\":{\"@id\":\"https:\\\/\\\/radioljubuski.ba\\\/index.php\\\/2021\\\/10\\\/13\\\/covic-nakon-kave-u-parlamentu-nikad-nismo-bili-u-goroj-politickoj-situaciji-od-daytona\\\/\"},\"wordCount\":379,\"publisher\":{\"@id\":\"https:\\\/\\\/radioljubuski.ba\\\/#organization\"},\"image\":{\"@id\":\"https:\\\/\\\/radioljubuski.ba\\\/index.php\\\/2021\\\/10\\\/13\\\/covic-nakon-kave-u-parlamentu-nikad-nismo-bili-u-goroj-politickoj-situaciji-od-daytona\\\/#primaryimage\"},\"thumbnailUrl\":\"https:\\\/\\\/radioljubuski.ba\\\/wp-content\\\/uploads\\\/2021\\\/03\\\/covic2.jpg\",\"articleSection\":[\"BIH i regija\"],\"inLanguage\":\"hr\"},{\"@type\":\"WebPage\",\"@id\":\"https:\\\/\\\/radioljubuski.ba\\\/index.php\\\/2021\\\/10\\\/13\\\/covic-nakon-kave-u-parlamentu-nikad-nismo-bili-u-goroj-politickoj-situaciji-od-daytona\\\/\",\"url\":\"https:\\\/\\\/radioljubuski.ba\\\/index.php\\\/2021\\\/10\\\/13\\\/covic-nakon-kave-u-parlamentu-nikad-nismo-bili-u-goroj-politickoj-situaciji-od-daytona\\\/\",\"name\":\"\u010covi\u0107 nakon kave u Parlamentu: Nikad nismo bili u goroj politi\u010dkoj situaciji od Daytona - RADIO LJUBU\u0160KI\",\"isPartOf\":{\"@id\":\"https:\\\/\\\/radioljubuski.ba\\\/#website\"},\"primaryImageOfPage\":{\"@id\":\"https:\\\/\\\/radioljubuski.ba\\\/index.php\\\/2021\\\/10\\\/13\\\/covic-nakon-kave-u-parlamentu-nikad-nismo-bili-u-goroj-politickoj-situaciji-od-daytona\\\/#primaryimage\"},\"image\":{\"@id\":\"https:\\\/\\\/radioljubuski.ba\\\/index.php\\\/2021\\\/10\\\/13\\\/covic-nakon-kave-u-parlamentu-nikad-nismo-bili-u-goroj-politickoj-situaciji-od-daytona\\\/#primaryimage\"},\"thumbnailUrl\":\"https:\\\/\\\/radioljubuski.ba\\\/wp-content\\\/uploads\\\/2021\\\/03\\\/covic2.jpg\",\"datePublished\":\"2021-10-13T17:02:05+00:00\",\"breadcrumb\":{\"@id\":\"https:\\\/\\\/radioljubuski.ba\\\/index.php\\\/2021\\\/10\\\/13\\\/covic-nakon-kave-u-parlamentu-nikad-nismo-bili-u-goroj-politickoj-situaciji-od-daytona\\\/#breadcrumb\"},\"inLanguage\":\"hr\",\"potentialAction\":[{\"@type\":\"ReadAction\",\"target\":[\"https:\\\/\\\/radioljubuski.ba\\\/index.php\\\/2021\\\/10\\\/13\\\/covic-nakon-kave-u-parlamentu-nikad-nismo-bili-u-goroj-politickoj-situaciji-od-daytona\\\/\"]}]},{\"@type\":\"ImageObject\",\"inLanguage\":\"hr\",\"@id\":\"https:\\\/\\\/radioljubuski.ba\\\/index.php\\\/2021\\\/10\\\/13\\\/covic-nakon-kave-u-parlamentu-nikad-nismo-bili-u-goroj-politickoj-situaciji-od-daytona\\\/#primaryimage\",\"url\":\"https:\\\/\\\/radioljubuski.ba\\\/wp-content\\\/uploads\\\/2021\\\/03\\\/covic2.jpg\",\"contentUrl\":\"https:\\\/\\\/radioljubuski.ba\\\/wp-content\\\/uploads\\\/2021\\\/03\\\/covic2.jpg\",\"width\":738,\"height\":492},{\"@type\":\"BreadcrumbList\",\"@id\":\"https:\\\/\\\/radioljubuski.ba\\\/index.php\\\/2021\\\/10\\\/13\\\/covic-nakon-kave-u-parlamentu-nikad-nismo-bili-u-goroj-politickoj-situaciji-od-daytona\\\/#breadcrumb\",\"itemListElement\":[{\"@type\":\"ListItem\",\"position\":1,\"name\":\"Po\u010detna stranica\",\"item\":\"https:\\\/\\\/radioljubuski.ba\\\/\"},{\"@type\":\"ListItem\",\"position\":2,\"name\":\"\u010covi\u0107 nakon kave u Parlamentu: Nikad nismo bili u goroj politi\u010dkoj situaciji od Daytona\"}]},{\"@type\":\"WebSite\",\"@id\":\"https:\\\/\\\/radioljubuski.ba\\\/#website\",\"url\":\"https:\\\/\\\/radioljubuski.ba\\\/\",\"name\":\"Radio Ljubu\u0161ki\",\"description\":\"Sun\u010dana frekvencija Hercegovine\",\"publisher\":{\"@id\":\"https:\\\/\\\/radioljubuski.ba\\\/#organization\"},\"potentialAction\":[{\"@type\":\"SearchAction\",\"target\":{\"@type\":\"EntryPoint\",\"urlTemplate\":\"https:\\\/\\\/radioljubuski.ba\\\/?s={search_term_string}\"},\"query-input\":{\"@type\":\"PropertyValueSpecification\",\"valueRequired\":true,\"valueName\":\"search_term_string\"}}],\"inLanguage\":\"hr\"},{\"@type\":\"Organization\",\"@id\":\"https:\\\/\\\/radioljubuski.ba\\\/#organization\",\"name\":\"Radio Ljubu\u0161ki\",\"url\":\"https:\\\/\\\/radioljubuski.ba\\\/\",\"logo\":{\"@type\":\"ImageObject\",\"inLanguage\":\"hr\",\"@id\":\"https:\\\/\\\/radioljubuski.ba\\\/#\\\/schema\\\/logo\\\/image\\\/\",\"url\":\"https:\\\/\\\/radioljubuski.ba\\\/wp-content\\\/uploads\\\/2021\\\/02\\\/cropped-Radio_Ljubuski_logo1.jpg\",\"contentUrl\":\"https:\\\/\\\/radioljubuski.ba\\\/wp-content\\\/uploads\\\/2021\\\/02\\\/cropped-Radio_Ljubuski_logo1.jpg\",\"width\":512,\"height\":512,\"caption\":\"Radio Ljubu\u0161ki\"},\"image\":{\"@id\":\"https:\\\/\\\/radioljubuski.ba\\\/#\\\/schema\\\/logo\\\/image\\\/\"},\"sameAs\":[\"https:\\\/\\\/www.facebook.com\\\/Radiio-Ljubuski-1490835324566332\",\"https:\\\/\\\/x.com\\\/radioljubuski\",\"https:\\\/\\\/hr.linkedin.com\\\/company\\\/radio-ljubuski\",\"https:\\\/\\\/www.youtube.com\\\/channel\\\/UCHYaeO_n0Db3tjNGudGpXyw\"]},{\"@type\":\"Person\",\"@id\":\"https:\\\/\\\/radioljubuski.ba\\\/#\\\/schema\\\/person\\\/19fc700381a780f69665d7956c469e3b\",\"name\":\"Radio Ljubu\u0161ki\"}]}<\/script>\n<!-- \/ Yoast SEO plugin. -->","yoast_head_json":{"title":"\u010covi\u0107 nakon kave u Parlamentu: Nikad nismo bili u goroj politi\u010dkoj situaciji od Daytona - RADIO LJUBU\u0160KI","robots":{"index":"index","follow":"follow","max-snippet":"max-snippet:-1","max-image-preview":"max-image-preview:large","max-video-preview":"max-video-preview:-1"},"canonical":"https:\/\/radioljubuski.ba\/index.php\/2021\/10\/13\/covic-nakon-kave-u-parlamentu-nikad-nismo-bili-u-goroj-politickoj-situaciji-od-daytona\/","og_locale":"hr_HR","og_type":"article","og_title":"\u010covi\u0107 nakon kave u Parlamentu: Nikad nismo bili u goroj politi\u010dkoj situaciji od Daytona - RADIO LJUBU\u0160KI","og_description":"Zamjenik predsjedavaju\u0107eg Doma naroda Parlamenta BiH i predsjednik HDZ-a osvrnuo se na dana\u0161nji susret sa predsjedavaju\u0107im Doma naroda Bakirom Izetbegovi\u0107em (SDA) i jo\u0161 zamjenikom ovog doma Nikolom \u0160piri\u0107em (SNSD). Njih trojica danas su razgovarali o eventualnoj deblokadi rada ove zakonodavne institucije. Upitan \u0161to je zaklju\u010dak dana\u0161njeg susreta, odgovorio je da je zaklju\u010dak da nikada nismo [&hellip;]","og_url":"https:\/\/radioljubuski.ba\/index.php\/2021\/10\/13\/covic-nakon-kave-u-parlamentu-nikad-nismo-bili-u-goroj-politickoj-situaciji-od-daytona\/","og_site_name":"RADIO LJUBU\u0160KI","article_publisher":"https:\/\/www.facebook.com\/Radiio-Ljubuski-1490835324566332","article_published_time":"2021-10-13T17:02:05+00:00","og_image":[{"width":738,"height":492,"url":"https:\/\/radioljubuski.ba\/wp-content\/uploads\/2021\/03\/covic2.jpg","type":"image\/jpeg"}],"author":"Radio Ljubu\u0161ki","twitter_card":"summary_large_image","twitter_creator":"@radioljubuski","twitter_site":"@radioljubuski","twitter_misc":{"Napisao\/la":"Radio Ljubu\u0161ki","Procijenjeno vrijeme \u010ditanja":"2 minute"},"schema":{"@context":"https:\/\/schema.org","@graph":[{"@type":"Article","@id":"https:\/\/radioljubuski.ba\/index.php\/2021\/10\/13\/covic-nakon-kave-u-parlamentu-nikad-nismo-bili-u-goroj-politickoj-situaciji-od-daytona\/#article","isPartOf":{"@id":"https:\/\/radioljubuski.ba\/index.php\/2021\/10\/13\/covic-nakon-kave-u-parlamentu-nikad-nismo-bili-u-goroj-politickoj-situaciji-od-daytona\/"},"author":{"name":"Radio Ljubu\u0161ki","@id":"https:\/\/radioljubuski.ba\/#\/schema\/person\/19fc700381a780f69665d7956c469e3b"},"headline":"\u010covi\u0107 nakon kave u Parlamentu: Nikad nismo bili u goroj politi\u010dkoj situaciji od Daytona","datePublished":"2021-10-13T17:02:05+00:00","mainEntityOfPage":{"@id":"https:\/\/radioljubuski.ba\/index.php\/2021\/10\/13\/covic-nakon-kave-u-parlamentu-nikad-nismo-bili-u-goroj-politickoj-situaciji-od-daytona\/"},"wordCount":379,"publisher":{"@id":"https:\/\/radioljubuski.ba\/#organization"},"image":{"@id":"https:\/\/radioljubuski.ba\/index.php\/2021\/10\/13\/covic-nakon-kave-u-parlamentu-nikad-nismo-bili-u-goroj-politickoj-situaciji-od-daytona\/#primaryimage"},"thumbnailUrl":"https:\/\/radioljubuski.ba\/wp-content\/uploads\/2021\/03\/covic2.jpg","articleSection":["BIH i regija"],"inLanguage":"hr"},{"@type":"WebPage","@id":"https:\/\/radioljubuski.ba\/index.php\/2021\/10\/13\/covic-nakon-kave-u-parlamentu-nikad-nismo-bili-u-goroj-politickoj-situaciji-od-daytona\/","url":"https:\/\/radioljubuski.ba\/index.php\/2021\/10\/13\/covic-nakon-kave-u-parlamentu-nikad-nismo-bili-u-goroj-politickoj-situaciji-od-daytona\/","name":"\u010covi\u0107 nakon kave u Parlamentu: Nikad nismo bili u goroj politi\u010dkoj situaciji od Daytona - RADIO LJUBU\u0160KI","isPartOf":{"@id":"https:\/\/radioljubuski.ba\/#website"},"primaryImageOfPage":{"@id":"https:\/\/radioljubuski.ba\/index.php\/2021\/10\/13\/covic-nakon-kave-u-parlamentu-nikad-nismo-bili-u-goroj-politickoj-situaciji-od-daytona\/#primaryimage"},"image":{"@id":"https:\/\/radioljubuski.ba\/index.php\/2021\/10\/13\/covic-nakon-kave-u-parlamentu-nikad-nismo-bili-u-goroj-politickoj-situaciji-od-daytona\/#primaryimage"},"thumbnailUrl":"https:\/\/radioljubuski.ba\/wp-content\/uploads\/2021\/03\/covic2.jpg","datePublished":"2021-10-13T17:02:05+00:00","breadcrumb":{"@id":"https:\/\/radioljubuski.ba\/index.php\/2021\/10\/13\/covic-nakon-kave-u-parlamentu-nikad-nismo-bili-u-goroj-politickoj-situaciji-od-daytona\/#breadcrumb"},"inLanguage":"hr","potentialAction":[{"@type":"ReadAction","target":["https:\/\/radioljubuski.ba\/index.php\/2021\/10\/13\/covic-nakon-kave-u-parlamentu-nikad-nismo-bili-u-goroj-politickoj-situaciji-od-daytona\/"]}]},{"@type":"ImageObject","inLanguage":"hr","@id":"https:\/\/radioljubuski.ba\/index.php\/2021\/10\/13\/covic-nakon-kave-u-parlamentu-nikad-nismo-bili-u-goroj-politickoj-situaciji-od-daytona\/#primaryimage","url":"https:\/\/radioljubuski.ba\/wp-content\/uploads\/2021\/03\/covic2.jpg","contentUrl":"https:\/\/radioljubuski.ba\/wp-content\/uploads\/2021\/03\/covic2.jpg","width":738,"height":492},{"@type":"BreadcrumbList","@id":"https:\/\/radioljubuski.ba\/index.php\/2021\/10\/13\/covic-nakon-kave-u-parlamentu-nikad-nismo-bili-u-goroj-politickoj-situaciji-od-daytona\/#breadcrumb","itemListElement":[{"@type":"ListItem","position":1,"name":"Po\u010detna stranica","item":"https:\/\/radioljubuski.ba\/"},{"@type":"ListItem","position":2,"name":"\u010covi\u0107 nakon kave u Parlamentu: Nikad nismo bili u goroj politi\u010dkoj situaciji od Daytona"}]},{"@type":"WebSite","@id":"https:\/\/radioljubuski.ba\/#website","url":"https:\/\/radioljubuski.ba\/","name":"Radio Ljubu\u0161ki","description":"Sun\u010dana frekvencija Hercegovine","publisher":{"@id":"https:\/\/radioljubuski.ba\/#organization"},"potentialAction":[{"@type":"SearchAction","target":{"@type":"EntryPoint","urlTemplate":"https:\/\/radioljubuski.ba\/?s={search_term_string}"},"query-input":{"@type":"PropertyValueSpecification","valueRequired":true,"valueName":"search_term_string"}}],"inLanguage":"hr"},{"@type":"Organization","@id":"https:\/\/radioljubuski.ba\/#organization","name":"Radio Ljubu\u0161ki","url":"https:\/\/radioljubuski.ba\/","logo":{"@type":"ImageObject","inLanguage":"hr","@id":"https:\/\/radioljubuski.ba\/#\/schema\/logo\/image\/","url":"https:\/\/radioljubuski.ba\/wp-content\/uploads\/2021\/02\/cropped-Radio_Ljubuski_logo1.jpg","contentUrl":"https:\/\/radioljubuski.ba\/wp-content\/uploads\/2021\/02\/cropped-Radio_Ljubuski_logo1.jpg","width":512,"height":512,"caption":"Radio Ljubu\u0161ki"},"image":{"@id":"https:\/\/radioljubuski.ba\/#\/schema\/logo\/image\/"},"sameAs":["https:\/\/www.facebook.com\/Radiio-Ljubuski-1490835324566332","https:\/\/x.com\/radioljubuski","https:\/\/hr.linkedin.com\/company\/radio-ljubuski","https:\/\/www.youtube.com\/channel\/UCHYaeO_n0Db3tjNGudGpXyw"]},{"@type":"Person","@id":"https:\/\/radioljubuski.ba\/#\/schema\/person\/19fc700381a780f69665d7956c469e3b","name":"Radio Ljubu\u0161ki"}]}},"_links":{"self":[{"href":"https:\/\/radioljubuski.ba\/index.php\/wp-json\/wp\/v2\/posts\/75170","targetHints":{"allow":["GET"]}}],"collection":[{"href":"https:\/\/radioljubuski.ba\/index.php\/wp-json\/wp\/v2\/posts"}],"about":[{"href":"https:\/\/radioljubuski.ba\/index.php\/wp-json\/wp\/v2\/types\/post"}],"author":[{"embeddable":true,"href":"https:\/\/radioljubuski.ba\/index.php\/wp-json\/wp\/v2\/users\/2"}],"replies":[{"embeddable":true,"href":"https:\/\/radioljubuski.ba\/index.php\/wp-json\/wp\/v2\/comments?post=75170"}],"version-history":[{"count":1,"href":"https:\/\/radioljubuski.ba\/index.php\/wp-json\/wp\/v2\/posts\/75170\/revisions"}],"predecessor-version":[{"id":75171,"href":"https:\/\/radioljubuski.ba\/index.php\/wp-json\/wp\/v2\/posts\/75170\/revisions\/75171"}],"wp:featuredmedia":[{"embeddable":true,"href":"https:\/\/radioljubuski.ba\/index.php\/wp-json\/wp\/v2\/media\/1254"}],"wp:attachment":[{"href":"https:\/\/radioljubuski.ba\/index.php\/wp-json\/wp\/v2\/media?parent=75170"}],"wp:term":[{"taxonomy":"category","embeddable":true,"href":"https:\/\/radioljubuski.ba\/index.php\/wp-json\/wp\/v2\/categories?post=75170"},{"taxonomy":"post_tag","embeddable":true,"href":"https:\/\/radioljubuski.ba\/index.php\/wp-json\/wp\/v2\/tags?post=75170"}],"curies":[{"name":"wp","href":"https:\/\/api.w.org\/{rel}","templated":true}]}}