{"id":75181,"date":"2021-10-13T18:07:48","date_gmt":"2021-10-13T17:07:48","guid":{"rendered":"https:\/\/radioljubuski.ba\/?p=75181"},"modified":"2021-10-13T18:07:49","modified_gmt":"2021-10-13T17:07:49","slug":"utvrden-prijedlog-zakona-o-slobodnim-zonama-u-fbih","status":"publish","type":"post","link":"https:\/\/radioljubuski.ba\/index.php\/2021\/10\/13\/utvrden-prijedlog-zakona-o-slobodnim-zonama-u-fbih\/","title":{"rendered":"Utvr\u0111en Prijedlog zakona o slobodnim zonama u FBiH"},"content":{"rendered":"\n<p>Vlada Federacije BiH je, na dana\u0161njoj sjednici u Sarajevu, utvrdila i Parlamentu FBiH na usvajanje po skra\u0107enom postupku uputila Prijedlog zakona o izmjeni Zakona o utvr\u0111ivanju i ostvarivanju potra\u017eivanja gra\u0111ana u postupku privatizacije. &nbsp; Novina je to da je rok do kojeg gra\u0111ani mogu stan otkupiti za certifikate produljen do 30. lipnja 2023. godine (dakle, za jo\u0161 dvije godine u odnosu na dosada va\u017ee\u0107i). &nbsp;<\/p>\n\n\n\n<p>Ovakvo rje\u0161enje je Federalno ministarstvo financija predlo\u017eilo jer su istekom zakonskog roka (30. lipnja 2021. godine) svim osobama kojima je po okon\u010danju procedure za povrat dodijeljen stan ili koje ostvare povrat po osnovu stanarskog prava, uskra\u0107ena mogu\u0107nost otkupa za certifikate. &nbsp;<\/p>\n\n\n\n<p>Slobodne zone u FBiH &nbsp;<\/p>\n\n\n\n<p>Federalna vlada je utvrdila i Parlamentu FBiH uputila Prijedlog zakona o slobodnim zonama u Federaciji BiH. Ovaj federalni propis, u skladu sa Zakonom o slobodnim zonama u Bosni i Hercegovini, utvr\u0111uje uvjete za davanje suglasnosti o opravdanosti odre\u0111ivanja dijela carinskog podru\u010dja BiH na teritoriji FBiH kao slobodne zone, djelatnosti koje se mogu obavljati u slobodnoj zoni i uvjete obavljanje, te prestanak rada slobodne zone. Na pitanja koja nisu ure\u0111ena ovim zakonom primjenjuju se odredbe Zakona BiH. &nbsp; Kako je definirano, slobodna zona je dio teritorije u Federaciji BiH koji je posebno ogra\u0111en i ozna\u010den u kojem se obavljaju djelatnosti uz posebne uvjete u skladu sa ovim zakonom, carinskim i drugim propisima koji ure\u0111uju rad slobodnih zona. &nbsp;<\/p>\n\n\n\n<p>Kao osnovni razlog za dono\u0161enje novog Zakona navedena je potreba uskla\u0111ivanja i ure\u0111enja ove oblasti sa Zakonom o slobodnim zonama u BiH. Naime, u skladu sa Ustavom BiH, carinska politika je u nadle\u017enosti institucija BiH. Kako re\u017eim slobodnih zona u BiH predstavlja dio carinske politike, relevantni su zakoni i podzakonski akti doneseni na dr\u017eavnoj razini. &nbsp; &nbsp;Uz to, novi Zakon o slobodnim zonama, \u010dije su odredbe u skladu s nadle\u017enostima entiteta u ovoj oblasti, omogu\u0107ava provo\u0111enje politika razvoja i funkcioniranja slobodnih zona u Federaciji BiH i uskla\u0111ivanje regulative u ovoj oblasti s politikama promocije stranih investicija i izvoza, kao i otvaranja novih radnih mjesta. &nbsp; Nakon \u0161to su oba doma Parlamenta FBiH prihvatila Nacrt zakona o slobodnim zonama u FBiH, o njemu je provedena tridesetodnevna javna rasprava.<\/p>\n\n\n\n<p>Putni\u010dka taksa &nbsp;<\/p>\n\n\n\n<p>Vlada FBiH je donijela Odluku o prestanku va\u017eenja Odluke o putni\u010dkoj taksi &#8211; naknadi za razvoj i unaprje\u0111enje avio prometa u Federaciji BiH &#8211; Pre\u010di\u0161\u0107eni tekst. &nbsp; Kako je obrazlo\u017eeno, Zastupni\u010dki dom Parlamenta FBiH je zaklju\u010dkom od 8.3.2021. godine zadu\u017eio Vladu Federacije BiH da u Odluci o putni\u010dkoj taksi &#8211; naknadi za razvoj i unaprje\u0111enje avio prometa u Federaciji BiH bri\u0161e odredbu na osnovu koje je svaki odlaze\u0107i putnik du\u017ean platiti naknadu od 20 KM, kao jednu od mjera poticanja rasta broja putnika.<\/p>\n\n\n\n<p>Izvor:vecernji.ba<\/p>\n","protected":false},"excerpt":{"rendered":"<p>Vlada Federacije BiH je, na dana\u0161njoj sjednici u Sarajevu, utvrdila i Parlamentu FBiH na usvajanje po skra\u0107enom postupku uputila Prijedlog zakona o izmjeni Zakona o utvr\u0111ivanju i ostvarivanju potra\u017eivanja gra\u0111ana u postupku privatizacije. &nbsp; Novina je to da je rok do kojeg gra\u0111ani mogu stan otkupiti za certifikate produljen do 30. lipnja 2023. godine (dakle, [&hellip;]<\/p>\n","protected":false},"author":2,"featured_media":75182,"comment_status":"closed","ping_status":"closed","sticky":false,"template":"","format":"standard","meta":{"h5ap_radio_sources":[],"footnotes":""},"categories":[1],"tags":[],"class_list":["post-75181","post","type-post","status-publish","format-standard","has-post-thumbnail","hentry","category-bihiregija"],"yoast_head":"<!-- This site is optimized with the Yoast SEO plugin v27.4 - https:\/\/yoast.com\/product\/yoast-seo-wordpress\/ -->\n<title>Utvr\u0111en Prijedlog zakona o slobodnim zonama u FBiH - RADIO LJUBU\u0160KI<\/title>\n<meta name=\"robots\" content=\"index, follow, max-snippet:-1, max-image-preview:large, max-video-preview:-1\" \/>\n<link rel=\"canonical\" href=\"https:\/\/radioljubuski.ba\/index.php\/2021\/10\/13\/utvrden-prijedlog-zakona-o-slobodnim-zonama-u-fbih\/\" \/>\n<meta property=\"og:locale\" content=\"hr_HR\" \/>\n<meta property=\"og:type\" content=\"article\" \/>\n<meta property=\"og:title\" content=\"Utvr\u0111en Prijedlog zakona o slobodnim zonama u FBiH - RADIO LJUBU\u0160KI\" \/>\n<meta property=\"og:description\" content=\"Vlada Federacije BiH je, na dana\u0161njoj sjednici u Sarajevu, utvrdila i Parlamentu FBiH na usvajanje po skra\u0107enom postupku uputila Prijedlog zakona o izmjeni Zakona o utvr\u0111ivanju i ostvarivanju potra\u017eivanja gra\u0111ana u postupku privatizacije. &nbsp; Novina je to da je rok do kojeg gra\u0111ani mogu stan otkupiti za certifikate produljen do 30. lipnja 2023. godine (dakle, [&hellip;]\" \/>\n<meta property=\"og:url\" content=\"https:\/\/radioljubuski.ba\/index.php\/2021\/10\/13\/utvrden-prijedlog-zakona-o-slobodnim-zonama-u-fbih\/\" \/>\n<meta property=\"og:site_name\" content=\"RADIO LJUBU\u0160KI\" \/>\n<meta property=\"article:publisher\" content=\"https:\/\/www.facebook.com\/Radiio-Ljubuski-1490835324566332\" \/>\n<meta property=\"article:published_time\" content=\"2021-10-13T17:07:48+00:00\" \/>\n<meta property=\"article:modified_time\" content=\"2021-10-13T17:07:49+00:00\" \/>\n<meta property=\"og:image\" content=\"https:\/\/radioljubuski.ba\/wp-content\/uploads\/2021\/10\/9-2021-10-13-18-17-10-valadad.jpg\" \/>\n\t<meta property=\"og:image:width\" content=\"1000\" \/>\n\t<meta property=\"og:image:height\" content=\"625\" \/>\n\t<meta property=\"og:image:type\" content=\"image\/jpeg\" \/>\n<meta name=\"author\" content=\"Radio Ljubu\u0161ki\" \/>\n<meta name=\"twitter:card\" content=\"summary_large_image\" \/>\n<meta name=\"twitter:creator\" content=\"@radioljubuski\" \/>\n<meta name=\"twitter:site\" content=\"@radioljubuski\" \/>\n<meta name=\"twitter:label1\" content=\"Napisao\/la\" \/>\n\t<meta name=\"twitter:data1\" content=\"Radio Ljubu\u0161ki\" \/>\n\t<meta name=\"twitter:label2\" content=\"Procijenjeno vrijeme \u010ditanja\" \/>\n\t<meta name=\"twitter:data2\" content=\"2 minute\" \/>\n<script type=\"application\/ld+json\" class=\"yoast-schema-graph\">{\"@context\":\"https:\\\/\\\/schema.org\",\"@graph\":[{\"@type\":\"Article\",\"@id\":\"https:\\\/\\\/radioljubuski.ba\\\/index.php\\\/2021\\\/10\\\/13\\\/utvrden-prijedlog-zakona-o-slobodnim-zonama-u-fbih\\\/#article\",\"isPartOf\":{\"@id\":\"https:\\\/\\\/radioljubuski.ba\\\/index.php\\\/2021\\\/10\\\/13\\\/utvrden-prijedlog-zakona-o-slobodnim-zonama-u-fbih\\\/\"},\"author\":{\"name\":\"Radio Ljubu\u0161ki\",\"@id\":\"https:\\\/\\\/radioljubuski.ba\\\/#\\\/schema\\\/person\\\/19fc700381a780f69665d7956c469e3b\"},\"headline\":\"Utvr\u0111en Prijedlog zakona o slobodnim zonama u FBiH\",\"datePublished\":\"2021-10-13T17:07:48+00:00\",\"dateModified\":\"2021-10-13T17:07:49+00:00\",\"mainEntityOfPage\":{\"@id\":\"https:\\\/\\\/radioljubuski.ba\\\/index.php\\\/2021\\\/10\\\/13\\\/utvrden-prijedlog-zakona-o-slobodnim-zonama-u-fbih\\\/\"},\"wordCount\":493,\"publisher\":{\"@id\":\"https:\\\/\\\/radioljubuski.ba\\\/#organization\"},\"image\":{\"@id\":\"https:\\\/\\\/radioljubuski.ba\\\/index.php\\\/2021\\\/10\\\/13\\\/utvrden-prijedlog-zakona-o-slobodnim-zonama-u-fbih\\\/#primaryimage\"},\"thumbnailUrl\":\"https:\\\/\\\/radioljubuski.ba\\\/wp-content\\\/uploads\\\/2021\\\/10\\\/9-2021-10-13-18-17-10-valadad.jpg\",\"articleSection\":[\"BIH i regija\"],\"inLanguage\":\"hr\"},{\"@type\":\"WebPage\",\"@id\":\"https:\\\/\\\/radioljubuski.ba\\\/index.php\\\/2021\\\/10\\\/13\\\/utvrden-prijedlog-zakona-o-slobodnim-zonama-u-fbih\\\/\",\"url\":\"https:\\\/\\\/radioljubuski.ba\\\/index.php\\\/2021\\\/10\\\/13\\\/utvrden-prijedlog-zakona-o-slobodnim-zonama-u-fbih\\\/\",\"name\":\"Utvr\u0111en Prijedlog zakona o slobodnim zonama u FBiH - RADIO LJUBU\u0160KI\",\"isPartOf\":{\"@id\":\"https:\\\/\\\/radioljubuski.ba\\\/#website\"},\"primaryImageOfPage\":{\"@id\":\"https:\\\/\\\/radioljubuski.ba\\\/index.php\\\/2021\\\/10\\\/13\\\/utvrden-prijedlog-zakona-o-slobodnim-zonama-u-fbih\\\/#primaryimage\"},\"image\":{\"@id\":\"https:\\\/\\\/radioljubuski.ba\\\/index.php\\\/2021\\\/10\\\/13\\\/utvrden-prijedlog-zakona-o-slobodnim-zonama-u-fbih\\\/#primaryimage\"},\"thumbnailUrl\":\"https:\\\/\\\/radioljubuski.ba\\\/wp-content\\\/uploads\\\/2021\\\/10\\\/9-2021-10-13-18-17-10-valadad.jpg\",\"datePublished\":\"2021-10-13T17:07:48+00:00\",\"dateModified\":\"2021-10-13T17:07:49+00:00\",\"breadcrumb\":{\"@id\":\"https:\\\/\\\/radioljubuski.ba\\\/index.php\\\/2021\\\/10\\\/13\\\/utvrden-prijedlog-zakona-o-slobodnim-zonama-u-fbih\\\/#breadcrumb\"},\"inLanguage\":\"hr\",\"potentialAction\":[{\"@type\":\"ReadAction\",\"target\":[\"https:\\\/\\\/radioljubuski.ba\\\/index.php\\\/2021\\\/10\\\/13\\\/utvrden-prijedlog-zakona-o-slobodnim-zonama-u-fbih\\\/\"]}]},{\"@type\":\"ImageObject\",\"inLanguage\":\"hr\",\"@id\":\"https:\\\/\\\/radioljubuski.ba\\\/index.php\\\/2021\\\/10\\\/13\\\/utvrden-prijedlog-zakona-o-slobodnim-zonama-u-fbih\\\/#primaryimage\",\"url\":\"https:\\\/\\\/radioljubuski.ba\\\/wp-content\\\/uploads\\\/2021\\\/10\\\/9-2021-10-13-18-17-10-valadad.jpg\",\"contentUrl\":\"https:\\\/\\\/radioljubuski.ba\\\/wp-content\\\/uploads\\\/2021\\\/10\\\/9-2021-10-13-18-17-10-valadad.jpg\",\"width\":1000,\"height\":625},{\"@type\":\"BreadcrumbList\",\"@id\":\"https:\\\/\\\/radioljubuski.ba\\\/index.php\\\/2021\\\/10\\\/13\\\/utvrden-prijedlog-zakona-o-slobodnim-zonama-u-fbih\\\/#breadcrumb\",\"itemListElement\":[{\"@type\":\"ListItem\",\"position\":1,\"name\":\"Po\u010detna stranica\",\"item\":\"https:\\\/\\\/radioljubuski.ba\\\/\"},{\"@type\":\"ListItem\",\"position\":2,\"name\":\"Utvr\u0111en Prijedlog zakona o slobodnim zonama u FBiH\"}]},{\"@type\":\"WebSite\",\"@id\":\"https:\\\/\\\/radioljubuski.ba\\\/#website\",\"url\":\"https:\\\/\\\/radioljubuski.ba\\\/\",\"name\":\"Radio Ljubu\u0161ki\",\"description\":\"Sun\u010dana frekvencija Hercegovine\",\"publisher\":{\"@id\":\"https:\\\/\\\/radioljubuski.ba\\\/#organization\"},\"potentialAction\":[{\"@type\":\"SearchAction\",\"target\":{\"@type\":\"EntryPoint\",\"urlTemplate\":\"https:\\\/\\\/radioljubuski.ba\\\/?s={search_term_string}\"},\"query-input\":{\"@type\":\"PropertyValueSpecification\",\"valueRequired\":true,\"valueName\":\"search_term_string\"}}],\"inLanguage\":\"hr\"},{\"@type\":\"Organization\",\"@id\":\"https:\\\/\\\/radioljubuski.ba\\\/#organization\",\"name\":\"Radio Ljubu\u0161ki\",\"url\":\"https:\\\/\\\/radioljubuski.ba\\\/\",\"logo\":{\"@type\":\"ImageObject\",\"inLanguage\":\"hr\",\"@id\":\"https:\\\/\\\/radioljubuski.ba\\\/#\\\/schema\\\/logo\\\/image\\\/\",\"url\":\"https:\\\/\\\/radioljubuski.ba\\\/wp-content\\\/uploads\\\/2021\\\/02\\\/cropped-Radio_Ljubuski_logo1.jpg\",\"contentUrl\":\"https:\\\/\\\/radioljubuski.ba\\\/wp-content\\\/uploads\\\/2021\\\/02\\\/cropped-Radio_Ljubuski_logo1.jpg\",\"width\":512,\"height\":512,\"caption\":\"Radio Ljubu\u0161ki\"},\"image\":{\"@id\":\"https:\\\/\\\/radioljubuski.ba\\\/#\\\/schema\\\/logo\\\/image\\\/\"},\"sameAs\":[\"https:\\\/\\\/www.facebook.com\\\/Radiio-Ljubuski-1490835324566332\",\"https:\\\/\\\/x.com\\\/radioljubuski\",\"https:\\\/\\\/hr.linkedin.com\\\/company\\\/radio-ljubuski\",\"https:\\\/\\\/www.youtube.com\\\/channel\\\/UCHYaeO_n0Db3tjNGudGpXyw\"]},{\"@type\":\"Person\",\"@id\":\"https:\\\/\\\/radioljubuski.ba\\\/#\\\/schema\\\/person\\\/19fc700381a780f69665d7956c469e3b\",\"name\":\"Radio Ljubu\u0161ki\"}]}<\/script>\n<!-- \/ Yoast SEO plugin. -->","yoast_head_json":{"title":"Utvr\u0111en Prijedlog zakona o slobodnim zonama u FBiH - RADIO LJUBU\u0160KI","robots":{"index":"index","follow":"follow","max-snippet":"max-snippet:-1","max-image-preview":"max-image-preview:large","max-video-preview":"max-video-preview:-1"},"canonical":"https:\/\/radioljubuski.ba\/index.php\/2021\/10\/13\/utvrden-prijedlog-zakona-o-slobodnim-zonama-u-fbih\/","og_locale":"hr_HR","og_type":"article","og_title":"Utvr\u0111en Prijedlog zakona o slobodnim zonama u FBiH - RADIO LJUBU\u0160KI","og_description":"Vlada Federacije BiH je, na dana\u0161njoj sjednici u Sarajevu, utvrdila i Parlamentu FBiH na usvajanje po skra\u0107enom postupku uputila Prijedlog zakona o izmjeni Zakona o utvr\u0111ivanju i ostvarivanju potra\u017eivanja gra\u0111ana u postupku privatizacije. &nbsp; Novina je to da je rok do kojeg gra\u0111ani mogu stan otkupiti za certifikate produljen do 30. lipnja 2023. godine (dakle, [&hellip;]","og_url":"https:\/\/radioljubuski.ba\/index.php\/2021\/10\/13\/utvrden-prijedlog-zakona-o-slobodnim-zonama-u-fbih\/","og_site_name":"RADIO LJUBU\u0160KI","article_publisher":"https:\/\/www.facebook.com\/Radiio-Ljubuski-1490835324566332","article_published_time":"2021-10-13T17:07:48+00:00","article_modified_time":"2021-10-13T17:07:49+00:00","og_image":[{"width":1000,"height":625,"url":"https:\/\/radioljubuski.ba\/wp-content\/uploads\/2021\/10\/9-2021-10-13-18-17-10-valadad.jpg","type":"image\/jpeg"}],"author":"Radio Ljubu\u0161ki","twitter_card":"summary_large_image","twitter_creator":"@radioljubuski","twitter_site":"@radioljubuski","twitter_misc":{"Napisao\/la":"Radio Ljubu\u0161ki","Procijenjeno vrijeme \u010ditanja":"2 minute"},"schema":{"@context":"https:\/\/schema.org","@graph":[{"@type":"Article","@id":"https:\/\/radioljubuski.ba\/index.php\/2021\/10\/13\/utvrden-prijedlog-zakona-o-slobodnim-zonama-u-fbih\/#article","isPartOf":{"@id":"https:\/\/radioljubuski.ba\/index.php\/2021\/10\/13\/utvrden-prijedlog-zakona-o-slobodnim-zonama-u-fbih\/"},"author":{"name":"Radio Ljubu\u0161ki","@id":"https:\/\/radioljubuski.ba\/#\/schema\/person\/19fc700381a780f69665d7956c469e3b"},"headline":"Utvr\u0111en Prijedlog zakona o slobodnim zonama u FBiH","datePublished":"2021-10-13T17:07:48+00:00","dateModified":"2021-10-13T17:07:49+00:00","mainEntityOfPage":{"@id":"https:\/\/radioljubuski.ba\/index.php\/2021\/10\/13\/utvrden-prijedlog-zakona-o-slobodnim-zonama-u-fbih\/"},"wordCount":493,"publisher":{"@id":"https:\/\/radioljubuski.ba\/#organization"},"image":{"@id":"https:\/\/radioljubuski.ba\/index.php\/2021\/10\/13\/utvrden-prijedlog-zakona-o-slobodnim-zonama-u-fbih\/#primaryimage"},"thumbnailUrl":"https:\/\/radioljubuski.ba\/wp-content\/uploads\/2021\/10\/9-2021-10-13-18-17-10-valadad.jpg","articleSection":["BIH i regija"],"inLanguage":"hr"},{"@type":"WebPage","@id":"https:\/\/radioljubuski.ba\/index.php\/2021\/10\/13\/utvrden-prijedlog-zakona-o-slobodnim-zonama-u-fbih\/","url":"https:\/\/radioljubuski.ba\/index.php\/2021\/10\/13\/utvrden-prijedlog-zakona-o-slobodnim-zonama-u-fbih\/","name":"Utvr\u0111en Prijedlog zakona o slobodnim zonama u FBiH - RADIO LJUBU\u0160KI","isPartOf":{"@id":"https:\/\/radioljubuski.ba\/#website"},"primaryImageOfPage":{"@id":"https:\/\/radioljubuski.ba\/index.php\/2021\/10\/13\/utvrden-prijedlog-zakona-o-slobodnim-zonama-u-fbih\/#primaryimage"},"image":{"@id":"https:\/\/radioljubuski.ba\/index.php\/2021\/10\/13\/utvrden-prijedlog-zakona-o-slobodnim-zonama-u-fbih\/#primaryimage"},"thumbnailUrl":"https:\/\/radioljubuski.ba\/wp-content\/uploads\/2021\/10\/9-2021-10-13-18-17-10-valadad.jpg","datePublished":"2021-10-13T17:07:48+00:00","dateModified":"2021-10-13T17:07:49+00:00","breadcrumb":{"@id":"https:\/\/radioljubuski.ba\/index.php\/2021\/10\/13\/utvrden-prijedlog-zakona-o-slobodnim-zonama-u-fbih\/#breadcrumb"},"inLanguage":"hr","potentialAction":[{"@type":"ReadAction","target":["https:\/\/radioljubuski.ba\/index.php\/2021\/10\/13\/utvrden-prijedlog-zakona-o-slobodnim-zonama-u-fbih\/"]}]},{"@type":"ImageObject","inLanguage":"hr","@id":"https:\/\/radioljubuski.ba\/index.php\/2021\/10\/13\/utvrden-prijedlog-zakona-o-slobodnim-zonama-u-fbih\/#primaryimage","url":"https:\/\/radioljubuski.ba\/wp-content\/uploads\/2021\/10\/9-2021-10-13-18-17-10-valadad.jpg","contentUrl":"https:\/\/radioljubuski.ba\/wp-content\/uploads\/2021\/10\/9-2021-10-13-18-17-10-valadad.jpg","width":1000,"height":625},{"@type":"BreadcrumbList","@id":"https:\/\/radioljubuski.ba\/index.php\/2021\/10\/13\/utvrden-prijedlog-zakona-o-slobodnim-zonama-u-fbih\/#breadcrumb","itemListElement":[{"@type":"ListItem","position":1,"name":"Po\u010detna stranica","item":"https:\/\/radioljubuski.ba\/"},{"@type":"ListItem","position":2,"name":"Utvr\u0111en Prijedlog zakona o slobodnim zonama u FBiH"}]},{"@type":"WebSite","@id":"https:\/\/radioljubuski.ba\/#website","url":"https:\/\/radioljubuski.ba\/","name":"Radio Ljubu\u0161ki","description":"Sun\u010dana frekvencija Hercegovine","publisher":{"@id":"https:\/\/radioljubuski.ba\/#organization"},"potentialAction":[{"@type":"SearchAction","target":{"@type":"EntryPoint","urlTemplate":"https:\/\/radioljubuski.ba\/?s={search_term_string}"},"query-input":{"@type":"PropertyValueSpecification","valueRequired":true,"valueName":"search_term_string"}}],"inLanguage":"hr"},{"@type":"Organization","@id":"https:\/\/radioljubuski.ba\/#organization","name":"Radio Ljubu\u0161ki","url":"https:\/\/radioljubuski.ba\/","logo":{"@type":"ImageObject","inLanguage":"hr","@id":"https:\/\/radioljubuski.ba\/#\/schema\/logo\/image\/","url":"https:\/\/radioljubuski.ba\/wp-content\/uploads\/2021\/02\/cropped-Radio_Ljubuski_logo1.jpg","contentUrl":"https:\/\/radioljubuski.ba\/wp-content\/uploads\/2021\/02\/cropped-Radio_Ljubuski_logo1.jpg","width":512,"height":512,"caption":"Radio Ljubu\u0161ki"},"image":{"@id":"https:\/\/radioljubuski.ba\/#\/schema\/logo\/image\/"},"sameAs":["https:\/\/www.facebook.com\/Radiio-Ljubuski-1490835324566332","https:\/\/x.com\/radioljubuski","https:\/\/hr.linkedin.com\/company\/radio-ljubuski","https:\/\/www.youtube.com\/channel\/UCHYaeO_n0Db3tjNGudGpXyw"]},{"@type":"Person","@id":"https:\/\/radioljubuski.ba\/#\/schema\/person\/19fc700381a780f69665d7956c469e3b","name":"Radio Ljubu\u0161ki"}]}},"_links":{"self":[{"href":"https:\/\/radioljubuski.ba\/index.php\/wp-json\/wp\/v2\/posts\/75181","targetHints":{"allow":["GET"]}}],"collection":[{"href":"https:\/\/radioljubuski.ba\/index.php\/wp-json\/wp\/v2\/posts"}],"about":[{"href":"https:\/\/radioljubuski.ba\/index.php\/wp-json\/wp\/v2\/types\/post"}],"author":[{"embeddable":true,"href":"https:\/\/radioljubuski.ba\/index.php\/wp-json\/wp\/v2\/users\/2"}],"replies":[{"embeddable":true,"href":"https:\/\/radioljubuski.ba\/index.php\/wp-json\/wp\/v2\/comments?post=75181"}],"version-history":[{"count":1,"href":"https:\/\/radioljubuski.ba\/index.php\/wp-json\/wp\/v2\/posts\/75181\/revisions"}],"predecessor-version":[{"id":75183,"href":"https:\/\/radioljubuski.ba\/index.php\/wp-json\/wp\/v2\/posts\/75181\/revisions\/75183"}],"wp:featuredmedia":[{"embeddable":true,"href":"https:\/\/radioljubuski.ba\/index.php\/wp-json\/wp\/v2\/media\/75182"}],"wp:attachment":[{"href":"https:\/\/radioljubuski.ba\/index.php\/wp-json\/wp\/v2\/media?parent=75181"}],"wp:term":[{"taxonomy":"category","embeddable":true,"href":"https:\/\/radioljubuski.ba\/index.php\/wp-json\/wp\/v2\/categories?post=75181"},{"taxonomy":"post_tag","embeddable":true,"href":"https:\/\/radioljubuski.ba\/index.php\/wp-json\/wp\/v2\/tags?post=75181"}],"curies":[{"name":"wp","href":"https:\/\/api.w.org\/{rel}","templated":true}]}}