{"id":75208,"date":"2021-10-13T18:22:02","date_gmt":"2021-10-13T17:22:02","guid":{"rendered":"https:\/\/radioljubuski.ba\/?p=75208"},"modified":"2021-10-13T18:22:02","modified_gmt":"2021-10-13T17:22:02","slug":"sudenje-za-ratni-zlocin-u-krizancevom-selu-svjedok-promijenio-iskaz-odjednom-se-nicega-ne-sjeca","status":"publish","type":"post","link":"https:\/\/radioljubuski.ba\/index.php\/2021\/10\/13\/sudenje-za-ratni-zlocin-u-krizancevom-selu-svjedok-promijenio-iskaz-odjednom-se-nicega-ne-sjeca\/","title":{"rendered":"Su\u0111enje za ratni zlo\u010din u Kri\u017ean\u010devom selu: Svjedok promijenio iskaz, odjednom se ni\u010dega ne sje\u0107a"},"content":{"rendered":"\n<p><strong>Prenosimo izvje\u0161taj s ro\u010di\u0161ta sa su\u0111enja za zlo\u010dine u Kri\u017ean\u010devu selu, odr\u017eanog 1. listopada ove godine, koji je izvorno objavio portal Detektor.ba.<\/strong><\/p>\n\n\n\n<p>Na su\u0111enju za zlo\u010dine po\u010dinjene na podru\u010dju Viteza, svjedok Tu\u017eiteljstva BiH ispri\u010dao je kako je vidio zarobljene vojnike Hrvatskog vije\u0107a obrane (HVO) u jednoj gara\u017ei, dok je u ranijem iskazu, koji je u sudnici negirao, rekao kako su pojedini zarobljenici ubijeni kod \u201cRokijeve ku\u0107e\u201d.<\/p>\n\n\n\n<p>Svjedok Tu\u017eiteljstva BiH Suad Sivro kazao je tu\u017eitelju Ivanu Mate\u0161i\u0107u kako nije sudjelovao u akciji u prosincu 1993. godine i da ni\u0161ta, osim da je njegov brat poginuo, o toj akciji nije \u010duo.<\/p>\n\n\n\n<p>Tu\u017eitelj je pro\u010ditao raniji iskaz svjedoka u kojem stoji kako je \u010duo da je u akciji bilo zarobljavanja vojnika HVO-a, da ne zna koliko je to\u010dno vojnika zarobljeno, ali da su neki od njih ubijeni blizu \u201cRokijeve ku\u0107e\u201d.<\/p>\n\n\n\n<p>Svjedok je rekao kako on nije dao tu izjavu, a na zahtjev Tu\u017eiteljstva BiH konstatirao je da su svi potpisi na iskazu njegovi.<\/p>\n\n\n\n<p>Tu\u017eitelj Mate\u0161i\u0107 je pro\u010ditao dio iskaza u kojem je Sivro ranije kazao kako su neki ljudi dovedeni u gara\u017eu te da je on oti\u0161ao do te gara\u017ee da vidi. Svjedok je u iskazu naveo kako je prepoznao dvojicu zarobljenih.<\/p>\n\n\n\n<p>Sivro je u sudnici izjavio da je to to\u010dno, da se \u201cpogledao\u201d sa zarobljenima kada ih je vidio. Istaknuo je kako ne zna tko ih je doveo tu. Na kasniji upit obrane svjedok je rekao da je \u010duo da su dva zarobljenika danas \u017eiva te da ih je \u010duvao neki policajac.<\/p>\n\n\n\n<p>Ibrahim Puri\u0107, Ibrahim Tarahija, Nijaz Sivro, Ru\u0161it Nurkovi\u0107, Almir Sarajli\u0107 zvani Roki, Sadik i \u0160a\u0107ir Omanovi\u0107 te Kasim Kavazovi\u0107 optu\u017eeni su za ubojstva najmanje 12 vojnika HVO-a koji su se predali, kao i dvije \u017eene hrvatske nacionalnosti, prilikom napada na Kri\u017ean\u010devo Selo, \u0160afradin i Dubravice kod Viteza 22. prosinca 1993. godine.<\/p>\n\n\n\n<p>Prema optu\u017enici, Puri\u0107 je bio zapovjednik 325. brdske brigade Armije Bosne i Hercegovine (ABiH), Tarahija zapovjednik Tre\u0107eg bataljuna ove jedinice, Sivro i Nurkovi\u0107 pomo\u0107nici zapovjednika, a ostala \u010detvorica pripadnici ove brigade.<\/p>\n\n\n\n<p>Svjedok Tu\u017eiteljstva BiH D\u017eemal Smaji\u0107 je kratko ispri\u010dao kako je za akciju u prosincu 1993. godine \u010duo ujutro, kada se \u010dula i pucnjava.<\/p>\n\n\n\n<p>\u201cAnga\u017eirali su nas da izvla\u010dimo ranjene kod potoka. Iz daljine sam vidio mrtva tijela\u201d, kazao je Smaji\u0107.<\/p>\n\n\n\n<p>Svjedok Tu\u017eiteljstva BiH Hazim Patkovi\u0107 ispri\u010dao je kako su ga vojni policajci odveli na crtu jer je izbjegavao vojnu obvezu.<\/p>\n\n\n\n<p>\u201cBio je tu Roki, Almir Sarajli\u0107. Znao sam ga od ranije, bio je problemati\u010dan. Doveden sam u Po\u010dulicu u zatvor i onda na crtu u Sivrino Selo. Polo\u017eaj nam je bio kod po\u0161tareve ku\u0107e. Kada se akcija zavr\u0161ila, i\u0161li smo na potok da utvrdimo crtu . Vidio sam mrtve u potoku. Me\u0111u njima sam prepoznao Antu, zvanog Antica, i \u010cali\u0107a, on je bio po\u0161tar\u201d, rekao je Patkovi\u0107.<\/p>\n\n\n\n<p>Na upit je li Sarajli\u0107 bio sam kada je do\u0161ao po njega, Smaji\u0107 je odgovorio da je s njim bilo jo\u0161 ljudi i da je \u201cVojna policija radila svoj posao\u201d. Upitan od obrane Sarajli\u0107a, svjedok je kazao kako ne zna kako su tijela koja je vidio dospjela tamo gdje ih je uo\u010dio.<\/p>\n\n\n\n<p>Posljednji svjedok na ro\u010di\u0161tu bio je Red\u017eo Glava\u0161, pomo\u0107nik zapovjednika 27. brigade, koji je ispri\u010dao kako je akcija u prosincu 1993. godine bila zdru\u017eena akcija u kojoj je sudjelovalo vi\u0161e jedinica, te da je sudjelovala i jedinica iz 27. brigade.<\/p>\n\n\n\n<p>\u201c\u010cuo sam da je bila \u010dista akcija, ali da je bilo kolaterala. Tek sam u Tu\u017eiteljstvu \u010duo da je bilo zarobljenih\u201d, rekao je Glava\u0161 i dodao da je jedna od civilnih \u017ertava u toj akciji na sebi imala maskirni prsluk.<\/p>\n\n\n\n<p>\/HMS\/<\/p>\n","protected":false},"excerpt":{"rendered":"<p>Prenosimo izvje\u0161taj s ro\u010di\u0161ta sa su\u0111enja za zlo\u010dine u Kri\u017ean\u010devu selu, odr\u017eanog 1. listopada ove godine, koji je izvorno objavio portal Detektor.ba. Na su\u0111enju za zlo\u010dine po\u010dinjene na podru\u010dju Viteza, svjedok Tu\u017eiteljstva BiH ispri\u010dao je kako je vidio zarobljene vojnike Hrvatskog vije\u0107a obrane (HVO) u jednoj gara\u017ei, dok je u ranijem iskazu, koji je u [&hellip;]<\/p>\n","protected":false},"author":2,"featured_media":75209,"comment_status":"closed","ping_status":"closed","sticky":false,"template":"","format":"standard","meta":{"h5ap_radio_sources":[],"footnotes":""},"categories":[1],"tags":[],"class_list":["post-75208","post","type-post","status-publish","format-standard","has-post-thumbnail","hentry","category-bihiregija"],"yoast_head":"<!-- This site is optimized with the Yoast SEO plugin v27.4 - https:\/\/yoast.com\/product\/yoast-seo-wordpress\/ -->\n<title>Su\u0111enje za ratni zlo\u010din u Kri\u017ean\u010devom selu: Svjedok promijenio iskaz, odjednom se ni\u010dega ne sje\u0107a - RADIO LJUBU\u0160KI<\/title>\n<meta name=\"robots\" content=\"index, follow, max-snippet:-1, max-image-preview:large, max-video-preview:-1\" \/>\n<link rel=\"canonical\" href=\"https:\/\/radioljubuski.ba\/index.php\/2021\/10\/13\/sudenje-za-ratni-zlocin-u-krizancevom-selu-svjedok-promijenio-iskaz-odjednom-se-nicega-ne-sjeca\/\" \/>\n<meta property=\"og:locale\" content=\"hr_HR\" \/>\n<meta property=\"og:type\" content=\"article\" \/>\n<meta property=\"og:title\" content=\"Su\u0111enje za ratni zlo\u010din u Kri\u017ean\u010devom selu: Svjedok promijenio iskaz, odjednom se ni\u010dega ne sje\u0107a - RADIO LJUBU\u0160KI\" \/>\n<meta property=\"og:description\" content=\"Prenosimo izvje\u0161taj s ro\u010di\u0161ta sa su\u0111enja za zlo\u010dine u Kri\u017ean\u010devu selu, odr\u017eanog 1. listopada ove godine, koji je izvorno objavio portal Detektor.ba. Na su\u0111enju za zlo\u010dine po\u010dinjene na podru\u010dju Viteza, svjedok Tu\u017eiteljstva BiH ispri\u010dao je kako je vidio zarobljene vojnike Hrvatskog vije\u0107a obrane (HVO) u jednoj gara\u017ei, dok je u ranijem iskazu, koji je u [&hellip;]\" \/>\n<meta property=\"og:url\" content=\"https:\/\/radioljubuski.ba\/index.php\/2021\/10\/13\/sudenje-za-ratni-zlocin-u-krizancevom-selu-svjedok-promijenio-iskaz-odjednom-se-nicega-ne-sjeca\/\" \/>\n<meta property=\"og:site_name\" content=\"RADIO LJUBU\u0160KI\" \/>\n<meta property=\"article:publisher\" content=\"https:\/\/www.facebook.com\/Radiio-Ljubuski-1490835324566332\" \/>\n<meta property=\"article:published_time\" content=\"2021-10-13T17:22:02+00:00\" \/>\n<meta property=\"og:image\" content=\"https:\/\/radioljubuski.ba\/wp-content\/uploads\/2021\/10\/o_98942_1024.jpg\" \/>\n\t<meta property=\"og:image:width\" content=\"1024\" \/>\n\t<meta property=\"og:image:height\" content=\"576\" \/>\n\t<meta property=\"og:image:type\" content=\"image\/jpeg\" \/>\n<meta name=\"author\" content=\"Radio Ljubu\u0161ki\" \/>\n<meta name=\"twitter:card\" content=\"summary_large_image\" \/>\n<meta name=\"twitter:creator\" content=\"@radioljubuski\" \/>\n<meta name=\"twitter:site\" content=\"@radioljubuski\" \/>\n<meta name=\"twitter:label1\" content=\"Napisao\/la\" \/>\n\t<meta name=\"twitter:data1\" content=\"Radio Ljubu\u0161ki\" \/>\n\t<meta name=\"twitter:label2\" content=\"Procijenjeno vrijeme \u010ditanja\" \/>\n\t<meta name=\"twitter:data2\" content=\"3 minute\" \/>\n<script type=\"application\/ld+json\" class=\"yoast-schema-graph\">{\"@context\":\"https:\\\/\\\/schema.org\",\"@graph\":[{\"@type\":\"Article\",\"@id\":\"https:\\\/\\\/radioljubuski.ba\\\/index.php\\\/2021\\\/10\\\/13\\\/sudenje-za-ratni-zlocin-u-krizancevom-selu-svjedok-promijenio-iskaz-odjednom-se-nicega-ne-sjeca\\\/#article\",\"isPartOf\":{\"@id\":\"https:\\\/\\\/radioljubuski.ba\\\/index.php\\\/2021\\\/10\\\/13\\\/sudenje-za-ratni-zlocin-u-krizancevom-selu-svjedok-promijenio-iskaz-odjednom-se-nicega-ne-sjeca\\\/\"},\"author\":{\"name\":\"Radio Ljubu\u0161ki\",\"@id\":\"https:\\\/\\\/radioljubuski.ba\\\/#\\\/schema\\\/person\\\/19fc700381a780f69665d7956c469e3b\"},\"headline\":\"Su\u0111enje za ratni zlo\u010din u Kri\u017ean\u010devom selu: Svjedok promijenio iskaz, odjednom se ni\u010dega ne sje\u0107a\",\"datePublished\":\"2021-10-13T17:22:02+00:00\",\"mainEntityOfPage\":{\"@id\":\"https:\\\/\\\/radioljubuski.ba\\\/index.php\\\/2021\\\/10\\\/13\\\/sudenje-za-ratni-zlocin-u-krizancevom-selu-svjedok-promijenio-iskaz-odjednom-se-nicega-ne-sjeca\\\/\"},\"wordCount\":673,\"publisher\":{\"@id\":\"https:\\\/\\\/radioljubuski.ba\\\/#organization\"},\"image\":{\"@id\":\"https:\\\/\\\/radioljubuski.ba\\\/index.php\\\/2021\\\/10\\\/13\\\/sudenje-za-ratni-zlocin-u-krizancevom-selu-svjedok-promijenio-iskaz-odjednom-se-nicega-ne-sjeca\\\/#primaryimage\"},\"thumbnailUrl\":\"https:\\\/\\\/radioljubuski.ba\\\/wp-content\\\/uploads\\\/2021\\\/10\\\/o_98942_1024.jpg\",\"articleSection\":[\"BIH i regija\"],\"inLanguage\":\"hr\"},{\"@type\":\"WebPage\",\"@id\":\"https:\\\/\\\/radioljubuski.ba\\\/index.php\\\/2021\\\/10\\\/13\\\/sudenje-za-ratni-zlocin-u-krizancevom-selu-svjedok-promijenio-iskaz-odjednom-se-nicega-ne-sjeca\\\/\",\"url\":\"https:\\\/\\\/radioljubuski.ba\\\/index.php\\\/2021\\\/10\\\/13\\\/sudenje-za-ratni-zlocin-u-krizancevom-selu-svjedok-promijenio-iskaz-odjednom-se-nicega-ne-sjeca\\\/\",\"name\":\"Su\u0111enje za ratni zlo\u010din u Kri\u017ean\u010devom selu: Svjedok promijenio iskaz, odjednom se ni\u010dega ne sje\u0107a - RADIO LJUBU\u0160KI\",\"isPartOf\":{\"@id\":\"https:\\\/\\\/radioljubuski.ba\\\/#website\"},\"primaryImageOfPage\":{\"@id\":\"https:\\\/\\\/radioljubuski.ba\\\/index.php\\\/2021\\\/10\\\/13\\\/sudenje-za-ratni-zlocin-u-krizancevom-selu-svjedok-promijenio-iskaz-odjednom-se-nicega-ne-sjeca\\\/#primaryimage\"},\"image\":{\"@id\":\"https:\\\/\\\/radioljubuski.ba\\\/index.php\\\/2021\\\/10\\\/13\\\/sudenje-za-ratni-zlocin-u-krizancevom-selu-svjedok-promijenio-iskaz-odjednom-se-nicega-ne-sjeca\\\/#primaryimage\"},\"thumbnailUrl\":\"https:\\\/\\\/radioljubuski.ba\\\/wp-content\\\/uploads\\\/2021\\\/10\\\/o_98942_1024.jpg\",\"datePublished\":\"2021-10-13T17:22:02+00:00\",\"breadcrumb\":{\"@id\":\"https:\\\/\\\/radioljubuski.ba\\\/index.php\\\/2021\\\/10\\\/13\\\/sudenje-za-ratni-zlocin-u-krizancevom-selu-svjedok-promijenio-iskaz-odjednom-se-nicega-ne-sjeca\\\/#breadcrumb\"},\"inLanguage\":\"hr\",\"potentialAction\":[{\"@type\":\"ReadAction\",\"target\":[\"https:\\\/\\\/radioljubuski.ba\\\/index.php\\\/2021\\\/10\\\/13\\\/sudenje-za-ratni-zlocin-u-krizancevom-selu-svjedok-promijenio-iskaz-odjednom-se-nicega-ne-sjeca\\\/\"]}]},{\"@type\":\"ImageObject\",\"inLanguage\":\"hr\",\"@id\":\"https:\\\/\\\/radioljubuski.ba\\\/index.php\\\/2021\\\/10\\\/13\\\/sudenje-za-ratni-zlocin-u-krizancevom-selu-svjedok-promijenio-iskaz-odjednom-se-nicega-ne-sjeca\\\/#primaryimage\",\"url\":\"https:\\\/\\\/radioljubuski.ba\\\/wp-content\\\/uploads\\\/2021\\\/10\\\/o_98942_1024.jpg\",\"contentUrl\":\"https:\\\/\\\/radioljubuski.ba\\\/wp-content\\\/uploads\\\/2021\\\/10\\\/o_98942_1024.jpg\",\"width\":1024,\"height\":576},{\"@type\":\"BreadcrumbList\",\"@id\":\"https:\\\/\\\/radioljubuski.ba\\\/index.php\\\/2021\\\/10\\\/13\\\/sudenje-za-ratni-zlocin-u-krizancevom-selu-svjedok-promijenio-iskaz-odjednom-se-nicega-ne-sjeca\\\/#breadcrumb\",\"itemListElement\":[{\"@type\":\"ListItem\",\"position\":1,\"name\":\"Po\u010detna stranica\",\"item\":\"https:\\\/\\\/radioljubuski.ba\\\/\"},{\"@type\":\"ListItem\",\"position\":2,\"name\":\"Su\u0111enje za ratni zlo\u010din u Kri\u017ean\u010devom selu: Svjedok promijenio iskaz, odjednom se ni\u010dega ne sje\u0107a\"}]},{\"@type\":\"WebSite\",\"@id\":\"https:\\\/\\\/radioljubuski.ba\\\/#website\",\"url\":\"https:\\\/\\\/radioljubuski.ba\\\/\",\"name\":\"Radio Ljubu\u0161ki\",\"description\":\"Sun\u010dana frekvencija Hercegovine\",\"publisher\":{\"@id\":\"https:\\\/\\\/radioljubuski.ba\\\/#organization\"},\"potentialAction\":[{\"@type\":\"SearchAction\",\"target\":{\"@type\":\"EntryPoint\",\"urlTemplate\":\"https:\\\/\\\/radioljubuski.ba\\\/?s={search_term_string}\"},\"query-input\":{\"@type\":\"PropertyValueSpecification\",\"valueRequired\":true,\"valueName\":\"search_term_string\"}}],\"inLanguage\":\"hr\"},{\"@type\":\"Organization\",\"@id\":\"https:\\\/\\\/radioljubuski.ba\\\/#organization\",\"name\":\"Radio Ljubu\u0161ki\",\"url\":\"https:\\\/\\\/radioljubuski.ba\\\/\",\"logo\":{\"@type\":\"ImageObject\",\"inLanguage\":\"hr\",\"@id\":\"https:\\\/\\\/radioljubuski.ba\\\/#\\\/schema\\\/logo\\\/image\\\/\",\"url\":\"https:\\\/\\\/radioljubuski.ba\\\/wp-content\\\/uploads\\\/2021\\\/02\\\/cropped-Radio_Ljubuski_logo1.jpg\",\"contentUrl\":\"https:\\\/\\\/radioljubuski.ba\\\/wp-content\\\/uploads\\\/2021\\\/02\\\/cropped-Radio_Ljubuski_logo1.jpg\",\"width\":512,\"height\":512,\"caption\":\"Radio Ljubu\u0161ki\"},\"image\":{\"@id\":\"https:\\\/\\\/radioljubuski.ba\\\/#\\\/schema\\\/logo\\\/image\\\/\"},\"sameAs\":[\"https:\\\/\\\/www.facebook.com\\\/Radiio-Ljubuski-1490835324566332\",\"https:\\\/\\\/x.com\\\/radioljubuski\",\"https:\\\/\\\/hr.linkedin.com\\\/company\\\/radio-ljubuski\",\"https:\\\/\\\/www.youtube.com\\\/channel\\\/UCHYaeO_n0Db3tjNGudGpXyw\"]},{\"@type\":\"Person\",\"@id\":\"https:\\\/\\\/radioljubuski.ba\\\/#\\\/schema\\\/person\\\/19fc700381a780f69665d7956c469e3b\",\"name\":\"Radio Ljubu\u0161ki\"}]}<\/script>\n<!-- \/ Yoast SEO plugin. -->","yoast_head_json":{"title":"Su\u0111enje za ratni zlo\u010din u Kri\u017ean\u010devom selu: Svjedok promijenio iskaz, odjednom se ni\u010dega ne sje\u0107a - RADIO LJUBU\u0160KI","robots":{"index":"index","follow":"follow","max-snippet":"max-snippet:-1","max-image-preview":"max-image-preview:large","max-video-preview":"max-video-preview:-1"},"canonical":"https:\/\/radioljubuski.ba\/index.php\/2021\/10\/13\/sudenje-za-ratni-zlocin-u-krizancevom-selu-svjedok-promijenio-iskaz-odjednom-se-nicega-ne-sjeca\/","og_locale":"hr_HR","og_type":"article","og_title":"Su\u0111enje za ratni zlo\u010din u Kri\u017ean\u010devom selu: Svjedok promijenio iskaz, odjednom se ni\u010dega ne sje\u0107a - RADIO LJUBU\u0160KI","og_description":"Prenosimo izvje\u0161taj s ro\u010di\u0161ta sa su\u0111enja za zlo\u010dine u Kri\u017ean\u010devu selu, odr\u017eanog 1. listopada ove godine, koji je izvorno objavio portal Detektor.ba. Na su\u0111enju za zlo\u010dine po\u010dinjene na podru\u010dju Viteza, svjedok Tu\u017eiteljstva BiH ispri\u010dao je kako je vidio zarobljene vojnike Hrvatskog vije\u0107a obrane (HVO) u jednoj gara\u017ei, dok je u ranijem iskazu, koji je u [&hellip;]","og_url":"https:\/\/radioljubuski.ba\/index.php\/2021\/10\/13\/sudenje-za-ratni-zlocin-u-krizancevom-selu-svjedok-promijenio-iskaz-odjednom-se-nicega-ne-sjeca\/","og_site_name":"RADIO LJUBU\u0160KI","article_publisher":"https:\/\/www.facebook.com\/Radiio-Ljubuski-1490835324566332","article_published_time":"2021-10-13T17:22:02+00:00","og_image":[{"width":1024,"height":576,"url":"https:\/\/radioljubuski.ba\/wp-content\/uploads\/2021\/10\/o_98942_1024.jpg","type":"image\/jpeg"}],"author":"Radio Ljubu\u0161ki","twitter_card":"summary_large_image","twitter_creator":"@radioljubuski","twitter_site":"@radioljubuski","twitter_misc":{"Napisao\/la":"Radio Ljubu\u0161ki","Procijenjeno vrijeme \u010ditanja":"3 minute"},"schema":{"@context":"https:\/\/schema.org","@graph":[{"@type":"Article","@id":"https:\/\/radioljubuski.ba\/index.php\/2021\/10\/13\/sudenje-za-ratni-zlocin-u-krizancevom-selu-svjedok-promijenio-iskaz-odjednom-se-nicega-ne-sjeca\/#article","isPartOf":{"@id":"https:\/\/radioljubuski.ba\/index.php\/2021\/10\/13\/sudenje-za-ratni-zlocin-u-krizancevom-selu-svjedok-promijenio-iskaz-odjednom-se-nicega-ne-sjeca\/"},"author":{"name":"Radio Ljubu\u0161ki","@id":"https:\/\/radioljubuski.ba\/#\/schema\/person\/19fc700381a780f69665d7956c469e3b"},"headline":"Su\u0111enje za ratni zlo\u010din u Kri\u017ean\u010devom selu: Svjedok promijenio iskaz, odjednom se ni\u010dega ne sje\u0107a","datePublished":"2021-10-13T17:22:02+00:00","mainEntityOfPage":{"@id":"https:\/\/radioljubuski.ba\/index.php\/2021\/10\/13\/sudenje-za-ratni-zlocin-u-krizancevom-selu-svjedok-promijenio-iskaz-odjednom-se-nicega-ne-sjeca\/"},"wordCount":673,"publisher":{"@id":"https:\/\/radioljubuski.ba\/#organization"},"image":{"@id":"https:\/\/radioljubuski.ba\/index.php\/2021\/10\/13\/sudenje-za-ratni-zlocin-u-krizancevom-selu-svjedok-promijenio-iskaz-odjednom-se-nicega-ne-sjeca\/#primaryimage"},"thumbnailUrl":"https:\/\/radioljubuski.ba\/wp-content\/uploads\/2021\/10\/o_98942_1024.jpg","articleSection":["BIH i regija"],"inLanguage":"hr"},{"@type":"WebPage","@id":"https:\/\/radioljubuski.ba\/index.php\/2021\/10\/13\/sudenje-za-ratni-zlocin-u-krizancevom-selu-svjedok-promijenio-iskaz-odjednom-se-nicega-ne-sjeca\/","url":"https:\/\/radioljubuski.ba\/index.php\/2021\/10\/13\/sudenje-za-ratni-zlocin-u-krizancevom-selu-svjedok-promijenio-iskaz-odjednom-se-nicega-ne-sjeca\/","name":"Su\u0111enje za ratni zlo\u010din u Kri\u017ean\u010devom selu: Svjedok promijenio iskaz, odjednom se ni\u010dega ne sje\u0107a - RADIO LJUBU\u0160KI","isPartOf":{"@id":"https:\/\/radioljubuski.ba\/#website"},"primaryImageOfPage":{"@id":"https:\/\/radioljubuski.ba\/index.php\/2021\/10\/13\/sudenje-za-ratni-zlocin-u-krizancevom-selu-svjedok-promijenio-iskaz-odjednom-se-nicega-ne-sjeca\/#primaryimage"},"image":{"@id":"https:\/\/radioljubuski.ba\/index.php\/2021\/10\/13\/sudenje-za-ratni-zlocin-u-krizancevom-selu-svjedok-promijenio-iskaz-odjednom-se-nicega-ne-sjeca\/#primaryimage"},"thumbnailUrl":"https:\/\/radioljubuski.ba\/wp-content\/uploads\/2021\/10\/o_98942_1024.jpg","datePublished":"2021-10-13T17:22:02+00:00","breadcrumb":{"@id":"https:\/\/radioljubuski.ba\/index.php\/2021\/10\/13\/sudenje-za-ratni-zlocin-u-krizancevom-selu-svjedok-promijenio-iskaz-odjednom-se-nicega-ne-sjeca\/#breadcrumb"},"inLanguage":"hr","potentialAction":[{"@type":"ReadAction","target":["https:\/\/radioljubuski.ba\/index.php\/2021\/10\/13\/sudenje-za-ratni-zlocin-u-krizancevom-selu-svjedok-promijenio-iskaz-odjednom-se-nicega-ne-sjeca\/"]}]},{"@type":"ImageObject","inLanguage":"hr","@id":"https:\/\/radioljubuski.ba\/index.php\/2021\/10\/13\/sudenje-za-ratni-zlocin-u-krizancevom-selu-svjedok-promijenio-iskaz-odjednom-se-nicega-ne-sjeca\/#primaryimage","url":"https:\/\/radioljubuski.ba\/wp-content\/uploads\/2021\/10\/o_98942_1024.jpg","contentUrl":"https:\/\/radioljubuski.ba\/wp-content\/uploads\/2021\/10\/o_98942_1024.jpg","width":1024,"height":576},{"@type":"BreadcrumbList","@id":"https:\/\/radioljubuski.ba\/index.php\/2021\/10\/13\/sudenje-za-ratni-zlocin-u-krizancevom-selu-svjedok-promijenio-iskaz-odjednom-se-nicega-ne-sjeca\/#breadcrumb","itemListElement":[{"@type":"ListItem","position":1,"name":"Po\u010detna stranica","item":"https:\/\/radioljubuski.ba\/"},{"@type":"ListItem","position":2,"name":"Su\u0111enje za ratni zlo\u010din u Kri\u017ean\u010devom selu: Svjedok promijenio iskaz, odjednom se ni\u010dega ne sje\u0107a"}]},{"@type":"WebSite","@id":"https:\/\/radioljubuski.ba\/#website","url":"https:\/\/radioljubuski.ba\/","name":"Radio Ljubu\u0161ki","description":"Sun\u010dana frekvencija Hercegovine","publisher":{"@id":"https:\/\/radioljubuski.ba\/#organization"},"potentialAction":[{"@type":"SearchAction","target":{"@type":"EntryPoint","urlTemplate":"https:\/\/radioljubuski.ba\/?s={search_term_string}"},"query-input":{"@type":"PropertyValueSpecification","valueRequired":true,"valueName":"search_term_string"}}],"inLanguage":"hr"},{"@type":"Organization","@id":"https:\/\/radioljubuski.ba\/#organization","name":"Radio Ljubu\u0161ki","url":"https:\/\/radioljubuski.ba\/","logo":{"@type":"ImageObject","inLanguage":"hr","@id":"https:\/\/radioljubuski.ba\/#\/schema\/logo\/image\/","url":"https:\/\/radioljubuski.ba\/wp-content\/uploads\/2021\/02\/cropped-Radio_Ljubuski_logo1.jpg","contentUrl":"https:\/\/radioljubuski.ba\/wp-content\/uploads\/2021\/02\/cropped-Radio_Ljubuski_logo1.jpg","width":512,"height":512,"caption":"Radio Ljubu\u0161ki"},"image":{"@id":"https:\/\/radioljubuski.ba\/#\/schema\/logo\/image\/"},"sameAs":["https:\/\/www.facebook.com\/Radiio-Ljubuski-1490835324566332","https:\/\/x.com\/radioljubuski","https:\/\/hr.linkedin.com\/company\/radio-ljubuski","https:\/\/www.youtube.com\/channel\/UCHYaeO_n0Db3tjNGudGpXyw"]},{"@type":"Person","@id":"https:\/\/radioljubuski.ba\/#\/schema\/person\/19fc700381a780f69665d7956c469e3b","name":"Radio Ljubu\u0161ki"}]}},"_links":{"self":[{"href":"https:\/\/radioljubuski.ba\/index.php\/wp-json\/wp\/v2\/posts\/75208","targetHints":{"allow":["GET"]}}],"collection":[{"href":"https:\/\/radioljubuski.ba\/index.php\/wp-json\/wp\/v2\/posts"}],"about":[{"href":"https:\/\/radioljubuski.ba\/index.php\/wp-json\/wp\/v2\/types\/post"}],"author":[{"embeddable":true,"href":"https:\/\/radioljubuski.ba\/index.php\/wp-json\/wp\/v2\/users\/2"}],"replies":[{"embeddable":true,"href":"https:\/\/radioljubuski.ba\/index.php\/wp-json\/wp\/v2\/comments?post=75208"}],"version-history":[{"count":1,"href":"https:\/\/radioljubuski.ba\/index.php\/wp-json\/wp\/v2\/posts\/75208\/revisions"}],"predecessor-version":[{"id":75210,"href":"https:\/\/radioljubuski.ba\/index.php\/wp-json\/wp\/v2\/posts\/75208\/revisions\/75210"}],"wp:featuredmedia":[{"embeddable":true,"href":"https:\/\/radioljubuski.ba\/index.php\/wp-json\/wp\/v2\/media\/75209"}],"wp:attachment":[{"href":"https:\/\/radioljubuski.ba\/index.php\/wp-json\/wp\/v2\/media?parent=75208"}],"wp:term":[{"taxonomy":"category","embeddable":true,"href":"https:\/\/radioljubuski.ba\/index.php\/wp-json\/wp\/v2\/categories?post=75208"},{"taxonomy":"post_tag","embeddable":true,"href":"https:\/\/radioljubuski.ba\/index.php\/wp-json\/wp\/v2\/tags?post=75208"}],"curies":[{"name":"wp","href":"https:\/\/api.w.org\/{rel}","templated":true}]}}