{"id":75226,"date":"2021-10-13T18:29:33","date_gmt":"2021-10-13T17:29:33","guid":{"rendered":"https:\/\/radioljubuski.ba\/?p=75226"},"modified":"2021-10-13T18:29:34","modified_gmt":"2021-10-13T17:29:34","slug":"peljeski-most-se-asfaltira-do-bozica-ce-biti-u-funkciji","status":"publish","type":"post","link":"https:\/\/radioljubuski.ba\/index.php\/2021\/10\/13\/peljeski-most-se-asfaltira-do-bozica-ce-biti-u-funkciji\/","title":{"rendered":"Pelje\u0161ki most se asfaltira, do Bo\u017ei\u0107a \u0107e biti u funkciji"},"content":{"rendered":"\n<p><strong>Posao na jednom od najva\u017enijih infrastrukturnih objekata koji se trenuta\u010dno grade u Hrvatskoj primi\u010de se kraju. Ekipa HTV-a prva se prevezela preko Pelje\u0161kog mosta i snimila asfaltiranje, koje je po\u010delo ju\u010der.<\/strong><\/p>\n\n\n\n<iframe loading=\"lazy\" title=\"HRT: Pelje\u0161ki most - Po\u010delo asfaltiranje\" width=\"640\" height=\"360\" src=\"https:\/\/www.youtube.com\/embed\/c7JURTvWgIM?feature=oembed\" frameborder=\"0\" allow=\"accelerometer; autoplay; clipboard-write; encrypted-media; gyroscope; picture-in-picture; web-share\" referrerpolicy=\"strict-origin-when-cross-origin\" allowfullscreen><\/iframe>\n\n\n\n<p>Nasred Pelje\u0161kog mosta bijeli dim iz vru\u0107eg asfalta. Postavlja se prvi sloj.<\/p>\n\n\n\n<p>\u2013 Lijevani asfalt je specifi\u010dan, kao \u0161to vidite, nemamo valjaka na ugradnji, on ima ne\u0161to ve\u0107u \u017eitkost i ne\u0161to ve\u0107i udio bitumena nego standardni asfalti i nije toliko \u010dest u na\u0161oj cestogradnji, objasnio je Ivica Grani\u0107, voditelj radova na asfaltiranju Pelje\u0161kog mosta iz tvrtke CRBC.<\/p>\n\n\n\n<figure class=\"wp-block-image\"><img decoding=\"async\" src=\"https:\/\/hms.ba\/wp-content\/uploads\/2021\/07\/peljeski-most-nova2.jpg\" alt=\"\"\/><\/figure>\n\n\n\n<p>\u2013 Ovakva vrsta asfalta specifi\u010dna je po tome \u0161to je otpornija na prodiranje vode i soli i samim time pru\u017ea dugotrajniju za\u0161titu konstrukcije, rekao je za HTV in\u017eenjer Hrvatskih cesta na gradili\u0161tu Pelje\u0161kog mosta Davor Peri\u0107.<\/p>\n\n\n\n<p>Kad se na dva traka u cijeloj du\u017eini mosta izlije asfalt, na njega \u0107e se postaviti drugi sloj, takozvani habaju\u0107i asfalt. Nakon toga slijedi isti posao na druga dva.<\/p>\n\n\n\n<p>\u2013 O\u010dekujemo da \u0107emo postavljanje asfalta na dva traka s plo\u010danske strane mosta zavr\u0161iti za 15 dana, a na druga dva traka, s neumske strane, postavit \u0107emo do kraja studenoga, najavio je Chen Yong, in\u017eenjer na gradili\u0161tu Pelje\u0161kog mosta iz CRBC-a.<\/p>\n\n\n\n<p>Asfaltiranje mosta nije jedino \u0161to se u ovom trenutku ondje radi.<\/p>\n\n\n\n<p>\u2013 Ugra\u0111uju se ograde za za\u0161titu od vjetra, zavr\u0161ava se bojenje antikorozivnim premazom te se zavr\u0161avaju neki radovi na pristupnim cestama neposredno uz most, istaknuo je Peri\u0107.<\/p>\n\n\n\n<p>I jo\u0161 jedan vrlo zahtjevan posao obavljaju alpinisti na stupovima mosta.<\/p>\n\n\n\n<p>\u2013 Prva faza je pranje stupova visokotla\u010dnim pera\u010dem, druga faza je impregnacija mosta za du\u017ei rok trajanja betona, naveo je Ivica Beovi\u0107, alpinist iz Omi\u0161a.<\/p>\n\n\n\n<p>Ekipa HTV-a, provozala se ali uz posebnu dozvolu voditelja gradili\u0161ta Pelje\u0161kim mostom, na kojem bi radovi trebali biti zavr\u0161eni do kraja godine.<\/p>\n\n\n\n<p>\/HMS\/<\/p>\n","protected":false},"excerpt":{"rendered":"<p>Posao na jednom od najva\u017enijih infrastrukturnih objekata koji se trenuta\u010dno grade u Hrvatskoj primi\u010de se kraju. Ekipa HTV-a prva se prevezela preko Pelje\u0161kog mosta i snimila asfaltiranje, koje je po\u010delo ju\u010der. Nasred Pelje\u0161kog mosta bijeli dim iz vru\u0107eg asfalta. Postavlja se prvi sloj. \u2013 Lijevani asfalt je specifi\u010dan, kao \u0161to vidite, nemamo valjaka na ugradnji, [&hellip;]<\/p>\n","protected":false},"author":2,"featured_media":75227,"comment_status":"closed","ping_status":"closed","sticky":false,"template":"","format":"standard","meta":{"h5ap_radio_sources":[],"footnotes":""},"categories":[1],"tags":[],"class_list":["post-75226","post","type-post","status-publish","format-standard","has-post-thumbnail","hentry","category-bihiregija"],"yoast_head":"<!-- This site is optimized with the Yoast SEO plugin v27.4 - https:\/\/yoast.com\/product\/yoast-seo-wordpress\/ -->\n<title>Pelje\u0161ki most se asfaltira, do Bo\u017ei\u0107a \u0107e biti u funkciji - RADIO LJUBU\u0160KI<\/title>\n<meta name=\"robots\" content=\"index, follow, max-snippet:-1, max-image-preview:large, max-video-preview:-1\" \/>\n<link rel=\"canonical\" href=\"https:\/\/radioljubuski.ba\/index.php\/2021\/10\/13\/peljeski-most-se-asfaltira-do-bozica-ce-biti-u-funkciji\/\" \/>\n<meta property=\"og:locale\" content=\"hr_HR\" \/>\n<meta property=\"og:type\" content=\"article\" \/>\n<meta property=\"og:title\" content=\"Pelje\u0161ki most se asfaltira, do Bo\u017ei\u0107a \u0107e biti u funkciji - RADIO LJUBU\u0160KI\" \/>\n<meta property=\"og:description\" content=\"Posao na jednom od najva\u017enijih infrastrukturnih objekata koji se trenuta\u010dno grade u Hrvatskoj primi\u010de se kraju. Ekipa HTV-a prva se prevezela preko Pelje\u0161kog mosta i snimila asfaltiranje, koje je po\u010delo ju\u010der. Nasred Pelje\u0161kog mosta bijeli dim iz vru\u0107eg asfalta. Postavlja se prvi sloj. \u2013 Lijevani asfalt je specifi\u010dan, kao \u0161to vidite, nemamo valjaka na ugradnji, [&hellip;]\" \/>\n<meta property=\"og:url\" content=\"https:\/\/radioljubuski.ba\/index.php\/2021\/10\/13\/peljeski-most-se-asfaltira-do-bozica-ce-biti-u-funkciji\/\" \/>\n<meta property=\"og:site_name\" content=\"RADIO LJUBU\u0160KI\" \/>\n<meta property=\"article:publisher\" content=\"https:\/\/www.facebook.com\/Radiio-Ljubuski-1490835324566332\" \/>\n<meta property=\"article:published_time\" content=\"2021-10-13T17:29:33+00:00\" \/>\n<meta property=\"article:modified_time\" content=\"2021-10-13T17:29:34+00:00\" \/>\n<meta property=\"og:image\" content=\"https:\/\/radioljubuski.ba\/wp-content\/uploads\/2021\/10\/maxresdefault-4.jpg\" \/>\n\t<meta property=\"og:image:width\" content=\"1280\" \/>\n\t<meta property=\"og:image:height\" content=\"720\" \/>\n\t<meta property=\"og:image:type\" content=\"image\/jpeg\" \/>\n<meta name=\"author\" content=\"Radio Ljubu\u0161ki\" \/>\n<meta name=\"twitter:card\" content=\"summary_large_image\" \/>\n<meta name=\"twitter:creator\" content=\"@radioljubuski\" \/>\n<meta name=\"twitter:site\" content=\"@radioljubuski\" \/>\n<meta name=\"twitter:label1\" content=\"Napisao\/la\" \/>\n\t<meta name=\"twitter:data1\" content=\"Radio Ljubu\u0161ki\" \/>\n\t<meta name=\"twitter:label2\" content=\"Procijenjeno vrijeme \u010ditanja\" \/>\n\t<meta name=\"twitter:data2\" content=\"2 minute\" \/>\n<script type=\"application\/ld+json\" class=\"yoast-schema-graph\">{\"@context\":\"https:\\\/\\\/schema.org\",\"@graph\":[{\"@type\":\"Article\",\"@id\":\"https:\\\/\\\/radioljubuski.ba\\\/index.php\\\/2021\\\/10\\\/13\\\/peljeski-most-se-asfaltira-do-bozica-ce-biti-u-funkciji\\\/#article\",\"isPartOf\":{\"@id\":\"https:\\\/\\\/radioljubuski.ba\\\/index.php\\\/2021\\\/10\\\/13\\\/peljeski-most-se-asfaltira-do-bozica-ce-biti-u-funkciji\\\/\"},\"author\":{\"name\":\"Radio Ljubu\u0161ki\",\"@id\":\"https:\\\/\\\/radioljubuski.ba\\\/#\\\/schema\\\/person\\\/19fc700381a780f69665d7956c469e3b\"},\"headline\":\"Pelje\u0161ki most se asfaltira, do Bo\u017ei\u0107a \u0107e biti u funkciji\",\"datePublished\":\"2021-10-13T17:29:33+00:00\",\"dateModified\":\"2021-10-13T17:29:34+00:00\",\"mainEntityOfPage\":{\"@id\":\"https:\\\/\\\/radioljubuski.ba\\\/index.php\\\/2021\\\/10\\\/13\\\/peljeski-most-se-asfaltira-do-bozica-ce-biti-u-funkciji\\\/\"},\"wordCount\":346,\"publisher\":{\"@id\":\"https:\\\/\\\/radioljubuski.ba\\\/#organization\"},\"image\":{\"@id\":\"https:\\\/\\\/radioljubuski.ba\\\/index.php\\\/2021\\\/10\\\/13\\\/peljeski-most-se-asfaltira-do-bozica-ce-biti-u-funkciji\\\/#primaryimage\"},\"thumbnailUrl\":\"https:\\\/\\\/radioljubuski.ba\\\/wp-content\\\/uploads\\\/2021\\\/10\\\/maxresdefault-4.jpg\",\"articleSection\":[\"BIH i regija\"],\"inLanguage\":\"hr\"},{\"@type\":\"WebPage\",\"@id\":\"https:\\\/\\\/radioljubuski.ba\\\/index.php\\\/2021\\\/10\\\/13\\\/peljeski-most-se-asfaltira-do-bozica-ce-biti-u-funkciji\\\/\",\"url\":\"https:\\\/\\\/radioljubuski.ba\\\/index.php\\\/2021\\\/10\\\/13\\\/peljeski-most-se-asfaltira-do-bozica-ce-biti-u-funkciji\\\/\",\"name\":\"Pelje\u0161ki most se asfaltira, do Bo\u017ei\u0107a \u0107e biti u funkciji - RADIO LJUBU\u0160KI\",\"isPartOf\":{\"@id\":\"https:\\\/\\\/radioljubuski.ba\\\/#website\"},\"primaryImageOfPage\":{\"@id\":\"https:\\\/\\\/radioljubuski.ba\\\/index.php\\\/2021\\\/10\\\/13\\\/peljeski-most-se-asfaltira-do-bozica-ce-biti-u-funkciji\\\/#primaryimage\"},\"image\":{\"@id\":\"https:\\\/\\\/radioljubuski.ba\\\/index.php\\\/2021\\\/10\\\/13\\\/peljeski-most-se-asfaltira-do-bozica-ce-biti-u-funkciji\\\/#primaryimage\"},\"thumbnailUrl\":\"https:\\\/\\\/radioljubuski.ba\\\/wp-content\\\/uploads\\\/2021\\\/10\\\/maxresdefault-4.jpg\",\"datePublished\":\"2021-10-13T17:29:33+00:00\",\"dateModified\":\"2021-10-13T17:29:34+00:00\",\"breadcrumb\":{\"@id\":\"https:\\\/\\\/radioljubuski.ba\\\/index.php\\\/2021\\\/10\\\/13\\\/peljeski-most-se-asfaltira-do-bozica-ce-biti-u-funkciji\\\/#breadcrumb\"},\"inLanguage\":\"hr\",\"potentialAction\":[{\"@type\":\"ReadAction\",\"target\":[\"https:\\\/\\\/radioljubuski.ba\\\/index.php\\\/2021\\\/10\\\/13\\\/peljeski-most-se-asfaltira-do-bozica-ce-biti-u-funkciji\\\/\"]}]},{\"@type\":\"ImageObject\",\"inLanguage\":\"hr\",\"@id\":\"https:\\\/\\\/radioljubuski.ba\\\/index.php\\\/2021\\\/10\\\/13\\\/peljeski-most-se-asfaltira-do-bozica-ce-biti-u-funkciji\\\/#primaryimage\",\"url\":\"https:\\\/\\\/radioljubuski.ba\\\/wp-content\\\/uploads\\\/2021\\\/10\\\/maxresdefault-4.jpg\",\"contentUrl\":\"https:\\\/\\\/radioljubuski.ba\\\/wp-content\\\/uploads\\\/2021\\\/10\\\/maxresdefault-4.jpg\",\"width\":1280,\"height\":720},{\"@type\":\"BreadcrumbList\",\"@id\":\"https:\\\/\\\/radioljubuski.ba\\\/index.php\\\/2021\\\/10\\\/13\\\/peljeski-most-se-asfaltira-do-bozica-ce-biti-u-funkciji\\\/#breadcrumb\",\"itemListElement\":[{\"@type\":\"ListItem\",\"position\":1,\"name\":\"Po\u010detna stranica\",\"item\":\"https:\\\/\\\/radioljubuski.ba\\\/\"},{\"@type\":\"ListItem\",\"position\":2,\"name\":\"Pelje\u0161ki most se asfaltira, do Bo\u017ei\u0107a \u0107e biti u funkciji\"}]},{\"@type\":\"WebSite\",\"@id\":\"https:\\\/\\\/radioljubuski.ba\\\/#website\",\"url\":\"https:\\\/\\\/radioljubuski.ba\\\/\",\"name\":\"Radio Ljubu\u0161ki\",\"description\":\"Sun\u010dana frekvencija Hercegovine\",\"publisher\":{\"@id\":\"https:\\\/\\\/radioljubuski.ba\\\/#organization\"},\"potentialAction\":[{\"@type\":\"SearchAction\",\"target\":{\"@type\":\"EntryPoint\",\"urlTemplate\":\"https:\\\/\\\/radioljubuski.ba\\\/?s={search_term_string}\"},\"query-input\":{\"@type\":\"PropertyValueSpecification\",\"valueRequired\":true,\"valueName\":\"search_term_string\"}}],\"inLanguage\":\"hr\"},{\"@type\":\"Organization\",\"@id\":\"https:\\\/\\\/radioljubuski.ba\\\/#organization\",\"name\":\"Radio Ljubu\u0161ki\",\"url\":\"https:\\\/\\\/radioljubuski.ba\\\/\",\"logo\":{\"@type\":\"ImageObject\",\"inLanguage\":\"hr\",\"@id\":\"https:\\\/\\\/radioljubuski.ba\\\/#\\\/schema\\\/logo\\\/image\\\/\",\"url\":\"https:\\\/\\\/radioljubuski.ba\\\/wp-content\\\/uploads\\\/2021\\\/02\\\/cropped-Radio_Ljubuski_logo1.jpg\",\"contentUrl\":\"https:\\\/\\\/radioljubuski.ba\\\/wp-content\\\/uploads\\\/2021\\\/02\\\/cropped-Radio_Ljubuski_logo1.jpg\",\"width\":512,\"height\":512,\"caption\":\"Radio Ljubu\u0161ki\"},\"image\":{\"@id\":\"https:\\\/\\\/radioljubuski.ba\\\/#\\\/schema\\\/logo\\\/image\\\/\"},\"sameAs\":[\"https:\\\/\\\/www.facebook.com\\\/Radiio-Ljubuski-1490835324566332\",\"https:\\\/\\\/x.com\\\/radioljubuski\",\"https:\\\/\\\/hr.linkedin.com\\\/company\\\/radio-ljubuski\",\"https:\\\/\\\/www.youtube.com\\\/channel\\\/UCHYaeO_n0Db3tjNGudGpXyw\"]},{\"@type\":\"Person\",\"@id\":\"https:\\\/\\\/radioljubuski.ba\\\/#\\\/schema\\\/person\\\/19fc700381a780f69665d7956c469e3b\",\"name\":\"Radio Ljubu\u0161ki\"}]}<\/script>\n<!-- \/ Yoast SEO plugin. -->","yoast_head_json":{"title":"Pelje\u0161ki most se asfaltira, do Bo\u017ei\u0107a \u0107e biti u funkciji - RADIO LJUBU\u0160KI","robots":{"index":"index","follow":"follow","max-snippet":"max-snippet:-1","max-image-preview":"max-image-preview:large","max-video-preview":"max-video-preview:-1"},"canonical":"https:\/\/radioljubuski.ba\/index.php\/2021\/10\/13\/peljeski-most-se-asfaltira-do-bozica-ce-biti-u-funkciji\/","og_locale":"hr_HR","og_type":"article","og_title":"Pelje\u0161ki most se asfaltira, do Bo\u017ei\u0107a \u0107e biti u funkciji - RADIO LJUBU\u0160KI","og_description":"Posao na jednom od najva\u017enijih infrastrukturnih objekata koji se trenuta\u010dno grade u Hrvatskoj primi\u010de se kraju. Ekipa HTV-a prva se prevezela preko Pelje\u0161kog mosta i snimila asfaltiranje, koje je po\u010delo ju\u010der. Nasred Pelje\u0161kog mosta bijeli dim iz vru\u0107eg asfalta. Postavlja se prvi sloj. \u2013 Lijevani asfalt je specifi\u010dan, kao \u0161to vidite, nemamo valjaka na ugradnji, [&hellip;]","og_url":"https:\/\/radioljubuski.ba\/index.php\/2021\/10\/13\/peljeski-most-se-asfaltira-do-bozica-ce-biti-u-funkciji\/","og_site_name":"RADIO LJUBU\u0160KI","article_publisher":"https:\/\/www.facebook.com\/Radiio-Ljubuski-1490835324566332","article_published_time":"2021-10-13T17:29:33+00:00","article_modified_time":"2021-10-13T17:29:34+00:00","og_image":[{"width":1280,"height":720,"url":"https:\/\/radioljubuski.ba\/wp-content\/uploads\/2021\/10\/maxresdefault-4.jpg","type":"image\/jpeg"}],"author":"Radio Ljubu\u0161ki","twitter_card":"summary_large_image","twitter_creator":"@radioljubuski","twitter_site":"@radioljubuski","twitter_misc":{"Napisao\/la":"Radio Ljubu\u0161ki","Procijenjeno vrijeme \u010ditanja":"2 minute"},"schema":{"@context":"https:\/\/schema.org","@graph":[{"@type":"Article","@id":"https:\/\/radioljubuski.ba\/index.php\/2021\/10\/13\/peljeski-most-se-asfaltira-do-bozica-ce-biti-u-funkciji\/#article","isPartOf":{"@id":"https:\/\/radioljubuski.ba\/index.php\/2021\/10\/13\/peljeski-most-se-asfaltira-do-bozica-ce-biti-u-funkciji\/"},"author":{"name":"Radio Ljubu\u0161ki","@id":"https:\/\/radioljubuski.ba\/#\/schema\/person\/19fc700381a780f69665d7956c469e3b"},"headline":"Pelje\u0161ki most se asfaltira, do Bo\u017ei\u0107a \u0107e biti u funkciji","datePublished":"2021-10-13T17:29:33+00:00","dateModified":"2021-10-13T17:29:34+00:00","mainEntityOfPage":{"@id":"https:\/\/radioljubuski.ba\/index.php\/2021\/10\/13\/peljeski-most-se-asfaltira-do-bozica-ce-biti-u-funkciji\/"},"wordCount":346,"publisher":{"@id":"https:\/\/radioljubuski.ba\/#organization"},"image":{"@id":"https:\/\/radioljubuski.ba\/index.php\/2021\/10\/13\/peljeski-most-se-asfaltira-do-bozica-ce-biti-u-funkciji\/#primaryimage"},"thumbnailUrl":"https:\/\/radioljubuski.ba\/wp-content\/uploads\/2021\/10\/maxresdefault-4.jpg","articleSection":["BIH i regija"],"inLanguage":"hr"},{"@type":"WebPage","@id":"https:\/\/radioljubuski.ba\/index.php\/2021\/10\/13\/peljeski-most-se-asfaltira-do-bozica-ce-biti-u-funkciji\/","url":"https:\/\/radioljubuski.ba\/index.php\/2021\/10\/13\/peljeski-most-se-asfaltira-do-bozica-ce-biti-u-funkciji\/","name":"Pelje\u0161ki most se asfaltira, do Bo\u017ei\u0107a \u0107e biti u funkciji - RADIO LJUBU\u0160KI","isPartOf":{"@id":"https:\/\/radioljubuski.ba\/#website"},"primaryImageOfPage":{"@id":"https:\/\/radioljubuski.ba\/index.php\/2021\/10\/13\/peljeski-most-se-asfaltira-do-bozica-ce-biti-u-funkciji\/#primaryimage"},"image":{"@id":"https:\/\/radioljubuski.ba\/index.php\/2021\/10\/13\/peljeski-most-se-asfaltira-do-bozica-ce-biti-u-funkciji\/#primaryimage"},"thumbnailUrl":"https:\/\/radioljubuski.ba\/wp-content\/uploads\/2021\/10\/maxresdefault-4.jpg","datePublished":"2021-10-13T17:29:33+00:00","dateModified":"2021-10-13T17:29:34+00:00","breadcrumb":{"@id":"https:\/\/radioljubuski.ba\/index.php\/2021\/10\/13\/peljeski-most-se-asfaltira-do-bozica-ce-biti-u-funkciji\/#breadcrumb"},"inLanguage":"hr","potentialAction":[{"@type":"ReadAction","target":["https:\/\/radioljubuski.ba\/index.php\/2021\/10\/13\/peljeski-most-se-asfaltira-do-bozica-ce-biti-u-funkciji\/"]}]},{"@type":"ImageObject","inLanguage":"hr","@id":"https:\/\/radioljubuski.ba\/index.php\/2021\/10\/13\/peljeski-most-se-asfaltira-do-bozica-ce-biti-u-funkciji\/#primaryimage","url":"https:\/\/radioljubuski.ba\/wp-content\/uploads\/2021\/10\/maxresdefault-4.jpg","contentUrl":"https:\/\/radioljubuski.ba\/wp-content\/uploads\/2021\/10\/maxresdefault-4.jpg","width":1280,"height":720},{"@type":"BreadcrumbList","@id":"https:\/\/radioljubuski.ba\/index.php\/2021\/10\/13\/peljeski-most-se-asfaltira-do-bozica-ce-biti-u-funkciji\/#breadcrumb","itemListElement":[{"@type":"ListItem","position":1,"name":"Po\u010detna stranica","item":"https:\/\/radioljubuski.ba\/"},{"@type":"ListItem","position":2,"name":"Pelje\u0161ki most se asfaltira, do Bo\u017ei\u0107a \u0107e biti u funkciji"}]},{"@type":"WebSite","@id":"https:\/\/radioljubuski.ba\/#website","url":"https:\/\/radioljubuski.ba\/","name":"Radio Ljubu\u0161ki","description":"Sun\u010dana frekvencija Hercegovine","publisher":{"@id":"https:\/\/radioljubuski.ba\/#organization"},"potentialAction":[{"@type":"SearchAction","target":{"@type":"EntryPoint","urlTemplate":"https:\/\/radioljubuski.ba\/?s={search_term_string}"},"query-input":{"@type":"PropertyValueSpecification","valueRequired":true,"valueName":"search_term_string"}}],"inLanguage":"hr"},{"@type":"Organization","@id":"https:\/\/radioljubuski.ba\/#organization","name":"Radio Ljubu\u0161ki","url":"https:\/\/radioljubuski.ba\/","logo":{"@type":"ImageObject","inLanguage":"hr","@id":"https:\/\/radioljubuski.ba\/#\/schema\/logo\/image\/","url":"https:\/\/radioljubuski.ba\/wp-content\/uploads\/2021\/02\/cropped-Radio_Ljubuski_logo1.jpg","contentUrl":"https:\/\/radioljubuski.ba\/wp-content\/uploads\/2021\/02\/cropped-Radio_Ljubuski_logo1.jpg","width":512,"height":512,"caption":"Radio Ljubu\u0161ki"},"image":{"@id":"https:\/\/radioljubuski.ba\/#\/schema\/logo\/image\/"},"sameAs":["https:\/\/www.facebook.com\/Radiio-Ljubuski-1490835324566332","https:\/\/x.com\/radioljubuski","https:\/\/hr.linkedin.com\/company\/radio-ljubuski","https:\/\/www.youtube.com\/channel\/UCHYaeO_n0Db3tjNGudGpXyw"]},{"@type":"Person","@id":"https:\/\/radioljubuski.ba\/#\/schema\/person\/19fc700381a780f69665d7956c469e3b","name":"Radio Ljubu\u0161ki"}]}},"_links":{"self":[{"href":"https:\/\/radioljubuski.ba\/index.php\/wp-json\/wp\/v2\/posts\/75226","targetHints":{"allow":["GET"]}}],"collection":[{"href":"https:\/\/radioljubuski.ba\/index.php\/wp-json\/wp\/v2\/posts"}],"about":[{"href":"https:\/\/radioljubuski.ba\/index.php\/wp-json\/wp\/v2\/types\/post"}],"author":[{"embeddable":true,"href":"https:\/\/radioljubuski.ba\/index.php\/wp-json\/wp\/v2\/users\/2"}],"replies":[{"embeddable":true,"href":"https:\/\/radioljubuski.ba\/index.php\/wp-json\/wp\/v2\/comments?post=75226"}],"version-history":[{"count":1,"href":"https:\/\/radioljubuski.ba\/index.php\/wp-json\/wp\/v2\/posts\/75226\/revisions"}],"predecessor-version":[{"id":75228,"href":"https:\/\/radioljubuski.ba\/index.php\/wp-json\/wp\/v2\/posts\/75226\/revisions\/75228"}],"wp:featuredmedia":[{"embeddable":true,"href":"https:\/\/radioljubuski.ba\/index.php\/wp-json\/wp\/v2\/media\/75227"}],"wp:attachment":[{"href":"https:\/\/radioljubuski.ba\/index.php\/wp-json\/wp\/v2\/media?parent=75226"}],"wp:term":[{"taxonomy":"category","embeddable":true,"href":"https:\/\/radioljubuski.ba\/index.php\/wp-json\/wp\/v2\/categories?post=75226"},{"taxonomy":"post_tag","embeddable":true,"href":"https:\/\/radioljubuski.ba\/index.php\/wp-json\/wp\/v2\/tags?post=75226"}],"curies":[{"name":"wp","href":"https:\/\/api.w.org\/{rel}","templated":true}]}}