{"id":75241,"date":"2021-10-13T18:38:15","date_gmt":"2021-10-13T17:38:15","guid":{"rendered":"https:\/\/radioljubuski.ba\/?p=75241"},"modified":"2021-10-13T18:38:16","modified_gmt":"2021-10-13T17:38:16","slug":"pandemija-narusila-mentalno-zdravlje-studenata","status":"publish","type":"post","link":"https:\/\/radioljubuski.ba\/index.php\/2021\/10\/13\/pandemija-narusila-mentalno-zdravlje-studenata\/","title":{"rendered":"Pandemija naru\u0161ila mentalno zdravlje studenata"},"content":{"rendered":"\n<p>Pandemija koronavirusa naru\u0161ila je mentalno zdravlje studenata, ali i destigmatizirala to pitanje, osvijestila va\u017enost socijalnih kontakata i nastave u\u017eivo, neki su od rezultati istra\u017eivanja &#8220;Studenti i pandemija: Kako smo (pre)\u017eivjeli?&#8221;, predstavljeni u srijedu.<\/p>\n\n\n\n<p>Istra\u017eivanje je provela Agencija za znanost i visoko obrazovanje (AZVO) od 2. do 12. rujna ove godine na nacionalnoj razini, sudjelovalo je gotovo 4300 studentica i studenata sveu\u010dili\u0161nih i stru\u010dnih studija svih razina, osim poslijediplomske koji su odgovorili na e-upitnike.<\/p>\n\n\n\n<p>Predstavljanje rezultata istra\u017eivanja o dosegu i utjecaju pandemijskih okolnosti poput online i\/ili hibridne nastave, razli\u010ditih restrikcija u dru\u0161tvenom \u017eivotu i iskustvu studiranja u pro\u0161loj akademskoj godini okupilo je u hotelu \u201cAcademia\u201d u Zagrebu mnoge zainteresirane predstavnike akademske zajednice iz Zagreba, te drugih hrvatskih sveu\u010dili\u0161nih gradova.<\/p>\n\n\n\n<p>Pitanja su bila podijeljena u \u010detiri tematske cjeline \u2013 organizacija nastave, studentski \u017eivot, mentalno zdravlje i prijelazak sa srednjo\u0161kolske nastave na fakultetsku.<\/p>\n\n\n\n<p>Izravni kontakt nema alternativu, hrvatska iskustva podudarna europskim&nbsp;<\/p>\n\n\n\n<p>Doga\u0111anje je otvorila v. d. ravnatelja AZVO-a prof. dr. Jasmina Havranek. Istaknula je kako je istra\u017eivanje pokazalo da izravni kontakt nema alternativu pa je va\u017ean povratak na kontaktni na\u010din izvo\u0111enja nastave, uz pridr\u017eavanje epidemiolo\u0161kih mjera dok traje pandemija.<\/p>\n\n\n\n<p>Havranek je objasnila da treba jasno razlu\u010diti online programe od online nastave, jer online programi imaju dopusnicu, dok je online nastava kreirana \u2018u hodu\u2019.<\/p>\n\n\n\n<p>Zato \u0107e, dodala je, svi online programi morati dobiti dopusnicu, a za njihovo provo\u0111enje trebaju se dodatno obrazovati i nastavnici u \u010demu \u0107e AZVO sudjelovati i ubudu\u0107e.<\/p>\n\n\n\n<p>Na\u010delnica Sektora za razvoj visokog obrazovanja Ministarstva znanosti i obrazovanja Dijana Mandi\u0107 podsjetila je da je u pro\u0161loj godini akademska nastava maksimalno ostvarena online, ali je mjerodavno ministarstvo, prate\u0107i rezultate hrvatskih i europskih studija, ve\u0107 ljetos pozvalo hrvatska visoka u\u010dili\u0161ta na nastavu u\u017eivo.<\/p>\n\n\n\n<p>Uz napomenu da i hrvatska istra\u017eivanja potvr\u0111uju europska iskustva, Mandi\u0107 je ocijenila da neki rezultati istra\u017eivanja zabrinjavaju, ali su i relevantna podloga za poduzimanje potrebnih koraka.<\/p>\n\n\n\n<p>Na predstavljanu nazo\u010dan rektor Sveu\u010dili\u0161ta u Zagrebu Damir Boras rekao je kako su rezultati o\u010dekivani, pa su, me\u0111u ostalim, pokazali da je online nastava perfektan dodatak, ali ne mo\u017ee prevladavati.<\/p>\n\n\n\n<p>Kada je, pak, rije\u010d o mentalnom zdravlju studenata, rektor Boras rekao je da na zagreba\u010dkom Sveu\u010dili\u0161tu ima nekoliko ureda za psiholo\u0161ku pomo\u0107, ali su podkapacitirani jer, kazao je, Sveu\u010dili\u0161te osim dijela za pla\u0107e, za pro\u0161lu akademsku godinu jo\u0161 nije dobilo \u010dak 41 posto novca predvi\u0111enih u dr\u017eavnom prora\u010dunu.<\/p>\n\n\n\n<p>Zaklju\u010dci istra\u017eivanja \u2013 studentska populacija heterogena<\/p>\n\n\n\n<p>Rezultate istra\u017eivanje sa\u017eele su Mina \u0110or\u0111evi\u0107 i \u017deljka Plu\u017eari\u0107 iz AZVO, a cjeloviti podatci dostupni su na mre\u017enim stranicama AZVO-a.<\/p>\n\n\n\n<p>Tako je, primjerice, dominantan oblik izvo\u0111enja nastave u pro\u0161loj akademskoj godini bila u potpunosti nastava online \u2013 40 posto, najvi\u0161e online nastave imali su sudionici vi\u0161ih godina diplomskih studija \u2013 49 posto, 29 posto studenata prve godine preddiplomskih i integriranih studija nastavu je poha\u0111alo isklju\u010divo online, a 63 posto bruco\u0161a navelo je da zbog pandemije nisu u potpunosti do\u017eivjeli iskustvo studiranja.<\/p>\n\n\n\n<p>Vi\u0161e od 35 posto sudionika istra\u017eivanja kao \u017eeljeni oblik nastave u teku\u0107oj akademskoj godini navelo je u\u010dioni\u010dku nastavu, a njih 29 posto nastavu u potpunosti online.<\/p>\n\n\n\n<p>Kada je pak rije\u010d o cijepljenju, 60 posto sudionika istra\u017eivanja ne bi podr\u017ealo uvo\u0111enje obveznog cijepljenja protiv bolesti covid-19 za studente i nastavnike, a njih 25 posto podr\u017eava uvo\u0111enje obveznoga cijepljenja.<\/p>\n\n\n\n<p>Me\u0111u studentima postoji zna\u010dajna razina nezadovoljstva studentskim \u017eivotom u odnosu na razdoblje prije pandemije; &nbsp;tako je za njih 59 posto to zadovoljstvo puno manje i manje, ali izvanredni studenti zadovoljniji su od redovitih.<\/p>\n\n\n\n<p>Naru\u0161en je i osje\u0107aj pripadnosti studentskoj zajednici, a ve\u0107ina studenata \u2013 73 posto nije imala priliku upoznavati nove ljude kao do sada.<\/p>\n\n\n\n<p>U \u017eivotu nakon pandemije najve\u0107i postotak studenata veseli se dru\u017eenju s kolegama bez ograni\u010denja \u2013 njih 71 posto, a isti postotak raduje se \u0161to ne\u0107e morati nositi maske.<\/p>\n\n\n\n<p>\u010cak 52 posto studenata do\u017eivljava svoje mentalno zdravlje lo\u0161ijim i puno lo\u0161ijim u odnosu na razdoblje prije pandemije. Studente je najvi\u0161e zabrinjavala mogu\u0107nost zaraze bliskih osoba koronavirusom &nbsp;\u2013 57 posto, a najmanje ih je brinula mogu\u0107nost vlastite zaraze \u2013 17 posto.<\/p>\n\n\n\n<p>Od te\u0161ko\u0107a koje su studenti iskusili tijekom protekle akademske godine 50 posto navelo je osje\u0107aj socijalne izolacije i usamljenosti, a isti postotak probleme s pa\u017enjom i koncentracijom<\/p>\n\n\n\n<p>Znatan broj studenata osje\u0107ao se anksiozno \u2013 46 posto i depresivno \u2013 29 posto, njih 43 posto koristilo je dru\u0161tvene mre\u017ee na nezdrav na\u010din, 32 posto iskazalo je interes za psiholo\u0161ko savjetovanje u\u017eivo, a \u010detvrtina ih se osje\u0107ala puno bolje nego prije pandemije.<\/p>\n\n\n\n<p>Okrugli stol \u2013 Kriza je prilika za podizanje kvalitete nastave<\/p>\n\n\n\n<p>Rezultati istra\u017eivanja bili su podloga za raspravu na okruglom stolu na kojem su, uz Jasminu Havranek i Dijanu Mandi\u0107, sudjelovale i prof. dr. Marina Ajdukovi\u0107 s Pravnoga fakulteta Sveu\u010dili\u0161ta u Zagrebu, dr. Gabrijela Vidi\u0107 s Odjela za turizam i komunikacijske znanosti Sveu\u010dili\u0161ta u Zadru i Bruna Bandula, predsjednica Studentskoga zbora PMF-a Sveu\u010dili\u0161ta u Zagrebu.<\/p>\n\n\n\n<p>Okrugli stol moderirao je Ivan Bi\u0161\u0107an iz AZVO-a. Sudionice su bile suglasne da je protekla akademska godina bila izazovna studentima, ali i visoko\u0161kolskim nastavnicima, te da je klasi\u010dna nastava u\u017eivo \u017eeljeni oblik nastave za ve\u0107inu studenata.<\/p>\n\n\n\n<p>Jedan od prijedloga iz publike bio je da se provede i istra\u017eivanje o utjecaju pandemije na nastavno osoblje \u0161to \u0107e, kako je najavljeno, AZVO i provesti.<\/p>\n\n\n\n<p>Predstavnica studenata poru\u010dila je kako je kriza prilika da se podigne razina sveu\u010dili\u0161ne nastave kako one u\u017eivo, tako i online programa, a ne da se, jednom kada pandemija pro\u0111e, nastavi po starom.<\/p>\n\n\n\n<p>Ravnateljica Havranek smatra da je najbolji korak u tom smjeru ja\u010danje profesionalnosti, kolegiajlnosti i osje\u0107aja pripadnosti svojoj akademskoj zajednici.<\/p>\n\n\n\n<p>Izvor:pogled.ba<\/p>\n","protected":false},"excerpt":{"rendered":"<p>Pandemija koronavirusa naru\u0161ila je mentalno zdravlje studenata, ali i destigmatizirala to pitanje, osvijestila va\u017enost socijalnih kontakata i nastave u\u017eivo, neki su od rezultati istra\u017eivanja &#8220;Studenti i pandemija: Kako smo (pre)\u017eivjeli?&#8221;, predstavljeni u srijedu. Istra\u017eivanje je provela Agencija za znanost i visoko obrazovanje (AZVO) od 2. do 12. rujna ove godine na nacionalnoj razini, sudjelovalo je [&hellip;]<\/p>\n","protected":false},"author":2,"featured_media":75242,"comment_status":"closed","ping_status":"closed","sticky":false,"template":"","format":"standard","meta":{"h5ap_radio_sources":[],"footnotes":""},"categories":[1],"tags":[],"class_list":["post-75241","post","type-post","status-publish","format-standard","has-post-thumbnail","hentry","category-bihiregija"],"yoast_head":"<!-- This site is optimized with the Yoast SEO plugin v27.4 - https:\/\/yoast.com\/product\/yoast-seo-wordpress\/ -->\n<title>Pandemija naru\u0161ila mentalno zdravlje studenata - RADIO LJUBU\u0160KI<\/title>\n<meta name=\"robots\" content=\"index, follow, max-snippet:-1, max-image-preview:large, max-video-preview:-1\" \/>\n<link rel=\"canonical\" href=\"https:\/\/radioljubuski.ba\/index.php\/2021\/10\/13\/pandemija-narusila-mentalno-zdravlje-studenata\/\" \/>\n<meta property=\"og:locale\" content=\"hr_HR\" \/>\n<meta property=\"og:type\" content=\"article\" \/>\n<meta property=\"og:title\" content=\"Pandemija naru\u0161ila mentalno zdravlje studenata - RADIO LJUBU\u0160KI\" \/>\n<meta property=\"og:description\" content=\"Pandemija koronavirusa naru\u0161ila je mentalno zdravlje studenata, ali i destigmatizirala to pitanje, osvijestila va\u017enost socijalnih kontakata i nastave u\u017eivo, neki su od rezultati istra\u017eivanja &#8220;Studenti i pandemija: Kako smo (pre)\u017eivjeli?&#8221;, predstavljeni u srijedu. Istra\u017eivanje je provela Agencija za znanost i visoko obrazovanje (AZVO) od 2. do 12. rujna ove godine na nacionalnoj razini, sudjelovalo je [&hellip;]\" \/>\n<meta property=\"og:url\" content=\"https:\/\/radioljubuski.ba\/index.php\/2021\/10\/13\/pandemija-narusila-mentalno-zdravlje-studenata\/\" \/>\n<meta property=\"og:site_name\" content=\"RADIO LJUBU\u0160KI\" \/>\n<meta property=\"article:publisher\" content=\"https:\/\/www.facebook.com\/Radiio-Ljubuski-1490835324566332\" \/>\n<meta property=\"article:published_time\" content=\"2021-10-13T17:38:15+00:00\" \/>\n<meta property=\"article:modified_time\" content=\"2021-10-13T17:38:16+00:00\" \/>\n<meta property=\"og:image\" content=\"https:\/\/radioljubuski.ba\/wp-content\/uploads\/2021\/10\/9-2021-10-13-17-47-34-ilustarar.jpg\" \/>\n\t<meta property=\"og:image:width\" content=\"1000\" \/>\n\t<meta property=\"og:image:height\" content=\"625\" \/>\n\t<meta property=\"og:image:type\" content=\"image\/jpeg\" \/>\n<meta name=\"author\" content=\"Radio Ljubu\u0161ki\" \/>\n<meta name=\"twitter:card\" content=\"summary_large_image\" \/>\n<meta name=\"twitter:creator\" content=\"@radioljubuski\" \/>\n<meta name=\"twitter:site\" content=\"@radioljubuski\" \/>\n<meta name=\"twitter:label1\" content=\"Napisao\/la\" \/>\n\t<meta name=\"twitter:data1\" content=\"Radio Ljubu\u0161ki\" \/>\n\t<meta name=\"twitter:label2\" content=\"Procijenjeno vrijeme \u010ditanja\" \/>\n\t<meta name=\"twitter:data2\" content=\"4 minute\" \/>\n<script type=\"application\/ld+json\" class=\"yoast-schema-graph\">{\"@context\":\"https:\\\/\\\/schema.org\",\"@graph\":[{\"@type\":\"Article\",\"@id\":\"https:\\\/\\\/radioljubuski.ba\\\/index.php\\\/2021\\\/10\\\/13\\\/pandemija-narusila-mentalno-zdravlje-studenata\\\/#article\",\"isPartOf\":{\"@id\":\"https:\\\/\\\/radioljubuski.ba\\\/index.php\\\/2021\\\/10\\\/13\\\/pandemija-narusila-mentalno-zdravlje-studenata\\\/\"},\"author\":{\"name\":\"Radio Ljubu\u0161ki\",\"@id\":\"https:\\\/\\\/radioljubuski.ba\\\/#\\\/schema\\\/person\\\/19fc700381a780f69665d7956c469e3b\"},\"headline\":\"Pandemija naru\u0161ila mentalno zdravlje studenata\",\"datePublished\":\"2021-10-13T17:38:15+00:00\",\"dateModified\":\"2021-10-13T17:38:16+00:00\",\"mainEntityOfPage\":{\"@id\":\"https:\\\/\\\/radioljubuski.ba\\\/index.php\\\/2021\\\/10\\\/13\\\/pandemija-narusila-mentalno-zdravlje-studenata\\\/\"},\"wordCount\":1001,\"publisher\":{\"@id\":\"https:\\\/\\\/radioljubuski.ba\\\/#organization\"},\"image\":{\"@id\":\"https:\\\/\\\/radioljubuski.ba\\\/index.php\\\/2021\\\/10\\\/13\\\/pandemija-narusila-mentalno-zdravlje-studenata\\\/#primaryimage\"},\"thumbnailUrl\":\"https:\\\/\\\/radioljubuski.ba\\\/wp-content\\\/uploads\\\/2021\\\/10\\\/9-2021-10-13-17-47-34-ilustarar.jpg\",\"articleSection\":[\"BIH i regija\"],\"inLanguage\":\"hr\"},{\"@type\":\"WebPage\",\"@id\":\"https:\\\/\\\/radioljubuski.ba\\\/index.php\\\/2021\\\/10\\\/13\\\/pandemija-narusila-mentalno-zdravlje-studenata\\\/\",\"url\":\"https:\\\/\\\/radioljubuski.ba\\\/index.php\\\/2021\\\/10\\\/13\\\/pandemija-narusila-mentalno-zdravlje-studenata\\\/\",\"name\":\"Pandemija naru\u0161ila mentalno zdravlje studenata - RADIO LJUBU\u0160KI\",\"isPartOf\":{\"@id\":\"https:\\\/\\\/radioljubuski.ba\\\/#website\"},\"primaryImageOfPage\":{\"@id\":\"https:\\\/\\\/radioljubuski.ba\\\/index.php\\\/2021\\\/10\\\/13\\\/pandemija-narusila-mentalno-zdravlje-studenata\\\/#primaryimage\"},\"image\":{\"@id\":\"https:\\\/\\\/radioljubuski.ba\\\/index.php\\\/2021\\\/10\\\/13\\\/pandemija-narusila-mentalno-zdravlje-studenata\\\/#primaryimage\"},\"thumbnailUrl\":\"https:\\\/\\\/radioljubuski.ba\\\/wp-content\\\/uploads\\\/2021\\\/10\\\/9-2021-10-13-17-47-34-ilustarar.jpg\",\"datePublished\":\"2021-10-13T17:38:15+00:00\",\"dateModified\":\"2021-10-13T17:38:16+00:00\",\"breadcrumb\":{\"@id\":\"https:\\\/\\\/radioljubuski.ba\\\/index.php\\\/2021\\\/10\\\/13\\\/pandemija-narusila-mentalno-zdravlje-studenata\\\/#breadcrumb\"},\"inLanguage\":\"hr\",\"potentialAction\":[{\"@type\":\"ReadAction\",\"target\":[\"https:\\\/\\\/radioljubuski.ba\\\/index.php\\\/2021\\\/10\\\/13\\\/pandemija-narusila-mentalno-zdravlje-studenata\\\/\"]}]},{\"@type\":\"ImageObject\",\"inLanguage\":\"hr\",\"@id\":\"https:\\\/\\\/radioljubuski.ba\\\/index.php\\\/2021\\\/10\\\/13\\\/pandemija-narusila-mentalno-zdravlje-studenata\\\/#primaryimage\",\"url\":\"https:\\\/\\\/radioljubuski.ba\\\/wp-content\\\/uploads\\\/2021\\\/10\\\/9-2021-10-13-17-47-34-ilustarar.jpg\",\"contentUrl\":\"https:\\\/\\\/radioljubuski.ba\\\/wp-content\\\/uploads\\\/2021\\\/10\\\/9-2021-10-13-17-47-34-ilustarar.jpg\",\"width\":1000,\"height\":625},{\"@type\":\"BreadcrumbList\",\"@id\":\"https:\\\/\\\/radioljubuski.ba\\\/index.php\\\/2021\\\/10\\\/13\\\/pandemija-narusila-mentalno-zdravlje-studenata\\\/#breadcrumb\",\"itemListElement\":[{\"@type\":\"ListItem\",\"position\":1,\"name\":\"Po\u010detna stranica\",\"item\":\"https:\\\/\\\/radioljubuski.ba\\\/\"},{\"@type\":\"ListItem\",\"position\":2,\"name\":\"Pandemija naru\u0161ila mentalno zdravlje studenata\"}]},{\"@type\":\"WebSite\",\"@id\":\"https:\\\/\\\/radioljubuski.ba\\\/#website\",\"url\":\"https:\\\/\\\/radioljubuski.ba\\\/\",\"name\":\"Radio Ljubu\u0161ki\",\"description\":\"Sun\u010dana frekvencija Hercegovine\",\"publisher\":{\"@id\":\"https:\\\/\\\/radioljubuski.ba\\\/#organization\"},\"potentialAction\":[{\"@type\":\"SearchAction\",\"target\":{\"@type\":\"EntryPoint\",\"urlTemplate\":\"https:\\\/\\\/radioljubuski.ba\\\/?s={search_term_string}\"},\"query-input\":{\"@type\":\"PropertyValueSpecification\",\"valueRequired\":true,\"valueName\":\"search_term_string\"}}],\"inLanguage\":\"hr\"},{\"@type\":\"Organization\",\"@id\":\"https:\\\/\\\/radioljubuski.ba\\\/#organization\",\"name\":\"Radio Ljubu\u0161ki\",\"url\":\"https:\\\/\\\/radioljubuski.ba\\\/\",\"logo\":{\"@type\":\"ImageObject\",\"inLanguage\":\"hr\",\"@id\":\"https:\\\/\\\/radioljubuski.ba\\\/#\\\/schema\\\/logo\\\/image\\\/\",\"url\":\"https:\\\/\\\/radioljubuski.ba\\\/wp-content\\\/uploads\\\/2021\\\/02\\\/cropped-Radio_Ljubuski_logo1.jpg\",\"contentUrl\":\"https:\\\/\\\/radioljubuski.ba\\\/wp-content\\\/uploads\\\/2021\\\/02\\\/cropped-Radio_Ljubuski_logo1.jpg\",\"width\":512,\"height\":512,\"caption\":\"Radio Ljubu\u0161ki\"},\"image\":{\"@id\":\"https:\\\/\\\/radioljubuski.ba\\\/#\\\/schema\\\/logo\\\/image\\\/\"},\"sameAs\":[\"https:\\\/\\\/www.facebook.com\\\/Radiio-Ljubuski-1490835324566332\",\"https:\\\/\\\/x.com\\\/radioljubuski\",\"https:\\\/\\\/hr.linkedin.com\\\/company\\\/radio-ljubuski\",\"https:\\\/\\\/www.youtube.com\\\/channel\\\/UCHYaeO_n0Db3tjNGudGpXyw\"]},{\"@type\":\"Person\",\"@id\":\"https:\\\/\\\/radioljubuski.ba\\\/#\\\/schema\\\/person\\\/19fc700381a780f69665d7956c469e3b\",\"name\":\"Radio Ljubu\u0161ki\"}]}<\/script>\n<!-- \/ Yoast SEO plugin. -->","yoast_head_json":{"title":"Pandemija naru\u0161ila mentalno zdravlje studenata - RADIO LJUBU\u0160KI","robots":{"index":"index","follow":"follow","max-snippet":"max-snippet:-1","max-image-preview":"max-image-preview:large","max-video-preview":"max-video-preview:-1"},"canonical":"https:\/\/radioljubuski.ba\/index.php\/2021\/10\/13\/pandemija-narusila-mentalno-zdravlje-studenata\/","og_locale":"hr_HR","og_type":"article","og_title":"Pandemija naru\u0161ila mentalno zdravlje studenata - RADIO LJUBU\u0160KI","og_description":"Pandemija koronavirusa naru\u0161ila je mentalno zdravlje studenata, ali i destigmatizirala to pitanje, osvijestila va\u017enost socijalnih kontakata i nastave u\u017eivo, neki su od rezultati istra\u017eivanja &#8220;Studenti i pandemija: Kako smo (pre)\u017eivjeli?&#8221;, predstavljeni u srijedu. Istra\u017eivanje je provela Agencija za znanost i visoko obrazovanje (AZVO) od 2. do 12. rujna ove godine na nacionalnoj razini, sudjelovalo je [&hellip;]","og_url":"https:\/\/radioljubuski.ba\/index.php\/2021\/10\/13\/pandemija-narusila-mentalno-zdravlje-studenata\/","og_site_name":"RADIO LJUBU\u0160KI","article_publisher":"https:\/\/www.facebook.com\/Radiio-Ljubuski-1490835324566332","article_published_time":"2021-10-13T17:38:15+00:00","article_modified_time":"2021-10-13T17:38:16+00:00","og_image":[{"width":1000,"height":625,"url":"https:\/\/radioljubuski.ba\/wp-content\/uploads\/2021\/10\/9-2021-10-13-17-47-34-ilustarar.jpg","type":"image\/jpeg"}],"author":"Radio Ljubu\u0161ki","twitter_card":"summary_large_image","twitter_creator":"@radioljubuski","twitter_site":"@radioljubuski","twitter_misc":{"Napisao\/la":"Radio Ljubu\u0161ki","Procijenjeno vrijeme \u010ditanja":"4 minute"},"schema":{"@context":"https:\/\/schema.org","@graph":[{"@type":"Article","@id":"https:\/\/radioljubuski.ba\/index.php\/2021\/10\/13\/pandemija-narusila-mentalno-zdravlje-studenata\/#article","isPartOf":{"@id":"https:\/\/radioljubuski.ba\/index.php\/2021\/10\/13\/pandemija-narusila-mentalno-zdravlje-studenata\/"},"author":{"name":"Radio Ljubu\u0161ki","@id":"https:\/\/radioljubuski.ba\/#\/schema\/person\/19fc700381a780f69665d7956c469e3b"},"headline":"Pandemija naru\u0161ila mentalno zdravlje studenata","datePublished":"2021-10-13T17:38:15+00:00","dateModified":"2021-10-13T17:38:16+00:00","mainEntityOfPage":{"@id":"https:\/\/radioljubuski.ba\/index.php\/2021\/10\/13\/pandemija-narusila-mentalno-zdravlje-studenata\/"},"wordCount":1001,"publisher":{"@id":"https:\/\/radioljubuski.ba\/#organization"},"image":{"@id":"https:\/\/radioljubuski.ba\/index.php\/2021\/10\/13\/pandemija-narusila-mentalno-zdravlje-studenata\/#primaryimage"},"thumbnailUrl":"https:\/\/radioljubuski.ba\/wp-content\/uploads\/2021\/10\/9-2021-10-13-17-47-34-ilustarar.jpg","articleSection":["BIH i regija"],"inLanguage":"hr"},{"@type":"WebPage","@id":"https:\/\/radioljubuski.ba\/index.php\/2021\/10\/13\/pandemija-narusila-mentalno-zdravlje-studenata\/","url":"https:\/\/radioljubuski.ba\/index.php\/2021\/10\/13\/pandemija-narusila-mentalno-zdravlje-studenata\/","name":"Pandemija naru\u0161ila mentalno zdravlje studenata - RADIO LJUBU\u0160KI","isPartOf":{"@id":"https:\/\/radioljubuski.ba\/#website"},"primaryImageOfPage":{"@id":"https:\/\/radioljubuski.ba\/index.php\/2021\/10\/13\/pandemija-narusila-mentalno-zdravlje-studenata\/#primaryimage"},"image":{"@id":"https:\/\/radioljubuski.ba\/index.php\/2021\/10\/13\/pandemija-narusila-mentalno-zdravlje-studenata\/#primaryimage"},"thumbnailUrl":"https:\/\/radioljubuski.ba\/wp-content\/uploads\/2021\/10\/9-2021-10-13-17-47-34-ilustarar.jpg","datePublished":"2021-10-13T17:38:15+00:00","dateModified":"2021-10-13T17:38:16+00:00","breadcrumb":{"@id":"https:\/\/radioljubuski.ba\/index.php\/2021\/10\/13\/pandemija-narusila-mentalno-zdravlje-studenata\/#breadcrumb"},"inLanguage":"hr","potentialAction":[{"@type":"ReadAction","target":["https:\/\/radioljubuski.ba\/index.php\/2021\/10\/13\/pandemija-narusila-mentalno-zdravlje-studenata\/"]}]},{"@type":"ImageObject","inLanguage":"hr","@id":"https:\/\/radioljubuski.ba\/index.php\/2021\/10\/13\/pandemija-narusila-mentalno-zdravlje-studenata\/#primaryimage","url":"https:\/\/radioljubuski.ba\/wp-content\/uploads\/2021\/10\/9-2021-10-13-17-47-34-ilustarar.jpg","contentUrl":"https:\/\/radioljubuski.ba\/wp-content\/uploads\/2021\/10\/9-2021-10-13-17-47-34-ilustarar.jpg","width":1000,"height":625},{"@type":"BreadcrumbList","@id":"https:\/\/radioljubuski.ba\/index.php\/2021\/10\/13\/pandemija-narusila-mentalno-zdravlje-studenata\/#breadcrumb","itemListElement":[{"@type":"ListItem","position":1,"name":"Po\u010detna stranica","item":"https:\/\/radioljubuski.ba\/"},{"@type":"ListItem","position":2,"name":"Pandemija naru\u0161ila mentalno zdravlje studenata"}]},{"@type":"WebSite","@id":"https:\/\/radioljubuski.ba\/#website","url":"https:\/\/radioljubuski.ba\/","name":"Radio Ljubu\u0161ki","description":"Sun\u010dana frekvencija Hercegovine","publisher":{"@id":"https:\/\/radioljubuski.ba\/#organization"},"potentialAction":[{"@type":"SearchAction","target":{"@type":"EntryPoint","urlTemplate":"https:\/\/radioljubuski.ba\/?s={search_term_string}"},"query-input":{"@type":"PropertyValueSpecification","valueRequired":true,"valueName":"search_term_string"}}],"inLanguage":"hr"},{"@type":"Organization","@id":"https:\/\/radioljubuski.ba\/#organization","name":"Radio Ljubu\u0161ki","url":"https:\/\/radioljubuski.ba\/","logo":{"@type":"ImageObject","inLanguage":"hr","@id":"https:\/\/radioljubuski.ba\/#\/schema\/logo\/image\/","url":"https:\/\/radioljubuski.ba\/wp-content\/uploads\/2021\/02\/cropped-Radio_Ljubuski_logo1.jpg","contentUrl":"https:\/\/radioljubuski.ba\/wp-content\/uploads\/2021\/02\/cropped-Radio_Ljubuski_logo1.jpg","width":512,"height":512,"caption":"Radio Ljubu\u0161ki"},"image":{"@id":"https:\/\/radioljubuski.ba\/#\/schema\/logo\/image\/"},"sameAs":["https:\/\/www.facebook.com\/Radiio-Ljubuski-1490835324566332","https:\/\/x.com\/radioljubuski","https:\/\/hr.linkedin.com\/company\/radio-ljubuski","https:\/\/www.youtube.com\/channel\/UCHYaeO_n0Db3tjNGudGpXyw"]},{"@type":"Person","@id":"https:\/\/radioljubuski.ba\/#\/schema\/person\/19fc700381a780f69665d7956c469e3b","name":"Radio Ljubu\u0161ki"}]}},"_links":{"self":[{"href":"https:\/\/radioljubuski.ba\/index.php\/wp-json\/wp\/v2\/posts\/75241","targetHints":{"allow":["GET"]}}],"collection":[{"href":"https:\/\/radioljubuski.ba\/index.php\/wp-json\/wp\/v2\/posts"}],"about":[{"href":"https:\/\/radioljubuski.ba\/index.php\/wp-json\/wp\/v2\/types\/post"}],"author":[{"embeddable":true,"href":"https:\/\/radioljubuski.ba\/index.php\/wp-json\/wp\/v2\/users\/2"}],"replies":[{"embeddable":true,"href":"https:\/\/radioljubuski.ba\/index.php\/wp-json\/wp\/v2\/comments?post=75241"}],"version-history":[{"count":1,"href":"https:\/\/radioljubuski.ba\/index.php\/wp-json\/wp\/v2\/posts\/75241\/revisions"}],"predecessor-version":[{"id":75243,"href":"https:\/\/radioljubuski.ba\/index.php\/wp-json\/wp\/v2\/posts\/75241\/revisions\/75243"}],"wp:featuredmedia":[{"embeddable":true,"href":"https:\/\/radioljubuski.ba\/index.php\/wp-json\/wp\/v2\/media\/75242"}],"wp:attachment":[{"href":"https:\/\/radioljubuski.ba\/index.php\/wp-json\/wp\/v2\/media?parent=75241"}],"wp:term":[{"taxonomy":"category","embeddable":true,"href":"https:\/\/radioljubuski.ba\/index.php\/wp-json\/wp\/v2\/categories?post=75241"},{"taxonomy":"post_tag","embeddable":true,"href":"https:\/\/radioljubuski.ba\/index.php\/wp-json\/wp\/v2\/tags?post=75241"}],"curies":[{"name":"wp","href":"https:\/\/api.w.org\/{rel}","templated":true}]}}