{"id":75249,"date":"2021-10-13T22:08:54","date_gmt":"2021-10-13T21:08:54","guid":{"rendered":"https:\/\/radioljubuski.ba\/?p=75249"},"modified":"2021-10-13T22:08:55","modified_gmt":"2021-10-13T21:08:55","slug":"saudijci-nakon-newcastlea-zainteresirani-za-preuzimanje-europskog-velikana","status":"publish","type":"post","link":"https:\/\/radioljubuski.ba\/index.php\/2021\/10\/13\/saudijci-nakon-newcastlea-zainteresirani-za-preuzimanje-europskog-velikana\/","title":{"rendered":"Saudijci nakon Newcastlea zainteresirani za preuzimanje europskog velikana"},"content":{"rendered":"\n<p><strong>Investicijski fond iz Saudijske Arabije PIF na \u010dijem je \u010delu princ&nbsp;Mohammed Bin Salman, prema pisanju talijanskih medija, spreman je investirati milijardu eura u kupnju Intera iz Milana, dok njegovi vlasnici odbacuju tvrdnje o prodaju.<\/strong><\/p>\n\n\n\n<p>PIF je pro\u0161log tjedna za 350 milijuna eura kupio ve\u0107inski udio u engleskom Newcastle Unitedu, a sada je spreman i za ve\u0107e ulaganje.<br><br>Pregovori izme\u0111u kineske tvrtke Suining i saudijskih investitora ve\u0107 su pro\u0161li po\u010detnu fazu. Kako navodi Libero, dvije strane ve\u0107 su ranije bile u kontaktima, no oni su prestali nakon objave o stvaranju Super lige u travnju.<\/p>\n\n\n\n<blockquote class=\"twitter-tweet\"><p lang=\"en\" dir=\"ltr\">New Newcastle United owners PIF are ready to offer \u20ac1 billion to buy Inter, with the Zhang family now considering a sale, report Libero. PIF are looking to improve Saudi Arabia&#39;s global image and are also interested in Marseille.<a href=\"https:\/\/t.co\/n1OK0gChLu\">https:\/\/t.co\/n1OK0gChLu<\/a><\/p>&mdash; Get Italian Football News (@_GIFN) <a href=\"https:\/\/twitter.com\/_GIFN\/status\/1448186955158601733?ref_src=twsrc%5Etfw\">October 13, 2021<\/a><\/blockquote> <script async src=\"https:\/\/platform.twitter.com\/widgets.js\" charset=\"utf-8\"><\/script>\n\n\n\n<p>Kineska obitelj&nbsp;<strong>Zhang&nbsp;<\/strong>navodno razmi\u0161lja da prihvati ponudu zbog lo\u0161eg financijskog stanja tvrtke, ali i samog kluba.<br><br>Ovog ljeta klub su napustili&nbsp;<strong>Achraf Hakimi<\/strong>&nbsp;i&nbsp;<strong>Romelu Lukaku<\/strong>&nbsp;kako bi se napunila klupska blagajna, a oti\u0161ao je i trener&nbsp;<strong>Antonio Conte<\/strong>.<\/p>\n\n\n\n<p>Izvor:hrt.hr<\/p>\n","protected":false},"excerpt":{"rendered":"<p>Investicijski fond iz Saudijske Arabije PIF na \u010dijem je \u010delu princ&nbsp;Mohammed Bin Salman, prema pisanju talijanskih medija, spreman je investirati milijardu eura u kupnju Intera iz Milana, dok njegovi vlasnici odbacuju tvrdnje o prodaju. PIF je pro\u0161log tjedna za 350 milijuna eura kupio ve\u0107inski udio u engleskom Newcastle Unitedu, a sada je spreman i za [&hellip;]<\/p>\n","protected":false},"author":2,"featured_media":75250,"comment_status":"closed","ping_status":"closed","sticky":false,"template":"","format":"standard","meta":{"h5ap_radio_sources":[],"footnotes":""},"categories":[7],"tags":[],"class_list":["post-75249","post","type-post","status-publish","format-standard","has-post-thumbnail","hentry","category-sport"],"yoast_head":"<!-- This site is optimized with the Yoast SEO plugin v27.4 - https:\/\/yoast.com\/product\/yoast-seo-wordpress\/ -->\n<title>Saudijci nakon Newcastlea zainteresirani za preuzimanje europskog velikana - RADIO LJUBU\u0160KI<\/title>\n<meta name=\"robots\" content=\"index, follow, max-snippet:-1, max-image-preview:large, max-video-preview:-1\" \/>\n<link rel=\"canonical\" href=\"https:\/\/radioljubuski.ba\/index.php\/2021\/10\/13\/saudijci-nakon-newcastlea-zainteresirani-za-preuzimanje-europskog-velikana\/\" \/>\n<meta property=\"og:locale\" content=\"hr_HR\" \/>\n<meta property=\"og:type\" content=\"article\" \/>\n<meta property=\"og:title\" content=\"Saudijci nakon Newcastlea zainteresirani za preuzimanje europskog velikana - RADIO LJUBU\u0160KI\" \/>\n<meta property=\"og:description\" content=\"Investicijski fond iz Saudijske Arabije PIF na \u010dijem je \u010delu princ&nbsp;Mohammed Bin Salman, prema pisanju talijanskih medija, spreman je investirati milijardu eura u kupnju Intera iz Milana, dok njegovi vlasnici odbacuju tvrdnje o prodaju. PIF je pro\u0161log tjedna za 350 milijuna eura kupio ve\u0107inski udio u engleskom Newcastle Unitedu, a sada je spreman i za [&hellip;]\" \/>\n<meta property=\"og:url\" content=\"https:\/\/radioljubuski.ba\/index.php\/2021\/10\/13\/saudijci-nakon-newcastlea-zainteresirani-za-preuzimanje-europskog-velikana\/\" \/>\n<meta property=\"og:site_name\" content=\"RADIO LJUBU\u0160KI\" \/>\n<meta property=\"article:publisher\" content=\"https:\/\/www.facebook.com\/Radiio-Ljubuski-1490835324566332\" \/>\n<meta property=\"article:published_time\" content=\"2021-10-13T21:08:54+00:00\" \/>\n<meta property=\"article:modified_time\" content=\"2021-10-13T21:08:55+00:00\" \/>\n<meta property=\"og:image\" content=\"https:\/\/radioljubuski.ba\/wp-content\/uploads\/2021\/10\/1633629016-2021-09-27T095617Z_2105269204_RC29YP99UPKE_RTRMADP_3_USA-SAUDI-YEMEN-750x505-1.jpg\" \/>\n\t<meta property=\"og:image:width\" content=\"750\" \/>\n\t<meta property=\"og:image:height\" content=\"505\" \/>\n\t<meta property=\"og:image:type\" content=\"image\/jpeg\" \/>\n<meta name=\"author\" content=\"Radio Ljubu\u0161ki\" \/>\n<meta name=\"twitter:card\" content=\"summary_large_image\" \/>\n<meta name=\"twitter:creator\" content=\"@radioljubuski\" \/>\n<meta name=\"twitter:site\" content=\"@radioljubuski\" \/>\n<meta name=\"twitter:label1\" content=\"Napisao\/la\" \/>\n\t<meta name=\"twitter:data1\" content=\"Radio Ljubu\u0161ki\" \/>\n\t<meta name=\"twitter:label2\" content=\"Procijenjeno vrijeme \u010ditanja\" \/>\n\t<meta name=\"twitter:data2\" content=\"1 minuta\" \/>\n<script type=\"application\/ld+json\" class=\"yoast-schema-graph\">{\"@context\":\"https:\\\/\\\/schema.org\",\"@graph\":[{\"@type\":\"Article\",\"@id\":\"https:\\\/\\\/radioljubuski.ba\\\/index.php\\\/2021\\\/10\\\/13\\\/saudijci-nakon-newcastlea-zainteresirani-za-preuzimanje-europskog-velikana\\\/#article\",\"isPartOf\":{\"@id\":\"https:\\\/\\\/radioljubuski.ba\\\/index.php\\\/2021\\\/10\\\/13\\\/saudijci-nakon-newcastlea-zainteresirani-za-preuzimanje-europskog-velikana\\\/\"},\"author\":{\"name\":\"Radio Ljubu\u0161ki\",\"@id\":\"https:\\\/\\\/radioljubuski.ba\\\/#\\\/schema\\\/person\\\/19fc700381a780f69665d7956c469e3b\"},\"headline\":\"Saudijci nakon Newcastlea zainteresirani za preuzimanje europskog velikana\",\"datePublished\":\"2021-10-13T21:08:54+00:00\",\"dateModified\":\"2021-10-13T21:08:55+00:00\",\"mainEntityOfPage\":{\"@id\":\"https:\\\/\\\/radioljubuski.ba\\\/index.php\\\/2021\\\/10\\\/13\\\/saudijci-nakon-newcastlea-zainteresirani-za-preuzimanje-europskog-velikana\\\/\"},\"wordCount\":213,\"publisher\":{\"@id\":\"https:\\\/\\\/radioljubuski.ba\\\/#organization\"},\"image\":{\"@id\":\"https:\\\/\\\/radioljubuski.ba\\\/index.php\\\/2021\\\/10\\\/13\\\/saudijci-nakon-newcastlea-zainteresirani-za-preuzimanje-europskog-velikana\\\/#primaryimage\"},\"thumbnailUrl\":\"https:\\\/\\\/radioljubuski.ba\\\/wp-content\\\/uploads\\\/2021\\\/10\\\/1633629016-2021-09-27T095617Z_2105269204_RC29YP99UPKE_RTRMADP_3_USA-SAUDI-YEMEN-750x505-1.jpg\",\"articleSection\":[\"\u0160port\"],\"inLanguage\":\"hr\"},{\"@type\":\"WebPage\",\"@id\":\"https:\\\/\\\/radioljubuski.ba\\\/index.php\\\/2021\\\/10\\\/13\\\/saudijci-nakon-newcastlea-zainteresirani-za-preuzimanje-europskog-velikana\\\/\",\"url\":\"https:\\\/\\\/radioljubuski.ba\\\/index.php\\\/2021\\\/10\\\/13\\\/saudijci-nakon-newcastlea-zainteresirani-za-preuzimanje-europskog-velikana\\\/\",\"name\":\"Saudijci nakon Newcastlea zainteresirani za preuzimanje europskog velikana - RADIO LJUBU\u0160KI\",\"isPartOf\":{\"@id\":\"https:\\\/\\\/radioljubuski.ba\\\/#website\"},\"primaryImageOfPage\":{\"@id\":\"https:\\\/\\\/radioljubuski.ba\\\/index.php\\\/2021\\\/10\\\/13\\\/saudijci-nakon-newcastlea-zainteresirani-za-preuzimanje-europskog-velikana\\\/#primaryimage\"},\"image\":{\"@id\":\"https:\\\/\\\/radioljubuski.ba\\\/index.php\\\/2021\\\/10\\\/13\\\/saudijci-nakon-newcastlea-zainteresirani-za-preuzimanje-europskog-velikana\\\/#primaryimage\"},\"thumbnailUrl\":\"https:\\\/\\\/radioljubuski.ba\\\/wp-content\\\/uploads\\\/2021\\\/10\\\/1633629016-2021-09-27T095617Z_2105269204_RC29YP99UPKE_RTRMADP_3_USA-SAUDI-YEMEN-750x505-1.jpg\",\"datePublished\":\"2021-10-13T21:08:54+00:00\",\"dateModified\":\"2021-10-13T21:08:55+00:00\",\"breadcrumb\":{\"@id\":\"https:\\\/\\\/radioljubuski.ba\\\/index.php\\\/2021\\\/10\\\/13\\\/saudijci-nakon-newcastlea-zainteresirani-za-preuzimanje-europskog-velikana\\\/#breadcrumb\"},\"inLanguage\":\"hr\",\"potentialAction\":[{\"@type\":\"ReadAction\",\"target\":[\"https:\\\/\\\/radioljubuski.ba\\\/index.php\\\/2021\\\/10\\\/13\\\/saudijci-nakon-newcastlea-zainteresirani-za-preuzimanje-europskog-velikana\\\/\"]}]},{\"@type\":\"ImageObject\",\"inLanguage\":\"hr\",\"@id\":\"https:\\\/\\\/radioljubuski.ba\\\/index.php\\\/2021\\\/10\\\/13\\\/saudijci-nakon-newcastlea-zainteresirani-za-preuzimanje-europskog-velikana\\\/#primaryimage\",\"url\":\"https:\\\/\\\/radioljubuski.ba\\\/wp-content\\\/uploads\\\/2021\\\/10\\\/1633629016-2021-09-27T095617Z_2105269204_RC29YP99UPKE_RTRMADP_3_USA-SAUDI-YEMEN-750x505-1.jpg\",\"contentUrl\":\"https:\\\/\\\/radioljubuski.ba\\\/wp-content\\\/uploads\\\/2021\\\/10\\\/1633629016-2021-09-27T095617Z_2105269204_RC29YP99UPKE_RTRMADP_3_USA-SAUDI-YEMEN-750x505-1.jpg\",\"width\":750,\"height\":505},{\"@type\":\"BreadcrumbList\",\"@id\":\"https:\\\/\\\/radioljubuski.ba\\\/index.php\\\/2021\\\/10\\\/13\\\/saudijci-nakon-newcastlea-zainteresirani-za-preuzimanje-europskog-velikana\\\/#breadcrumb\",\"itemListElement\":[{\"@type\":\"ListItem\",\"position\":1,\"name\":\"Po\u010detna stranica\",\"item\":\"https:\\\/\\\/radioljubuski.ba\\\/\"},{\"@type\":\"ListItem\",\"position\":2,\"name\":\"Saudijci nakon Newcastlea zainteresirani za preuzimanje europskog velikana\"}]},{\"@type\":\"WebSite\",\"@id\":\"https:\\\/\\\/radioljubuski.ba\\\/#website\",\"url\":\"https:\\\/\\\/radioljubuski.ba\\\/\",\"name\":\"Radio Ljubu\u0161ki\",\"description\":\"Sun\u010dana frekvencija Hercegovine\",\"publisher\":{\"@id\":\"https:\\\/\\\/radioljubuski.ba\\\/#organization\"},\"potentialAction\":[{\"@type\":\"SearchAction\",\"target\":{\"@type\":\"EntryPoint\",\"urlTemplate\":\"https:\\\/\\\/radioljubuski.ba\\\/?s={search_term_string}\"},\"query-input\":{\"@type\":\"PropertyValueSpecification\",\"valueRequired\":true,\"valueName\":\"search_term_string\"}}],\"inLanguage\":\"hr\"},{\"@type\":\"Organization\",\"@id\":\"https:\\\/\\\/radioljubuski.ba\\\/#organization\",\"name\":\"Radio Ljubu\u0161ki\",\"url\":\"https:\\\/\\\/radioljubuski.ba\\\/\",\"logo\":{\"@type\":\"ImageObject\",\"inLanguage\":\"hr\",\"@id\":\"https:\\\/\\\/radioljubuski.ba\\\/#\\\/schema\\\/logo\\\/image\\\/\",\"url\":\"https:\\\/\\\/radioljubuski.ba\\\/wp-content\\\/uploads\\\/2021\\\/02\\\/cropped-Radio_Ljubuski_logo1.jpg\",\"contentUrl\":\"https:\\\/\\\/radioljubuski.ba\\\/wp-content\\\/uploads\\\/2021\\\/02\\\/cropped-Radio_Ljubuski_logo1.jpg\",\"width\":512,\"height\":512,\"caption\":\"Radio Ljubu\u0161ki\"},\"image\":{\"@id\":\"https:\\\/\\\/radioljubuski.ba\\\/#\\\/schema\\\/logo\\\/image\\\/\"},\"sameAs\":[\"https:\\\/\\\/www.facebook.com\\\/Radiio-Ljubuski-1490835324566332\",\"https:\\\/\\\/x.com\\\/radioljubuski\",\"https:\\\/\\\/hr.linkedin.com\\\/company\\\/radio-ljubuski\",\"https:\\\/\\\/www.youtube.com\\\/channel\\\/UCHYaeO_n0Db3tjNGudGpXyw\"]},{\"@type\":\"Person\",\"@id\":\"https:\\\/\\\/radioljubuski.ba\\\/#\\\/schema\\\/person\\\/19fc700381a780f69665d7956c469e3b\",\"name\":\"Radio Ljubu\u0161ki\"}]}<\/script>\n<!-- \/ Yoast SEO plugin. -->","yoast_head_json":{"title":"Saudijci nakon Newcastlea zainteresirani za preuzimanje europskog velikana - RADIO LJUBU\u0160KI","robots":{"index":"index","follow":"follow","max-snippet":"max-snippet:-1","max-image-preview":"max-image-preview:large","max-video-preview":"max-video-preview:-1"},"canonical":"https:\/\/radioljubuski.ba\/index.php\/2021\/10\/13\/saudijci-nakon-newcastlea-zainteresirani-za-preuzimanje-europskog-velikana\/","og_locale":"hr_HR","og_type":"article","og_title":"Saudijci nakon Newcastlea zainteresirani za preuzimanje europskog velikana - RADIO LJUBU\u0160KI","og_description":"Investicijski fond iz Saudijske Arabije PIF na \u010dijem je \u010delu princ&nbsp;Mohammed Bin Salman, prema pisanju talijanskih medija, spreman je investirati milijardu eura u kupnju Intera iz Milana, dok njegovi vlasnici odbacuju tvrdnje o prodaju. PIF je pro\u0161log tjedna za 350 milijuna eura kupio ve\u0107inski udio u engleskom Newcastle Unitedu, a sada je spreman i za [&hellip;]","og_url":"https:\/\/radioljubuski.ba\/index.php\/2021\/10\/13\/saudijci-nakon-newcastlea-zainteresirani-za-preuzimanje-europskog-velikana\/","og_site_name":"RADIO LJUBU\u0160KI","article_publisher":"https:\/\/www.facebook.com\/Radiio-Ljubuski-1490835324566332","article_published_time":"2021-10-13T21:08:54+00:00","article_modified_time":"2021-10-13T21:08:55+00:00","og_image":[{"width":750,"height":505,"url":"https:\/\/radioljubuski.ba\/wp-content\/uploads\/2021\/10\/1633629016-2021-09-27T095617Z_2105269204_RC29YP99UPKE_RTRMADP_3_USA-SAUDI-YEMEN-750x505-1.jpg","type":"image\/jpeg"}],"author":"Radio Ljubu\u0161ki","twitter_card":"summary_large_image","twitter_creator":"@radioljubuski","twitter_site":"@radioljubuski","twitter_misc":{"Napisao\/la":"Radio Ljubu\u0161ki","Procijenjeno vrijeme \u010ditanja":"1 minuta"},"schema":{"@context":"https:\/\/schema.org","@graph":[{"@type":"Article","@id":"https:\/\/radioljubuski.ba\/index.php\/2021\/10\/13\/saudijci-nakon-newcastlea-zainteresirani-za-preuzimanje-europskog-velikana\/#article","isPartOf":{"@id":"https:\/\/radioljubuski.ba\/index.php\/2021\/10\/13\/saudijci-nakon-newcastlea-zainteresirani-za-preuzimanje-europskog-velikana\/"},"author":{"name":"Radio Ljubu\u0161ki","@id":"https:\/\/radioljubuski.ba\/#\/schema\/person\/19fc700381a780f69665d7956c469e3b"},"headline":"Saudijci nakon Newcastlea zainteresirani za preuzimanje europskog velikana","datePublished":"2021-10-13T21:08:54+00:00","dateModified":"2021-10-13T21:08:55+00:00","mainEntityOfPage":{"@id":"https:\/\/radioljubuski.ba\/index.php\/2021\/10\/13\/saudijci-nakon-newcastlea-zainteresirani-za-preuzimanje-europskog-velikana\/"},"wordCount":213,"publisher":{"@id":"https:\/\/radioljubuski.ba\/#organization"},"image":{"@id":"https:\/\/radioljubuski.ba\/index.php\/2021\/10\/13\/saudijci-nakon-newcastlea-zainteresirani-za-preuzimanje-europskog-velikana\/#primaryimage"},"thumbnailUrl":"https:\/\/radioljubuski.ba\/wp-content\/uploads\/2021\/10\/1633629016-2021-09-27T095617Z_2105269204_RC29YP99UPKE_RTRMADP_3_USA-SAUDI-YEMEN-750x505-1.jpg","articleSection":["\u0160port"],"inLanguage":"hr"},{"@type":"WebPage","@id":"https:\/\/radioljubuski.ba\/index.php\/2021\/10\/13\/saudijci-nakon-newcastlea-zainteresirani-za-preuzimanje-europskog-velikana\/","url":"https:\/\/radioljubuski.ba\/index.php\/2021\/10\/13\/saudijci-nakon-newcastlea-zainteresirani-za-preuzimanje-europskog-velikana\/","name":"Saudijci nakon Newcastlea zainteresirani za preuzimanje europskog velikana - RADIO LJUBU\u0160KI","isPartOf":{"@id":"https:\/\/radioljubuski.ba\/#website"},"primaryImageOfPage":{"@id":"https:\/\/radioljubuski.ba\/index.php\/2021\/10\/13\/saudijci-nakon-newcastlea-zainteresirani-za-preuzimanje-europskog-velikana\/#primaryimage"},"image":{"@id":"https:\/\/radioljubuski.ba\/index.php\/2021\/10\/13\/saudijci-nakon-newcastlea-zainteresirani-za-preuzimanje-europskog-velikana\/#primaryimage"},"thumbnailUrl":"https:\/\/radioljubuski.ba\/wp-content\/uploads\/2021\/10\/1633629016-2021-09-27T095617Z_2105269204_RC29YP99UPKE_RTRMADP_3_USA-SAUDI-YEMEN-750x505-1.jpg","datePublished":"2021-10-13T21:08:54+00:00","dateModified":"2021-10-13T21:08:55+00:00","breadcrumb":{"@id":"https:\/\/radioljubuski.ba\/index.php\/2021\/10\/13\/saudijci-nakon-newcastlea-zainteresirani-za-preuzimanje-europskog-velikana\/#breadcrumb"},"inLanguage":"hr","potentialAction":[{"@type":"ReadAction","target":["https:\/\/radioljubuski.ba\/index.php\/2021\/10\/13\/saudijci-nakon-newcastlea-zainteresirani-za-preuzimanje-europskog-velikana\/"]}]},{"@type":"ImageObject","inLanguage":"hr","@id":"https:\/\/radioljubuski.ba\/index.php\/2021\/10\/13\/saudijci-nakon-newcastlea-zainteresirani-za-preuzimanje-europskog-velikana\/#primaryimage","url":"https:\/\/radioljubuski.ba\/wp-content\/uploads\/2021\/10\/1633629016-2021-09-27T095617Z_2105269204_RC29YP99UPKE_RTRMADP_3_USA-SAUDI-YEMEN-750x505-1.jpg","contentUrl":"https:\/\/radioljubuski.ba\/wp-content\/uploads\/2021\/10\/1633629016-2021-09-27T095617Z_2105269204_RC29YP99UPKE_RTRMADP_3_USA-SAUDI-YEMEN-750x505-1.jpg","width":750,"height":505},{"@type":"BreadcrumbList","@id":"https:\/\/radioljubuski.ba\/index.php\/2021\/10\/13\/saudijci-nakon-newcastlea-zainteresirani-za-preuzimanje-europskog-velikana\/#breadcrumb","itemListElement":[{"@type":"ListItem","position":1,"name":"Po\u010detna stranica","item":"https:\/\/radioljubuski.ba\/"},{"@type":"ListItem","position":2,"name":"Saudijci nakon Newcastlea zainteresirani za preuzimanje europskog velikana"}]},{"@type":"WebSite","@id":"https:\/\/radioljubuski.ba\/#website","url":"https:\/\/radioljubuski.ba\/","name":"Radio Ljubu\u0161ki","description":"Sun\u010dana frekvencija Hercegovine","publisher":{"@id":"https:\/\/radioljubuski.ba\/#organization"},"potentialAction":[{"@type":"SearchAction","target":{"@type":"EntryPoint","urlTemplate":"https:\/\/radioljubuski.ba\/?s={search_term_string}"},"query-input":{"@type":"PropertyValueSpecification","valueRequired":true,"valueName":"search_term_string"}}],"inLanguage":"hr"},{"@type":"Organization","@id":"https:\/\/radioljubuski.ba\/#organization","name":"Radio Ljubu\u0161ki","url":"https:\/\/radioljubuski.ba\/","logo":{"@type":"ImageObject","inLanguage":"hr","@id":"https:\/\/radioljubuski.ba\/#\/schema\/logo\/image\/","url":"https:\/\/radioljubuski.ba\/wp-content\/uploads\/2021\/02\/cropped-Radio_Ljubuski_logo1.jpg","contentUrl":"https:\/\/radioljubuski.ba\/wp-content\/uploads\/2021\/02\/cropped-Radio_Ljubuski_logo1.jpg","width":512,"height":512,"caption":"Radio Ljubu\u0161ki"},"image":{"@id":"https:\/\/radioljubuski.ba\/#\/schema\/logo\/image\/"},"sameAs":["https:\/\/www.facebook.com\/Radiio-Ljubuski-1490835324566332","https:\/\/x.com\/radioljubuski","https:\/\/hr.linkedin.com\/company\/radio-ljubuski","https:\/\/www.youtube.com\/channel\/UCHYaeO_n0Db3tjNGudGpXyw"]},{"@type":"Person","@id":"https:\/\/radioljubuski.ba\/#\/schema\/person\/19fc700381a780f69665d7956c469e3b","name":"Radio Ljubu\u0161ki"}]}},"_links":{"self":[{"href":"https:\/\/radioljubuski.ba\/index.php\/wp-json\/wp\/v2\/posts\/75249","targetHints":{"allow":["GET"]}}],"collection":[{"href":"https:\/\/radioljubuski.ba\/index.php\/wp-json\/wp\/v2\/posts"}],"about":[{"href":"https:\/\/radioljubuski.ba\/index.php\/wp-json\/wp\/v2\/types\/post"}],"author":[{"embeddable":true,"href":"https:\/\/radioljubuski.ba\/index.php\/wp-json\/wp\/v2\/users\/2"}],"replies":[{"embeddable":true,"href":"https:\/\/radioljubuski.ba\/index.php\/wp-json\/wp\/v2\/comments?post=75249"}],"version-history":[{"count":1,"href":"https:\/\/radioljubuski.ba\/index.php\/wp-json\/wp\/v2\/posts\/75249\/revisions"}],"predecessor-version":[{"id":75251,"href":"https:\/\/radioljubuski.ba\/index.php\/wp-json\/wp\/v2\/posts\/75249\/revisions\/75251"}],"wp:featuredmedia":[{"embeddable":true,"href":"https:\/\/radioljubuski.ba\/index.php\/wp-json\/wp\/v2\/media\/75250"}],"wp:attachment":[{"href":"https:\/\/radioljubuski.ba\/index.php\/wp-json\/wp\/v2\/media?parent=75249"}],"wp:term":[{"taxonomy":"category","embeddable":true,"href":"https:\/\/radioljubuski.ba\/index.php\/wp-json\/wp\/v2\/categories?post=75249"},{"taxonomy":"post_tag","embeddable":true,"href":"https:\/\/radioljubuski.ba\/index.php\/wp-json\/wp\/v2\/tags?post=75249"}],"curies":[{"name":"wp","href":"https:\/\/api.w.org\/{rel}","templated":true}]}}