{"id":75273,"date":"2021-10-13T22:21:57","date_gmt":"2021-10-13T21:21:57","guid":{"rendered":"https:\/\/radioljubuski.ba\/?p=75273"},"modified":"2021-10-13T22:21:58","modified_gmt":"2021-10-13T21:21:58","slug":"who-ima-novi-tim-strucnjaka-koji-ce-pratiti-patogene","status":"publish","type":"post","link":"https:\/\/radioljubuski.ba\/index.php\/2021\/10\/13\/who-ima-novi-tim-strucnjaka-koji-ce-pratiti-patogene\/","title":{"rendered":"WHO ima novi tim stru\u010dnjaka koji \u0107e pratiti patogene"},"content":{"rendered":"\n<p><strong>Pred vi\u0161e od 20 visoko rangiranih stru\u010dnjaka, me\u0111u kojima je i njema\u010dki virolog&nbsp;Christian Drosten, te\u0161ka je zada\u0107a &#8211; istra\u017eiti nove patogene za Svjetsku zdravstvenu organizaciju (WHO) i ponovno prou\u010diti porijeklo covida-19.<\/strong><\/p>\n\n\n\n<p>Pandemija covida-19 pokazala je da svijet, uklju\u010duju\u0107i i WHO, za nju nije bio spreman.<br><br>Stoga je generalni direktor WHO-a&nbsp;<strong>Tedros Adhanom Ghebreyesus<\/strong>&nbsp;ovoga ljeta najavio pokretanje znanstveno savjetodavne skupine koja \u0107e se baviti porijeklom novih patogena, nazvanom anglofonim akronimom SAGO (Scientific Advisory Group for the Origins on Novel Pathogens).<br><br>Nakon raspisanog natje\u010daja WHO je odabrao 26 od 700 stru\u010dnjaka, me\u0111u kojima su vrsni stru\u010dnjaci: uz njema\u010dkoga virologa<strong>&nbsp;Christiana Drostena<\/strong>&nbsp;tu su dr.&nbsp;<strong>Inger Damon&nbsp;<\/strong>iz ameri\u010dkog CDC-a, dr.&nbsp;<strong>Jean-Claude Manuguerra<\/strong>, virolog s francuskoga Instituta Pasteur i dr.&nbsp;<strong>Yungui Yang<\/strong>, zamjenik ravnatelja Pekin\u0161kog instituta za genomiku.<br><br>&#8211; U skladu sa procedurom WHO-a odsad \u0107emo imati dvotjedno razdoblje u sklopu kojega \u0107e se obaviti javne konzultacije kako bi WHO dobio reakcije na prijedloge \u010dlanova SAGO-a i postavio modalitete za odr\u017eavanje prvoga sastanka, priop\u0107ila je UN-ova agencija.<br><br>Neki odabrani stru\u010dnjaci ve\u0107 su sudjelovali u zajedni\u010dkoj znanstvenoj misiji Svjetske zdravstvene organizacije i Kine o porijeklu covida, poput Nizozemke<strong>&nbsp;Marion Koopmans&nbsp;<\/strong>i Vijetnamca&nbsp;<strong>Hunga Nguyena.&nbsp;<\/strong>Oni su 29. o\u017eujka objavili izvje\u0161\u0107e nakon \u0161to su u sije\u010dnju boravili u kineskom Wuhanu, ishodi\u0161tu pandemije. U tome su izvje\u0161\u0107u iznesena \u010detiri, manje ili vi\u0161e vjerojatna scenarija o na\u010dinu na koji je pandemija mogla izbiti.<br><br>Najvjerojatnijom se smatra onaj po kojemu je virus na ljude pre\u0161ao preko neke \u017eivotinje koju je prethodno virusom zarazio \u0161i\u0161mi\u0161. Potom su se pojavile hipoteze o izravnom prijenosu na \u010dovjeka bez sudjelovanja \u017eivotinje, pa o prijenosu putem hrane, osobito zamrznutog mesa i na koncu o slu\u010dajnom &#8216;bijegu&#8217; virusa iz laboratorija, \u0161to se smatra najmanje vjerojatnim.<\/p>\n\n\n\n<p>Izvor:hrt.hr<\/p>\n","protected":false},"excerpt":{"rendered":"<p>Pred vi\u0161e od 20 visoko rangiranih stru\u010dnjaka, me\u0111u kojima je i njema\u010dki virolog&nbsp;Christian Drosten, te\u0161ka je zada\u0107a &#8211; istra\u017eiti nove patogene za Svjetsku zdravstvenu organizaciju (WHO) i ponovno prou\u010diti porijeklo covida-19. Pandemija covida-19 pokazala je da svijet, uklju\u010duju\u0107i i WHO, za nju nije bio spreman. Stoga je generalni direktor WHO-a&nbsp;Tedros Adhanom Ghebreyesus&nbsp;ovoga ljeta najavio pokretanje [&hellip;]<\/p>\n","protected":false},"author":2,"featured_media":40186,"comment_status":"closed","ping_status":"closed","sticky":false,"template":"","format":"standard","meta":{"h5ap_radio_sources":[],"footnotes":""},"categories":[1],"tags":[],"class_list":["post-75273","post","type-post","status-publish","format-standard","has-post-thumbnail","hentry","category-bihiregija"],"yoast_head":"<!-- This site is optimized with the Yoast SEO plugin v27.4 - https:\/\/yoast.com\/product\/yoast-seo-wordpress\/ -->\n<title>WHO ima novi tim stru\u010dnjaka koji \u0107e pratiti patogene - RADIO LJUBU\u0160KI<\/title>\n<meta name=\"robots\" content=\"index, follow, max-snippet:-1, max-image-preview:large, max-video-preview:-1\" \/>\n<link rel=\"canonical\" href=\"https:\/\/radioljubuski.ba\/index.php\/2021\/10\/13\/who-ima-novi-tim-strucnjaka-koji-ce-pratiti-patogene\/\" \/>\n<meta property=\"og:locale\" content=\"hr_HR\" \/>\n<meta property=\"og:type\" content=\"article\" \/>\n<meta property=\"og:title\" content=\"WHO ima novi tim stru\u010dnjaka koji \u0107e pratiti patogene - RADIO LJUBU\u0160KI\" \/>\n<meta property=\"og:description\" content=\"Pred vi\u0161e od 20 visoko rangiranih stru\u010dnjaka, me\u0111u kojima je i njema\u010dki virolog&nbsp;Christian Drosten, te\u0161ka je zada\u0107a &#8211; istra\u017eiti nove patogene za Svjetsku zdravstvenu organizaciju (WHO) i ponovno prou\u010diti porijeklo covida-19. Pandemija covida-19 pokazala je da svijet, uklju\u010duju\u0107i i WHO, za nju nije bio spreman. Stoga je generalni direktor WHO-a&nbsp;Tedros Adhanom Ghebreyesus&nbsp;ovoga ljeta najavio pokretanje [&hellip;]\" \/>\n<meta property=\"og:url\" content=\"https:\/\/radioljubuski.ba\/index.php\/2021\/10\/13\/who-ima-novi-tim-strucnjaka-koji-ce-pratiti-patogene\/\" \/>\n<meta property=\"og:site_name\" content=\"RADIO LJUBU\u0160KI\" \/>\n<meta property=\"article:publisher\" content=\"https:\/\/www.facebook.com\/Radiio-Ljubuski-1490835324566332\" \/>\n<meta property=\"article:published_time\" content=\"2021-10-13T21:21:57+00:00\" \/>\n<meta property=\"article:modified_time\" content=\"2021-10-13T21:21:58+00:00\" \/>\n<meta property=\"og:image\" content=\"https:\/\/radioljubuski.ba\/wp-content\/uploads\/2021\/07\/who.png\" \/>\n\t<meta property=\"og:image:width\" content=\"1000\" \/>\n\t<meta property=\"og:image:height\" content=\"625\" \/>\n\t<meta property=\"og:image:type\" content=\"image\/png\" \/>\n<meta name=\"author\" content=\"Radio Ljubu\u0161ki\" \/>\n<meta name=\"twitter:card\" content=\"summary_large_image\" \/>\n<meta name=\"twitter:creator\" content=\"@radioljubuski\" \/>\n<meta name=\"twitter:site\" content=\"@radioljubuski\" \/>\n<meta name=\"twitter:label1\" content=\"Napisao\/la\" \/>\n\t<meta name=\"twitter:data1\" content=\"Radio Ljubu\u0161ki\" \/>\n\t<meta name=\"twitter:label2\" content=\"Procijenjeno vrijeme \u010ditanja\" \/>\n\t<meta name=\"twitter:data2\" content=\"2 minute\" \/>\n<script type=\"application\/ld+json\" class=\"yoast-schema-graph\">{\"@context\":\"https:\\\/\\\/schema.org\",\"@graph\":[{\"@type\":\"Article\",\"@id\":\"https:\\\/\\\/radioljubuski.ba\\\/index.php\\\/2021\\\/10\\\/13\\\/who-ima-novi-tim-strucnjaka-koji-ce-pratiti-patogene\\\/#article\",\"isPartOf\":{\"@id\":\"https:\\\/\\\/radioljubuski.ba\\\/index.php\\\/2021\\\/10\\\/13\\\/who-ima-novi-tim-strucnjaka-koji-ce-pratiti-patogene\\\/\"},\"author\":{\"name\":\"Radio Ljubu\u0161ki\",\"@id\":\"https:\\\/\\\/radioljubuski.ba\\\/#\\\/schema\\\/person\\\/19fc700381a780f69665d7956c469e3b\"},\"headline\":\"WHO ima novi tim stru\u010dnjaka koji \u0107e pratiti patogene\",\"datePublished\":\"2021-10-13T21:21:57+00:00\",\"dateModified\":\"2021-10-13T21:21:58+00:00\",\"mainEntityOfPage\":{\"@id\":\"https:\\\/\\\/radioljubuski.ba\\\/index.php\\\/2021\\\/10\\\/13\\\/who-ima-novi-tim-strucnjaka-koji-ce-pratiti-patogene\\\/\"},\"wordCount\":336,\"publisher\":{\"@id\":\"https:\\\/\\\/radioljubuski.ba\\\/#organization\"},\"image\":{\"@id\":\"https:\\\/\\\/radioljubuski.ba\\\/index.php\\\/2021\\\/10\\\/13\\\/who-ima-novi-tim-strucnjaka-koji-ce-pratiti-patogene\\\/#primaryimage\"},\"thumbnailUrl\":\"https:\\\/\\\/radioljubuski.ba\\\/wp-content\\\/uploads\\\/2021\\\/07\\\/who.png\",\"articleSection\":[\"BIH i regija\"],\"inLanguage\":\"hr\"},{\"@type\":\"WebPage\",\"@id\":\"https:\\\/\\\/radioljubuski.ba\\\/index.php\\\/2021\\\/10\\\/13\\\/who-ima-novi-tim-strucnjaka-koji-ce-pratiti-patogene\\\/\",\"url\":\"https:\\\/\\\/radioljubuski.ba\\\/index.php\\\/2021\\\/10\\\/13\\\/who-ima-novi-tim-strucnjaka-koji-ce-pratiti-patogene\\\/\",\"name\":\"WHO ima novi tim stru\u010dnjaka koji \u0107e pratiti patogene - RADIO LJUBU\u0160KI\",\"isPartOf\":{\"@id\":\"https:\\\/\\\/radioljubuski.ba\\\/#website\"},\"primaryImageOfPage\":{\"@id\":\"https:\\\/\\\/radioljubuski.ba\\\/index.php\\\/2021\\\/10\\\/13\\\/who-ima-novi-tim-strucnjaka-koji-ce-pratiti-patogene\\\/#primaryimage\"},\"image\":{\"@id\":\"https:\\\/\\\/radioljubuski.ba\\\/index.php\\\/2021\\\/10\\\/13\\\/who-ima-novi-tim-strucnjaka-koji-ce-pratiti-patogene\\\/#primaryimage\"},\"thumbnailUrl\":\"https:\\\/\\\/radioljubuski.ba\\\/wp-content\\\/uploads\\\/2021\\\/07\\\/who.png\",\"datePublished\":\"2021-10-13T21:21:57+00:00\",\"dateModified\":\"2021-10-13T21:21:58+00:00\",\"breadcrumb\":{\"@id\":\"https:\\\/\\\/radioljubuski.ba\\\/index.php\\\/2021\\\/10\\\/13\\\/who-ima-novi-tim-strucnjaka-koji-ce-pratiti-patogene\\\/#breadcrumb\"},\"inLanguage\":\"hr\",\"potentialAction\":[{\"@type\":\"ReadAction\",\"target\":[\"https:\\\/\\\/radioljubuski.ba\\\/index.php\\\/2021\\\/10\\\/13\\\/who-ima-novi-tim-strucnjaka-koji-ce-pratiti-patogene\\\/\"]}]},{\"@type\":\"ImageObject\",\"inLanguage\":\"hr\",\"@id\":\"https:\\\/\\\/radioljubuski.ba\\\/index.php\\\/2021\\\/10\\\/13\\\/who-ima-novi-tim-strucnjaka-koji-ce-pratiti-patogene\\\/#primaryimage\",\"url\":\"https:\\\/\\\/radioljubuski.ba\\\/wp-content\\\/uploads\\\/2021\\\/07\\\/who.png\",\"contentUrl\":\"https:\\\/\\\/radioljubuski.ba\\\/wp-content\\\/uploads\\\/2021\\\/07\\\/who.png\",\"width\":1000,\"height\":625},{\"@type\":\"BreadcrumbList\",\"@id\":\"https:\\\/\\\/radioljubuski.ba\\\/index.php\\\/2021\\\/10\\\/13\\\/who-ima-novi-tim-strucnjaka-koji-ce-pratiti-patogene\\\/#breadcrumb\",\"itemListElement\":[{\"@type\":\"ListItem\",\"position\":1,\"name\":\"Po\u010detna stranica\",\"item\":\"https:\\\/\\\/radioljubuski.ba\\\/\"},{\"@type\":\"ListItem\",\"position\":2,\"name\":\"WHO ima novi tim stru\u010dnjaka koji \u0107e pratiti patogene\"}]},{\"@type\":\"WebSite\",\"@id\":\"https:\\\/\\\/radioljubuski.ba\\\/#website\",\"url\":\"https:\\\/\\\/radioljubuski.ba\\\/\",\"name\":\"Radio Ljubu\u0161ki\",\"description\":\"Sun\u010dana frekvencija Hercegovine\",\"publisher\":{\"@id\":\"https:\\\/\\\/radioljubuski.ba\\\/#organization\"},\"potentialAction\":[{\"@type\":\"SearchAction\",\"target\":{\"@type\":\"EntryPoint\",\"urlTemplate\":\"https:\\\/\\\/radioljubuski.ba\\\/?s={search_term_string}\"},\"query-input\":{\"@type\":\"PropertyValueSpecification\",\"valueRequired\":true,\"valueName\":\"search_term_string\"}}],\"inLanguage\":\"hr\"},{\"@type\":\"Organization\",\"@id\":\"https:\\\/\\\/radioljubuski.ba\\\/#organization\",\"name\":\"Radio Ljubu\u0161ki\",\"url\":\"https:\\\/\\\/radioljubuski.ba\\\/\",\"logo\":{\"@type\":\"ImageObject\",\"inLanguage\":\"hr\",\"@id\":\"https:\\\/\\\/radioljubuski.ba\\\/#\\\/schema\\\/logo\\\/image\\\/\",\"url\":\"https:\\\/\\\/radioljubuski.ba\\\/wp-content\\\/uploads\\\/2021\\\/02\\\/cropped-Radio_Ljubuski_logo1.jpg\",\"contentUrl\":\"https:\\\/\\\/radioljubuski.ba\\\/wp-content\\\/uploads\\\/2021\\\/02\\\/cropped-Radio_Ljubuski_logo1.jpg\",\"width\":512,\"height\":512,\"caption\":\"Radio Ljubu\u0161ki\"},\"image\":{\"@id\":\"https:\\\/\\\/radioljubuski.ba\\\/#\\\/schema\\\/logo\\\/image\\\/\"},\"sameAs\":[\"https:\\\/\\\/www.facebook.com\\\/Radiio-Ljubuski-1490835324566332\",\"https:\\\/\\\/x.com\\\/radioljubuski\",\"https:\\\/\\\/hr.linkedin.com\\\/company\\\/radio-ljubuski\",\"https:\\\/\\\/www.youtube.com\\\/channel\\\/UCHYaeO_n0Db3tjNGudGpXyw\"]},{\"@type\":\"Person\",\"@id\":\"https:\\\/\\\/radioljubuski.ba\\\/#\\\/schema\\\/person\\\/19fc700381a780f69665d7956c469e3b\",\"name\":\"Radio Ljubu\u0161ki\"}]}<\/script>\n<!-- \/ Yoast SEO plugin. -->","yoast_head_json":{"title":"WHO ima novi tim stru\u010dnjaka koji \u0107e pratiti patogene - RADIO LJUBU\u0160KI","robots":{"index":"index","follow":"follow","max-snippet":"max-snippet:-1","max-image-preview":"max-image-preview:large","max-video-preview":"max-video-preview:-1"},"canonical":"https:\/\/radioljubuski.ba\/index.php\/2021\/10\/13\/who-ima-novi-tim-strucnjaka-koji-ce-pratiti-patogene\/","og_locale":"hr_HR","og_type":"article","og_title":"WHO ima novi tim stru\u010dnjaka koji \u0107e pratiti patogene - RADIO LJUBU\u0160KI","og_description":"Pred vi\u0161e od 20 visoko rangiranih stru\u010dnjaka, me\u0111u kojima je i njema\u010dki virolog&nbsp;Christian Drosten, te\u0161ka je zada\u0107a &#8211; istra\u017eiti nove patogene za Svjetsku zdravstvenu organizaciju (WHO) i ponovno prou\u010diti porijeklo covida-19. Pandemija covida-19 pokazala je da svijet, uklju\u010duju\u0107i i WHO, za nju nije bio spreman. Stoga je generalni direktor WHO-a&nbsp;Tedros Adhanom Ghebreyesus&nbsp;ovoga ljeta najavio pokretanje [&hellip;]","og_url":"https:\/\/radioljubuski.ba\/index.php\/2021\/10\/13\/who-ima-novi-tim-strucnjaka-koji-ce-pratiti-patogene\/","og_site_name":"RADIO LJUBU\u0160KI","article_publisher":"https:\/\/www.facebook.com\/Radiio-Ljubuski-1490835324566332","article_published_time":"2021-10-13T21:21:57+00:00","article_modified_time":"2021-10-13T21:21:58+00:00","og_image":[{"width":1000,"height":625,"url":"https:\/\/radioljubuski.ba\/wp-content\/uploads\/2021\/07\/who.png","type":"image\/png"}],"author":"Radio Ljubu\u0161ki","twitter_card":"summary_large_image","twitter_creator":"@radioljubuski","twitter_site":"@radioljubuski","twitter_misc":{"Napisao\/la":"Radio Ljubu\u0161ki","Procijenjeno vrijeme \u010ditanja":"2 minute"},"schema":{"@context":"https:\/\/schema.org","@graph":[{"@type":"Article","@id":"https:\/\/radioljubuski.ba\/index.php\/2021\/10\/13\/who-ima-novi-tim-strucnjaka-koji-ce-pratiti-patogene\/#article","isPartOf":{"@id":"https:\/\/radioljubuski.ba\/index.php\/2021\/10\/13\/who-ima-novi-tim-strucnjaka-koji-ce-pratiti-patogene\/"},"author":{"name":"Radio Ljubu\u0161ki","@id":"https:\/\/radioljubuski.ba\/#\/schema\/person\/19fc700381a780f69665d7956c469e3b"},"headline":"WHO ima novi tim stru\u010dnjaka koji \u0107e pratiti patogene","datePublished":"2021-10-13T21:21:57+00:00","dateModified":"2021-10-13T21:21:58+00:00","mainEntityOfPage":{"@id":"https:\/\/radioljubuski.ba\/index.php\/2021\/10\/13\/who-ima-novi-tim-strucnjaka-koji-ce-pratiti-patogene\/"},"wordCount":336,"publisher":{"@id":"https:\/\/radioljubuski.ba\/#organization"},"image":{"@id":"https:\/\/radioljubuski.ba\/index.php\/2021\/10\/13\/who-ima-novi-tim-strucnjaka-koji-ce-pratiti-patogene\/#primaryimage"},"thumbnailUrl":"https:\/\/radioljubuski.ba\/wp-content\/uploads\/2021\/07\/who.png","articleSection":["BIH i regija"],"inLanguage":"hr"},{"@type":"WebPage","@id":"https:\/\/radioljubuski.ba\/index.php\/2021\/10\/13\/who-ima-novi-tim-strucnjaka-koji-ce-pratiti-patogene\/","url":"https:\/\/radioljubuski.ba\/index.php\/2021\/10\/13\/who-ima-novi-tim-strucnjaka-koji-ce-pratiti-patogene\/","name":"WHO ima novi tim stru\u010dnjaka koji \u0107e pratiti patogene - RADIO LJUBU\u0160KI","isPartOf":{"@id":"https:\/\/radioljubuski.ba\/#website"},"primaryImageOfPage":{"@id":"https:\/\/radioljubuski.ba\/index.php\/2021\/10\/13\/who-ima-novi-tim-strucnjaka-koji-ce-pratiti-patogene\/#primaryimage"},"image":{"@id":"https:\/\/radioljubuski.ba\/index.php\/2021\/10\/13\/who-ima-novi-tim-strucnjaka-koji-ce-pratiti-patogene\/#primaryimage"},"thumbnailUrl":"https:\/\/radioljubuski.ba\/wp-content\/uploads\/2021\/07\/who.png","datePublished":"2021-10-13T21:21:57+00:00","dateModified":"2021-10-13T21:21:58+00:00","breadcrumb":{"@id":"https:\/\/radioljubuski.ba\/index.php\/2021\/10\/13\/who-ima-novi-tim-strucnjaka-koji-ce-pratiti-patogene\/#breadcrumb"},"inLanguage":"hr","potentialAction":[{"@type":"ReadAction","target":["https:\/\/radioljubuski.ba\/index.php\/2021\/10\/13\/who-ima-novi-tim-strucnjaka-koji-ce-pratiti-patogene\/"]}]},{"@type":"ImageObject","inLanguage":"hr","@id":"https:\/\/radioljubuski.ba\/index.php\/2021\/10\/13\/who-ima-novi-tim-strucnjaka-koji-ce-pratiti-patogene\/#primaryimage","url":"https:\/\/radioljubuski.ba\/wp-content\/uploads\/2021\/07\/who.png","contentUrl":"https:\/\/radioljubuski.ba\/wp-content\/uploads\/2021\/07\/who.png","width":1000,"height":625},{"@type":"BreadcrumbList","@id":"https:\/\/radioljubuski.ba\/index.php\/2021\/10\/13\/who-ima-novi-tim-strucnjaka-koji-ce-pratiti-patogene\/#breadcrumb","itemListElement":[{"@type":"ListItem","position":1,"name":"Po\u010detna stranica","item":"https:\/\/radioljubuski.ba\/"},{"@type":"ListItem","position":2,"name":"WHO ima novi tim stru\u010dnjaka koji \u0107e pratiti patogene"}]},{"@type":"WebSite","@id":"https:\/\/radioljubuski.ba\/#website","url":"https:\/\/radioljubuski.ba\/","name":"Radio Ljubu\u0161ki","description":"Sun\u010dana frekvencija Hercegovine","publisher":{"@id":"https:\/\/radioljubuski.ba\/#organization"},"potentialAction":[{"@type":"SearchAction","target":{"@type":"EntryPoint","urlTemplate":"https:\/\/radioljubuski.ba\/?s={search_term_string}"},"query-input":{"@type":"PropertyValueSpecification","valueRequired":true,"valueName":"search_term_string"}}],"inLanguage":"hr"},{"@type":"Organization","@id":"https:\/\/radioljubuski.ba\/#organization","name":"Radio Ljubu\u0161ki","url":"https:\/\/radioljubuski.ba\/","logo":{"@type":"ImageObject","inLanguage":"hr","@id":"https:\/\/radioljubuski.ba\/#\/schema\/logo\/image\/","url":"https:\/\/radioljubuski.ba\/wp-content\/uploads\/2021\/02\/cropped-Radio_Ljubuski_logo1.jpg","contentUrl":"https:\/\/radioljubuski.ba\/wp-content\/uploads\/2021\/02\/cropped-Radio_Ljubuski_logo1.jpg","width":512,"height":512,"caption":"Radio Ljubu\u0161ki"},"image":{"@id":"https:\/\/radioljubuski.ba\/#\/schema\/logo\/image\/"},"sameAs":["https:\/\/www.facebook.com\/Radiio-Ljubuski-1490835324566332","https:\/\/x.com\/radioljubuski","https:\/\/hr.linkedin.com\/company\/radio-ljubuski","https:\/\/www.youtube.com\/channel\/UCHYaeO_n0Db3tjNGudGpXyw"]},{"@type":"Person","@id":"https:\/\/radioljubuski.ba\/#\/schema\/person\/19fc700381a780f69665d7956c469e3b","name":"Radio Ljubu\u0161ki"}]}},"_links":{"self":[{"href":"https:\/\/radioljubuski.ba\/index.php\/wp-json\/wp\/v2\/posts\/75273","targetHints":{"allow":["GET"]}}],"collection":[{"href":"https:\/\/radioljubuski.ba\/index.php\/wp-json\/wp\/v2\/posts"}],"about":[{"href":"https:\/\/radioljubuski.ba\/index.php\/wp-json\/wp\/v2\/types\/post"}],"author":[{"embeddable":true,"href":"https:\/\/radioljubuski.ba\/index.php\/wp-json\/wp\/v2\/users\/2"}],"replies":[{"embeddable":true,"href":"https:\/\/radioljubuski.ba\/index.php\/wp-json\/wp\/v2\/comments?post=75273"}],"version-history":[{"count":1,"href":"https:\/\/radioljubuski.ba\/index.php\/wp-json\/wp\/v2\/posts\/75273\/revisions"}],"predecessor-version":[{"id":75274,"href":"https:\/\/radioljubuski.ba\/index.php\/wp-json\/wp\/v2\/posts\/75273\/revisions\/75274"}],"wp:featuredmedia":[{"embeddable":true,"href":"https:\/\/radioljubuski.ba\/index.php\/wp-json\/wp\/v2\/media\/40186"}],"wp:attachment":[{"href":"https:\/\/radioljubuski.ba\/index.php\/wp-json\/wp\/v2\/media?parent=75273"}],"wp:term":[{"taxonomy":"category","embeddable":true,"href":"https:\/\/radioljubuski.ba\/index.php\/wp-json\/wp\/v2\/categories?post=75273"},{"taxonomy":"post_tag","embeddable":true,"href":"https:\/\/radioljubuski.ba\/index.php\/wp-json\/wp\/v2\/tags?post=75273"}],"curies":[{"name":"wp","href":"https:\/\/api.w.org\/{rel}","templated":true}]}}