{"id":75280,"date":"2021-10-13T22:26:40","date_gmt":"2021-10-13T21:26:40","guid":{"rendered":"https:\/\/radioljubuski.ba\/?p=75280"},"modified":"2021-10-13T22:26:42","modified_gmt":"2021-10-13T21:26:42","slug":"vise-ljudi-ubijeno-u-norveskoj-u-napadima-lukom-i-strijelom","status":"publish","type":"post","link":"https:\/\/radioljubuski.ba\/index.php\/2021\/10\/13\/vise-ljudi-ubijeno-u-norveskoj-u-napadima-lukom-i-strijelom\/","title":{"rendered":"Vi\u0161e ljudi ubijeno u Norve\u0161koj u napadima lukom i strijelom"},"content":{"rendered":"\n<p><strong>Vi\u0161e je ljudi poginulo te je ozlije\u0111eno nakon napada lukom i strijelom u gradu Kongsbergu nedaleko od prijestolnice Norve\u0161ke, Osla. Norve\u0161ki javni servis NRK javlja, pozivaju\u0107i se na svoje izvore, da su najmanje \u010detiri osobe poginule.<\/strong><\/p>\n\n\n\n<p>Napad se&nbsp;<a href=\"https:\/\/www.bbc.com\/news\/world-europe-58906165?fbclid=IwAR3bqOGgVA7Vh2vN4HnrG_KiRhL91ZyP5aEd4RbeKdPlhmaD_0dq3m_JXLA\" target=\"_blank\" rel=\"noreferrer noopener\"><strong>prema pisanju BBC-a<\/strong><\/a>&nbsp;dogodio oko 18.30 u srijedu na jugoistoku Norve\u0161ke.&nbsp;<br><br>&#8211; Mogu potvrditi ozbiljan incident u centru Kongsberga, ima vi\u0161e ozlije\u0111enih i ima \u017ertava. Osumnji\u010denik je uhi\u0107en i \u010dini se da je djelovao sam, poru\u010dio je&nbsp;<strong>Oeyvind Aas<\/strong>&nbsp;iz policije okruga Buskerus.&nbsp;<br><br>Norve\u0161ki javni servis NRK javlja, pozivaju\u0107i se na svoje izvore, da su najmanje \u010detiri osobe poginule.&nbsp;<\/p>\n\n\n\n<p>Policija je potvrdila da je napada\u010d djelovao na \u0161irem podru\u010dju centra Kongsberga. Nisu htjeli potvrditi radi li se o teroristi\u010dkom napadu.<br><br>Motivi napada koji se dogodio na nekoliko mjesta jo\u0161 nisu poznati.<\/p>\n\n\n\n<blockquote class=\"twitter-tweet\"><p lang=\"en\" dir=\"ltr\">BREAKING NEWS: A man shot at people with a bow and arrow outside shops and on the streets in central <a href=\"https:\/\/twitter.com\/hashtag\/Kongsberg?src=hash&amp;ref_src=twsrc%5Etfw\">#Kongsberg<\/a>, Norway. Attacks occurred over a large area, which resulted in a large number of victims. Kongsberg is in southern Norway, just west of Oslo. <a href=\"https:\/\/t.co\/gs8ynvVntO\">https:\/\/t.co\/gs8ynvVntO<\/a><\/p>&mdash; Just Info (@JustInfoUS) <a href=\"https:\/\/twitter.com\/JustInfoUS\/status\/1448365574992629761?ref_src=twsrc%5Etfw\">October 13, 2021<\/a><\/blockquote> <script async src=\"https:\/\/platform.twitter.com\/widgets.js\" charset=\"utf-8\"><\/script>\n\n\n\n<p>Neslu\u017ebeno se navodi da je napada\u010d po\u010deo pucati po ljudima iz trgova\u010dkog centra Coop Extra u zapadnom dijelu grada.<br><br>Poru\u010duju da jo\u0161 nemaju to\u010dne podatke o broju \u017ertava, a ozlije\u0111eni su preba\u010deni u obli\u017enje bolnice.<br><br>Na mjestu doga\u0111aja vi\u0111eni su deseci vozila, uklju\u010duju\u0107i kola hitne pomo\u0107i, policijska vozila i helikoptere.\u00a0<\/p>\n\n\n\n<iframe loading=\"lazy\" src=\"https:\/\/www.facebook.com\/plugins\/video.php?height=476&#038;href=https%3A%2F%2Fwww.facebook.com%2FHRTvijesti%2Fvideos%2F1083640445731572%2F&#038;show_text=false&#038;width=476&#038;t=0\" width=\"476\" height=\"476\" style=\"border:none;overflow:hidden\" scrolling=\"no\" frameborder=\"0\" allowfullscreen=\"true\" allow=\"autoplay; clipboard-write; encrypted-media; picture-in-picture; web-share\" allowFullScreen=\"true\"><\/iframe>\n\n\n\n<p>Izvor:hrt.hr<\/p>\n","protected":false},"excerpt":{"rendered":"<p>Vi\u0161e je ljudi poginulo te je ozlije\u0111eno nakon napada lukom i strijelom u gradu Kongsbergu nedaleko od prijestolnice Norve\u0161ke, Osla. Norve\u0161ki javni servis NRK javlja, pozivaju\u0107i se na svoje izvore, da su najmanje \u010detiri osobe poginule. Napad se&nbsp;prema pisanju BBC-a&nbsp;dogodio oko 18.30 u srijedu na jugoistoku Norve\u0161ke.&nbsp; &#8211; Mogu potvrditi ozbiljan incident u centru Kongsberga, [&hellip;]<\/p>\n","protected":false},"author":2,"featured_media":75281,"comment_status":"closed","ping_status":"closed","sticky":false,"template":"","format":"standard","meta":{"h5ap_radio_sources":[],"footnotes":""},"categories":[1],"tags":[],"class_list":["post-75280","post","type-post","status-publish","format-standard","has-post-thumbnail","hentry","category-bihiregija"],"yoast_head":"<!-- This site is optimized with the Yoast SEO plugin v27.4 - https:\/\/yoast.com\/product\/yoast-seo-wordpress\/ -->\n<title>Vi\u0161e ljudi ubijeno u Norve\u0161koj u napadima lukom i strijelom - RADIO LJUBU\u0160KI<\/title>\n<meta name=\"robots\" content=\"index, follow, max-snippet:-1, max-image-preview:large, max-video-preview:-1\" \/>\n<link rel=\"canonical\" href=\"https:\/\/radioljubuski.ba\/index.php\/2021\/10\/13\/vise-ljudi-ubijeno-u-norveskoj-u-napadima-lukom-i-strijelom\/\" \/>\n<meta property=\"og:locale\" content=\"hr_HR\" \/>\n<meta property=\"og:type\" content=\"article\" \/>\n<meta property=\"og:title\" content=\"Vi\u0161e ljudi ubijeno u Norve\u0161koj u napadima lukom i strijelom - RADIO LJUBU\u0160KI\" \/>\n<meta property=\"og:description\" content=\"Vi\u0161e je ljudi poginulo te je ozlije\u0111eno nakon napada lukom i strijelom u gradu Kongsbergu nedaleko od prijestolnice Norve\u0161ke, Osla. Norve\u0161ki javni servis NRK javlja, pozivaju\u0107i se na svoje izvore, da su najmanje \u010detiri osobe poginule. Napad se&nbsp;prema pisanju BBC-a&nbsp;dogodio oko 18.30 u srijedu na jugoistoku Norve\u0161ke.&nbsp; &#8211; Mogu potvrditi ozbiljan incident u centru Kongsberga, [&hellip;]\" \/>\n<meta property=\"og:url\" content=\"https:\/\/radioljubuski.ba\/index.php\/2021\/10\/13\/vise-ljudi-ubijeno-u-norveskoj-u-napadima-lukom-i-strijelom\/\" \/>\n<meta property=\"og:site_name\" content=\"RADIO LJUBU\u0160KI\" \/>\n<meta property=\"article:publisher\" content=\"https:\/\/www.facebook.com\/Radiio-Ljubuski-1490835324566332\" \/>\n<meta property=\"article:published_time\" content=\"2021-10-13T21:26:40+00:00\" \/>\n<meta property=\"article:modified_time\" content=\"2021-10-13T21:26:42+00:00\" \/>\n<meta property=\"og:image\" content=\"https:\/\/radioljubuski.ba\/wp-content\/uploads\/2021\/10\/0970f8dd-a552-4e74-9fda-534f4e47aa9c.jpg\" \/>\n\t<meta property=\"og:image:width\" content=\"765\" \/>\n\t<meta property=\"og:image:height\" content=\"510\" \/>\n\t<meta property=\"og:image:type\" content=\"image\/jpeg\" \/>\n<meta name=\"author\" content=\"Radio Ljubu\u0161ki\" \/>\n<meta name=\"twitter:card\" content=\"summary_large_image\" \/>\n<meta name=\"twitter:creator\" content=\"@radioljubuski\" \/>\n<meta name=\"twitter:site\" content=\"@radioljubuski\" \/>\n<meta name=\"twitter:label1\" content=\"Napisao\/la\" \/>\n\t<meta name=\"twitter:data1\" content=\"Radio Ljubu\u0161ki\" \/>\n\t<meta name=\"twitter:label2\" content=\"Procijenjeno vrijeme \u010ditanja\" \/>\n\t<meta name=\"twitter:data2\" content=\"2 minute\" \/>\n<script type=\"application\/ld+json\" class=\"yoast-schema-graph\">{\"@context\":\"https:\\\/\\\/schema.org\",\"@graph\":[{\"@type\":\"Article\",\"@id\":\"https:\\\/\\\/radioljubuski.ba\\\/index.php\\\/2021\\\/10\\\/13\\\/vise-ljudi-ubijeno-u-norveskoj-u-napadima-lukom-i-strijelom\\\/#article\",\"isPartOf\":{\"@id\":\"https:\\\/\\\/radioljubuski.ba\\\/index.php\\\/2021\\\/10\\\/13\\\/vise-ljudi-ubijeno-u-norveskoj-u-napadima-lukom-i-strijelom\\\/\"},\"author\":{\"name\":\"Radio Ljubu\u0161ki\",\"@id\":\"https:\\\/\\\/radioljubuski.ba\\\/#\\\/schema\\\/person\\\/19fc700381a780f69665d7956c469e3b\"},\"headline\":\"Vi\u0161e ljudi ubijeno u Norve\u0161koj u napadima lukom i strijelom\",\"datePublished\":\"2021-10-13T21:26:40+00:00\",\"dateModified\":\"2021-10-13T21:26:42+00:00\",\"mainEntityOfPage\":{\"@id\":\"https:\\\/\\\/radioljubuski.ba\\\/index.php\\\/2021\\\/10\\\/13\\\/vise-ljudi-ubijeno-u-norveskoj-u-napadima-lukom-i-strijelom\\\/\"},\"wordCount\":283,\"publisher\":{\"@id\":\"https:\\\/\\\/radioljubuski.ba\\\/#organization\"},\"image\":{\"@id\":\"https:\\\/\\\/radioljubuski.ba\\\/index.php\\\/2021\\\/10\\\/13\\\/vise-ljudi-ubijeno-u-norveskoj-u-napadima-lukom-i-strijelom\\\/#primaryimage\"},\"thumbnailUrl\":\"https:\\\/\\\/radioljubuski.ba\\\/wp-content\\\/uploads\\\/2021\\\/10\\\/0970f8dd-a552-4e74-9fda-534f4e47aa9c.jpg\",\"articleSection\":[\"BIH i regija\"],\"inLanguage\":\"hr\"},{\"@type\":\"WebPage\",\"@id\":\"https:\\\/\\\/radioljubuski.ba\\\/index.php\\\/2021\\\/10\\\/13\\\/vise-ljudi-ubijeno-u-norveskoj-u-napadima-lukom-i-strijelom\\\/\",\"url\":\"https:\\\/\\\/radioljubuski.ba\\\/index.php\\\/2021\\\/10\\\/13\\\/vise-ljudi-ubijeno-u-norveskoj-u-napadima-lukom-i-strijelom\\\/\",\"name\":\"Vi\u0161e ljudi ubijeno u Norve\u0161koj u napadima lukom i strijelom - RADIO LJUBU\u0160KI\",\"isPartOf\":{\"@id\":\"https:\\\/\\\/radioljubuski.ba\\\/#website\"},\"primaryImageOfPage\":{\"@id\":\"https:\\\/\\\/radioljubuski.ba\\\/index.php\\\/2021\\\/10\\\/13\\\/vise-ljudi-ubijeno-u-norveskoj-u-napadima-lukom-i-strijelom\\\/#primaryimage\"},\"image\":{\"@id\":\"https:\\\/\\\/radioljubuski.ba\\\/index.php\\\/2021\\\/10\\\/13\\\/vise-ljudi-ubijeno-u-norveskoj-u-napadima-lukom-i-strijelom\\\/#primaryimage\"},\"thumbnailUrl\":\"https:\\\/\\\/radioljubuski.ba\\\/wp-content\\\/uploads\\\/2021\\\/10\\\/0970f8dd-a552-4e74-9fda-534f4e47aa9c.jpg\",\"datePublished\":\"2021-10-13T21:26:40+00:00\",\"dateModified\":\"2021-10-13T21:26:42+00:00\",\"breadcrumb\":{\"@id\":\"https:\\\/\\\/radioljubuski.ba\\\/index.php\\\/2021\\\/10\\\/13\\\/vise-ljudi-ubijeno-u-norveskoj-u-napadima-lukom-i-strijelom\\\/#breadcrumb\"},\"inLanguage\":\"hr\",\"potentialAction\":[{\"@type\":\"ReadAction\",\"target\":[\"https:\\\/\\\/radioljubuski.ba\\\/index.php\\\/2021\\\/10\\\/13\\\/vise-ljudi-ubijeno-u-norveskoj-u-napadima-lukom-i-strijelom\\\/\"]}]},{\"@type\":\"ImageObject\",\"inLanguage\":\"hr\",\"@id\":\"https:\\\/\\\/radioljubuski.ba\\\/index.php\\\/2021\\\/10\\\/13\\\/vise-ljudi-ubijeno-u-norveskoj-u-napadima-lukom-i-strijelom\\\/#primaryimage\",\"url\":\"https:\\\/\\\/radioljubuski.ba\\\/wp-content\\\/uploads\\\/2021\\\/10\\\/0970f8dd-a552-4e74-9fda-534f4e47aa9c.jpg\",\"contentUrl\":\"https:\\\/\\\/radioljubuski.ba\\\/wp-content\\\/uploads\\\/2021\\\/10\\\/0970f8dd-a552-4e74-9fda-534f4e47aa9c.jpg\",\"width\":765,\"height\":510},{\"@type\":\"BreadcrumbList\",\"@id\":\"https:\\\/\\\/radioljubuski.ba\\\/index.php\\\/2021\\\/10\\\/13\\\/vise-ljudi-ubijeno-u-norveskoj-u-napadima-lukom-i-strijelom\\\/#breadcrumb\",\"itemListElement\":[{\"@type\":\"ListItem\",\"position\":1,\"name\":\"Po\u010detna stranica\",\"item\":\"https:\\\/\\\/radioljubuski.ba\\\/\"},{\"@type\":\"ListItem\",\"position\":2,\"name\":\"Vi\u0161e ljudi ubijeno u Norve\u0161koj u napadima lukom i strijelom\"}]},{\"@type\":\"WebSite\",\"@id\":\"https:\\\/\\\/radioljubuski.ba\\\/#website\",\"url\":\"https:\\\/\\\/radioljubuski.ba\\\/\",\"name\":\"Radio Ljubu\u0161ki\",\"description\":\"Sun\u010dana frekvencija Hercegovine\",\"publisher\":{\"@id\":\"https:\\\/\\\/radioljubuski.ba\\\/#organization\"},\"potentialAction\":[{\"@type\":\"SearchAction\",\"target\":{\"@type\":\"EntryPoint\",\"urlTemplate\":\"https:\\\/\\\/radioljubuski.ba\\\/?s={search_term_string}\"},\"query-input\":{\"@type\":\"PropertyValueSpecification\",\"valueRequired\":true,\"valueName\":\"search_term_string\"}}],\"inLanguage\":\"hr\"},{\"@type\":\"Organization\",\"@id\":\"https:\\\/\\\/radioljubuski.ba\\\/#organization\",\"name\":\"Radio Ljubu\u0161ki\",\"url\":\"https:\\\/\\\/radioljubuski.ba\\\/\",\"logo\":{\"@type\":\"ImageObject\",\"inLanguage\":\"hr\",\"@id\":\"https:\\\/\\\/radioljubuski.ba\\\/#\\\/schema\\\/logo\\\/image\\\/\",\"url\":\"https:\\\/\\\/radioljubuski.ba\\\/wp-content\\\/uploads\\\/2021\\\/02\\\/cropped-Radio_Ljubuski_logo1.jpg\",\"contentUrl\":\"https:\\\/\\\/radioljubuski.ba\\\/wp-content\\\/uploads\\\/2021\\\/02\\\/cropped-Radio_Ljubuski_logo1.jpg\",\"width\":512,\"height\":512,\"caption\":\"Radio Ljubu\u0161ki\"},\"image\":{\"@id\":\"https:\\\/\\\/radioljubuski.ba\\\/#\\\/schema\\\/logo\\\/image\\\/\"},\"sameAs\":[\"https:\\\/\\\/www.facebook.com\\\/Radiio-Ljubuski-1490835324566332\",\"https:\\\/\\\/x.com\\\/radioljubuski\",\"https:\\\/\\\/hr.linkedin.com\\\/company\\\/radio-ljubuski\",\"https:\\\/\\\/www.youtube.com\\\/channel\\\/UCHYaeO_n0Db3tjNGudGpXyw\"]},{\"@type\":\"Person\",\"@id\":\"https:\\\/\\\/radioljubuski.ba\\\/#\\\/schema\\\/person\\\/19fc700381a780f69665d7956c469e3b\",\"name\":\"Radio Ljubu\u0161ki\"}]}<\/script>\n<!-- \/ Yoast SEO plugin. -->","yoast_head_json":{"title":"Vi\u0161e ljudi ubijeno u Norve\u0161koj u napadima lukom i strijelom - RADIO LJUBU\u0160KI","robots":{"index":"index","follow":"follow","max-snippet":"max-snippet:-1","max-image-preview":"max-image-preview:large","max-video-preview":"max-video-preview:-1"},"canonical":"https:\/\/radioljubuski.ba\/index.php\/2021\/10\/13\/vise-ljudi-ubijeno-u-norveskoj-u-napadima-lukom-i-strijelom\/","og_locale":"hr_HR","og_type":"article","og_title":"Vi\u0161e ljudi ubijeno u Norve\u0161koj u napadima lukom i strijelom - RADIO LJUBU\u0160KI","og_description":"Vi\u0161e je ljudi poginulo te je ozlije\u0111eno nakon napada lukom i strijelom u gradu Kongsbergu nedaleko od prijestolnice Norve\u0161ke, Osla. Norve\u0161ki javni servis NRK javlja, pozivaju\u0107i se na svoje izvore, da su najmanje \u010detiri osobe poginule. Napad se&nbsp;prema pisanju BBC-a&nbsp;dogodio oko 18.30 u srijedu na jugoistoku Norve\u0161ke.&nbsp; &#8211; Mogu potvrditi ozbiljan incident u centru Kongsberga, [&hellip;]","og_url":"https:\/\/radioljubuski.ba\/index.php\/2021\/10\/13\/vise-ljudi-ubijeno-u-norveskoj-u-napadima-lukom-i-strijelom\/","og_site_name":"RADIO LJUBU\u0160KI","article_publisher":"https:\/\/www.facebook.com\/Radiio-Ljubuski-1490835324566332","article_published_time":"2021-10-13T21:26:40+00:00","article_modified_time":"2021-10-13T21:26:42+00:00","og_image":[{"width":765,"height":510,"url":"https:\/\/radioljubuski.ba\/wp-content\/uploads\/2021\/10\/0970f8dd-a552-4e74-9fda-534f4e47aa9c.jpg","type":"image\/jpeg"}],"author":"Radio Ljubu\u0161ki","twitter_card":"summary_large_image","twitter_creator":"@radioljubuski","twitter_site":"@radioljubuski","twitter_misc":{"Napisao\/la":"Radio Ljubu\u0161ki","Procijenjeno vrijeme \u010ditanja":"2 minute"},"schema":{"@context":"https:\/\/schema.org","@graph":[{"@type":"Article","@id":"https:\/\/radioljubuski.ba\/index.php\/2021\/10\/13\/vise-ljudi-ubijeno-u-norveskoj-u-napadima-lukom-i-strijelom\/#article","isPartOf":{"@id":"https:\/\/radioljubuski.ba\/index.php\/2021\/10\/13\/vise-ljudi-ubijeno-u-norveskoj-u-napadima-lukom-i-strijelom\/"},"author":{"name":"Radio Ljubu\u0161ki","@id":"https:\/\/radioljubuski.ba\/#\/schema\/person\/19fc700381a780f69665d7956c469e3b"},"headline":"Vi\u0161e ljudi ubijeno u Norve\u0161koj u napadima lukom i strijelom","datePublished":"2021-10-13T21:26:40+00:00","dateModified":"2021-10-13T21:26:42+00:00","mainEntityOfPage":{"@id":"https:\/\/radioljubuski.ba\/index.php\/2021\/10\/13\/vise-ljudi-ubijeno-u-norveskoj-u-napadima-lukom-i-strijelom\/"},"wordCount":283,"publisher":{"@id":"https:\/\/radioljubuski.ba\/#organization"},"image":{"@id":"https:\/\/radioljubuski.ba\/index.php\/2021\/10\/13\/vise-ljudi-ubijeno-u-norveskoj-u-napadima-lukom-i-strijelom\/#primaryimage"},"thumbnailUrl":"https:\/\/radioljubuski.ba\/wp-content\/uploads\/2021\/10\/0970f8dd-a552-4e74-9fda-534f4e47aa9c.jpg","articleSection":["BIH i regija"],"inLanguage":"hr"},{"@type":"WebPage","@id":"https:\/\/radioljubuski.ba\/index.php\/2021\/10\/13\/vise-ljudi-ubijeno-u-norveskoj-u-napadima-lukom-i-strijelom\/","url":"https:\/\/radioljubuski.ba\/index.php\/2021\/10\/13\/vise-ljudi-ubijeno-u-norveskoj-u-napadima-lukom-i-strijelom\/","name":"Vi\u0161e ljudi ubijeno u Norve\u0161koj u napadima lukom i strijelom - RADIO LJUBU\u0160KI","isPartOf":{"@id":"https:\/\/radioljubuski.ba\/#website"},"primaryImageOfPage":{"@id":"https:\/\/radioljubuski.ba\/index.php\/2021\/10\/13\/vise-ljudi-ubijeno-u-norveskoj-u-napadima-lukom-i-strijelom\/#primaryimage"},"image":{"@id":"https:\/\/radioljubuski.ba\/index.php\/2021\/10\/13\/vise-ljudi-ubijeno-u-norveskoj-u-napadima-lukom-i-strijelom\/#primaryimage"},"thumbnailUrl":"https:\/\/radioljubuski.ba\/wp-content\/uploads\/2021\/10\/0970f8dd-a552-4e74-9fda-534f4e47aa9c.jpg","datePublished":"2021-10-13T21:26:40+00:00","dateModified":"2021-10-13T21:26:42+00:00","breadcrumb":{"@id":"https:\/\/radioljubuski.ba\/index.php\/2021\/10\/13\/vise-ljudi-ubijeno-u-norveskoj-u-napadima-lukom-i-strijelom\/#breadcrumb"},"inLanguage":"hr","potentialAction":[{"@type":"ReadAction","target":["https:\/\/radioljubuski.ba\/index.php\/2021\/10\/13\/vise-ljudi-ubijeno-u-norveskoj-u-napadima-lukom-i-strijelom\/"]}]},{"@type":"ImageObject","inLanguage":"hr","@id":"https:\/\/radioljubuski.ba\/index.php\/2021\/10\/13\/vise-ljudi-ubijeno-u-norveskoj-u-napadima-lukom-i-strijelom\/#primaryimage","url":"https:\/\/radioljubuski.ba\/wp-content\/uploads\/2021\/10\/0970f8dd-a552-4e74-9fda-534f4e47aa9c.jpg","contentUrl":"https:\/\/radioljubuski.ba\/wp-content\/uploads\/2021\/10\/0970f8dd-a552-4e74-9fda-534f4e47aa9c.jpg","width":765,"height":510},{"@type":"BreadcrumbList","@id":"https:\/\/radioljubuski.ba\/index.php\/2021\/10\/13\/vise-ljudi-ubijeno-u-norveskoj-u-napadima-lukom-i-strijelom\/#breadcrumb","itemListElement":[{"@type":"ListItem","position":1,"name":"Po\u010detna stranica","item":"https:\/\/radioljubuski.ba\/"},{"@type":"ListItem","position":2,"name":"Vi\u0161e ljudi ubijeno u Norve\u0161koj u napadima lukom i strijelom"}]},{"@type":"WebSite","@id":"https:\/\/radioljubuski.ba\/#website","url":"https:\/\/radioljubuski.ba\/","name":"Radio Ljubu\u0161ki","description":"Sun\u010dana frekvencija Hercegovine","publisher":{"@id":"https:\/\/radioljubuski.ba\/#organization"},"potentialAction":[{"@type":"SearchAction","target":{"@type":"EntryPoint","urlTemplate":"https:\/\/radioljubuski.ba\/?s={search_term_string}"},"query-input":{"@type":"PropertyValueSpecification","valueRequired":true,"valueName":"search_term_string"}}],"inLanguage":"hr"},{"@type":"Organization","@id":"https:\/\/radioljubuski.ba\/#organization","name":"Radio Ljubu\u0161ki","url":"https:\/\/radioljubuski.ba\/","logo":{"@type":"ImageObject","inLanguage":"hr","@id":"https:\/\/radioljubuski.ba\/#\/schema\/logo\/image\/","url":"https:\/\/radioljubuski.ba\/wp-content\/uploads\/2021\/02\/cropped-Radio_Ljubuski_logo1.jpg","contentUrl":"https:\/\/radioljubuski.ba\/wp-content\/uploads\/2021\/02\/cropped-Radio_Ljubuski_logo1.jpg","width":512,"height":512,"caption":"Radio Ljubu\u0161ki"},"image":{"@id":"https:\/\/radioljubuski.ba\/#\/schema\/logo\/image\/"},"sameAs":["https:\/\/www.facebook.com\/Radiio-Ljubuski-1490835324566332","https:\/\/x.com\/radioljubuski","https:\/\/hr.linkedin.com\/company\/radio-ljubuski","https:\/\/www.youtube.com\/channel\/UCHYaeO_n0Db3tjNGudGpXyw"]},{"@type":"Person","@id":"https:\/\/radioljubuski.ba\/#\/schema\/person\/19fc700381a780f69665d7956c469e3b","name":"Radio Ljubu\u0161ki"}]}},"_links":{"self":[{"href":"https:\/\/radioljubuski.ba\/index.php\/wp-json\/wp\/v2\/posts\/75280","targetHints":{"allow":["GET"]}}],"collection":[{"href":"https:\/\/radioljubuski.ba\/index.php\/wp-json\/wp\/v2\/posts"}],"about":[{"href":"https:\/\/radioljubuski.ba\/index.php\/wp-json\/wp\/v2\/types\/post"}],"author":[{"embeddable":true,"href":"https:\/\/radioljubuski.ba\/index.php\/wp-json\/wp\/v2\/users\/2"}],"replies":[{"embeddable":true,"href":"https:\/\/radioljubuski.ba\/index.php\/wp-json\/wp\/v2\/comments?post=75280"}],"version-history":[{"count":1,"href":"https:\/\/radioljubuski.ba\/index.php\/wp-json\/wp\/v2\/posts\/75280\/revisions"}],"predecessor-version":[{"id":75282,"href":"https:\/\/radioljubuski.ba\/index.php\/wp-json\/wp\/v2\/posts\/75280\/revisions\/75282"}],"wp:featuredmedia":[{"embeddable":true,"href":"https:\/\/radioljubuski.ba\/index.php\/wp-json\/wp\/v2\/media\/75281"}],"wp:attachment":[{"href":"https:\/\/radioljubuski.ba\/index.php\/wp-json\/wp\/v2\/media?parent=75280"}],"wp:term":[{"taxonomy":"category","embeddable":true,"href":"https:\/\/radioljubuski.ba\/index.php\/wp-json\/wp\/v2\/categories?post=75280"},{"taxonomy":"post_tag","embeddable":true,"href":"https:\/\/radioljubuski.ba\/index.php\/wp-json\/wp\/v2\/tags?post=75280"}],"curies":[{"name":"wp","href":"https:\/\/api.w.org\/{rel}","templated":true}]}}