{"id":75283,"date":"2021-10-13T22:28:19","date_gmt":"2021-10-13T21:28:19","guid":{"rendered":"https:\/\/radioljubuski.ba\/?p=75283"},"modified":"2021-10-13T22:28:19","modified_gmt":"2021-10-13T21:28:19","slug":"sad-uzima-u-obzir-vojno-rjesenje-protiv-irana-ako-diplomacija-ne-bude-dala-rezultata","status":"publish","type":"post","link":"https:\/\/radioljubuski.ba\/index.php\/2021\/10\/13\/sad-uzima-u-obzir-vojno-rjesenje-protiv-irana-ako-diplomacija-ne-bude-dala-rezultata\/","title":{"rendered":"SAD uzima u obzir vojno rje\u0161enje protiv Irana ako diplomacija ne bude dala rezultata"},"content":{"rendered":"\n<p><strong>SAD je zaprijetio primjenom vojne sile protiv Irana ako diplomacija ne uspije sprije\u010diti Teheran da proizvede atomsko oru\u017eje, prvi put reagiraju\u0107i na izraelska upozorenja prema Iranu.<\/strong><\/p>\n\n\n\n<p>Washington misli da je diplomatsko rje\u0161enje najbolji na\u010din da se sprije\u010di da Islamska Republika postane nuklearna sila, rekao je ameri\u010dki dr\u017eavni tajnik<strong>&nbsp;Antony Blinken&nbsp;<\/strong>na konferenciji za novinare koju je odr\u017eao zajedno s izraelskim kolegom<strong>&nbsp;Yairom Lapidom<\/strong>&nbsp;u ameri\u010dkome glavnom gradu.<br><br>No otvorenije je nego prije pokazao svoje nestrpljenje u trenutku kada su pregovori radi spa\u0161avanja me\u0111unarodnog ugovora o iranskom nuklearnom programu potpisanog 2015. od lipnja u zastoju, u o\u010dekivanju da se Teheran vrati za pregovara\u010dki stol.<br><br>&#8211; Za dijalog je potrebno dvoje i zasad nismo vidjeli da je Iran spreman razgovarati, izrazio je \u017ealjenje dr\u017eavni tajnik ocijeniv\u0161i jo\u0161 jednom da je vremenski okvir za povratak u ugovor sve u\u017ei.<br><br>&#8211; Spremni smo okrenuti se drugim mogu\u0107nostima ako Iran ne promijeni smjer. Uzet \u0107emo u obzir sva mogu\u0107a rje\u0161enja, upozorio je odgovaraju\u0107i na pitanje o mogu\u0107oj primjeni sile.&nbsp;<br><br>Izraelski ministar koji je stajao kraj njega, potvrdio je to, a dr\u017eavni tajnik mu se nije usprotivio.<br><br>&#8211; Kada ka\u017eem druge mogu\u0107nosti mislim da svi razumiju o \u010demu je rije\u010d, rekao je.<br><br>Yair Lapid je bio jo\u0161 jasniji u ime \u017eidovske dr\u017eave koja se odavno protivi ugovoru iz 2015. smatraju\u0107i ga nedostatnim.<br><br>&#8211; Dr\u017eavni tajnik Blinken i ja djeca smo roditelja koji su pre\u017eivjeli holokaust. Mi znamo da postoje trenutci kada zemlje moraju upotrijebiti silu kako bi za\u0161titile svijet od zla. Izrael si pridr\u017eava pravo da djeluje u svakom trenutku i na svaki mogu\u0107i na\u010din, istaknuo je.<br><br>Izraelski ministar vanjskih poslova doputovao je u Washington s namjerom da od Bidenove administracije zatra\u017ei &#8220;zamjenski plan B&#8221; u slu\u010daju diplomatskog neuspjeha.<\/p>\n\n\n\n<p>Izvor:hrt.hr<\/p>\n","protected":false},"excerpt":{"rendered":"<p>SAD je zaprijetio primjenom vojne sile protiv Irana ako diplomacija ne uspije sprije\u010diti Teheran da proizvede atomsko oru\u017eje, prvi put reagiraju\u0107i na izraelska upozorenja prema Iranu. Washington misli da je diplomatsko rje\u0161enje najbolji na\u010din da se sprije\u010di da Islamska Republika postane nuklearna sila, rekao je ameri\u010dki dr\u017eavni tajnik&nbsp;Antony Blinken&nbsp;na konferenciji za novinare koju je odr\u017eao [&hellip;]<\/p>\n","protected":false},"author":2,"featured_media":75284,"comment_status":"closed","ping_status":"closed","sticky":false,"template":"","format":"standard","meta":{"h5ap_radio_sources":[],"footnotes":""},"categories":[1],"tags":[],"class_list":["post-75283","post","type-post","status-publish","format-standard","has-post-thumbnail","hentry","category-bihiregija"],"yoast_head":"<!-- This site is optimized with the Yoast SEO plugin v27.4 - https:\/\/yoast.com\/product\/yoast-seo-wordpress\/ -->\n<title>SAD uzima u obzir vojno rje\u0161enje protiv Irana ako diplomacija ne bude dala rezultata - RADIO LJUBU\u0160KI<\/title>\n<meta name=\"robots\" content=\"index, follow, max-snippet:-1, max-image-preview:large, max-video-preview:-1\" \/>\n<link rel=\"canonical\" href=\"https:\/\/radioljubuski.ba\/index.php\/2021\/10\/13\/sad-uzima-u-obzir-vojno-rjesenje-protiv-irana-ako-diplomacija-ne-bude-dala-rezultata\/\" \/>\n<meta property=\"og:locale\" content=\"hr_HR\" \/>\n<meta property=\"og:type\" content=\"article\" \/>\n<meta property=\"og:title\" content=\"SAD uzima u obzir vojno rje\u0161enje protiv Irana ako diplomacija ne bude dala rezultata - RADIO LJUBU\u0160KI\" \/>\n<meta property=\"og:description\" content=\"SAD je zaprijetio primjenom vojne sile protiv Irana ako diplomacija ne uspije sprije\u010diti Teheran da proizvede atomsko oru\u017eje, prvi put reagiraju\u0107i na izraelska upozorenja prema Iranu. Washington misli da je diplomatsko rje\u0161enje najbolji na\u010din da se sprije\u010di da Islamska Republika postane nuklearna sila, rekao je ameri\u010dki dr\u017eavni tajnik&nbsp;Antony Blinken&nbsp;na konferenciji za novinare koju je odr\u017eao [&hellip;]\" \/>\n<meta property=\"og:url\" content=\"https:\/\/radioljubuski.ba\/index.php\/2021\/10\/13\/sad-uzima-u-obzir-vojno-rjesenje-protiv-irana-ako-diplomacija-ne-bude-dala-rezultata\/\" \/>\n<meta property=\"og:site_name\" content=\"RADIO LJUBU\u0160KI\" \/>\n<meta property=\"article:publisher\" content=\"https:\/\/www.facebook.com\/Radiio-Ljubuski-1490835324566332\" \/>\n<meta property=\"article:published_time\" content=\"2021-10-13T21:28:19+00:00\" \/>\n<meta property=\"og:image\" content=\"https:\/\/radioljubuski.ba\/wp-content\/uploads\/2021\/10\/2021-10-13t182357z-795685763-rc269q909mgq-rtrmadp-3-israel-gulf-usa-20211013200445.jpg\" \/>\n\t<meta property=\"og:image:width\" content=\"1920\" \/>\n\t<meta property=\"og:image:height\" content=\"1280\" \/>\n\t<meta property=\"og:image:type\" content=\"image\/jpeg\" \/>\n<meta name=\"author\" content=\"Radio Ljubu\u0161ki\" \/>\n<meta name=\"twitter:card\" content=\"summary_large_image\" \/>\n<meta name=\"twitter:creator\" content=\"@radioljubuski\" \/>\n<meta name=\"twitter:site\" content=\"@radioljubuski\" \/>\n<meta name=\"twitter:label1\" content=\"Napisao\/la\" \/>\n\t<meta name=\"twitter:data1\" content=\"Radio Ljubu\u0161ki\" \/>\n\t<meta name=\"twitter:label2\" content=\"Procijenjeno vrijeme \u010ditanja\" \/>\n\t<meta name=\"twitter:data2\" content=\"2 minute\" \/>\n<script type=\"application\/ld+json\" class=\"yoast-schema-graph\">{\"@context\":\"https:\\\/\\\/schema.org\",\"@graph\":[{\"@type\":\"Article\",\"@id\":\"https:\\\/\\\/radioljubuski.ba\\\/index.php\\\/2021\\\/10\\\/13\\\/sad-uzima-u-obzir-vojno-rjesenje-protiv-irana-ako-diplomacija-ne-bude-dala-rezultata\\\/#article\",\"isPartOf\":{\"@id\":\"https:\\\/\\\/radioljubuski.ba\\\/index.php\\\/2021\\\/10\\\/13\\\/sad-uzima-u-obzir-vojno-rjesenje-protiv-irana-ako-diplomacija-ne-bude-dala-rezultata\\\/\"},\"author\":{\"name\":\"Radio Ljubu\u0161ki\",\"@id\":\"https:\\\/\\\/radioljubuski.ba\\\/#\\\/schema\\\/person\\\/19fc700381a780f69665d7956c469e3b\"},\"headline\":\"SAD uzima u obzir vojno rje\u0161enje protiv Irana ako diplomacija ne bude dala rezultata\",\"datePublished\":\"2021-10-13T21:28:19+00:00\",\"mainEntityOfPage\":{\"@id\":\"https:\\\/\\\/radioljubuski.ba\\\/index.php\\\/2021\\\/10\\\/13\\\/sad-uzima-u-obzir-vojno-rjesenje-protiv-irana-ako-diplomacija-ne-bude-dala-rezultata\\\/\"},\"wordCount\":339,\"publisher\":{\"@id\":\"https:\\\/\\\/radioljubuski.ba\\\/#organization\"},\"image\":{\"@id\":\"https:\\\/\\\/radioljubuski.ba\\\/index.php\\\/2021\\\/10\\\/13\\\/sad-uzima-u-obzir-vojno-rjesenje-protiv-irana-ako-diplomacija-ne-bude-dala-rezultata\\\/#primaryimage\"},\"thumbnailUrl\":\"https:\\\/\\\/radioljubuski.ba\\\/wp-content\\\/uploads\\\/2021\\\/10\\\/2021-10-13t182357z-795685763-rc269q909mgq-rtrmadp-3-israel-gulf-usa-20211013200445.jpg\",\"articleSection\":[\"BIH i regija\"],\"inLanguage\":\"hr\"},{\"@type\":\"WebPage\",\"@id\":\"https:\\\/\\\/radioljubuski.ba\\\/index.php\\\/2021\\\/10\\\/13\\\/sad-uzima-u-obzir-vojno-rjesenje-protiv-irana-ako-diplomacija-ne-bude-dala-rezultata\\\/\",\"url\":\"https:\\\/\\\/radioljubuski.ba\\\/index.php\\\/2021\\\/10\\\/13\\\/sad-uzima-u-obzir-vojno-rjesenje-protiv-irana-ako-diplomacija-ne-bude-dala-rezultata\\\/\",\"name\":\"SAD uzima u obzir vojno rje\u0161enje protiv Irana ako diplomacija ne bude dala rezultata - RADIO LJUBU\u0160KI\",\"isPartOf\":{\"@id\":\"https:\\\/\\\/radioljubuski.ba\\\/#website\"},\"primaryImageOfPage\":{\"@id\":\"https:\\\/\\\/radioljubuski.ba\\\/index.php\\\/2021\\\/10\\\/13\\\/sad-uzima-u-obzir-vojno-rjesenje-protiv-irana-ako-diplomacija-ne-bude-dala-rezultata\\\/#primaryimage\"},\"image\":{\"@id\":\"https:\\\/\\\/radioljubuski.ba\\\/index.php\\\/2021\\\/10\\\/13\\\/sad-uzima-u-obzir-vojno-rjesenje-protiv-irana-ako-diplomacija-ne-bude-dala-rezultata\\\/#primaryimage\"},\"thumbnailUrl\":\"https:\\\/\\\/radioljubuski.ba\\\/wp-content\\\/uploads\\\/2021\\\/10\\\/2021-10-13t182357z-795685763-rc269q909mgq-rtrmadp-3-israel-gulf-usa-20211013200445.jpg\",\"datePublished\":\"2021-10-13T21:28:19+00:00\",\"breadcrumb\":{\"@id\":\"https:\\\/\\\/radioljubuski.ba\\\/index.php\\\/2021\\\/10\\\/13\\\/sad-uzima-u-obzir-vojno-rjesenje-protiv-irana-ako-diplomacija-ne-bude-dala-rezultata\\\/#breadcrumb\"},\"inLanguage\":\"hr\",\"potentialAction\":[{\"@type\":\"ReadAction\",\"target\":[\"https:\\\/\\\/radioljubuski.ba\\\/index.php\\\/2021\\\/10\\\/13\\\/sad-uzima-u-obzir-vojno-rjesenje-protiv-irana-ako-diplomacija-ne-bude-dala-rezultata\\\/\"]}]},{\"@type\":\"ImageObject\",\"inLanguage\":\"hr\",\"@id\":\"https:\\\/\\\/radioljubuski.ba\\\/index.php\\\/2021\\\/10\\\/13\\\/sad-uzima-u-obzir-vojno-rjesenje-protiv-irana-ako-diplomacija-ne-bude-dala-rezultata\\\/#primaryimage\",\"url\":\"https:\\\/\\\/radioljubuski.ba\\\/wp-content\\\/uploads\\\/2021\\\/10\\\/2021-10-13t182357z-795685763-rc269q909mgq-rtrmadp-3-israel-gulf-usa-20211013200445.jpg\",\"contentUrl\":\"https:\\\/\\\/radioljubuski.ba\\\/wp-content\\\/uploads\\\/2021\\\/10\\\/2021-10-13t182357z-795685763-rc269q909mgq-rtrmadp-3-israel-gulf-usa-20211013200445.jpg\",\"width\":1920,\"height\":1280},{\"@type\":\"BreadcrumbList\",\"@id\":\"https:\\\/\\\/radioljubuski.ba\\\/index.php\\\/2021\\\/10\\\/13\\\/sad-uzima-u-obzir-vojno-rjesenje-protiv-irana-ako-diplomacija-ne-bude-dala-rezultata\\\/#breadcrumb\",\"itemListElement\":[{\"@type\":\"ListItem\",\"position\":1,\"name\":\"Po\u010detna stranica\",\"item\":\"https:\\\/\\\/radioljubuski.ba\\\/\"},{\"@type\":\"ListItem\",\"position\":2,\"name\":\"SAD uzima u obzir vojno rje\u0161enje protiv Irana ako diplomacija ne bude dala rezultata\"}]},{\"@type\":\"WebSite\",\"@id\":\"https:\\\/\\\/radioljubuski.ba\\\/#website\",\"url\":\"https:\\\/\\\/radioljubuski.ba\\\/\",\"name\":\"Radio Ljubu\u0161ki\",\"description\":\"Sun\u010dana frekvencija Hercegovine\",\"publisher\":{\"@id\":\"https:\\\/\\\/radioljubuski.ba\\\/#organization\"},\"potentialAction\":[{\"@type\":\"SearchAction\",\"target\":{\"@type\":\"EntryPoint\",\"urlTemplate\":\"https:\\\/\\\/radioljubuski.ba\\\/?s={search_term_string}\"},\"query-input\":{\"@type\":\"PropertyValueSpecification\",\"valueRequired\":true,\"valueName\":\"search_term_string\"}}],\"inLanguage\":\"hr\"},{\"@type\":\"Organization\",\"@id\":\"https:\\\/\\\/radioljubuski.ba\\\/#organization\",\"name\":\"Radio Ljubu\u0161ki\",\"url\":\"https:\\\/\\\/radioljubuski.ba\\\/\",\"logo\":{\"@type\":\"ImageObject\",\"inLanguage\":\"hr\",\"@id\":\"https:\\\/\\\/radioljubuski.ba\\\/#\\\/schema\\\/logo\\\/image\\\/\",\"url\":\"https:\\\/\\\/radioljubuski.ba\\\/wp-content\\\/uploads\\\/2021\\\/02\\\/cropped-Radio_Ljubuski_logo1.jpg\",\"contentUrl\":\"https:\\\/\\\/radioljubuski.ba\\\/wp-content\\\/uploads\\\/2021\\\/02\\\/cropped-Radio_Ljubuski_logo1.jpg\",\"width\":512,\"height\":512,\"caption\":\"Radio Ljubu\u0161ki\"},\"image\":{\"@id\":\"https:\\\/\\\/radioljubuski.ba\\\/#\\\/schema\\\/logo\\\/image\\\/\"},\"sameAs\":[\"https:\\\/\\\/www.facebook.com\\\/Radiio-Ljubuski-1490835324566332\",\"https:\\\/\\\/x.com\\\/radioljubuski\",\"https:\\\/\\\/hr.linkedin.com\\\/company\\\/radio-ljubuski\",\"https:\\\/\\\/www.youtube.com\\\/channel\\\/UCHYaeO_n0Db3tjNGudGpXyw\"]},{\"@type\":\"Person\",\"@id\":\"https:\\\/\\\/radioljubuski.ba\\\/#\\\/schema\\\/person\\\/19fc700381a780f69665d7956c469e3b\",\"name\":\"Radio Ljubu\u0161ki\"}]}<\/script>\n<!-- \/ Yoast SEO plugin. -->","yoast_head_json":{"title":"SAD uzima u obzir vojno rje\u0161enje protiv Irana ako diplomacija ne bude dala rezultata - RADIO LJUBU\u0160KI","robots":{"index":"index","follow":"follow","max-snippet":"max-snippet:-1","max-image-preview":"max-image-preview:large","max-video-preview":"max-video-preview:-1"},"canonical":"https:\/\/radioljubuski.ba\/index.php\/2021\/10\/13\/sad-uzima-u-obzir-vojno-rjesenje-protiv-irana-ako-diplomacija-ne-bude-dala-rezultata\/","og_locale":"hr_HR","og_type":"article","og_title":"SAD uzima u obzir vojno rje\u0161enje protiv Irana ako diplomacija ne bude dala rezultata - RADIO LJUBU\u0160KI","og_description":"SAD je zaprijetio primjenom vojne sile protiv Irana ako diplomacija ne uspije sprije\u010diti Teheran da proizvede atomsko oru\u017eje, prvi put reagiraju\u0107i na izraelska upozorenja prema Iranu. Washington misli da je diplomatsko rje\u0161enje najbolji na\u010din da se sprije\u010di da Islamska Republika postane nuklearna sila, rekao je ameri\u010dki dr\u017eavni tajnik&nbsp;Antony Blinken&nbsp;na konferenciji za novinare koju je odr\u017eao [&hellip;]","og_url":"https:\/\/radioljubuski.ba\/index.php\/2021\/10\/13\/sad-uzima-u-obzir-vojno-rjesenje-protiv-irana-ako-diplomacija-ne-bude-dala-rezultata\/","og_site_name":"RADIO LJUBU\u0160KI","article_publisher":"https:\/\/www.facebook.com\/Radiio-Ljubuski-1490835324566332","article_published_time":"2021-10-13T21:28:19+00:00","og_image":[{"width":1920,"height":1280,"url":"https:\/\/radioljubuski.ba\/wp-content\/uploads\/2021\/10\/2021-10-13t182357z-795685763-rc269q909mgq-rtrmadp-3-israel-gulf-usa-20211013200445.jpg","type":"image\/jpeg"}],"author":"Radio Ljubu\u0161ki","twitter_card":"summary_large_image","twitter_creator":"@radioljubuski","twitter_site":"@radioljubuski","twitter_misc":{"Napisao\/la":"Radio Ljubu\u0161ki","Procijenjeno vrijeme \u010ditanja":"2 minute"},"schema":{"@context":"https:\/\/schema.org","@graph":[{"@type":"Article","@id":"https:\/\/radioljubuski.ba\/index.php\/2021\/10\/13\/sad-uzima-u-obzir-vojno-rjesenje-protiv-irana-ako-diplomacija-ne-bude-dala-rezultata\/#article","isPartOf":{"@id":"https:\/\/radioljubuski.ba\/index.php\/2021\/10\/13\/sad-uzima-u-obzir-vojno-rjesenje-protiv-irana-ako-diplomacija-ne-bude-dala-rezultata\/"},"author":{"name":"Radio Ljubu\u0161ki","@id":"https:\/\/radioljubuski.ba\/#\/schema\/person\/19fc700381a780f69665d7956c469e3b"},"headline":"SAD uzima u obzir vojno rje\u0161enje protiv Irana ako diplomacija ne bude dala rezultata","datePublished":"2021-10-13T21:28:19+00:00","mainEntityOfPage":{"@id":"https:\/\/radioljubuski.ba\/index.php\/2021\/10\/13\/sad-uzima-u-obzir-vojno-rjesenje-protiv-irana-ako-diplomacija-ne-bude-dala-rezultata\/"},"wordCount":339,"publisher":{"@id":"https:\/\/radioljubuski.ba\/#organization"},"image":{"@id":"https:\/\/radioljubuski.ba\/index.php\/2021\/10\/13\/sad-uzima-u-obzir-vojno-rjesenje-protiv-irana-ako-diplomacija-ne-bude-dala-rezultata\/#primaryimage"},"thumbnailUrl":"https:\/\/radioljubuski.ba\/wp-content\/uploads\/2021\/10\/2021-10-13t182357z-795685763-rc269q909mgq-rtrmadp-3-israel-gulf-usa-20211013200445.jpg","articleSection":["BIH i regija"],"inLanguage":"hr"},{"@type":"WebPage","@id":"https:\/\/radioljubuski.ba\/index.php\/2021\/10\/13\/sad-uzima-u-obzir-vojno-rjesenje-protiv-irana-ako-diplomacija-ne-bude-dala-rezultata\/","url":"https:\/\/radioljubuski.ba\/index.php\/2021\/10\/13\/sad-uzima-u-obzir-vojno-rjesenje-protiv-irana-ako-diplomacija-ne-bude-dala-rezultata\/","name":"SAD uzima u obzir vojno rje\u0161enje protiv Irana ako diplomacija ne bude dala rezultata - RADIO LJUBU\u0160KI","isPartOf":{"@id":"https:\/\/radioljubuski.ba\/#website"},"primaryImageOfPage":{"@id":"https:\/\/radioljubuski.ba\/index.php\/2021\/10\/13\/sad-uzima-u-obzir-vojno-rjesenje-protiv-irana-ako-diplomacija-ne-bude-dala-rezultata\/#primaryimage"},"image":{"@id":"https:\/\/radioljubuski.ba\/index.php\/2021\/10\/13\/sad-uzima-u-obzir-vojno-rjesenje-protiv-irana-ako-diplomacija-ne-bude-dala-rezultata\/#primaryimage"},"thumbnailUrl":"https:\/\/radioljubuski.ba\/wp-content\/uploads\/2021\/10\/2021-10-13t182357z-795685763-rc269q909mgq-rtrmadp-3-israel-gulf-usa-20211013200445.jpg","datePublished":"2021-10-13T21:28:19+00:00","breadcrumb":{"@id":"https:\/\/radioljubuski.ba\/index.php\/2021\/10\/13\/sad-uzima-u-obzir-vojno-rjesenje-protiv-irana-ako-diplomacija-ne-bude-dala-rezultata\/#breadcrumb"},"inLanguage":"hr","potentialAction":[{"@type":"ReadAction","target":["https:\/\/radioljubuski.ba\/index.php\/2021\/10\/13\/sad-uzima-u-obzir-vojno-rjesenje-protiv-irana-ako-diplomacija-ne-bude-dala-rezultata\/"]}]},{"@type":"ImageObject","inLanguage":"hr","@id":"https:\/\/radioljubuski.ba\/index.php\/2021\/10\/13\/sad-uzima-u-obzir-vojno-rjesenje-protiv-irana-ako-diplomacija-ne-bude-dala-rezultata\/#primaryimage","url":"https:\/\/radioljubuski.ba\/wp-content\/uploads\/2021\/10\/2021-10-13t182357z-795685763-rc269q909mgq-rtrmadp-3-israel-gulf-usa-20211013200445.jpg","contentUrl":"https:\/\/radioljubuski.ba\/wp-content\/uploads\/2021\/10\/2021-10-13t182357z-795685763-rc269q909mgq-rtrmadp-3-israel-gulf-usa-20211013200445.jpg","width":1920,"height":1280},{"@type":"BreadcrumbList","@id":"https:\/\/radioljubuski.ba\/index.php\/2021\/10\/13\/sad-uzima-u-obzir-vojno-rjesenje-protiv-irana-ako-diplomacija-ne-bude-dala-rezultata\/#breadcrumb","itemListElement":[{"@type":"ListItem","position":1,"name":"Po\u010detna stranica","item":"https:\/\/radioljubuski.ba\/"},{"@type":"ListItem","position":2,"name":"SAD uzima u obzir vojno rje\u0161enje protiv Irana ako diplomacija ne bude dala rezultata"}]},{"@type":"WebSite","@id":"https:\/\/radioljubuski.ba\/#website","url":"https:\/\/radioljubuski.ba\/","name":"Radio Ljubu\u0161ki","description":"Sun\u010dana frekvencija Hercegovine","publisher":{"@id":"https:\/\/radioljubuski.ba\/#organization"},"potentialAction":[{"@type":"SearchAction","target":{"@type":"EntryPoint","urlTemplate":"https:\/\/radioljubuski.ba\/?s={search_term_string}"},"query-input":{"@type":"PropertyValueSpecification","valueRequired":true,"valueName":"search_term_string"}}],"inLanguage":"hr"},{"@type":"Organization","@id":"https:\/\/radioljubuski.ba\/#organization","name":"Radio Ljubu\u0161ki","url":"https:\/\/radioljubuski.ba\/","logo":{"@type":"ImageObject","inLanguage":"hr","@id":"https:\/\/radioljubuski.ba\/#\/schema\/logo\/image\/","url":"https:\/\/radioljubuski.ba\/wp-content\/uploads\/2021\/02\/cropped-Radio_Ljubuski_logo1.jpg","contentUrl":"https:\/\/radioljubuski.ba\/wp-content\/uploads\/2021\/02\/cropped-Radio_Ljubuski_logo1.jpg","width":512,"height":512,"caption":"Radio Ljubu\u0161ki"},"image":{"@id":"https:\/\/radioljubuski.ba\/#\/schema\/logo\/image\/"},"sameAs":["https:\/\/www.facebook.com\/Radiio-Ljubuski-1490835324566332","https:\/\/x.com\/radioljubuski","https:\/\/hr.linkedin.com\/company\/radio-ljubuski","https:\/\/www.youtube.com\/channel\/UCHYaeO_n0Db3tjNGudGpXyw"]},{"@type":"Person","@id":"https:\/\/radioljubuski.ba\/#\/schema\/person\/19fc700381a780f69665d7956c469e3b","name":"Radio Ljubu\u0161ki"}]}},"_links":{"self":[{"href":"https:\/\/radioljubuski.ba\/index.php\/wp-json\/wp\/v2\/posts\/75283","targetHints":{"allow":["GET"]}}],"collection":[{"href":"https:\/\/radioljubuski.ba\/index.php\/wp-json\/wp\/v2\/posts"}],"about":[{"href":"https:\/\/radioljubuski.ba\/index.php\/wp-json\/wp\/v2\/types\/post"}],"author":[{"embeddable":true,"href":"https:\/\/radioljubuski.ba\/index.php\/wp-json\/wp\/v2\/users\/2"}],"replies":[{"embeddable":true,"href":"https:\/\/radioljubuski.ba\/index.php\/wp-json\/wp\/v2\/comments?post=75283"}],"version-history":[{"count":1,"href":"https:\/\/radioljubuski.ba\/index.php\/wp-json\/wp\/v2\/posts\/75283\/revisions"}],"predecessor-version":[{"id":75285,"href":"https:\/\/radioljubuski.ba\/index.php\/wp-json\/wp\/v2\/posts\/75283\/revisions\/75285"}],"wp:featuredmedia":[{"embeddable":true,"href":"https:\/\/radioljubuski.ba\/index.php\/wp-json\/wp\/v2\/media\/75284"}],"wp:attachment":[{"href":"https:\/\/radioljubuski.ba\/index.php\/wp-json\/wp\/v2\/media?parent=75283"}],"wp:term":[{"taxonomy":"category","embeddable":true,"href":"https:\/\/radioljubuski.ba\/index.php\/wp-json\/wp\/v2\/categories?post=75283"},{"taxonomy":"post_tag","embeddable":true,"href":"https:\/\/radioljubuski.ba\/index.php\/wp-json\/wp\/v2\/tags?post=75283"}],"curies":[{"name":"wp","href":"https:\/\/api.w.org\/{rel}","templated":true}]}}