{"id":75301,"date":"2021-10-13T22:40:55","date_gmt":"2021-10-13T21:40:55","guid":{"rendered":"https:\/\/radioljubuski.ba\/?p=75301"},"modified":"2021-10-13T22:40:56","modified_gmt":"2021-10-13T21:40:56","slug":"u-sloveniji-1227-novozarazenih-epidemija-stagnira-ali-bolnice-i-dalje-pune","status":"publish","type":"post","link":"https:\/\/radioljubuski.ba\/index.php\/2021\/10\/13\/u-sloveniji-1227-novozarazenih-epidemija-stagnira-ali-bolnice-i-dalje-pune\/","title":{"rendered":"U Sloveniji 1227 novozara\u017eenih, epidemija stagnira, ali bolnice i dalje pune"},"content":{"rendered":"\n<p><strong>U Sloveniji posljednji val epidemije zadnja dva tjedna pomalo stagnira, ali se bolni\u010dki covid odjeli i dalje pune.<\/strong><\/p>\n\n\n\n<p>U zadnja 24 sata potvr\u0111eno je 1227 novih zaraza koronavirusom, \u0161to je 21,6 posto pozitivnih nalaza me\u0111u 5686 testiranih PCR-testovima, a umrlo je pet oboljelih od Covida-19, objavila je slovenska vlada na Twitteru.<br><br>Prije sedam dana bilo je 1.208 novozara\u017eenih, a broj novih potvr\u0111enih slu\u010dajeva u jednom danu vi\u0161e manje stagnira ve\u0107 dva tjedna, no broj onih koji se zbog Covida-19 prijavljuju u bolnice ne smanjuje se, dok se procijepljenost pove\u0107ava pu\u017eevim korakom i prema zadnjim podacima iznosi 49,8 posto stanovni\u0161tva koje je dobilo potrebne doze cjepiva.<br><br>Ministar zdravstva&nbsp;<strong>Janez Poklukar<\/strong>&nbsp;izjavio je kako se nada da \u0107e se interes za cijepljenje pove\u0107ati nakon \u0161to je vlada odlu\u010dila da se, osim za izuzetne slu\u010dajeve i na pismeno izra\u017eenu \u017eelju ubudu\u0107e svi cijepe &#8220;sigurnijim&#8221; mRNA cjepivima. No, to se za sada nije dogodilo, a mediji navode da je pro\u0161log tjedna broj cijepljenih bio najmanji od sije\u010dnja ove godine, kad cjepiva nije bilo dovoljno.<br><br>Vlada je objavila da je potrebne doze cjepiva dobilo 50 posto populacije, a jednu dozu njih 54 posto. Jednom dozom cjepiva do sada je cijepljeno i 64 posto starijih od 18 godina te 75 posto starijih od 50 godina.<br><br>U bolnicama se po podacima vlade od covida lije\u010di 420 pacijenata, 122 od njih je na intenzivnim odjelima, a trenutno je 11.513 aktivnih slu\u010dajeva zaraze. Trenutna 14-dnevna incidencija zaraze na 100.000 stanovnika u Sloveniji pak iznosi 546, \u0161to zna\u010di da bi zemlja prema pravilima Europskog centra za kontrolu bolesti s tamno-crvene mogla prije\u0107i u sigurniju crvenu zonu s obzirom na epidemiolo\u0161ku situaciju.<br><br>Slovenski ministar zdravstva kazao je ju\u010der, nakon neformalnog sastanka europskih ministara zdravstva, da su potrebna uskla\u0111ena djelovanja i jedinstvena pravila glede cijepljenja protiv Covida-19, ali da sve \u010dlanice preporuke o tome koje je izdala Europska agencija za lijekove (EMA) trebaju prilago\u0111avati lokalnoj situaciji u svojoj dr\u017eavi.<br><br>Kad EU djeluje koordinirano, onda je najuspje\u0161nija, istaknula je tom prigodom na sastanku i europska povjerenica za zdravstvo i sigurnost hrane&nbsp;<strong>Stella Kyriakides<\/strong>.<br><br>Kao veliki uspjeh EU-a navela je upravo cijepljenje i strategiju raspodjele cjepiva protiv Covida-19 me\u0111u \u010dlanicama, a kao glavne faktore uspjeha navela je &#8220;suradnju i solidarnost&#8221;.<br><br>Najavila je i donaciju 500 milijuna doza cjepiva protiv Covida-19 zemljama izvan Europske unije do sredine idu\u0107e godine, te upozorila na opasnost &#8220;pandemije me\u0111u necijepljenima&#8221; ako se tempo cijepljenja u \u010dlanicama koje u tome zaostaju ne pove\u0107a, premda je EU u cjelini u strategiji cijepljenja uspje\u0161na jer je punim dozama cijepljeno 75 posto odraslog stanovni\u0161tva.<\/p>\n\n\n\n<p>Izvor:hrt.hr<\/p>\n","protected":false},"excerpt":{"rendered":"<p>U Sloveniji posljednji val epidemije zadnja dva tjedna pomalo stagnira, ali se bolni\u010dki covid odjeli i dalje pune. U zadnja 24 sata potvr\u0111eno je 1227 novih zaraza koronavirusom, \u0161to je 21,6 posto pozitivnih nalaza me\u0111u 5686 testiranih PCR-testovima, a umrlo je pet oboljelih od Covida-19, objavila je slovenska vlada na Twitteru. Prije sedam dana bilo [&hellip;]<\/p>\n","protected":false},"author":2,"featured_media":5335,"comment_status":"closed","ping_status":"closed","sticky":false,"template":"","format":"standard","meta":{"h5ap_radio_sources":[],"footnotes":""},"categories":[1],"tags":[],"class_list":["post-75301","post","type-post","status-publish","format-standard","has-post-thumbnail","hentry","category-bihiregija"],"yoast_head":"<!-- This site is optimized with the Yoast SEO plugin v27.4 - https:\/\/yoast.com\/product\/yoast-seo-wordpress\/ -->\n<title>U Sloveniji 1227 novozara\u017eenih, epidemija stagnira, ali bolnice i dalje pune - RADIO LJUBU\u0160KI<\/title>\n<meta name=\"robots\" content=\"index, follow, max-snippet:-1, max-image-preview:large, max-video-preview:-1\" \/>\n<link rel=\"canonical\" href=\"https:\/\/radioljubuski.ba\/index.php\/2021\/10\/13\/u-sloveniji-1227-novozarazenih-epidemija-stagnira-ali-bolnice-i-dalje-pune\/\" \/>\n<meta property=\"og:locale\" content=\"hr_HR\" \/>\n<meta property=\"og:type\" content=\"article\" \/>\n<meta property=\"og:title\" content=\"U Sloveniji 1227 novozara\u017eenih, epidemija stagnira, ali bolnice i dalje pune - RADIO LJUBU\u0160KI\" \/>\n<meta property=\"og:description\" content=\"U Sloveniji posljednji val epidemije zadnja dva tjedna pomalo stagnira, ali se bolni\u010dki covid odjeli i dalje pune. U zadnja 24 sata potvr\u0111eno je 1227 novih zaraza koronavirusom, \u0161to je 21,6 posto pozitivnih nalaza me\u0111u 5686 testiranih PCR-testovima, a umrlo je pet oboljelih od Covida-19, objavila je slovenska vlada na Twitteru. Prije sedam dana bilo [&hellip;]\" \/>\n<meta property=\"og:url\" content=\"https:\/\/radioljubuski.ba\/index.php\/2021\/10\/13\/u-sloveniji-1227-novozarazenih-epidemija-stagnira-ali-bolnice-i-dalje-pune\/\" \/>\n<meta property=\"og:site_name\" content=\"RADIO LJUBU\u0160KI\" \/>\n<meta property=\"article:publisher\" content=\"https:\/\/www.facebook.com\/Radiio-Ljubuski-1490835324566332\" \/>\n<meta property=\"article:published_time\" content=\"2021-10-13T21:40:55+00:00\" \/>\n<meta property=\"article:modified_time\" content=\"2021-10-13T21:40:56+00:00\" \/>\n<meta property=\"og:image\" content=\"https:\/\/radioljubuski.ba\/wp-content\/uploads\/2021\/03\/kaqL42iY_korona-1.jpg\" \/>\n\t<meta property=\"og:image:width\" content=\"1000\" \/>\n\t<meta property=\"og:image:height\" content=\"625\" \/>\n\t<meta property=\"og:image:type\" content=\"image\/jpeg\" \/>\n<meta name=\"author\" content=\"Radio Ljubu\u0161ki\" \/>\n<meta name=\"twitter:card\" content=\"summary_large_image\" \/>\n<meta name=\"twitter:creator\" content=\"@radioljubuski\" \/>\n<meta name=\"twitter:site\" content=\"@radioljubuski\" \/>\n<meta name=\"twitter:label1\" content=\"Napisao\/la\" \/>\n\t<meta name=\"twitter:data1\" content=\"Radio Ljubu\u0161ki\" \/>\n\t<meta name=\"twitter:label2\" content=\"Procijenjeno vrijeme \u010ditanja\" \/>\n\t<meta name=\"twitter:data2\" content=\"2 minute\" \/>\n<script type=\"application\/ld+json\" class=\"yoast-schema-graph\">{\"@context\":\"https:\\\/\\\/schema.org\",\"@graph\":[{\"@type\":\"Article\",\"@id\":\"https:\\\/\\\/radioljubuski.ba\\\/index.php\\\/2021\\\/10\\\/13\\\/u-sloveniji-1227-novozarazenih-epidemija-stagnira-ali-bolnice-i-dalje-pune\\\/#article\",\"isPartOf\":{\"@id\":\"https:\\\/\\\/radioljubuski.ba\\\/index.php\\\/2021\\\/10\\\/13\\\/u-sloveniji-1227-novozarazenih-epidemija-stagnira-ali-bolnice-i-dalje-pune\\\/\"},\"author\":{\"name\":\"Radio Ljubu\u0161ki\",\"@id\":\"https:\\\/\\\/radioljubuski.ba\\\/#\\\/schema\\\/person\\\/19fc700381a780f69665d7956c469e3b\"},\"headline\":\"U Sloveniji 1227 novozara\u017eenih, epidemija stagnira, ali bolnice i dalje pune\",\"datePublished\":\"2021-10-13T21:40:55+00:00\",\"dateModified\":\"2021-10-13T21:40:56+00:00\",\"mainEntityOfPage\":{\"@id\":\"https:\\\/\\\/radioljubuski.ba\\\/index.php\\\/2021\\\/10\\\/13\\\/u-sloveniji-1227-novozarazenih-epidemija-stagnira-ali-bolnice-i-dalje-pune\\\/\"},\"wordCount\":452,\"publisher\":{\"@id\":\"https:\\\/\\\/radioljubuski.ba\\\/#organization\"},\"image\":{\"@id\":\"https:\\\/\\\/radioljubuski.ba\\\/index.php\\\/2021\\\/10\\\/13\\\/u-sloveniji-1227-novozarazenih-epidemija-stagnira-ali-bolnice-i-dalje-pune\\\/#primaryimage\"},\"thumbnailUrl\":\"https:\\\/\\\/radioljubuski.ba\\\/wp-content\\\/uploads\\\/2021\\\/03\\\/kaqL42iY_korona-1.jpg\",\"articleSection\":[\"BIH i regija\"],\"inLanguage\":\"hr\"},{\"@type\":\"WebPage\",\"@id\":\"https:\\\/\\\/radioljubuski.ba\\\/index.php\\\/2021\\\/10\\\/13\\\/u-sloveniji-1227-novozarazenih-epidemija-stagnira-ali-bolnice-i-dalje-pune\\\/\",\"url\":\"https:\\\/\\\/radioljubuski.ba\\\/index.php\\\/2021\\\/10\\\/13\\\/u-sloveniji-1227-novozarazenih-epidemija-stagnira-ali-bolnice-i-dalje-pune\\\/\",\"name\":\"U Sloveniji 1227 novozara\u017eenih, epidemija stagnira, ali bolnice i dalje pune - RADIO LJUBU\u0160KI\",\"isPartOf\":{\"@id\":\"https:\\\/\\\/radioljubuski.ba\\\/#website\"},\"primaryImageOfPage\":{\"@id\":\"https:\\\/\\\/radioljubuski.ba\\\/index.php\\\/2021\\\/10\\\/13\\\/u-sloveniji-1227-novozarazenih-epidemija-stagnira-ali-bolnice-i-dalje-pune\\\/#primaryimage\"},\"image\":{\"@id\":\"https:\\\/\\\/radioljubuski.ba\\\/index.php\\\/2021\\\/10\\\/13\\\/u-sloveniji-1227-novozarazenih-epidemija-stagnira-ali-bolnice-i-dalje-pune\\\/#primaryimage\"},\"thumbnailUrl\":\"https:\\\/\\\/radioljubuski.ba\\\/wp-content\\\/uploads\\\/2021\\\/03\\\/kaqL42iY_korona-1.jpg\",\"datePublished\":\"2021-10-13T21:40:55+00:00\",\"dateModified\":\"2021-10-13T21:40:56+00:00\",\"breadcrumb\":{\"@id\":\"https:\\\/\\\/radioljubuski.ba\\\/index.php\\\/2021\\\/10\\\/13\\\/u-sloveniji-1227-novozarazenih-epidemija-stagnira-ali-bolnice-i-dalje-pune\\\/#breadcrumb\"},\"inLanguage\":\"hr\",\"potentialAction\":[{\"@type\":\"ReadAction\",\"target\":[\"https:\\\/\\\/radioljubuski.ba\\\/index.php\\\/2021\\\/10\\\/13\\\/u-sloveniji-1227-novozarazenih-epidemija-stagnira-ali-bolnice-i-dalje-pune\\\/\"]}]},{\"@type\":\"ImageObject\",\"inLanguage\":\"hr\",\"@id\":\"https:\\\/\\\/radioljubuski.ba\\\/index.php\\\/2021\\\/10\\\/13\\\/u-sloveniji-1227-novozarazenih-epidemija-stagnira-ali-bolnice-i-dalje-pune\\\/#primaryimage\",\"url\":\"https:\\\/\\\/radioljubuski.ba\\\/wp-content\\\/uploads\\\/2021\\\/03\\\/kaqL42iY_korona-1.jpg\",\"contentUrl\":\"https:\\\/\\\/radioljubuski.ba\\\/wp-content\\\/uploads\\\/2021\\\/03\\\/kaqL42iY_korona-1.jpg\",\"width\":1000,\"height\":625},{\"@type\":\"BreadcrumbList\",\"@id\":\"https:\\\/\\\/radioljubuski.ba\\\/index.php\\\/2021\\\/10\\\/13\\\/u-sloveniji-1227-novozarazenih-epidemija-stagnira-ali-bolnice-i-dalje-pune\\\/#breadcrumb\",\"itemListElement\":[{\"@type\":\"ListItem\",\"position\":1,\"name\":\"Po\u010detna stranica\",\"item\":\"https:\\\/\\\/radioljubuski.ba\\\/\"},{\"@type\":\"ListItem\",\"position\":2,\"name\":\"U Sloveniji 1227 novozara\u017eenih, epidemija stagnira, ali bolnice i dalje pune\"}]},{\"@type\":\"WebSite\",\"@id\":\"https:\\\/\\\/radioljubuski.ba\\\/#website\",\"url\":\"https:\\\/\\\/radioljubuski.ba\\\/\",\"name\":\"Radio Ljubu\u0161ki\",\"description\":\"Sun\u010dana frekvencija Hercegovine\",\"publisher\":{\"@id\":\"https:\\\/\\\/radioljubuski.ba\\\/#organization\"},\"potentialAction\":[{\"@type\":\"SearchAction\",\"target\":{\"@type\":\"EntryPoint\",\"urlTemplate\":\"https:\\\/\\\/radioljubuski.ba\\\/?s={search_term_string}\"},\"query-input\":{\"@type\":\"PropertyValueSpecification\",\"valueRequired\":true,\"valueName\":\"search_term_string\"}}],\"inLanguage\":\"hr\"},{\"@type\":\"Organization\",\"@id\":\"https:\\\/\\\/radioljubuski.ba\\\/#organization\",\"name\":\"Radio Ljubu\u0161ki\",\"url\":\"https:\\\/\\\/radioljubuski.ba\\\/\",\"logo\":{\"@type\":\"ImageObject\",\"inLanguage\":\"hr\",\"@id\":\"https:\\\/\\\/radioljubuski.ba\\\/#\\\/schema\\\/logo\\\/image\\\/\",\"url\":\"https:\\\/\\\/radioljubuski.ba\\\/wp-content\\\/uploads\\\/2021\\\/02\\\/cropped-Radio_Ljubuski_logo1.jpg\",\"contentUrl\":\"https:\\\/\\\/radioljubuski.ba\\\/wp-content\\\/uploads\\\/2021\\\/02\\\/cropped-Radio_Ljubuski_logo1.jpg\",\"width\":512,\"height\":512,\"caption\":\"Radio Ljubu\u0161ki\"},\"image\":{\"@id\":\"https:\\\/\\\/radioljubuski.ba\\\/#\\\/schema\\\/logo\\\/image\\\/\"},\"sameAs\":[\"https:\\\/\\\/www.facebook.com\\\/Radiio-Ljubuski-1490835324566332\",\"https:\\\/\\\/x.com\\\/radioljubuski\",\"https:\\\/\\\/hr.linkedin.com\\\/company\\\/radio-ljubuski\",\"https:\\\/\\\/www.youtube.com\\\/channel\\\/UCHYaeO_n0Db3tjNGudGpXyw\"]},{\"@type\":\"Person\",\"@id\":\"https:\\\/\\\/radioljubuski.ba\\\/#\\\/schema\\\/person\\\/19fc700381a780f69665d7956c469e3b\",\"name\":\"Radio Ljubu\u0161ki\"}]}<\/script>\n<!-- \/ Yoast SEO plugin. -->","yoast_head_json":{"title":"U Sloveniji 1227 novozara\u017eenih, epidemija stagnira, ali bolnice i dalje pune - RADIO LJUBU\u0160KI","robots":{"index":"index","follow":"follow","max-snippet":"max-snippet:-1","max-image-preview":"max-image-preview:large","max-video-preview":"max-video-preview:-1"},"canonical":"https:\/\/radioljubuski.ba\/index.php\/2021\/10\/13\/u-sloveniji-1227-novozarazenih-epidemija-stagnira-ali-bolnice-i-dalje-pune\/","og_locale":"hr_HR","og_type":"article","og_title":"U Sloveniji 1227 novozara\u017eenih, epidemija stagnira, ali bolnice i dalje pune - RADIO LJUBU\u0160KI","og_description":"U Sloveniji posljednji val epidemije zadnja dva tjedna pomalo stagnira, ali se bolni\u010dki covid odjeli i dalje pune. U zadnja 24 sata potvr\u0111eno je 1227 novih zaraza koronavirusom, \u0161to je 21,6 posto pozitivnih nalaza me\u0111u 5686 testiranih PCR-testovima, a umrlo je pet oboljelih od Covida-19, objavila je slovenska vlada na Twitteru. Prije sedam dana bilo [&hellip;]","og_url":"https:\/\/radioljubuski.ba\/index.php\/2021\/10\/13\/u-sloveniji-1227-novozarazenih-epidemija-stagnira-ali-bolnice-i-dalje-pune\/","og_site_name":"RADIO LJUBU\u0160KI","article_publisher":"https:\/\/www.facebook.com\/Radiio-Ljubuski-1490835324566332","article_published_time":"2021-10-13T21:40:55+00:00","article_modified_time":"2021-10-13T21:40:56+00:00","og_image":[{"width":1000,"height":625,"url":"https:\/\/radioljubuski.ba\/wp-content\/uploads\/2021\/03\/kaqL42iY_korona-1.jpg","type":"image\/jpeg"}],"author":"Radio Ljubu\u0161ki","twitter_card":"summary_large_image","twitter_creator":"@radioljubuski","twitter_site":"@radioljubuski","twitter_misc":{"Napisao\/la":"Radio Ljubu\u0161ki","Procijenjeno vrijeme \u010ditanja":"2 minute"},"schema":{"@context":"https:\/\/schema.org","@graph":[{"@type":"Article","@id":"https:\/\/radioljubuski.ba\/index.php\/2021\/10\/13\/u-sloveniji-1227-novozarazenih-epidemija-stagnira-ali-bolnice-i-dalje-pune\/#article","isPartOf":{"@id":"https:\/\/radioljubuski.ba\/index.php\/2021\/10\/13\/u-sloveniji-1227-novozarazenih-epidemija-stagnira-ali-bolnice-i-dalje-pune\/"},"author":{"name":"Radio Ljubu\u0161ki","@id":"https:\/\/radioljubuski.ba\/#\/schema\/person\/19fc700381a780f69665d7956c469e3b"},"headline":"U Sloveniji 1227 novozara\u017eenih, epidemija stagnira, ali bolnice i dalje pune","datePublished":"2021-10-13T21:40:55+00:00","dateModified":"2021-10-13T21:40:56+00:00","mainEntityOfPage":{"@id":"https:\/\/radioljubuski.ba\/index.php\/2021\/10\/13\/u-sloveniji-1227-novozarazenih-epidemija-stagnira-ali-bolnice-i-dalje-pune\/"},"wordCount":452,"publisher":{"@id":"https:\/\/radioljubuski.ba\/#organization"},"image":{"@id":"https:\/\/radioljubuski.ba\/index.php\/2021\/10\/13\/u-sloveniji-1227-novozarazenih-epidemija-stagnira-ali-bolnice-i-dalje-pune\/#primaryimage"},"thumbnailUrl":"https:\/\/radioljubuski.ba\/wp-content\/uploads\/2021\/03\/kaqL42iY_korona-1.jpg","articleSection":["BIH i regija"],"inLanguage":"hr"},{"@type":"WebPage","@id":"https:\/\/radioljubuski.ba\/index.php\/2021\/10\/13\/u-sloveniji-1227-novozarazenih-epidemija-stagnira-ali-bolnice-i-dalje-pune\/","url":"https:\/\/radioljubuski.ba\/index.php\/2021\/10\/13\/u-sloveniji-1227-novozarazenih-epidemija-stagnira-ali-bolnice-i-dalje-pune\/","name":"U Sloveniji 1227 novozara\u017eenih, epidemija stagnira, ali bolnice i dalje pune - RADIO LJUBU\u0160KI","isPartOf":{"@id":"https:\/\/radioljubuski.ba\/#website"},"primaryImageOfPage":{"@id":"https:\/\/radioljubuski.ba\/index.php\/2021\/10\/13\/u-sloveniji-1227-novozarazenih-epidemija-stagnira-ali-bolnice-i-dalje-pune\/#primaryimage"},"image":{"@id":"https:\/\/radioljubuski.ba\/index.php\/2021\/10\/13\/u-sloveniji-1227-novozarazenih-epidemija-stagnira-ali-bolnice-i-dalje-pune\/#primaryimage"},"thumbnailUrl":"https:\/\/radioljubuski.ba\/wp-content\/uploads\/2021\/03\/kaqL42iY_korona-1.jpg","datePublished":"2021-10-13T21:40:55+00:00","dateModified":"2021-10-13T21:40:56+00:00","breadcrumb":{"@id":"https:\/\/radioljubuski.ba\/index.php\/2021\/10\/13\/u-sloveniji-1227-novozarazenih-epidemija-stagnira-ali-bolnice-i-dalje-pune\/#breadcrumb"},"inLanguage":"hr","potentialAction":[{"@type":"ReadAction","target":["https:\/\/radioljubuski.ba\/index.php\/2021\/10\/13\/u-sloveniji-1227-novozarazenih-epidemija-stagnira-ali-bolnice-i-dalje-pune\/"]}]},{"@type":"ImageObject","inLanguage":"hr","@id":"https:\/\/radioljubuski.ba\/index.php\/2021\/10\/13\/u-sloveniji-1227-novozarazenih-epidemija-stagnira-ali-bolnice-i-dalje-pune\/#primaryimage","url":"https:\/\/radioljubuski.ba\/wp-content\/uploads\/2021\/03\/kaqL42iY_korona-1.jpg","contentUrl":"https:\/\/radioljubuski.ba\/wp-content\/uploads\/2021\/03\/kaqL42iY_korona-1.jpg","width":1000,"height":625},{"@type":"BreadcrumbList","@id":"https:\/\/radioljubuski.ba\/index.php\/2021\/10\/13\/u-sloveniji-1227-novozarazenih-epidemija-stagnira-ali-bolnice-i-dalje-pune\/#breadcrumb","itemListElement":[{"@type":"ListItem","position":1,"name":"Po\u010detna stranica","item":"https:\/\/radioljubuski.ba\/"},{"@type":"ListItem","position":2,"name":"U Sloveniji 1227 novozara\u017eenih, epidemija stagnira, ali bolnice i dalje pune"}]},{"@type":"WebSite","@id":"https:\/\/radioljubuski.ba\/#website","url":"https:\/\/radioljubuski.ba\/","name":"Radio Ljubu\u0161ki","description":"Sun\u010dana frekvencija Hercegovine","publisher":{"@id":"https:\/\/radioljubuski.ba\/#organization"},"potentialAction":[{"@type":"SearchAction","target":{"@type":"EntryPoint","urlTemplate":"https:\/\/radioljubuski.ba\/?s={search_term_string}"},"query-input":{"@type":"PropertyValueSpecification","valueRequired":true,"valueName":"search_term_string"}}],"inLanguage":"hr"},{"@type":"Organization","@id":"https:\/\/radioljubuski.ba\/#organization","name":"Radio Ljubu\u0161ki","url":"https:\/\/radioljubuski.ba\/","logo":{"@type":"ImageObject","inLanguage":"hr","@id":"https:\/\/radioljubuski.ba\/#\/schema\/logo\/image\/","url":"https:\/\/radioljubuski.ba\/wp-content\/uploads\/2021\/02\/cropped-Radio_Ljubuski_logo1.jpg","contentUrl":"https:\/\/radioljubuski.ba\/wp-content\/uploads\/2021\/02\/cropped-Radio_Ljubuski_logo1.jpg","width":512,"height":512,"caption":"Radio Ljubu\u0161ki"},"image":{"@id":"https:\/\/radioljubuski.ba\/#\/schema\/logo\/image\/"},"sameAs":["https:\/\/www.facebook.com\/Radiio-Ljubuski-1490835324566332","https:\/\/x.com\/radioljubuski","https:\/\/hr.linkedin.com\/company\/radio-ljubuski","https:\/\/www.youtube.com\/channel\/UCHYaeO_n0Db3tjNGudGpXyw"]},{"@type":"Person","@id":"https:\/\/radioljubuski.ba\/#\/schema\/person\/19fc700381a780f69665d7956c469e3b","name":"Radio Ljubu\u0161ki"}]}},"_links":{"self":[{"href":"https:\/\/radioljubuski.ba\/index.php\/wp-json\/wp\/v2\/posts\/75301","targetHints":{"allow":["GET"]}}],"collection":[{"href":"https:\/\/radioljubuski.ba\/index.php\/wp-json\/wp\/v2\/posts"}],"about":[{"href":"https:\/\/radioljubuski.ba\/index.php\/wp-json\/wp\/v2\/types\/post"}],"author":[{"embeddable":true,"href":"https:\/\/radioljubuski.ba\/index.php\/wp-json\/wp\/v2\/users\/2"}],"replies":[{"embeddable":true,"href":"https:\/\/radioljubuski.ba\/index.php\/wp-json\/wp\/v2\/comments?post=75301"}],"version-history":[{"count":1,"href":"https:\/\/radioljubuski.ba\/index.php\/wp-json\/wp\/v2\/posts\/75301\/revisions"}],"predecessor-version":[{"id":75302,"href":"https:\/\/radioljubuski.ba\/index.php\/wp-json\/wp\/v2\/posts\/75301\/revisions\/75302"}],"wp:featuredmedia":[{"embeddable":true,"href":"https:\/\/radioljubuski.ba\/index.php\/wp-json\/wp\/v2\/media\/5335"}],"wp:attachment":[{"href":"https:\/\/radioljubuski.ba\/index.php\/wp-json\/wp\/v2\/media?parent=75301"}],"wp:term":[{"taxonomy":"category","embeddable":true,"href":"https:\/\/radioljubuski.ba\/index.php\/wp-json\/wp\/v2\/categories?post=75301"},{"taxonomy":"post_tag","embeddable":true,"href":"https:\/\/radioljubuski.ba\/index.php\/wp-json\/wp\/v2\/tags?post=75301"}],"curies":[{"name":"wp","href":"https:\/\/api.w.org\/{rel}","templated":true}]}}