{"id":75309,"date":"2021-10-13T23:05:14","date_gmt":"2021-10-13T22:05:14","guid":{"rendered":"https:\/\/radioljubuski.ba\/?p=75309"},"modified":"2021-10-13T23:05:15","modified_gmt":"2021-10-13T22:05:15","slug":"dodik-najbolje-bi-bilo-da-muslimani-imaju-svoju-drzavu-ustavni-poredak-bih-je-srusen","status":"publish","type":"post","link":"https:\/\/radioljubuski.ba\/index.php\/2021\/10\/13\/dodik-najbolje-bi-bilo-da-muslimani-imaju-svoju-drzavu-ustavni-poredak-bih-je-srusen\/","title":{"rendered":"Dodik: Najbolje bi bilo da muslimani imaju svoju dr\u017eavu; ustavni poredak BiH je sru\u0161en"},"content":{"rendered":"\n<p><strong>Srpski \u010dlan Predsjedni\u0161tva BiH Milorad Dodik tvrdi da je ustavni poredak BiH sru\u0161en \u0161to su uradili visoki predstavnici i Ustavni sud BiH nametanjem antidaytonskih odluka.<\/strong><\/p>\n\n\n\n<p>\u201cU su\u0161tini osobno branim ustavni poredak iako oni koji se bave propagandnim ratom name\u0107u da ga ru\u0161im\u201d, rekao je Dodik za RTRS.<\/p>\n\n\n\n<p>On je istaknuo da teritorijalni integritet BiH nije sporan, ali suverenitet jeste.<\/p>\n\n\n\n<p>\u201cOvo \u0161to je ura\u0111eno u posljednjih 15 godina bilo je usmjereno na smanjenje snage Republike Srpske. Srpska je, bez obzira na to \u0161to je bila izlo\u017eena \u0161teti koja nije mala, legitimirala pravo da se bori za ustavne nadle\u017enosti koje je dobila Daytonskim mirovnim sporazumom\u201d, ka\u017ee Dodik i ponovio da \u0161ume, poljoprivredno zemlji\u0161te i teritorija pripadaju Srpskoj i njenim gra\u0111anima.<\/p>\n\n\n\n<p>On je naglasio da Ustavni sud BiH mora po\u0161tovati ustavnu materiju.<\/p>\n\n\n\n<p>Dodik je podsjetio da u Ustavu BiH nije predvi\u0111ena vojska BiH, nego da eniteti imaju oru\u017eane i policijske snage.<\/p>\n\n\n\n<p>\u201cBitno je da nikada nismo dozvolili da bude promijenjen Ustav BiH, iako je nekoliko puta poku\u0161ano. Imam odgovornost za Republiku Srpsku i zato ne podlije\u017eem \u017eeljama stranaca i sada je do\u0161lo vrijeme kada ne smijemo vi\u0161e dopustiti da Ustavni sud BiH odlu\u010duje o na\u0161im nadle\u017enostima i pravima, jer mo\u017ee odlu\u010diti i da vode pripadaju BiH\u201d, ka\u017ee Dodik.<\/p>\n\n\n\n<p>On smatra da se \u017eeli sru\u0161iti sve \u0161to asocira na Republiku Srpsku.<\/p>\n\n\n\n<p>\u201cSankcija Republici Srpskoj ne\u0107e biti, a nekih unilateralnih problema mo\u017ee biti. Me\u0111utim, mislim da smo se za to pripremili i ovo nije nikakav put grlom u jagode. Po\u0161tujem Dejtonski mirovni sporazum, ustave Srpske i BiH i sigurno je da iza mene stoji srpski narod\u201d, rekao je Dodik.<\/p>\n\n\n\n<p>On je napomenuo da je u BiH nemogu\u0107e posti\u0107i dogovor i da bi za muslimane najbolje bilo da imaju svoju dr\u017eavu i da puste Srbe da rade i \u017eive slobodno.<\/p>\n\n\n\n<p>\u201cUvijek sam po\u0161tovao dogovore i spreman sam pri\u010dati za razliku od njih koji znaju da imaju strance iza sebe. Imat \u0107emo sastanke sa strancima narednih dana i sve \u0107emo im jasno re\u0107i\u201d, rekao je Dodik, koji je i lider SNSD-a.<\/p>\n\n\n\n<p>\/HMS\/<\/p>\n","protected":false},"excerpt":{"rendered":"<p>Srpski \u010dlan Predsjedni\u0161tva BiH Milorad Dodik tvrdi da je ustavni poredak BiH sru\u0161en \u0161to su uradili visoki predstavnici i Ustavni sud BiH nametanjem antidaytonskih odluka. \u201cU su\u0161tini osobno branim ustavni poredak iako oni koji se bave propagandnim ratom name\u0107u da ga ru\u0161im\u201d, rekao je Dodik za RTRS. On je istaknuo da teritorijalni integritet BiH nije [&hellip;]<\/p>\n","protected":false},"author":2,"featured_media":59618,"comment_status":"closed","ping_status":"closed","sticky":false,"template":"","format":"standard","meta":{"h5ap_radio_sources":[],"footnotes":""},"categories":[1],"tags":[],"class_list":["post-75309","post","type-post","status-publish","format-standard","has-post-thumbnail","hentry","category-bihiregija"],"yoast_head":"<!-- This site is optimized with the Yoast SEO plugin v27.4 - https:\/\/yoast.com\/product\/yoast-seo-wordpress\/ -->\n<title>Dodik: Najbolje bi bilo da muslimani imaju svoju dr\u017eavu; ustavni poredak BiH je sru\u0161en - RADIO LJUBU\u0160KI<\/title>\n<meta name=\"robots\" content=\"index, follow, max-snippet:-1, max-image-preview:large, max-video-preview:-1\" \/>\n<link rel=\"canonical\" href=\"https:\/\/radioljubuski.ba\/index.php\/2021\/10\/13\/dodik-najbolje-bi-bilo-da-muslimani-imaju-svoju-drzavu-ustavni-poredak-bih-je-srusen\/\" \/>\n<meta property=\"og:locale\" content=\"hr_HR\" \/>\n<meta property=\"og:type\" content=\"article\" \/>\n<meta property=\"og:title\" content=\"Dodik: Najbolje bi bilo da muslimani imaju svoju dr\u017eavu; ustavni poredak BiH je sru\u0161en - RADIO LJUBU\u0160KI\" \/>\n<meta property=\"og:description\" content=\"Srpski \u010dlan Predsjedni\u0161tva BiH Milorad Dodik tvrdi da je ustavni poredak BiH sru\u0161en \u0161to su uradili visoki predstavnici i Ustavni sud BiH nametanjem antidaytonskih odluka. \u201cU su\u0161tini osobno branim ustavni poredak iako oni koji se bave propagandnim ratom name\u0107u da ga ru\u0161im\u201d, rekao je Dodik za RTRS. On je istaknuo da teritorijalni integritet BiH nije [&hellip;]\" \/>\n<meta property=\"og:url\" content=\"https:\/\/radioljubuski.ba\/index.php\/2021\/10\/13\/dodik-najbolje-bi-bilo-da-muslimani-imaju-svoju-drzavu-ustavni-poredak-bih-je-srusen\/\" \/>\n<meta property=\"og:site_name\" content=\"RADIO LJUBU\u0160KI\" \/>\n<meta property=\"article:publisher\" content=\"https:\/\/www.facebook.com\/Radiio-Ljubuski-1490835324566332\" \/>\n<meta property=\"article:published_time\" content=\"2021-10-13T22:05:14+00:00\" \/>\n<meta property=\"article:modified_time\" content=\"2021-10-13T22:05:15+00:00\" \/>\n<meta property=\"og:image\" content=\"https:\/\/radioljubuski.ba\/wp-content\/uploads\/2021\/08\/dodik-ured1.jpg\" \/>\n\t<meta property=\"og:image:width\" content=\"658\" \/>\n\t<meta property=\"og:image:height\" content=\"494\" \/>\n\t<meta property=\"og:image:type\" content=\"image\/jpeg\" \/>\n<meta name=\"author\" content=\"Radio Ljubu\u0161ki\" \/>\n<meta name=\"twitter:card\" content=\"summary_large_image\" \/>\n<meta name=\"twitter:creator\" content=\"@radioljubuski\" \/>\n<meta name=\"twitter:site\" content=\"@radioljubuski\" \/>\n<meta name=\"twitter:label1\" content=\"Napisao\/la\" \/>\n\t<meta name=\"twitter:data1\" content=\"Radio Ljubu\u0161ki\" \/>\n\t<meta name=\"twitter:label2\" content=\"Procijenjeno vrijeme \u010ditanja\" \/>\n\t<meta name=\"twitter:data2\" content=\"2 minute\" \/>\n<script type=\"application\/ld+json\" class=\"yoast-schema-graph\">{\"@context\":\"https:\\\/\\\/schema.org\",\"@graph\":[{\"@type\":\"Article\",\"@id\":\"https:\\\/\\\/radioljubuski.ba\\\/index.php\\\/2021\\\/10\\\/13\\\/dodik-najbolje-bi-bilo-da-muslimani-imaju-svoju-drzavu-ustavni-poredak-bih-je-srusen\\\/#article\",\"isPartOf\":{\"@id\":\"https:\\\/\\\/radioljubuski.ba\\\/index.php\\\/2021\\\/10\\\/13\\\/dodik-najbolje-bi-bilo-da-muslimani-imaju-svoju-drzavu-ustavni-poredak-bih-je-srusen\\\/\"},\"author\":{\"name\":\"Radio Ljubu\u0161ki\",\"@id\":\"https:\\\/\\\/radioljubuski.ba\\\/#\\\/schema\\\/person\\\/19fc700381a780f69665d7956c469e3b\"},\"headline\":\"Dodik: Najbolje bi bilo da muslimani imaju svoju dr\u017eavu; ustavni poredak BiH je sru\u0161en\",\"datePublished\":\"2021-10-13T22:05:14+00:00\",\"dateModified\":\"2021-10-13T22:05:15+00:00\",\"mainEntityOfPage\":{\"@id\":\"https:\\\/\\\/radioljubuski.ba\\\/index.php\\\/2021\\\/10\\\/13\\\/dodik-najbolje-bi-bilo-da-muslimani-imaju-svoju-drzavu-ustavni-poredak-bih-je-srusen\\\/\"},\"wordCount\":385,\"publisher\":{\"@id\":\"https:\\\/\\\/radioljubuski.ba\\\/#organization\"},\"image\":{\"@id\":\"https:\\\/\\\/radioljubuski.ba\\\/index.php\\\/2021\\\/10\\\/13\\\/dodik-najbolje-bi-bilo-da-muslimani-imaju-svoju-drzavu-ustavni-poredak-bih-je-srusen\\\/#primaryimage\"},\"thumbnailUrl\":\"https:\\\/\\\/radioljubuski.ba\\\/wp-content\\\/uploads\\\/2021\\\/08\\\/dodik-ured1.jpg\",\"articleSection\":[\"BIH i regija\"],\"inLanguage\":\"hr\"},{\"@type\":\"WebPage\",\"@id\":\"https:\\\/\\\/radioljubuski.ba\\\/index.php\\\/2021\\\/10\\\/13\\\/dodik-najbolje-bi-bilo-da-muslimani-imaju-svoju-drzavu-ustavni-poredak-bih-je-srusen\\\/\",\"url\":\"https:\\\/\\\/radioljubuski.ba\\\/index.php\\\/2021\\\/10\\\/13\\\/dodik-najbolje-bi-bilo-da-muslimani-imaju-svoju-drzavu-ustavni-poredak-bih-je-srusen\\\/\",\"name\":\"Dodik: Najbolje bi bilo da muslimani imaju svoju dr\u017eavu; ustavni poredak BiH je sru\u0161en - RADIO LJUBU\u0160KI\",\"isPartOf\":{\"@id\":\"https:\\\/\\\/radioljubuski.ba\\\/#website\"},\"primaryImageOfPage\":{\"@id\":\"https:\\\/\\\/radioljubuski.ba\\\/index.php\\\/2021\\\/10\\\/13\\\/dodik-najbolje-bi-bilo-da-muslimani-imaju-svoju-drzavu-ustavni-poredak-bih-je-srusen\\\/#primaryimage\"},\"image\":{\"@id\":\"https:\\\/\\\/radioljubuski.ba\\\/index.php\\\/2021\\\/10\\\/13\\\/dodik-najbolje-bi-bilo-da-muslimani-imaju-svoju-drzavu-ustavni-poredak-bih-je-srusen\\\/#primaryimage\"},\"thumbnailUrl\":\"https:\\\/\\\/radioljubuski.ba\\\/wp-content\\\/uploads\\\/2021\\\/08\\\/dodik-ured1.jpg\",\"datePublished\":\"2021-10-13T22:05:14+00:00\",\"dateModified\":\"2021-10-13T22:05:15+00:00\",\"breadcrumb\":{\"@id\":\"https:\\\/\\\/radioljubuski.ba\\\/index.php\\\/2021\\\/10\\\/13\\\/dodik-najbolje-bi-bilo-da-muslimani-imaju-svoju-drzavu-ustavni-poredak-bih-je-srusen\\\/#breadcrumb\"},\"inLanguage\":\"hr\",\"potentialAction\":[{\"@type\":\"ReadAction\",\"target\":[\"https:\\\/\\\/radioljubuski.ba\\\/index.php\\\/2021\\\/10\\\/13\\\/dodik-najbolje-bi-bilo-da-muslimani-imaju-svoju-drzavu-ustavni-poredak-bih-je-srusen\\\/\"]}]},{\"@type\":\"ImageObject\",\"inLanguage\":\"hr\",\"@id\":\"https:\\\/\\\/radioljubuski.ba\\\/index.php\\\/2021\\\/10\\\/13\\\/dodik-najbolje-bi-bilo-da-muslimani-imaju-svoju-drzavu-ustavni-poredak-bih-je-srusen\\\/#primaryimage\",\"url\":\"https:\\\/\\\/radioljubuski.ba\\\/wp-content\\\/uploads\\\/2021\\\/08\\\/dodik-ured1.jpg\",\"contentUrl\":\"https:\\\/\\\/radioljubuski.ba\\\/wp-content\\\/uploads\\\/2021\\\/08\\\/dodik-ured1.jpg\",\"width\":658,\"height\":494},{\"@type\":\"BreadcrumbList\",\"@id\":\"https:\\\/\\\/radioljubuski.ba\\\/index.php\\\/2021\\\/10\\\/13\\\/dodik-najbolje-bi-bilo-da-muslimani-imaju-svoju-drzavu-ustavni-poredak-bih-je-srusen\\\/#breadcrumb\",\"itemListElement\":[{\"@type\":\"ListItem\",\"position\":1,\"name\":\"Po\u010detna stranica\",\"item\":\"https:\\\/\\\/radioljubuski.ba\\\/\"},{\"@type\":\"ListItem\",\"position\":2,\"name\":\"Dodik: Najbolje bi bilo da muslimani imaju svoju dr\u017eavu; ustavni poredak BiH je sru\u0161en\"}]},{\"@type\":\"WebSite\",\"@id\":\"https:\\\/\\\/radioljubuski.ba\\\/#website\",\"url\":\"https:\\\/\\\/radioljubuski.ba\\\/\",\"name\":\"Radio Ljubu\u0161ki\",\"description\":\"Sun\u010dana frekvencija Hercegovine\",\"publisher\":{\"@id\":\"https:\\\/\\\/radioljubuski.ba\\\/#organization\"},\"potentialAction\":[{\"@type\":\"SearchAction\",\"target\":{\"@type\":\"EntryPoint\",\"urlTemplate\":\"https:\\\/\\\/radioljubuski.ba\\\/?s={search_term_string}\"},\"query-input\":{\"@type\":\"PropertyValueSpecification\",\"valueRequired\":true,\"valueName\":\"search_term_string\"}}],\"inLanguage\":\"hr\"},{\"@type\":\"Organization\",\"@id\":\"https:\\\/\\\/radioljubuski.ba\\\/#organization\",\"name\":\"Radio Ljubu\u0161ki\",\"url\":\"https:\\\/\\\/radioljubuski.ba\\\/\",\"logo\":{\"@type\":\"ImageObject\",\"inLanguage\":\"hr\",\"@id\":\"https:\\\/\\\/radioljubuski.ba\\\/#\\\/schema\\\/logo\\\/image\\\/\",\"url\":\"https:\\\/\\\/radioljubuski.ba\\\/wp-content\\\/uploads\\\/2021\\\/02\\\/cropped-Radio_Ljubuski_logo1.jpg\",\"contentUrl\":\"https:\\\/\\\/radioljubuski.ba\\\/wp-content\\\/uploads\\\/2021\\\/02\\\/cropped-Radio_Ljubuski_logo1.jpg\",\"width\":512,\"height\":512,\"caption\":\"Radio Ljubu\u0161ki\"},\"image\":{\"@id\":\"https:\\\/\\\/radioljubuski.ba\\\/#\\\/schema\\\/logo\\\/image\\\/\"},\"sameAs\":[\"https:\\\/\\\/www.facebook.com\\\/Radiio-Ljubuski-1490835324566332\",\"https:\\\/\\\/x.com\\\/radioljubuski\",\"https:\\\/\\\/hr.linkedin.com\\\/company\\\/radio-ljubuski\",\"https:\\\/\\\/www.youtube.com\\\/channel\\\/UCHYaeO_n0Db3tjNGudGpXyw\"]},{\"@type\":\"Person\",\"@id\":\"https:\\\/\\\/radioljubuski.ba\\\/#\\\/schema\\\/person\\\/19fc700381a780f69665d7956c469e3b\",\"name\":\"Radio Ljubu\u0161ki\"}]}<\/script>\n<!-- \/ Yoast SEO plugin. -->","yoast_head_json":{"title":"Dodik: Najbolje bi bilo da muslimani imaju svoju dr\u017eavu; ustavni poredak BiH je sru\u0161en - RADIO LJUBU\u0160KI","robots":{"index":"index","follow":"follow","max-snippet":"max-snippet:-1","max-image-preview":"max-image-preview:large","max-video-preview":"max-video-preview:-1"},"canonical":"https:\/\/radioljubuski.ba\/index.php\/2021\/10\/13\/dodik-najbolje-bi-bilo-da-muslimani-imaju-svoju-drzavu-ustavni-poredak-bih-je-srusen\/","og_locale":"hr_HR","og_type":"article","og_title":"Dodik: Najbolje bi bilo da muslimani imaju svoju dr\u017eavu; ustavni poredak BiH je sru\u0161en - RADIO LJUBU\u0160KI","og_description":"Srpski \u010dlan Predsjedni\u0161tva BiH Milorad Dodik tvrdi da je ustavni poredak BiH sru\u0161en \u0161to su uradili visoki predstavnici i Ustavni sud BiH nametanjem antidaytonskih odluka. \u201cU su\u0161tini osobno branim ustavni poredak iako oni koji se bave propagandnim ratom name\u0107u da ga ru\u0161im\u201d, rekao je Dodik za RTRS. On je istaknuo da teritorijalni integritet BiH nije [&hellip;]","og_url":"https:\/\/radioljubuski.ba\/index.php\/2021\/10\/13\/dodik-najbolje-bi-bilo-da-muslimani-imaju-svoju-drzavu-ustavni-poredak-bih-je-srusen\/","og_site_name":"RADIO LJUBU\u0160KI","article_publisher":"https:\/\/www.facebook.com\/Radiio-Ljubuski-1490835324566332","article_published_time":"2021-10-13T22:05:14+00:00","article_modified_time":"2021-10-13T22:05:15+00:00","og_image":[{"width":658,"height":494,"url":"https:\/\/radioljubuski.ba\/wp-content\/uploads\/2021\/08\/dodik-ured1.jpg","type":"image\/jpeg"}],"author":"Radio Ljubu\u0161ki","twitter_card":"summary_large_image","twitter_creator":"@radioljubuski","twitter_site":"@radioljubuski","twitter_misc":{"Napisao\/la":"Radio Ljubu\u0161ki","Procijenjeno vrijeme \u010ditanja":"2 minute"},"schema":{"@context":"https:\/\/schema.org","@graph":[{"@type":"Article","@id":"https:\/\/radioljubuski.ba\/index.php\/2021\/10\/13\/dodik-najbolje-bi-bilo-da-muslimani-imaju-svoju-drzavu-ustavni-poredak-bih-je-srusen\/#article","isPartOf":{"@id":"https:\/\/radioljubuski.ba\/index.php\/2021\/10\/13\/dodik-najbolje-bi-bilo-da-muslimani-imaju-svoju-drzavu-ustavni-poredak-bih-je-srusen\/"},"author":{"name":"Radio Ljubu\u0161ki","@id":"https:\/\/radioljubuski.ba\/#\/schema\/person\/19fc700381a780f69665d7956c469e3b"},"headline":"Dodik: Najbolje bi bilo da muslimani imaju svoju dr\u017eavu; ustavni poredak BiH je sru\u0161en","datePublished":"2021-10-13T22:05:14+00:00","dateModified":"2021-10-13T22:05:15+00:00","mainEntityOfPage":{"@id":"https:\/\/radioljubuski.ba\/index.php\/2021\/10\/13\/dodik-najbolje-bi-bilo-da-muslimani-imaju-svoju-drzavu-ustavni-poredak-bih-je-srusen\/"},"wordCount":385,"publisher":{"@id":"https:\/\/radioljubuski.ba\/#organization"},"image":{"@id":"https:\/\/radioljubuski.ba\/index.php\/2021\/10\/13\/dodik-najbolje-bi-bilo-da-muslimani-imaju-svoju-drzavu-ustavni-poredak-bih-je-srusen\/#primaryimage"},"thumbnailUrl":"https:\/\/radioljubuski.ba\/wp-content\/uploads\/2021\/08\/dodik-ured1.jpg","articleSection":["BIH i regija"],"inLanguage":"hr"},{"@type":"WebPage","@id":"https:\/\/radioljubuski.ba\/index.php\/2021\/10\/13\/dodik-najbolje-bi-bilo-da-muslimani-imaju-svoju-drzavu-ustavni-poredak-bih-je-srusen\/","url":"https:\/\/radioljubuski.ba\/index.php\/2021\/10\/13\/dodik-najbolje-bi-bilo-da-muslimani-imaju-svoju-drzavu-ustavni-poredak-bih-je-srusen\/","name":"Dodik: Najbolje bi bilo da muslimani imaju svoju dr\u017eavu; ustavni poredak BiH je sru\u0161en - RADIO LJUBU\u0160KI","isPartOf":{"@id":"https:\/\/radioljubuski.ba\/#website"},"primaryImageOfPage":{"@id":"https:\/\/radioljubuski.ba\/index.php\/2021\/10\/13\/dodik-najbolje-bi-bilo-da-muslimani-imaju-svoju-drzavu-ustavni-poredak-bih-je-srusen\/#primaryimage"},"image":{"@id":"https:\/\/radioljubuski.ba\/index.php\/2021\/10\/13\/dodik-najbolje-bi-bilo-da-muslimani-imaju-svoju-drzavu-ustavni-poredak-bih-je-srusen\/#primaryimage"},"thumbnailUrl":"https:\/\/radioljubuski.ba\/wp-content\/uploads\/2021\/08\/dodik-ured1.jpg","datePublished":"2021-10-13T22:05:14+00:00","dateModified":"2021-10-13T22:05:15+00:00","breadcrumb":{"@id":"https:\/\/radioljubuski.ba\/index.php\/2021\/10\/13\/dodik-najbolje-bi-bilo-da-muslimani-imaju-svoju-drzavu-ustavni-poredak-bih-je-srusen\/#breadcrumb"},"inLanguage":"hr","potentialAction":[{"@type":"ReadAction","target":["https:\/\/radioljubuski.ba\/index.php\/2021\/10\/13\/dodik-najbolje-bi-bilo-da-muslimani-imaju-svoju-drzavu-ustavni-poredak-bih-je-srusen\/"]}]},{"@type":"ImageObject","inLanguage":"hr","@id":"https:\/\/radioljubuski.ba\/index.php\/2021\/10\/13\/dodik-najbolje-bi-bilo-da-muslimani-imaju-svoju-drzavu-ustavni-poredak-bih-je-srusen\/#primaryimage","url":"https:\/\/radioljubuski.ba\/wp-content\/uploads\/2021\/08\/dodik-ured1.jpg","contentUrl":"https:\/\/radioljubuski.ba\/wp-content\/uploads\/2021\/08\/dodik-ured1.jpg","width":658,"height":494},{"@type":"BreadcrumbList","@id":"https:\/\/radioljubuski.ba\/index.php\/2021\/10\/13\/dodik-najbolje-bi-bilo-da-muslimani-imaju-svoju-drzavu-ustavni-poredak-bih-je-srusen\/#breadcrumb","itemListElement":[{"@type":"ListItem","position":1,"name":"Po\u010detna stranica","item":"https:\/\/radioljubuski.ba\/"},{"@type":"ListItem","position":2,"name":"Dodik: Najbolje bi bilo da muslimani imaju svoju dr\u017eavu; ustavni poredak BiH je sru\u0161en"}]},{"@type":"WebSite","@id":"https:\/\/radioljubuski.ba\/#website","url":"https:\/\/radioljubuski.ba\/","name":"Radio Ljubu\u0161ki","description":"Sun\u010dana frekvencija Hercegovine","publisher":{"@id":"https:\/\/radioljubuski.ba\/#organization"},"potentialAction":[{"@type":"SearchAction","target":{"@type":"EntryPoint","urlTemplate":"https:\/\/radioljubuski.ba\/?s={search_term_string}"},"query-input":{"@type":"PropertyValueSpecification","valueRequired":true,"valueName":"search_term_string"}}],"inLanguage":"hr"},{"@type":"Organization","@id":"https:\/\/radioljubuski.ba\/#organization","name":"Radio Ljubu\u0161ki","url":"https:\/\/radioljubuski.ba\/","logo":{"@type":"ImageObject","inLanguage":"hr","@id":"https:\/\/radioljubuski.ba\/#\/schema\/logo\/image\/","url":"https:\/\/radioljubuski.ba\/wp-content\/uploads\/2021\/02\/cropped-Radio_Ljubuski_logo1.jpg","contentUrl":"https:\/\/radioljubuski.ba\/wp-content\/uploads\/2021\/02\/cropped-Radio_Ljubuski_logo1.jpg","width":512,"height":512,"caption":"Radio Ljubu\u0161ki"},"image":{"@id":"https:\/\/radioljubuski.ba\/#\/schema\/logo\/image\/"},"sameAs":["https:\/\/www.facebook.com\/Radiio-Ljubuski-1490835324566332","https:\/\/x.com\/radioljubuski","https:\/\/hr.linkedin.com\/company\/radio-ljubuski","https:\/\/www.youtube.com\/channel\/UCHYaeO_n0Db3tjNGudGpXyw"]},{"@type":"Person","@id":"https:\/\/radioljubuski.ba\/#\/schema\/person\/19fc700381a780f69665d7956c469e3b","name":"Radio Ljubu\u0161ki"}]}},"_links":{"self":[{"href":"https:\/\/radioljubuski.ba\/index.php\/wp-json\/wp\/v2\/posts\/75309","targetHints":{"allow":["GET"]}}],"collection":[{"href":"https:\/\/radioljubuski.ba\/index.php\/wp-json\/wp\/v2\/posts"}],"about":[{"href":"https:\/\/radioljubuski.ba\/index.php\/wp-json\/wp\/v2\/types\/post"}],"author":[{"embeddable":true,"href":"https:\/\/radioljubuski.ba\/index.php\/wp-json\/wp\/v2\/users\/2"}],"replies":[{"embeddable":true,"href":"https:\/\/radioljubuski.ba\/index.php\/wp-json\/wp\/v2\/comments?post=75309"}],"version-history":[{"count":1,"href":"https:\/\/radioljubuski.ba\/index.php\/wp-json\/wp\/v2\/posts\/75309\/revisions"}],"predecessor-version":[{"id":75310,"href":"https:\/\/radioljubuski.ba\/index.php\/wp-json\/wp\/v2\/posts\/75309\/revisions\/75310"}],"wp:featuredmedia":[{"embeddable":true,"href":"https:\/\/radioljubuski.ba\/index.php\/wp-json\/wp\/v2\/media\/59618"}],"wp:attachment":[{"href":"https:\/\/radioljubuski.ba\/index.php\/wp-json\/wp\/v2\/media?parent=75309"}],"wp:term":[{"taxonomy":"category","embeddable":true,"href":"https:\/\/radioljubuski.ba\/index.php\/wp-json\/wp\/v2\/categories?post=75309"},{"taxonomy":"post_tag","embeddable":true,"href":"https:\/\/radioljubuski.ba\/index.php\/wp-json\/wp\/v2\/tags?post=75309"}],"curies":[{"name":"wp","href":"https:\/\/api.w.org\/{rel}","templated":true}]}}