{"id":75317,"date":"2021-10-13T23:10:17","date_gmt":"2021-10-13T22:10:17","guid":{"rendered":"https:\/\/radioljubuski.ba\/?p=75317"},"modified":"2021-10-13T23:10:18","modified_gmt":"2021-10-13T22:10:18","slug":"vlada-fbih-o-rasterecenju-poslodavaca-i-stvaranje-povoljnijeg-poslovnog-ambijenta","status":"publish","type":"post","link":"https:\/\/radioljubuski.ba\/index.php\/2021\/10\/13\/vlada-fbih-o-rasterecenju-poslodavaca-i-stvaranje-povoljnijeg-poslovnog-ambijenta\/","title":{"rendered":"Vlada FBiH o rastere\u0107enju poslodavaca i stvaranje povoljnijeg poslovnog ambijenta"},"content":{"rendered":"\n<p>Vlada FBiH na dana\u0161njoj sjednici je utvrdila svoje amandmane koji postaju sastavni dio Prijedloga zakona o doprinosima, upu\u0107enim u parlamentarnu proceduru. Cilj amandmana je dodatno rastere\u0107enje poslodavaca i stvaranje povoljnijeg poslovnog ambijenta. &nbsp;<\/p>\n\n\n\n<p>Utvr\u0111en je i amandman na Prijedlog zakona o izmjenama i dopunama Zakona o mirovinskog i invalidskom osiguranju, kojim su kao suvi\u0161ni brisani \u010dlanovi 3. i 10. &nbsp; Federalna vlada je prihvatila prijedlog Federalnog ministarstva pravde da je potrebno podr\u017eati inicijativu koju je, na prijedlog izaslanika u Skup\u0161tini Sarajevske \u017eupanije Damira Marjanovi\u0107a, dostavila ova skup\u0161tina, da u Kazneni zakon Federacije BiH budu unesene odredbe kojima se inkriminira govor mr\u017enje. &nbsp;<\/p>\n\n\n\n<p>Prihva\u0107ena je i inicijativa za davanje autenti\u010dnog tuma\u010denja Zakona o visini stope zatezne kamate, koju je uputilo Udru\u017eenje banaka BiH. U Vladinom autenti\u010dnom tuma\u010denju \u010dlana 4, a u vezi s \u010dlanom 5. ovog zakona, navedeno je da se na zaka\u0161njela nepla\u0107ena nov\u010dana dugovanja iz razdoblja prije 14.3.2020. godine zatezna kamata obra\u010dunava po stopi od 12 posto godi\u0161nje do dana stupanja na snagu Zakona (14.3.2020. godine), a nakon tog dana vr\u0161i se obra\u010dun zateznih kamata po stopi 10 posto godi\u0161nje do trenutka isplate nov\u010dane obveze, s tim da ukupan iznos obra\u010dunate i ispla\u0107ene zatezne kamate u trenutku isplate ne mo\u017ee biti ve\u0107i od glavnog duga. &nbsp;<\/p>\n\n\n\n<p>Vlada Federacije BiH nije prihvatila inicijativu odvjetnice Galibe Hrva\u010di\u0107 Kara\u010di\u0107 za dopunu \u010dlana 69. Zakona o mirovinskom i invalidskom osiguranju. U izja\u0161njenju Vlade je navedeno da je Prijedlogom zakona o MIO, utvr\u0111enom na 281. sjednici, uz ostalo, dopunjen \u010dlan 69. ta\u010dka a), te da su, na ovaj na\u010din, izjedna\u010dena prava supru\u017enika i izvanbra\u010dnih partnera. Dodan je i stav da se izvanbra\u010dnim partnerom smatra i osoba koja je kao takva definirana Obiteljskim zakonom FBiH, a svoj status utvrdila u sudskom postupku.<\/p>\n\n\n\n<p>Izvor:vecernji.hr<\/p>\n","protected":false},"excerpt":{"rendered":"<p>Vlada FBiH na dana\u0161njoj sjednici je utvrdila svoje amandmane koji postaju sastavni dio Prijedloga zakona o doprinosima, upu\u0107enim u parlamentarnu proceduru. Cilj amandmana je dodatno rastere\u0107enje poslodavaca i stvaranje povoljnijeg poslovnog ambijenta. &nbsp; Utvr\u0111en je i amandman na Prijedlog zakona o izmjenama i dopunama Zakona o mirovinskog i invalidskom osiguranju, kojim su kao suvi\u0161ni brisani [&hellip;]<\/p>\n","protected":false},"author":2,"featured_media":75318,"comment_status":"closed","ping_status":"closed","sticky":false,"template":"","format":"standard","meta":{"h5ap_radio_sources":[],"footnotes":""},"categories":[1],"tags":[],"class_list":["post-75317","post","type-post","status-publish","format-standard","has-post-thumbnail","hentry","category-bihiregija"],"yoast_head":"<!-- This site is optimized with the Yoast SEO plugin v27.4 - https:\/\/yoast.com\/product\/yoast-seo-wordpress\/ -->\n<title>Vlada FBiH o rastere\u0107enju poslodavaca i stvaranje povoljnijeg poslovnog ambijenta - RADIO LJUBU\u0160KI<\/title>\n<meta name=\"robots\" content=\"index, follow, max-snippet:-1, max-image-preview:large, max-video-preview:-1\" \/>\n<link rel=\"canonical\" href=\"https:\/\/radioljubuski.ba\/index.php\/2021\/10\/13\/vlada-fbih-o-rasterecenju-poslodavaca-i-stvaranje-povoljnijeg-poslovnog-ambijenta\/\" \/>\n<meta property=\"og:locale\" content=\"hr_HR\" \/>\n<meta property=\"og:type\" content=\"article\" \/>\n<meta property=\"og:title\" content=\"Vlada FBiH o rastere\u0107enju poslodavaca i stvaranje povoljnijeg poslovnog ambijenta - RADIO LJUBU\u0160KI\" \/>\n<meta property=\"og:description\" content=\"Vlada FBiH na dana\u0161njoj sjednici je utvrdila svoje amandmane koji postaju sastavni dio Prijedloga zakona o doprinosima, upu\u0107enim u parlamentarnu proceduru. Cilj amandmana je dodatno rastere\u0107enje poslodavaca i stvaranje povoljnijeg poslovnog ambijenta. &nbsp; Utvr\u0111en je i amandman na Prijedlog zakona o izmjenama i dopunama Zakona o mirovinskog i invalidskom osiguranju, kojim su kao suvi\u0161ni brisani [&hellip;]\" \/>\n<meta property=\"og:url\" content=\"https:\/\/radioljubuski.ba\/index.php\/2021\/10\/13\/vlada-fbih-o-rasterecenju-poslodavaca-i-stvaranje-povoljnijeg-poslovnog-ambijenta\/\" \/>\n<meta property=\"og:site_name\" content=\"RADIO LJUBU\u0160KI\" \/>\n<meta property=\"article:publisher\" content=\"https:\/\/www.facebook.com\/Radiio-Ljubuski-1490835324566332\" \/>\n<meta property=\"article:published_time\" content=\"2021-10-13T22:10:17+00:00\" \/>\n<meta property=\"article:modified_time\" content=\"2021-10-13T22:10:18+00:00\" \/>\n<meta property=\"og:image\" content=\"https:\/\/radioljubuski.ba\/wp-content\/uploads\/2021\/10\/9-2021-10-13-18-34-04-feoefw.jpg\" \/>\n\t<meta property=\"og:image:width\" content=\"1000\" \/>\n\t<meta property=\"og:image:height\" content=\"625\" \/>\n\t<meta property=\"og:image:type\" content=\"image\/jpeg\" \/>\n<meta name=\"author\" content=\"Radio Ljubu\u0161ki\" \/>\n<meta name=\"twitter:card\" content=\"summary_large_image\" \/>\n<meta name=\"twitter:creator\" content=\"@radioljubuski\" \/>\n<meta name=\"twitter:site\" content=\"@radioljubuski\" \/>\n<meta name=\"twitter:label1\" content=\"Napisao\/la\" \/>\n\t<meta name=\"twitter:data1\" content=\"Radio Ljubu\u0161ki\" \/>\n\t<meta name=\"twitter:label2\" content=\"Procijenjeno vrijeme \u010ditanja\" \/>\n\t<meta name=\"twitter:data2\" content=\"2 minute\" \/>\n<script type=\"application\/ld+json\" class=\"yoast-schema-graph\">{\"@context\":\"https:\\\/\\\/schema.org\",\"@graph\":[{\"@type\":\"Article\",\"@id\":\"https:\\\/\\\/radioljubuski.ba\\\/index.php\\\/2021\\\/10\\\/13\\\/vlada-fbih-o-rasterecenju-poslodavaca-i-stvaranje-povoljnijeg-poslovnog-ambijenta\\\/#article\",\"isPartOf\":{\"@id\":\"https:\\\/\\\/radioljubuski.ba\\\/index.php\\\/2021\\\/10\\\/13\\\/vlada-fbih-o-rasterecenju-poslodavaca-i-stvaranje-povoljnijeg-poslovnog-ambijenta\\\/\"},\"author\":{\"name\":\"Radio Ljubu\u0161ki\",\"@id\":\"https:\\\/\\\/radioljubuski.ba\\\/#\\\/schema\\\/person\\\/19fc700381a780f69665d7956c469e3b\"},\"headline\":\"Vlada FBiH o rastere\u0107enju poslodavaca i stvaranje povoljnijeg poslovnog ambijenta\",\"datePublished\":\"2021-10-13T22:10:17+00:00\",\"dateModified\":\"2021-10-13T22:10:18+00:00\",\"mainEntityOfPage\":{\"@id\":\"https:\\\/\\\/radioljubuski.ba\\\/index.php\\\/2021\\\/10\\\/13\\\/vlada-fbih-o-rasterecenju-poslodavaca-i-stvaranje-povoljnijeg-poslovnog-ambijenta\\\/\"},\"wordCount\":329,\"publisher\":{\"@id\":\"https:\\\/\\\/radioljubuski.ba\\\/#organization\"},\"image\":{\"@id\":\"https:\\\/\\\/radioljubuski.ba\\\/index.php\\\/2021\\\/10\\\/13\\\/vlada-fbih-o-rasterecenju-poslodavaca-i-stvaranje-povoljnijeg-poslovnog-ambijenta\\\/#primaryimage\"},\"thumbnailUrl\":\"https:\\\/\\\/radioljubuski.ba\\\/wp-content\\\/uploads\\\/2021\\\/10\\\/9-2021-10-13-18-34-04-feoefw.jpg\",\"articleSection\":[\"BIH i regija\"],\"inLanguage\":\"hr\"},{\"@type\":\"WebPage\",\"@id\":\"https:\\\/\\\/radioljubuski.ba\\\/index.php\\\/2021\\\/10\\\/13\\\/vlada-fbih-o-rasterecenju-poslodavaca-i-stvaranje-povoljnijeg-poslovnog-ambijenta\\\/\",\"url\":\"https:\\\/\\\/radioljubuski.ba\\\/index.php\\\/2021\\\/10\\\/13\\\/vlada-fbih-o-rasterecenju-poslodavaca-i-stvaranje-povoljnijeg-poslovnog-ambijenta\\\/\",\"name\":\"Vlada FBiH o rastere\u0107enju poslodavaca i stvaranje povoljnijeg poslovnog ambijenta - RADIO LJUBU\u0160KI\",\"isPartOf\":{\"@id\":\"https:\\\/\\\/radioljubuski.ba\\\/#website\"},\"primaryImageOfPage\":{\"@id\":\"https:\\\/\\\/radioljubuski.ba\\\/index.php\\\/2021\\\/10\\\/13\\\/vlada-fbih-o-rasterecenju-poslodavaca-i-stvaranje-povoljnijeg-poslovnog-ambijenta\\\/#primaryimage\"},\"image\":{\"@id\":\"https:\\\/\\\/radioljubuski.ba\\\/index.php\\\/2021\\\/10\\\/13\\\/vlada-fbih-o-rasterecenju-poslodavaca-i-stvaranje-povoljnijeg-poslovnog-ambijenta\\\/#primaryimage\"},\"thumbnailUrl\":\"https:\\\/\\\/radioljubuski.ba\\\/wp-content\\\/uploads\\\/2021\\\/10\\\/9-2021-10-13-18-34-04-feoefw.jpg\",\"datePublished\":\"2021-10-13T22:10:17+00:00\",\"dateModified\":\"2021-10-13T22:10:18+00:00\",\"breadcrumb\":{\"@id\":\"https:\\\/\\\/radioljubuski.ba\\\/index.php\\\/2021\\\/10\\\/13\\\/vlada-fbih-o-rasterecenju-poslodavaca-i-stvaranje-povoljnijeg-poslovnog-ambijenta\\\/#breadcrumb\"},\"inLanguage\":\"hr\",\"potentialAction\":[{\"@type\":\"ReadAction\",\"target\":[\"https:\\\/\\\/radioljubuski.ba\\\/index.php\\\/2021\\\/10\\\/13\\\/vlada-fbih-o-rasterecenju-poslodavaca-i-stvaranje-povoljnijeg-poslovnog-ambijenta\\\/\"]}]},{\"@type\":\"ImageObject\",\"inLanguage\":\"hr\",\"@id\":\"https:\\\/\\\/radioljubuski.ba\\\/index.php\\\/2021\\\/10\\\/13\\\/vlada-fbih-o-rasterecenju-poslodavaca-i-stvaranje-povoljnijeg-poslovnog-ambijenta\\\/#primaryimage\",\"url\":\"https:\\\/\\\/radioljubuski.ba\\\/wp-content\\\/uploads\\\/2021\\\/10\\\/9-2021-10-13-18-34-04-feoefw.jpg\",\"contentUrl\":\"https:\\\/\\\/radioljubuski.ba\\\/wp-content\\\/uploads\\\/2021\\\/10\\\/9-2021-10-13-18-34-04-feoefw.jpg\",\"width\":1000,\"height\":625},{\"@type\":\"BreadcrumbList\",\"@id\":\"https:\\\/\\\/radioljubuski.ba\\\/index.php\\\/2021\\\/10\\\/13\\\/vlada-fbih-o-rasterecenju-poslodavaca-i-stvaranje-povoljnijeg-poslovnog-ambijenta\\\/#breadcrumb\",\"itemListElement\":[{\"@type\":\"ListItem\",\"position\":1,\"name\":\"Po\u010detna stranica\",\"item\":\"https:\\\/\\\/radioljubuski.ba\\\/\"},{\"@type\":\"ListItem\",\"position\":2,\"name\":\"Vlada FBiH o rastere\u0107enju poslodavaca i stvaranje povoljnijeg poslovnog ambijenta\"}]},{\"@type\":\"WebSite\",\"@id\":\"https:\\\/\\\/radioljubuski.ba\\\/#website\",\"url\":\"https:\\\/\\\/radioljubuski.ba\\\/\",\"name\":\"Radio Ljubu\u0161ki\",\"description\":\"Sun\u010dana frekvencija Hercegovine\",\"publisher\":{\"@id\":\"https:\\\/\\\/radioljubuski.ba\\\/#organization\"},\"potentialAction\":[{\"@type\":\"SearchAction\",\"target\":{\"@type\":\"EntryPoint\",\"urlTemplate\":\"https:\\\/\\\/radioljubuski.ba\\\/?s={search_term_string}\"},\"query-input\":{\"@type\":\"PropertyValueSpecification\",\"valueRequired\":true,\"valueName\":\"search_term_string\"}}],\"inLanguage\":\"hr\"},{\"@type\":\"Organization\",\"@id\":\"https:\\\/\\\/radioljubuski.ba\\\/#organization\",\"name\":\"Radio Ljubu\u0161ki\",\"url\":\"https:\\\/\\\/radioljubuski.ba\\\/\",\"logo\":{\"@type\":\"ImageObject\",\"inLanguage\":\"hr\",\"@id\":\"https:\\\/\\\/radioljubuski.ba\\\/#\\\/schema\\\/logo\\\/image\\\/\",\"url\":\"https:\\\/\\\/radioljubuski.ba\\\/wp-content\\\/uploads\\\/2021\\\/02\\\/cropped-Radio_Ljubuski_logo1.jpg\",\"contentUrl\":\"https:\\\/\\\/radioljubuski.ba\\\/wp-content\\\/uploads\\\/2021\\\/02\\\/cropped-Radio_Ljubuski_logo1.jpg\",\"width\":512,\"height\":512,\"caption\":\"Radio Ljubu\u0161ki\"},\"image\":{\"@id\":\"https:\\\/\\\/radioljubuski.ba\\\/#\\\/schema\\\/logo\\\/image\\\/\"},\"sameAs\":[\"https:\\\/\\\/www.facebook.com\\\/Radiio-Ljubuski-1490835324566332\",\"https:\\\/\\\/x.com\\\/radioljubuski\",\"https:\\\/\\\/hr.linkedin.com\\\/company\\\/radio-ljubuski\",\"https:\\\/\\\/www.youtube.com\\\/channel\\\/UCHYaeO_n0Db3tjNGudGpXyw\"]},{\"@type\":\"Person\",\"@id\":\"https:\\\/\\\/radioljubuski.ba\\\/#\\\/schema\\\/person\\\/19fc700381a780f69665d7956c469e3b\",\"name\":\"Radio Ljubu\u0161ki\"}]}<\/script>\n<!-- \/ Yoast SEO plugin. -->","yoast_head_json":{"title":"Vlada FBiH o rastere\u0107enju poslodavaca i stvaranje povoljnijeg poslovnog ambijenta - RADIO LJUBU\u0160KI","robots":{"index":"index","follow":"follow","max-snippet":"max-snippet:-1","max-image-preview":"max-image-preview:large","max-video-preview":"max-video-preview:-1"},"canonical":"https:\/\/radioljubuski.ba\/index.php\/2021\/10\/13\/vlada-fbih-o-rasterecenju-poslodavaca-i-stvaranje-povoljnijeg-poslovnog-ambijenta\/","og_locale":"hr_HR","og_type":"article","og_title":"Vlada FBiH o rastere\u0107enju poslodavaca i stvaranje povoljnijeg poslovnog ambijenta - RADIO LJUBU\u0160KI","og_description":"Vlada FBiH na dana\u0161njoj sjednici je utvrdila svoje amandmane koji postaju sastavni dio Prijedloga zakona o doprinosima, upu\u0107enim u parlamentarnu proceduru. Cilj amandmana je dodatno rastere\u0107enje poslodavaca i stvaranje povoljnijeg poslovnog ambijenta. &nbsp; Utvr\u0111en je i amandman na Prijedlog zakona o izmjenama i dopunama Zakona o mirovinskog i invalidskom osiguranju, kojim su kao suvi\u0161ni brisani [&hellip;]","og_url":"https:\/\/radioljubuski.ba\/index.php\/2021\/10\/13\/vlada-fbih-o-rasterecenju-poslodavaca-i-stvaranje-povoljnijeg-poslovnog-ambijenta\/","og_site_name":"RADIO LJUBU\u0160KI","article_publisher":"https:\/\/www.facebook.com\/Radiio-Ljubuski-1490835324566332","article_published_time":"2021-10-13T22:10:17+00:00","article_modified_time":"2021-10-13T22:10:18+00:00","og_image":[{"width":1000,"height":625,"url":"https:\/\/radioljubuski.ba\/wp-content\/uploads\/2021\/10\/9-2021-10-13-18-34-04-feoefw.jpg","type":"image\/jpeg"}],"author":"Radio Ljubu\u0161ki","twitter_card":"summary_large_image","twitter_creator":"@radioljubuski","twitter_site":"@radioljubuski","twitter_misc":{"Napisao\/la":"Radio Ljubu\u0161ki","Procijenjeno vrijeme \u010ditanja":"2 minute"},"schema":{"@context":"https:\/\/schema.org","@graph":[{"@type":"Article","@id":"https:\/\/radioljubuski.ba\/index.php\/2021\/10\/13\/vlada-fbih-o-rasterecenju-poslodavaca-i-stvaranje-povoljnijeg-poslovnog-ambijenta\/#article","isPartOf":{"@id":"https:\/\/radioljubuski.ba\/index.php\/2021\/10\/13\/vlada-fbih-o-rasterecenju-poslodavaca-i-stvaranje-povoljnijeg-poslovnog-ambijenta\/"},"author":{"name":"Radio Ljubu\u0161ki","@id":"https:\/\/radioljubuski.ba\/#\/schema\/person\/19fc700381a780f69665d7956c469e3b"},"headline":"Vlada FBiH o rastere\u0107enju poslodavaca i stvaranje povoljnijeg poslovnog ambijenta","datePublished":"2021-10-13T22:10:17+00:00","dateModified":"2021-10-13T22:10:18+00:00","mainEntityOfPage":{"@id":"https:\/\/radioljubuski.ba\/index.php\/2021\/10\/13\/vlada-fbih-o-rasterecenju-poslodavaca-i-stvaranje-povoljnijeg-poslovnog-ambijenta\/"},"wordCount":329,"publisher":{"@id":"https:\/\/radioljubuski.ba\/#organization"},"image":{"@id":"https:\/\/radioljubuski.ba\/index.php\/2021\/10\/13\/vlada-fbih-o-rasterecenju-poslodavaca-i-stvaranje-povoljnijeg-poslovnog-ambijenta\/#primaryimage"},"thumbnailUrl":"https:\/\/radioljubuski.ba\/wp-content\/uploads\/2021\/10\/9-2021-10-13-18-34-04-feoefw.jpg","articleSection":["BIH i regija"],"inLanguage":"hr"},{"@type":"WebPage","@id":"https:\/\/radioljubuski.ba\/index.php\/2021\/10\/13\/vlada-fbih-o-rasterecenju-poslodavaca-i-stvaranje-povoljnijeg-poslovnog-ambijenta\/","url":"https:\/\/radioljubuski.ba\/index.php\/2021\/10\/13\/vlada-fbih-o-rasterecenju-poslodavaca-i-stvaranje-povoljnijeg-poslovnog-ambijenta\/","name":"Vlada FBiH o rastere\u0107enju poslodavaca i stvaranje povoljnijeg poslovnog ambijenta - RADIO LJUBU\u0160KI","isPartOf":{"@id":"https:\/\/radioljubuski.ba\/#website"},"primaryImageOfPage":{"@id":"https:\/\/radioljubuski.ba\/index.php\/2021\/10\/13\/vlada-fbih-o-rasterecenju-poslodavaca-i-stvaranje-povoljnijeg-poslovnog-ambijenta\/#primaryimage"},"image":{"@id":"https:\/\/radioljubuski.ba\/index.php\/2021\/10\/13\/vlada-fbih-o-rasterecenju-poslodavaca-i-stvaranje-povoljnijeg-poslovnog-ambijenta\/#primaryimage"},"thumbnailUrl":"https:\/\/radioljubuski.ba\/wp-content\/uploads\/2021\/10\/9-2021-10-13-18-34-04-feoefw.jpg","datePublished":"2021-10-13T22:10:17+00:00","dateModified":"2021-10-13T22:10:18+00:00","breadcrumb":{"@id":"https:\/\/radioljubuski.ba\/index.php\/2021\/10\/13\/vlada-fbih-o-rasterecenju-poslodavaca-i-stvaranje-povoljnijeg-poslovnog-ambijenta\/#breadcrumb"},"inLanguage":"hr","potentialAction":[{"@type":"ReadAction","target":["https:\/\/radioljubuski.ba\/index.php\/2021\/10\/13\/vlada-fbih-o-rasterecenju-poslodavaca-i-stvaranje-povoljnijeg-poslovnog-ambijenta\/"]}]},{"@type":"ImageObject","inLanguage":"hr","@id":"https:\/\/radioljubuski.ba\/index.php\/2021\/10\/13\/vlada-fbih-o-rasterecenju-poslodavaca-i-stvaranje-povoljnijeg-poslovnog-ambijenta\/#primaryimage","url":"https:\/\/radioljubuski.ba\/wp-content\/uploads\/2021\/10\/9-2021-10-13-18-34-04-feoefw.jpg","contentUrl":"https:\/\/radioljubuski.ba\/wp-content\/uploads\/2021\/10\/9-2021-10-13-18-34-04-feoefw.jpg","width":1000,"height":625},{"@type":"BreadcrumbList","@id":"https:\/\/radioljubuski.ba\/index.php\/2021\/10\/13\/vlada-fbih-o-rasterecenju-poslodavaca-i-stvaranje-povoljnijeg-poslovnog-ambijenta\/#breadcrumb","itemListElement":[{"@type":"ListItem","position":1,"name":"Po\u010detna stranica","item":"https:\/\/radioljubuski.ba\/"},{"@type":"ListItem","position":2,"name":"Vlada FBiH o rastere\u0107enju poslodavaca i stvaranje povoljnijeg poslovnog ambijenta"}]},{"@type":"WebSite","@id":"https:\/\/radioljubuski.ba\/#website","url":"https:\/\/radioljubuski.ba\/","name":"Radio Ljubu\u0161ki","description":"Sun\u010dana frekvencija Hercegovine","publisher":{"@id":"https:\/\/radioljubuski.ba\/#organization"},"potentialAction":[{"@type":"SearchAction","target":{"@type":"EntryPoint","urlTemplate":"https:\/\/radioljubuski.ba\/?s={search_term_string}"},"query-input":{"@type":"PropertyValueSpecification","valueRequired":true,"valueName":"search_term_string"}}],"inLanguage":"hr"},{"@type":"Organization","@id":"https:\/\/radioljubuski.ba\/#organization","name":"Radio Ljubu\u0161ki","url":"https:\/\/radioljubuski.ba\/","logo":{"@type":"ImageObject","inLanguage":"hr","@id":"https:\/\/radioljubuski.ba\/#\/schema\/logo\/image\/","url":"https:\/\/radioljubuski.ba\/wp-content\/uploads\/2021\/02\/cropped-Radio_Ljubuski_logo1.jpg","contentUrl":"https:\/\/radioljubuski.ba\/wp-content\/uploads\/2021\/02\/cropped-Radio_Ljubuski_logo1.jpg","width":512,"height":512,"caption":"Radio Ljubu\u0161ki"},"image":{"@id":"https:\/\/radioljubuski.ba\/#\/schema\/logo\/image\/"},"sameAs":["https:\/\/www.facebook.com\/Radiio-Ljubuski-1490835324566332","https:\/\/x.com\/radioljubuski","https:\/\/hr.linkedin.com\/company\/radio-ljubuski","https:\/\/www.youtube.com\/channel\/UCHYaeO_n0Db3tjNGudGpXyw"]},{"@type":"Person","@id":"https:\/\/radioljubuski.ba\/#\/schema\/person\/19fc700381a780f69665d7956c469e3b","name":"Radio Ljubu\u0161ki"}]}},"_links":{"self":[{"href":"https:\/\/radioljubuski.ba\/index.php\/wp-json\/wp\/v2\/posts\/75317","targetHints":{"allow":["GET"]}}],"collection":[{"href":"https:\/\/radioljubuski.ba\/index.php\/wp-json\/wp\/v2\/posts"}],"about":[{"href":"https:\/\/radioljubuski.ba\/index.php\/wp-json\/wp\/v2\/types\/post"}],"author":[{"embeddable":true,"href":"https:\/\/radioljubuski.ba\/index.php\/wp-json\/wp\/v2\/users\/2"}],"replies":[{"embeddable":true,"href":"https:\/\/radioljubuski.ba\/index.php\/wp-json\/wp\/v2\/comments?post=75317"}],"version-history":[{"count":1,"href":"https:\/\/radioljubuski.ba\/index.php\/wp-json\/wp\/v2\/posts\/75317\/revisions"}],"predecessor-version":[{"id":75319,"href":"https:\/\/radioljubuski.ba\/index.php\/wp-json\/wp\/v2\/posts\/75317\/revisions\/75319"}],"wp:featuredmedia":[{"embeddable":true,"href":"https:\/\/radioljubuski.ba\/index.php\/wp-json\/wp\/v2\/media\/75318"}],"wp:attachment":[{"href":"https:\/\/radioljubuski.ba\/index.php\/wp-json\/wp\/v2\/media?parent=75317"}],"wp:term":[{"taxonomy":"category","embeddable":true,"href":"https:\/\/radioljubuski.ba\/index.php\/wp-json\/wp\/v2\/categories?post=75317"},{"taxonomy":"post_tag","embeddable":true,"href":"https:\/\/radioljubuski.ba\/index.php\/wp-json\/wp\/v2\/tags?post=75317"}],"curies":[{"name":"wp","href":"https:\/\/api.w.org\/{rel}","templated":true}]}}