{"id":75345,"date":"2021-10-13T23:26:42","date_gmt":"2021-10-13T22:26:42","guid":{"rendered":"https:\/\/radioljubuski.ba\/?p=75345"},"modified":"2021-10-13T23:26:43","modified_gmt":"2021-10-13T22:26:43","slug":"capak-nadamo-se-da-je-ovo-vrhunac-cetvrtog-vala-i-da-ce-brojke-padati","status":"publish","type":"post","link":"https:\/\/radioljubuski.ba\/index.php\/2021\/10\/13\/capak-nadamo-se-da-je-ovo-vrhunac-cetvrtog-vala-i-da-ce-brojke-padati\/","title":{"rendered":"Capak: Nadamo se da je ovo vrhunac \u010detvrtog vala i da \u0107e brojke padati"},"content":{"rendered":"\n<p>Ravnatelj HZJZ-a Krunoslav Capak govorio je o velikom broju zara\u017eenih u susjednoj Srbiji, ali i velikom skoku u Hrvatskoj, kao i tre\u0107oj dozi cjepiva. U Hrvatskoj nakon pet mjeseci imamo 2000 vi\u0161e zara\u017eenih i 27 umrlih. Capak je kazao, ako ga se osobno pita, da je o\u010dekivao da brojka ne\u0107e i\u0107i preko 2000.<\/p>\n\n\n\n<p>\u201cAli ako pogledate tjedne prosjeke \u2013 mi smo u stagnaciji rasta. Prva tri dana ovog tjedna imamo manji broj slu\u010dajeva nego u prva tri dana pro\u0161log tjedna. Pretpostavljam i nadamo se da je ovo vrhunac \u010detvrtog vala i da \u0107e brojke padati\u201d, kazao je.<\/p>\n\n\n\n<p>Capak je kazao i da misli da je sada vrhuac \u010detvrtog vala iako sad dolazi lo\u0161ije vrijeme i sve to je, tvrdi Capak, jedna opasnost za daljnje \u0161irenje.<\/p>\n\n\n\n<p>\u201cUvijek ra\u010dunamo da ipak imamo taj jedan postotak procijepljenih, preboljelih\u2026 Imamo stanovni\u0161tvo koje se ve\u0107 naviklo na to, koje se koliko-toliko dr\u017ei distance, ne idu u masovno okupljanje, zatvorene prostore, tako da ra\u010dunamo da bi to mogao biti taj vrhunac i da \u0107e kroz neko kratko vrijeme, u drugoj polovici desetog mjeseca, brojke po\u010deti padati\u201d, kazao je Capak.<\/p>\n\n\n\n<p>\u201cAko se virusu dopusti puno prostora, on se mo\u017ee \u0161iriti\u201d<\/p>\n\n\n\n<p>Komentirao je i situaciju u Srbiji koja u prosjeku ima vi\u0161e od 6500 zara\u017eenih na dan.<\/p>\n\n\n\n<p>\u201cUsprkos razini procijepljenosti koja je vrlo sli\u010dna na\u0161oj u Hrvatskoj, ako se dopusti virusu puno prostora da se \u0161iri, on se mo\u017ee \u0161iriti\u201d, kazao je.<\/p>\n\n\n\n<p>Capak je kazao i da su u Hrvatskoj mogu\u0107e visoke brojke na zimu.<\/p>\n\n\n\n<p>\u201cNadamo se da toga ne\u0107e do\u0107i, jer ipak smo mi i na jednoj drugoj razini procijepljenosti i epidemiolo\u0161kih mjera i kvalitete dr\u017eanja tih mjera\u201d, kazao je.<\/p>\n\n\n\n<p>Booster doza cjepiva<\/p>\n\n\n\n<p>Komentirao je i preporuke za tre\u0107u, booster dozu.<\/p>\n\n\n\n<p>\u201cOva tre\u0107a doza se po na\u0161im preporukama osam tjedana nakon zavr\u0161etka cijepljenja, dok je docjepljivane najmanje \u0161est mjeseci nakon primarnog cijepljenja i to je osnovna razlika. Moramo dati neki druk\u010diji naziv da bi ljudi razlikovali \u0161to je tre\u0107a, pa smo to druk\u010dije i nazvali\u201d, kazao je.<\/p>\n\n\n\n<p>Capak je komentirao i ho\u0107e li cijepljenja biti organizirana u bolnicama, domovima za starije kao \u0161to smo imali pro\u0161le zime ili \u0107e ono biti na punktovima za masovno cijepljenje.<\/p>\n\n\n\n<p>\u201cMi smo u na\u0161em dokumentu dali preporuku da se za stacionarne ustanove socijalne skrbi i za zdravstvene sustave organizira cijepljenje kako je to bilo i s primarnim cijepljenjem, dok za sve one ostale kategorije u konzultaciji s lije\u010dnikom mi dakako mo\u017eemo i na punktovima organizirati cijepljenje\u201d, kazao je Capak za RTL.<\/p>\n\n\n\n<p>Produljenje covid potvrda nakon booster ili tre\u0107e doze<\/p>\n\n\n\n<p>Capak je kazao i da jo\u0161 nisu odredili datume kada \u0107e se krenuti s tre\u0107om dozom, ali da \u0107e do toga do\u0107i vrlo skoro.<\/p>\n\n\n\n<p>Na pitanje mo\u017ee li netko sam do\u0107i na punkt i re\u0107i da \u017eivi s imunokompromitiranom osobom i da se \u017eeli cijepiti tre\u0107om dozom, Capak je odgovorio: \u201cDirektan odgovor na va\u0161e pitanje je da mo\u017ee. Mi uvijek imamo na cjepnim mjestima lije\u010dnike. Uz konzultaciju s lije\u010dnikom svatko se mo\u017ee do\u0107i cijepiti.\u201d<\/p>\n\n\n\n<p>Odgovorio je i produ\u017euje li tre\u0107a doza trajanje covid-potvrde.<\/p>\n\n\n\n<p>\u201cNakon \u0161to je EMA odobrila uveli smo mogu\u0107nost da se osobe cijepe. Radi se na tome da se informati\u010dki pokrije ta pri\u010da i da se naprave poslovna pravila za izdavanje covid potvrda. Po nama, mi \u0107emo te covid potvrde nakon te booster ili tre\u0107e doze produljiti za jo\u0161 godinu dana\u201d, kazao je.<\/p>\n\n\n\n<p>Izvor:N1<\/p>\n","protected":false},"excerpt":{"rendered":"<p>Ravnatelj HZJZ-a Krunoslav Capak govorio je o velikom broju zara\u017eenih u susjednoj Srbiji, ali i velikom skoku u Hrvatskoj, kao i tre\u0107oj dozi cjepiva. U Hrvatskoj nakon pet mjeseci imamo 2000 vi\u0161e zara\u017eenih i 27 umrlih. Capak je kazao, ako ga se osobno pita, da je o\u010dekivao da brojka ne\u0107e i\u0107i preko 2000. \u201cAli ako [&hellip;]<\/p>\n","protected":false},"author":2,"featured_media":3053,"comment_status":"closed","ping_status":"closed","sticky":false,"template":"","format":"standard","meta":{"h5ap_radio_sources":[],"footnotes":""},"categories":[1],"tags":[],"class_list":["post-75345","post","type-post","status-publish","format-standard","has-post-thumbnail","hentry","category-bihiregija"],"yoast_head":"<!-- This site is optimized with the Yoast SEO plugin v27.4 - https:\/\/yoast.com\/product\/yoast-seo-wordpress\/ -->\n<title>Capak: Nadamo se da je ovo vrhunac \u010detvrtog vala i da \u0107e brojke padati - RADIO LJUBU\u0160KI<\/title>\n<meta name=\"robots\" content=\"index, follow, max-snippet:-1, max-image-preview:large, max-video-preview:-1\" \/>\n<link rel=\"canonical\" href=\"https:\/\/radioljubuski.ba\/index.php\/2021\/10\/13\/capak-nadamo-se-da-je-ovo-vrhunac-cetvrtog-vala-i-da-ce-brojke-padati\/\" \/>\n<meta property=\"og:locale\" content=\"hr_HR\" \/>\n<meta property=\"og:type\" content=\"article\" \/>\n<meta property=\"og:title\" content=\"Capak: Nadamo se da je ovo vrhunac \u010detvrtog vala i da \u0107e brojke padati - RADIO LJUBU\u0160KI\" \/>\n<meta property=\"og:description\" content=\"Ravnatelj HZJZ-a Krunoslav Capak govorio je o velikom broju zara\u017eenih u susjednoj Srbiji, ali i velikom skoku u Hrvatskoj, kao i tre\u0107oj dozi cjepiva. U Hrvatskoj nakon pet mjeseci imamo 2000 vi\u0161e zara\u017eenih i 27 umrlih. Capak je kazao, ako ga se osobno pita, da je o\u010dekivao da brojka ne\u0107e i\u0107i preko 2000. \u201cAli ako [&hellip;]\" \/>\n<meta property=\"og:url\" content=\"https:\/\/radioljubuski.ba\/index.php\/2021\/10\/13\/capak-nadamo-se-da-je-ovo-vrhunac-cetvrtog-vala-i-da-ce-brojke-padati\/\" \/>\n<meta property=\"og:site_name\" content=\"RADIO LJUBU\u0160KI\" \/>\n<meta property=\"article:publisher\" content=\"https:\/\/www.facebook.com\/Radiio-Ljubuski-1490835324566332\" \/>\n<meta property=\"article:published_time\" content=\"2021-10-13T22:26:42+00:00\" \/>\n<meta property=\"article:modified_time\" content=\"2021-10-13T22:26:43+00:00\" \/>\n<meta property=\"og:image\" content=\"https:\/\/radioljubuski.ba\/wp-content\/uploads\/2021\/03\/capak.jpg\" \/>\n\t<meta property=\"og:image:width\" content=\"1000\" \/>\n\t<meta property=\"og:image:height\" content=\"625\" \/>\n\t<meta property=\"og:image:type\" content=\"image\/jpeg\" \/>\n<meta name=\"author\" content=\"Radio Ljubu\u0161ki\" \/>\n<meta name=\"twitter:card\" content=\"summary_large_image\" \/>\n<meta name=\"twitter:creator\" content=\"@radioljubuski\" \/>\n<meta name=\"twitter:site\" content=\"@radioljubuski\" \/>\n<meta name=\"twitter:label1\" content=\"Napisao\/la\" \/>\n\t<meta name=\"twitter:data1\" content=\"Radio Ljubu\u0161ki\" \/>\n\t<meta name=\"twitter:label2\" content=\"Procijenjeno vrijeme \u010ditanja\" \/>\n\t<meta name=\"twitter:data2\" content=\"3 minute\" \/>\n<script type=\"application\/ld+json\" class=\"yoast-schema-graph\">{\"@context\":\"https:\\\/\\\/schema.org\",\"@graph\":[{\"@type\":\"Article\",\"@id\":\"https:\\\/\\\/radioljubuski.ba\\\/index.php\\\/2021\\\/10\\\/13\\\/capak-nadamo-se-da-je-ovo-vrhunac-cetvrtog-vala-i-da-ce-brojke-padati\\\/#article\",\"isPartOf\":{\"@id\":\"https:\\\/\\\/radioljubuski.ba\\\/index.php\\\/2021\\\/10\\\/13\\\/capak-nadamo-se-da-je-ovo-vrhunac-cetvrtog-vala-i-da-ce-brojke-padati\\\/\"},\"author\":{\"name\":\"Radio Ljubu\u0161ki\",\"@id\":\"https:\\\/\\\/radioljubuski.ba\\\/#\\\/schema\\\/person\\\/19fc700381a780f69665d7956c469e3b\"},\"headline\":\"Capak: Nadamo se da je ovo vrhunac \u010detvrtog vala i da \u0107e brojke padati\",\"datePublished\":\"2021-10-13T22:26:42+00:00\",\"dateModified\":\"2021-10-13T22:26:43+00:00\",\"mainEntityOfPage\":{\"@id\":\"https:\\\/\\\/radioljubuski.ba\\\/index.php\\\/2021\\\/10\\\/13\\\/capak-nadamo-se-da-je-ovo-vrhunac-cetvrtog-vala-i-da-ce-brojke-padati\\\/\"},\"wordCount\":621,\"publisher\":{\"@id\":\"https:\\\/\\\/radioljubuski.ba\\\/#organization\"},\"image\":{\"@id\":\"https:\\\/\\\/radioljubuski.ba\\\/index.php\\\/2021\\\/10\\\/13\\\/capak-nadamo-se-da-je-ovo-vrhunac-cetvrtog-vala-i-da-ce-brojke-padati\\\/#primaryimage\"},\"thumbnailUrl\":\"https:\\\/\\\/radioljubuski.ba\\\/wp-content\\\/uploads\\\/2021\\\/03\\\/capak.jpg\",\"articleSection\":[\"BIH i regija\"],\"inLanguage\":\"hr\"},{\"@type\":\"WebPage\",\"@id\":\"https:\\\/\\\/radioljubuski.ba\\\/index.php\\\/2021\\\/10\\\/13\\\/capak-nadamo-se-da-je-ovo-vrhunac-cetvrtog-vala-i-da-ce-brojke-padati\\\/\",\"url\":\"https:\\\/\\\/radioljubuski.ba\\\/index.php\\\/2021\\\/10\\\/13\\\/capak-nadamo-se-da-je-ovo-vrhunac-cetvrtog-vala-i-da-ce-brojke-padati\\\/\",\"name\":\"Capak: Nadamo se da je ovo vrhunac \u010detvrtog vala i da \u0107e brojke padati - RADIO LJUBU\u0160KI\",\"isPartOf\":{\"@id\":\"https:\\\/\\\/radioljubuski.ba\\\/#website\"},\"primaryImageOfPage\":{\"@id\":\"https:\\\/\\\/radioljubuski.ba\\\/index.php\\\/2021\\\/10\\\/13\\\/capak-nadamo-se-da-je-ovo-vrhunac-cetvrtog-vala-i-da-ce-brojke-padati\\\/#primaryimage\"},\"image\":{\"@id\":\"https:\\\/\\\/radioljubuski.ba\\\/index.php\\\/2021\\\/10\\\/13\\\/capak-nadamo-se-da-je-ovo-vrhunac-cetvrtog-vala-i-da-ce-brojke-padati\\\/#primaryimage\"},\"thumbnailUrl\":\"https:\\\/\\\/radioljubuski.ba\\\/wp-content\\\/uploads\\\/2021\\\/03\\\/capak.jpg\",\"datePublished\":\"2021-10-13T22:26:42+00:00\",\"dateModified\":\"2021-10-13T22:26:43+00:00\",\"breadcrumb\":{\"@id\":\"https:\\\/\\\/radioljubuski.ba\\\/index.php\\\/2021\\\/10\\\/13\\\/capak-nadamo-se-da-je-ovo-vrhunac-cetvrtog-vala-i-da-ce-brojke-padati\\\/#breadcrumb\"},\"inLanguage\":\"hr\",\"potentialAction\":[{\"@type\":\"ReadAction\",\"target\":[\"https:\\\/\\\/radioljubuski.ba\\\/index.php\\\/2021\\\/10\\\/13\\\/capak-nadamo-se-da-je-ovo-vrhunac-cetvrtog-vala-i-da-ce-brojke-padati\\\/\"]}]},{\"@type\":\"ImageObject\",\"inLanguage\":\"hr\",\"@id\":\"https:\\\/\\\/radioljubuski.ba\\\/index.php\\\/2021\\\/10\\\/13\\\/capak-nadamo-se-da-je-ovo-vrhunac-cetvrtog-vala-i-da-ce-brojke-padati\\\/#primaryimage\",\"url\":\"https:\\\/\\\/radioljubuski.ba\\\/wp-content\\\/uploads\\\/2021\\\/03\\\/capak.jpg\",\"contentUrl\":\"https:\\\/\\\/radioljubuski.ba\\\/wp-content\\\/uploads\\\/2021\\\/03\\\/capak.jpg\",\"width\":1000,\"height\":625},{\"@type\":\"BreadcrumbList\",\"@id\":\"https:\\\/\\\/radioljubuski.ba\\\/index.php\\\/2021\\\/10\\\/13\\\/capak-nadamo-se-da-je-ovo-vrhunac-cetvrtog-vala-i-da-ce-brojke-padati\\\/#breadcrumb\",\"itemListElement\":[{\"@type\":\"ListItem\",\"position\":1,\"name\":\"Po\u010detna stranica\",\"item\":\"https:\\\/\\\/radioljubuski.ba\\\/\"},{\"@type\":\"ListItem\",\"position\":2,\"name\":\"Capak: Nadamo se da je ovo vrhunac \u010detvrtog vala i da \u0107e brojke padati\"}]},{\"@type\":\"WebSite\",\"@id\":\"https:\\\/\\\/radioljubuski.ba\\\/#website\",\"url\":\"https:\\\/\\\/radioljubuski.ba\\\/\",\"name\":\"Radio Ljubu\u0161ki\",\"description\":\"Sun\u010dana frekvencija Hercegovine\",\"publisher\":{\"@id\":\"https:\\\/\\\/radioljubuski.ba\\\/#organization\"},\"potentialAction\":[{\"@type\":\"SearchAction\",\"target\":{\"@type\":\"EntryPoint\",\"urlTemplate\":\"https:\\\/\\\/radioljubuski.ba\\\/?s={search_term_string}\"},\"query-input\":{\"@type\":\"PropertyValueSpecification\",\"valueRequired\":true,\"valueName\":\"search_term_string\"}}],\"inLanguage\":\"hr\"},{\"@type\":\"Organization\",\"@id\":\"https:\\\/\\\/radioljubuski.ba\\\/#organization\",\"name\":\"Radio Ljubu\u0161ki\",\"url\":\"https:\\\/\\\/radioljubuski.ba\\\/\",\"logo\":{\"@type\":\"ImageObject\",\"inLanguage\":\"hr\",\"@id\":\"https:\\\/\\\/radioljubuski.ba\\\/#\\\/schema\\\/logo\\\/image\\\/\",\"url\":\"https:\\\/\\\/radioljubuski.ba\\\/wp-content\\\/uploads\\\/2021\\\/02\\\/cropped-Radio_Ljubuski_logo1.jpg\",\"contentUrl\":\"https:\\\/\\\/radioljubuski.ba\\\/wp-content\\\/uploads\\\/2021\\\/02\\\/cropped-Radio_Ljubuski_logo1.jpg\",\"width\":512,\"height\":512,\"caption\":\"Radio Ljubu\u0161ki\"},\"image\":{\"@id\":\"https:\\\/\\\/radioljubuski.ba\\\/#\\\/schema\\\/logo\\\/image\\\/\"},\"sameAs\":[\"https:\\\/\\\/www.facebook.com\\\/Radiio-Ljubuski-1490835324566332\",\"https:\\\/\\\/x.com\\\/radioljubuski\",\"https:\\\/\\\/hr.linkedin.com\\\/company\\\/radio-ljubuski\",\"https:\\\/\\\/www.youtube.com\\\/channel\\\/UCHYaeO_n0Db3tjNGudGpXyw\"]},{\"@type\":\"Person\",\"@id\":\"https:\\\/\\\/radioljubuski.ba\\\/#\\\/schema\\\/person\\\/19fc700381a780f69665d7956c469e3b\",\"name\":\"Radio Ljubu\u0161ki\"}]}<\/script>\n<!-- \/ Yoast SEO plugin. -->","yoast_head_json":{"title":"Capak: Nadamo se da je ovo vrhunac \u010detvrtog vala i da \u0107e brojke padati - RADIO LJUBU\u0160KI","robots":{"index":"index","follow":"follow","max-snippet":"max-snippet:-1","max-image-preview":"max-image-preview:large","max-video-preview":"max-video-preview:-1"},"canonical":"https:\/\/radioljubuski.ba\/index.php\/2021\/10\/13\/capak-nadamo-se-da-je-ovo-vrhunac-cetvrtog-vala-i-da-ce-brojke-padati\/","og_locale":"hr_HR","og_type":"article","og_title":"Capak: Nadamo se da je ovo vrhunac \u010detvrtog vala i da \u0107e brojke padati - RADIO LJUBU\u0160KI","og_description":"Ravnatelj HZJZ-a Krunoslav Capak govorio je o velikom broju zara\u017eenih u susjednoj Srbiji, ali i velikom skoku u Hrvatskoj, kao i tre\u0107oj dozi cjepiva. U Hrvatskoj nakon pet mjeseci imamo 2000 vi\u0161e zara\u017eenih i 27 umrlih. Capak je kazao, ako ga se osobno pita, da je o\u010dekivao da brojka ne\u0107e i\u0107i preko 2000. \u201cAli ako [&hellip;]","og_url":"https:\/\/radioljubuski.ba\/index.php\/2021\/10\/13\/capak-nadamo-se-da-je-ovo-vrhunac-cetvrtog-vala-i-da-ce-brojke-padati\/","og_site_name":"RADIO LJUBU\u0160KI","article_publisher":"https:\/\/www.facebook.com\/Radiio-Ljubuski-1490835324566332","article_published_time":"2021-10-13T22:26:42+00:00","article_modified_time":"2021-10-13T22:26:43+00:00","og_image":[{"width":1000,"height":625,"url":"https:\/\/radioljubuski.ba\/wp-content\/uploads\/2021\/03\/capak.jpg","type":"image\/jpeg"}],"author":"Radio Ljubu\u0161ki","twitter_card":"summary_large_image","twitter_creator":"@radioljubuski","twitter_site":"@radioljubuski","twitter_misc":{"Napisao\/la":"Radio Ljubu\u0161ki","Procijenjeno vrijeme \u010ditanja":"3 minute"},"schema":{"@context":"https:\/\/schema.org","@graph":[{"@type":"Article","@id":"https:\/\/radioljubuski.ba\/index.php\/2021\/10\/13\/capak-nadamo-se-da-je-ovo-vrhunac-cetvrtog-vala-i-da-ce-brojke-padati\/#article","isPartOf":{"@id":"https:\/\/radioljubuski.ba\/index.php\/2021\/10\/13\/capak-nadamo-se-da-je-ovo-vrhunac-cetvrtog-vala-i-da-ce-brojke-padati\/"},"author":{"name":"Radio Ljubu\u0161ki","@id":"https:\/\/radioljubuski.ba\/#\/schema\/person\/19fc700381a780f69665d7956c469e3b"},"headline":"Capak: Nadamo se da je ovo vrhunac \u010detvrtog vala i da \u0107e brojke padati","datePublished":"2021-10-13T22:26:42+00:00","dateModified":"2021-10-13T22:26:43+00:00","mainEntityOfPage":{"@id":"https:\/\/radioljubuski.ba\/index.php\/2021\/10\/13\/capak-nadamo-se-da-je-ovo-vrhunac-cetvrtog-vala-i-da-ce-brojke-padati\/"},"wordCount":621,"publisher":{"@id":"https:\/\/radioljubuski.ba\/#organization"},"image":{"@id":"https:\/\/radioljubuski.ba\/index.php\/2021\/10\/13\/capak-nadamo-se-da-je-ovo-vrhunac-cetvrtog-vala-i-da-ce-brojke-padati\/#primaryimage"},"thumbnailUrl":"https:\/\/radioljubuski.ba\/wp-content\/uploads\/2021\/03\/capak.jpg","articleSection":["BIH i regija"],"inLanguage":"hr"},{"@type":"WebPage","@id":"https:\/\/radioljubuski.ba\/index.php\/2021\/10\/13\/capak-nadamo-se-da-je-ovo-vrhunac-cetvrtog-vala-i-da-ce-brojke-padati\/","url":"https:\/\/radioljubuski.ba\/index.php\/2021\/10\/13\/capak-nadamo-se-da-je-ovo-vrhunac-cetvrtog-vala-i-da-ce-brojke-padati\/","name":"Capak: Nadamo se da je ovo vrhunac \u010detvrtog vala i da \u0107e brojke padati - RADIO LJUBU\u0160KI","isPartOf":{"@id":"https:\/\/radioljubuski.ba\/#website"},"primaryImageOfPage":{"@id":"https:\/\/radioljubuski.ba\/index.php\/2021\/10\/13\/capak-nadamo-se-da-je-ovo-vrhunac-cetvrtog-vala-i-da-ce-brojke-padati\/#primaryimage"},"image":{"@id":"https:\/\/radioljubuski.ba\/index.php\/2021\/10\/13\/capak-nadamo-se-da-je-ovo-vrhunac-cetvrtog-vala-i-da-ce-brojke-padati\/#primaryimage"},"thumbnailUrl":"https:\/\/radioljubuski.ba\/wp-content\/uploads\/2021\/03\/capak.jpg","datePublished":"2021-10-13T22:26:42+00:00","dateModified":"2021-10-13T22:26:43+00:00","breadcrumb":{"@id":"https:\/\/radioljubuski.ba\/index.php\/2021\/10\/13\/capak-nadamo-se-da-je-ovo-vrhunac-cetvrtog-vala-i-da-ce-brojke-padati\/#breadcrumb"},"inLanguage":"hr","potentialAction":[{"@type":"ReadAction","target":["https:\/\/radioljubuski.ba\/index.php\/2021\/10\/13\/capak-nadamo-se-da-je-ovo-vrhunac-cetvrtog-vala-i-da-ce-brojke-padati\/"]}]},{"@type":"ImageObject","inLanguage":"hr","@id":"https:\/\/radioljubuski.ba\/index.php\/2021\/10\/13\/capak-nadamo-se-da-je-ovo-vrhunac-cetvrtog-vala-i-da-ce-brojke-padati\/#primaryimage","url":"https:\/\/radioljubuski.ba\/wp-content\/uploads\/2021\/03\/capak.jpg","contentUrl":"https:\/\/radioljubuski.ba\/wp-content\/uploads\/2021\/03\/capak.jpg","width":1000,"height":625},{"@type":"BreadcrumbList","@id":"https:\/\/radioljubuski.ba\/index.php\/2021\/10\/13\/capak-nadamo-se-da-je-ovo-vrhunac-cetvrtog-vala-i-da-ce-brojke-padati\/#breadcrumb","itemListElement":[{"@type":"ListItem","position":1,"name":"Po\u010detna stranica","item":"https:\/\/radioljubuski.ba\/"},{"@type":"ListItem","position":2,"name":"Capak: Nadamo se da je ovo vrhunac \u010detvrtog vala i da \u0107e brojke padati"}]},{"@type":"WebSite","@id":"https:\/\/radioljubuski.ba\/#website","url":"https:\/\/radioljubuski.ba\/","name":"Radio Ljubu\u0161ki","description":"Sun\u010dana frekvencija Hercegovine","publisher":{"@id":"https:\/\/radioljubuski.ba\/#organization"},"potentialAction":[{"@type":"SearchAction","target":{"@type":"EntryPoint","urlTemplate":"https:\/\/radioljubuski.ba\/?s={search_term_string}"},"query-input":{"@type":"PropertyValueSpecification","valueRequired":true,"valueName":"search_term_string"}}],"inLanguage":"hr"},{"@type":"Organization","@id":"https:\/\/radioljubuski.ba\/#organization","name":"Radio Ljubu\u0161ki","url":"https:\/\/radioljubuski.ba\/","logo":{"@type":"ImageObject","inLanguage":"hr","@id":"https:\/\/radioljubuski.ba\/#\/schema\/logo\/image\/","url":"https:\/\/radioljubuski.ba\/wp-content\/uploads\/2021\/02\/cropped-Radio_Ljubuski_logo1.jpg","contentUrl":"https:\/\/radioljubuski.ba\/wp-content\/uploads\/2021\/02\/cropped-Radio_Ljubuski_logo1.jpg","width":512,"height":512,"caption":"Radio Ljubu\u0161ki"},"image":{"@id":"https:\/\/radioljubuski.ba\/#\/schema\/logo\/image\/"},"sameAs":["https:\/\/www.facebook.com\/Radiio-Ljubuski-1490835324566332","https:\/\/x.com\/radioljubuski","https:\/\/hr.linkedin.com\/company\/radio-ljubuski","https:\/\/www.youtube.com\/channel\/UCHYaeO_n0Db3tjNGudGpXyw"]},{"@type":"Person","@id":"https:\/\/radioljubuski.ba\/#\/schema\/person\/19fc700381a780f69665d7956c469e3b","name":"Radio Ljubu\u0161ki"}]}},"_links":{"self":[{"href":"https:\/\/radioljubuski.ba\/index.php\/wp-json\/wp\/v2\/posts\/75345","targetHints":{"allow":["GET"]}}],"collection":[{"href":"https:\/\/radioljubuski.ba\/index.php\/wp-json\/wp\/v2\/posts"}],"about":[{"href":"https:\/\/radioljubuski.ba\/index.php\/wp-json\/wp\/v2\/types\/post"}],"author":[{"embeddable":true,"href":"https:\/\/radioljubuski.ba\/index.php\/wp-json\/wp\/v2\/users\/2"}],"replies":[{"embeddable":true,"href":"https:\/\/radioljubuski.ba\/index.php\/wp-json\/wp\/v2\/comments?post=75345"}],"version-history":[{"count":1,"href":"https:\/\/radioljubuski.ba\/index.php\/wp-json\/wp\/v2\/posts\/75345\/revisions"}],"predecessor-version":[{"id":75346,"href":"https:\/\/radioljubuski.ba\/index.php\/wp-json\/wp\/v2\/posts\/75345\/revisions\/75346"}],"wp:featuredmedia":[{"embeddable":true,"href":"https:\/\/radioljubuski.ba\/index.php\/wp-json\/wp\/v2\/media\/3053"}],"wp:attachment":[{"href":"https:\/\/radioljubuski.ba\/index.php\/wp-json\/wp\/v2\/media?parent=75345"}],"wp:term":[{"taxonomy":"category","embeddable":true,"href":"https:\/\/radioljubuski.ba\/index.php\/wp-json\/wp\/v2\/categories?post=75345"},{"taxonomy":"post_tag","embeddable":true,"href":"https:\/\/radioljubuski.ba\/index.php\/wp-json\/wp\/v2\/tags?post=75345"}],"curies":[{"name":"wp","href":"https:\/\/api.w.org\/{rel}","templated":true}]}}