{"id":75350,"date":"2021-10-13T23:30:24","date_gmt":"2021-10-13T22:30:24","guid":{"rendered":"https:\/\/radioljubuski.ba\/?p=75350"},"modified":"2021-10-13T23:30:25","modified_gmt":"2021-10-13T22:30:25","slug":"bjelica-o-novoj-osjeckoj-nadi-on-je-jedan-od-najtalentiranijih","status":"publish","type":"post","link":"https:\/\/radioljubuski.ba\/index.php\/2021\/10\/13\/bjelica-o-novoj-osjeckoj-nadi-on-je-jedan-od-najtalentiranijih\/","title":{"rendered":"Bjelica o novoj osje\u010dkoj nadi: On je jedan od najtalentiranijih"},"content":{"rendered":"\n<p><strong>Mladi hrvatski nogometa\u0161&nbsp;Luka Bran\u0161teter&nbsp;potpisao je trogodi\u0161nji ugovor s NK Osijekom. Svoj nogometni put zapo\u010deo je u Grani\u010daru, a sada je, zahvaljuju\u0107i dobrim igrama u Osijeku II, potpisao i prvi profesionalni ugovor.<\/strong><\/p>\n\n\n\n<p><br>&#8211; Svaki mladi igra\u010d sanja da potpi\u0161e profesionalni ugovor, a meni se taj san ostvario. Klub mi je ovim \u010dinom dao jak vjetar u le\u0111a da i dalje radim na sebi kako bih jednog dana postao standardni \u010dlan prve mom\u010dadi. Svjestan sam da sam ovim potpisom stigao tek na po\u010detak svog nogometnog puta, \u017eelja mi je da ide u pozitivnom smjeru i da \u0107u se nastaviti razvijati kao igra\u010d i kao osoba. Do\u0161ao sam kao kadet, pro\u0161ao i juniore, sada sam dio Osijeka II, a status prvotimca bio bi kruna svega ovoga \u0161to radim. Velika mi je \u017eelja do\u0107i do prve mom\u010dadi i postati njezin sastavni dio, rekao je Luka Bran\u0161teter nakon potpisa.<br><br>On je, nakon\u00a0<strong>Cvijanovi\u0107a<\/strong>,\u00a0<strong>Bari\u0161i\u0107a\u00a0<\/strong>i\u00a0<strong>Mikol\u010di\u0107a<\/strong>, \u010detvrti igra\u010d Osijeka II koji je potpisao profesionalni ugovor za Bijelo-plave.<\/p>\n\n\n\n<iframe loading=\"lazy\" src=\"https:\/\/www.facebook.com\/plugins\/post.php?href=https%3A%2F%2Fwww.facebook.com%2Fnkosijek%2Fposts%2F10161305841788852&#038;show_text=true&#038;width=500\" width=\"500\" height=\"487\" style=\"border:none;overflow:hidden\" scrolling=\"no\" frameborder=\"0\" allowfullscreen=\"true\" allow=\"autoplay; clipboard-write; encrypted-media; picture-in-picture; web-share\"><\/iframe>\n\n\n\n<p>&#8211; Vodimo ra\u010duna o budu\u0107nosti kluba i igra\u010dima koji su najperspektivniji. Luka u drugoj mom\u010dadi pokazuje puno, pratimo ga i vidjet \u0107emo ho\u0107e li za njegov razvoj biti bolje da ve\u0107 na zimu ode na posudbu na neku vi\u0161u razinu ili da ostane uz na\u0161u prvu mom\u010dad. Na njemu je da nastavi s dobrim igrama, zabija golove, da se fokusira na nogomet i da \u017eivi za to \u0161to radi. On je jedan od najtalentiranijih i sretni smo da smo brzo do\u0161li do dogovora, poru\u010dio je Nenad Bjelica, glavni klupski menad\u017eer.<\/p>\n\n\n\n<p>Izvor:hrt.hr<\/p>\n","protected":false},"excerpt":{"rendered":"<p>Mladi hrvatski nogometa\u0161&nbsp;Luka Bran\u0161teter&nbsp;potpisao je trogodi\u0161nji ugovor s NK Osijekom. Svoj nogometni put zapo\u010deo je u Grani\u010daru, a sada je, zahvaljuju\u0107i dobrim igrama u Osijeku II, potpisao i prvi profesionalni ugovor. &#8211; Svaki mladi igra\u010d sanja da potpi\u0161e profesionalni ugovor, a meni se taj san ostvario. Klub mi je ovim \u010dinom dao jak vjetar u [&hellip;]<\/p>\n","protected":false},"author":2,"featured_media":75351,"comment_status":"closed","ping_status":"closed","sticky":false,"template":"","format":"standard","meta":{"h5ap_radio_sources":[],"footnotes":""},"categories":[7],"tags":[],"class_list":["post-75350","post","type-post","status-publish","format-standard","has-post-thumbnail","hentry","category-sport"],"yoast_head":"<!-- This site is optimized with the Yoast SEO plugin v27.4 - https:\/\/yoast.com\/product\/yoast-seo-wordpress\/ -->\n<title>Bjelica o novoj osje\u010dkoj nadi: On je jedan od najtalentiranijih - RADIO LJUBU\u0160KI<\/title>\n<meta name=\"robots\" content=\"index, follow, max-snippet:-1, max-image-preview:large, max-video-preview:-1\" \/>\n<link rel=\"canonical\" href=\"https:\/\/radioljubuski.ba\/index.php\/2021\/10\/13\/bjelica-o-novoj-osjeckoj-nadi-on-je-jedan-od-najtalentiranijih\/\" \/>\n<meta property=\"og:locale\" content=\"hr_HR\" \/>\n<meta property=\"og:type\" content=\"article\" \/>\n<meta property=\"og:title\" content=\"Bjelica o novoj osje\u010dkoj nadi: On je jedan od najtalentiranijih - RADIO LJUBU\u0160KI\" \/>\n<meta property=\"og:description\" content=\"Mladi hrvatski nogometa\u0161&nbsp;Luka Bran\u0161teter&nbsp;potpisao je trogodi\u0161nji ugovor s NK Osijekom. Svoj nogometni put zapo\u010deo je u Grani\u010daru, a sada je, zahvaljuju\u0107i dobrim igrama u Osijeku II, potpisao i prvi profesionalni ugovor. &#8211; Svaki mladi igra\u010d sanja da potpi\u0161e profesionalni ugovor, a meni se taj san ostvario. Klub mi je ovim \u010dinom dao jak vjetar u [&hellip;]\" \/>\n<meta property=\"og:url\" content=\"https:\/\/radioljubuski.ba\/index.php\/2021\/10\/13\/bjelica-o-novoj-osjeckoj-nadi-on-je-jedan-od-najtalentiranijih\/\" \/>\n<meta property=\"og:site_name\" content=\"RADIO LJUBU\u0160KI\" \/>\n<meta property=\"article:publisher\" content=\"https:\/\/www.facebook.com\/Radiio-Ljubuski-1490835324566332\" \/>\n<meta property=\"article:published_time\" content=\"2021-10-13T22:30:24+00:00\" \/>\n<meta property=\"article:modified_time\" content=\"2021-10-13T22:30:25+00:00\" \/>\n<meta property=\"og:image\" content=\"https:\/\/radioljubuski.ba\/wp-content\/uploads\/2021\/10\/pxl-031021-90001275-20211012124715.jpg\" \/>\n\t<meta property=\"og:image:width\" content=\"1600\" \/>\n\t<meta property=\"og:image:height\" content=\"1066\" \/>\n\t<meta property=\"og:image:type\" content=\"image\/jpeg\" \/>\n<meta name=\"author\" content=\"Radio Ljubu\u0161ki\" \/>\n<meta name=\"twitter:card\" content=\"summary_large_image\" \/>\n<meta name=\"twitter:creator\" content=\"@radioljubuski\" \/>\n<meta name=\"twitter:site\" content=\"@radioljubuski\" \/>\n<meta name=\"twitter:label1\" content=\"Napisao\/la\" \/>\n\t<meta name=\"twitter:data1\" content=\"Radio Ljubu\u0161ki\" \/>\n\t<meta name=\"twitter:label2\" content=\"Procijenjeno vrijeme \u010ditanja\" \/>\n\t<meta name=\"twitter:data2\" content=\"2 minute\" \/>\n<script type=\"application\/ld+json\" class=\"yoast-schema-graph\">{\"@context\":\"https:\\\/\\\/schema.org\",\"@graph\":[{\"@type\":\"Article\",\"@id\":\"https:\\\/\\\/radioljubuski.ba\\\/index.php\\\/2021\\\/10\\\/13\\\/bjelica-o-novoj-osjeckoj-nadi-on-je-jedan-od-najtalentiranijih\\\/#article\",\"isPartOf\":{\"@id\":\"https:\\\/\\\/radioljubuski.ba\\\/index.php\\\/2021\\\/10\\\/13\\\/bjelica-o-novoj-osjeckoj-nadi-on-je-jedan-od-najtalentiranijih\\\/\"},\"author\":{\"name\":\"Radio Ljubu\u0161ki\",\"@id\":\"https:\\\/\\\/radioljubuski.ba\\\/#\\\/schema\\\/person\\\/19fc700381a780f69665d7956c469e3b\"},\"headline\":\"Bjelica o novoj osje\u010dkoj nadi: On je jedan od najtalentiranijih\",\"datePublished\":\"2021-10-13T22:30:24+00:00\",\"dateModified\":\"2021-10-13T22:30:25+00:00\",\"mainEntityOfPage\":{\"@id\":\"https:\\\/\\\/radioljubuski.ba\\\/index.php\\\/2021\\\/10\\\/13\\\/bjelica-o-novoj-osjeckoj-nadi-on-je-jedan-od-najtalentiranijih\\\/\"},\"wordCount\":300,\"publisher\":{\"@id\":\"https:\\\/\\\/radioljubuski.ba\\\/#organization\"},\"image\":{\"@id\":\"https:\\\/\\\/radioljubuski.ba\\\/index.php\\\/2021\\\/10\\\/13\\\/bjelica-o-novoj-osjeckoj-nadi-on-je-jedan-od-najtalentiranijih\\\/#primaryimage\"},\"thumbnailUrl\":\"https:\\\/\\\/radioljubuski.ba\\\/wp-content\\\/uploads\\\/2021\\\/10\\\/pxl-031021-90001275-20211012124715.jpg\",\"articleSection\":[\"\u0160port\"],\"inLanguage\":\"hr\"},{\"@type\":\"WebPage\",\"@id\":\"https:\\\/\\\/radioljubuski.ba\\\/index.php\\\/2021\\\/10\\\/13\\\/bjelica-o-novoj-osjeckoj-nadi-on-je-jedan-od-najtalentiranijih\\\/\",\"url\":\"https:\\\/\\\/radioljubuski.ba\\\/index.php\\\/2021\\\/10\\\/13\\\/bjelica-o-novoj-osjeckoj-nadi-on-je-jedan-od-najtalentiranijih\\\/\",\"name\":\"Bjelica o novoj osje\u010dkoj nadi: On je jedan od najtalentiranijih - RADIO LJUBU\u0160KI\",\"isPartOf\":{\"@id\":\"https:\\\/\\\/radioljubuski.ba\\\/#website\"},\"primaryImageOfPage\":{\"@id\":\"https:\\\/\\\/radioljubuski.ba\\\/index.php\\\/2021\\\/10\\\/13\\\/bjelica-o-novoj-osjeckoj-nadi-on-je-jedan-od-najtalentiranijih\\\/#primaryimage\"},\"image\":{\"@id\":\"https:\\\/\\\/radioljubuski.ba\\\/index.php\\\/2021\\\/10\\\/13\\\/bjelica-o-novoj-osjeckoj-nadi-on-je-jedan-od-najtalentiranijih\\\/#primaryimage\"},\"thumbnailUrl\":\"https:\\\/\\\/radioljubuski.ba\\\/wp-content\\\/uploads\\\/2021\\\/10\\\/pxl-031021-90001275-20211012124715.jpg\",\"datePublished\":\"2021-10-13T22:30:24+00:00\",\"dateModified\":\"2021-10-13T22:30:25+00:00\",\"breadcrumb\":{\"@id\":\"https:\\\/\\\/radioljubuski.ba\\\/index.php\\\/2021\\\/10\\\/13\\\/bjelica-o-novoj-osjeckoj-nadi-on-je-jedan-od-najtalentiranijih\\\/#breadcrumb\"},\"inLanguage\":\"hr\",\"potentialAction\":[{\"@type\":\"ReadAction\",\"target\":[\"https:\\\/\\\/radioljubuski.ba\\\/index.php\\\/2021\\\/10\\\/13\\\/bjelica-o-novoj-osjeckoj-nadi-on-je-jedan-od-najtalentiranijih\\\/\"]}]},{\"@type\":\"ImageObject\",\"inLanguage\":\"hr\",\"@id\":\"https:\\\/\\\/radioljubuski.ba\\\/index.php\\\/2021\\\/10\\\/13\\\/bjelica-o-novoj-osjeckoj-nadi-on-je-jedan-od-najtalentiranijih\\\/#primaryimage\",\"url\":\"https:\\\/\\\/radioljubuski.ba\\\/wp-content\\\/uploads\\\/2021\\\/10\\\/pxl-031021-90001275-20211012124715.jpg\",\"contentUrl\":\"https:\\\/\\\/radioljubuski.ba\\\/wp-content\\\/uploads\\\/2021\\\/10\\\/pxl-031021-90001275-20211012124715.jpg\",\"width\":1600,\"height\":1066,\"caption\":\"03.10.2021., stadion Gradski vrt, Osijek - 11. kolo, Hrvatski Telekom Prva liga, NK Osijek - HNK Hajduk. Trener Osijeka Nenad Bjelica.\"},{\"@type\":\"BreadcrumbList\",\"@id\":\"https:\\\/\\\/radioljubuski.ba\\\/index.php\\\/2021\\\/10\\\/13\\\/bjelica-o-novoj-osjeckoj-nadi-on-je-jedan-od-najtalentiranijih\\\/#breadcrumb\",\"itemListElement\":[{\"@type\":\"ListItem\",\"position\":1,\"name\":\"Po\u010detna stranica\",\"item\":\"https:\\\/\\\/radioljubuski.ba\\\/\"},{\"@type\":\"ListItem\",\"position\":2,\"name\":\"Bjelica o novoj osje\u010dkoj nadi: On je jedan od najtalentiranijih\"}]},{\"@type\":\"WebSite\",\"@id\":\"https:\\\/\\\/radioljubuski.ba\\\/#website\",\"url\":\"https:\\\/\\\/radioljubuski.ba\\\/\",\"name\":\"Radio Ljubu\u0161ki\",\"description\":\"Sun\u010dana frekvencija Hercegovine\",\"publisher\":{\"@id\":\"https:\\\/\\\/radioljubuski.ba\\\/#organization\"},\"potentialAction\":[{\"@type\":\"SearchAction\",\"target\":{\"@type\":\"EntryPoint\",\"urlTemplate\":\"https:\\\/\\\/radioljubuski.ba\\\/?s={search_term_string}\"},\"query-input\":{\"@type\":\"PropertyValueSpecification\",\"valueRequired\":true,\"valueName\":\"search_term_string\"}}],\"inLanguage\":\"hr\"},{\"@type\":\"Organization\",\"@id\":\"https:\\\/\\\/radioljubuski.ba\\\/#organization\",\"name\":\"Radio Ljubu\u0161ki\",\"url\":\"https:\\\/\\\/radioljubuski.ba\\\/\",\"logo\":{\"@type\":\"ImageObject\",\"inLanguage\":\"hr\",\"@id\":\"https:\\\/\\\/radioljubuski.ba\\\/#\\\/schema\\\/logo\\\/image\\\/\",\"url\":\"https:\\\/\\\/radioljubuski.ba\\\/wp-content\\\/uploads\\\/2021\\\/02\\\/cropped-Radio_Ljubuski_logo1.jpg\",\"contentUrl\":\"https:\\\/\\\/radioljubuski.ba\\\/wp-content\\\/uploads\\\/2021\\\/02\\\/cropped-Radio_Ljubuski_logo1.jpg\",\"width\":512,\"height\":512,\"caption\":\"Radio Ljubu\u0161ki\"},\"image\":{\"@id\":\"https:\\\/\\\/radioljubuski.ba\\\/#\\\/schema\\\/logo\\\/image\\\/\"},\"sameAs\":[\"https:\\\/\\\/www.facebook.com\\\/Radiio-Ljubuski-1490835324566332\",\"https:\\\/\\\/x.com\\\/radioljubuski\",\"https:\\\/\\\/hr.linkedin.com\\\/company\\\/radio-ljubuski\",\"https:\\\/\\\/www.youtube.com\\\/channel\\\/UCHYaeO_n0Db3tjNGudGpXyw\"]},{\"@type\":\"Person\",\"@id\":\"https:\\\/\\\/radioljubuski.ba\\\/#\\\/schema\\\/person\\\/19fc700381a780f69665d7956c469e3b\",\"name\":\"Radio Ljubu\u0161ki\"}]}<\/script>\n<!-- \/ Yoast SEO plugin. -->","yoast_head_json":{"title":"Bjelica o novoj osje\u010dkoj nadi: On je jedan od najtalentiranijih - RADIO LJUBU\u0160KI","robots":{"index":"index","follow":"follow","max-snippet":"max-snippet:-1","max-image-preview":"max-image-preview:large","max-video-preview":"max-video-preview:-1"},"canonical":"https:\/\/radioljubuski.ba\/index.php\/2021\/10\/13\/bjelica-o-novoj-osjeckoj-nadi-on-je-jedan-od-najtalentiranijih\/","og_locale":"hr_HR","og_type":"article","og_title":"Bjelica o novoj osje\u010dkoj nadi: On je jedan od najtalentiranijih - RADIO LJUBU\u0160KI","og_description":"Mladi hrvatski nogometa\u0161&nbsp;Luka Bran\u0161teter&nbsp;potpisao je trogodi\u0161nji ugovor s NK Osijekom. Svoj nogometni put zapo\u010deo je u Grani\u010daru, a sada je, zahvaljuju\u0107i dobrim igrama u Osijeku II, potpisao i prvi profesionalni ugovor. &#8211; Svaki mladi igra\u010d sanja da potpi\u0161e profesionalni ugovor, a meni se taj san ostvario. Klub mi je ovim \u010dinom dao jak vjetar u [&hellip;]","og_url":"https:\/\/radioljubuski.ba\/index.php\/2021\/10\/13\/bjelica-o-novoj-osjeckoj-nadi-on-je-jedan-od-najtalentiranijih\/","og_site_name":"RADIO LJUBU\u0160KI","article_publisher":"https:\/\/www.facebook.com\/Radiio-Ljubuski-1490835324566332","article_published_time":"2021-10-13T22:30:24+00:00","article_modified_time":"2021-10-13T22:30:25+00:00","og_image":[{"width":1600,"height":1066,"url":"https:\/\/radioljubuski.ba\/wp-content\/uploads\/2021\/10\/pxl-031021-90001275-20211012124715.jpg","type":"image\/jpeg"}],"author":"Radio Ljubu\u0161ki","twitter_card":"summary_large_image","twitter_creator":"@radioljubuski","twitter_site":"@radioljubuski","twitter_misc":{"Napisao\/la":"Radio Ljubu\u0161ki","Procijenjeno vrijeme \u010ditanja":"2 minute"},"schema":{"@context":"https:\/\/schema.org","@graph":[{"@type":"Article","@id":"https:\/\/radioljubuski.ba\/index.php\/2021\/10\/13\/bjelica-o-novoj-osjeckoj-nadi-on-je-jedan-od-najtalentiranijih\/#article","isPartOf":{"@id":"https:\/\/radioljubuski.ba\/index.php\/2021\/10\/13\/bjelica-o-novoj-osjeckoj-nadi-on-je-jedan-od-najtalentiranijih\/"},"author":{"name":"Radio Ljubu\u0161ki","@id":"https:\/\/radioljubuski.ba\/#\/schema\/person\/19fc700381a780f69665d7956c469e3b"},"headline":"Bjelica o novoj osje\u010dkoj nadi: On je jedan od najtalentiranijih","datePublished":"2021-10-13T22:30:24+00:00","dateModified":"2021-10-13T22:30:25+00:00","mainEntityOfPage":{"@id":"https:\/\/radioljubuski.ba\/index.php\/2021\/10\/13\/bjelica-o-novoj-osjeckoj-nadi-on-je-jedan-od-najtalentiranijih\/"},"wordCount":300,"publisher":{"@id":"https:\/\/radioljubuski.ba\/#organization"},"image":{"@id":"https:\/\/radioljubuski.ba\/index.php\/2021\/10\/13\/bjelica-o-novoj-osjeckoj-nadi-on-je-jedan-od-najtalentiranijih\/#primaryimage"},"thumbnailUrl":"https:\/\/radioljubuski.ba\/wp-content\/uploads\/2021\/10\/pxl-031021-90001275-20211012124715.jpg","articleSection":["\u0160port"],"inLanguage":"hr"},{"@type":"WebPage","@id":"https:\/\/radioljubuski.ba\/index.php\/2021\/10\/13\/bjelica-o-novoj-osjeckoj-nadi-on-je-jedan-od-najtalentiranijih\/","url":"https:\/\/radioljubuski.ba\/index.php\/2021\/10\/13\/bjelica-o-novoj-osjeckoj-nadi-on-je-jedan-od-najtalentiranijih\/","name":"Bjelica o novoj osje\u010dkoj nadi: On je jedan od najtalentiranijih - RADIO LJUBU\u0160KI","isPartOf":{"@id":"https:\/\/radioljubuski.ba\/#website"},"primaryImageOfPage":{"@id":"https:\/\/radioljubuski.ba\/index.php\/2021\/10\/13\/bjelica-o-novoj-osjeckoj-nadi-on-je-jedan-od-najtalentiranijih\/#primaryimage"},"image":{"@id":"https:\/\/radioljubuski.ba\/index.php\/2021\/10\/13\/bjelica-o-novoj-osjeckoj-nadi-on-je-jedan-od-najtalentiranijih\/#primaryimage"},"thumbnailUrl":"https:\/\/radioljubuski.ba\/wp-content\/uploads\/2021\/10\/pxl-031021-90001275-20211012124715.jpg","datePublished":"2021-10-13T22:30:24+00:00","dateModified":"2021-10-13T22:30:25+00:00","breadcrumb":{"@id":"https:\/\/radioljubuski.ba\/index.php\/2021\/10\/13\/bjelica-o-novoj-osjeckoj-nadi-on-je-jedan-od-najtalentiranijih\/#breadcrumb"},"inLanguage":"hr","potentialAction":[{"@type":"ReadAction","target":["https:\/\/radioljubuski.ba\/index.php\/2021\/10\/13\/bjelica-o-novoj-osjeckoj-nadi-on-je-jedan-od-najtalentiranijih\/"]}]},{"@type":"ImageObject","inLanguage":"hr","@id":"https:\/\/radioljubuski.ba\/index.php\/2021\/10\/13\/bjelica-o-novoj-osjeckoj-nadi-on-je-jedan-od-najtalentiranijih\/#primaryimage","url":"https:\/\/radioljubuski.ba\/wp-content\/uploads\/2021\/10\/pxl-031021-90001275-20211012124715.jpg","contentUrl":"https:\/\/radioljubuski.ba\/wp-content\/uploads\/2021\/10\/pxl-031021-90001275-20211012124715.jpg","width":1600,"height":1066,"caption":"03.10.2021., stadion Gradski vrt, Osijek - 11. kolo, Hrvatski Telekom Prva liga, NK Osijek - HNK Hajduk. Trener Osijeka Nenad Bjelica."},{"@type":"BreadcrumbList","@id":"https:\/\/radioljubuski.ba\/index.php\/2021\/10\/13\/bjelica-o-novoj-osjeckoj-nadi-on-je-jedan-od-najtalentiranijih\/#breadcrumb","itemListElement":[{"@type":"ListItem","position":1,"name":"Po\u010detna stranica","item":"https:\/\/radioljubuski.ba\/"},{"@type":"ListItem","position":2,"name":"Bjelica o novoj osje\u010dkoj nadi: On je jedan od najtalentiranijih"}]},{"@type":"WebSite","@id":"https:\/\/radioljubuski.ba\/#website","url":"https:\/\/radioljubuski.ba\/","name":"Radio Ljubu\u0161ki","description":"Sun\u010dana frekvencija Hercegovine","publisher":{"@id":"https:\/\/radioljubuski.ba\/#organization"},"potentialAction":[{"@type":"SearchAction","target":{"@type":"EntryPoint","urlTemplate":"https:\/\/radioljubuski.ba\/?s={search_term_string}"},"query-input":{"@type":"PropertyValueSpecification","valueRequired":true,"valueName":"search_term_string"}}],"inLanguage":"hr"},{"@type":"Organization","@id":"https:\/\/radioljubuski.ba\/#organization","name":"Radio Ljubu\u0161ki","url":"https:\/\/radioljubuski.ba\/","logo":{"@type":"ImageObject","inLanguage":"hr","@id":"https:\/\/radioljubuski.ba\/#\/schema\/logo\/image\/","url":"https:\/\/radioljubuski.ba\/wp-content\/uploads\/2021\/02\/cropped-Radio_Ljubuski_logo1.jpg","contentUrl":"https:\/\/radioljubuski.ba\/wp-content\/uploads\/2021\/02\/cropped-Radio_Ljubuski_logo1.jpg","width":512,"height":512,"caption":"Radio Ljubu\u0161ki"},"image":{"@id":"https:\/\/radioljubuski.ba\/#\/schema\/logo\/image\/"},"sameAs":["https:\/\/www.facebook.com\/Radiio-Ljubuski-1490835324566332","https:\/\/x.com\/radioljubuski","https:\/\/hr.linkedin.com\/company\/radio-ljubuski","https:\/\/www.youtube.com\/channel\/UCHYaeO_n0Db3tjNGudGpXyw"]},{"@type":"Person","@id":"https:\/\/radioljubuski.ba\/#\/schema\/person\/19fc700381a780f69665d7956c469e3b","name":"Radio Ljubu\u0161ki"}]}},"_links":{"self":[{"href":"https:\/\/radioljubuski.ba\/index.php\/wp-json\/wp\/v2\/posts\/75350","targetHints":{"allow":["GET"]}}],"collection":[{"href":"https:\/\/radioljubuski.ba\/index.php\/wp-json\/wp\/v2\/posts"}],"about":[{"href":"https:\/\/radioljubuski.ba\/index.php\/wp-json\/wp\/v2\/types\/post"}],"author":[{"embeddable":true,"href":"https:\/\/radioljubuski.ba\/index.php\/wp-json\/wp\/v2\/users\/2"}],"replies":[{"embeddable":true,"href":"https:\/\/radioljubuski.ba\/index.php\/wp-json\/wp\/v2\/comments?post=75350"}],"version-history":[{"count":1,"href":"https:\/\/radioljubuski.ba\/index.php\/wp-json\/wp\/v2\/posts\/75350\/revisions"}],"predecessor-version":[{"id":75352,"href":"https:\/\/radioljubuski.ba\/index.php\/wp-json\/wp\/v2\/posts\/75350\/revisions\/75352"}],"wp:featuredmedia":[{"embeddable":true,"href":"https:\/\/radioljubuski.ba\/index.php\/wp-json\/wp\/v2\/media\/75351"}],"wp:attachment":[{"href":"https:\/\/radioljubuski.ba\/index.php\/wp-json\/wp\/v2\/media?parent=75350"}],"wp:term":[{"taxonomy":"category","embeddable":true,"href":"https:\/\/radioljubuski.ba\/index.php\/wp-json\/wp\/v2\/categories?post=75350"},{"taxonomy":"post_tag","embeddable":true,"href":"https:\/\/radioljubuski.ba\/index.php\/wp-json\/wp\/v2\/tags?post=75350"}],"curies":[{"name":"wp","href":"https:\/\/api.w.org\/{rel}","templated":true}]}}