{"id":75353,"date":"2021-10-13T23:32:43","date_gmt":"2021-10-13T22:32:43","guid":{"rendered":"https:\/\/radioljubuski.ba\/?p=75353"},"modified":"2021-10-13T23:32:44","modified_gmt":"2021-10-13T22:32:44","slug":"roko-simic-pohlepan-sam-htio-sam-jos-jedan-gol","status":"publish","type":"post","link":"https:\/\/radioljubuski.ba\/index.php\/2021\/10\/13\/roko-simic-pohlepan-sam-htio-sam-jos-jedan-gol\/","title":{"rendered":"Roko \u0160imi\u0107: Pohlepan sam, htio sam jo\u0161 jedan gol"},"content":{"rendered":"\n<p><strong>Mlada hrvatska nogometna reprezentacija do 21 godine ubilje\u017eila je i \u010detvrtu uzastopnu pobjedu u skupini A kvalifikacija za EURO svladav\u0161i u Bakuu Azerbajd\u017ean s 5-1 (4-0).<\/strong><\/p>\n\n\n\n<p>&#8211; Dogovorili smo da od prve minute krenemo jako, svi smo krenuli jako. Eto, rezultat je i\u0161ao na na\u0161u korist. \u010cestitam de\u010dkima, rekao je\u00a0<strong>Roko \u0160imi\u0107<\/strong>, trostruki strijelac za Hrvatsku.<br><br>Uz tri \u0160imi\u0107eva gola (9, 13, 44-pen), po jednom su za Hrvatsku zabili<strong>\u00a0Nikola Soldo<\/strong>\u00a0(25) i\u00a0<strong>Josip \u0160utalo<\/strong>\u00a0(81), dok je strijelac za Azerbajd\u017ean bio\u00a0<strong>Musa Gurbanli<\/strong>\u00a0(55pen).<br><br>&#8211; Super je osje\u0107aj, fenomenalan je osje\u0107aj. Rekao sam da sam tek na po\u010detku, no evo bez ekipe s kojom igram ne bi to bilo mogu\u0107e.<\/p>\n\n\n\n<iframe loading=\"lazy\" src=\"https:\/\/www.facebook.com\/plugins\/video.php?height=476&#038;href=https%3A%2F%2Fwww.facebook.com%2FHRTsport%2Fvideos%2F232217355632181%2F&#038;show_text=false&#038;width=476&#038;t=0\" width=\"476\" height=\"476\" style=\"border:none;overflow:hidden\" scrolling=\"no\" frameborder=\"0\" allowfullscreen=\"true\" allow=\"autoplay; clipboard-write; encrypted-media; picture-in-picture; web-share\" allowFullScreen=\"true\"><\/iframe>\n\n\n\n<p>Nedugo prije odlaska na odmor, \u0160imi\u0107 je iz kaznenog udarca upotpunio svoj hat-trick.<\/p>\n\n\n\n<p><br>&#8211; Fala sucu, fala sucu (smijeh). Nije bio penal, ali eto, pohlepan sam, htio sam jo\u0161 jedan gol.<\/p>\n\n\n\n<p><br>Hrvatska vodi na ljestvici s maksimalnih 12 bodova i gol-razlikom 12-3, a druga je Norve\u0161ka s 9 bodova, koliko ima i Austrija s utakmicom vi\u0161e. Hrvatska \u0107e 11. studenoga ugostiti Estoniju, a pet dana poslije gostuje kod Austrije.<\/p>\n\n\n\n<p><br>&#8211; Mi ne gledamo ba\u0161 druge klubove, druge dr\u017eave. Mi se baziramo samo na sebe. \u017delimo sve pobijediti.&nbsp;&nbsp;<\/p>\n\n\n\n<p>Izvor:hrt.hr<\/p>\n","protected":false},"excerpt":{"rendered":"<p>Mlada hrvatska nogometna reprezentacija do 21 godine ubilje\u017eila je i \u010detvrtu uzastopnu pobjedu u skupini A kvalifikacija za EURO svladav\u0161i u Bakuu Azerbajd\u017ean s 5-1 (4-0). &#8211; Dogovorili smo da od prve minute krenemo jako, svi smo krenuli jako. Eto, rezultat je i\u0161ao na na\u0161u korist. \u010cestitam de\u010dkima, rekao je\u00a0Roko \u0160imi\u0107, trostruki strijelac za Hrvatsku. [&hellip;]<\/p>\n","protected":false},"author":2,"featured_media":75354,"comment_status":"closed","ping_status":"closed","sticky":false,"template":"","format":"standard","meta":{"h5ap_radio_sources":[],"footnotes":""},"categories":[7],"tags":[],"class_list":["post-75353","post","type-post","status-publish","format-standard","has-post-thumbnail","hentry","category-sport"],"yoast_head":"<!-- This site is optimized with the Yoast SEO plugin v27.4 - https:\/\/yoast.com\/product\/yoast-seo-wordpress\/ -->\n<title>Roko \u0160imi\u0107: Pohlepan sam, htio sam jo\u0161 jedan gol - RADIO LJUBU\u0160KI<\/title>\n<meta name=\"robots\" content=\"index, follow, max-snippet:-1, max-image-preview:large, max-video-preview:-1\" \/>\n<link rel=\"canonical\" href=\"https:\/\/radioljubuski.ba\/index.php\/2021\/10\/13\/roko-simic-pohlepan-sam-htio-sam-jos-jedan-gol\/\" \/>\n<meta property=\"og:locale\" content=\"hr_HR\" \/>\n<meta property=\"og:type\" content=\"article\" \/>\n<meta property=\"og:title\" content=\"Roko \u0160imi\u0107: Pohlepan sam, htio sam jo\u0161 jedan gol - RADIO LJUBU\u0160KI\" \/>\n<meta property=\"og:description\" content=\"Mlada hrvatska nogometna reprezentacija do 21 godine ubilje\u017eila je i \u010detvrtu uzastopnu pobjedu u skupini A kvalifikacija za EURO svladav\u0161i u Bakuu Azerbajd\u017ean s 5-1 (4-0). &#8211; Dogovorili smo da od prve minute krenemo jako, svi smo krenuli jako. Eto, rezultat je i\u0161ao na na\u0161u korist. \u010cestitam de\u010dkima, rekao je\u00a0Roko \u0160imi\u0107, trostruki strijelac za Hrvatsku. [&hellip;]\" \/>\n<meta property=\"og:url\" content=\"https:\/\/radioljubuski.ba\/index.php\/2021\/10\/13\/roko-simic-pohlepan-sam-htio-sam-jos-jedan-gol\/\" \/>\n<meta property=\"og:site_name\" content=\"RADIO LJUBU\u0160KI\" \/>\n<meta property=\"article:publisher\" content=\"https:\/\/www.facebook.com\/Radiio-Ljubuski-1490835324566332\" \/>\n<meta property=\"article:published_time\" content=\"2021-10-13T22:32:43+00:00\" \/>\n<meta property=\"article:modified_time\" content=\"2021-10-13T22:32:44+00:00\" \/>\n<meta property=\"og:image\" content=\"https:\/\/radioljubuski.ba\/wp-content\/uploads\/2021\/10\/roko-simic-20211012205950.jpg\" \/>\n\t<meta property=\"og:image:width\" content=\"1174\" \/>\n\t<meta property=\"og:image:height\" content=\"684\" \/>\n\t<meta property=\"og:image:type\" content=\"image\/jpeg\" \/>\n<meta name=\"author\" content=\"Radio Ljubu\u0161ki\" \/>\n<meta name=\"twitter:card\" content=\"summary_large_image\" \/>\n<meta name=\"twitter:creator\" content=\"@radioljubuski\" \/>\n<meta name=\"twitter:site\" content=\"@radioljubuski\" \/>\n<meta name=\"twitter:label1\" content=\"Napisao\/la\" \/>\n\t<meta name=\"twitter:data1\" content=\"Radio Ljubu\u0161ki\" \/>\n\t<meta name=\"twitter:label2\" content=\"Procijenjeno vrijeme \u010ditanja\" \/>\n\t<meta name=\"twitter:data2\" content=\"1 minuta\" \/>\n<script type=\"application\/ld+json\" class=\"yoast-schema-graph\">{\"@context\":\"https:\\\/\\\/schema.org\",\"@graph\":[{\"@type\":\"Article\",\"@id\":\"https:\\\/\\\/radioljubuski.ba\\\/index.php\\\/2021\\\/10\\\/13\\\/roko-simic-pohlepan-sam-htio-sam-jos-jedan-gol\\\/#article\",\"isPartOf\":{\"@id\":\"https:\\\/\\\/radioljubuski.ba\\\/index.php\\\/2021\\\/10\\\/13\\\/roko-simic-pohlepan-sam-htio-sam-jos-jedan-gol\\\/\"},\"author\":{\"name\":\"Radio Ljubu\u0161ki\",\"@id\":\"https:\\\/\\\/radioljubuski.ba\\\/#\\\/schema\\\/person\\\/19fc700381a780f69665d7956c469e3b\"},\"headline\":\"Roko \u0160imi\u0107: Pohlepan sam, htio sam jo\u0161 jedan gol\",\"datePublished\":\"2021-10-13T22:32:43+00:00\",\"dateModified\":\"2021-10-13T22:32:44+00:00\",\"mainEntityOfPage\":{\"@id\":\"https:\\\/\\\/radioljubuski.ba\\\/index.php\\\/2021\\\/10\\\/13\\\/roko-simic-pohlepan-sam-htio-sam-jos-jedan-gol\\\/\"},\"wordCount\":219,\"publisher\":{\"@id\":\"https:\\\/\\\/radioljubuski.ba\\\/#organization\"},\"image\":{\"@id\":\"https:\\\/\\\/radioljubuski.ba\\\/index.php\\\/2021\\\/10\\\/13\\\/roko-simic-pohlepan-sam-htio-sam-jos-jedan-gol\\\/#primaryimage\"},\"thumbnailUrl\":\"https:\\\/\\\/radioljubuski.ba\\\/wp-content\\\/uploads\\\/2021\\\/10\\\/roko-simic-20211012205950.jpg\",\"articleSection\":[\"\u0160port\"],\"inLanguage\":\"hr\"},{\"@type\":\"WebPage\",\"@id\":\"https:\\\/\\\/radioljubuski.ba\\\/index.php\\\/2021\\\/10\\\/13\\\/roko-simic-pohlepan-sam-htio-sam-jos-jedan-gol\\\/\",\"url\":\"https:\\\/\\\/radioljubuski.ba\\\/index.php\\\/2021\\\/10\\\/13\\\/roko-simic-pohlepan-sam-htio-sam-jos-jedan-gol\\\/\",\"name\":\"Roko \u0160imi\u0107: Pohlepan sam, htio sam jo\u0161 jedan gol - RADIO LJUBU\u0160KI\",\"isPartOf\":{\"@id\":\"https:\\\/\\\/radioljubuski.ba\\\/#website\"},\"primaryImageOfPage\":{\"@id\":\"https:\\\/\\\/radioljubuski.ba\\\/index.php\\\/2021\\\/10\\\/13\\\/roko-simic-pohlepan-sam-htio-sam-jos-jedan-gol\\\/#primaryimage\"},\"image\":{\"@id\":\"https:\\\/\\\/radioljubuski.ba\\\/index.php\\\/2021\\\/10\\\/13\\\/roko-simic-pohlepan-sam-htio-sam-jos-jedan-gol\\\/#primaryimage\"},\"thumbnailUrl\":\"https:\\\/\\\/radioljubuski.ba\\\/wp-content\\\/uploads\\\/2021\\\/10\\\/roko-simic-20211012205950.jpg\",\"datePublished\":\"2021-10-13T22:32:43+00:00\",\"dateModified\":\"2021-10-13T22:32:44+00:00\",\"breadcrumb\":{\"@id\":\"https:\\\/\\\/radioljubuski.ba\\\/index.php\\\/2021\\\/10\\\/13\\\/roko-simic-pohlepan-sam-htio-sam-jos-jedan-gol\\\/#breadcrumb\"},\"inLanguage\":\"hr\",\"potentialAction\":[{\"@type\":\"ReadAction\",\"target\":[\"https:\\\/\\\/radioljubuski.ba\\\/index.php\\\/2021\\\/10\\\/13\\\/roko-simic-pohlepan-sam-htio-sam-jos-jedan-gol\\\/\"]}]},{\"@type\":\"ImageObject\",\"inLanguage\":\"hr\",\"@id\":\"https:\\\/\\\/radioljubuski.ba\\\/index.php\\\/2021\\\/10\\\/13\\\/roko-simic-pohlepan-sam-htio-sam-jos-jedan-gol\\\/#primaryimage\",\"url\":\"https:\\\/\\\/radioljubuski.ba\\\/wp-content\\\/uploads\\\/2021\\\/10\\\/roko-simic-20211012205950.jpg\",\"contentUrl\":\"https:\\\/\\\/radioljubuski.ba\\\/wp-content\\\/uploads\\\/2021\\\/10\\\/roko-simic-20211012205950.jpg\",\"width\":1174,\"height\":684},{\"@type\":\"BreadcrumbList\",\"@id\":\"https:\\\/\\\/radioljubuski.ba\\\/index.php\\\/2021\\\/10\\\/13\\\/roko-simic-pohlepan-sam-htio-sam-jos-jedan-gol\\\/#breadcrumb\",\"itemListElement\":[{\"@type\":\"ListItem\",\"position\":1,\"name\":\"Po\u010detna stranica\",\"item\":\"https:\\\/\\\/radioljubuski.ba\\\/\"},{\"@type\":\"ListItem\",\"position\":2,\"name\":\"Roko \u0160imi\u0107: Pohlepan sam, htio sam jo\u0161 jedan gol\"}]},{\"@type\":\"WebSite\",\"@id\":\"https:\\\/\\\/radioljubuski.ba\\\/#website\",\"url\":\"https:\\\/\\\/radioljubuski.ba\\\/\",\"name\":\"Radio Ljubu\u0161ki\",\"description\":\"Sun\u010dana frekvencija Hercegovine\",\"publisher\":{\"@id\":\"https:\\\/\\\/radioljubuski.ba\\\/#organization\"},\"potentialAction\":[{\"@type\":\"SearchAction\",\"target\":{\"@type\":\"EntryPoint\",\"urlTemplate\":\"https:\\\/\\\/radioljubuski.ba\\\/?s={search_term_string}\"},\"query-input\":{\"@type\":\"PropertyValueSpecification\",\"valueRequired\":true,\"valueName\":\"search_term_string\"}}],\"inLanguage\":\"hr\"},{\"@type\":\"Organization\",\"@id\":\"https:\\\/\\\/radioljubuski.ba\\\/#organization\",\"name\":\"Radio Ljubu\u0161ki\",\"url\":\"https:\\\/\\\/radioljubuski.ba\\\/\",\"logo\":{\"@type\":\"ImageObject\",\"inLanguage\":\"hr\",\"@id\":\"https:\\\/\\\/radioljubuski.ba\\\/#\\\/schema\\\/logo\\\/image\\\/\",\"url\":\"https:\\\/\\\/radioljubuski.ba\\\/wp-content\\\/uploads\\\/2021\\\/02\\\/cropped-Radio_Ljubuski_logo1.jpg\",\"contentUrl\":\"https:\\\/\\\/radioljubuski.ba\\\/wp-content\\\/uploads\\\/2021\\\/02\\\/cropped-Radio_Ljubuski_logo1.jpg\",\"width\":512,\"height\":512,\"caption\":\"Radio Ljubu\u0161ki\"},\"image\":{\"@id\":\"https:\\\/\\\/radioljubuski.ba\\\/#\\\/schema\\\/logo\\\/image\\\/\"},\"sameAs\":[\"https:\\\/\\\/www.facebook.com\\\/Radiio-Ljubuski-1490835324566332\",\"https:\\\/\\\/x.com\\\/radioljubuski\",\"https:\\\/\\\/hr.linkedin.com\\\/company\\\/radio-ljubuski\",\"https:\\\/\\\/www.youtube.com\\\/channel\\\/UCHYaeO_n0Db3tjNGudGpXyw\"]},{\"@type\":\"Person\",\"@id\":\"https:\\\/\\\/radioljubuski.ba\\\/#\\\/schema\\\/person\\\/19fc700381a780f69665d7956c469e3b\",\"name\":\"Radio Ljubu\u0161ki\"}]}<\/script>\n<!-- \/ Yoast SEO plugin. -->","yoast_head_json":{"title":"Roko \u0160imi\u0107: Pohlepan sam, htio sam jo\u0161 jedan gol - RADIO LJUBU\u0160KI","robots":{"index":"index","follow":"follow","max-snippet":"max-snippet:-1","max-image-preview":"max-image-preview:large","max-video-preview":"max-video-preview:-1"},"canonical":"https:\/\/radioljubuski.ba\/index.php\/2021\/10\/13\/roko-simic-pohlepan-sam-htio-sam-jos-jedan-gol\/","og_locale":"hr_HR","og_type":"article","og_title":"Roko \u0160imi\u0107: Pohlepan sam, htio sam jo\u0161 jedan gol - RADIO LJUBU\u0160KI","og_description":"Mlada hrvatska nogometna reprezentacija do 21 godine ubilje\u017eila je i \u010detvrtu uzastopnu pobjedu u skupini A kvalifikacija za EURO svladav\u0161i u Bakuu Azerbajd\u017ean s 5-1 (4-0). &#8211; Dogovorili smo da od prve minute krenemo jako, svi smo krenuli jako. Eto, rezultat je i\u0161ao na na\u0161u korist. \u010cestitam de\u010dkima, rekao je\u00a0Roko \u0160imi\u0107, trostruki strijelac za Hrvatsku. [&hellip;]","og_url":"https:\/\/radioljubuski.ba\/index.php\/2021\/10\/13\/roko-simic-pohlepan-sam-htio-sam-jos-jedan-gol\/","og_site_name":"RADIO LJUBU\u0160KI","article_publisher":"https:\/\/www.facebook.com\/Radiio-Ljubuski-1490835324566332","article_published_time":"2021-10-13T22:32:43+00:00","article_modified_time":"2021-10-13T22:32:44+00:00","og_image":[{"width":1174,"height":684,"url":"https:\/\/radioljubuski.ba\/wp-content\/uploads\/2021\/10\/roko-simic-20211012205950.jpg","type":"image\/jpeg"}],"author":"Radio Ljubu\u0161ki","twitter_card":"summary_large_image","twitter_creator":"@radioljubuski","twitter_site":"@radioljubuski","twitter_misc":{"Napisao\/la":"Radio Ljubu\u0161ki","Procijenjeno vrijeme \u010ditanja":"1 minuta"},"schema":{"@context":"https:\/\/schema.org","@graph":[{"@type":"Article","@id":"https:\/\/radioljubuski.ba\/index.php\/2021\/10\/13\/roko-simic-pohlepan-sam-htio-sam-jos-jedan-gol\/#article","isPartOf":{"@id":"https:\/\/radioljubuski.ba\/index.php\/2021\/10\/13\/roko-simic-pohlepan-sam-htio-sam-jos-jedan-gol\/"},"author":{"name":"Radio Ljubu\u0161ki","@id":"https:\/\/radioljubuski.ba\/#\/schema\/person\/19fc700381a780f69665d7956c469e3b"},"headline":"Roko \u0160imi\u0107: Pohlepan sam, htio sam jo\u0161 jedan gol","datePublished":"2021-10-13T22:32:43+00:00","dateModified":"2021-10-13T22:32:44+00:00","mainEntityOfPage":{"@id":"https:\/\/radioljubuski.ba\/index.php\/2021\/10\/13\/roko-simic-pohlepan-sam-htio-sam-jos-jedan-gol\/"},"wordCount":219,"publisher":{"@id":"https:\/\/radioljubuski.ba\/#organization"},"image":{"@id":"https:\/\/radioljubuski.ba\/index.php\/2021\/10\/13\/roko-simic-pohlepan-sam-htio-sam-jos-jedan-gol\/#primaryimage"},"thumbnailUrl":"https:\/\/radioljubuski.ba\/wp-content\/uploads\/2021\/10\/roko-simic-20211012205950.jpg","articleSection":["\u0160port"],"inLanguage":"hr"},{"@type":"WebPage","@id":"https:\/\/radioljubuski.ba\/index.php\/2021\/10\/13\/roko-simic-pohlepan-sam-htio-sam-jos-jedan-gol\/","url":"https:\/\/radioljubuski.ba\/index.php\/2021\/10\/13\/roko-simic-pohlepan-sam-htio-sam-jos-jedan-gol\/","name":"Roko \u0160imi\u0107: Pohlepan sam, htio sam jo\u0161 jedan gol - RADIO LJUBU\u0160KI","isPartOf":{"@id":"https:\/\/radioljubuski.ba\/#website"},"primaryImageOfPage":{"@id":"https:\/\/radioljubuski.ba\/index.php\/2021\/10\/13\/roko-simic-pohlepan-sam-htio-sam-jos-jedan-gol\/#primaryimage"},"image":{"@id":"https:\/\/radioljubuski.ba\/index.php\/2021\/10\/13\/roko-simic-pohlepan-sam-htio-sam-jos-jedan-gol\/#primaryimage"},"thumbnailUrl":"https:\/\/radioljubuski.ba\/wp-content\/uploads\/2021\/10\/roko-simic-20211012205950.jpg","datePublished":"2021-10-13T22:32:43+00:00","dateModified":"2021-10-13T22:32:44+00:00","breadcrumb":{"@id":"https:\/\/radioljubuski.ba\/index.php\/2021\/10\/13\/roko-simic-pohlepan-sam-htio-sam-jos-jedan-gol\/#breadcrumb"},"inLanguage":"hr","potentialAction":[{"@type":"ReadAction","target":["https:\/\/radioljubuski.ba\/index.php\/2021\/10\/13\/roko-simic-pohlepan-sam-htio-sam-jos-jedan-gol\/"]}]},{"@type":"ImageObject","inLanguage":"hr","@id":"https:\/\/radioljubuski.ba\/index.php\/2021\/10\/13\/roko-simic-pohlepan-sam-htio-sam-jos-jedan-gol\/#primaryimage","url":"https:\/\/radioljubuski.ba\/wp-content\/uploads\/2021\/10\/roko-simic-20211012205950.jpg","contentUrl":"https:\/\/radioljubuski.ba\/wp-content\/uploads\/2021\/10\/roko-simic-20211012205950.jpg","width":1174,"height":684},{"@type":"BreadcrumbList","@id":"https:\/\/radioljubuski.ba\/index.php\/2021\/10\/13\/roko-simic-pohlepan-sam-htio-sam-jos-jedan-gol\/#breadcrumb","itemListElement":[{"@type":"ListItem","position":1,"name":"Po\u010detna stranica","item":"https:\/\/radioljubuski.ba\/"},{"@type":"ListItem","position":2,"name":"Roko \u0160imi\u0107: Pohlepan sam, htio sam jo\u0161 jedan gol"}]},{"@type":"WebSite","@id":"https:\/\/radioljubuski.ba\/#website","url":"https:\/\/radioljubuski.ba\/","name":"Radio Ljubu\u0161ki","description":"Sun\u010dana frekvencija Hercegovine","publisher":{"@id":"https:\/\/radioljubuski.ba\/#organization"},"potentialAction":[{"@type":"SearchAction","target":{"@type":"EntryPoint","urlTemplate":"https:\/\/radioljubuski.ba\/?s={search_term_string}"},"query-input":{"@type":"PropertyValueSpecification","valueRequired":true,"valueName":"search_term_string"}}],"inLanguage":"hr"},{"@type":"Organization","@id":"https:\/\/radioljubuski.ba\/#organization","name":"Radio Ljubu\u0161ki","url":"https:\/\/radioljubuski.ba\/","logo":{"@type":"ImageObject","inLanguage":"hr","@id":"https:\/\/radioljubuski.ba\/#\/schema\/logo\/image\/","url":"https:\/\/radioljubuski.ba\/wp-content\/uploads\/2021\/02\/cropped-Radio_Ljubuski_logo1.jpg","contentUrl":"https:\/\/radioljubuski.ba\/wp-content\/uploads\/2021\/02\/cropped-Radio_Ljubuski_logo1.jpg","width":512,"height":512,"caption":"Radio Ljubu\u0161ki"},"image":{"@id":"https:\/\/radioljubuski.ba\/#\/schema\/logo\/image\/"},"sameAs":["https:\/\/www.facebook.com\/Radiio-Ljubuski-1490835324566332","https:\/\/x.com\/radioljubuski","https:\/\/hr.linkedin.com\/company\/radio-ljubuski","https:\/\/www.youtube.com\/channel\/UCHYaeO_n0Db3tjNGudGpXyw"]},{"@type":"Person","@id":"https:\/\/radioljubuski.ba\/#\/schema\/person\/19fc700381a780f69665d7956c469e3b","name":"Radio Ljubu\u0161ki"}]}},"_links":{"self":[{"href":"https:\/\/radioljubuski.ba\/index.php\/wp-json\/wp\/v2\/posts\/75353","targetHints":{"allow":["GET"]}}],"collection":[{"href":"https:\/\/radioljubuski.ba\/index.php\/wp-json\/wp\/v2\/posts"}],"about":[{"href":"https:\/\/radioljubuski.ba\/index.php\/wp-json\/wp\/v2\/types\/post"}],"author":[{"embeddable":true,"href":"https:\/\/radioljubuski.ba\/index.php\/wp-json\/wp\/v2\/users\/2"}],"replies":[{"embeddable":true,"href":"https:\/\/radioljubuski.ba\/index.php\/wp-json\/wp\/v2\/comments?post=75353"}],"version-history":[{"count":1,"href":"https:\/\/radioljubuski.ba\/index.php\/wp-json\/wp\/v2\/posts\/75353\/revisions"}],"predecessor-version":[{"id":75355,"href":"https:\/\/radioljubuski.ba\/index.php\/wp-json\/wp\/v2\/posts\/75353\/revisions\/75355"}],"wp:featuredmedia":[{"embeddable":true,"href":"https:\/\/radioljubuski.ba\/index.php\/wp-json\/wp\/v2\/media\/75354"}],"wp:attachment":[{"href":"https:\/\/radioljubuski.ba\/index.php\/wp-json\/wp\/v2\/media?parent=75353"}],"wp:term":[{"taxonomy":"category","embeddable":true,"href":"https:\/\/radioljubuski.ba\/index.php\/wp-json\/wp\/v2\/categories?post=75353"},{"taxonomy":"post_tag","embeddable":true,"href":"https:\/\/radioljubuski.ba\/index.php\/wp-json\/wp\/v2\/tags?post=75353"}],"curies":[{"name":"wp","href":"https:\/\/api.w.org\/{rel}","templated":true}]}}