{"id":75383,"date":"2021-10-13T23:49:53","date_gmt":"2021-10-13T22:49:53","guid":{"rendered":"https:\/\/radioljubuski.ba\/?p=75383"},"modified":"2021-10-13T23:49:54","modified_gmt":"2021-10-13T22:49:54","slug":"hurkacz-i-schwartzman-prvi-cetvrtfinalisti","status":"publish","type":"post","link":"https:\/\/radioljubuski.ba\/index.php\/2021\/10\/13\/hurkacz-i-schwartzman-prvi-cetvrtfinalisti\/","title":{"rendered":"Hurkacz i Schwartzman prvi \u010detvrtfinalisti"},"content":{"rendered":"\n<p><strong>Poljski tenisa\u010d Hubert Hurkacz i Argentinac Diego Schwartzman prva su dva \u010detvrtfinalista ATP turnira Masters 1000 serije u Indian Wellsu, nakon \u0161to su u srijedu ostvarili uvjerljive pobjede u osmini finala.<\/strong><\/p>\n\n\n\n<p>Hurkacz (ATP &#8211; 12.) je sa 6-1, 6-3 za ne\u0161to vi\u0161e od sat vremena svladao Rusa<strong>&nbsp;Aslana Karaceva<\/strong>&nbsp;(ATP &#8211; 23.), dok je Schwartzman (ATP &#8211; 15.) sa 6-3, 6-3 bio bolji od Norve\u017eanina<strong>&nbsp;Caspera Ruuda<\/strong>&nbsp;(ATP &#8211; 10.).<\/p>\n\n\n\n<p>Hurkacz je ovom pobjedom izjedna\u010dio svoj rezultat na BNP Paribas Openu iz 2019. godine, kad je u debiju na ovom turniru u \u010detvrtfinalu pora\u017een od<strong>&nbsp;Rogera Federera<\/strong>. Poljak je ujedno pove\u0107ao i svoje izglede za plasman na zavr\u0161ni turnir osmorice najboljih u ovoj sezoni, a trenuta\u010dno dr\u017ei posljednje mjesto s obzirom na to da je&nbsp;<strong>Rafael Nadal<\/strong>, koji se nalazi ispred njega, zavr\u0161io s igranjem u 2021. godini.<\/p>\n\n\n\n<p>ATP Indian Wells &#8211; osmina finala:<\/p>\n\n\n\n<p>Hubert Hurkacz (Polj\/8) &#8211; Aslan Karacev (Rus\/19) 6-1, 6-3<\/p>\n\n\n\n<p>Diego Schwartzman (Arg\/11) &#8211; Casper Ruud (Nor\/6) 6-3, 6-3<\/p>\n\n\n\n<p>Izvor:hrt.hr<\/p>\n","protected":false},"excerpt":{"rendered":"<p>Poljski tenisa\u010d Hubert Hurkacz i Argentinac Diego Schwartzman prva su dva \u010detvrtfinalista ATP turnira Masters 1000 serije u Indian Wellsu, nakon \u0161to su u srijedu ostvarili uvjerljive pobjede u osmini finala. Hurkacz (ATP &#8211; 12.) je sa 6-1, 6-3 za ne\u0161to vi\u0161e od sat vremena svladao Rusa&nbsp;Aslana Karaceva&nbsp;(ATP &#8211; 23.), dok je Schwartzman (ATP &#8211; [&hellip;]<\/p>\n","protected":false},"author":2,"featured_media":75384,"comment_status":"closed","ping_status":"closed","sticky":false,"template":"","format":"standard","meta":{"h5ap_radio_sources":[],"footnotes":""},"categories":[7],"tags":[],"class_list":["post-75383","post","type-post","status-publish","format-standard","has-post-thumbnail","hentry","category-sport"],"yoast_head":"<!-- This site is optimized with the Yoast SEO plugin v27.4 - https:\/\/yoast.com\/product\/yoast-seo-wordpress\/ -->\n<title>Hurkacz i Schwartzman prvi \u010detvrtfinalisti - RADIO LJUBU\u0160KI<\/title>\n<meta name=\"robots\" content=\"index, follow, max-snippet:-1, max-image-preview:large, max-video-preview:-1\" \/>\n<link rel=\"canonical\" href=\"https:\/\/radioljubuski.ba\/index.php\/2021\/10\/13\/hurkacz-i-schwartzman-prvi-cetvrtfinalisti\/\" \/>\n<meta property=\"og:locale\" content=\"hr_HR\" \/>\n<meta property=\"og:type\" content=\"article\" \/>\n<meta property=\"og:title\" content=\"Hurkacz i Schwartzman prvi \u010detvrtfinalisti - RADIO LJUBU\u0160KI\" \/>\n<meta property=\"og:description\" content=\"Poljski tenisa\u010d Hubert Hurkacz i Argentinac Diego Schwartzman prva su dva \u010detvrtfinalista ATP turnira Masters 1000 serije u Indian Wellsu, nakon \u0161to su u srijedu ostvarili uvjerljive pobjede u osmini finala. Hurkacz (ATP &#8211; 12.) je sa 6-1, 6-3 za ne\u0161to vi\u0161e od sat vremena svladao Rusa&nbsp;Aslana Karaceva&nbsp;(ATP &#8211; 23.), dok je Schwartzman (ATP &#8211; [&hellip;]\" \/>\n<meta property=\"og:url\" content=\"https:\/\/radioljubuski.ba\/index.php\/2021\/10\/13\/hurkacz-i-schwartzman-prvi-cetvrtfinalisti\/\" \/>\n<meta property=\"og:site_name\" content=\"RADIO LJUBU\u0160KI\" \/>\n<meta property=\"article:publisher\" content=\"https:\/\/www.facebook.com\/Radiio-Ljubuski-1490835324566332\" \/>\n<meta property=\"article:published_time\" content=\"2021-10-13T22:49:53+00:00\" \/>\n<meta property=\"article:modified_time\" content=\"2021-10-13T22:49:54+00:00\" \/>\n<meta property=\"og:image\" content=\"https:\/\/radioljubuski.ba\/wp-content\/uploads\/2021\/10\/diego-2021-10-11t202353z-656696502-mt1usatoday16935540-rtrmadp-3-tennis-bnp-paribas-open-day-8-20211013210602.jpg\" \/>\n\t<meta property=\"og:image:width\" content=\"1200\" \/>\n\t<meta property=\"og:image:height\" content=\"801\" \/>\n\t<meta property=\"og:image:type\" content=\"image\/jpeg\" \/>\n<meta name=\"author\" content=\"Radio Ljubu\u0161ki\" \/>\n<meta name=\"twitter:card\" content=\"summary_large_image\" \/>\n<meta name=\"twitter:creator\" content=\"@radioljubuski\" \/>\n<meta name=\"twitter:site\" content=\"@radioljubuski\" \/>\n<meta name=\"twitter:label1\" content=\"Napisao\/la\" \/>\n\t<meta name=\"twitter:data1\" content=\"Radio Ljubu\u0161ki\" \/>\n\t<meta name=\"twitter:label2\" content=\"Procijenjeno vrijeme \u010ditanja\" \/>\n\t<meta name=\"twitter:data2\" content=\"1 minuta\" \/>\n<script type=\"application\/ld+json\" class=\"yoast-schema-graph\">{\"@context\":\"https:\\\/\\\/schema.org\",\"@graph\":[{\"@type\":\"Article\",\"@id\":\"https:\\\/\\\/radioljubuski.ba\\\/index.php\\\/2021\\\/10\\\/13\\\/hurkacz-i-schwartzman-prvi-cetvrtfinalisti\\\/#article\",\"isPartOf\":{\"@id\":\"https:\\\/\\\/radioljubuski.ba\\\/index.php\\\/2021\\\/10\\\/13\\\/hurkacz-i-schwartzman-prvi-cetvrtfinalisti\\\/\"},\"author\":{\"name\":\"Radio Ljubu\u0161ki\",\"@id\":\"https:\\\/\\\/radioljubuski.ba\\\/#\\\/schema\\\/person\\\/19fc700381a780f69665d7956c469e3b\"},\"headline\":\"Hurkacz i Schwartzman prvi \u010detvrtfinalisti\",\"datePublished\":\"2021-10-13T22:49:53+00:00\",\"dateModified\":\"2021-10-13T22:49:54+00:00\",\"mainEntityOfPage\":{\"@id\":\"https:\\\/\\\/radioljubuski.ba\\\/index.php\\\/2021\\\/10\\\/13\\\/hurkacz-i-schwartzman-prvi-cetvrtfinalisti\\\/\"},\"wordCount\":179,\"publisher\":{\"@id\":\"https:\\\/\\\/radioljubuski.ba\\\/#organization\"},\"image\":{\"@id\":\"https:\\\/\\\/radioljubuski.ba\\\/index.php\\\/2021\\\/10\\\/13\\\/hurkacz-i-schwartzman-prvi-cetvrtfinalisti\\\/#primaryimage\"},\"thumbnailUrl\":\"https:\\\/\\\/radioljubuski.ba\\\/wp-content\\\/uploads\\\/2021\\\/10\\\/diego-2021-10-11t202353z-656696502-mt1usatoday16935540-rtrmadp-3-tennis-bnp-paribas-open-day-8-20211013210602.jpg\",\"articleSection\":[\"\u0160port\"],\"inLanguage\":\"hr\"},{\"@type\":\"WebPage\",\"@id\":\"https:\\\/\\\/radioljubuski.ba\\\/index.php\\\/2021\\\/10\\\/13\\\/hurkacz-i-schwartzman-prvi-cetvrtfinalisti\\\/\",\"url\":\"https:\\\/\\\/radioljubuski.ba\\\/index.php\\\/2021\\\/10\\\/13\\\/hurkacz-i-schwartzman-prvi-cetvrtfinalisti\\\/\",\"name\":\"Hurkacz i Schwartzman prvi \u010detvrtfinalisti - RADIO LJUBU\u0160KI\",\"isPartOf\":{\"@id\":\"https:\\\/\\\/radioljubuski.ba\\\/#website\"},\"primaryImageOfPage\":{\"@id\":\"https:\\\/\\\/radioljubuski.ba\\\/index.php\\\/2021\\\/10\\\/13\\\/hurkacz-i-schwartzman-prvi-cetvrtfinalisti\\\/#primaryimage\"},\"image\":{\"@id\":\"https:\\\/\\\/radioljubuski.ba\\\/index.php\\\/2021\\\/10\\\/13\\\/hurkacz-i-schwartzman-prvi-cetvrtfinalisti\\\/#primaryimage\"},\"thumbnailUrl\":\"https:\\\/\\\/radioljubuski.ba\\\/wp-content\\\/uploads\\\/2021\\\/10\\\/diego-2021-10-11t202353z-656696502-mt1usatoday16935540-rtrmadp-3-tennis-bnp-paribas-open-day-8-20211013210602.jpg\",\"datePublished\":\"2021-10-13T22:49:53+00:00\",\"dateModified\":\"2021-10-13T22:49:54+00:00\",\"breadcrumb\":{\"@id\":\"https:\\\/\\\/radioljubuski.ba\\\/index.php\\\/2021\\\/10\\\/13\\\/hurkacz-i-schwartzman-prvi-cetvrtfinalisti\\\/#breadcrumb\"},\"inLanguage\":\"hr\",\"potentialAction\":[{\"@type\":\"ReadAction\",\"target\":[\"https:\\\/\\\/radioljubuski.ba\\\/index.php\\\/2021\\\/10\\\/13\\\/hurkacz-i-schwartzman-prvi-cetvrtfinalisti\\\/\"]}]},{\"@type\":\"ImageObject\",\"inLanguage\":\"hr\",\"@id\":\"https:\\\/\\\/radioljubuski.ba\\\/index.php\\\/2021\\\/10\\\/13\\\/hurkacz-i-schwartzman-prvi-cetvrtfinalisti\\\/#primaryimage\",\"url\":\"https:\\\/\\\/radioljubuski.ba\\\/wp-content\\\/uploads\\\/2021\\\/10\\\/diego-2021-10-11t202353z-656696502-mt1usatoday16935540-rtrmadp-3-tennis-bnp-paribas-open-day-8-20211013210602.jpg\",\"contentUrl\":\"https:\\\/\\\/radioljubuski.ba\\\/wp-content\\\/uploads\\\/2021\\\/10\\\/diego-2021-10-11t202353z-656696502-mt1usatoday16935540-rtrmadp-3-tennis-bnp-paribas-open-day-8-20211013210602.jpg\",\"width\":1200,\"height\":801,\"caption\":\"Oct 11, 2021; Indian Wells, CA, USA; Diego Schwartzman (ARG) hits a shot during his third round match against Daniel Evans (GBR) in the BNP Paribas Open at the Indian Wells Tennis Garden. Mandatory Credit: Jayne Kamin-Oncea-USA TODAY Sports\"},{\"@type\":\"BreadcrumbList\",\"@id\":\"https:\\\/\\\/radioljubuski.ba\\\/index.php\\\/2021\\\/10\\\/13\\\/hurkacz-i-schwartzman-prvi-cetvrtfinalisti\\\/#breadcrumb\",\"itemListElement\":[{\"@type\":\"ListItem\",\"position\":1,\"name\":\"Po\u010detna stranica\",\"item\":\"https:\\\/\\\/radioljubuski.ba\\\/\"},{\"@type\":\"ListItem\",\"position\":2,\"name\":\"Hurkacz i Schwartzman prvi \u010detvrtfinalisti\"}]},{\"@type\":\"WebSite\",\"@id\":\"https:\\\/\\\/radioljubuski.ba\\\/#website\",\"url\":\"https:\\\/\\\/radioljubuski.ba\\\/\",\"name\":\"Radio Ljubu\u0161ki\",\"description\":\"Sun\u010dana frekvencija Hercegovine\",\"publisher\":{\"@id\":\"https:\\\/\\\/radioljubuski.ba\\\/#organization\"},\"potentialAction\":[{\"@type\":\"SearchAction\",\"target\":{\"@type\":\"EntryPoint\",\"urlTemplate\":\"https:\\\/\\\/radioljubuski.ba\\\/?s={search_term_string}\"},\"query-input\":{\"@type\":\"PropertyValueSpecification\",\"valueRequired\":true,\"valueName\":\"search_term_string\"}}],\"inLanguage\":\"hr\"},{\"@type\":\"Organization\",\"@id\":\"https:\\\/\\\/radioljubuski.ba\\\/#organization\",\"name\":\"Radio Ljubu\u0161ki\",\"url\":\"https:\\\/\\\/radioljubuski.ba\\\/\",\"logo\":{\"@type\":\"ImageObject\",\"inLanguage\":\"hr\",\"@id\":\"https:\\\/\\\/radioljubuski.ba\\\/#\\\/schema\\\/logo\\\/image\\\/\",\"url\":\"https:\\\/\\\/radioljubuski.ba\\\/wp-content\\\/uploads\\\/2021\\\/02\\\/cropped-Radio_Ljubuski_logo1.jpg\",\"contentUrl\":\"https:\\\/\\\/radioljubuski.ba\\\/wp-content\\\/uploads\\\/2021\\\/02\\\/cropped-Radio_Ljubuski_logo1.jpg\",\"width\":512,\"height\":512,\"caption\":\"Radio Ljubu\u0161ki\"},\"image\":{\"@id\":\"https:\\\/\\\/radioljubuski.ba\\\/#\\\/schema\\\/logo\\\/image\\\/\"},\"sameAs\":[\"https:\\\/\\\/www.facebook.com\\\/Radiio-Ljubuski-1490835324566332\",\"https:\\\/\\\/x.com\\\/radioljubuski\",\"https:\\\/\\\/hr.linkedin.com\\\/company\\\/radio-ljubuski\",\"https:\\\/\\\/www.youtube.com\\\/channel\\\/UCHYaeO_n0Db3tjNGudGpXyw\"]},{\"@type\":\"Person\",\"@id\":\"https:\\\/\\\/radioljubuski.ba\\\/#\\\/schema\\\/person\\\/19fc700381a780f69665d7956c469e3b\",\"name\":\"Radio Ljubu\u0161ki\"}]}<\/script>\n<!-- \/ Yoast SEO plugin. -->","yoast_head_json":{"title":"Hurkacz i Schwartzman prvi \u010detvrtfinalisti - RADIO LJUBU\u0160KI","robots":{"index":"index","follow":"follow","max-snippet":"max-snippet:-1","max-image-preview":"max-image-preview:large","max-video-preview":"max-video-preview:-1"},"canonical":"https:\/\/radioljubuski.ba\/index.php\/2021\/10\/13\/hurkacz-i-schwartzman-prvi-cetvrtfinalisti\/","og_locale":"hr_HR","og_type":"article","og_title":"Hurkacz i Schwartzman prvi \u010detvrtfinalisti - RADIO LJUBU\u0160KI","og_description":"Poljski tenisa\u010d Hubert Hurkacz i Argentinac Diego Schwartzman prva su dva \u010detvrtfinalista ATP turnira Masters 1000 serije u Indian Wellsu, nakon \u0161to su u srijedu ostvarili uvjerljive pobjede u osmini finala. Hurkacz (ATP &#8211; 12.) je sa 6-1, 6-3 za ne\u0161to vi\u0161e od sat vremena svladao Rusa&nbsp;Aslana Karaceva&nbsp;(ATP &#8211; 23.), dok je Schwartzman (ATP &#8211; [&hellip;]","og_url":"https:\/\/radioljubuski.ba\/index.php\/2021\/10\/13\/hurkacz-i-schwartzman-prvi-cetvrtfinalisti\/","og_site_name":"RADIO LJUBU\u0160KI","article_publisher":"https:\/\/www.facebook.com\/Radiio-Ljubuski-1490835324566332","article_published_time":"2021-10-13T22:49:53+00:00","article_modified_time":"2021-10-13T22:49:54+00:00","og_image":[{"width":1200,"height":801,"url":"https:\/\/radioljubuski.ba\/wp-content\/uploads\/2021\/10\/diego-2021-10-11t202353z-656696502-mt1usatoday16935540-rtrmadp-3-tennis-bnp-paribas-open-day-8-20211013210602.jpg","type":"image\/jpeg"}],"author":"Radio Ljubu\u0161ki","twitter_card":"summary_large_image","twitter_creator":"@radioljubuski","twitter_site":"@radioljubuski","twitter_misc":{"Napisao\/la":"Radio Ljubu\u0161ki","Procijenjeno vrijeme \u010ditanja":"1 minuta"},"schema":{"@context":"https:\/\/schema.org","@graph":[{"@type":"Article","@id":"https:\/\/radioljubuski.ba\/index.php\/2021\/10\/13\/hurkacz-i-schwartzman-prvi-cetvrtfinalisti\/#article","isPartOf":{"@id":"https:\/\/radioljubuski.ba\/index.php\/2021\/10\/13\/hurkacz-i-schwartzman-prvi-cetvrtfinalisti\/"},"author":{"name":"Radio Ljubu\u0161ki","@id":"https:\/\/radioljubuski.ba\/#\/schema\/person\/19fc700381a780f69665d7956c469e3b"},"headline":"Hurkacz i Schwartzman prvi \u010detvrtfinalisti","datePublished":"2021-10-13T22:49:53+00:00","dateModified":"2021-10-13T22:49:54+00:00","mainEntityOfPage":{"@id":"https:\/\/radioljubuski.ba\/index.php\/2021\/10\/13\/hurkacz-i-schwartzman-prvi-cetvrtfinalisti\/"},"wordCount":179,"publisher":{"@id":"https:\/\/radioljubuski.ba\/#organization"},"image":{"@id":"https:\/\/radioljubuski.ba\/index.php\/2021\/10\/13\/hurkacz-i-schwartzman-prvi-cetvrtfinalisti\/#primaryimage"},"thumbnailUrl":"https:\/\/radioljubuski.ba\/wp-content\/uploads\/2021\/10\/diego-2021-10-11t202353z-656696502-mt1usatoday16935540-rtrmadp-3-tennis-bnp-paribas-open-day-8-20211013210602.jpg","articleSection":["\u0160port"],"inLanguage":"hr"},{"@type":"WebPage","@id":"https:\/\/radioljubuski.ba\/index.php\/2021\/10\/13\/hurkacz-i-schwartzman-prvi-cetvrtfinalisti\/","url":"https:\/\/radioljubuski.ba\/index.php\/2021\/10\/13\/hurkacz-i-schwartzman-prvi-cetvrtfinalisti\/","name":"Hurkacz i Schwartzman prvi \u010detvrtfinalisti - RADIO LJUBU\u0160KI","isPartOf":{"@id":"https:\/\/radioljubuski.ba\/#website"},"primaryImageOfPage":{"@id":"https:\/\/radioljubuski.ba\/index.php\/2021\/10\/13\/hurkacz-i-schwartzman-prvi-cetvrtfinalisti\/#primaryimage"},"image":{"@id":"https:\/\/radioljubuski.ba\/index.php\/2021\/10\/13\/hurkacz-i-schwartzman-prvi-cetvrtfinalisti\/#primaryimage"},"thumbnailUrl":"https:\/\/radioljubuski.ba\/wp-content\/uploads\/2021\/10\/diego-2021-10-11t202353z-656696502-mt1usatoday16935540-rtrmadp-3-tennis-bnp-paribas-open-day-8-20211013210602.jpg","datePublished":"2021-10-13T22:49:53+00:00","dateModified":"2021-10-13T22:49:54+00:00","breadcrumb":{"@id":"https:\/\/radioljubuski.ba\/index.php\/2021\/10\/13\/hurkacz-i-schwartzman-prvi-cetvrtfinalisti\/#breadcrumb"},"inLanguage":"hr","potentialAction":[{"@type":"ReadAction","target":["https:\/\/radioljubuski.ba\/index.php\/2021\/10\/13\/hurkacz-i-schwartzman-prvi-cetvrtfinalisti\/"]}]},{"@type":"ImageObject","inLanguage":"hr","@id":"https:\/\/radioljubuski.ba\/index.php\/2021\/10\/13\/hurkacz-i-schwartzman-prvi-cetvrtfinalisti\/#primaryimage","url":"https:\/\/radioljubuski.ba\/wp-content\/uploads\/2021\/10\/diego-2021-10-11t202353z-656696502-mt1usatoday16935540-rtrmadp-3-tennis-bnp-paribas-open-day-8-20211013210602.jpg","contentUrl":"https:\/\/radioljubuski.ba\/wp-content\/uploads\/2021\/10\/diego-2021-10-11t202353z-656696502-mt1usatoday16935540-rtrmadp-3-tennis-bnp-paribas-open-day-8-20211013210602.jpg","width":1200,"height":801,"caption":"Oct 11, 2021; Indian Wells, CA, USA; Diego Schwartzman (ARG) hits a shot during his third round match against Daniel Evans (GBR) in the BNP Paribas Open at the Indian Wells Tennis Garden. Mandatory Credit: Jayne Kamin-Oncea-USA TODAY Sports"},{"@type":"BreadcrumbList","@id":"https:\/\/radioljubuski.ba\/index.php\/2021\/10\/13\/hurkacz-i-schwartzman-prvi-cetvrtfinalisti\/#breadcrumb","itemListElement":[{"@type":"ListItem","position":1,"name":"Po\u010detna stranica","item":"https:\/\/radioljubuski.ba\/"},{"@type":"ListItem","position":2,"name":"Hurkacz i Schwartzman prvi \u010detvrtfinalisti"}]},{"@type":"WebSite","@id":"https:\/\/radioljubuski.ba\/#website","url":"https:\/\/radioljubuski.ba\/","name":"Radio Ljubu\u0161ki","description":"Sun\u010dana frekvencija Hercegovine","publisher":{"@id":"https:\/\/radioljubuski.ba\/#organization"},"potentialAction":[{"@type":"SearchAction","target":{"@type":"EntryPoint","urlTemplate":"https:\/\/radioljubuski.ba\/?s={search_term_string}"},"query-input":{"@type":"PropertyValueSpecification","valueRequired":true,"valueName":"search_term_string"}}],"inLanguage":"hr"},{"@type":"Organization","@id":"https:\/\/radioljubuski.ba\/#organization","name":"Radio Ljubu\u0161ki","url":"https:\/\/radioljubuski.ba\/","logo":{"@type":"ImageObject","inLanguage":"hr","@id":"https:\/\/radioljubuski.ba\/#\/schema\/logo\/image\/","url":"https:\/\/radioljubuski.ba\/wp-content\/uploads\/2021\/02\/cropped-Radio_Ljubuski_logo1.jpg","contentUrl":"https:\/\/radioljubuski.ba\/wp-content\/uploads\/2021\/02\/cropped-Radio_Ljubuski_logo1.jpg","width":512,"height":512,"caption":"Radio Ljubu\u0161ki"},"image":{"@id":"https:\/\/radioljubuski.ba\/#\/schema\/logo\/image\/"},"sameAs":["https:\/\/www.facebook.com\/Radiio-Ljubuski-1490835324566332","https:\/\/x.com\/radioljubuski","https:\/\/hr.linkedin.com\/company\/radio-ljubuski","https:\/\/www.youtube.com\/channel\/UCHYaeO_n0Db3tjNGudGpXyw"]},{"@type":"Person","@id":"https:\/\/radioljubuski.ba\/#\/schema\/person\/19fc700381a780f69665d7956c469e3b","name":"Radio Ljubu\u0161ki"}]}},"_links":{"self":[{"href":"https:\/\/radioljubuski.ba\/index.php\/wp-json\/wp\/v2\/posts\/75383","targetHints":{"allow":["GET"]}}],"collection":[{"href":"https:\/\/radioljubuski.ba\/index.php\/wp-json\/wp\/v2\/posts"}],"about":[{"href":"https:\/\/radioljubuski.ba\/index.php\/wp-json\/wp\/v2\/types\/post"}],"author":[{"embeddable":true,"href":"https:\/\/radioljubuski.ba\/index.php\/wp-json\/wp\/v2\/users\/2"}],"replies":[{"embeddable":true,"href":"https:\/\/radioljubuski.ba\/index.php\/wp-json\/wp\/v2\/comments?post=75383"}],"version-history":[{"count":1,"href":"https:\/\/radioljubuski.ba\/index.php\/wp-json\/wp\/v2\/posts\/75383\/revisions"}],"predecessor-version":[{"id":75385,"href":"https:\/\/radioljubuski.ba\/index.php\/wp-json\/wp\/v2\/posts\/75383\/revisions\/75385"}],"wp:featuredmedia":[{"embeddable":true,"href":"https:\/\/radioljubuski.ba\/index.php\/wp-json\/wp\/v2\/media\/75384"}],"wp:attachment":[{"href":"https:\/\/radioljubuski.ba\/index.php\/wp-json\/wp\/v2\/media?parent=75383"}],"wp:term":[{"taxonomy":"category","embeddable":true,"href":"https:\/\/radioljubuski.ba\/index.php\/wp-json\/wp\/v2\/categories?post=75383"},{"taxonomy":"post_tag","embeddable":true,"href":"https:\/\/radioljubuski.ba\/index.php\/wp-json\/wp\/v2\/tags?post=75383"}],"curies":[{"name":"wp","href":"https:\/\/api.w.org\/{rel}","templated":true}]}}