{"id":75416,"date":"2021-10-14T01:00:27","date_gmt":"2021-10-14T00:00:27","guid":{"rendered":"https:\/\/radioljubuski.ba\/?p=75416"},"modified":"2021-10-14T01:00:28","modified_gmt":"2021-10-14T00:00:28","slug":"predstavljanje-knjige-na-putu-bez-povratka-on-the-road-of-no-return-autora-dusana-kalogjere","status":"publish","type":"post","link":"https:\/\/radioljubuski.ba\/index.php\/2021\/10\/14\/predstavljanje-knjige-na-putu-bez-povratka-on-the-road-of-no-return-autora-dusana-kalogjere\/","title":{"rendered":"Predstavljanje knjige Na putu bez povratka \/ On The Road Of No Return autora Du\u0161ana Kalogjere"},"content":{"rendered":"\n<p>Hrvatska matica iseljenika najavila je sve\u010dano predstavljanje knjige Na putu bez povratka \/ On The Road Of No Return autora Du\u0161ana Kalogjere koje \u0107e se odr\u017eati u \u010detvrtak, 14. listopada 2021. u 13 sati u&nbsp;<a href=\"https:\/\/matis.hr\/\">HMI<\/a>, na Trgu Stjepana Radi\u0107a 3, Zagreb.<\/p>\n\n\n\n<p>Pozdravne rije\u010di i osvrt na knjigu kazat \u0107e ravnatelj Hrvatske matice iseljenika profesor Mijo Mari\u0107. Knjigu \u0107e predstaviti povjesni\u010dar dr. sc. Ivan Hrsti\u0107 iz zagreba\u010dkoga Instituta dru\u0161tvenih znanosti Ivo Pilar; te profesorica Mirjana Ana Maria Piskuli\u0107, rukovoditeljica Informacijskog odjela za iseljeni\u0161tvo HMI-ja kao i autor Du\u0161an Kalogjera. Prigodni glazbeni program: Roko Radovan, tenor. Voditeljica promocije: Vesna Kukavica.<\/p>\n\n\n\n<p>Spomen-knjiga na hrvatskome i engleskome jeziku o Hrvatskom klubu \u201eDalmacija-Sydney\u201d, fascinantnog opsega od 920 stranica velikog enciklopedijskog formata,&nbsp; donosi bogatu arhivsku gra\u0111u s nizom izvornih dokumenata o doprinosu ove istaknute iseljeni\u010dke dru\u0161tvene i kulturne organizacije, kako domicilnoj zajednici u Australiji tako i domovini Hrvatskoj. Utemeljitelji Kluba bili su ve\u0107inom porijeklom iz Blata na Kor\u010duli. Klub je punih 55 godina, dijele\u0107i sudbinu svoga naroda, redovito organizirao manifestacije, \u0161ire\u0107i poslovna prijateljstva i kulturne veze s gostoljubivim doma\u0107inima u Australiji. Divot izdanje u slici i rije\u010di, zahvaljuju\u0107i kreativnom Kalogjerinom autorskom timu kao i&nbsp; pouzdanom savjetniku ovog nakladni\u010dkog projekta Ivanu Gavrani\u0107u Sinaku obra\u0111uje mnogo vi\u0161e od obi\u010dne spomen \u2013 knjige iseljeni\u010dkog dru\u0161tva, rekonstruiraju\u0107i migrantsku mre\u017eu zavi\u010dajne dalmatinske sredine juga Hrvatske i Australije \u010diji je ljudski lanac trajno povezao ova dva udaljena svijeta.<\/p>\n\n\n\n<p><em>Izvor: narod.hr\/ Hrvatska matica iseljenika<\/em><\/p>\n","protected":false},"excerpt":{"rendered":"<p>Hrvatska matica iseljenika najavila je sve\u010dano predstavljanje knjige Na putu bez povratka \/ On The Road Of No Return autora Du\u0161ana Kalogjere koje \u0107e se odr\u017eati u \u010detvrtak, 14. listopada 2021. u 13 sati u&nbsp;HMI, na Trgu Stjepana Radi\u0107a 3, Zagreb. Pozdravne rije\u010di i osvrt na knjigu kazat \u0107e ravnatelj Hrvatske matice iseljenika profesor Mijo [&hellip;]<\/p>\n","protected":false},"author":2,"featured_media":75417,"comment_status":"closed","ping_status":"closed","sticky":false,"template":"","format":"standard","meta":{"h5ap_radio_sources":[],"footnotes":""},"categories":[1],"tags":[],"class_list":["post-75416","post","type-post","status-publish","format-standard","has-post-thumbnail","hentry","category-bihiregija"],"yoast_head":"<!-- This site is optimized with the Yoast SEO plugin v27.4 - https:\/\/yoast.com\/product\/yoast-seo-wordpress\/ -->\n<title>Predstavljanje knjige Na putu bez povratka \/ On The Road Of No Return autora Du\u0161ana Kalogjere - RADIO LJUBU\u0160KI<\/title>\n<meta name=\"robots\" content=\"index, follow, max-snippet:-1, max-image-preview:large, max-video-preview:-1\" \/>\n<link rel=\"canonical\" href=\"https:\/\/radioljubuski.ba\/index.php\/2021\/10\/14\/predstavljanje-knjige-na-putu-bez-povratka-on-the-road-of-no-return-autora-dusana-kalogjere\/\" \/>\n<meta property=\"og:locale\" content=\"hr_HR\" \/>\n<meta property=\"og:type\" content=\"article\" \/>\n<meta property=\"og:title\" content=\"Predstavljanje knjige Na putu bez povratka \/ On The Road Of No Return autora Du\u0161ana Kalogjere - RADIO LJUBU\u0160KI\" \/>\n<meta property=\"og:description\" content=\"Hrvatska matica iseljenika najavila je sve\u010dano predstavljanje knjige Na putu bez povratka \/ On The Road Of No Return autora Du\u0161ana Kalogjere koje \u0107e se odr\u017eati u \u010detvrtak, 14. listopada 2021. u 13 sati u&nbsp;HMI, na Trgu Stjepana Radi\u0107a 3, Zagreb. Pozdravne rije\u010di i osvrt na knjigu kazat \u0107e ravnatelj Hrvatske matice iseljenika profesor Mijo [&hellip;]\" \/>\n<meta property=\"og:url\" content=\"https:\/\/radioljubuski.ba\/index.php\/2021\/10\/14\/predstavljanje-knjige-na-putu-bez-povratka-on-the-road-of-no-return-autora-dusana-kalogjere\/\" \/>\n<meta property=\"og:site_name\" content=\"RADIO LJUBU\u0160KI\" \/>\n<meta property=\"article:publisher\" content=\"https:\/\/www.facebook.com\/Radiio-Ljubuski-1490835324566332\" \/>\n<meta property=\"article:published_time\" content=\"2021-10-14T00:00:27+00:00\" \/>\n<meta property=\"article:modified_time\" content=\"2021-10-14T00:00:28+00:00\" \/>\n<meta property=\"og:image\" content=\"https:\/\/radioljubuski.ba\/wp-content\/uploads\/2021\/10\/NASLOVNICA-1-696x1014-1.jpg\" \/>\n\t<meta property=\"og:image:width\" content=\"696\" \/>\n\t<meta property=\"og:image:height\" content=\"1014\" \/>\n\t<meta property=\"og:image:type\" content=\"image\/jpeg\" \/>\n<meta name=\"author\" content=\"Radio Ljubu\u0161ki\" \/>\n<meta name=\"twitter:card\" content=\"summary_large_image\" \/>\n<meta name=\"twitter:creator\" content=\"@radioljubuski\" \/>\n<meta name=\"twitter:site\" content=\"@radioljubuski\" \/>\n<meta name=\"twitter:label1\" content=\"Napisao\/la\" \/>\n\t<meta name=\"twitter:data1\" content=\"Radio Ljubu\u0161ki\" \/>\n\t<meta name=\"twitter:label2\" content=\"Procijenjeno vrijeme \u010ditanja\" \/>\n\t<meta name=\"twitter:data2\" content=\"2 minute\" \/>\n<script type=\"application\/ld+json\" class=\"yoast-schema-graph\">{\"@context\":\"https:\\\/\\\/schema.org\",\"@graph\":[{\"@type\":\"Article\",\"@id\":\"https:\\\/\\\/radioljubuski.ba\\\/index.php\\\/2021\\\/10\\\/14\\\/predstavljanje-knjige-na-putu-bez-povratka-on-the-road-of-no-return-autora-dusana-kalogjere\\\/#article\",\"isPartOf\":{\"@id\":\"https:\\\/\\\/radioljubuski.ba\\\/index.php\\\/2021\\\/10\\\/14\\\/predstavljanje-knjige-na-putu-bez-povratka-on-the-road-of-no-return-autora-dusana-kalogjere\\\/\"},\"author\":{\"name\":\"Radio Ljubu\u0161ki\",\"@id\":\"https:\\\/\\\/radioljubuski.ba\\\/#\\\/schema\\\/person\\\/19fc700381a780f69665d7956c469e3b\"},\"headline\":\"Predstavljanje knjige Na putu bez povratka \\\/ On The Road Of No Return autora Du\u0161ana Kalogjere\",\"datePublished\":\"2021-10-14T00:00:27+00:00\",\"dateModified\":\"2021-10-14T00:00:28+00:00\",\"mainEntityOfPage\":{\"@id\":\"https:\\\/\\\/radioljubuski.ba\\\/index.php\\\/2021\\\/10\\\/14\\\/predstavljanje-knjige-na-putu-bez-povratka-on-the-road-of-no-return-autora-dusana-kalogjere\\\/\"},\"wordCount\":274,\"publisher\":{\"@id\":\"https:\\\/\\\/radioljubuski.ba\\\/#organization\"},\"image\":{\"@id\":\"https:\\\/\\\/radioljubuski.ba\\\/index.php\\\/2021\\\/10\\\/14\\\/predstavljanje-knjige-na-putu-bez-povratka-on-the-road-of-no-return-autora-dusana-kalogjere\\\/#primaryimage\"},\"thumbnailUrl\":\"https:\\\/\\\/radioljubuski.ba\\\/wp-content\\\/uploads\\\/2021\\\/10\\\/NASLOVNICA-1-696x1014-1.jpg\",\"articleSection\":[\"BIH i regija\"],\"inLanguage\":\"hr\"},{\"@type\":\"WebPage\",\"@id\":\"https:\\\/\\\/radioljubuski.ba\\\/index.php\\\/2021\\\/10\\\/14\\\/predstavljanje-knjige-na-putu-bez-povratka-on-the-road-of-no-return-autora-dusana-kalogjere\\\/\",\"url\":\"https:\\\/\\\/radioljubuski.ba\\\/index.php\\\/2021\\\/10\\\/14\\\/predstavljanje-knjige-na-putu-bez-povratka-on-the-road-of-no-return-autora-dusana-kalogjere\\\/\",\"name\":\"Predstavljanje knjige Na putu bez povratka \\\/ On The Road Of No Return autora Du\u0161ana Kalogjere - RADIO LJUBU\u0160KI\",\"isPartOf\":{\"@id\":\"https:\\\/\\\/radioljubuski.ba\\\/#website\"},\"primaryImageOfPage\":{\"@id\":\"https:\\\/\\\/radioljubuski.ba\\\/index.php\\\/2021\\\/10\\\/14\\\/predstavljanje-knjige-na-putu-bez-povratka-on-the-road-of-no-return-autora-dusana-kalogjere\\\/#primaryimage\"},\"image\":{\"@id\":\"https:\\\/\\\/radioljubuski.ba\\\/index.php\\\/2021\\\/10\\\/14\\\/predstavljanje-knjige-na-putu-bez-povratka-on-the-road-of-no-return-autora-dusana-kalogjere\\\/#primaryimage\"},\"thumbnailUrl\":\"https:\\\/\\\/radioljubuski.ba\\\/wp-content\\\/uploads\\\/2021\\\/10\\\/NASLOVNICA-1-696x1014-1.jpg\",\"datePublished\":\"2021-10-14T00:00:27+00:00\",\"dateModified\":\"2021-10-14T00:00:28+00:00\",\"breadcrumb\":{\"@id\":\"https:\\\/\\\/radioljubuski.ba\\\/index.php\\\/2021\\\/10\\\/14\\\/predstavljanje-knjige-na-putu-bez-povratka-on-the-road-of-no-return-autora-dusana-kalogjere\\\/#breadcrumb\"},\"inLanguage\":\"hr\",\"potentialAction\":[{\"@type\":\"ReadAction\",\"target\":[\"https:\\\/\\\/radioljubuski.ba\\\/index.php\\\/2021\\\/10\\\/14\\\/predstavljanje-knjige-na-putu-bez-povratka-on-the-road-of-no-return-autora-dusana-kalogjere\\\/\"]}]},{\"@type\":\"ImageObject\",\"inLanguage\":\"hr\",\"@id\":\"https:\\\/\\\/radioljubuski.ba\\\/index.php\\\/2021\\\/10\\\/14\\\/predstavljanje-knjige-na-putu-bez-povratka-on-the-road-of-no-return-autora-dusana-kalogjere\\\/#primaryimage\",\"url\":\"https:\\\/\\\/radioljubuski.ba\\\/wp-content\\\/uploads\\\/2021\\\/10\\\/NASLOVNICA-1-696x1014-1.jpg\",\"contentUrl\":\"https:\\\/\\\/radioljubuski.ba\\\/wp-content\\\/uploads\\\/2021\\\/10\\\/NASLOVNICA-1-696x1014-1.jpg\",\"width\":696,\"height\":1014},{\"@type\":\"BreadcrumbList\",\"@id\":\"https:\\\/\\\/radioljubuski.ba\\\/index.php\\\/2021\\\/10\\\/14\\\/predstavljanje-knjige-na-putu-bez-povratka-on-the-road-of-no-return-autora-dusana-kalogjere\\\/#breadcrumb\",\"itemListElement\":[{\"@type\":\"ListItem\",\"position\":1,\"name\":\"Po\u010detna stranica\",\"item\":\"https:\\\/\\\/radioljubuski.ba\\\/\"},{\"@type\":\"ListItem\",\"position\":2,\"name\":\"Predstavljanje knjige Na putu bez povratka \\\/ On The Road Of No Return autora Du\u0161ana Kalogjere\"}]},{\"@type\":\"WebSite\",\"@id\":\"https:\\\/\\\/radioljubuski.ba\\\/#website\",\"url\":\"https:\\\/\\\/radioljubuski.ba\\\/\",\"name\":\"Radio Ljubu\u0161ki\",\"description\":\"Sun\u010dana frekvencija Hercegovine\",\"publisher\":{\"@id\":\"https:\\\/\\\/radioljubuski.ba\\\/#organization\"},\"potentialAction\":[{\"@type\":\"SearchAction\",\"target\":{\"@type\":\"EntryPoint\",\"urlTemplate\":\"https:\\\/\\\/radioljubuski.ba\\\/?s={search_term_string}\"},\"query-input\":{\"@type\":\"PropertyValueSpecification\",\"valueRequired\":true,\"valueName\":\"search_term_string\"}}],\"inLanguage\":\"hr\"},{\"@type\":\"Organization\",\"@id\":\"https:\\\/\\\/radioljubuski.ba\\\/#organization\",\"name\":\"Radio Ljubu\u0161ki\",\"url\":\"https:\\\/\\\/radioljubuski.ba\\\/\",\"logo\":{\"@type\":\"ImageObject\",\"inLanguage\":\"hr\",\"@id\":\"https:\\\/\\\/radioljubuski.ba\\\/#\\\/schema\\\/logo\\\/image\\\/\",\"url\":\"https:\\\/\\\/radioljubuski.ba\\\/wp-content\\\/uploads\\\/2021\\\/02\\\/cropped-Radio_Ljubuski_logo1.jpg\",\"contentUrl\":\"https:\\\/\\\/radioljubuski.ba\\\/wp-content\\\/uploads\\\/2021\\\/02\\\/cropped-Radio_Ljubuski_logo1.jpg\",\"width\":512,\"height\":512,\"caption\":\"Radio Ljubu\u0161ki\"},\"image\":{\"@id\":\"https:\\\/\\\/radioljubuski.ba\\\/#\\\/schema\\\/logo\\\/image\\\/\"},\"sameAs\":[\"https:\\\/\\\/www.facebook.com\\\/Radiio-Ljubuski-1490835324566332\",\"https:\\\/\\\/x.com\\\/radioljubuski\",\"https:\\\/\\\/hr.linkedin.com\\\/company\\\/radio-ljubuski\",\"https:\\\/\\\/www.youtube.com\\\/channel\\\/UCHYaeO_n0Db3tjNGudGpXyw\"]},{\"@type\":\"Person\",\"@id\":\"https:\\\/\\\/radioljubuski.ba\\\/#\\\/schema\\\/person\\\/19fc700381a780f69665d7956c469e3b\",\"name\":\"Radio Ljubu\u0161ki\"}]}<\/script>\n<!-- \/ Yoast SEO plugin. -->","yoast_head_json":{"title":"Predstavljanje knjige Na putu bez povratka \/ On The Road Of No Return autora Du\u0161ana Kalogjere - RADIO LJUBU\u0160KI","robots":{"index":"index","follow":"follow","max-snippet":"max-snippet:-1","max-image-preview":"max-image-preview:large","max-video-preview":"max-video-preview:-1"},"canonical":"https:\/\/radioljubuski.ba\/index.php\/2021\/10\/14\/predstavljanje-knjige-na-putu-bez-povratka-on-the-road-of-no-return-autora-dusana-kalogjere\/","og_locale":"hr_HR","og_type":"article","og_title":"Predstavljanje knjige Na putu bez povratka \/ On The Road Of No Return autora Du\u0161ana Kalogjere - RADIO LJUBU\u0160KI","og_description":"Hrvatska matica iseljenika najavila je sve\u010dano predstavljanje knjige Na putu bez povratka \/ On The Road Of No Return autora Du\u0161ana Kalogjere koje \u0107e se odr\u017eati u \u010detvrtak, 14. listopada 2021. u 13 sati u&nbsp;HMI, na Trgu Stjepana Radi\u0107a 3, Zagreb. Pozdravne rije\u010di i osvrt na knjigu kazat \u0107e ravnatelj Hrvatske matice iseljenika profesor Mijo [&hellip;]","og_url":"https:\/\/radioljubuski.ba\/index.php\/2021\/10\/14\/predstavljanje-knjige-na-putu-bez-povratka-on-the-road-of-no-return-autora-dusana-kalogjere\/","og_site_name":"RADIO LJUBU\u0160KI","article_publisher":"https:\/\/www.facebook.com\/Radiio-Ljubuski-1490835324566332","article_published_time":"2021-10-14T00:00:27+00:00","article_modified_time":"2021-10-14T00:00:28+00:00","og_image":[{"width":696,"height":1014,"url":"https:\/\/radioljubuski.ba\/wp-content\/uploads\/2021\/10\/NASLOVNICA-1-696x1014-1.jpg","type":"image\/jpeg"}],"author":"Radio Ljubu\u0161ki","twitter_card":"summary_large_image","twitter_creator":"@radioljubuski","twitter_site":"@radioljubuski","twitter_misc":{"Napisao\/la":"Radio Ljubu\u0161ki","Procijenjeno vrijeme \u010ditanja":"2 minute"},"schema":{"@context":"https:\/\/schema.org","@graph":[{"@type":"Article","@id":"https:\/\/radioljubuski.ba\/index.php\/2021\/10\/14\/predstavljanje-knjige-na-putu-bez-povratka-on-the-road-of-no-return-autora-dusana-kalogjere\/#article","isPartOf":{"@id":"https:\/\/radioljubuski.ba\/index.php\/2021\/10\/14\/predstavljanje-knjige-na-putu-bez-povratka-on-the-road-of-no-return-autora-dusana-kalogjere\/"},"author":{"name":"Radio Ljubu\u0161ki","@id":"https:\/\/radioljubuski.ba\/#\/schema\/person\/19fc700381a780f69665d7956c469e3b"},"headline":"Predstavljanje knjige Na putu bez povratka \/ On The Road Of No Return autora Du\u0161ana Kalogjere","datePublished":"2021-10-14T00:00:27+00:00","dateModified":"2021-10-14T00:00:28+00:00","mainEntityOfPage":{"@id":"https:\/\/radioljubuski.ba\/index.php\/2021\/10\/14\/predstavljanje-knjige-na-putu-bez-povratka-on-the-road-of-no-return-autora-dusana-kalogjere\/"},"wordCount":274,"publisher":{"@id":"https:\/\/radioljubuski.ba\/#organization"},"image":{"@id":"https:\/\/radioljubuski.ba\/index.php\/2021\/10\/14\/predstavljanje-knjige-na-putu-bez-povratka-on-the-road-of-no-return-autora-dusana-kalogjere\/#primaryimage"},"thumbnailUrl":"https:\/\/radioljubuski.ba\/wp-content\/uploads\/2021\/10\/NASLOVNICA-1-696x1014-1.jpg","articleSection":["BIH i regija"],"inLanguage":"hr"},{"@type":"WebPage","@id":"https:\/\/radioljubuski.ba\/index.php\/2021\/10\/14\/predstavljanje-knjige-na-putu-bez-povratka-on-the-road-of-no-return-autora-dusana-kalogjere\/","url":"https:\/\/radioljubuski.ba\/index.php\/2021\/10\/14\/predstavljanje-knjige-na-putu-bez-povratka-on-the-road-of-no-return-autora-dusana-kalogjere\/","name":"Predstavljanje knjige Na putu bez povratka \/ On The Road Of No Return autora Du\u0161ana Kalogjere - RADIO LJUBU\u0160KI","isPartOf":{"@id":"https:\/\/radioljubuski.ba\/#website"},"primaryImageOfPage":{"@id":"https:\/\/radioljubuski.ba\/index.php\/2021\/10\/14\/predstavljanje-knjige-na-putu-bez-povratka-on-the-road-of-no-return-autora-dusana-kalogjere\/#primaryimage"},"image":{"@id":"https:\/\/radioljubuski.ba\/index.php\/2021\/10\/14\/predstavljanje-knjige-na-putu-bez-povratka-on-the-road-of-no-return-autora-dusana-kalogjere\/#primaryimage"},"thumbnailUrl":"https:\/\/radioljubuski.ba\/wp-content\/uploads\/2021\/10\/NASLOVNICA-1-696x1014-1.jpg","datePublished":"2021-10-14T00:00:27+00:00","dateModified":"2021-10-14T00:00:28+00:00","breadcrumb":{"@id":"https:\/\/radioljubuski.ba\/index.php\/2021\/10\/14\/predstavljanje-knjige-na-putu-bez-povratka-on-the-road-of-no-return-autora-dusana-kalogjere\/#breadcrumb"},"inLanguage":"hr","potentialAction":[{"@type":"ReadAction","target":["https:\/\/radioljubuski.ba\/index.php\/2021\/10\/14\/predstavljanje-knjige-na-putu-bez-povratka-on-the-road-of-no-return-autora-dusana-kalogjere\/"]}]},{"@type":"ImageObject","inLanguage":"hr","@id":"https:\/\/radioljubuski.ba\/index.php\/2021\/10\/14\/predstavljanje-knjige-na-putu-bez-povratka-on-the-road-of-no-return-autora-dusana-kalogjere\/#primaryimage","url":"https:\/\/radioljubuski.ba\/wp-content\/uploads\/2021\/10\/NASLOVNICA-1-696x1014-1.jpg","contentUrl":"https:\/\/radioljubuski.ba\/wp-content\/uploads\/2021\/10\/NASLOVNICA-1-696x1014-1.jpg","width":696,"height":1014},{"@type":"BreadcrumbList","@id":"https:\/\/radioljubuski.ba\/index.php\/2021\/10\/14\/predstavljanje-knjige-na-putu-bez-povratka-on-the-road-of-no-return-autora-dusana-kalogjere\/#breadcrumb","itemListElement":[{"@type":"ListItem","position":1,"name":"Po\u010detna stranica","item":"https:\/\/radioljubuski.ba\/"},{"@type":"ListItem","position":2,"name":"Predstavljanje knjige Na putu bez povratka \/ On The Road Of No Return autora Du\u0161ana Kalogjere"}]},{"@type":"WebSite","@id":"https:\/\/radioljubuski.ba\/#website","url":"https:\/\/radioljubuski.ba\/","name":"Radio Ljubu\u0161ki","description":"Sun\u010dana frekvencija Hercegovine","publisher":{"@id":"https:\/\/radioljubuski.ba\/#organization"},"potentialAction":[{"@type":"SearchAction","target":{"@type":"EntryPoint","urlTemplate":"https:\/\/radioljubuski.ba\/?s={search_term_string}"},"query-input":{"@type":"PropertyValueSpecification","valueRequired":true,"valueName":"search_term_string"}}],"inLanguage":"hr"},{"@type":"Organization","@id":"https:\/\/radioljubuski.ba\/#organization","name":"Radio Ljubu\u0161ki","url":"https:\/\/radioljubuski.ba\/","logo":{"@type":"ImageObject","inLanguage":"hr","@id":"https:\/\/radioljubuski.ba\/#\/schema\/logo\/image\/","url":"https:\/\/radioljubuski.ba\/wp-content\/uploads\/2021\/02\/cropped-Radio_Ljubuski_logo1.jpg","contentUrl":"https:\/\/radioljubuski.ba\/wp-content\/uploads\/2021\/02\/cropped-Radio_Ljubuski_logo1.jpg","width":512,"height":512,"caption":"Radio Ljubu\u0161ki"},"image":{"@id":"https:\/\/radioljubuski.ba\/#\/schema\/logo\/image\/"},"sameAs":["https:\/\/www.facebook.com\/Radiio-Ljubuski-1490835324566332","https:\/\/x.com\/radioljubuski","https:\/\/hr.linkedin.com\/company\/radio-ljubuski","https:\/\/www.youtube.com\/channel\/UCHYaeO_n0Db3tjNGudGpXyw"]},{"@type":"Person","@id":"https:\/\/radioljubuski.ba\/#\/schema\/person\/19fc700381a780f69665d7956c469e3b","name":"Radio Ljubu\u0161ki"}]}},"_links":{"self":[{"href":"https:\/\/radioljubuski.ba\/index.php\/wp-json\/wp\/v2\/posts\/75416","targetHints":{"allow":["GET"]}}],"collection":[{"href":"https:\/\/radioljubuski.ba\/index.php\/wp-json\/wp\/v2\/posts"}],"about":[{"href":"https:\/\/radioljubuski.ba\/index.php\/wp-json\/wp\/v2\/types\/post"}],"author":[{"embeddable":true,"href":"https:\/\/radioljubuski.ba\/index.php\/wp-json\/wp\/v2\/users\/2"}],"replies":[{"embeddable":true,"href":"https:\/\/radioljubuski.ba\/index.php\/wp-json\/wp\/v2\/comments?post=75416"}],"version-history":[{"count":1,"href":"https:\/\/radioljubuski.ba\/index.php\/wp-json\/wp\/v2\/posts\/75416\/revisions"}],"predecessor-version":[{"id":75418,"href":"https:\/\/radioljubuski.ba\/index.php\/wp-json\/wp\/v2\/posts\/75416\/revisions\/75418"}],"wp:featuredmedia":[{"embeddable":true,"href":"https:\/\/radioljubuski.ba\/index.php\/wp-json\/wp\/v2\/media\/75417"}],"wp:attachment":[{"href":"https:\/\/radioljubuski.ba\/index.php\/wp-json\/wp\/v2\/media?parent=75416"}],"wp:term":[{"taxonomy":"category","embeddable":true,"href":"https:\/\/radioljubuski.ba\/index.php\/wp-json\/wp\/v2\/categories?post=75416"},{"taxonomy":"post_tag","embeddable":true,"href":"https:\/\/radioljubuski.ba\/index.php\/wp-json\/wp\/v2\/tags?post=75416"}],"curies":[{"name":"wp","href":"https:\/\/api.w.org\/{rel}","templated":true}]}}