{"id":75431,"date":"2021-10-14T01:11:20","date_gmt":"2021-10-14T00:11:20","guid":{"rendered":"https:\/\/radioljubuski.ba\/?p=75431"},"modified":"2021-10-14T01:11:21","modified_gmt":"2021-10-14T00:11:21","slug":"smrt-15-godisnjeg-gimnazijalca-zbog-nelijecenog-dijabetesa-sokirala-je-javnost-dr-sc-ivana-unic-sabasov-pomaze-kako-prepoznati-secernu-bolest-kod-djeteta","status":"publish","type":"post","link":"https:\/\/radioljubuski.ba\/index.php\/2021\/10\/14\/smrt-15-godisnjeg-gimnazijalca-zbog-nelijecenog-dijabetesa-sokirala-je-javnost-dr-sc-ivana-unic-sabasov-pomaze-kako-prepoznati-secernu-bolest-kod-djeteta\/","title":{"rendered":"Smrt 15-godi\u0161njeg gimnazijalca zbog nelije\u010denog dijabetesa \u0161okirala je javnost. Dr. sc. Ivana Uni\u0107 \u0160aba\u0161ov poma\u017ee: kako prepoznati \u0161e\u0107ernu bolest kod djeteta?"},"content":{"rendered":"\n<p>Tragi\u010dna sudbina 15-godi\u0161njeg gimnazijalca koji je preminuo u pulskoj bolnici zbog upale plu\u0107a i dijabetesa koji nije lije\u010den na adekvatan na\u010din \u0161okirala je javnost, a nevjerojatno zvu\u010di da roditelji nisu znali da im dijete boluje od \u0161e\u0107erne bolesti.<\/p>\n\n\n\n<p>Da bismo pomogli roditeljima \u010dije se dijete mo\u017eda tako\u0111er suo\u010dava s ovom &#8220;tihom&#8221; bolesti kako bi je na vrijeme prepoznali i lije\u010denje povjerili stru\u010dnjacima, potra\u017eili smo odgovore na najva\u017enija pitanja.<\/p>\n\n\n\n<p>Jeste li primijetili da se va\u0161e dijete pretjerano umara, \u010desto mokri i osje\u0107a izrazitu \u017ee\u0111&#8230;?<\/p>\n\n\n\n<p>Mogu\u0107e je da ima problema s razinom \u0161e\u0107era u krvi, a va\u0161 je zadatak da nau\u010dite kako prepoznati simptome i kako pomo\u0107i, jer alarmantno raste broj oboljele djece u svijetu i u Hrvatskoj.<\/p>\n\n\n\n<p>\u0160to uzrokuje dijabetes, i koliko je \u0161e\u0107erna bolest prisutna kod djece u svijetu i Hrvatskoj, pitamo doc. prim. dr. sc.&nbsp;<strong>Ivanu Uni\u0107 \u0160aba\u0161ov,<\/strong>&nbsp;pedijatricu, subspecijalisticu pedijatrijske endokrinologije i dijabetesa na Klinici za dje\u010dje bolesti KBC Split.<\/p>\n\n\n\n<p>&#8211; Dijabetes mellitus &#8211; DM tip 1 je autoimuna kroni\u010dna bolest, karakterizirana visokom razinom glukoze u krvi, koja je posljedica razaranja stanica gu\u0161tera\u010de zadu\u017eenih za proizvodnju hormona inzulina koji regulira razinu glukoze u krvi.<\/p>\n\n\n\n<p>Proces razaranja stanica gu\u0161tera\u010de vodi do ograni\u010denog ili kompletnog prestanka proizvodnje i izlu\u010divanja inzulina.<\/p>\n\n\n\n<p>Trenutno jo\u0161 uvijek jedini na\u010din lije\u010denja bolesnika s ovim tipom dijabetesa i doslovce spa\u0161avanja njihovih \u017eivota je primjena inzulinske terapije ili, kako se u narodu ka\u017ee, primjena inzulina.<\/p>\n\n\n\n<p>Od DM tip1 naj\u010de\u0161\u0107e obolijevaju djeca i adolescenti. U\u010destalost pojavljivanja DM tipa 1 u zadnjih 50 godina raste u cijelom svijetu. Posebno je interesantno da se uo\u010dava sve \u010de\u0161\u0107a pojava bolesti u sve mla\u0111e djece, posebno u one mla\u0111e od 5 godina.<\/p>\n\n\n\n<p>Izrazito je visoka pojavnost u skandinavskim zemljama, npr. u Finskoj, gdje je 1950. godine na 100.000 stanovnika obolijevalo njih 10 od dijabetesa tipa 1, a 2015. vi\u0161e od 60 stanovnika.<\/p>\n\n\n\n<p>Alarmantni su podaci i za na\u0161u zemlju. U razdoblju od 1995. do 2003. godine pojavnost DM tipa 1 kod djece u dobi do 14 godina je bila je 8,9 na 100.000 stanovnika, dok je u razdoblju od 2004. do 2012. godine iznosila 17,2,\u0161to je porast od skoro 6 posto godi\u0161nje, a to je iznad europskog prosjeka od 3.9 posto.<\/p>\n\n\n\n<p>Hrvatska, dakle, po ovim pokazateljima spada u grupu zemalja s visokim rizikom za nastanak DM tipa 1.<\/p>\n\n\n\n<p>Drugim rije\u010dima, svake godine se u Hrvatskoj dijagnosticira od 130 do 160 djece s novootkrivenom \u0161e\u0107ernom bolesti, a u KBC-u Split na Klinici za dje\u010dje bolesti se godi\u0161nje u prosjeku dijagnosticira DM tip 1 u 30 do 35 djece i adolescenata.<\/p>\n\n\n\n<h2 class=\"wp-block-heading\">\u017dE\u0110, MOKRENJE, GUBITAK KILA\u017dE&#8230;<\/h2>\n\n\n\n<p><strong>Koji su prvi znakovi dijabetesa koje mogu prepoznati roditelji i odgajatelji?<\/strong><\/p>\n\n\n\n<p>&#8211; Tipi\u010dni simptomi dijabetesa su poja\u010dano \u017ee\u0111anje, poja\u010dano mokrenje tijekom dana, iznenadna pojava no\u0107nog mokrenja te gubitak na tjelesnoj te\u017eini usprkos poja\u010danom apetitu. Tu su i drugi manje specifi\u010dni znakovi i simptomi, kao npr. umor i slabost.<\/p>\n\n\n\n<p>DM tip 1 bolest se javlja naglo, i ako nije na vrijeme prepoznata, vrlo brzo nakon pojave prvih znakova bolesti bolesnik mo\u017ee razviti za \u017eivot opasno stanje koje se zove dijabeti\u010dka ketoacidoza.<\/p>\n\n\n\n<figure class=\"wp-block-image\"><img decoding=\"async\" src=\"https:\/\/static.slobodnadalmacija.hr\/images\/slike\/2021\/10\/08\/19570778.jpg?1634158505\" alt=\"image\"\/><\/figure>\n\n\n\n<p>To stanje se javlja u razli\u010ditim zemljama razli\u010ditom pojavno\u0161\u0107u. U znanstvenoj literaturi podaci variraju: u nekim zemljama dijabeti\u010dka ketoacidoza se javlja vrlo rijetko, a u nekim je vrlo visoka pojavnost tog opasnog stanja. U posljednjih 15 godina 33 posto novootkrivenih \u0161e\u0107ernih bolesnika primljenih u Kliniku za dje\u010dje bolesti je bilo u stanju dijabeti\u010dke ketoacidoze.\u017e<\/p>\n\n\n\n<p>Simptomi ketoacidoze su mu\u010dnina i povra\u0107anje, bol u trbuhu, duboko i ubrzano disanje, ubrzani otkucaji srca, a ukoliko takvo stanje potraje, mo\u017ee nastupiti poreme\u0107aj stanja svijesti, koma i na kraju smrt.<\/p>\n\n\n\n<p>Najva\u017enije je ovdje ipak naglasiti da iako suvremena medicina ne mo\u017ee sprije\u010diti nastanak DM tipa 1, prepoznavanjem na vrijeme tipi\u010dnih znakova, odnosno simptoma se ipak mo\u017ee sprije\u010diti nastanak dijabeti\u010dke ketoacidoze i tako se mo\u017ee spasiti \u017eivot.<\/p>\n\n\n\n<p><strong>Koja je najni\u017ea dobna granica u kojoj djeca mogu oboljeti od dijabetesa tipa 2?<\/strong><\/p>\n\n\n\n<p>&#8211; Donedavno se pojava dijabetesa tipa 2 vezivala samo uz stariju dob. Taj tip dijabetesa, za razliku od DM T1, mo\u017ee biti dugo neprepoznat.<\/p>\n\n\n\n<p>Me\u0111utim, danas svjedo\u010dimo da se ta tako\u0111er kroni\u010dna bolest mo\u017ee pojaviti i u djece i adolescenata te da isti rizi\u010dni \u010dimbenici koji pove\u0107avaju rizik od te bolesti u odraslih osoba su isti rizi\u010dni \u010dimbenici prisutni i u djece i adolescenata.<\/p>\n\n\n\n<p>Jo\u0161 se to\u010dno ne zna koji je uzrok DM tipa 1, a kod tipa 2 najzna\u010dajniju ulogu u razvoju te bolesti imaju genetska predispozicija, pretilost i slaba tjelesna aktivnost.<\/p>\n\n\n\n<p><strong>Kako se lije\u010di dijabetes u dje\u010djoj dobi i jesu li danas dostupni svi suvremeni lijekovi, inzulinske pumpe?<\/strong><\/p>\n\n\n\n<p>&#8211; Glede lije\u010denja, ova dva tipa dijabetesa se i razli\u010dito lije\u010de. U slu\u010daju DM tipa 1 neophodna je i nu\u017ena terapija inzulinom. DM 1 se lije\u010di prvenstveno inzulinom.<\/p>\n\n\n\n<p>Pri tome dijete prima u prosjeku na dan \u010detiri ili vi\u0161e potko\u017enih injekcija inzulina, od kojih je obi\u010dno jedna potrebna za pokrivanje tzv. vlastite (endogene) proizvodnje glukoze, dok se ostale injekcije inzulina primjenjuju prije svakog obroka.<\/p>\n\n\n\n<p>Moram naglasiti da su svi suvremeni tipovi inzulina, odnosno aplikatora inzulina dostupni i u na\u0161oj zemlji, kao i tzv. inzulinske pumpe.<\/p>\n\n\n\n<p><strong>Kako dr\u017eati bolest pod kontrolom?<\/strong><\/p>\n\n\n\n<p>&#8211; Za dobru kontrolu bolesti va\u017eno je svakodnevno, vi\u0161ekratno mjerenje glukoze u krvi &#8211; minimalno je prije svakog obroka, prije spavanja, te povremeno no\u0107u. U vrlo male djece broj mjerenja glukoze nekad je ve\u0107i od 10 puta na dan.<\/p>\n\n\n\n<p>U tu svrhu danas u Hrvatskoj pored uobi\u010dajenih glukometara imamo na raspolaganju i najsuvremenije tehnologije koje olak\u0161avaju odre\u0111ivanje razine glukoze u krvi; to su sustavi za pra\u0107enje glukoze u krvi, kojima se mo\u017ee brzo i bezbolno o\u010ditati razina glukoze skeniranjem tzv. senzora, \u010dak i preko odje\u0107e.<\/p>\n\n\n\n<p>Va\u017eno je i naglasiti da uz primjenu terapije inzulinom te kontrolu glukoze u krvi va\u017enu ulogu u lije\u010denju ima primjena pravilne, zdrave prehrane i redovita tjelesna aktivnost. To su jednako va\u017ene karike u lancu postizanja dobre regulacije DM tipa 1 kao i sama primjena inzulina.<\/p>\n\n\n\n<p><strong>Koje su sve nu\u017ene promjene u \u017eivotu djeteta s dijabetesom?<\/strong><\/p>\n\n\n\n<p>&#8211; Da, nu\u017ene su promjene i to su onda promjene koje zahtijevaju prilagodbu svih \u010dlanova obitelji na nove uvjete \u017eivota s dijabetesom.<\/p>\n\n\n\n<p>Naravno, po\u010detni period \u017eivota, odmah nakon postavljanja dijagnoze je zahtjevan i za dijete, ali i za roditelje. Tako npr. roditelji mogu imati probleme s uskla\u0111ivanjem brige za dijete i svojih drugih obaveza kao \u0161to su posao, dru\u0161tveni \u017eivot, financije, itd. te posljedi\u010dno mogu biti izlo\u017eeni ve\u0107em stupnju stresa.<\/p>\n\n\n\n<p>O\u010dekivano je da nakon nekog vremena ve\u0107ina obitelji malih dijabeti\u010dara funkcionira potpuno normalno te da ipak najve\u0107i broj djece dijabeti\u010dara ima sretno i mirno djetinjstvo.<\/p>\n\n\n\n<p><strong>Koliko je va\u017ena pravilna prehrana?<\/strong><\/p>\n\n\n\n<p>&#8211; Sama prehrana djeteta s dijabetesom nije nikakva dijeta ve\u0107 se jednostavno radi o sasvim normalnom jelovniku kao i kod djece koja ne boluju od dijabetesa.<\/p>\n\n\n\n<p>Dakle, to je raznovrsna i zdrava prehrana, podijeljena kroz obroke i me\u0111uobroke, a uklju\u010duje i vo\u0107e, i povr\u0107e, mlije\u010dne proizvode, masno\u0107e, meso i ribu te i sve vrste ugljikohidrata.<\/p>\n\n\n\n<p>Naravno da za sve nas nisu dobri tzv. &#8220;koncentrirani&#8221; ugljikohidrati (slatki\u0161i i sl.), pa to vrijedi i za djecu dijabeti\u010dare.<\/p>\n\n\n\n<h2 class=\"wp-block-heading\">BAVLJENJE SPORTOM? SVAKAKO!<\/h2>\n\n\n\n<p><strong>Mogu li djeca kod koje je bolest dobro regulirana normalno \u017eivjeti, baviti se sportom i drugim aktivnostima kao i njihovi vr\u0161njaci?<\/strong><\/p>\n\n\n\n<p>&#8211; Dakle, po\u017eeljno je da se sva djeca dijabeti\u010dari, a ne samo dobro regulirani dijabeti\u010dari, bave sportom kao i njihovi vr\u0161njaci, odnosno da budu tjelesno aktivni.<\/p>\n\n\n\n<p><strong>Postoje li komplikacije dijabetesa za op\u0107e zdravstveno stanje?<\/strong><\/p>\n\n\n\n<p>&#8211; Osnovne komplikacije DM-a mogu se podijeliti u akutne i kroni\u010dne, odnosno one se javljaju uglavnom zbog slabe regulacije razine glukoze u krvi. To za posljedicu mo\u017ee imati poreme\u0107aj funkcije i o\u0161te\u0107enje i velikih i malih krvnih \u017eila te o\u0161te\u0107enja \u017eivaca, \u0161to nazivamo neuropatija. Poznato je da lo\u0161e regulirani dijabeti\u010dari mogu imati o\u0161te\u0107enja o\u010diju i bubrega, itd.<\/p>\n\n\n\n<p>S druge strane DM tip 2, inzulin neovisni dijabetes melitus, u djece i adolescenata je postao va\u017ean javno zdravstveni problem u cijelom svijetu.<\/p>\n\n\n\n<figure class=\"wp-block-image\"><img decoding=\"async\" src=\"https:\/\/static.slobodnadalmacija.hr\/images\/slike\/2021\/10\/08\/19570772.jpg?1634158505\" alt=\"image\"\/><\/figure>\n\n\n\n<p>U Hrvatskoj je u\u010destalost ovog oblika dijabetesa zna\u010dajno manja od DM tipa 1, ali se o\u010dekuje da sve ve\u0107i broj mladih oboli i od ovog oblika dijabetesa s obzirom na porast broja pretile djece i adolescenata. Na ovaj tip DM je prije otpadalo otprilike do 5 posto od ukupnog broja novooboljelih dijabeti\u010dara, a danas je ve\u0107 u SAD-u vi\u0161e od 30 posto novodijagnosticiranih bolesnika s DM tipa 2, upravo zbog toga jer se DM tipa 2 povezuje s porastom broja pretilih mladih osoba.<\/p>\n\n\n\n<p>Posebno je zabrinjavaju\u0107i podatak da su u ovih bolesnika ranije prisutni rizi\u010dni \u010dimbenici za razvoj kardiovaskularne bolesti, a to su poreme\u0107aji metabolizma masti te povi\u0161en krvni tlak.<\/p>\n\n\n\n<p>Time se ne samo pove\u0107ava pobol od kroni\u010dnih nezaraznih bolesti, ve\u0107 se pove\u0107ava i stopa smrtnosti te zna\u010dajno skra\u0107uje \u017eivotni vijek, \u0161to je vrlo zabrinjavaju\u0107i podatak.<\/p>\n\n\n\n<p>DM tipa 2 se lije\u010di redovitom tjelesnom aktivnosti, pravilnom prehranom, a nerijetko se i u djece primjenjuju i lijekovi koji poma\u017eu regulaciji razine glukoze u krvi. I na kraju, i kod djece i adolescenata s DM tipom 2 mo\u017ee se primijeniti i sam inzulin preko inzulinskih injekcija.<\/p>\n\n\n\n<p><strong>Je li epidemija debljine, pa tako i dijabetesa, zapravo posljedica modernog na\u010dina \u017eivota?<\/strong><\/p>\n\n\n\n<p>&#8211; Vrlo \u010desto danas se poku\u0161ava nametnuti mi\u0161ljenje da je problem debljine i dijabetesa problem pojedinca, odnosno da je nastanak debljine i DM tipa 2 rezultat lo\u0161ih \u017eivotnih navika.<\/p>\n\n\n\n<p>Me\u0111utim, mi svi skupa svjedo\u010dimo koje su sve negativne posljedice suvremenog, ubrzanog na\u010dina \u017eivota. Djeca i adolescenti svakim danom sve vi\u0161e postaju &#8220;\u017ertve&#8221;&#8216; modernizacije i napretka dru\u0161tva te njihova debljina ili dijabetes je u direktnoj vezi sa sveprisutnom hranom i napicima, umanjenom tjelesnom aktivnosti, uz sve vi\u0161e \u0161kolskih obaveza, sjedila\u010dki na\u010din \u017eivota i masovno i dugotrajno kori\u0161tenje svih vrsta &#8220;ekrana&#8221;&#8216; za \u0161kolske i izvan\u0161kolske aktivnosti, itd.<\/p>\n\n\n\n<p><a href=\"https:\/\/slobodnadalmacija.hr\/autor\/javorka-luetic-3141\"><strong>PI\u0160E&nbsp;<\/strong>JAVORKA LUETI\u0106<\/a>\/slobodnadalmacija.hr<\/p>\n","protected":false},"excerpt":{"rendered":"<p>Tragi\u010dna sudbina 15-godi\u0161njeg gimnazijalca koji je preminuo u pulskoj bolnici zbog upale plu\u0107a i dijabetesa koji nije lije\u010den na adekvatan na\u010din \u0161okirala je javnost, a nevjerojatno zvu\u010di da roditelji nisu znali da im dijete boluje od \u0161e\u0107erne bolesti. Da bismo pomogli roditeljima \u010dije se dijete mo\u017eda tako\u0111er suo\u010dava s ovom &#8220;tihom&#8221; bolesti kako bi je [&hellip;]<\/p>\n","protected":false},"author":2,"featured_media":75432,"comment_status":"closed","ping_status":"closed","sticky":false,"template":"","format":"standard","meta":{"h5ap_radio_sources":[],"footnotes":""},"categories":[1],"tags":[],"class_list":["post-75431","post","type-post","status-publish","format-standard","has-post-thumbnail","hentry","category-bihiregija"],"yoast_head":"<!-- This site is optimized with the Yoast SEO plugin v27.4 - https:\/\/yoast.com\/product\/yoast-seo-wordpress\/ -->\n<title>Smrt 15-godi\u0161njeg gimnazijalca zbog nelije\u010denog dijabetesa \u0161okirala je javnost. Dr. sc. Ivana Uni\u0107 \u0160aba\u0161ov poma\u017ee: kako prepoznati \u0161e\u0107ernu bolest kod djeteta? - RADIO LJUBU\u0160KI<\/title>\n<meta name=\"robots\" content=\"index, follow, max-snippet:-1, max-image-preview:large, max-video-preview:-1\" \/>\n<link rel=\"canonical\" href=\"https:\/\/radioljubuski.ba\/index.php\/2021\/10\/14\/smrt-15-godisnjeg-gimnazijalca-zbog-nelijecenog-dijabetesa-sokirala-je-javnost-dr-sc-ivana-unic-sabasov-pomaze-kako-prepoznati-secernu-bolest-kod-djeteta\/\" \/>\n<meta property=\"og:locale\" content=\"hr_HR\" \/>\n<meta property=\"og:type\" content=\"article\" \/>\n<meta property=\"og:title\" content=\"Smrt 15-godi\u0161njeg gimnazijalca zbog nelije\u010denog dijabetesa \u0161okirala je javnost. Dr. sc. Ivana Uni\u0107 \u0160aba\u0161ov poma\u017ee: kako prepoznati \u0161e\u0107ernu bolest kod djeteta? - RADIO LJUBU\u0160KI\" \/>\n<meta property=\"og:description\" content=\"Tragi\u010dna sudbina 15-godi\u0161njeg gimnazijalca koji je preminuo u pulskoj bolnici zbog upale plu\u0107a i dijabetesa koji nije lije\u010den na adekvatan na\u010din \u0161okirala je javnost, a nevjerojatno zvu\u010di da roditelji nisu znali da im dijete boluje od \u0161e\u0107erne bolesti. Da bismo pomogli roditeljima \u010dije se dijete mo\u017eda tako\u0111er suo\u010dava s ovom &#8220;tihom&#8221; bolesti kako bi je [&hellip;]\" \/>\n<meta property=\"og:url\" content=\"https:\/\/radioljubuski.ba\/index.php\/2021\/10\/14\/smrt-15-godisnjeg-gimnazijalca-zbog-nelijecenog-dijabetesa-sokirala-je-javnost-dr-sc-ivana-unic-sabasov-pomaze-kako-prepoznati-secernu-bolest-kod-djeteta\/\" \/>\n<meta property=\"og:site_name\" content=\"RADIO LJUBU\u0160KI\" \/>\n<meta property=\"article:publisher\" content=\"https:\/\/www.facebook.com\/Radiio-Ljubuski-1490835324566332\" \/>\n<meta property=\"article:published_time\" content=\"2021-10-14T00:11:20+00:00\" \/>\n<meta property=\"article:modified_time\" content=\"2021-10-14T00:11:21+00:00\" \/>\n<meta property=\"og:image\" content=\"https:\/\/radioljubuski.ba\/wp-content\/uploads\/2021\/10\/o_19656838_1024.jpg\" \/>\n\t<meta property=\"og:image:width\" content=\"1024\" \/>\n\t<meta property=\"og:image:height\" content=\"682\" \/>\n\t<meta property=\"og:image:type\" content=\"image\/jpeg\" \/>\n<meta name=\"author\" content=\"Radio Ljubu\u0161ki\" \/>\n<meta name=\"twitter:card\" content=\"summary_large_image\" \/>\n<meta name=\"twitter:creator\" content=\"@radioljubuski\" \/>\n<meta name=\"twitter:site\" content=\"@radioljubuski\" \/>\n<meta name=\"twitter:label1\" content=\"Napisao\/la\" \/>\n\t<meta name=\"twitter:data1\" content=\"Radio Ljubu\u0161ki\" \/>\n\t<meta name=\"twitter:label2\" content=\"Procijenjeno vrijeme \u010ditanja\" \/>\n\t<meta name=\"twitter:data2\" content=\"8 minuta\" \/>\n<script type=\"application\/ld+json\" class=\"yoast-schema-graph\">{\"@context\":\"https:\\\/\\\/schema.org\",\"@graph\":[{\"@type\":\"Article\",\"@id\":\"https:\\\/\\\/radioljubuski.ba\\\/index.php\\\/2021\\\/10\\\/14\\\/smrt-15-godisnjeg-gimnazijalca-zbog-nelijecenog-dijabetesa-sokirala-je-javnost-dr-sc-ivana-unic-sabasov-pomaze-kako-prepoznati-secernu-bolest-kod-djeteta\\\/#article\",\"isPartOf\":{\"@id\":\"https:\\\/\\\/radioljubuski.ba\\\/index.php\\\/2021\\\/10\\\/14\\\/smrt-15-godisnjeg-gimnazijalca-zbog-nelijecenog-dijabetesa-sokirala-je-javnost-dr-sc-ivana-unic-sabasov-pomaze-kako-prepoznati-secernu-bolest-kod-djeteta\\\/\"},\"author\":{\"name\":\"Radio Ljubu\u0161ki\",\"@id\":\"https:\\\/\\\/radioljubuski.ba\\\/#\\\/schema\\\/person\\\/19fc700381a780f69665d7956c469e3b\"},\"headline\":\"Smrt 15-godi\u0161njeg gimnazijalca zbog nelije\u010denog dijabetesa \u0161okirala je javnost. Dr. sc. Ivana Uni\u0107 \u0160aba\u0161ov poma\u017ee: kako prepoznati \u0161e\u0107ernu bolest kod djeteta?\",\"datePublished\":\"2021-10-14T00:11:20+00:00\",\"dateModified\":\"2021-10-14T00:11:21+00:00\",\"mainEntityOfPage\":{\"@id\":\"https:\\\/\\\/radioljubuski.ba\\\/index.php\\\/2021\\\/10\\\/14\\\/smrt-15-godisnjeg-gimnazijalca-zbog-nelijecenog-dijabetesa-sokirala-je-javnost-dr-sc-ivana-unic-sabasov-pomaze-kako-prepoznati-secernu-bolest-kod-djeteta\\\/\"},\"wordCount\":1761,\"publisher\":{\"@id\":\"https:\\\/\\\/radioljubuski.ba\\\/#organization\"},\"image\":{\"@id\":\"https:\\\/\\\/radioljubuski.ba\\\/index.php\\\/2021\\\/10\\\/14\\\/smrt-15-godisnjeg-gimnazijalca-zbog-nelijecenog-dijabetesa-sokirala-je-javnost-dr-sc-ivana-unic-sabasov-pomaze-kako-prepoznati-secernu-bolest-kod-djeteta\\\/#primaryimage\"},\"thumbnailUrl\":\"https:\\\/\\\/radioljubuski.ba\\\/wp-content\\\/uploads\\\/2021\\\/10\\\/o_19656838_1024.jpg\",\"articleSection\":[\"BIH i regija\"],\"inLanguage\":\"hr\"},{\"@type\":\"WebPage\",\"@id\":\"https:\\\/\\\/radioljubuski.ba\\\/index.php\\\/2021\\\/10\\\/14\\\/smrt-15-godisnjeg-gimnazijalca-zbog-nelijecenog-dijabetesa-sokirala-je-javnost-dr-sc-ivana-unic-sabasov-pomaze-kako-prepoznati-secernu-bolest-kod-djeteta\\\/\",\"url\":\"https:\\\/\\\/radioljubuski.ba\\\/index.php\\\/2021\\\/10\\\/14\\\/smrt-15-godisnjeg-gimnazijalca-zbog-nelijecenog-dijabetesa-sokirala-je-javnost-dr-sc-ivana-unic-sabasov-pomaze-kako-prepoznati-secernu-bolest-kod-djeteta\\\/\",\"name\":\"Smrt 15-godi\u0161njeg gimnazijalca zbog nelije\u010denog dijabetesa \u0161okirala je javnost. Dr. sc. Ivana Uni\u0107 \u0160aba\u0161ov poma\u017ee: kako prepoznati \u0161e\u0107ernu bolest kod djeteta? - RADIO LJUBU\u0160KI\",\"isPartOf\":{\"@id\":\"https:\\\/\\\/radioljubuski.ba\\\/#website\"},\"primaryImageOfPage\":{\"@id\":\"https:\\\/\\\/radioljubuski.ba\\\/index.php\\\/2021\\\/10\\\/14\\\/smrt-15-godisnjeg-gimnazijalca-zbog-nelijecenog-dijabetesa-sokirala-je-javnost-dr-sc-ivana-unic-sabasov-pomaze-kako-prepoznati-secernu-bolest-kod-djeteta\\\/#primaryimage\"},\"image\":{\"@id\":\"https:\\\/\\\/radioljubuski.ba\\\/index.php\\\/2021\\\/10\\\/14\\\/smrt-15-godisnjeg-gimnazijalca-zbog-nelijecenog-dijabetesa-sokirala-je-javnost-dr-sc-ivana-unic-sabasov-pomaze-kako-prepoznati-secernu-bolest-kod-djeteta\\\/#primaryimage\"},\"thumbnailUrl\":\"https:\\\/\\\/radioljubuski.ba\\\/wp-content\\\/uploads\\\/2021\\\/10\\\/o_19656838_1024.jpg\",\"datePublished\":\"2021-10-14T00:11:20+00:00\",\"dateModified\":\"2021-10-14T00:11:21+00:00\",\"breadcrumb\":{\"@id\":\"https:\\\/\\\/radioljubuski.ba\\\/index.php\\\/2021\\\/10\\\/14\\\/smrt-15-godisnjeg-gimnazijalca-zbog-nelijecenog-dijabetesa-sokirala-je-javnost-dr-sc-ivana-unic-sabasov-pomaze-kako-prepoznati-secernu-bolest-kod-djeteta\\\/#breadcrumb\"},\"inLanguage\":\"hr\",\"potentialAction\":[{\"@type\":\"ReadAction\",\"target\":[\"https:\\\/\\\/radioljubuski.ba\\\/index.php\\\/2021\\\/10\\\/14\\\/smrt-15-godisnjeg-gimnazijalca-zbog-nelijecenog-dijabetesa-sokirala-je-javnost-dr-sc-ivana-unic-sabasov-pomaze-kako-prepoznati-secernu-bolest-kod-djeteta\\\/\"]}]},{\"@type\":\"ImageObject\",\"inLanguage\":\"hr\",\"@id\":\"https:\\\/\\\/radioljubuski.ba\\\/index.php\\\/2021\\\/10\\\/14\\\/smrt-15-godisnjeg-gimnazijalca-zbog-nelijecenog-dijabetesa-sokirala-je-javnost-dr-sc-ivana-unic-sabasov-pomaze-kako-prepoznati-secernu-bolest-kod-djeteta\\\/#primaryimage\",\"url\":\"https:\\\/\\\/radioljubuski.ba\\\/wp-content\\\/uploads\\\/2021\\\/10\\\/o_19656838_1024.jpg\",\"contentUrl\":\"https:\\\/\\\/radioljubuski.ba\\\/wp-content\\\/uploads\\\/2021\\\/10\\\/o_19656838_1024.jpg\",\"width\":1024,\"height\":682},{\"@type\":\"BreadcrumbList\",\"@id\":\"https:\\\/\\\/radioljubuski.ba\\\/index.php\\\/2021\\\/10\\\/14\\\/smrt-15-godisnjeg-gimnazijalca-zbog-nelijecenog-dijabetesa-sokirala-je-javnost-dr-sc-ivana-unic-sabasov-pomaze-kako-prepoznati-secernu-bolest-kod-djeteta\\\/#breadcrumb\",\"itemListElement\":[{\"@type\":\"ListItem\",\"position\":1,\"name\":\"Po\u010detna stranica\",\"item\":\"https:\\\/\\\/radioljubuski.ba\\\/\"},{\"@type\":\"ListItem\",\"position\":2,\"name\":\"Smrt 15-godi\u0161njeg gimnazijalca zbog nelije\u010denog dijabetesa \u0161okirala je javnost. Dr. sc. Ivana Uni\u0107 \u0160aba\u0161ov poma\u017ee: kako prepoznati \u0161e\u0107ernu bolest kod djeteta?\"}]},{\"@type\":\"WebSite\",\"@id\":\"https:\\\/\\\/radioljubuski.ba\\\/#website\",\"url\":\"https:\\\/\\\/radioljubuski.ba\\\/\",\"name\":\"Radio Ljubu\u0161ki\",\"description\":\"Sun\u010dana frekvencija Hercegovine\",\"publisher\":{\"@id\":\"https:\\\/\\\/radioljubuski.ba\\\/#organization\"},\"potentialAction\":[{\"@type\":\"SearchAction\",\"target\":{\"@type\":\"EntryPoint\",\"urlTemplate\":\"https:\\\/\\\/radioljubuski.ba\\\/?s={search_term_string}\"},\"query-input\":{\"@type\":\"PropertyValueSpecification\",\"valueRequired\":true,\"valueName\":\"search_term_string\"}}],\"inLanguage\":\"hr\"},{\"@type\":\"Organization\",\"@id\":\"https:\\\/\\\/radioljubuski.ba\\\/#organization\",\"name\":\"Radio Ljubu\u0161ki\",\"url\":\"https:\\\/\\\/radioljubuski.ba\\\/\",\"logo\":{\"@type\":\"ImageObject\",\"inLanguage\":\"hr\",\"@id\":\"https:\\\/\\\/radioljubuski.ba\\\/#\\\/schema\\\/logo\\\/image\\\/\",\"url\":\"https:\\\/\\\/radioljubuski.ba\\\/wp-content\\\/uploads\\\/2021\\\/02\\\/cropped-Radio_Ljubuski_logo1.jpg\",\"contentUrl\":\"https:\\\/\\\/radioljubuski.ba\\\/wp-content\\\/uploads\\\/2021\\\/02\\\/cropped-Radio_Ljubuski_logo1.jpg\",\"width\":512,\"height\":512,\"caption\":\"Radio Ljubu\u0161ki\"},\"image\":{\"@id\":\"https:\\\/\\\/radioljubuski.ba\\\/#\\\/schema\\\/logo\\\/image\\\/\"},\"sameAs\":[\"https:\\\/\\\/www.facebook.com\\\/Radiio-Ljubuski-1490835324566332\",\"https:\\\/\\\/x.com\\\/radioljubuski\",\"https:\\\/\\\/hr.linkedin.com\\\/company\\\/radio-ljubuski\",\"https:\\\/\\\/www.youtube.com\\\/channel\\\/UCHYaeO_n0Db3tjNGudGpXyw\"]},{\"@type\":\"Person\",\"@id\":\"https:\\\/\\\/radioljubuski.ba\\\/#\\\/schema\\\/person\\\/19fc700381a780f69665d7956c469e3b\",\"name\":\"Radio Ljubu\u0161ki\"}]}<\/script>\n<!-- \/ Yoast SEO plugin. -->","yoast_head_json":{"title":"Smrt 15-godi\u0161njeg gimnazijalca zbog nelije\u010denog dijabetesa \u0161okirala je javnost. Dr. sc. Ivana Uni\u0107 \u0160aba\u0161ov poma\u017ee: kako prepoznati \u0161e\u0107ernu bolest kod djeteta? - RADIO LJUBU\u0160KI","robots":{"index":"index","follow":"follow","max-snippet":"max-snippet:-1","max-image-preview":"max-image-preview:large","max-video-preview":"max-video-preview:-1"},"canonical":"https:\/\/radioljubuski.ba\/index.php\/2021\/10\/14\/smrt-15-godisnjeg-gimnazijalca-zbog-nelijecenog-dijabetesa-sokirala-je-javnost-dr-sc-ivana-unic-sabasov-pomaze-kako-prepoznati-secernu-bolest-kod-djeteta\/","og_locale":"hr_HR","og_type":"article","og_title":"Smrt 15-godi\u0161njeg gimnazijalca zbog nelije\u010denog dijabetesa \u0161okirala je javnost. Dr. sc. Ivana Uni\u0107 \u0160aba\u0161ov poma\u017ee: kako prepoznati \u0161e\u0107ernu bolest kod djeteta? - RADIO LJUBU\u0160KI","og_description":"Tragi\u010dna sudbina 15-godi\u0161njeg gimnazijalca koji je preminuo u pulskoj bolnici zbog upale plu\u0107a i dijabetesa koji nije lije\u010den na adekvatan na\u010din \u0161okirala je javnost, a nevjerojatno zvu\u010di da roditelji nisu znali da im dijete boluje od \u0161e\u0107erne bolesti. Da bismo pomogli roditeljima \u010dije se dijete mo\u017eda tako\u0111er suo\u010dava s ovom &#8220;tihom&#8221; bolesti kako bi je [&hellip;]","og_url":"https:\/\/radioljubuski.ba\/index.php\/2021\/10\/14\/smrt-15-godisnjeg-gimnazijalca-zbog-nelijecenog-dijabetesa-sokirala-je-javnost-dr-sc-ivana-unic-sabasov-pomaze-kako-prepoznati-secernu-bolest-kod-djeteta\/","og_site_name":"RADIO LJUBU\u0160KI","article_publisher":"https:\/\/www.facebook.com\/Radiio-Ljubuski-1490835324566332","article_published_time":"2021-10-14T00:11:20+00:00","article_modified_time":"2021-10-14T00:11:21+00:00","og_image":[{"width":1024,"height":682,"url":"https:\/\/radioljubuski.ba\/wp-content\/uploads\/2021\/10\/o_19656838_1024.jpg","type":"image\/jpeg"}],"author":"Radio Ljubu\u0161ki","twitter_card":"summary_large_image","twitter_creator":"@radioljubuski","twitter_site":"@radioljubuski","twitter_misc":{"Napisao\/la":"Radio Ljubu\u0161ki","Procijenjeno vrijeme \u010ditanja":"8 minuta"},"schema":{"@context":"https:\/\/schema.org","@graph":[{"@type":"Article","@id":"https:\/\/radioljubuski.ba\/index.php\/2021\/10\/14\/smrt-15-godisnjeg-gimnazijalca-zbog-nelijecenog-dijabetesa-sokirala-je-javnost-dr-sc-ivana-unic-sabasov-pomaze-kako-prepoznati-secernu-bolest-kod-djeteta\/#article","isPartOf":{"@id":"https:\/\/radioljubuski.ba\/index.php\/2021\/10\/14\/smrt-15-godisnjeg-gimnazijalca-zbog-nelijecenog-dijabetesa-sokirala-je-javnost-dr-sc-ivana-unic-sabasov-pomaze-kako-prepoznati-secernu-bolest-kod-djeteta\/"},"author":{"name":"Radio Ljubu\u0161ki","@id":"https:\/\/radioljubuski.ba\/#\/schema\/person\/19fc700381a780f69665d7956c469e3b"},"headline":"Smrt 15-godi\u0161njeg gimnazijalca zbog nelije\u010denog dijabetesa \u0161okirala je javnost. Dr. sc. Ivana Uni\u0107 \u0160aba\u0161ov poma\u017ee: kako prepoznati \u0161e\u0107ernu bolest kod djeteta?","datePublished":"2021-10-14T00:11:20+00:00","dateModified":"2021-10-14T00:11:21+00:00","mainEntityOfPage":{"@id":"https:\/\/radioljubuski.ba\/index.php\/2021\/10\/14\/smrt-15-godisnjeg-gimnazijalca-zbog-nelijecenog-dijabetesa-sokirala-je-javnost-dr-sc-ivana-unic-sabasov-pomaze-kako-prepoznati-secernu-bolest-kod-djeteta\/"},"wordCount":1761,"publisher":{"@id":"https:\/\/radioljubuski.ba\/#organization"},"image":{"@id":"https:\/\/radioljubuski.ba\/index.php\/2021\/10\/14\/smrt-15-godisnjeg-gimnazijalca-zbog-nelijecenog-dijabetesa-sokirala-je-javnost-dr-sc-ivana-unic-sabasov-pomaze-kako-prepoznati-secernu-bolest-kod-djeteta\/#primaryimage"},"thumbnailUrl":"https:\/\/radioljubuski.ba\/wp-content\/uploads\/2021\/10\/o_19656838_1024.jpg","articleSection":["BIH i regija"],"inLanguage":"hr"},{"@type":"WebPage","@id":"https:\/\/radioljubuski.ba\/index.php\/2021\/10\/14\/smrt-15-godisnjeg-gimnazijalca-zbog-nelijecenog-dijabetesa-sokirala-je-javnost-dr-sc-ivana-unic-sabasov-pomaze-kako-prepoznati-secernu-bolest-kod-djeteta\/","url":"https:\/\/radioljubuski.ba\/index.php\/2021\/10\/14\/smrt-15-godisnjeg-gimnazijalca-zbog-nelijecenog-dijabetesa-sokirala-je-javnost-dr-sc-ivana-unic-sabasov-pomaze-kako-prepoznati-secernu-bolest-kod-djeteta\/","name":"Smrt 15-godi\u0161njeg gimnazijalca zbog nelije\u010denog dijabetesa \u0161okirala je javnost. Dr. sc. Ivana Uni\u0107 \u0160aba\u0161ov poma\u017ee: kako prepoznati \u0161e\u0107ernu bolest kod djeteta? - RADIO LJUBU\u0160KI","isPartOf":{"@id":"https:\/\/radioljubuski.ba\/#website"},"primaryImageOfPage":{"@id":"https:\/\/radioljubuski.ba\/index.php\/2021\/10\/14\/smrt-15-godisnjeg-gimnazijalca-zbog-nelijecenog-dijabetesa-sokirala-je-javnost-dr-sc-ivana-unic-sabasov-pomaze-kako-prepoznati-secernu-bolest-kod-djeteta\/#primaryimage"},"image":{"@id":"https:\/\/radioljubuski.ba\/index.php\/2021\/10\/14\/smrt-15-godisnjeg-gimnazijalca-zbog-nelijecenog-dijabetesa-sokirala-je-javnost-dr-sc-ivana-unic-sabasov-pomaze-kako-prepoznati-secernu-bolest-kod-djeteta\/#primaryimage"},"thumbnailUrl":"https:\/\/radioljubuski.ba\/wp-content\/uploads\/2021\/10\/o_19656838_1024.jpg","datePublished":"2021-10-14T00:11:20+00:00","dateModified":"2021-10-14T00:11:21+00:00","breadcrumb":{"@id":"https:\/\/radioljubuski.ba\/index.php\/2021\/10\/14\/smrt-15-godisnjeg-gimnazijalca-zbog-nelijecenog-dijabetesa-sokirala-je-javnost-dr-sc-ivana-unic-sabasov-pomaze-kako-prepoznati-secernu-bolest-kod-djeteta\/#breadcrumb"},"inLanguage":"hr","potentialAction":[{"@type":"ReadAction","target":["https:\/\/radioljubuski.ba\/index.php\/2021\/10\/14\/smrt-15-godisnjeg-gimnazijalca-zbog-nelijecenog-dijabetesa-sokirala-je-javnost-dr-sc-ivana-unic-sabasov-pomaze-kako-prepoznati-secernu-bolest-kod-djeteta\/"]}]},{"@type":"ImageObject","inLanguage":"hr","@id":"https:\/\/radioljubuski.ba\/index.php\/2021\/10\/14\/smrt-15-godisnjeg-gimnazijalca-zbog-nelijecenog-dijabetesa-sokirala-je-javnost-dr-sc-ivana-unic-sabasov-pomaze-kako-prepoznati-secernu-bolest-kod-djeteta\/#primaryimage","url":"https:\/\/radioljubuski.ba\/wp-content\/uploads\/2021\/10\/o_19656838_1024.jpg","contentUrl":"https:\/\/radioljubuski.ba\/wp-content\/uploads\/2021\/10\/o_19656838_1024.jpg","width":1024,"height":682},{"@type":"BreadcrumbList","@id":"https:\/\/radioljubuski.ba\/index.php\/2021\/10\/14\/smrt-15-godisnjeg-gimnazijalca-zbog-nelijecenog-dijabetesa-sokirala-je-javnost-dr-sc-ivana-unic-sabasov-pomaze-kako-prepoznati-secernu-bolest-kod-djeteta\/#breadcrumb","itemListElement":[{"@type":"ListItem","position":1,"name":"Po\u010detna stranica","item":"https:\/\/radioljubuski.ba\/"},{"@type":"ListItem","position":2,"name":"Smrt 15-godi\u0161njeg gimnazijalca zbog nelije\u010denog dijabetesa \u0161okirala je javnost. Dr. sc. Ivana Uni\u0107 \u0160aba\u0161ov poma\u017ee: kako prepoznati \u0161e\u0107ernu bolest kod djeteta?"}]},{"@type":"WebSite","@id":"https:\/\/radioljubuski.ba\/#website","url":"https:\/\/radioljubuski.ba\/","name":"Radio Ljubu\u0161ki","description":"Sun\u010dana frekvencija Hercegovine","publisher":{"@id":"https:\/\/radioljubuski.ba\/#organization"},"potentialAction":[{"@type":"SearchAction","target":{"@type":"EntryPoint","urlTemplate":"https:\/\/radioljubuski.ba\/?s={search_term_string}"},"query-input":{"@type":"PropertyValueSpecification","valueRequired":true,"valueName":"search_term_string"}}],"inLanguage":"hr"},{"@type":"Organization","@id":"https:\/\/radioljubuski.ba\/#organization","name":"Radio Ljubu\u0161ki","url":"https:\/\/radioljubuski.ba\/","logo":{"@type":"ImageObject","inLanguage":"hr","@id":"https:\/\/radioljubuski.ba\/#\/schema\/logo\/image\/","url":"https:\/\/radioljubuski.ba\/wp-content\/uploads\/2021\/02\/cropped-Radio_Ljubuski_logo1.jpg","contentUrl":"https:\/\/radioljubuski.ba\/wp-content\/uploads\/2021\/02\/cropped-Radio_Ljubuski_logo1.jpg","width":512,"height":512,"caption":"Radio Ljubu\u0161ki"},"image":{"@id":"https:\/\/radioljubuski.ba\/#\/schema\/logo\/image\/"},"sameAs":["https:\/\/www.facebook.com\/Radiio-Ljubuski-1490835324566332","https:\/\/x.com\/radioljubuski","https:\/\/hr.linkedin.com\/company\/radio-ljubuski","https:\/\/www.youtube.com\/channel\/UCHYaeO_n0Db3tjNGudGpXyw"]},{"@type":"Person","@id":"https:\/\/radioljubuski.ba\/#\/schema\/person\/19fc700381a780f69665d7956c469e3b","name":"Radio Ljubu\u0161ki"}]}},"_links":{"self":[{"href":"https:\/\/radioljubuski.ba\/index.php\/wp-json\/wp\/v2\/posts\/75431","targetHints":{"allow":["GET"]}}],"collection":[{"href":"https:\/\/radioljubuski.ba\/index.php\/wp-json\/wp\/v2\/posts"}],"about":[{"href":"https:\/\/radioljubuski.ba\/index.php\/wp-json\/wp\/v2\/types\/post"}],"author":[{"embeddable":true,"href":"https:\/\/radioljubuski.ba\/index.php\/wp-json\/wp\/v2\/users\/2"}],"replies":[{"embeddable":true,"href":"https:\/\/radioljubuski.ba\/index.php\/wp-json\/wp\/v2\/comments?post=75431"}],"version-history":[{"count":1,"href":"https:\/\/radioljubuski.ba\/index.php\/wp-json\/wp\/v2\/posts\/75431\/revisions"}],"predecessor-version":[{"id":75433,"href":"https:\/\/radioljubuski.ba\/index.php\/wp-json\/wp\/v2\/posts\/75431\/revisions\/75433"}],"wp:featuredmedia":[{"embeddable":true,"href":"https:\/\/radioljubuski.ba\/index.php\/wp-json\/wp\/v2\/media\/75432"}],"wp:attachment":[{"href":"https:\/\/radioljubuski.ba\/index.php\/wp-json\/wp\/v2\/media?parent=75431"}],"wp:term":[{"taxonomy":"category","embeddable":true,"href":"https:\/\/radioljubuski.ba\/index.php\/wp-json\/wp\/v2\/categories?post=75431"},{"taxonomy":"post_tag","embeddable":true,"href":"https:\/\/radioljubuski.ba\/index.php\/wp-json\/wp\/v2\/tags?post=75431"}],"curies":[{"name":"wp","href":"https:\/\/api.w.org\/{rel}","templated":true}]}}