{"id":7549,"date":"2021-03-28T14:13:11","date_gmt":"2021-03-28T13:13:11","guid":{"rendered":"https:\/\/radioljubuski.ba\/?p=7549"},"modified":"2021-03-28T14:13:12","modified_gmt":"2021-03-28T13:13:12","slug":"petrovic-brojevi-zabrinjavajuci-ali-jos-nema-razloga-za-paniku","status":"publish","type":"post","link":"https:\/\/radioljubuski.ba\/index.php\/2021\/03\/28\/petrovic-brojevi-zabrinjavajuci-ali-jos-nema-razloga-za-paniku\/","title":{"rendered":"Petrovi\u0107: Brojevi zabrinjavaju\u0107i, ali jo\u0161 nema razloga za paniku"},"content":{"rendered":"\n<p><strong>U posljednja 24 sata zabilje\u017een je 1321 novi slu\u010daj zaraze virusom SARS-CoV-2 te je broj aktivnih slu\u010dajeva u Hrvatskoj danas ukupno 10 092. Me\u0111u njima je 1201 pacijent na bolni\u010dkom lije\u010denju, od toga je na respiratoru 121 pacijent.&nbsp;Preminula je 21 osoba.<\/strong><\/p>\n\n\n\n<p><strong>Petrovi\u0107 o skoku broja zara\u017eenih<br><br>Goranka Petrovi\u0107&nbsp;<\/strong>iz Hrvatskog zavoda za javno zdravstvo izjavila je za Dnevnik u podne HTV-a kako su brojevi koji govore o epidemiolo\u0161kom stanju takvi da pomalo zabrinjavaju.<br><br>&#8211; Jo\u0161 uvijek brojevi nisu razlog za paniku ali, uistinu, ako gledamo posljednjih nekoliko tjedana, kontinuirano rastu i sad imamo 9500 oboljelih. Dodatno nas zabrinjava i to \u0161to se bolnice polako po\u010dinju puniti. Prema nekim parametrima na neki smo se na\u010din vratili na drugu polovinu sije\u010dnja, \u0161to nikako nije dobro. To je razlog da se po\u010dnemo maksimalno odgovorno pona\u0161ati, rekla je.<br><br>Smatra da je porast zaraze dijelom posljedica novih varijanti virusa koje se, ka\u017ee, uistinu puno br\u017ee i lak\u0161e \u0161ire.<br><br>Na pitanje je li dovoljno primijeniti regionalni pristup ili bi trebalo i\u0107i na poo\u0161travanje mjera na nacionalnoj razini, kazala je kako je to te\u0161ko re\u0107i.<br><br>&#8211; Zato Sto\u017eer i postoji da nekako odva\u017ee. Jako je va\u017eno identificirati koji su glavni problemi regionalno, ali ako se stanje nastavi pogor\u0161avati, trebat \u0107e nekakve o\u0161trije mjere na nacionalnoj razini, u smislu smanjenja mobilnosti u prvom redu.<br><br>Za uskrsne blagdane, kad se ljudi tradicionalno vi\u0161e dru\u017ee i okupljaju, preporu\u010dila je zaista maksimalno odgovorno pona\u0161anje:<br><br>&#8211; Na\u017ealost, i ovaj Uskrs kao i prethodni, ne\u0107e biti Uskrs na kakav smo naviknuli. Morat \u0107emo maksimalno smanjiti dru\u017eenja s nama najbli\u017eima, ne i\u0107i na javna okupljanja, dr\u017eati distancu, nositi maske, prozra\u010divati prostore.<br><br>\u0160to se ti\u010de dinamike isporuke cjepiva, rekla je, kako je dobro da \u0107e Hrvatska do kraja travnja dobiti ne\u0161to vi\u0161e od 511 tisu\u0107a doza cjepiva.<br><br>&#8211; Podjednako AstraZenecina i Pfizerova cjepiva, a tako\u0111er bi trebali dobiti i Modernina cjepiva, izme\u0111u 36 i 42 tisu\u0107e doza. U drugoj polovini travnja o\u010dekujemo prve isporuke Johnson&amp;Johnsonova cjepiva. To je ukupno ve\u0107a koli\u010dina cjepiva nego \u0161to smo dosad primili. Zbog toga o\u010dekujemo da bi sada cijepni obuhvati mogli po\u010deti znatnije rasti.<\/p>\n\n\n\n<p><strong>Velik broj novozara\u017eenih u Splitsko-dalmatinskoj \u017eupaniji<\/strong><br><br>U posljednja 24 sata na podru\u010dju Splitsko-dalmatinske \u017eupanije otkriveno je 263 zara\u017eenih COVID-om, a dvije su osobe umrle u bolnici, izvijestio je \u017eupanijski Sto\u017eer civilne za\u0161tite.<br><br>&#8211; Bilo je o\u010dito da \u0107e se ovakvo ne\u0161to dogoditi. Brojevi su ve\u0107 prije gotovo dva tjedna po\u010deli jasno rasti, a u posljednjih 10 dana vrlo strmo. Za\u0161to je to tako? Tako je jer su mjere popustile, a onda su se ljudi, ja \u0107u slobodno to kazati, od neodgovornog po\u010deli jo\u0161 neodgovornije pona\u0161ati, komentirao je za HTV prim. dr. sc. Ivo Ivi\u0107, predstojnik Klinike za infektologiju KBC-a Split.<\/p>\n\n\n\n<p>&#8211; Ono \u0161to nas zabrinjava je porast broja ljudi u bolnici gdje su simptomi sve ozbiljniji, gdje je medijan godina sve ni\u017ei. Okru\u017eenje je lo\u0161e u Sloveniji, Italiji, Austriji, u drugim \u017eupanijama, posebno u Primorsko-goranskoj. Mi nismo izolirani otok i \u010dinimo sve \u0161to mo\u017eemo da da odr\u017eimo postoje\u0107e stanje, kazao je danas&nbsp;<strong>Dino Kozlevac<\/strong>, na\u010delnik Sto\u017eera civilne za\u0161tite Istarske \u017eupanije.<\/p>\n\n\n\n<p><strong>Dosad pristigli podaci lokalnih sto\u017eera:<\/strong><br><br>\u25cf U Vukovarsko-srijemskoj \u017eupaniji 32 su nove pozitivne osobe. Preminula jedna osoba<br>\u25cf Na podru\u010dju Me\u0111imurske \u017eupanije evidentirano je34 pozitivnih nalaza na SARS-CoV-2 virus&nbsp;<br>\u25cf U Dubrova\u010dko-neretvanskoj \u017eupaniji zabilje\u017eena su 52 nova slu\u010daja zaraze koronavirusom, a umrle su dvije osobe<br>\u25cf Na podru\u010dju \u0160ibensko-kninske \u017eupanije 23 su osobe novooboljele od COVID-19 infekcije<br>\u25cf U Bjelovarsko-bilogorskoj \u017eupaniji 15 novozara\u017eenih koronavirusom<br>\u25cf U Sisa\u010dko-moslava\u010dkoj \u017eupaniji \u010detiri novozara\u017eene osobe<br>\u25cf U Osje\u010dko-baranjskoj novopozitivno 25 osoba, preminula osoba u dobi od 73 godine<br>\u25cf U Primorsko-goranskoj \u017eupaniji 351 novooboljeli&nbsp;<br>\u25cf Istarska \u017eupanija: 10 novozara\u017eenih, preminula jedna osoba&nbsp; (1942. godi\u0161te) s pridru\u017eenim kroni\u010dnim bolestima<br>\u25cf Koprivni\u010dko-kri\u017eeva\u010dka \u017eupanija: tri nova slu\u010daja bolesti COVID-19, preminula jedna osoba (1941.) s koja je u klini\u010dkoj anamnezi imala i druge dijagnoze<br>\u25cf Viroviti\u010dko-podravska \u017eupanija: \u0161estero novozara\u017eenih<br>\u25cf U Vukovarsko-srijemskoj \u017eupaniji 32 novooboljele osobe<br>\u25cf U Me\u0111imurju 34 nova slu\u010daja zaraze koronavirusom<br>\u25cf U Zagreba\u010dkoj \u017eupaniji 146 novozara\u017eenih<br>\u25cf U Zadarskoj \u017eupaniji 89 novih slu\u010dajeva zaraze koronavirusom<br>\u25cf U Krapinsko-zagorskoj \u017eupaniji \u0161estero novozara\u017eenih<br>\u25cf Split: U \u017eupaniji 263 zara\u017eene osobe, dvije umrle<br>\u25cf&nbsp; Od 80 testiranih 36 pozitivnih u Li\u010dko senjskoj \u017eupaniji<br>\u25cf U Vara\u017edinskoj \u017eupaniji jo\u0161 73 osobe s novim koronavirusom, a umrle dvije<br>\u25cf&nbsp; U jednom danu od covida-19 u Karlova\u010dkoj \u017eupaniji umrlo \u0161estero ljudi<\/p>\n\n\n\n<p>U Rijeci se na nekoliko mjesta provodilo masovno cijepljenje &#8211; cjepivo je dobilo oko 2500 gra\u0111ana. Tre\u0107i put organizirano je masovnije cijepljenje protiv koronavirusa i u sportskoj dvorani u Koprivnici &#8211; za vi\u0161e od 1300 starijih gra\u0111ana te onih s kroni\u010dnim bolestima. Dosad je u Koprivni\u010dko-kri\u017eeva\u010dkoj \u017eupaniji cijepljeno oko 9 tisu\u0107a ljudi prvom te 2800 i drugom dozom.<\/p>\n\n\n\n<p>Francuska, pogo\u0111ena tre\u0107im valom zaraze koronavirusom, ju\u010der je dodatno ograni\u010dila kretanje u nekim zonama na 10 kilometara. Epidemiolo\u0161ke mjere postro\u017eene su i u Belgiji te Poljskoj. Njema\u010dki ministar zdravlja izjavio je da je zemlji potreban lockdown tijekom uskrsnih blagdana, kao i pro\u0161le godine.&nbsp;<\/p>\n\n\n\n<p><strong>Cijepljenje u Srbiji<\/strong><br><br>Brojni gra\u0111ani iz Hrvatske, Bosne i Hercegovine te Sjeverne Makedonije primili su cjepivo protiv koronavirusa na Beogradskom sajmu, nakon \u0161to su se prijavili na vladinu portalu e-Uprava. Rije\u010d je o prvom velikom centru za cijepljenje u Srbiji postavljenom prije nekoliko mjeseci. Beogradski mediji izvijestili su da je cjepivo AstraZenece dostupno i bez prijave preko portala ili pozivnog centra.<\/p>\n\n\n\n<p>Izvor:hrt.hr<\/p>\n","protected":false},"excerpt":{"rendered":"<p>U posljednja 24 sata zabilje\u017een je 1321 novi slu\u010daj zaraze virusom SARS-CoV-2 te je broj aktivnih slu\u010dajeva u Hrvatskoj danas ukupno 10 092. Me\u0111u njima je 1201 pacijent na bolni\u010dkom lije\u010denju, od toga je na respiratoru 121 pacijent.&nbsp;Preminula je 21 osoba. Petrovi\u0107 o skoku broja zara\u017eenih Goranka Petrovi\u0107&nbsp;iz Hrvatskog zavoda za javno zdravstvo izjavila je [&hellip;]<\/p>\n","protected":false},"author":2,"featured_media":7550,"comment_status":"closed","ping_status":"closed","sticky":false,"template":"","format":"standard","meta":{"h5ap_radio_sources":[],"footnotes":""},"categories":[1],"tags":[],"class_list":["post-7549","post","type-post","status-publish","format-standard","has-post-thumbnail","hentry","category-bihiregija"],"yoast_head":"<!-- This site is optimized with the Yoast SEO plugin v27.4 - https:\/\/yoast.com\/product\/yoast-seo-wordpress\/ -->\n<title>Petrovi\u0107: Brojevi zabrinjavaju\u0107i, ali jo\u0161 nema razloga za paniku - RADIO LJUBU\u0160KI<\/title>\n<meta name=\"robots\" content=\"index, follow, max-snippet:-1, max-image-preview:large, max-video-preview:-1\" \/>\n<link rel=\"canonical\" href=\"https:\/\/radioljubuski.ba\/index.php\/2021\/03\/28\/petrovic-brojevi-zabrinjavajuci-ali-jos-nema-razloga-za-paniku\/\" \/>\n<meta property=\"og:locale\" content=\"hr_HR\" \/>\n<meta property=\"og:type\" content=\"article\" \/>\n<meta property=\"og:title\" content=\"Petrovi\u0107: Brojevi zabrinjavaju\u0107i, ali jo\u0161 nema razloga za paniku - RADIO LJUBU\u0160KI\" \/>\n<meta property=\"og:description\" content=\"U posljednja 24 sata zabilje\u017een je 1321 novi slu\u010daj zaraze virusom SARS-CoV-2 te je broj aktivnih slu\u010dajeva u Hrvatskoj danas ukupno 10 092. Me\u0111u njima je 1201 pacijent na bolni\u010dkom lije\u010denju, od toga je na respiratoru 121 pacijent.&nbsp;Preminula je 21 osoba. Petrovi\u0107 o skoku broja zara\u017eenih Goranka Petrovi\u0107&nbsp;iz Hrvatskog zavoda za javno zdravstvo izjavila je [&hellip;]\" \/>\n<meta property=\"og:url\" content=\"https:\/\/radioljubuski.ba\/index.php\/2021\/03\/28\/petrovic-brojevi-zabrinjavajuci-ali-jos-nema-razloga-za-paniku\/\" \/>\n<meta property=\"og:site_name\" content=\"RADIO LJUBU\u0160KI\" \/>\n<meta property=\"article:publisher\" content=\"https:\/\/www.facebook.com\/Radiio-Ljubuski-1490835324566332\" \/>\n<meta property=\"article:published_time\" content=\"2021-03-28T13:13:11+00:00\" \/>\n<meta property=\"article:modified_time\" content=\"2021-03-28T13:13:12+00:00\" \/>\n<meta property=\"og:image\" content=\"https:\/\/radioljubuski.ba\/wp-content\/uploads\/2021\/03\/1-21.png\" \/>\n\t<meta property=\"og:image:width\" content=\"644\" \/>\n\t<meta property=\"og:image:height\" content=\"360\" \/>\n\t<meta property=\"og:image:type\" content=\"image\/png\" \/>\n<meta name=\"author\" content=\"Radio Ljubu\u0161ki\" \/>\n<meta name=\"twitter:card\" content=\"summary_large_image\" \/>\n<meta name=\"twitter:creator\" content=\"@radioljubuski\" \/>\n<meta name=\"twitter:site\" content=\"@radioljubuski\" \/>\n<meta name=\"twitter:label1\" content=\"Napisao\/la\" \/>\n\t<meta name=\"twitter:data1\" content=\"Radio Ljubu\u0161ki\" \/>\n\t<meta name=\"twitter:label2\" content=\"Procijenjeno vrijeme \u010ditanja\" \/>\n\t<meta name=\"twitter:data2\" content=\"4 minute\" \/>\n<script type=\"application\/ld+json\" class=\"yoast-schema-graph\">{\"@context\":\"https:\\\/\\\/schema.org\",\"@graph\":[{\"@type\":\"Article\",\"@id\":\"https:\\\/\\\/radioljubuski.ba\\\/index.php\\\/2021\\\/03\\\/28\\\/petrovic-brojevi-zabrinjavajuci-ali-jos-nema-razloga-za-paniku\\\/#article\",\"isPartOf\":{\"@id\":\"https:\\\/\\\/radioljubuski.ba\\\/index.php\\\/2021\\\/03\\\/28\\\/petrovic-brojevi-zabrinjavajuci-ali-jos-nema-razloga-za-paniku\\\/\"},\"author\":{\"name\":\"Radio Ljubu\u0161ki\",\"@id\":\"https:\\\/\\\/radioljubuski.ba\\\/#\\\/schema\\\/person\\\/19fc700381a780f69665d7956c469e3b\"},\"headline\":\"Petrovi\u0107: Brojevi zabrinjavaju\u0107i, ali jo\u0161 nema razloga za paniku\",\"datePublished\":\"2021-03-28T13:13:11+00:00\",\"dateModified\":\"2021-03-28T13:13:12+00:00\",\"mainEntityOfPage\":{\"@id\":\"https:\\\/\\\/radioljubuski.ba\\\/index.php\\\/2021\\\/03\\\/28\\\/petrovic-brojevi-zabrinjavajuci-ali-jos-nema-razloga-za-paniku\\\/\"},\"wordCount\":964,\"publisher\":{\"@id\":\"https:\\\/\\\/radioljubuski.ba\\\/#organization\"},\"image\":{\"@id\":\"https:\\\/\\\/radioljubuski.ba\\\/index.php\\\/2021\\\/03\\\/28\\\/petrovic-brojevi-zabrinjavajuci-ali-jos-nema-razloga-za-paniku\\\/#primaryimage\"},\"thumbnailUrl\":\"https:\\\/\\\/radioljubuski.ba\\\/wp-content\\\/uploads\\\/2021\\\/03\\\/1-21.png\",\"articleSection\":[\"BIH i regija\"],\"inLanguage\":\"hr\"},{\"@type\":\"WebPage\",\"@id\":\"https:\\\/\\\/radioljubuski.ba\\\/index.php\\\/2021\\\/03\\\/28\\\/petrovic-brojevi-zabrinjavajuci-ali-jos-nema-razloga-za-paniku\\\/\",\"url\":\"https:\\\/\\\/radioljubuski.ba\\\/index.php\\\/2021\\\/03\\\/28\\\/petrovic-brojevi-zabrinjavajuci-ali-jos-nema-razloga-za-paniku\\\/\",\"name\":\"Petrovi\u0107: Brojevi zabrinjavaju\u0107i, ali jo\u0161 nema razloga za paniku - RADIO LJUBU\u0160KI\",\"isPartOf\":{\"@id\":\"https:\\\/\\\/radioljubuski.ba\\\/#website\"},\"primaryImageOfPage\":{\"@id\":\"https:\\\/\\\/radioljubuski.ba\\\/index.php\\\/2021\\\/03\\\/28\\\/petrovic-brojevi-zabrinjavajuci-ali-jos-nema-razloga-za-paniku\\\/#primaryimage\"},\"image\":{\"@id\":\"https:\\\/\\\/radioljubuski.ba\\\/index.php\\\/2021\\\/03\\\/28\\\/petrovic-brojevi-zabrinjavajuci-ali-jos-nema-razloga-za-paniku\\\/#primaryimage\"},\"thumbnailUrl\":\"https:\\\/\\\/radioljubuski.ba\\\/wp-content\\\/uploads\\\/2021\\\/03\\\/1-21.png\",\"datePublished\":\"2021-03-28T13:13:11+00:00\",\"dateModified\":\"2021-03-28T13:13:12+00:00\",\"breadcrumb\":{\"@id\":\"https:\\\/\\\/radioljubuski.ba\\\/index.php\\\/2021\\\/03\\\/28\\\/petrovic-brojevi-zabrinjavajuci-ali-jos-nema-razloga-za-paniku\\\/#breadcrumb\"},\"inLanguage\":\"hr\",\"potentialAction\":[{\"@type\":\"ReadAction\",\"target\":[\"https:\\\/\\\/radioljubuski.ba\\\/index.php\\\/2021\\\/03\\\/28\\\/petrovic-brojevi-zabrinjavajuci-ali-jos-nema-razloga-za-paniku\\\/\"]}]},{\"@type\":\"ImageObject\",\"inLanguage\":\"hr\",\"@id\":\"https:\\\/\\\/radioljubuski.ba\\\/index.php\\\/2021\\\/03\\\/28\\\/petrovic-brojevi-zabrinjavajuci-ali-jos-nema-razloga-za-paniku\\\/#primaryimage\",\"url\":\"https:\\\/\\\/radioljubuski.ba\\\/wp-content\\\/uploads\\\/2021\\\/03\\\/1-21.png\",\"contentUrl\":\"https:\\\/\\\/radioljubuski.ba\\\/wp-content\\\/uploads\\\/2021\\\/03\\\/1-21.png\",\"width\":644,\"height\":360},{\"@type\":\"BreadcrumbList\",\"@id\":\"https:\\\/\\\/radioljubuski.ba\\\/index.php\\\/2021\\\/03\\\/28\\\/petrovic-brojevi-zabrinjavajuci-ali-jos-nema-razloga-za-paniku\\\/#breadcrumb\",\"itemListElement\":[{\"@type\":\"ListItem\",\"position\":1,\"name\":\"Po\u010detna stranica\",\"item\":\"https:\\\/\\\/radioljubuski.ba\\\/\"},{\"@type\":\"ListItem\",\"position\":2,\"name\":\"Petrovi\u0107: Brojevi zabrinjavaju\u0107i, ali jo\u0161 nema razloga za paniku\"}]},{\"@type\":\"WebSite\",\"@id\":\"https:\\\/\\\/radioljubuski.ba\\\/#website\",\"url\":\"https:\\\/\\\/radioljubuski.ba\\\/\",\"name\":\"Radio Ljubu\u0161ki\",\"description\":\"Sun\u010dana frekvencija Hercegovine\",\"publisher\":{\"@id\":\"https:\\\/\\\/radioljubuski.ba\\\/#organization\"},\"potentialAction\":[{\"@type\":\"SearchAction\",\"target\":{\"@type\":\"EntryPoint\",\"urlTemplate\":\"https:\\\/\\\/radioljubuski.ba\\\/?s={search_term_string}\"},\"query-input\":{\"@type\":\"PropertyValueSpecification\",\"valueRequired\":true,\"valueName\":\"search_term_string\"}}],\"inLanguage\":\"hr\"},{\"@type\":\"Organization\",\"@id\":\"https:\\\/\\\/radioljubuski.ba\\\/#organization\",\"name\":\"Radio Ljubu\u0161ki\",\"url\":\"https:\\\/\\\/radioljubuski.ba\\\/\",\"logo\":{\"@type\":\"ImageObject\",\"inLanguage\":\"hr\",\"@id\":\"https:\\\/\\\/radioljubuski.ba\\\/#\\\/schema\\\/logo\\\/image\\\/\",\"url\":\"https:\\\/\\\/radioljubuski.ba\\\/wp-content\\\/uploads\\\/2021\\\/02\\\/cropped-Radio_Ljubuski_logo1.jpg\",\"contentUrl\":\"https:\\\/\\\/radioljubuski.ba\\\/wp-content\\\/uploads\\\/2021\\\/02\\\/cropped-Radio_Ljubuski_logo1.jpg\",\"width\":512,\"height\":512,\"caption\":\"Radio Ljubu\u0161ki\"},\"image\":{\"@id\":\"https:\\\/\\\/radioljubuski.ba\\\/#\\\/schema\\\/logo\\\/image\\\/\"},\"sameAs\":[\"https:\\\/\\\/www.facebook.com\\\/Radiio-Ljubuski-1490835324566332\",\"https:\\\/\\\/x.com\\\/radioljubuski\",\"https:\\\/\\\/hr.linkedin.com\\\/company\\\/radio-ljubuski\",\"https:\\\/\\\/www.youtube.com\\\/channel\\\/UCHYaeO_n0Db3tjNGudGpXyw\"]},{\"@type\":\"Person\",\"@id\":\"https:\\\/\\\/radioljubuski.ba\\\/#\\\/schema\\\/person\\\/19fc700381a780f69665d7956c469e3b\",\"name\":\"Radio Ljubu\u0161ki\"}]}<\/script>\n<!-- \/ Yoast SEO plugin. -->","yoast_head_json":{"title":"Petrovi\u0107: Brojevi zabrinjavaju\u0107i, ali jo\u0161 nema razloga za paniku - RADIO LJUBU\u0160KI","robots":{"index":"index","follow":"follow","max-snippet":"max-snippet:-1","max-image-preview":"max-image-preview:large","max-video-preview":"max-video-preview:-1"},"canonical":"https:\/\/radioljubuski.ba\/index.php\/2021\/03\/28\/petrovic-brojevi-zabrinjavajuci-ali-jos-nema-razloga-za-paniku\/","og_locale":"hr_HR","og_type":"article","og_title":"Petrovi\u0107: Brojevi zabrinjavaju\u0107i, ali jo\u0161 nema razloga za paniku - RADIO LJUBU\u0160KI","og_description":"U posljednja 24 sata zabilje\u017een je 1321 novi slu\u010daj zaraze virusom SARS-CoV-2 te je broj aktivnih slu\u010dajeva u Hrvatskoj danas ukupno 10 092. Me\u0111u njima je 1201 pacijent na bolni\u010dkom lije\u010denju, od toga je na respiratoru 121 pacijent.&nbsp;Preminula je 21 osoba. Petrovi\u0107 o skoku broja zara\u017eenih Goranka Petrovi\u0107&nbsp;iz Hrvatskog zavoda za javno zdravstvo izjavila je [&hellip;]","og_url":"https:\/\/radioljubuski.ba\/index.php\/2021\/03\/28\/petrovic-brojevi-zabrinjavajuci-ali-jos-nema-razloga-za-paniku\/","og_site_name":"RADIO LJUBU\u0160KI","article_publisher":"https:\/\/www.facebook.com\/Radiio-Ljubuski-1490835324566332","article_published_time":"2021-03-28T13:13:11+00:00","article_modified_time":"2021-03-28T13:13:12+00:00","og_image":[{"width":644,"height":360,"url":"https:\/\/radioljubuski.ba\/wp-content\/uploads\/2021\/03\/1-21.png","type":"image\/png"}],"author":"Radio Ljubu\u0161ki","twitter_card":"summary_large_image","twitter_creator":"@radioljubuski","twitter_site":"@radioljubuski","twitter_misc":{"Napisao\/la":"Radio Ljubu\u0161ki","Procijenjeno vrijeme \u010ditanja":"4 minute"},"schema":{"@context":"https:\/\/schema.org","@graph":[{"@type":"Article","@id":"https:\/\/radioljubuski.ba\/index.php\/2021\/03\/28\/petrovic-brojevi-zabrinjavajuci-ali-jos-nema-razloga-za-paniku\/#article","isPartOf":{"@id":"https:\/\/radioljubuski.ba\/index.php\/2021\/03\/28\/petrovic-brojevi-zabrinjavajuci-ali-jos-nema-razloga-za-paniku\/"},"author":{"name":"Radio Ljubu\u0161ki","@id":"https:\/\/radioljubuski.ba\/#\/schema\/person\/19fc700381a780f69665d7956c469e3b"},"headline":"Petrovi\u0107: Brojevi zabrinjavaju\u0107i, ali jo\u0161 nema razloga za paniku","datePublished":"2021-03-28T13:13:11+00:00","dateModified":"2021-03-28T13:13:12+00:00","mainEntityOfPage":{"@id":"https:\/\/radioljubuski.ba\/index.php\/2021\/03\/28\/petrovic-brojevi-zabrinjavajuci-ali-jos-nema-razloga-za-paniku\/"},"wordCount":964,"publisher":{"@id":"https:\/\/radioljubuski.ba\/#organization"},"image":{"@id":"https:\/\/radioljubuski.ba\/index.php\/2021\/03\/28\/petrovic-brojevi-zabrinjavajuci-ali-jos-nema-razloga-za-paniku\/#primaryimage"},"thumbnailUrl":"https:\/\/radioljubuski.ba\/wp-content\/uploads\/2021\/03\/1-21.png","articleSection":["BIH i regija"],"inLanguage":"hr"},{"@type":"WebPage","@id":"https:\/\/radioljubuski.ba\/index.php\/2021\/03\/28\/petrovic-brojevi-zabrinjavajuci-ali-jos-nema-razloga-za-paniku\/","url":"https:\/\/radioljubuski.ba\/index.php\/2021\/03\/28\/petrovic-brojevi-zabrinjavajuci-ali-jos-nema-razloga-za-paniku\/","name":"Petrovi\u0107: Brojevi zabrinjavaju\u0107i, ali jo\u0161 nema razloga za paniku - RADIO LJUBU\u0160KI","isPartOf":{"@id":"https:\/\/radioljubuski.ba\/#website"},"primaryImageOfPage":{"@id":"https:\/\/radioljubuski.ba\/index.php\/2021\/03\/28\/petrovic-brojevi-zabrinjavajuci-ali-jos-nema-razloga-za-paniku\/#primaryimage"},"image":{"@id":"https:\/\/radioljubuski.ba\/index.php\/2021\/03\/28\/petrovic-brojevi-zabrinjavajuci-ali-jos-nema-razloga-za-paniku\/#primaryimage"},"thumbnailUrl":"https:\/\/radioljubuski.ba\/wp-content\/uploads\/2021\/03\/1-21.png","datePublished":"2021-03-28T13:13:11+00:00","dateModified":"2021-03-28T13:13:12+00:00","breadcrumb":{"@id":"https:\/\/radioljubuski.ba\/index.php\/2021\/03\/28\/petrovic-brojevi-zabrinjavajuci-ali-jos-nema-razloga-za-paniku\/#breadcrumb"},"inLanguage":"hr","potentialAction":[{"@type":"ReadAction","target":["https:\/\/radioljubuski.ba\/index.php\/2021\/03\/28\/petrovic-brojevi-zabrinjavajuci-ali-jos-nema-razloga-za-paniku\/"]}]},{"@type":"ImageObject","inLanguage":"hr","@id":"https:\/\/radioljubuski.ba\/index.php\/2021\/03\/28\/petrovic-brojevi-zabrinjavajuci-ali-jos-nema-razloga-za-paniku\/#primaryimage","url":"https:\/\/radioljubuski.ba\/wp-content\/uploads\/2021\/03\/1-21.png","contentUrl":"https:\/\/radioljubuski.ba\/wp-content\/uploads\/2021\/03\/1-21.png","width":644,"height":360},{"@type":"BreadcrumbList","@id":"https:\/\/radioljubuski.ba\/index.php\/2021\/03\/28\/petrovic-brojevi-zabrinjavajuci-ali-jos-nema-razloga-za-paniku\/#breadcrumb","itemListElement":[{"@type":"ListItem","position":1,"name":"Po\u010detna stranica","item":"https:\/\/radioljubuski.ba\/"},{"@type":"ListItem","position":2,"name":"Petrovi\u0107: Brojevi zabrinjavaju\u0107i, ali jo\u0161 nema razloga za paniku"}]},{"@type":"WebSite","@id":"https:\/\/radioljubuski.ba\/#website","url":"https:\/\/radioljubuski.ba\/","name":"Radio Ljubu\u0161ki","description":"Sun\u010dana frekvencija Hercegovine","publisher":{"@id":"https:\/\/radioljubuski.ba\/#organization"},"potentialAction":[{"@type":"SearchAction","target":{"@type":"EntryPoint","urlTemplate":"https:\/\/radioljubuski.ba\/?s={search_term_string}"},"query-input":{"@type":"PropertyValueSpecification","valueRequired":true,"valueName":"search_term_string"}}],"inLanguage":"hr"},{"@type":"Organization","@id":"https:\/\/radioljubuski.ba\/#organization","name":"Radio Ljubu\u0161ki","url":"https:\/\/radioljubuski.ba\/","logo":{"@type":"ImageObject","inLanguage":"hr","@id":"https:\/\/radioljubuski.ba\/#\/schema\/logo\/image\/","url":"https:\/\/radioljubuski.ba\/wp-content\/uploads\/2021\/02\/cropped-Radio_Ljubuski_logo1.jpg","contentUrl":"https:\/\/radioljubuski.ba\/wp-content\/uploads\/2021\/02\/cropped-Radio_Ljubuski_logo1.jpg","width":512,"height":512,"caption":"Radio Ljubu\u0161ki"},"image":{"@id":"https:\/\/radioljubuski.ba\/#\/schema\/logo\/image\/"},"sameAs":["https:\/\/www.facebook.com\/Radiio-Ljubuski-1490835324566332","https:\/\/x.com\/radioljubuski","https:\/\/hr.linkedin.com\/company\/radio-ljubuski","https:\/\/www.youtube.com\/channel\/UCHYaeO_n0Db3tjNGudGpXyw"]},{"@type":"Person","@id":"https:\/\/radioljubuski.ba\/#\/schema\/person\/19fc700381a780f69665d7956c469e3b","name":"Radio Ljubu\u0161ki"}]}},"_links":{"self":[{"href":"https:\/\/radioljubuski.ba\/index.php\/wp-json\/wp\/v2\/posts\/7549","targetHints":{"allow":["GET"]}}],"collection":[{"href":"https:\/\/radioljubuski.ba\/index.php\/wp-json\/wp\/v2\/posts"}],"about":[{"href":"https:\/\/radioljubuski.ba\/index.php\/wp-json\/wp\/v2\/types\/post"}],"author":[{"embeddable":true,"href":"https:\/\/radioljubuski.ba\/index.php\/wp-json\/wp\/v2\/users\/2"}],"replies":[{"embeddable":true,"href":"https:\/\/radioljubuski.ba\/index.php\/wp-json\/wp\/v2\/comments?post=7549"}],"version-history":[{"count":1,"href":"https:\/\/radioljubuski.ba\/index.php\/wp-json\/wp\/v2\/posts\/7549\/revisions"}],"predecessor-version":[{"id":7551,"href":"https:\/\/radioljubuski.ba\/index.php\/wp-json\/wp\/v2\/posts\/7549\/revisions\/7551"}],"wp:featuredmedia":[{"embeddable":true,"href":"https:\/\/radioljubuski.ba\/index.php\/wp-json\/wp\/v2\/media\/7550"}],"wp:attachment":[{"href":"https:\/\/radioljubuski.ba\/index.php\/wp-json\/wp\/v2\/media?parent=7549"}],"wp:term":[{"taxonomy":"category","embeddable":true,"href":"https:\/\/radioljubuski.ba\/index.php\/wp-json\/wp\/v2\/categories?post=7549"},{"taxonomy":"post_tag","embeddable":true,"href":"https:\/\/radioljubuski.ba\/index.php\/wp-json\/wp\/v2\/tags?post=7549"}],"curies":[{"name":"wp","href":"https:\/\/api.w.org\/{rel}","templated":true}]}}