{"id":7552,"date":"2021-03-28T14:15:27","date_gmt":"2021-03-28T13:15:27","guid":{"rendered":"https:\/\/radioljubuski.ba\/?p=7552"},"modified":"2021-03-28T14:15:27","modified_gmt":"2021-03-28T13:15:27","slug":"u-sloveniji-jos-640-novozarazenih","status":"publish","type":"post","link":"https:\/\/radioljubuski.ba\/index.php\/2021\/03\/28\/u-sloveniji-jos-640-novozarazenih\/","title":{"rendered":"U Sloveniji jo\u0161 640 novozara\u017eenih"},"content":{"rendered":"\n<p><strong>U Sloveniji je u posljednja 24 sata, uz smanjeni opseg testiranja, bilo 640 slu\u010dajeva zaraze&nbsp; koronavirusom, te sedam umrlih od posljedica bolesti COVID-19. a Epidemiolozi su vladi predlo\u017eili 11-dnevno zatvaranje dru\u0161tvenog \u017eivota koje bi zapo\u010delo 1. travnja. Vlada \u0107e sjednicu odr\u017eati popodne.&nbsp;<\/strong><\/p>\n\n\n\n<p>Stru\u010dna skupina za COVID-19 predla\u017ee vladi potpuno zatvaranje dr\u017eave od 1. do 11. travnja, \u0161to je nu\u017ean potez zbog ponovnog rasta broja zaraza, kazala je pred sastanak vlade i politi\u010dkog vrha epidemiologinja Mateja Logar, dodav\u0161i da je to jedinstveno stajali\u0161te struke.<\/p>\n\n\n\n<p>&#8211; \u017delimo za\u0161tititi populaciju i odr\u017eati zdravstveni sustav, kazao je ministar zdravstva Janez Poklukar.<\/p>\n\n\n\n<p>Prema njegovim rije\u010dima, trend porasta novih zaraza je u velikom zamahu, a ako se ne uvedu nova stro\u017ea ograni\u010denja to bi moglo izazvati 500 novih smrtnih slu\u010dajeva od posljedica koronavirusne bolesti od sada do kraja lipnja.<\/p>\n\n\n\n<p>S prijeldogom o zatvaranju sla\u017ee se i premijer Janez Jan\u0161a.&nbsp; Vlada je,&nbsp; po njegovim rije\u010dima, svjesna da je zatvaranje te\u0161ka odluka, jer ima znatne financijske i socijalne posljedice, no smatra da \u0107e u\u010dinci novih mjera biti vidljivi samo ako ih se svi budu pridr\u017eavali.<\/p>\n\n\n\n<p>Jan\u0161a je kazao da cjepiva u Sloveniju dolaze s &#8220;mjesec dana zaostatka&#8221; u odnosu na obe\u0107anja, \u0161to zna\u010di da ne\u0107e uspjeti plan da se do ljeta imunizira ve\u0107ina populacije, iako \u0107e ve\u0107a koli\u010dina cjepiva sti\u0107i u svibnju, kad bi se najve\u0107i dio restrikcija opet mogao ubla\u017eiti jer \u0107e Slovenija epidemiolo\u0161ki biti u &#8220;\u017eutoj&#8221; fazi.<\/p>\n\n\n\n<p>Prema prijedlogu epidemiologa, izuzetak tijekom potpunog zatvaranja zbog rasta novih slu\u010dajeva zaraze u 11-dnevnom razdoblju bila bi uskrsna nedjelja, kad bi bilo dopu\u0161teno i dru\u017eenje ljudi i izvan podru\u010dja ina\u010de zatvorenih regija. Samo za Uskrs bilo bi dopu\u0161teno okupljanje do pet odraslih ljudi i njihove djece iz dvaju ku\u0107anstava.<\/p>\n\n\n\n<p>&nbsp;Uz zatvaranje regija, predvi\u0111eno je i da se obrazovni proces opet odvija na daljinu, s time da bi \u0161kole i vrti\u0107i ipak primali djecu roditelja zaposlenih na radnim mjestima \u010dije je djelovanje va\u017eno sa stanovi\u0161ta dr\u017eave.<\/p>\n\n\n\n<p>&nbsp;Javni putni\u010dki promet bi po prijedlogu epidemiologa u vrijeme zatvaranja bio ograni\u010den na re\u017eim za nedjelju i blagdane.<\/p>\n\n\n\n<p>Rad bi se u ustanovama i poduze\u0107ima u \u0161to ve\u0107oj mjeri organizirao od ku\u0107e, a u \u0161to ve\u0107oj bi se mjeri koristili i godi\u0161nji odmori.<\/p>\n\n\n\n<p>Nakon zavr\u0161etka zatvaranja 12. travnja \u0161kole bi se opet otvorile za nastavu, dok bi se sve ostale aktivnosti pri otvaranju ravnale prema vladinom epidemiolo\u0161kom &#8220;semaforu&#8221;, ovisno od epidemiolo\u0161kog stanja u dr\u017eavi.<\/p>\n\n\n\n<p>Izvor:hrt.hr<\/p>\n","protected":false},"excerpt":{"rendered":"<p>U Sloveniji je u posljednja 24 sata, uz smanjeni opseg testiranja, bilo 640 slu\u010dajeva zaraze&nbsp; koronavirusom, te sedam umrlih od posljedica bolesti COVID-19. a Epidemiolozi su vladi predlo\u017eili 11-dnevno zatvaranje dru\u0161tvenog \u017eivota koje bi zapo\u010delo 1. travnja. Vlada \u0107e sjednicu odr\u017eati popodne.&nbsp; Stru\u010dna skupina za COVID-19 predla\u017ee vladi potpuno zatvaranje dr\u017eave od 1. do 11. [&hellip;]<\/p>\n","protected":false},"author":2,"featured_media":7553,"comment_status":"closed","ping_status":"closed","sticky":false,"template":"","format":"standard","meta":{"h5ap_radio_sources":[],"footnotes":""},"categories":[1],"tags":[],"class_list":["post-7552","post","type-post","status-publish","format-standard","has-post-thumbnail","hentry","category-bihiregija"],"yoast_head":"<!-- This site is optimized with the Yoast SEO plugin v27.4 - https:\/\/yoast.com\/product\/yoast-seo-wordpress\/ -->\n<title>U Sloveniji jo\u0161 640 novozara\u017eenih - RADIO LJUBU\u0160KI<\/title>\n<meta name=\"robots\" content=\"index, follow, max-snippet:-1, max-image-preview:large, max-video-preview:-1\" \/>\n<link rel=\"canonical\" href=\"https:\/\/radioljubuski.ba\/index.php\/2021\/03\/28\/u-sloveniji-jos-640-novozarazenih\/\" \/>\n<meta property=\"og:locale\" content=\"hr_HR\" \/>\n<meta property=\"og:type\" content=\"article\" \/>\n<meta property=\"og:title\" content=\"U Sloveniji jo\u0161 640 novozara\u017eenih - RADIO LJUBU\u0160KI\" \/>\n<meta property=\"og:description\" content=\"U Sloveniji je u posljednja 24 sata, uz smanjeni opseg testiranja, bilo 640 slu\u010dajeva zaraze&nbsp; koronavirusom, te sedam umrlih od posljedica bolesti COVID-19. a Epidemiolozi su vladi predlo\u017eili 11-dnevno zatvaranje dru\u0161tvenog \u017eivota koje bi zapo\u010delo 1. travnja. Vlada \u0107e sjednicu odr\u017eati popodne.&nbsp; Stru\u010dna skupina za COVID-19 predla\u017ee vladi potpuno zatvaranje dr\u017eave od 1. do 11. [&hellip;]\" \/>\n<meta property=\"og:url\" content=\"https:\/\/radioljubuski.ba\/index.php\/2021\/03\/28\/u-sloveniji-jos-640-novozarazenih\/\" \/>\n<meta property=\"og:site_name\" content=\"RADIO LJUBU\u0160KI\" \/>\n<meta property=\"article:publisher\" content=\"https:\/\/www.facebook.com\/Radiio-Ljubuski-1490835324566332\" \/>\n<meta property=\"article:published_time\" content=\"2021-03-28T13:15:27+00:00\" \/>\n<meta property=\"og:image\" content=\"https:\/\/radioljubuski.ba\/wp-content\/uploads\/2021\/03\/2-9.png\" \/>\n\t<meta property=\"og:image:width\" content=\"644\" \/>\n\t<meta property=\"og:image:height\" content=\"363\" \/>\n\t<meta property=\"og:image:type\" content=\"image\/png\" \/>\n<meta name=\"author\" content=\"Radio Ljubu\u0161ki\" \/>\n<meta name=\"twitter:card\" content=\"summary_large_image\" \/>\n<meta name=\"twitter:creator\" content=\"@radioljubuski\" \/>\n<meta name=\"twitter:site\" content=\"@radioljubuski\" \/>\n<meta name=\"twitter:label1\" content=\"Napisao\/la\" \/>\n\t<meta name=\"twitter:data1\" content=\"Radio Ljubu\u0161ki\" \/>\n\t<meta name=\"twitter:label2\" content=\"Procijenjeno vrijeme \u010ditanja\" \/>\n\t<meta name=\"twitter:data2\" content=\"2 minute\" \/>\n<script type=\"application\/ld+json\" class=\"yoast-schema-graph\">{\"@context\":\"https:\\\/\\\/schema.org\",\"@graph\":[{\"@type\":\"Article\",\"@id\":\"https:\\\/\\\/radioljubuski.ba\\\/index.php\\\/2021\\\/03\\\/28\\\/u-sloveniji-jos-640-novozarazenih\\\/#article\",\"isPartOf\":{\"@id\":\"https:\\\/\\\/radioljubuski.ba\\\/index.php\\\/2021\\\/03\\\/28\\\/u-sloveniji-jos-640-novozarazenih\\\/\"},\"author\":{\"name\":\"Radio Ljubu\u0161ki\",\"@id\":\"https:\\\/\\\/radioljubuski.ba\\\/#\\\/schema\\\/person\\\/19fc700381a780f69665d7956c469e3b\"},\"headline\":\"U Sloveniji jo\u0161 640 novozara\u017eenih\",\"datePublished\":\"2021-03-28T13:15:27+00:00\",\"mainEntityOfPage\":{\"@id\":\"https:\\\/\\\/radioljubuski.ba\\\/index.php\\\/2021\\\/03\\\/28\\\/u-sloveniji-jos-640-novozarazenih\\\/\"},\"wordCount\":456,\"publisher\":{\"@id\":\"https:\\\/\\\/radioljubuski.ba\\\/#organization\"},\"image\":{\"@id\":\"https:\\\/\\\/radioljubuski.ba\\\/index.php\\\/2021\\\/03\\\/28\\\/u-sloveniji-jos-640-novozarazenih\\\/#primaryimage\"},\"thumbnailUrl\":\"https:\\\/\\\/radioljubuski.ba\\\/wp-content\\\/uploads\\\/2021\\\/03\\\/2-9.png\",\"articleSection\":[\"BIH i regija\"],\"inLanguage\":\"hr\"},{\"@type\":\"WebPage\",\"@id\":\"https:\\\/\\\/radioljubuski.ba\\\/index.php\\\/2021\\\/03\\\/28\\\/u-sloveniji-jos-640-novozarazenih\\\/\",\"url\":\"https:\\\/\\\/radioljubuski.ba\\\/index.php\\\/2021\\\/03\\\/28\\\/u-sloveniji-jos-640-novozarazenih\\\/\",\"name\":\"U Sloveniji jo\u0161 640 novozara\u017eenih - RADIO LJUBU\u0160KI\",\"isPartOf\":{\"@id\":\"https:\\\/\\\/radioljubuski.ba\\\/#website\"},\"primaryImageOfPage\":{\"@id\":\"https:\\\/\\\/radioljubuski.ba\\\/index.php\\\/2021\\\/03\\\/28\\\/u-sloveniji-jos-640-novozarazenih\\\/#primaryimage\"},\"image\":{\"@id\":\"https:\\\/\\\/radioljubuski.ba\\\/index.php\\\/2021\\\/03\\\/28\\\/u-sloveniji-jos-640-novozarazenih\\\/#primaryimage\"},\"thumbnailUrl\":\"https:\\\/\\\/radioljubuski.ba\\\/wp-content\\\/uploads\\\/2021\\\/03\\\/2-9.png\",\"datePublished\":\"2021-03-28T13:15:27+00:00\",\"breadcrumb\":{\"@id\":\"https:\\\/\\\/radioljubuski.ba\\\/index.php\\\/2021\\\/03\\\/28\\\/u-sloveniji-jos-640-novozarazenih\\\/#breadcrumb\"},\"inLanguage\":\"hr\",\"potentialAction\":[{\"@type\":\"ReadAction\",\"target\":[\"https:\\\/\\\/radioljubuski.ba\\\/index.php\\\/2021\\\/03\\\/28\\\/u-sloveniji-jos-640-novozarazenih\\\/\"]}]},{\"@type\":\"ImageObject\",\"inLanguage\":\"hr\",\"@id\":\"https:\\\/\\\/radioljubuski.ba\\\/index.php\\\/2021\\\/03\\\/28\\\/u-sloveniji-jos-640-novozarazenih\\\/#primaryimage\",\"url\":\"https:\\\/\\\/radioljubuski.ba\\\/wp-content\\\/uploads\\\/2021\\\/03\\\/2-9.png\",\"contentUrl\":\"https:\\\/\\\/radioljubuski.ba\\\/wp-content\\\/uploads\\\/2021\\\/03\\\/2-9.png\",\"width\":644,\"height\":363},{\"@type\":\"BreadcrumbList\",\"@id\":\"https:\\\/\\\/radioljubuski.ba\\\/index.php\\\/2021\\\/03\\\/28\\\/u-sloveniji-jos-640-novozarazenih\\\/#breadcrumb\",\"itemListElement\":[{\"@type\":\"ListItem\",\"position\":1,\"name\":\"Po\u010detna stranica\",\"item\":\"https:\\\/\\\/radioljubuski.ba\\\/\"},{\"@type\":\"ListItem\",\"position\":2,\"name\":\"U Sloveniji jo\u0161 640 novozara\u017eenih\"}]},{\"@type\":\"WebSite\",\"@id\":\"https:\\\/\\\/radioljubuski.ba\\\/#website\",\"url\":\"https:\\\/\\\/radioljubuski.ba\\\/\",\"name\":\"Radio Ljubu\u0161ki\",\"description\":\"Sun\u010dana frekvencija Hercegovine\",\"publisher\":{\"@id\":\"https:\\\/\\\/radioljubuski.ba\\\/#organization\"},\"potentialAction\":[{\"@type\":\"SearchAction\",\"target\":{\"@type\":\"EntryPoint\",\"urlTemplate\":\"https:\\\/\\\/radioljubuski.ba\\\/?s={search_term_string}\"},\"query-input\":{\"@type\":\"PropertyValueSpecification\",\"valueRequired\":true,\"valueName\":\"search_term_string\"}}],\"inLanguage\":\"hr\"},{\"@type\":\"Organization\",\"@id\":\"https:\\\/\\\/radioljubuski.ba\\\/#organization\",\"name\":\"Radio Ljubu\u0161ki\",\"url\":\"https:\\\/\\\/radioljubuski.ba\\\/\",\"logo\":{\"@type\":\"ImageObject\",\"inLanguage\":\"hr\",\"@id\":\"https:\\\/\\\/radioljubuski.ba\\\/#\\\/schema\\\/logo\\\/image\\\/\",\"url\":\"https:\\\/\\\/radioljubuski.ba\\\/wp-content\\\/uploads\\\/2021\\\/02\\\/cropped-Radio_Ljubuski_logo1.jpg\",\"contentUrl\":\"https:\\\/\\\/radioljubuski.ba\\\/wp-content\\\/uploads\\\/2021\\\/02\\\/cropped-Radio_Ljubuski_logo1.jpg\",\"width\":512,\"height\":512,\"caption\":\"Radio Ljubu\u0161ki\"},\"image\":{\"@id\":\"https:\\\/\\\/radioljubuski.ba\\\/#\\\/schema\\\/logo\\\/image\\\/\"},\"sameAs\":[\"https:\\\/\\\/www.facebook.com\\\/Radiio-Ljubuski-1490835324566332\",\"https:\\\/\\\/x.com\\\/radioljubuski\",\"https:\\\/\\\/hr.linkedin.com\\\/company\\\/radio-ljubuski\",\"https:\\\/\\\/www.youtube.com\\\/channel\\\/UCHYaeO_n0Db3tjNGudGpXyw\"]},{\"@type\":\"Person\",\"@id\":\"https:\\\/\\\/radioljubuski.ba\\\/#\\\/schema\\\/person\\\/19fc700381a780f69665d7956c469e3b\",\"name\":\"Radio Ljubu\u0161ki\"}]}<\/script>\n<!-- \/ Yoast SEO plugin. -->","yoast_head_json":{"title":"U Sloveniji jo\u0161 640 novozara\u017eenih - RADIO LJUBU\u0160KI","robots":{"index":"index","follow":"follow","max-snippet":"max-snippet:-1","max-image-preview":"max-image-preview:large","max-video-preview":"max-video-preview:-1"},"canonical":"https:\/\/radioljubuski.ba\/index.php\/2021\/03\/28\/u-sloveniji-jos-640-novozarazenih\/","og_locale":"hr_HR","og_type":"article","og_title":"U Sloveniji jo\u0161 640 novozara\u017eenih - RADIO LJUBU\u0160KI","og_description":"U Sloveniji je u posljednja 24 sata, uz smanjeni opseg testiranja, bilo 640 slu\u010dajeva zaraze&nbsp; koronavirusom, te sedam umrlih od posljedica bolesti COVID-19. a Epidemiolozi su vladi predlo\u017eili 11-dnevno zatvaranje dru\u0161tvenog \u017eivota koje bi zapo\u010delo 1. travnja. Vlada \u0107e sjednicu odr\u017eati popodne.&nbsp; Stru\u010dna skupina za COVID-19 predla\u017ee vladi potpuno zatvaranje dr\u017eave od 1. do 11. [&hellip;]","og_url":"https:\/\/radioljubuski.ba\/index.php\/2021\/03\/28\/u-sloveniji-jos-640-novozarazenih\/","og_site_name":"RADIO LJUBU\u0160KI","article_publisher":"https:\/\/www.facebook.com\/Radiio-Ljubuski-1490835324566332","article_published_time":"2021-03-28T13:15:27+00:00","og_image":[{"width":644,"height":363,"url":"https:\/\/radioljubuski.ba\/wp-content\/uploads\/2021\/03\/2-9.png","type":"image\/png"}],"author":"Radio Ljubu\u0161ki","twitter_card":"summary_large_image","twitter_creator":"@radioljubuski","twitter_site":"@radioljubuski","twitter_misc":{"Napisao\/la":"Radio Ljubu\u0161ki","Procijenjeno vrijeme \u010ditanja":"2 minute"},"schema":{"@context":"https:\/\/schema.org","@graph":[{"@type":"Article","@id":"https:\/\/radioljubuski.ba\/index.php\/2021\/03\/28\/u-sloveniji-jos-640-novozarazenih\/#article","isPartOf":{"@id":"https:\/\/radioljubuski.ba\/index.php\/2021\/03\/28\/u-sloveniji-jos-640-novozarazenih\/"},"author":{"name":"Radio Ljubu\u0161ki","@id":"https:\/\/radioljubuski.ba\/#\/schema\/person\/19fc700381a780f69665d7956c469e3b"},"headline":"U Sloveniji jo\u0161 640 novozara\u017eenih","datePublished":"2021-03-28T13:15:27+00:00","mainEntityOfPage":{"@id":"https:\/\/radioljubuski.ba\/index.php\/2021\/03\/28\/u-sloveniji-jos-640-novozarazenih\/"},"wordCount":456,"publisher":{"@id":"https:\/\/radioljubuski.ba\/#organization"},"image":{"@id":"https:\/\/radioljubuski.ba\/index.php\/2021\/03\/28\/u-sloveniji-jos-640-novozarazenih\/#primaryimage"},"thumbnailUrl":"https:\/\/radioljubuski.ba\/wp-content\/uploads\/2021\/03\/2-9.png","articleSection":["BIH i regija"],"inLanguage":"hr"},{"@type":"WebPage","@id":"https:\/\/radioljubuski.ba\/index.php\/2021\/03\/28\/u-sloveniji-jos-640-novozarazenih\/","url":"https:\/\/radioljubuski.ba\/index.php\/2021\/03\/28\/u-sloveniji-jos-640-novozarazenih\/","name":"U Sloveniji jo\u0161 640 novozara\u017eenih - RADIO LJUBU\u0160KI","isPartOf":{"@id":"https:\/\/radioljubuski.ba\/#website"},"primaryImageOfPage":{"@id":"https:\/\/radioljubuski.ba\/index.php\/2021\/03\/28\/u-sloveniji-jos-640-novozarazenih\/#primaryimage"},"image":{"@id":"https:\/\/radioljubuski.ba\/index.php\/2021\/03\/28\/u-sloveniji-jos-640-novozarazenih\/#primaryimage"},"thumbnailUrl":"https:\/\/radioljubuski.ba\/wp-content\/uploads\/2021\/03\/2-9.png","datePublished":"2021-03-28T13:15:27+00:00","breadcrumb":{"@id":"https:\/\/radioljubuski.ba\/index.php\/2021\/03\/28\/u-sloveniji-jos-640-novozarazenih\/#breadcrumb"},"inLanguage":"hr","potentialAction":[{"@type":"ReadAction","target":["https:\/\/radioljubuski.ba\/index.php\/2021\/03\/28\/u-sloveniji-jos-640-novozarazenih\/"]}]},{"@type":"ImageObject","inLanguage":"hr","@id":"https:\/\/radioljubuski.ba\/index.php\/2021\/03\/28\/u-sloveniji-jos-640-novozarazenih\/#primaryimage","url":"https:\/\/radioljubuski.ba\/wp-content\/uploads\/2021\/03\/2-9.png","contentUrl":"https:\/\/radioljubuski.ba\/wp-content\/uploads\/2021\/03\/2-9.png","width":644,"height":363},{"@type":"BreadcrumbList","@id":"https:\/\/radioljubuski.ba\/index.php\/2021\/03\/28\/u-sloveniji-jos-640-novozarazenih\/#breadcrumb","itemListElement":[{"@type":"ListItem","position":1,"name":"Po\u010detna stranica","item":"https:\/\/radioljubuski.ba\/"},{"@type":"ListItem","position":2,"name":"U Sloveniji jo\u0161 640 novozara\u017eenih"}]},{"@type":"WebSite","@id":"https:\/\/radioljubuski.ba\/#website","url":"https:\/\/radioljubuski.ba\/","name":"Radio Ljubu\u0161ki","description":"Sun\u010dana frekvencija Hercegovine","publisher":{"@id":"https:\/\/radioljubuski.ba\/#organization"},"potentialAction":[{"@type":"SearchAction","target":{"@type":"EntryPoint","urlTemplate":"https:\/\/radioljubuski.ba\/?s={search_term_string}"},"query-input":{"@type":"PropertyValueSpecification","valueRequired":true,"valueName":"search_term_string"}}],"inLanguage":"hr"},{"@type":"Organization","@id":"https:\/\/radioljubuski.ba\/#organization","name":"Radio Ljubu\u0161ki","url":"https:\/\/radioljubuski.ba\/","logo":{"@type":"ImageObject","inLanguage":"hr","@id":"https:\/\/radioljubuski.ba\/#\/schema\/logo\/image\/","url":"https:\/\/radioljubuski.ba\/wp-content\/uploads\/2021\/02\/cropped-Radio_Ljubuski_logo1.jpg","contentUrl":"https:\/\/radioljubuski.ba\/wp-content\/uploads\/2021\/02\/cropped-Radio_Ljubuski_logo1.jpg","width":512,"height":512,"caption":"Radio Ljubu\u0161ki"},"image":{"@id":"https:\/\/radioljubuski.ba\/#\/schema\/logo\/image\/"},"sameAs":["https:\/\/www.facebook.com\/Radiio-Ljubuski-1490835324566332","https:\/\/x.com\/radioljubuski","https:\/\/hr.linkedin.com\/company\/radio-ljubuski","https:\/\/www.youtube.com\/channel\/UCHYaeO_n0Db3tjNGudGpXyw"]},{"@type":"Person","@id":"https:\/\/radioljubuski.ba\/#\/schema\/person\/19fc700381a780f69665d7956c469e3b","name":"Radio Ljubu\u0161ki"}]}},"_links":{"self":[{"href":"https:\/\/radioljubuski.ba\/index.php\/wp-json\/wp\/v2\/posts\/7552","targetHints":{"allow":["GET"]}}],"collection":[{"href":"https:\/\/radioljubuski.ba\/index.php\/wp-json\/wp\/v2\/posts"}],"about":[{"href":"https:\/\/radioljubuski.ba\/index.php\/wp-json\/wp\/v2\/types\/post"}],"author":[{"embeddable":true,"href":"https:\/\/radioljubuski.ba\/index.php\/wp-json\/wp\/v2\/users\/2"}],"replies":[{"embeddable":true,"href":"https:\/\/radioljubuski.ba\/index.php\/wp-json\/wp\/v2\/comments?post=7552"}],"version-history":[{"count":1,"href":"https:\/\/radioljubuski.ba\/index.php\/wp-json\/wp\/v2\/posts\/7552\/revisions"}],"predecessor-version":[{"id":7554,"href":"https:\/\/radioljubuski.ba\/index.php\/wp-json\/wp\/v2\/posts\/7552\/revisions\/7554"}],"wp:featuredmedia":[{"embeddable":true,"href":"https:\/\/radioljubuski.ba\/index.php\/wp-json\/wp\/v2\/media\/7553"}],"wp:attachment":[{"href":"https:\/\/radioljubuski.ba\/index.php\/wp-json\/wp\/v2\/media?parent=7552"}],"wp:term":[{"taxonomy":"category","embeddable":true,"href":"https:\/\/radioljubuski.ba\/index.php\/wp-json\/wp\/v2\/categories?post=7552"},{"taxonomy":"post_tag","embeddable":true,"href":"https:\/\/radioljubuski.ba\/index.php\/wp-json\/wp\/v2\/tags?post=7552"}],"curies":[{"name":"wp","href":"https:\/\/api.w.org\/{rel}","templated":true}]}}