{"id":75530,"date":"2021-10-14T10:33:17","date_gmt":"2021-10-14T09:33:17","guid":{"rendered":"https:\/\/radioljubuski.ba\/?p=75530"},"modified":"2021-10-14T10:33:18","modified_gmt":"2021-10-14T09:33:18","slug":"united-airlines-otpustio-232-zaposlenika-koji-se-nisu-htjeli-cijepiti","status":"publish","type":"post","link":"https:\/\/radioljubuski.ba\/index.php\/2021\/10\/14\/united-airlines-otpustio-232-zaposlenika-koji-se-nisu-htjeli-cijepiti\/","title":{"rendered":"United Airlines otpustio 232 zaposlenika koji se nisu htjeli cijepiti"},"content":{"rendered":"\n<p>Ameri\u010dka aviokompanija United Airlines u srijedu je objavila da poni\u0161tava ugovore s 232 zaposlenika koji su odlu\u010dili da se ne\u0107e cijepiti protiv covida-19.<\/p>\n\n\n\n<p>United Airlines je bila prva aviokompanija koja je uvela obavezu cijepljenja za zaposlenike.<\/p>\n\n\n\n<p>\u0160ef tvrtke Steve Kirby objavio je da se od 67 tisu\u0107a zaposlenika cijepiti odbilo njih 232.<\/p>\n\n\n\n<p>United Airlines za sada jedini veliki ameri\u010dki zra\u010dni prijevoznik koji je pribjegao postupku otpu\u0161tanja radi odbijanja primanja cjepiva protiv covida-19.<\/p>\n\n\n\n<p>Delta Airlines je uveo mjese\u010dnu obvezu od 200 dolara za necijepljene zaposlenike, dok American Airlines i Southwest Airlines raznim mjerama motiviraju zaposlene da se cijepe.<\/p>\n\n\n\n<p>Do srijede se cijepilo 90 posto zaposlenika Delta Airlinesa.<\/p>\n\n\n\n<p>Izvor:pogled.ba<\/p>\n","protected":false},"excerpt":{"rendered":"<p>Ameri\u010dka aviokompanija United Airlines u srijedu je objavila da poni\u0161tava ugovore s 232 zaposlenika koji su odlu\u010dili da se ne\u0107e cijepiti protiv covida-19. United Airlines je bila prva aviokompanija koja je uvela obavezu cijepljenja za zaposlenike. \u0160ef tvrtke Steve Kirby objavio je da se od 67 tisu\u0107a zaposlenika cijepiti odbilo njih 232. United Airlines za [&hellip;]<\/p>\n","protected":false},"author":2,"featured_media":75531,"comment_status":"closed","ping_status":"closed","sticky":false,"template":"","format":"standard","meta":{"h5ap_radio_sources":[],"footnotes":""},"categories":[1],"tags":[],"class_list":["post-75530","post","type-post","status-publish","format-standard","has-post-thumbnail","hentry","category-bihiregija"],"yoast_head":"<!-- This site is optimized with the Yoast SEO plugin v27.4 - https:\/\/yoast.com\/product\/yoast-seo-wordpress\/ -->\n<title>United Airlines otpustio 232 zaposlenika koji se nisu htjeli cijepiti - RADIO LJUBU\u0160KI<\/title>\n<meta name=\"robots\" content=\"index, follow, max-snippet:-1, max-image-preview:large, max-video-preview:-1\" \/>\n<link rel=\"canonical\" href=\"https:\/\/radioljubuski.ba\/index.php\/2021\/10\/14\/united-airlines-otpustio-232-zaposlenika-koji-se-nisu-htjeli-cijepiti\/\" \/>\n<meta property=\"og:locale\" content=\"hr_HR\" \/>\n<meta property=\"og:type\" content=\"article\" \/>\n<meta property=\"og:title\" content=\"United Airlines otpustio 232 zaposlenika koji se nisu htjeli cijepiti - RADIO LJUBU\u0160KI\" \/>\n<meta property=\"og:description\" content=\"Ameri\u010dka aviokompanija United Airlines u srijedu je objavila da poni\u0161tava ugovore s 232 zaposlenika koji su odlu\u010dili da se ne\u0107e cijepiti protiv covida-19. United Airlines je bila prva aviokompanija koja je uvela obavezu cijepljenja za zaposlenike. \u0160ef tvrtke Steve Kirby objavio je da se od 67 tisu\u0107a zaposlenika cijepiti odbilo njih 232. United Airlines za [&hellip;]\" \/>\n<meta property=\"og:url\" content=\"https:\/\/radioljubuski.ba\/index.php\/2021\/10\/14\/united-airlines-otpustio-232-zaposlenika-koji-se-nisu-htjeli-cijepiti\/\" \/>\n<meta property=\"og:site_name\" content=\"RADIO LJUBU\u0160KI\" \/>\n<meta property=\"article:publisher\" content=\"https:\/\/www.facebook.com\/Radiio-Ljubuski-1490835324566332\" \/>\n<meta property=\"article:published_time\" content=\"2021-10-14T09:33:17+00:00\" \/>\n<meta property=\"article:modified_time\" content=\"2021-10-14T09:33:18+00:00\" \/>\n<meta property=\"og:image\" content=\"https:\/\/radioljubuski.ba\/wp-content\/uploads\/2021\/10\/l4IvD6Oj_Stjuardesa_zrakoplov.jpg\" \/>\n\t<meta property=\"og:image:width\" content=\"1000\" \/>\n\t<meta property=\"og:image:height\" content=\"625\" \/>\n\t<meta property=\"og:image:type\" content=\"image\/jpeg\" \/>\n<meta name=\"author\" content=\"Radio Ljubu\u0161ki\" \/>\n<meta name=\"twitter:card\" content=\"summary_large_image\" \/>\n<meta name=\"twitter:creator\" content=\"@radioljubuski\" \/>\n<meta name=\"twitter:site\" content=\"@radioljubuski\" \/>\n<meta name=\"twitter:label1\" content=\"Napisao\/la\" \/>\n\t<meta name=\"twitter:data1\" content=\"Radio Ljubu\u0161ki\" \/>\n\t<meta name=\"twitter:label2\" content=\"Procijenjeno vrijeme \u010ditanja\" \/>\n\t<meta name=\"twitter:data2\" content=\"1 minuta\" \/>\n<script type=\"application\/ld+json\" class=\"yoast-schema-graph\">{\"@context\":\"https:\\\/\\\/schema.org\",\"@graph\":[{\"@type\":\"Article\",\"@id\":\"https:\\\/\\\/radioljubuski.ba\\\/index.php\\\/2021\\\/10\\\/14\\\/united-airlines-otpustio-232-zaposlenika-koji-se-nisu-htjeli-cijepiti\\\/#article\",\"isPartOf\":{\"@id\":\"https:\\\/\\\/radioljubuski.ba\\\/index.php\\\/2021\\\/10\\\/14\\\/united-airlines-otpustio-232-zaposlenika-koji-se-nisu-htjeli-cijepiti\\\/\"},\"author\":{\"name\":\"Radio Ljubu\u0161ki\",\"@id\":\"https:\\\/\\\/radioljubuski.ba\\\/#\\\/schema\\\/person\\\/19fc700381a780f69665d7956c469e3b\"},\"headline\":\"United Airlines otpustio 232 zaposlenika koji se nisu htjeli cijepiti\",\"datePublished\":\"2021-10-14T09:33:17+00:00\",\"dateModified\":\"2021-10-14T09:33:18+00:00\",\"mainEntityOfPage\":{\"@id\":\"https:\\\/\\\/radioljubuski.ba\\\/index.php\\\/2021\\\/10\\\/14\\\/united-airlines-otpustio-232-zaposlenika-koji-se-nisu-htjeli-cijepiti\\\/\"},\"wordCount\":122,\"publisher\":{\"@id\":\"https:\\\/\\\/radioljubuski.ba\\\/#organization\"},\"image\":{\"@id\":\"https:\\\/\\\/radioljubuski.ba\\\/index.php\\\/2021\\\/10\\\/14\\\/united-airlines-otpustio-232-zaposlenika-koji-se-nisu-htjeli-cijepiti\\\/#primaryimage\"},\"thumbnailUrl\":\"https:\\\/\\\/radioljubuski.ba\\\/wp-content\\\/uploads\\\/2021\\\/10\\\/l4IvD6Oj_Stjuardesa_zrakoplov.jpg\",\"articleSection\":[\"BIH i regija\"],\"inLanguage\":\"hr\"},{\"@type\":\"WebPage\",\"@id\":\"https:\\\/\\\/radioljubuski.ba\\\/index.php\\\/2021\\\/10\\\/14\\\/united-airlines-otpustio-232-zaposlenika-koji-se-nisu-htjeli-cijepiti\\\/\",\"url\":\"https:\\\/\\\/radioljubuski.ba\\\/index.php\\\/2021\\\/10\\\/14\\\/united-airlines-otpustio-232-zaposlenika-koji-se-nisu-htjeli-cijepiti\\\/\",\"name\":\"United Airlines otpustio 232 zaposlenika koji se nisu htjeli cijepiti - RADIO LJUBU\u0160KI\",\"isPartOf\":{\"@id\":\"https:\\\/\\\/radioljubuski.ba\\\/#website\"},\"primaryImageOfPage\":{\"@id\":\"https:\\\/\\\/radioljubuski.ba\\\/index.php\\\/2021\\\/10\\\/14\\\/united-airlines-otpustio-232-zaposlenika-koji-se-nisu-htjeli-cijepiti\\\/#primaryimage\"},\"image\":{\"@id\":\"https:\\\/\\\/radioljubuski.ba\\\/index.php\\\/2021\\\/10\\\/14\\\/united-airlines-otpustio-232-zaposlenika-koji-se-nisu-htjeli-cijepiti\\\/#primaryimage\"},\"thumbnailUrl\":\"https:\\\/\\\/radioljubuski.ba\\\/wp-content\\\/uploads\\\/2021\\\/10\\\/l4IvD6Oj_Stjuardesa_zrakoplov.jpg\",\"datePublished\":\"2021-10-14T09:33:17+00:00\",\"dateModified\":\"2021-10-14T09:33:18+00:00\",\"breadcrumb\":{\"@id\":\"https:\\\/\\\/radioljubuski.ba\\\/index.php\\\/2021\\\/10\\\/14\\\/united-airlines-otpustio-232-zaposlenika-koji-se-nisu-htjeli-cijepiti\\\/#breadcrumb\"},\"inLanguage\":\"hr\",\"potentialAction\":[{\"@type\":\"ReadAction\",\"target\":[\"https:\\\/\\\/radioljubuski.ba\\\/index.php\\\/2021\\\/10\\\/14\\\/united-airlines-otpustio-232-zaposlenika-koji-se-nisu-htjeli-cijepiti\\\/\"]}]},{\"@type\":\"ImageObject\",\"inLanguage\":\"hr\",\"@id\":\"https:\\\/\\\/radioljubuski.ba\\\/index.php\\\/2021\\\/10\\\/14\\\/united-airlines-otpustio-232-zaposlenika-koji-se-nisu-htjeli-cijepiti\\\/#primaryimage\",\"url\":\"https:\\\/\\\/radioljubuski.ba\\\/wp-content\\\/uploads\\\/2021\\\/10\\\/l4IvD6Oj_Stjuardesa_zrakoplov.jpg\",\"contentUrl\":\"https:\\\/\\\/radioljubuski.ba\\\/wp-content\\\/uploads\\\/2021\\\/10\\\/l4IvD6Oj_Stjuardesa_zrakoplov.jpg\",\"width\":1000,\"height\":625},{\"@type\":\"BreadcrumbList\",\"@id\":\"https:\\\/\\\/radioljubuski.ba\\\/index.php\\\/2021\\\/10\\\/14\\\/united-airlines-otpustio-232-zaposlenika-koji-se-nisu-htjeli-cijepiti\\\/#breadcrumb\",\"itemListElement\":[{\"@type\":\"ListItem\",\"position\":1,\"name\":\"Po\u010detna stranica\",\"item\":\"https:\\\/\\\/radioljubuski.ba\\\/\"},{\"@type\":\"ListItem\",\"position\":2,\"name\":\"United Airlines otpustio 232 zaposlenika koji se nisu htjeli cijepiti\"}]},{\"@type\":\"WebSite\",\"@id\":\"https:\\\/\\\/radioljubuski.ba\\\/#website\",\"url\":\"https:\\\/\\\/radioljubuski.ba\\\/\",\"name\":\"Radio Ljubu\u0161ki\",\"description\":\"Sun\u010dana frekvencija Hercegovine\",\"publisher\":{\"@id\":\"https:\\\/\\\/radioljubuski.ba\\\/#organization\"},\"potentialAction\":[{\"@type\":\"SearchAction\",\"target\":{\"@type\":\"EntryPoint\",\"urlTemplate\":\"https:\\\/\\\/radioljubuski.ba\\\/?s={search_term_string}\"},\"query-input\":{\"@type\":\"PropertyValueSpecification\",\"valueRequired\":true,\"valueName\":\"search_term_string\"}}],\"inLanguage\":\"hr\"},{\"@type\":\"Organization\",\"@id\":\"https:\\\/\\\/radioljubuski.ba\\\/#organization\",\"name\":\"Radio Ljubu\u0161ki\",\"url\":\"https:\\\/\\\/radioljubuski.ba\\\/\",\"logo\":{\"@type\":\"ImageObject\",\"inLanguage\":\"hr\",\"@id\":\"https:\\\/\\\/radioljubuski.ba\\\/#\\\/schema\\\/logo\\\/image\\\/\",\"url\":\"https:\\\/\\\/radioljubuski.ba\\\/wp-content\\\/uploads\\\/2021\\\/02\\\/cropped-Radio_Ljubuski_logo1.jpg\",\"contentUrl\":\"https:\\\/\\\/radioljubuski.ba\\\/wp-content\\\/uploads\\\/2021\\\/02\\\/cropped-Radio_Ljubuski_logo1.jpg\",\"width\":512,\"height\":512,\"caption\":\"Radio Ljubu\u0161ki\"},\"image\":{\"@id\":\"https:\\\/\\\/radioljubuski.ba\\\/#\\\/schema\\\/logo\\\/image\\\/\"},\"sameAs\":[\"https:\\\/\\\/www.facebook.com\\\/Radiio-Ljubuski-1490835324566332\",\"https:\\\/\\\/x.com\\\/radioljubuski\",\"https:\\\/\\\/hr.linkedin.com\\\/company\\\/radio-ljubuski\",\"https:\\\/\\\/www.youtube.com\\\/channel\\\/UCHYaeO_n0Db3tjNGudGpXyw\"]},{\"@type\":\"Person\",\"@id\":\"https:\\\/\\\/radioljubuski.ba\\\/#\\\/schema\\\/person\\\/19fc700381a780f69665d7956c469e3b\",\"name\":\"Radio Ljubu\u0161ki\"}]}<\/script>\n<!-- \/ Yoast SEO plugin. -->","yoast_head_json":{"title":"United Airlines otpustio 232 zaposlenika koji se nisu htjeli cijepiti - RADIO LJUBU\u0160KI","robots":{"index":"index","follow":"follow","max-snippet":"max-snippet:-1","max-image-preview":"max-image-preview:large","max-video-preview":"max-video-preview:-1"},"canonical":"https:\/\/radioljubuski.ba\/index.php\/2021\/10\/14\/united-airlines-otpustio-232-zaposlenika-koji-se-nisu-htjeli-cijepiti\/","og_locale":"hr_HR","og_type":"article","og_title":"United Airlines otpustio 232 zaposlenika koji se nisu htjeli cijepiti - RADIO LJUBU\u0160KI","og_description":"Ameri\u010dka aviokompanija United Airlines u srijedu je objavila da poni\u0161tava ugovore s 232 zaposlenika koji su odlu\u010dili da se ne\u0107e cijepiti protiv covida-19. United Airlines je bila prva aviokompanija koja je uvela obavezu cijepljenja za zaposlenike. \u0160ef tvrtke Steve Kirby objavio je da se od 67 tisu\u0107a zaposlenika cijepiti odbilo njih 232. United Airlines za [&hellip;]","og_url":"https:\/\/radioljubuski.ba\/index.php\/2021\/10\/14\/united-airlines-otpustio-232-zaposlenika-koji-se-nisu-htjeli-cijepiti\/","og_site_name":"RADIO LJUBU\u0160KI","article_publisher":"https:\/\/www.facebook.com\/Radiio-Ljubuski-1490835324566332","article_published_time":"2021-10-14T09:33:17+00:00","article_modified_time":"2021-10-14T09:33:18+00:00","og_image":[{"width":1000,"height":625,"url":"https:\/\/radioljubuski.ba\/wp-content\/uploads\/2021\/10\/l4IvD6Oj_Stjuardesa_zrakoplov.jpg","type":"image\/jpeg"}],"author":"Radio Ljubu\u0161ki","twitter_card":"summary_large_image","twitter_creator":"@radioljubuski","twitter_site":"@radioljubuski","twitter_misc":{"Napisao\/la":"Radio Ljubu\u0161ki","Procijenjeno vrijeme \u010ditanja":"1 minuta"},"schema":{"@context":"https:\/\/schema.org","@graph":[{"@type":"Article","@id":"https:\/\/radioljubuski.ba\/index.php\/2021\/10\/14\/united-airlines-otpustio-232-zaposlenika-koji-se-nisu-htjeli-cijepiti\/#article","isPartOf":{"@id":"https:\/\/radioljubuski.ba\/index.php\/2021\/10\/14\/united-airlines-otpustio-232-zaposlenika-koji-se-nisu-htjeli-cijepiti\/"},"author":{"name":"Radio Ljubu\u0161ki","@id":"https:\/\/radioljubuski.ba\/#\/schema\/person\/19fc700381a780f69665d7956c469e3b"},"headline":"United Airlines otpustio 232 zaposlenika koji se nisu htjeli cijepiti","datePublished":"2021-10-14T09:33:17+00:00","dateModified":"2021-10-14T09:33:18+00:00","mainEntityOfPage":{"@id":"https:\/\/radioljubuski.ba\/index.php\/2021\/10\/14\/united-airlines-otpustio-232-zaposlenika-koji-se-nisu-htjeli-cijepiti\/"},"wordCount":122,"publisher":{"@id":"https:\/\/radioljubuski.ba\/#organization"},"image":{"@id":"https:\/\/radioljubuski.ba\/index.php\/2021\/10\/14\/united-airlines-otpustio-232-zaposlenika-koji-se-nisu-htjeli-cijepiti\/#primaryimage"},"thumbnailUrl":"https:\/\/radioljubuski.ba\/wp-content\/uploads\/2021\/10\/l4IvD6Oj_Stjuardesa_zrakoplov.jpg","articleSection":["BIH i regija"],"inLanguage":"hr"},{"@type":"WebPage","@id":"https:\/\/radioljubuski.ba\/index.php\/2021\/10\/14\/united-airlines-otpustio-232-zaposlenika-koji-se-nisu-htjeli-cijepiti\/","url":"https:\/\/radioljubuski.ba\/index.php\/2021\/10\/14\/united-airlines-otpustio-232-zaposlenika-koji-se-nisu-htjeli-cijepiti\/","name":"United Airlines otpustio 232 zaposlenika koji se nisu htjeli cijepiti - RADIO LJUBU\u0160KI","isPartOf":{"@id":"https:\/\/radioljubuski.ba\/#website"},"primaryImageOfPage":{"@id":"https:\/\/radioljubuski.ba\/index.php\/2021\/10\/14\/united-airlines-otpustio-232-zaposlenika-koji-se-nisu-htjeli-cijepiti\/#primaryimage"},"image":{"@id":"https:\/\/radioljubuski.ba\/index.php\/2021\/10\/14\/united-airlines-otpustio-232-zaposlenika-koji-se-nisu-htjeli-cijepiti\/#primaryimage"},"thumbnailUrl":"https:\/\/radioljubuski.ba\/wp-content\/uploads\/2021\/10\/l4IvD6Oj_Stjuardesa_zrakoplov.jpg","datePublished":"2021-10-14T09:33:17+00:00","dateModified":"2021-10-14T09:33:18+00:00","breadcrumb":{"@id":"https:\/\/radioljubuski.ba\/index.php\/2021\/10\/14\/united-airlines-otpustio-232-zaposlenika-koji-se-nisu-htjeli-cijepiti\/#breadcrumb"},"inLanguage":"hr","potentialAction":[{"@type":"ReadAction","target":["https:\/\/radioljubuski.ba\/index.php\/2021\/10\/14\/united-airlines-otpustio-232-zaposlenika-koji-se-nisu-htjeli-cijepiti\/"]}]},{"@type":"ImageObject","inLanguage":"hr","@id":"https:\/\/radioljubuski.ba\/index.php\/2021\/10\/14\/united-airlines-otpustio-232-zaposlenika-koji-se-nisu-htjeli-cijepiti\/#primaryimage","url":"https:\/\/radioljubuski.ba\/wp-content\/uploads\/2021\/10\/l4IvD6Oj_Stjuardesa_zrakoplov.jpg","contentUrl":"https:\/\/radioljubuski.ba\/wp-content\/uploads\/2021\/10\/l4IvD6Oj_Stjuardesa_zrakoplov.jpg","width":1000,"height":625},{"@type":"BreadcrumbList","@id":"https:\/\/radioljubuski.ba\/index.php\/2021\/10\/14\/united-airlines-otpustio-232-zaposlenika-koji-se-nisu-htjeli-cijepiti\/#breadcrumb","itemListElement":[{"@type":"ListItem","position":1,"name":"Po\u010detna stranica","item":"https:\/\/radioljubuski.ba\/"},{"@type":"ListItem","position":2,"name":"United Airlines otpustio 232 zaposlenika koji se nisu htjeli cijepiti"}]},{"@type":"WebSite","@id":"https:\/\/radioljubuski.ba\/#website","url":"https:\/\/radioljubuski.ba\/","name":"Radio Ljubu\u0161ki","description":"Sun\u010dana frekvencija Hercegovine","publisher":{"@id":"https:\/\/radioljubuski.ba\/#organization"},"potentialAction":[{"@type":"SearchAction","target":{"@type":"EntryPoint","urlTemplate":"https:\/\/radioljubuski.ba\/?s={search_term_string}"},"query-input":{"@type":"PropertyValueSpecification","valueRequired":true,"valueName":"search_term_string"}}],"inLanguage":"hr"},{"@type":"Organization","@id":"https:\/\/radioljubuski.ba\/#organization","name":"Radio Ljubu\u0161ki","url":"https:\/\/radioljubuski.ba\/","logo":{"@type":"ImageObject","inLanguage":"hr","@id":"https:\/\/radioljubuski.ba\/#\/schema\/logo\/image\/","url":"https:\/\/radioljubuski.ba\/wp-content\/uploads\/2021\/02\/cropped-Radio_Ljubuski_logo1.jpg","contentUrl":"https:\/\/radioljubuski.ba\/wp-content\/uploads\/2021\/02\/cropped-Radio_Ljubuski_logo1.jpg","width":512,"height":512,"caption":"Radio Ljubu\u0161ki"},"image":{"@id":"https:\/\/radioljubuski.ba\/#\/schema\/logo\/image\/"},"sameAs":["https:\/\/www.facebook.com\/Radiio-Ljubuski-1490835324566332","https:\/\/x.com\/radioljubuski","https:\/\/hr.linkedin.com\/company\/radio-ljubuski","https:\/\/www.youtube.com\/channel\/UCHYaeO_n0Db3tjNGudGpXyw"]},{"@type":"Person","@id":"https:\/\/radioljubuski.ba\/#\/schema\/person\/19fc700381a780f69665d7956c469e3b","name":"Radio Ljubu\u0161ki"}]}},"_links":{"self":[{"href":"https:\/\/radioljubuski.ba\/index.php\/wp-json\/wp\/v2\/posts\/75530","targetHints":{"allow":["GET"]}}],"collection":[{"href":"https:\/\/radioljubuski.ba\/index.php\/wp-json\/wp\/v2\/posts"}],"about":[{"href":"https:\/\/radioljubuski.ba\/index.php\/wp-json\/wp\/v2\/types\/post"}],"author":[{"embeddable":true,"href":"https:\/\/radioljubuski.ba\/index.php\/wp-json\/wp\/v2\/users\/2"}],"replies":[{"embeddable":true,"href":"https:\/\/radioljubuski.ba\/index.php\/wp-json\/wp\/v2\/comments?post=75530"}],"version-history":[{"count":1,"href":"https:\/\/radioljubuski.ba\/index.php\/wp-json\/wp\/v2\/posts\/75530\/revisions"}],"predecessor-version":[{"id":75532,"href":"https:\/\/radioljubuski.ba\/index.php\/wp-json\/wp\/v2\/posts\/75530\/revisions\/75532"}],"wp:featuredmedia":[{"embeddable":true,"href":"https:\/\/radioljubuski.ba\/index.php\/wp-json\/wp\/v2\/media\/75531"}],"wp:attachment":[{"href":"https:\/\/radioljubuski.ba\/index.php\/wp-json\/wp\/v2\/media?parent=75530"}],"wp:term":[{"taxonomy":"category","embeddable":true,"href":"https:\/\/radioljubuski.ba\/index.php\/wp-json\/wp\/v2\/categories?post=75530"},{"taxonomy":"post_tag","embeddable":true,"href":"https:\/\/radioljubuski.ba\/index.php\/wp-json\/wp\/v2\/tags?post=75530"}],"curies":[{"name":"wp","href":"https:\/\/api.w.org\/{rel}","templated":true}]}}