{"id":7555,"date":"2021-03-28T14:16:46","date_gmt":"2021-03-28T13:16:46","guid":{"rendered":"https:\/\/radioljubuski.ba\/?p=7555"},"modified":"2021-03-29T00:52:49","modified_gmt":"2021-03-28T23:52:49","slug":"njemacka-ipak-razmislje-o-strogom-zatvaranju-za-uskrs","status":"publish","type":"post","link":"https:\/\/radioljubuski.ba\/index.php\/2021\/03\/28\/njemacka-ipak-razmislje-o-strogom-zatvaranju-za-uskrs\/","title":{"rendered":"Njema\u010dka ipak razmi\u0161lja o strogom zatvaranju za Uskrs"},"content":{"rendered":"\n<p><strong>Zbog naglog rasta broja novozara\u017eenih mnogi vode\u0107i njema\u010dki politi\u010dari u nedjelju tra\u017ee izvanredni sastanak savezne i pokrajinskih vlada kako bi se uvele stro\u017ee mjere za Uskrs.<\/strong><\/p>\n\n\n\n<p>Brojke rastu velikom brzinom i mi moramo razgovarati o tvrdom lockdownu za vrijeme Uskrsa u ponedjeljak ili najkasnije u utorak, rekao je premijer savezne pokrajine Baden-Wuerttemberg&nbsp;<strong>Winfried Kretschmann<\/strong>&nbsp;(Zeleni).<br><br>Sljede\u0107i redovni sastanak savezne i pokrajinskih vlada o novim mjerama u borbi protiv pandemije koronavirusa planiran je za 12. travnja.<br><br>Karl Lauterbach, glasnogovornik vladaju\u0107e Socijaldemokratske stranke Njema\u010dke (SPD) za zdravstvena pitanja je zatra\u017eio hitni krizni sastanak savezne i pokrajinskih vlada na kojem bi se reagiralo na nagli rast novozara\u017eenih.<br><br>Mi moramo jako brzo donijeti odluku. Mislim da ne\u0107e i\u0107i bez strogih mjera zatvaranja preko Uskrsa, rekao je Lauterbach za berlinski dnevnik Tagesspiegel.<br><br>On je zatra\u017eio uvo\u0111enje no\u0107nog policijskog sata nakon 20 sati.<br><br>Vidjeli smo da je to u Francuskoj, Portugalu i Velikoj Britaniji donijelo rezultate, zaklju\u010dio je socijaldemokratski politi\u010dar.<br>I ministar zdravstva Jens Spahn je u subotu predlo\u017eio dvotjedno uvo\u0111enje mjera zatvaranja i ograni\u010denja kontakata na minimum kako bi se prekinuo trend brzog rasta incidencije.<br><br>Dr\u017eavni epidemiolo\u0161ki institut Robert Koch je u nedjelju zabilje\u017eio sedmodnevnu incidenciju od 129,7 \u0161to je osjetno vi\u0161e nego u petak kada je incidencije jo\u0161 iznosila 119,1.<br><br>Voditelj kancelarskog ureda Helge Braun upozorio je i na porast broja zara\u017eenih mutiranim varijantama virusa.<br><br>Ako sada uz proces cijepljenja munjevito bude rastao broj novozara\u017eenih postoji opasnost da \u0107e sljede\u0107a mutirana varijanta biti otporna na cjepivo, rekao je Braun koji je po zanimanju lije\u010dnik.<br><br>Novom kriznom sastanku se protivi premijer Bavarske i predsjednik Kr\u0161\u0107ansko-socijalne unije (CSU) Markus Soeder. On je ukazao na postoje\u0107e mehanizme dogovorene na pretposljednjem kriznom sastanku koji omogu\u0107avaju regionalno poni\u0161tavanje mjera otvaranja u slu\u010daju penjanja incidencije iznad vrijednosti od 100.<br><br>Zabrinutost vlada i zbog predstoje\u0107ih uskrsnih praznika i mnogobrojnih putovanja na Mallorcu koju je njema\u010dka vlada prije dva tjedna skinula s popisa rizi\u010dnih podru\u010dja nakon \u010dega je naglo porastao broj prodanih karata za omiljeni njema\u010dki mediteranski otok.<br><br>Pro\u0161log tjedna vlada je razmatrala mogu\u0107nost potpune zabrane putovanja u inozemstvo ali se, kako javljaju mediji, u me\u0111uvremenu odustalo od te namjere zbog ustavnopravnih prepreka.<br><br>Njema\u010dka kancelarka Angela Merkel povukla je u srijedu planove o potpunom zatvaranju od 1. do 6. travnja nazvav\u0161i ih pogre\u0161kom. Pretpostavlja se da je odluka povu\u010dena zbog otpora saveznih pokrajina i nemogu\u0107nosti kratokro\u010dne regulacije Velikog \u010detvrtka i Velike subote kao neradnih praznika.&nbsp;<\/p>\n\n\n\n<p>Izvor:hrt.hr<\/p>\n","protected":false},"excerpt":{"rendered":"<p>Zbog naglog rasta broja novozara\u017eenih mnogi vode\u0107i njema\u010dki politi\u010dari u nedjelju tra\u017ee izvanredni sastanak savezne i pokrajinskih vlada kako bi se uvele stro\u017ee mjere za Uskrs. Brojke rastu velikom brzinom i mi moramo razgovarati o tvrdom lockdownu za vrijeme Uskrsa u ponedjeljak ili najkasnije u utorak, rekao je premijer savezne pokrajine Baden-Wuerttemberg&nbsp;Winfried Kretschmann&nbsp;(Zeleni). Sljede\u0107i redovni [&hellip;]<\/p>\n","protected":false},"author":2,"featured_media":7556,"comment_status":"closed","ping_status":"closed","sticky":false,"template":"","format":"standard","meta":{"h5ap_radio_sources":[],"footnotes":""},"categories":[1],"tags":[],"class_list":["post-7555","post","type-post","status-publish","format-standard","has-post-thumbnail","hentry","category-bihiregija"],"yoast_head":"<!-- This site is optimized with the Yoast SEO plugin v27.4 - https:\/\/yoast.com\/product\/yoast-seo-wordpress\/ -->\n<title>Njema\u010dka ipak razmi\u0161lja o strogom zatvaranju za Uskrs - RADIO LJUBU\u0160KI<\/title>\n<meta name=\"robots\" content=\"index, follow, max-snippet:-1, max-image-preview:large, max-video-preview:-1\" \/>\n<link rel=\"canonical\" href=\"https:\/\/radioljubuski.ba\/index.php\/2021\/03\/28\/njemacka-ipak-razmislje-o-strogom-zatvaranju-za-uskrs\/\" \/>\n<meta property=\"og:locale\" content=\"hr_HR\" \/>\n<meta property=\"og:type\" content=\"article\" \/>\n<meta property=\"og:title\" content=\"Njema\u010dka ipak razmi\u0161lja o strogom zatvaranju za Uskrs - RADIO LJUBU\u0160KI\" \/>\n<meta property=\"og:description\" content=\"Zbog naglog rasta broja novozara\u017eenih mnogi vode\u0107i njema\u010dki politi\u010dari u nedjelju tra\u017ee izvanredni sastanak savezne i pokrajinskih vlada kako bi se uvele stro\u017ee mjere za Uskrs. Brojke rastu velikom brzinom i mi moramo razgovarati o tvrdom lockdownu za vrijeme Uskrsa u ponedjeljak ili najkasnije u utorak, rekao je premijer savezne pokrajine Baden-Wuerttemberg&nbsp;Winfried Kretschmann&nbsp;(Zeleni). Sljede\u0107i redovni [&hellip;]\" \/>\n<meta property=\"og:url\" content=\"https:\/\/radioljubuski.ba\/index.php\/2021\/03\/28\/njemacka-ipak-razmislje-o-strogom-zatvaranju-za-uskrs\/\" \/>\n<meta property=\"og:site_name\" content=\"RADIO LJUBU\u0160KI\" \/>\n<meta property=\"article:publisher\" content=\"https:\/\/www.facebook.com\/Radiio-Ljubuski-1490835324566332\" \/>\n<meta property=\"article:published_time\" content=\"2021-03-28T13:16:46+00:00\" \/>\n<meta property=\"article:modified_time\" content=\"2021-03-28T23:52:49+00:00\" \/>\n<meta property=\"og:image\" content=\"https:\/\/radioljubuski.ba\/wp-content\/uploads\/2021\/03\/njemacka-20210328123504.jpg\" \/>\n\t<meta property=\"og:image:width\" content=\"1000\" \/>\n\t<meta property=\"og:image:height\" content=\"671\" \/>\n\t<meta property=\"og:image:type\" content=\"image\/jpeg\" \/>\n<meta name=\"author\" content=\"Radio Ljubu\u0161ki\" \/>\n<meta name=\"twitter:card\" content=\"summary_large_image\" \/>\n<meta name=\"twitter:creator\" content=\"@radioljubuski\" \/>\n<meta name=\"twitter:site\" content=\"@radioljubuski\" \/>\n<meta name=\"twitter:label1\" content=\"Napisao\/la\" \/>\n\t<meta name=\"twitter:data1\" content=\"Radio Ljubu\u0161ki\" \/>\n\t<meta name=\"twitter:label2\" content=\"Procijenjeno vrijeme \u010ditanja\" \/>\n\t<meta name=\"twitter:data2\" content=\"2 minute\" \/>\n<script type=\"application\/ld+json\" class=\"yoast-schema-graph\">{\"@context\":\"https:\\\/\\\/schema.org\",\"@graph\":[{\"@type\":\"Article\",\"@id\":\"https:\\\/\\\/radioljubuski.ba\\\/index.php\\\/2021\\\/03\\\/28\\\/njemacka-ipak-razmislje-o-strogom-zatvaranju-za-uskrs\\\/#article\",\"isPartOf\":{\"@id\":\"https:\\\/\\\/radioljubuski.ba\\\/index.php\\\/2021\\\/03\\\/28\\\/njemacka-ipak-razmislje-o-strogom-zatvaranju-za-uskrs\\\/\"},\"author\":{\"name\":\"Radio Ljubu\u0161ki\",\"@id\":\"https:\\\/\\\/radioljubuski.ba\\\/#\\\/schema\\\/person\\\/19fc700381a780f69665d7956c469e3b\"},\"headline\":\"Njema\u010dka ipak razmi\u0161lja o strogom zatvaranju za Uskrs\",\"datePublished\":\"2021-03-28T13:16:46+00:00\",\"dateModified\":\"2021-03-28T23:52:49+00:00\",\"mainEntityOfPage\":{\"@id\":\"https:\\\/\\\/radioljubuski.ba\\\/index.php\\\/2021\\\/03\\\/28\\\/njemacka-ipak-razmislje-o-strogom-zatvaranju-za-uskrs\\\/\"},\"wordCount\":450,\"publisher\":{\"@id\":\"https:\\\/\\\/radioljubuski.ba\\\/#organization\"},\"image\":{\"@id\":\"https:\\\/\\\/radioljubuski.ba\\\/index.php\\\/2021\\\/03\\\/28\\\/njemacka-ipak-razmislje-o-strogom-zatvaranju-za-uskrs\\\/#primaryimage\"},\"thumbnailUrl\":\"https:\\\/\\\/radioljubuski.ba\\\/wp-content\\\/uploads\\\/2021\\\/03\\\/njemacka-20210328123504.jpg\",\"articleSection\":[\"BIH i regija\"],\"inLanguage\":\"hr\"},{\"@type\":\"WebPage\",\"@id\":\"https:\\\/\\\/radioljubuski.ba\\\/index.php\\\/2021\\\/03\\\/28\\\/njemacka-ipak-razmislje-o-strogom-zatvaranju-za-uskrs\\\/\",\"url\":\"https:\\\/\\\/radioljubuski.ba\\\/index.php\\\/2021\\\/03\\\/28\\\/njemacka-ipak-razmislje-o-strogom-zatvaranju-za-uskrs\\\/\",\"name\":\"Njema\u010dka ipak razmi\u0161lja o strogom zatvaranju za Uskrs - RADIO LJUBU\u0160KI\",\"isPartOf\":{\"@id\":\"https:\\\/\\\/radioljubuski.ba\\\/#website\"},\"primaryImageOfPage\":{\"@id\":\"https:\\\/\\\/radioljubuski.ba\\\/index.php\\\/2021\\\/03\\\/28\\\/njemacka-ipak-razmislje-o-strogom-zatvaranju-za-uskrs\\\/#primaryimage\"},\"image\":{\"@id\":\"https:\\\/\\\/radioljubuski.ba\\\/index.php\\\/2021\\\/03\\\/28\\\/njemacka-ipak-razmislje-o-strogom-zatvaranju-za-uskrs\\\/#primaryimage\"},\"thumbnailUrl\":\"https:\\\/\\\/radioljubuski.ba\\\/wp-content\\\/uploads\\\/2021\\\/03\\\/njemacka-20210328123504.jpg\",\"datePublished\":\"2021-03-28T13:16:46+00:00\",\"dateModified\":\"2021-03-28T23:52:49+00:00\",\"breadcrumb\":{\"@id\":\"https:\\\/\\\/radioljubuski.ba\\\/index.php\\\/2021\\\/03\\\/28\\\/njemacka-ipak-razmislje-o-strogom-zatvaranju-za-uskrs\\\/#breadcrumb\"},\"inLanguage\":\"hr\",\"potentialAction\":[{\"@type\":\"ReadAction\",\"target\":[\"https:\\\/\\\/radioljubuski.ba\\\/index.php\\\/2021\\\/03\\\/28\\\/njemacka-ipak-razmislje-o-strogom-zatvaranju-za-uskrs\\\/\"]}]},{\"@type\":\"ImageObject\",\"inLanguage\":\"hr\",\"@id\":\"https:\\\/\\\/radioljubuski.ba\\\/index.php\\\/2021\\\/03\\\/28\\\/njemacka-ipak-razmislje-o-strogom-zatvaranju-za-uskrs\\\/#primaryimage\",\"url\":\"https:\\\/\\\/radioljubuski.ba\\\/wp-content\\\/uploads\\\/2021\\\/03\\\/njemacka-20210328123504.jpg\",\"contentUrl\":\"https:\\\/\\\/radioljubuski.ba\\\/wp-content\\\/uploads\\\/2021\\\/03\\\/njemacka-20210328123504.jpg\",\"width\":1000,\"height\":671},{\"@type\":\"BreadcrumbList\",\"@id\":\"https:\\\/\\\/radioljubuski.ba\\\/index.php\\\/2021\\\/03\\\/28\\\/njemacka-ipak-razmislje-o-strogom-zatvaranju-za-uskrs\\\/#breadcrumb\",\"itemListElement\":[{\"@type\":\"ListItem\",\"position\":1,\"name\":\"Po\u010detna stranica\",\"item\":\"https:\\\/\\\/radioljubuski.ba\\\/\"},{\"@type\":\"ListItem\",\"position\":2,\"name\":\"Njema\u010dka ipak razmi\u0161lja o strogom zatvaranju za Uskrs\"}]},{\"@type\":\"WebSite\",\"@id\":\"https:\\\/\\\/radioljubuski.ba\\\/#website\",\"url\":\"https:\\\/\\\/radioljubuski.ba\\\/\",\"name\":\"Radio Ljubu\u0161ki\",\"description\":\"Sun\u010dana frekvencija Hercegovine\",\"publisher\":{\"@id\":\"https:\\\/\\\/radioljubuski.ba\\\/#organization\"},\"potentialAction\":[{\"@type\":\"SearchAction\",\"target\":{\"@type\":\"EntryPoint\",\"urlTemplate\":\"https:\\\/\\\/radioljubuski.ba\\\/?s={search_term_string}\"},\"query-input\":{\"@type\":\"PropertyValueSpecification\",\"valueRequired\":true,\"valueName\":\"search_term_string\"}}],\"inLanguage\":\"hr\"},{\"@type\":\"Organization\",\"@id\":\"https:\\\/\\\/radioljubuski.ba\\\/#organization\",\"name\":\"Radio Ljubu\u0161ki\",\"url\":\"https:\\\/\\\/radioljubuski.ba\\\/\",\"logo\":{\"@type\":\"ImageObject\",\"inLanguage\":\"hr\",\"@id\":\"https:\\\/\\\/radioljubuski.ba\\\/#\\\/schema\\\/logo\\\/image\\\/\",\"url\":\"https:\\\/\\\/radioljubuski.ba\\\/wp-content\\\/uploads\\\/2021\\\/02\\\/cropped-Radio_Ljubuski_logo1.jpg\",\"contentUrl\":\"https:\\\/\\\/radioljubuski.ba\\\/wp-content\\\/uploads\\\/2021\\\/02\\\/cropped-Radio_Ljubuski_logo1.jpg\",\"width\":512,\"height\":512,\"caption\":\"Radio Ljubu\u0161ki\"},\"image\":{\"@id\":\"https:\\\/\\\/radioljubuski.ba\\\/#\\\/schema\\\/logo\\\/image\\\/\"},\"sameAs\":[\"https:\\\/\\\/www.facebook.com\\\/Radiio-Ljubuski-1490835324566332\",\"https:\\\/\\\/x.com\\\/radioljubuski\",\"https:\\\/\\\/hr.linkedin.com\\\/company\\\/radio-ljubuski\",\"https:\\\/\\\/www.youtube.com\\\/channel\\\/UCHYaeO_n0Db3tjNGudGpXyw\"]},{\"@type\":\"Person\",\"@id\":\"https:\\\/\\\/radioljubuski.ba\\\/#\\\/schema\\\/person\\\/19fc700381a780f69665d7956c469e3b\",\"name\":\"Radio Ljubu\u0161ki\"}]}<\/script>\n<!-- \/ Yoast SEO plugin. -->","yoast_head_json":{"title":"Njema\u010dka ipak razmi\u0161lja o strogom zatvaranju za Uskrs - RADIO LJUBU\u0160KI","robots":{"index":"index","follow":"follow","max-snippet":"max-snippet:-1","max-image-preview":"max-image-preview:large","max-video-preview":"max-video-preview:-1"},"canonical":"https:\/\/radioljubuski.ba\/index.php\/2021\/03\/28\/njemacka-ipak-razmislje-o-strogom-zatvaranju-za-uskrs\/","og_locale":"hr_HR","og_type":"article","og_title":"Njema\u010dka ipak razmi\u0161lja o strogom zatvaranju za Uskrs - RADIO LJUBU\u0160KI","og_description":"Zbog naglog rasta broja novozara\u017eenih mnogi vode\u0107i njema\u010dki politi\u010dari u nedjelju tra\u017ee izvanredni sastanak savezne i pokrajinskih vlada kako bi se uvele stro\u017ee mjere za Uskrs. Brojke rastu velikom brzinom i mi moramo razgovarati o tvrdom lockdownu za vrijeme Uskrsa u ponedjeljak ili najkasnije u utorak, rekao je premijer savezne pokrajine Baden-Wuerttemberg&nbsp;Winfried Kretschmann&nbsp;(Zeleni). Sljede\u0107i redovni [&hellip;]","og_url":"https:\/\/radioljubuski.ba\/index.php\/2021\/03\/28\/njemacka-ipak-razmislje-o-strogom-zatvaranju-za-uskrs\/","og_site_name":"RADIO LJUBU\u0160KI","article_publisher":"https:\/\/www.facebook.com\/Radiio-Ljubuski-1490835324566332","article_published_time":"2021-03-28T13:16:46+00:00","article_modified_time":"2021-03-28T23:52:49+00:00","og_image":[{"width":1000,"height":671,"url":"https:\/\/radioljubuski.ba\/wp-content\/uploads\/2021\/03\/njemacka-20210328123504.jpg","type":"image\/jpeg"}],"author":"Radio Ljubu\u0161ki","twitter_card":"summary_large_image","twitter_creator":"@radioljubuski","twitter_site":"@radioljubuski","twitter_misc":{"Napisao\/la":"Radio Ljubu\u0161ki","Procijenjeno vrijeme \u010ditanja":"2 minute"},"schema":{"@context":"https:\/\/schema.org","@graph":[{"@type":"Article","@id":"https:\/\/radioljubuski.ba\/index.php\/2021\/03\/28\/njemacka-ipak-razmislje-o-strogom-zatvaranju-za-uskrs\/#article","isPartOf":{"@id":"https:\/\/radioljubuski.ba\/index.php\/2021\/03\/28\/njemacka-ipak-razmislje-o-strogom-zatvaranju-za-uskrs\/"},"author":{"name":"Radio Ljubu\u0161ki","@id":"https:\/\/radioljubuski.ba\/#\/schema\/person\/19fc700381a780f69665d7956c469e3b"},"headline":"Njema\u010dka ipak razmi\u0161lja o strogom zatvaranju za Uskrs","datePublished":"2021-03-28T13:16:46+00:00","dateModified":"2021-03-28T23:52:49+00:00","mainEntityOfPage":{"@id":"https:\/\/radioljubuski.ba\/index.php\/2021\/03\/28\/njemacka-ipak-razmislje-o-strogom-zatvaranju-za-uskrs\/"},"wordCount":450,"publisher":{"@id":"https:\/\/radioljubuski.ba\/#organization"},"image":{"@id":"https:\/\/radioljubuski.ba\/index.php\/2021\/03\/28\/njemacka-ipak-razmislje-o-strogom-zatvaranju-za-uskrs\/#primaryimage"},"thumbnailUrl":"https:\/\/radioljubuski.ba\/wp-content\/uploads\/2021\/03\/njemacka-20210328123504.jpg","articleSection":["BIH i regija"],"inLanguage":"hr"},{"@type":"WebPage","@id":"https:\/\/radioljubuski.ba\/index.php\/2021\/03\/28\/njemacka-ipak-razmislje-o-strogom-zatvaranju-za-uskrs\/","url":"https:\/\/radioljubuski.ba\/index.php\/2021\/03\/28\/njemacka-ipak-razmislje-o-strogom-zatvaranju-za-uskrs\/","name":"Njema\u010dka ipak razmi\u0161lja o strogom zatvaranju za Uskrs - RADIO LJUBU\u0160KI","isPartOf":{"@id":"https:\/\/radioljubuski.ba\/#website"},"primaryImageOfPage":{"@id":"https:\/\/radioljubuski.ba\/index.php\/2021\/03\/28\/njemacka-ipak-razmislje-o-strogom-zatvaranju-za-uskrs\/#primaryimage"},"image":{"@id":"https:\/\/radioljubuski.ba\/index.php\/2021\/03\/28\/njemacka-ipak-razmislje-o-strogom-zatvaranju-za-uskrs\/#primaryimage"},"thumbnailUrl":"https:\/\/radioljubuski.ba\/wp-content\/uploads\/2021\/03\/njemacka-20210328123504.jpg","datePublished":"2021-03-28T13:16:46+00:00","dateModified":"2021-03-28T23:52:49+00:00","breadcrumb":{"@id":"https:\/\/radioljubuski.ba\/index.php\/2021\/03\/28\/njemacka-ipak-razmislje-o-strogom-zatvaranju-za-uskrs\/#breadcrumb"},"inLanguage":"hr","potentialAction":[{"@type":"ReadAction","target":["https:\/\/radioljubuski.ba\/index.php\/2021\/03\/28\/njemacka-ipak-razmislje-o-strogom-zatvaranju-za-uskrs\/"]}]},{"@type":"ImageObject","inLanguage":"hr","@id":"https:\/\/radioljubuski.ba\/index.php\/2021\/03\/28\/njemacka-ipak-razmislje-o-strogom-zatvaranju-za-uskrs\/#primaryimage","url":"https:\/\/radioljubuski.ba\/wp-content\/uploads\/2021\/03\/njemacka-20210328123504.jpg","contentUrl":"https:\/\/radioljubuski.ba\/wp-content\/uploads\/2021\/03\/njemacka-20210328123504.jpg","width":1000,"height":671},{"@type":"BreadcrumbList","@id":"https:\/\/radioljubuski.ba\/index.php\/2021\/03\/28\/njemacka-ipak-razmislje-o-strogom-zatvaranju-za-uskrs\/#breadcrumb","itemListElement":[{"@type":"ListItem","position":1,"name":"Po\u010detna stranica","item":"https:\/\/radioljubuski.ba\/"},{"@type":"ListItem","position":2,"name":"Njema\u010dka ipak razmi\u0161lja o strogom zatvaranju za Uskrs"}]},{"@type":"WebSite","@id":"https:\/\/radioljubuski.ba\/#website","url":"https:\/\/radioljubuski.ba\/","name":"Radio Ljubu\u0161ki","description":"Sun\u010dana frekvencija Hercegovine","publisher":{"@id":"https:\/\/radioljubuski.ba\/#organization"},"potentialAction":[{"@type":"SearchAction","target":{"@type":"EntryPoint","urlTemplate":"https:\/\/radioljubuski.ba\/?s={search_term_string}"},"query-input":{"@type":"PropertyValueSpecification","valueRequired":true,"valueName":"search_term_string"}}],"inLanguage":"hr"},{"@type":"Organization","@id":"https:\/\/radioljubuski.ba\/#organization","name":"Radio Ljubu\u0161ki","url":"https:\/\/radioljubuski.ba\/","logo":{"@type":"ImageObject","inLanguage":"hr","@id":"https:\/\/radioljubuski.ba\/#\/schema\/logo\/image\/","url":"https:\/\/radioljubuski.ba\/wp-content\/uploads\/2021\/02\/cropped-Radio_Ljubuski_logo1.jpg","contentUrl":"https:\/\/radioljubuski.ba\/wp-content\/uploads\/2021\/02\/cropped-Radio_Ljubuski_logo1.jpg","width":512,"height":512,"caption":"Radio Ljubu\u0161ki"},"image":{"@id":"https:\/\/radioljubuski.ba\/#\/schema\/logo\/image\/"},"sameAs":["https:\/\/www.facebook.com\/Radiio-Ljubuski-1490835324566332","https:\/\/x.com\/radioljubuski","https:\/\/hr.linkedin.com\/company\/radio-ljubuski","https:\/\/www.youtube.com\/channel\/UCHYaeO_n0Db3tjNGudGpXyw"]},{"@type":"Person","@id":"https:\/\/radioljubuski.ba\/#\/schema\/person\/19fc700381a780f69665d7956c469e3b","name":"Radio Ljubu\u0161ki"}]}},"_links":{"self":[{"href":"https:\/\/radioljubuski.ba\/index.php\/wp-json\/wp\/v2\/posts\/7555","targetHints":{"allow":["GET"]}}],"collection":[{"href":"https:\/\/radioljubuski.ba\/index.php\/wp-json\/wp\/v2\/posts"}],"about":[{"href":"https:\/\/radioljubuski.ba\/index.php\/wp-json\/wp\/v2\/types\/post"}],"author":[{"embeddable":true,"href":"https:\/\/radioljubuski.ba\/index.php\/wp-json\/wp\/v2\/users\/2"}],"replies":[{"embeddable":true,"href":"https:\/\/radioljubuski.ba\/index.php\/wp-json\/wp\/v2\/comments?post=7555"}],"version-history":[{"count":2,"href":"https:\/\/radioljubuski.ba\/index.php\/wp-json\/wp\/v2\/posts\/7555\/revisions"}],"predecessor-version":[{"id":7690,"href":"https:\/\/radioljubuski.ba\/index.php\/wp-json\/wp\/v2\/posts\/7555\/revisions\/7690"}],"wp:featuredmedia":[{"embeddable":true,"href":"https:\/\/radioljubuski.ba\/index.php\/wp-json\/wp\/v2\/media\/7556"}],"wp:attachment":[{"href":"https:\/\/radioljubuski.ba\/index.php\/wp-json\/wp\/v2\/media?parent=7555"}],"wp:term":[{"taxonomy":"category","embeddable":true,"href":"https:\/\/radioljubuski.ba\/index.php\/wp-json\/wp\/v2\/categories?post=7555"},{"taxonomy":"post_tag","embeddable":true,"href":"https:\/\/radioljubuski.ba\/index.php\/wp-json\/wp\/v2\/tags?post=7555"}],"curies":[{"name":"wp","href":"https:\/\/api.w.org\/{rel}","templated":true}]}}