{"id":75667,"date":"2021-10-14T17:10:29","date_gmt":"2021-10-14T16:10:29","guid":{"rendered":"https:\/\/radioljubuski.ba\/?p=75667"},"modified":"2021-10-14T17:11:04","modified_gmt":"2021-10-14T16:11:04","slug":"irving-objasnio-zasto-se-ne-zeli-cijepiti-nije-stvar-u-tome-da-sam-antivakser","status":"publish","type":"post","link":"https:\/\/radioljubuski.ba\/index.php\/2021\/10\/14\/irving-objasnio-zasto-se-ne-zeli-cijepiti-nije-stvar-u-tome-da-sam-antivakser\/","title":{"rendered":"Irving objasnio za\u0161to se ne \u017eeli cijepiti: Nije stvar u tome da sam antivakser"},"content":{"rendered":"\n<p><strong>Ko\u0161arka\u0161 Brooklyn Netsa Kyrie Iriving istaknuo je da je ostao iskren prema sebi izabrav\u0161i da se ne cijepi nakon \u0161to je mom\u010dad odlu\u010dila zabraniti mu treniranje i igranje s njima dok se ne uskladi s COVID-19 protokolima New Yorka.<\/strong><\/p>\n\n\n\n<p>U New Yorku osoba mora imati dokaz o primljenoj najmanje jednoj dozi cjepiva da u\u0111e u ve\u0107e zatvorene prostore. Iz NBA lige objavili su da igra\u010di, koji se ne budu slagali s pravilima dr\u017eave, ne\u0107e biti pla\u0107eni za te utakmice.<br><br>&#8211; Nije stvar u tome da sam antivakser ili da sam na jednoj strani ili drugoj. Stvar je u tome da sam iskren prema onome \u0161to mi se \u010dini da je dobro za mene. Ako \u0107u biti demoniziran jer imam vi\u0161e pitanja i uzimam si vremena da donesem odluku o svojem \u017eivotu, tako je, kako je. Znam posljedice odluka koje donosim u svojem \u017eivotu. Financijske posljedice, znam da to ne \u017eelim napraviti, ali u stvarnosti mi je jasno da se moram cijepiti ako \u017eelim biti u New Yorku i s mom\u010dadi. Izabrao sam da se ne cijepim, to je moj izbor i molim sve da ga po\u0161tuju, rekao je Irving na Instagramu.<\/p>\n\n\n\n<blockquote class=\"twitter-tweet\"><p lang=\"en\" dir=\"ltr\">Irving says tonight: \u201cIt\u2019s not being anti-vax. It\u2019s about what feels good to me. I\u2019m feeling uncertain \u2026 and that\u2019s OK. I know the consequences of the decision I make with my life. &#8230; It\u2019s crazy times that we\u2019re in. I haven&#39;t hurt anybody. I haven&#39;t committed a crime.\u201d <a href=\"https:\/\/t.co\/UMy7I1JZcg\">https:\/\/t.co\/UMy7I1JZcg<\/a><\/p>&mdash; Shams Charania (@ShamsCharania) <a href=\"https:\/\/twitter.com\/ShamsCharania\/status\/1448480745064894466?ref_src=twsrc%5Etfw\">October 14, 2021<\/a><\/blockquote> <script async src=\"https:\/\/platform.twitter.com\/widgets.js\" charset=\"utf-8\"><\/script>\n\n\n\n<p>NBA igra\u010di koji se ne\u0107e cijepiti imat \u0107e brojne restrikcije u novoj sezoni, a ona po\u010dinje za pet dana.<\/p>\n\n\n\n<p>Irving je jedan od najpoznatijih NBA igra\u010da koji se protive cijepljenju. NBA ne\u0107e tjerati igra\u010de da se cijepe protiv Covida-19, ali ne\u0107e biti pla\u0107eni za propu\u0161tene utakmice u nekim mjestima i dvoranama koje podlije\u017eu lokalnim protuepidemijskim mjerama.<br><br>Lokalni propisi najvi\u0161e poga\u0111aju tri NBA mom\u010dadi, New York Knickse, Brooklyn Netse i Golden State Warriorse. \u0160to zna\u010di da \u0107e necijepljeni igra\u010di doma\u0107ih mom\u010dadi u New Yorku i San Franciscu morati propustiti polovicu dvoboja u osnovnom dijelu sezone.<br><br>Irving bi ove godine trebao zaraditi 34.9 milijuna ameri\u010dkih dolara, me\u0111utim zaradit \u0107e daleko manje ako ostane pri svom stavu da se ne\u0107e cijepiti protiv virusa COVID-19.<br><br>Irving, sedmerostruki All-Star, pro\u0161le je sezone upisao 54 nastupa za Netse u regularnoj sezoni uz prosjek od 26.9 ko\u0161eva, 6.0 asistencija i 4.8 skokova.<br><br>U 582 utakmice u karijeri s Cleveland Cavaliersima (2011-17), Boston Celticsima (2017-19) I Netsima, ima prosjek od 22.8 poena, 5.7 asistencija i 3.8 skokova.<br><br>Prema dostupnim podacima oko 90 posto igra\u010da u NBA ligi je primilo cjepivo.<\/p>\n\n\n\n<p>Izvor:hrt.hr<\/p>\n","protected":false},"excerpt":{"rendered":"<p>Ko\u0161arka\u0161 Brooklyn Netsa Kyrie Iriving istaknuo je da je ostao iskren prema sebi izabrav\u0161i da se ne cijepi nakon \u0161to je mom\u010dad odlu\u010dila zabraniti mu treniranje i igranje s njima dok se ne uskladi s COVID-19 protokolima New Yorka. U New Yorku osoba mora imati dokaz o primljenoj najmanje jednoj dozi cjepiva da u\u0111e u [&hellip;]<\/p>\n","protected":false},"author":2,"featured_media":75668,"comment_status":"closed","ping_status":"closed","sticky":false,"template":"","format":"standard","meta":{"h5ap_radio_sources":[],"footnotes":""},"categories":[7],"tags":[],"class_list":["post-75667","post","type-post","status-publish","format-standard","has-post-thumbnail","hentry","category-sport"],"yoast_head":"<!-- This site is optimized with the Yoast SEO plugin v27.4 - https:\/\/yoast.com\/product\/yoast-seo-wordpress\/ -->\n<title>Irving objasnio za\u0161to se ne \u017eeli cijepiti: Nije stvar u tome da sam antivakser - RADIO LJUBU\u0160KI<\/title>\n<meta name=\"robots\" content=\"index, follow, max-snippet:-1, max-image-preview:large, max-video-preview:-1\" \/>\n<link rel=\"canonical\" href=\"https:\/\/radioljubuski.ba\/index.php\/2021\/10\/14\/irving-objasnio-zasto-se-ne-zeli-cijepiti-nije-stvar-u-tome-da-sam-antivakser\/\" \/>\n<meta property=\"og:locale\" content=\"hr_HR\" \/>\n<meta property=\"og:type\" content=\"article\" \/>\n<meta property=\"og:title\" content=\"Irving objasnio za\u0161to se ne \u017eeli cijepiti: Nije stvar u tome da sam antivakser - RADIO LJUBU\u0160KI\" \/>\n<meta property=\"og:description\" content=\"Ko\u0161arka\u0161 Brooklyn Netsa Kyrie Iriving istaknuo je da je ostao iskren prema sebi izabrav\u0161i da se ne cijepi nakon \u0161to je mom\u010dad odlu\u010dila zabraniti mu treniranje i igranje s njima dok se ne uskladi s COVID-19 protokolima New Yorka. U New Yorku osoba mora imati dokaz o primljenoj najmanje jednoj dozi cjepiva da u\u0111e u [&hellip;]\" \/>\n<meta property=\"og:url\" content=\"https:\/\/radioljubuski.ba\/index.php\/2021\/10\/14\/irving-objasnio-zasto-se-ne-zeli-cijepiti-nije-stvar-u-tome-da-sam-antivakser\/\" \/>\n<meta property=\"og:site_name\" content=\"RADIO LJUBU\u0160KI\" \/>\n<meta property=\"article:publisher\" content=\"https:\/\/www.facebook.com\/Radiio-Ljubuski-1490835324566332\" \/>\n<meta property=\"article:published_time\" content=\"2021-10-14T16:10:29+00:00\" \/>\n<meta property=\"article:modified_time\" content=\"2021-10-14T16:11:04+00:00\" \/>\n<meta property=\"og:image\" content=\"https:\/\/radioljubuski.ba\/wp-content\/uploads\/2021\/10\/4325139-1024x683-1.jpg\" \/>\n\t<meta property=\"og:image:width\" content=\"1024\" \/>\n\t<meta property=\"og:image:height\" content=\"683\" \/>\n\t<meta property=\"og:image:type\" content=\"image\/jpeg\" \/>\n<meta name=\"author\" content=\"Radio Ljubu\u0161ki\" \/>\n<meta name=\"twitter:card\" content=\"summary_large_image\" \/>\n<meta name=\"twitter:creator\" content=\"@radioljubuski\" \/>\n<meta name=\"twitter:site\" content=\"@radioljubuski\" \/>\n<meta name=\"twitter:label1\" content=\"Napisao\/la\" \/>\n\t<meta name=\"twitter:data1\" content=\"Radio Ljubu\u0161ki\" \/>\n\t<meta name=\"twitter:label2\" content=\"Procijenjeno vrijeme \u010ditanja\" \/>\n\t<meta name=\"twitter:data2\" content=\"2 minute\" \/>\n<script type=\"application\/ld+json\" class=\"yoast-schema-graph\">{\"@context\":\"https:\\\/\\\/schema.org\",\"@graph\":[{\"@type\":\"Article\",\"@id\":\"https:\\\/\\\/radioljubuski.ba\\\/index.php\\\/2021\\\/10\\\/14\\\/irving-objasnio-zasto-se-ne-zeli-cijepiti-nije-stvar-u-tome-da-sam-antivakser\\\/#article\",\"isPartOf\":{\"@id\":\"https:\\\/\\\/radioljubuski.ba\\\/index.php\\\/2021\\\/10\\\/14\\\/irving-objasnio-zasto-se-ne-zeli-cijepiti-nije-stvar-u-tome-da-sam-antivakser\\\/\"},\"author\":{\"name\":\"Radio Ljubu\u0161ki\",\"@id\":\"https:\\\/\\\/radioljubuski.ba\\\/#\\\/schema\\\/person\\\/19fc700381a780f69665d7956c469e3b\"},\"headline\":\"Irving objasnio za\u0161to se ne \u017eeli cijepiti: Nije stvar u tome da sam antivakser\",\"datePublished\":\"2021-10-14T16:10:29+00:00\",\"dateModified\":\"2021-10-14T16:11:04+00:00\",\"mainEntityOfPage\":{\"@id\":\"https:\\\/\\\/radioljubuski.ba\\\/index.php\\\/2021\\\/10\\\/14\\\/irving-objasnio-zasto-se-ne-zeli-cijepiti-nije-stvar-u-tome-da-sam-antivakser\\\/\"},\"wordCount\":483,\"publisher\":{\"@id\":\"https:\\\/\\\/radioljubuski.ba\\\/#organization\"},\"image\":{\"@id\":\"https:\\\/\\\/radioljubuski.ba\\\/index.php\\\/2021\\\/10\\\/14\\\/irving-objasnio-zasto-se-ne-zeli-cijepiti-nije-stvar-u-tome-da-sam-antivakser\\\/#primaryimage\"},\"thumbnailUrl\":\"https:\\\/\\\/radioljubuski.ba\\\/wp-content\\\/uploads\\\/2021\\\/10\\\/4325139-1024x683-1.jpg\",\"articleSection\":[\"\u0160port\"],\"inLanguage\":\"hr\"},{\"@type\":\"WebPage\",\"@id\":\"https:\\\/\\\/radioljubuski.ba\\\/index.php\\\/2021\\\/10\\\/14\\\/irving-objasnio-zasto-se-ne-zeli-cijepiti-nije-stvar-u-tome-da-sam-antivakser\\\/\",\"url\":\"https:\\\/\\\/radioljubuski.ba\\\/index.php\\\/2021\\\/10\\\/14\\\/irving-objasnio-zasto-se-ne-zeli-cijepiti-nije-stvar-u-tome-da-sam-antivakser\\\/\",\"name\":\"Irving objasnio za\u0161to se ne \u017eeli cijepiti: Nije stvar u tome da sam antivakser - RADIO LJUBU\u0160KI\",\"isPartOf\":{\"@id\":\"https:\\\/\\\/radioljubuski.ba\\\/#website\"},\"primaryImageOfPage\":{\"@id\":\"https:\\\/\\\/radioljubuski.ba\\\/index.php\\\/2021\\\/10\\\/14\\\/irving-objasnio-zasto-se-ne-zeli-cijepiti-nije-stvar-u-tome-da-sam-antivakser\\\/#primaryimage\"},\"image\":{\"@id\":\"https:\\\/\\\/radioljubuski.ba\\\/index.php\\\/2021\\\/10\\\/14\\\/irving-objasnio-zasto-se-ne-zeli-cijepiti-nije-stvar-u-tome-da-sam-antivakser\\\/#primaryimage\"},\"thumbnailUrl\":\"https:\\\/\\\/radioljubuski.ba\\\/wp-content\\\/uploads\\\/2021\\\/10\\\/4325139-1024x683-1.jpg\",\"datePublished\":\"2021-10-14T16:10:29+00:00\",\"dateModified\":\"2021-10-14T16:11:04+00:00\",\"breadcrumb\":{\"@id\":\"https:\\\/\\\/radioljubuski.ba\\\/index.php\\\/2021\\\/10\\\/14\\\/irving-objasnio-zasto-se-ne-zeli-cijepiti-nije-stvar-u-tome-da-sam-antivakser\\\/#breadcrumb\"},\"inLanguage\":\"hr\",\"potentialAction\":[{\"@type\":\"ReadAction\",\"target\":[\"https:\\\/\\\/radioljubuski.ba\\\/index.php\\\/2021\\\/10\\\/14\\\/irving-objasnio-zasto-se-ne-zeli-cijepiti-nije-stvar-u-tome-da-sam-antivakser\\\/\"]}]},{\"@type\":\"ImageObject\",\"inLanguage\":\"hr\",\"@id\":\"https:\\\/\\\/radioljubuski.ba\\\/index.php\\\/2021\\\/10\\\/14\\\/irving-objasnio-zasto-se-ne-zeli-cijepiti-nije-stvar-u-tome-da-sam-antivakser\\\/#primaryimage\",\"url\":\"https:\\\/\\\/radioljubuski.ba\\\/wp-content\\\/uploads\\\/2021\\\/10\\\/4325139-1024x683-1.jpg\",\"contentUrl\":\"https:\\\/\\\/radioljubuski.ba\\\/wp-content\\\/uploads\\\/2021\\\/10\\\/4325139-1024x683-1.jpg\",\"width\":1024,\"height\":683},{\"@type\":\"BreadcrumbList\",\"@id\":\"https:\\\/\\\/radioljubuski.ba\\\/index.php\\\/2021\\\/10\\\/14\\\/irving-objasnio-zasto-se-ne-zeli-cijepiti-nije-stvar-u-tome-da-sam-antivakser\\\/#breadcrumb\",\"itemListElement\":[{\"@type\":\"ListItem\",\"position\":1,\"name\":\"Po\u010detna stranica\",\"item\":\"https:\\\/\\\/radioljubuski.ba\\\/\"},{\"@type\":\"ListItem\",\"position\":2,\"name\":\"Irving objasnio za\u0161to se ne \u017eeli cijepiti: Nije stvar u tome da sam antivakser\"}]},{\"@type\":\"WebSite\",\"@id\":\"https:\\\/\\\/radioljubuski.ba\\\/#website\",\"url\":\"https:\\\/\\\/radioljubuski.ba\\\/\",\"name\":\"Radio Ljubu\u0161ki\",\"description\":\"Sun\u010dana frekvencija Hercegovine\",\"publisher\":{\"@id\":\"https:\\\/\\\/radioljubuski.ba\\\/#organization\"},\"potentialAction\":[{\"@type\":\"SearchAction\",\"target\":{\"@type\":\"EntryPoint\",\"urlTemplate\":\"https:\\\/\\\/radioljubuski.ba\\\/?s={search_term_string}\"},\"query-input\":{\"@type\":\"PropertyValueSpecification\",\"valueRequired\":true,\"valueName\":\"search_term_string\"}}],\"inLanguage\":\"hr\"},{\"@type\":\"Organization\",\"@id\":\"https:\\\/\\\/radioljubuski.ba\\\/#organization\",\"name\":\"Radio Ljubu\u0161ki\",\"url\":\"https:\\\/\\\/radioljubuski.ba\\\/\",\"logo\":{\"@type\":\"ImageObject\",\"inLanguage\":\"hr\",\"@id\":\"https:\\\/\\\/radioljubuski.ba\\\/#\\\/schema\\\/logo\\\/image\\\/\",\"url\":\"https:\\\/\\\/radioljubuski.ba\\\/wp-content\\\/uploads\\\/2021\\\/02\\\/cropped-Radio_Ljubuski_logo1.jpg\",\"contentUrl\":\"https:\\\/\\\/radioljubuski.ba\\\/wp-content\\\/uploads\\\/2021\\\/02\\\/cropped-Radio_Ljubuski_logo1.jpg\",\"width\":512,\"height\":512,\"caption\":\"Radio Ljubu\u0161ki\"},\"image\":{\"@id\":\"https:\\\/\\\/radioljubuski.ba\\\/#\\\/schema\\\/logo\\\/image\\\/\"},\"sameAs\":[\"https:\\\/\\\/www.facebook.com\\\/Radiio-Ljubuski-1490835324566332\",\"https:\\\/\\\/x.com\\\/radioljubuski\",\"https:\\\/\\\/hr.linkedin.com\\\/company\\\/radio-ljubuski\",\"https:\\\/\\\/www.youtube.com\\\/channel\\\/UCHYaeO_n0Db3tjNGudGpXyw\"]},{\"@type\":\"Person\",\"@id\":\"https:\\\/\\\/radioljubuski.ba\\\/#\\\/schema\\\/person\\\/19fc700381a780f69665d7956c469e3b\",\"name\":\"Radio Ljubu\u0161ki\"}]}<\/script>\n<!-- \/ Yoast SEO plugin. -->","yoast_head_json":{"title":"Irving objasnio za\u0161to se ne \u017eeli cijepiti: Nije stvar u tome da sam antivakser - RADIO LJUBU\u0160KI","robots":{"index":"index","follow":"follow","max-snippet":"max-snippet:-1","max-image-preview":"max-image-preview:large","max-video-preview":"max-video-preview:-1"},"canonical":"https:\/\/radioljubuski.ba\/index.php\/2021\/10\/14\/irving-objasnio-zasto-se-ne-zeli-cijepiti-nije-stvar-u-tome-da-sam-antivakser\/","og_locale":"hr_HR","og_type":"article","og_title":"Irving objasnio za\u0161to se ne \u017eeli cijepiti: Nije stvar u tome da sam antivakser - RADIO LJUBU\u0160KI","og_description":"Ko\u0161arka\u0161 Brooklyn Netsa Kyrie Iriving istaknuo je da je ostao iskren prema sebi izabrav\u0161i da se ne cijepi nakon \u0161to je mom\u010dad odlu\u010dila zabraniti mu treniranje i igranje s njima dok se ne uskladi s COVID-19 protokolima New Yorka. U New Yorku osoba mora imati dokaz o primljenoj najmanje jednoj dozi cjepiva da u\u0111e u [&hellip;]","og_url":"https:\/\/radioljubuski.ba\/index.php\/2021\/10\/14\/irving-objasnio-zasto-se-ne-zeli-cijepiti-nije-stvar-u-tome-da-sam-antivakser\/","og_site_name":"RADIO LJUBU\u0160KI","article_publisher":"https:\/\/www.facebook.com\/Radiio-Ljubuski-1490835324566332","article_published_time":"2021-10-14T16:10:29+00:00","article_modified_time":"2021-10-14T16:11:04+00:00","og_image":[{"width":1024,"height":683,"url":"https:\/\/radioljubuski.ba\/wp-content\/uploads\/2021\/10\/4325139-1024x683-1.jpg","type":"image\/jpeg"}],"author":"Radio Ljubu\u0161ki","twitter_card":"summary_large_image","twitter_creator":"@radioljubuski","twitter_site":"@radioljubuski","twitter_misc":{"Napisao\/la":"Radio Ljubu\u0161ki","Procijenjeno vrijeme \u010ditanja":"2 minute"},"schema":{"@context":"https:\/\/schema.org","@graph":[{"@type":"Article","@id":"https:\/\/radioljubuski.ba\/index.php\/2021\/10\/14\/irving-objasnio-zasto-se-ne-zeli-cijepiti-nije-stvar-u-tome-da-sam-antivakser\/#article","isPartOf":{"@id":"https:\/\/radioljubuski.ba\/index.php\/2021\/10\/14\/irving-objasnio-zasto-se-ne-zeli-cijepiti-nije-stvar-u-tome-da-sam-antivakser\/"},"author":{"name":"Radio Ljubu\u0161ki","@id":"https:\/\/radioljubuski.ba\/#\/schema\/person\/19fc700381a780f69665d7956c469e3b"},"headline":"Irving objasnio za\u0161to se ne \u017eeli cijepiti: Nije stvar u tome da sam antivakser","datePublished":"2021-10-14T16:10:29+00:00","dateModified":"2021-10-14T16:11:04+00:00","mainEntityOfPage":{"@id":"https:\/\/radioljubuski.ba\/index.php\/2021\/10\/14\/irving-objasnio-zasto-se-ne-zeli-cijepiti-nije-stvar-u-tome-da-sam-antivakser\/"},"wordCount":483,"publisher":{"@id":"https:\/\/radioljubuski.ba\/#organization"},"image":{"@id":"https:\/\/radioljubuski.ba\/index.php\/2021\/10\/14\/irving-objasnio-zasto-se-ne-zeli-cijepiti-nije-stvar-u-tome-da-sam-antivakser\/#primaryimage"},"thumbnailUrl":"https:\/\/radioljubuski.ba\/wp-content\/uploads\/2021\/10\/4325139-1024x683-1.jpg","articleSection":["\u0160port"],"inLanguage":"hr"},{"@type":"WebPage","@id":"https:\/\/radioljubuski.ba\/index.php\/2021\/10\/14\/irving-objasnio-zasto-se-ne-zeli-cijepiti-nije-stvar-u-tome-da-sam-antivakser\/","url":"https:\/\/radioljubuski.ba\/index.php\/2021\/10\/14\/irving-objasnio-zasto-se-ne-zeli-cijepiti-nije-stvar-u-tome-da-sam-antivakser\/","name":"Irving objasnio za\u0161to se ne \u017eeli cijepiti: Nije stvar u tome da sam antivakser - RADIO LJUBU\u0160KI","isPartOf":{"@id":"https:\/\/radioljubuski.ba\/#website"},"primaryImageOfPage":{"@id":"https:\/\/radioljubuski.ba\/index.php\/2021\/10\/14\/irving-objasnio-zasto-se-ne-zeli-cijepiti-nije-stvar-u-tome-da-sam-antivakser\/#primaryimage"},"image":{"@id":"https:\/\/radioljubuski.ba\/index.php\/2021\/10\/14\/irving-objasnio-zasto-se-ne-zeli-cijepiti-nije-stvar-u-tome-da-sam-antivakser\/#primaryimage"},"thumbnailUrl":"https:\/\/radioljubuski.ba\/wp-content\/uploads\/2021\/10\/4325139-1024x683-1.jpg","datePublished":"2021-10-14T16:10:29+00:00","dateModified":"2021-10-14T16:11:04+00:00","breadcrumb":{"@id":"https:\/\/radioljubuski.ba\/index.php\/2021\/10\/14\/irving-objasnio-zasto-se-ne-zeli-cijepiti-nije-stvar-u-tome-da-sam-antivakser\/#breadcrumb"},"inLanguage":"hr","potentialAction":[{"@type":"ReadAction","target":["https:\/\/radioljubuski.ba\/index.php\/2021\/10\/14\/irving-objasnio-zasto-se-ne-zeli-cijepiti-nije-stvar-u-tome-da-sam-antivakser\/"]}]},{"@type":"ImageObject","inLanguage":"hr","@id":"https:\/\/radioljubuski.ba\/index.php\/2021\/10\/14\/irving-objasnio-zasto-se-ne-zeli-cijepiti-nije-stvar-u-tome-da-sam-antivakser\/#primaryimage","url":"https:\/\/radioljubuski.ba\/wp-content\/uploads\/2021\/10\/4325139-1024x683-1.jpg","contentUrl":"https:\/\/radioljubuski.ba\/wp-content\/uploads\/2021\/10\/4325139-1024x683-1.jpg","width":1024,"height":683},{"@type":"BreadcrumbList","@id":"https:\/\/radioljubuski.ba\/index.php\/2021\/10\/14\/irving-objasnio-zasto-se-ne-zeli-cijepiti-nije-stvar-u-tome-da-sam-antivakser\/#breadcrumb","itemListElement":[{"@type":"ListItem","position":1,"name":"Po\u010detna stranica","item":"https:\/\/radioljubuski.ba\/"},{"@type":"ListItem","position":2,"name":"Irving objasnio za\u0161to se ne \u017eeli cijepiti: Nije stvar u tome da sam antivakser"}]},{"@type":"WebSite","@id":"https:\/\/radioljubuski.ba\/#website","url":"https:\/\/radioljubuski.ba\/","name":"Radio Ljubu\u0161ki","description":"Sun\u010dana frekvencija Hercegovine","publisher":{"@id":"https:\/\/radioljubuski.ba\/#organization"},"potentialAction":[{"@type":"SearchAction","target":{"@type":"EntryPoint","urlTemplate":"https:\/\/radioljubuski.ba\/?s={search_term_string}"},"query-input":{"@type":"PropertyValueSpecification","valueRequired":true,"valueName":"search_term_string"}}],"inLanguage":"hr"},{"@type":"Organization","@id":"https:\/\/radioljubuski.ba\/#organization","name":"Radio Ljubu\u0161ki","url":"https:\/\/radioljubuski.ba\/","logo":{"@type":"ImageObject","inLanguage":"hr","@id":"https:\/\/radioljubuski.ba\/#\/schema\/logo\/image\/","url":"https:\/\/radioljubuski.ba\/wp-content\/uploads\/2021\/02\/cropped-Radio_Ljubuski_logo1.jpg","contentUrl":"https:\/\/radioljubuski.ba\/wp-content\/uploads\/2021\/02\/cropped-Radio_Ljubuski_logo1.jpg","width":512,"height":512,"caption":"Radio Ljubu\u0161ki"},"image":{"@id":"https:\/\/radioljubuski.ba\/#\/schema\/logo\/image\/"},"sameAs":["https:\/\/www.facebook.com\/Radiio-Ljubuski-1490835324566332","https:\/\/x.com\/radioljubuski","https:\/\/hr.linkedin.com\/company\/radio-ljubuski","https:\/\/www.youtube.com\/channel\/UCHYaeO_n0Db3tjNGudGpXyw"]},{"@type":"Person","@id":"https:\/\/radioljubuski.ba\/#\/schema\/person\/19fc700381a780f69665d7956c469e3b","name":"Radio Ljubu\u0161ki"}]}},"_links":{"self":[{"href":"https:\/\/radioljubuski.ba\/index.php\/wp-json\/wp\/v2\/posts\/75667","targetHints":{"allow":["GET"]}}],"collection":[{"href":"https:\/\/radioljubuski.ba\/index.php\/wp-json\/wp\/v2\/posts"}],"about":[{"href":"https:\/\/radioljubuski.ba\/index.php\/wp-json\/wp\/v2\/types\/post"}],"author":[{"embeddable":true,"href":"https:\/\/radioljubuski.ba\/index.php\/wp-json\/wp\/v2\/users\/2"}],"replies":[{"embeddable":true,"href":"https:\/\/radioljubuski.ba\/index.php\/wp-json\/wp\/v2\/comments?post=75667"}],"version-history":[{"count":2,"href":"https:\/\/radioljubuski.ba\/index.php\/wp-json\/wp\/v2\/posts\/75667\/revisions"}],"predecessor-version":[{"id":75670,"href":"https:\/\/radioljubuski.ba\/index.php\/wp-json\/wp\/v2\/posts\/75667\/revisions\/75670"}],"wp:featuredmedia":[{"embeddable":true,"href":"https:\/\/radioljubuski.ba\/index.php\/wp-json\/wp\/v2\/media\/75668"}],"wp:attachment":[{"href":"https:\/\/radioljubuski.ba\/index.php\/wp-json\/wp\/v2\/media?parent=75667"}],"wp:term":[{"taxonomy":"category","embeddable":true,"href":"https:\/\/radioljubuski.ba\/index.php\/wp-json\/wp\/v2\/categories?post=75667"},{"taxonomy":"post_tag","embeddable":true,"href":"https:\/\/radioljubuski.ba\/index.php\/wp-json\/wp\/v2\/tags?post=75667"}],"curies":[{"name":"wp","href":"https:\/\/api.w.org\/{rel}","templated":true}]}}