{"id":75675,"date":"2021-10-14T17:15:15","date_gmt":"2021-10-14T16:15:15","guid":{"rendered":"https:\/\/radioljubuski.ba\/?p=75675"},"modified":"2021-10-14T17:15:16","modified_gmt":"2021-10-14T16:15:16","slug":"jovanovic-svjesni-smo-kvalitete-i-snage-partizana","status":"publish","type":"post","link":"https:\/\/radioljubuski.ba\/index.php\/2021\/10\/14\/jovanovic-svjesni-smo-kvalitete-i-snage-partizana\/","title":{"rendered":"Jovanovi\u0107: Svjesni smo kvalitete i snage Partizana"},"content":{"rendered":"\n<p><strong>Ko\u0161arka\u0161i Cibone ove sezone u tri kola ABA lige nisu pora\u017eeni, a sutra, u \u010detvrtom kolu, u Zagreb sti\u017ee tako\u0111er nepora\u017eeni Partizan.<\/strong><\/p>\n\n\n\n<p>U beogradskom klubu o\u010dekuju te\u0161ku utakmicu, a isto razmi\u0161lja i trener Cibone&nbsp;<strong>Vladimir Jovanovi\u0107<\/strong>.<br><br>&#8211; Sigurno da je Partizan veliki protivnik i da \u0107e ovo biti dobra utakmica, mi smo jedine nepora\u017eene ekipe u dosada\u0161njem dijelu natjecanja \u0161to utakmici dodaje jo\u0161 jednu posebnu dra\u017e. Svjesni smo njihove kvalitete i snage, znamo da su oni ekipa koja je slo\u017eena za najvi\u0161e ciljeve. Mi smo radili kao i do sada maksimalno koliko znamo i mo\u017eemo i odigrati \u0107emo hrabro i jako da poka\u017eemo sav talent i kvalitetu koju imamo i nadamo se da \u0107emo nakon utakmice biti zadovoljni, rekao je Jovanovi\u0107.<br><br>Susret je komentirao i&nbsp;<strong>Amar Gegi\u0107<\/strong>:<br><br>&#8211; O\u010dekuje nas jako te\u0161ka utakmica izme\u0111u dvije ekipe koje su jo\u0161 nepora\u017eene. Moramo odr\u017eati koncentraciju na razini svih 40 minuta i po\u0161tovati dogovore iz svla\u010dionice te igrati s puno kontakta. Nadamo se da \u0107e biti \u0161to vi\u0161e publike koja \u0107e nam svakako olak\u0161ati svojom podr\u0161kom i poku\u0161ati nas pogurati pobjedi, rekao je ko\u0161arka\u0161 Cibone za slu\u017ebene stranice kluba.<\/p>\n\n\n\n<p>Izvor:hrt.hr<\/p>\n","protected":false},"excerpt":{"rendered":"<p>Ko\u0161arka\u0161i Cibone ove sezone u tri kola ABA lige nisu pora\u017eeni, a sutra, u \u010detvrtom kolu, u Zagreb sti\u017ee tako\u0111er nepora\u017eeni Partizan. U beogradskom klubu o\u010dekuju te\u0161ku utakmicu, a isto razmi\u0161lja i trener Cibone&nbsp;Vladimir Jovanovi\u0107. &#8211; Sigurno da je Partizan veliki protivnik i da \u0107e ovo biti dobra utakmica, mi smo jedine nepora\u017eene ekipe u [&hellip;]<\/p>\n","protected":false},"author":2,"featured_media":75676,"comment_status":"closed","ping_status":"closed","sticky":false,"template":"","format":"standard","meta":{"h5ap_radio_sources":[],"footnotes":""},"categories":[7],"tags":[],"class_list":["post-75675","post","type-post","status-publish","format-standard","has-post-thumbnail","hentry","category-sport"],"yoast_head":"<!-- This site is optimized with the Yoast SEO plugin v27.4 - https:\/\/yoast.com\/product\/yoast-seo-wordpress\/ -->\n<title>Jovanovi\u0107: Svjesni smo kvalitete i snage Partizana - RADIO LJUBU\u0160KI<\/title>\n<meta name=\"robots\" content=\"index, follow, max-snippet:-1, max-image-preview:large, max-video-preview:-1\" \/>\n<link rel=\"canonical\" href=\"https:\/\/radioljubuski.ba\/index.php\/2021\/10\/14\/jovanovic-svjesni-smo-kvalitete-i-snage-partizana\/\" \/>\n<meta property=\"og:locale\" content=\"hr_HR\" \/>\n<meta property=\"og:type\" content=\"article\" \/>\n<meta property=\"og:title\" content=\"Jovanovi\u0107: Svjesni smo kvalitete i snage Partizana - RADIO LJUBU\u0160KI\" \/>\n<meta property=\"og:description\" content=\"Ko\u0161arka\u0161i Cibone ove sezone u tri kola ABA lige nisu pora\u017eeni, a sutra, u \u010detvrtom kolu, u Zagreb sti\u017ee tako\u0111er nepora\u017eeni Partizan. U beogradskom klubu o\u010dekuju te\u0161ku utakmicu, a isto razmi\u0161lja i trener Cibone&nbsp;Vladimir Jovanovi\u0107. &#8211; Sigurno da je Partizan veliki protivnik i da \u0107e ovo biti dobra utakmica, mi smo jedine nepora\u017eene ekipe u [&hellip;]\" \/>\n<meta property=\"og:url\" content=\"https:\/\/radioljubuski.ba\/index.php\/2021\/10\/14\/jovanovic-svjesni-smo-kvalitete-i-snage-partizana\/\" \/>\n<meta property=\"og:site_name\" content=\"RADIO LJUBU\u0160KI\" \/>\n<meta property=\"article:publisher\" content=\"https:\/\/www.facebook.com\/Radiio-Ljubuski-1490835324566332\" \/>\n<meta property=\"article:published_time\" content=\"2021-10-14T16:15:15+00:00\" \/>\n<meta property=\"article:modified_time\" content=\"2021-10-14T16:15:16+00:00\" \/>\n<meta property=\"og:image\" content=\"https:\/\/radioljubuski.ba\/wp-content\/uploads\/2021\/10\/pxl-121021-90142720-20211014133633.jpg\" \/>\n\t<meta property=\"og:image:width\" content=\"1600\" \/>\n\t<meta property=\"og:image:height\" content=\"1067\" \/>\n\t<meta property=\"og:image:type\" content=\"image\/jpeg\" \/>\n<meta name=\"author\" content=\"Radio Ljubu\u0161ki\" \/>\n<meta name=\"twitter:card\" content=\"summary_large_image\" \/>\n<meta name=\"twitter:creator\" content=\"@radioljubuski\" \/>\n<meta name=\"twitter:site\" content=\"@radioljubuski\" \/>\n<meta name=\"twitter:label1\" content=\"Napisao\/la\" \/>\n\t<meta name=\"twitter:data1\" content=\"Radio Ljubu\u0161ki\" \/>\n\t<meta name=\"twitter:label2\" content=\"Procijenjeno vrijeme \u010ditanja\" \/>\n\t<meta name=\"twitter:data2\" content=\"1 minuta\" \/>\n<script type=\"application\/ld+json\" class=\"yoast-schema-graph\">{\"@context\":\"https:\\\/\\\/schema.org\",\"@graph\":[{\"@type\":\"Article\",\"@id\":\"https:\\\/\\\/radioljubuski.ba\\\/index.php\\\/2021\\\/10\\\/14\\\/jovanovic-svjesni-smo-kvalitete-i-snage-partizana\\\/#article\",\"isPartOf\":{\"@id\":\"https:\\\/\\\/radioljubuski.ba\\\/index.php\\\/2021\\\/10\\\/14\\\/jovanovic-svjesni-smo-kvalitete-i-snage-partizana\\\/\"},\"author\":{\"name\":\"Radio Ljubu\u0161ki\",\"@id\":\"https:\\\/\\\/radioljubuski.ba\\\/#\\\/schema\\\/person\\\/19fc700381a780f69665d7956c469e3b\"},\"headline\":\"Jovanovi\u0107: Svjesni smo kvalitete i snage Partizana\",\"datePublished\":\"2021-10-14T16:15:15+00:00\",\"dateModified\":\"2021-10-14T16:15:16+00:00\",\"mainEntityOfPage\":{\"@id\":\"https:\\\/\\\/radioljubuski.ba\\\/index.php\\\/2021\\\/10\\\/14\\\/jovanovic-svjesni-smo-kvalitete-i-snage-partizana\\\/\"},\"wordCount\":225,\"publisher\":{\"@id\":\"https:\\\/\\\/radioljubuski.ba\\\/#organization\"},\"image\":{\"@id\":\"https:\\\/\\\/radioljubuski.ba\\\/index.php\\\/2021\\\/10\\\/14\\\/jovanovic-svjesni-smo-kvalitete-i-snage-partizana\\\/#primaryimage\"},\"thumbnailUrl\":\"https:\\\/\\\/radioljubuski.ba\\\/wp-content\\\/uploads\\\/2021\\\/10\\\/pxl-121021-90142720-20211014133633.jpg\",\"articleSection\":[\"\u0160port\"],\"inLanguage\":\"hr\"},{\"@type\":\"WebPage\",\"@id\":\"https:\\\/\\\/radioljubuski.ba\\\/index.php\\\/2021\\\/10\\\/14\\\/jovanovic-svjesni-smo-kvalitete-i-snage-partizana\\\/\",\"url\":\"https:\\\/\\\/radioljubuski.ba\\\/index.php\\\/2021\\\/10\\\/14\\\/jovanovic-svjesni-smo-kvalitete-i-snage-partizana\\\/\",\"name\":\"Jovanovi\u0107: Svjesni smo kvalitete i snage Partizana - RADIO LJUBU\u0160KI\",\"isPartOf\":{\"@id\":\"https:\\\/\\\/radioljubuski.ba\\\/#website\"},\"primaryImageOfPage\":{\"@id\":\"https:\\\/\\\/radioljubuski.ba\\\/index.php\\\/2021\\\/10\\\/14\\\/jovanovic-svjesni-smo-kvalitete-i-snage-partizana\\\/#primaryimage\"},\"image\":{\"@id\":\"https:\\\/\\\/radioljubuski.ba\\\/index.php\\\/2021\\\/10\\\/14\\\/jovanovic-svjesni-smo-kvalitete-i-snage-partizana\\\/#primaryimage\"},\"thumbnailUrl\":\"https:\\\/\\\/radioljubuski.ba\\\/wp-content\\\/uploads\\\/2021\\\/10\\\/pxl-121021-90142720-20211014133633.jpg\",\"datePublished\":\"2021-10-14T16:15:15+00:00\",\"dateModified\":\"2021-10-14T16:15:16+00:00\",\"breadcrumb\":{\"@id\":\"https:\\\/\\\/radioljubuski.ba\\\/index.php\\\/2021\\\/10\\\/14\\\/jovanovic-svjesni-smo-kvalitete-i-snage-partizana\\\/#breadcrumb\"},\"inLanguage\":\"hr\",\"potentialAction\":[{\"@type\":\"ReadAction\",\"target\":[\"https:\\\/\\\/radioljubuski.ba\\\/index.php\\\/2021\\\/10\\\/14\\\/jovanovic-svjesni-smo-kvalitete-i-snage-partizana\\\/\"]}]},{\"@type\":\"ImageObject\",\"inLanguage\":\"hr\",\"@id\":\"https:\\\/\\\/radioljubuski.ba\\\/index.php\\\/2021\\\/10\\\/14\\\/jovanovic-svjesni-smo-kvalitete-i-snage-partizana\\\/#primaryimage\",\"url\":\"https:\\\/\\\/radioljubuski.ba\\\/wp-content\\\/uploads\\\/2021\\\/10\\\/pxl-121021-90142720-20211014133633.jpg\",\"contentUrl\":\"https:\\\/\\\/radioljubuski.ba\\\/wp-content\\\/uploads\\\/2021\\\/10\\\/pxl-121021-90142720-20211014133633.jpg\",\"width\":1600,\"height\":1067,\"caption\":\"12.10.2021., Zagreb - U KC Drazen Petrovic odigrano 5. kolo HT Premijer lige, KK Cibona - KK Zabok. Trener Cibone Vladimir Jovanovic. Photo: Slavko Midzor\\\/PIXSELL\"},{\"@type\":\"BreadcrumbList\",\"@id\":\"https:\\\/\\\/radioljubuski.ba\\\/index.php\\\/2021\\\/10\\\/14\\\/jovanovic-svjesni-smo-kvalitete-i-snage-partizana\\\/#breadcrumb\",\"itemListElement\":[{\"@type\":\"ListItem\",\"position\":1,\"name\":\"Po\u010detna stranica\",\"item\":\"https:\\\/\\\/radioljubuski.ba\\\/\"},{\"@type\":\"ListItem\",\"position\":2,\"name\":\"Jovanovi\u0107: Svjesni smo kvalitete i snage Partizana\"}]},{\"@type\":\"WebSite\",\"@id\":\"https:\\\/\\\/radioljubuski.ba\\\/#website\",\"url\":\"https:\\\/\\\/radioljubuski.ba\\\/\",\"name\":\"Radio Ljubu\u0161ki\",\"description\":\"Sun\u010dana frekvencija Hercegovine\",\"publisher\":{\"@id\":\"https:\\\/\\\/radioljubuski.ba\\\/#organization\"},\"potentialAction\":[{\"@type\":\"SearchAction\",\"target\":{\"@type\":\"EntryPoint\",\"urlTemplate\":\"https:\\\/\\\/radioljubuski.ba\\\/?s={search_term_string}\"},\"query-input\":{\"@type\":\"PropertyValueSpecification\",\"valueRequired\":true,\"valueName\":\"search_term_string\"}}],\"inLanguage\":\"hr\"},{\"@type\":\"Organization\",\"@id\":\"https:\\\/\\\/radioljubuski.ba\\\/#organization\",\"name\":\"Radio Ljubu\u0161ki\",\"url\":\"https:\\\/\\\/radioljubuski.ba\\\/\",\"logo\":{\"@type\":\"ImageObject\",\"inLanguage\":\"hr\",\"@id\":\"https:\\\/\\\/radioljubuski.ba\\\/#\\\/schema\\\/logo\\\/image\\\/\",\"url\":\"https:\\\/\\\/radioljubuski.ba\\\/wp-content\\\/uploads\\\/2021\\\/02\\\/cropped-Radio_Ljubuski_logo1.jpg\",\"contentUrl\":\"https:\\\/\\\/radioljubuski.ba\\\/wp-content\\\/uploads\\\/2021\\\/02\\\/cropped-Radio_Ljubuski_logo1.jpg\",\"width\":512,\"height\":512,\"caption\":\"Radio Ljubu\u0161ki\"},\"image\":{\"@id\":\"https:\\\/\\\/radioljubuski.ba\\\/#\\\/schema\\\/logo\\\/image\\\/\"},\"sameAs\":[\"https:\\\/\\\/www.facebook.com\\\/Radiio-Ljubuski-1490835324566332\",\"https:\\\/\\\/x.com\\\/radioljubuski\",\"https:\\\/\\\/hr.linkedin.com\\\/company\\\/radio-ljubuski\",\"https:\\\/\\\/www.youtube.com\\\/channel\\\/UCHYaeO_n0Db3tjNGudGpXyw\"]},{\"@type\":\"Person\",\"@id\":\"https:\\\/\\\/radioljubuski.ba\\\/#\\\/schema\\\/person\\\/19fc700381a780f69665d7956c469e3b\",\"name\":\"Radio Ljubu\u0161ki\"}]}<\/script>\n<!-- \/ Yoast SEO plugin. -->","yoast_head_json":{"title":"Jovanovi\u0107: Svjesni smo kvalitete i snage Partizana - RADIO LJUBU\u0160KI","robots":{"index":"index","follow":"follow","max-snippet":"max-snippet:-1","max-image-preview":"max-image-preview:large","max-video-preview":"max-video-preview:-1"},"canonical":"https:\/\/radioljubuski.ba\/index.php\/2021\/10\/14\/jovanovic-svjesni-smo-kvalitete-i-snage-partizana\/","og_locale":"hr_HR","og_type":"article","og_title":"Jovanovi\u0107: Svjesni smo kvalitete i snage Partizana - RADIO LJUBU\u0160KI","og_description":"Ko\u0161arka\u0161i Cibone ove sezone u tri kola ABA lige nisu pora\u017eeni, a sutra, u \u010detvrtom kolu, u Zagreb sti\u017ee tako\u0111er nepora\u017eeni Partizan. U beogradskom klubu o\u010dekuju te\u0161ku utakmicu, a isto razmi\u0161lja i trener Cibone&nbsp;Vladimir Jovanovi\u0107. &#8211; Sigurno da je Partizan veliki protivnik i da \u0107e ovo biti dobra utakmica, mi smo jedine nepora\u017eene ekipe u [&hellip;]","og_url":"https:\/\/radioljubuski.ba\/index.php\/2021\/10\/14\/jovanovic-svjesni-smo-kvalitete-i-snage-partizana\/","og_site_name":"RADIO LJUBU\u0160KI","article_publisher":"https:\/\/www.facebook.com\/Radiio-Ljubuski-1490835324566332","article_published_time":"2021-10-14T16:15:15+00:00","article_modified_time":"2021-10-14T16:15:16+00:00","og_image":[{"width":1600,"height":1067,"url":"https:\/\/radioljubuski.ba\/wp-content\/uploads\/2021\/10\/pxl-121021-90142720-20211014133633.jpg","type":"image\/jpeg"}],"author":"Radio Ljubu\u0161ki","twitter_card":"summary_large_image","twitter_creator":"@radioljubuski","twitter_site":"@radioljubuski","twitter_misc":{"Napisao\/la":"Radio Ljubu\u0161ki","Procijenjeno vrijeme \u010ditanja":"1 minuta"},"schema":{"@context":"https:\/\/schema.org","@graph":[{"@type":"Article","@id":"https:\/\/radioljubuski.ba\/index.php\/2021\/10\/14\/jovanovic-svjesni-smo-kvalitete-i-snage-partizana\/#article","isPartOf":{"@id":"https:\/\/radioljubuski.ba\/index.php\/2021\/10\/14\/jovanovic-svjesni-smo-kvalitete-i-snage-partizana\/"},"author":{"name":"Radio Ljubu\u0161ki","@id":"https:\/\/radioljubuski.ba\/#\/schema\/person\/19fc700381a780f69665d7956c469e3b"},"headline":"Jovanovi\u0107: Svjesni smo kvalitete i snage Partizana","datePublished":"2021-10-14T16:15:15+00:00","dateModified":"2021-10-14T16:15:16+00:00","mainEntityOfPage":{"@id":"https:\/\/radioljubuski.ba\/index.php\/2021\/10\/14\/jovanovic-svjesni-smo-kvalitete-i-snage-partizana\/"},"wordCount":225,"publisher":{"@id":"https:\/\/radioljubuski.ba\/#organization"},"image":{"@id":"https:\/\/radioljubuski.ba\/index.php\/2021\/10\/14\/jovanovic-svjesni-smo-kvalitete-i-snage-partizana\/#primaryimage"},"thumbnailUrl":"https:\/\/radioljubuski.ba\/wp-content\/uploads\/2021\/10\/pxl-121021-90142720-20211014133633.jpg","articleSection":["\u0160port"],"inLanguage":"hr"},{"@type":"WebPage","@id":"https:\/\/radioljubuski.ba\/index.php\/2021\/10\/14\/jovanovic-svjesni-smo-kvalitete-i-snage-partizana\/","url":"https:\/\/radioljubuski.ba\/index.php\/2021\/10\/14\/jovanovic-svjesni-smo-kvalitete-i-snage-partizana\/","name":"Jovanovi\u0107: Svjesni smo kvalitete i snage Partizana - RADIO LJUBU\u0160KI","isPartOf":{"@id":"https:\/\/radioljubuski.ba\/#website"},"primaryImageOfPage":{"@id":"https:\/\/radioljubuski.ba\/index.php\/2021\/10\/14\/jovanovic-svjesni-smo-kvalitete-i-snage-partizana\/#primaryimage"},"image":{"@id":"https:\/\/radioljubuski.ba\/index.php\/2021\/10\/14\/jovanovic-svjesni-smo-kvalitete-i-snage-partizana\/#primaryimage"},"thumbnailUrl":"https:\/\/radioljubuski.ba\/wp-content\/uploads\/2021\/10\/pxl-121021-90142720-20211014133633.jpg","datePublished":"2021-10-14T16:15:15+00:00","dateModified":"2021-10-14T16:15:16+00:00","breadcrumb":{"@id":"https:\/\/radioljubuski.ba\/index.php\/2021\/10\/14\/jovanovic-svjesni-smo-kvalitete-i-snage-partizana\/#breadcrumb"},"inLanguage":"hr","potentialAction":[{"@type":"ReadAction","target":["https:\/\/radioljubuski.ba\/index.php\/2021\/10\/14\/jovanovic-svjesni-smo-kvalitete-i-snage-partizana\/"]}]},{"@type":"ImageObject","inLanguage":"hr","@id":"https:\/\/radioljubuski.ba\/index.php\/2021\/10\/14\/jovanovic-svjesni-smo-kvalitete-i-snage-partizana\/#primaryimage","url":"https:\/\/radioljubuski.ba\/wp-content\/uploads\/2021\/10\/pxl-121021-90142720-20211014133633.jpg","contentUrl":"https:\/\/radioljubuski.ba\/wp-content\/uploads\/2021\/10\/pxl-121021-90142720-20211014133633.jpg","width":1600,"height":1067,"caption":"12.10.2021., Zagreb - U KC Drazen Petrovic odigrano 5. kolo HT Premijer lige, KK Cibona - KK Zabok. Trener Cibone Vladimir Jovanovic. Photo: Slavko Midzor\/PIXSELL"},{"@type":"BreadcrumbList","@id":"https:\/\/radioljubuski.ba\/index.php\/2021\/10\/14\/jovanovic-svjesni-smo-kvalitete-i-snage-partizana\/#breadcrumb","itemListElement":[{"@type":"ListItem","position":1,"name":"Po\u010detna stranica","item":"https:\/\/radioljubuski.ba\/"},{"@type":"ListItem","position":2,"name":"Jovanovi\u0107: Svjesni smo kvalitete i snage Partizana"}]},{"@type":"WebSite","@id":"https:\/\/radioljubuski.ba\/#website","url":"https:\/\/radioljubuski.ba\/","name":"Radio Ljubu\u0161ki","description":"Sun\u010dana frekvencija Hercegovine","publisher":{"@id":"https:\/\/radioljubuski.ba\/#organization"},"potentialAction":[{"@type":"SearchAction","target":{"@type":"EntryPoint","urlTemplate":"https:\/\/radioljubuski.ba\/?s={search_term_string}"},"query-input":{"@type":"PropertyValueSpecification","valueRequired":true,"valueName":"search_term_string"}}],"inLanguage":"hr"},{"@type":"Organization","@id":"https:\/\/radioljubuski.ba\/#organization","name":"Radio Ljubu\u0161ki","url":"https:\/\/radioljubuski.ba\/","logo":{"@type":"ImageObject","inLanguage":"hr","@id":"https:\/\/radioljubuski.ba\/#\/schema\/logo\/image\/","url":"https:\/\/radioljubuski.ba\/wp-content\/uploads\/2021\/02\/cropped-Radio_Ljubuski_logo1.jpg","contentUrl":"https:\/\/radioljubuski.ba\/wp-content\/uploads\/2021\/02\/cropped-Radio_Ljubuski_logo1.jpg","width":512,"height":512,"caption":"Radio Ljubu\u0161ki"},"image":{"@id":"https:\/\/radioljubuski.ba\/#\/schema\/logo\/image\/"},"sameAs":["https:\/\/www.facebook.com\/Radiio-Ljubuski-1490835324566332","https:\/\/x.com\/radioljubuski","https:\/\/hr.linkedin.com\/company\/radio-ljubuski","https:\/\/www.youtube.com\/channel\/UCHYaeO_n0Db3tjNGudGpXyw"]},{"@type":"Person","@id":"https:\/\/radioljubuski.ba\/#\/schema\/person\/19fc700381a780f69665d7956c469e3b","name":"Radio Ljubu\u0161ki"}]}},"_links":{"self":[{"href":"https:\/\/radioljubuski.ba\/index.php\/wp-json\/wp\/v2\/posts\/75675","targetHints":{"allow":["GET"]}}],"collection":[{"href":"https:\/\/radioljubuski.ba\/index.php\/wp-json\/wp\/v2\/posts"}],"about":[{"href":"https:\/\/radioljubuski.ba\/index.php\/wp-json\/wp\/v2\/types\/post"}],"author":[{"embeddable":true,"href":"https:\/\/radioljubuski.ba\/index.php\/wp-json\/wp\/v2\/users\/2"}],"replies":[{"embeddable":true,"href":"https:\/\/radioljubuski.ba\/index.php\/wp-json\/wp\/v2\/comments?post=75675"}],"version-history":[{"count":1,"href":"https:\/\/radioljubuski.ba\/index.php\/wp-json\/wp\/v2\/posts\/75675\/revisions"}],"predecessor-version":[{"id":75677,"href":"https:\/\/radioljubuski.ba\/index.php\/wp-json\/wp\/v2\/posts\/75675\/revisions\/75677"}],"wp:featuredmedia":[{"embeddable":true,"href":"https:\/\/radioljubuski.ba\/index.php\/wp-json\/wp\/v2\/media\/75676"}],"wp:attachment":[{"href":"https:\/\/radioljubuski.ba\/index.php\/wp-json\/wp\/v2\/media?parent=75675"}],"wp:term":[{"taxonomy":"category","embeddable":true,"href":"https:\/\/radioljubuski.ba\/index.php\/wp-json\/wp\/v2\/categories?post=75675"},{"taxonomy":"post_tag","embeddable":true,"href":"https:\/\/radioljubuski.ba\/index.php\/wp-json\/wp\/v2\/tags?post=75675"}],"curies":[{"name":"wp","href":"https:\/\/api.w.org\/{rel}","templated":true}]}}