{"id":75684,"date":"2021-10-14T17:21:08","date_gmt":"2021-10-14T16:21:08","guid":{"rendered":"https:\/\/radioljubuski.ba\/?p=75684"},"modified":"2021-10-14T17:21:09","modified_gmt":"2021-10-14T16:21:09","slug":"pedri-u-petak-potpisuje-uz-odstetu-od-milijardu-eura","status":"publish","type":"post","link":"https:\/\/radioljubuski.ba\/index.php\/2021\/10\/14\/pedri-u-petak-potpisuje-uz-odstetu-od-milijardu-eura\/","title":{"rendered":"Pedri u petak potpisuje uz od\u0161tetu od milijardu eura"},"content":{"rendered":"\n<p><strong>Barcelona u petak planira obznaniti kako \u0107e s Pedrijem produ\u017eiti suradnju uz od\u0161tetnu klauzulu od \u010dak milijardu eura, objavio je dobro upu\u0107eni novinar Fabrizio Romano.<\/strong><\/p>\n\n\n\n<p>Osamnaestogodi\u0161nji Pedro Gonzalez Lopez poznatiji pod imenom Pedri po novom ugovoru ostat \u0107e \u010dlan katalonskog velikana do 2026. godine. Njegova dosada\u0161nja od\u0161tetna klauzula iznosila je 400 milijuna eura, a sada \u0107e biti nevjerojatnih milijardu eura!<\/p>\n\n\n\n<blockquote class=\"twitter-tweet\"><p lang=\"en\" dir=\"ltr\">Barcelona are planning to announce Pedri\u2019s new contract this Friday [with \u20ac1B clause confirmed] and then complete the agreement with Ansu Fati. Negotiations are at final stages with his agent Mendes. \ud83d\udd34\ud83e\udd1d <a href=\"https:\/\/twitter.com\/hashtag\/FCB?src=hash&amp;ref_src=twsrc%5Etfw\">#FCB<\/a><br><br>Gavi, Ara\u00fajo, Demb\u00e9l\u00e9 are in Bar\u00e7a \u2018renewals list\u2019 too. <a href=\"https:\/\/twitter.com\/hashtag\/Bar%C3%A7a?src=hash&amp;ref_src=twsrc%5Etfw\">#Bar\u00e7a<\/a><\/p>&mdash; Fabrizio Romano (@FabrizioRomano) <a href=\"https:\/\/twitter.com\/FabrizioRomano\/status\/1448480488289615875?ref_src=twsrc%5Etfw\">October 14, 2021<\/a><\/blockquote> <script async src=\"https:\/\/platform.twitter.com\/widgets.js\" charset=\"utf-8\"><\/script>\n\n\n\n<p>Dosad je najve\u0107a od\u0161teta u povijesti Barcelone bila za&nbsp;<strong>Antoinea Griezmanna<\/strong>&nbsp;koja je iznosila 800 milijuna eura.<br><br>Pedri \u0107e biti drugi igra\u010d s od\u0161tetnom klauzulom od milijardu eura. Isto je imao i Realov napada\u010d&nbsp;<strong>Karim Benzema<\/strong>&nbsp;u ugovoru koji je potpisao s Kraljevskim klubom 2017.<br><br>U zadnjoj fazi su pregovori Barcelone i s&nbsp;<strong>Ansuom Fatijem<\/strong>, a razmatraju se i obnove ugovora s&nbsp;<strong>Gavijem, Araujom i Dembeleom<\/strong>.<\/p>\n\n\n\n<p>Izvor:hrt.hr<\/p>\n","protected":false},"excerpt":{"rendered":"<p>Barcelona u petak planira obznaniti kako \u0107e s Pedrijem produ\u017eiti suradnju uz od\u0161tetnu klauzulu od \u010dak milijardu eura, objavio je dobro upu\u0107eni novinar Fabrizio Romano. Osamnaestogodi\u0161nji Pedro Gonzalez Lopez poznatiji pod imenom Pedri po novom ugovoru ostat \u0107e \u010dlan katalonskog velikana do 2026. godine. Njegova dosada\u0161nja od\u0161tetna klauzula iznosila je 400 milijuna eura, a sada [&hellip;]<\/p>\n","protected":false},"author":2,"featured_media":75685,"comment_status":"closed","ping_status":"closed","sticky":false,"template":"","format":"standard","meta":{"h5ap_radio_sources":[],"footnotes":""},"categories":[7],"tags":[],"class_list":["post-75684","post","type-post","status-publish","format-standard","has-post-thumbnail","hentry","category-sport"],"yoast_head":"<!-- This site is optimized with the Yoast SEO plugin v27.4 - https:\/\/yoast.com\/product\/yoast-seo-wordpress\/ -->\n<title>Pedri u petak potpisuje uz od\u0161tetu od milijardu eura - RADIO LJUBU\u0160KI<\/title>\n<meta name=\"robots\" content=\"index, follow, max-snippet:-1, max-image-preview:large, max-video-preview:-1\" \/>\n<link rel=\"canonical\" href=\"https:\/\/radioljubuski.ba\/index.php\/2021\/10\/14\/pedri-u-petak-potpisuje-uz-odstetu-od-milijardu-eura\/\" \/>\n<meta property=\"og:locale\" content=\"hr_HR\" \/>\n<meta property=\"og:type\" content=\"article\" \/>\n<meta property=\"og:title\" content=\"Pedri u petak potpisuje uz od\u0161tetu od milijardu eura - RADIO LJUBU\u0160KI\" \/>\n<meta property=\"og:description\" content=\"Barcelona u petak planira obznaniti kako \u0107e s Pedrijem produ\u017eiti suradnju uz od\u0161tetnu klauzulu od \u010dak milijardu eura, objavio je dobro upu\u0107eni novinar Fabrizio Romano. Osamnaestogodi\u0161nji Pedro Gonzalez Lopez poznatiji pod imenom Pedri po novom ugovoru ostat \u0107e \u010dlan katalonskog velikana do 2026. godine. Njegova dosada\u0161nja od\u0161tetna klauzula iznosila je 400 milijuna eura, a sada [&hellip;]\" \/>\n<meta property=\"og:url\" content=\"https:\/\/radioljubuski.ba\/index.php\/2021\/10\/14\/pedri-u-petak-potpisuje-uz-odstetu-od-milijardu-eura\/\" \/>\n<meta property=\"og:site_name\" content=\"RADIO LJUBU\u0160KI\" \/>\n<meta property=\"article:publisher\" content=\"https:\/\/www.facebook.com\/Radiio-Ljubuski-1490835324566332\" \/>\n<meta property=\"article:published_time\" content=\"2021-10-14T16:21:08+00:00\" \/>\n<meta property=\"article:modified_time\" content=\"2021-10-14T16:21:09+00:00\" \/>\n<meta property=\"og:image\" content=\"https:\/\/radioljubuski.ba\/wp-content\/uploads\/2021\/10\/preuzmi-1-22.jpg\" \/>\n\t<meta property=\"og:image:width\" content=\"275\" \/>\n\t<meta property=\"og:image:height\" content=\"183\" \/>\n\t<meta property=\"og:image:type\" content=\"image\/jpeg\" \/>\n<meta name=\"author\" content=\"Radio Ljubu\u0161ki\" \/>\n<meta name=\"twitter:card\" content=\"summary_large_image\" \/>\n<meta name=\"twitter:creator\" content=\"@radioljubuski\" \/>\n<meta name=\"twitter:site\" content=\"@radioljubuski\" \/>\n<meta name=\"twitter:label1\" content=\"Napisao\/la\" \/>\n\t<meta name=\"twitter:data1\" content=\"Radio Ljubu\u0161ki\" \/>\n\t<meta name=\"twitter:label2\" content=\"Procijenjeno vrijeme \u010ditanja\" \/>\n\t<meta name=\"twitter:data2\" content=\"1 minuta\" \/>\n<script type=\"application\/ld+json\" class=\"yoast-schema-graph\">{\"@context\":\"https:\\\/\\\/schema.org\",\"@graph\":[{\"@type\":\"Article\",\"@id\":\"https:\\\/\\\/radioljubuski.ba\\\/index.php\\\/2021\\\/10\\\/14\\\/pedri-u-petak-potpisuje-uz-odstetu-od-milijardu-eura\\\/#article\",\"isPartOf\":{\"@id\":\"https:\\\/\\\/radioljubuski.ba\\\/index.php\\\/2021\\\/10\\\/14\\\/pedri-u-petak-potpisuje-uz-odstetu-od-milijardu-eura\\\/\"},\"author\":{\"name\":\"Radio Ljubu\u0161ki\",\"@id\":\"https:\\\/\\\/radioljubuski.ba\\\/#\\\/schema\\\/person\\\/19fc700381a780f69665d7956c469e3b\"},\"headline\":\"Pedri u petak potpisuje uz od\u0161tetu od milijardu eura\",\"datePublished\":\"2021-10-14T16:21:08+00:00\",\"dateModified\":\"2021-10-14T16:21:09+00:00\",\"mainEntityOfPage\":{\"@id\":\"https:\\\/\\\/radioljubuski.ba\\\/index.php\\\/2021\\\/10\\\/14\\\/pedri-u-petak-potpisuje-uz-odstetu-od-milijardu-eura\\\/\"},\"wordCount\":202,\"publisher\":{\"@id\":\"https:\\\/\\\/radioljubuski.ba\\\/#organization\"},\"image\":{\"@id\":\"https:\\\/\\\/radioljubuski.ba\\\/index.php\\\/2021\\\/10\\\/14\\\/pedri-u-petak-potpisuje-uz-odstetu-od-milijardu-eura\\\/#primaryimage\"},\"thumbnailUrl\":\"https:\\\/\\\/radioljubuski.ba\\\/wp-content\\\/uploads\\\/2021\\\/10\\\/preuzmi-1-22.jpg\",\"articleSection\":[\"\u0160port\"],\"inLanguage\":\"hr\"},{\"@type\":\"WebPage\",\"@id\":\"https:\\\/\\\/radioljubuski.ba\\\/index.php\\\/2021\\\/10\\\/14\\\/pedri-u-petak-potpisuje-uz-odstetu-od-milijardu-eura\\\/\",\"url\":\"https:\\\/\\\/radioljubuski.ba\\\/index.php\\\/2021\\\/10\\\/14\\\/pedri-u-petak-potpisuje-uz-odstetu-od-milijardu-eura\\\/\",\"name\":\"Pedri u petak potpisuje uz od\u0161tetu od milijardu eura - RADIO LJUBU\u0160KI\",\"isPartOf\":{\"@id\":\"https:\\\/\\\/radioljubuski.ba\\\/#website\"},\"primaryImageOfPage\":{\"@id\":\"https:\\\/\\\/radioljubuski.ba\\\/index.php\\\/2021\\\/10\\\/14\\\/pedri-u-petak-potpisuje-uz-odstetu-od-milijardu-eura\\\/#primaryimage\"},\"image\":{\"@id\":\"https:\\\/\\\/radioljubuski.ba\\\/index.php\\\/2021\\\/10\\\/14\\\/pedri-u-petak-potpisuje-uz-odstetu-od-milijardu-eura\\\/#primaryimage\"},\"thumbnailUrl\":\"https:\\\/\\\/radioljubuski.ba\\\/wp-content\\\/uploads\\\/2021\\\/10\\\/preuzmi-1-22.jpg\",\"datePublished\":\"2021-10-14T16:21:08+00:00\",\"dateModified\":\"2021-10-14T16:21:09+00:00\",\"breadcrumb\":{\"@id\":\"https:\\\/\\\/radioljubuski.ba\\\/index.php\\\/2021\\\/10\\\/14\\\/pedri-u-petak-potpisuje-uz-odstetu-od-milijardu-eura\\\/#breadcrumb\"},\"inLanguage\":\"hr\",\"potentialAction\":[{\"@type\":\"ReadAction\",\"target\":[\"https:\\\/\\\/radioljubuski.ba\\\/index.php\\\/2021\\\/10\\\/14\\\/pedri-u-petak-potpisuje-uz-odstetu-od-milijardu-eura\\\/\"]}]},{\"@type\":\"ImageObject\",\"inLanguage\":\"hr\",\"@id\":\"https:\\\/\\\/radioljubuski.ba\\\/index.php\\\/2021\\\/10\\\/14\\\/pedri-u-petak-potpisuje-uz-odstetu-od-milijardu-eura\\\/#primaryimage\",\"url\":\"https:\\\/\\\/radioljubuski.ba\\\/wp-content\\\/uploads\\\/2021\\\/10\\\/preuzmi-1-22.jpg\",\"contentUrl\":\"https:\\\/\\\/radioljubuski.ba\\\/wp-content\\\/uploads\\\/2021\\\/10\\\/preuzmi-1-22.jpg\",\"width\":275,\"height\":183},{\"@type\":\"BreadcrumbList\",\"@id\":\"https:\\\/\\\/radioljubuski.ba\\\/index.php\\\/2021\\\/10\\\/14\\\/pedri-u-petak-potpisuje-uz-odstetu-od-milijardu-eura\\\/#breadcrumb\",\"itemListElement\":[{\"@type\":\"ListItem\",\"position\":1,\"name\":\"Po\u010detna stranica\",\"item\":\"https:\\\/\\\/radioljubuski.ba\\\/\"},{\"@type\":\"ListItem\",\"position\":2,\"name\":\"Pedri u petak potpisuje uz od\u0161tetu od milijardu eura\"}]},{\"@type\":\"WebSite\",\"@id\":\"https:\\\/\\\/radioljubuski.ba\\\/#website\",\"url\":\"https:\\\/\\\/radioljubuski.ba\\\/\",\"name\":\"Radio Ljubu\u0161ki\",\"description\":\"Sun\u010dana frekvencija Hercegovine\",\"publisher\":{\"@id\":\"https:\\\/\\\/radioljubuski.ba\\\/#organization\"},\"potentialAction\":[{\"@type\":\"SearchAction\",\"target\":{\"@type\":\"EntryPoint\",\"urlTemplate\":\"https:\\\/\\\/radioljubuski.ba\\\/?s={search_term_string}\"},\"query-input\":{\"@type\":\"PropertyValueSpecification\",\"valueRequired\":true,\"valueName\":\"search_term_string\"}}],\"inLanguage\":\"hr\"},{\"@type\":\"Organization\",\"@id\":\"https:\\\/\\\/radioljubuski.ba\\\/#organization\",\"name\":\"Radio Ljubu\u0161ki\",\"url\":\"https:\\\/\\\/radioljubuski.ba\\\/\",\"logo\":{\"@type\":\"ImageObject\",\"inLanguage\":\"hr\",\"@id\":\"https:\\\/\\\/radioljubuski.ba\\\/#\\\/schema\\\/logo\\\/image\\\/\",\"url\":\"https:\\\/\\\/radioljubuski.ba\\\/wp-content\\\/uploads\\\/2021\\\/02\\\/cropped-Radio_Ljubuski_logo1.jpg\",\"contentUrl\":\"https:\\\/\\\/radioljubuski.ba\\\/wp-content\\\/uploads\\\/2021\\\/02\\\/cropped-Radio_Ljubuski_logo1.jpg\",\"width\":512,\"height\":512,\"caption\":\"Radio Ljubu\u0161ki\"},\"image\":{\"@id\":\"https:\\\/\\\/radioljubuski.ba\\\/#\\\/schema\\\/logo\\\/image\\\/\"},\"sameAs\":[\"https:\\\/\\\/www.facebook.com\\\/Radiio-Ljubuski-1490835324566332\",\"https:\\\/\\\/x.com\\\/radioljubuski\",\"https:\\\/\\\/hr.linkedin.com\\\/company\\\/radio-ljubuski\",\"https:\\\/\\\/www.youtube.com\\\/channel\\\/UCHYaeO_n0Db3tjNGudGpXyw\"]},{\"@type\":\"Person\",\"@id\":\"https:\\\/\\\/radioljubuski.ba\\\/#\\\/schema\\\/person\\\/19fc700381a780f69665d7956c469e3b\",\"name\":\"Radio Ljubu\u0161ki\"}]}<\/script>\n<!-- \/ Yoast SEO plugin. -->","yoast_head_json":{"title":"Pedri u petak potpisuje uz od\u0161tetu od milijardu eura - RADIO LJUBU\u0160KI","robots":{"index":"index","follow":"follow","max-snippet":"max-snippet:-1","max-image-preview":"max-image-preview:large","max-video-preview":"max-video-preview:-1"},"canonical":"https:\/\/radioljubuski.ba\/index.php\/2021\/10\/14\/pedri-u-petak-potpisuje-uz-odstetu-od-milijardu-eura\/","og_locale":"hr_HR","og_type":"article","og_title":"Pedri u petak potpisuje uz od\u0161tetu od milijardu eura - RADIO LJUBU\u0160KI","og_description":"Barcelona u petak planira obznaniti kako \u0107e s Pedrijem produ\u017eiti suradnju uz od\u0161tetnu klauzulu od \u010dak milijardu eura, objavio je dobro upu\u0107eni novinar Fabrizio Romano. Osamnaestogodi\u0161nji Pedro Gonzalez Lopez poznatiji pod imenom Pedri po novom ugovoru ostat \u0107e \u010dlan katalonskog velikana do 2026. godine. Njegova dosada\u0161nja od\u0161tetna klauzula iznosila je 400 milijuna eura, a sada [&hellip;]","og_url":"https:\/\/radioljubuski.ba\/index.php\/2021\/10\/14\/pedri-u-petak-potpisuje-uz-odstetu-od-milijardu-eura\/","og_site_name":"RADIO LJUBU\u0160KI","article_publisher":"https:\/\/www.facebook.com\/Radiio-Ljubuski-1490835324566332","article_published_time":"2021-10-14T16:21:08+00:00","article_modified_time":"2021-10-14T16:21:09+00:00","og_image":[{"width":275,"height":183,"url":"https:\/\/radioljubuski.ba\/wp-content\/uploads\/2021\/10\/preuzmi-1-22.jpg","type":"image\/jpeg"}],"author":"Radio Ljubu\u0161ki","twitter_card":"summary_large_image","twitter_creator":"@radioljubuski","twitter_site":"@radioljubuski","twitter_misc":{"Napisao\/la":"Radio Ljubu\u0161ki","Procijenjeno vrijeme \u010ditanja":"1 minuta"},"schema":{"@context":"https:\/\/schema.org","@graph":[{"@type":"Article","@id":"https:\/\/radioljubuski.ba\/index.php\/2021\/10\/14\/pedri-u-petak-potpisuje-uz-odstetu-od-milijardu-eura\/#article","isPartOf":{"@id":"https:\/\/radioljubuski.ba\/index.php\/2021\/10\/14\/pedri-u-petak-potpisuje-uz-odstetu-od-milijardu-eura\/"},"author":{"name":"Radio Ljubu\u0161ki","@id":"https:\/\/radioljubuski.ba\/#\/schema\/person\/19fc700381a780f69665d7956c469e3b"},"headline":"Pedri u petak potpisuje uz od\u0161tetu od milijardu eura","datePublished":"2021-10-14T16:21:08+00:00","dateModified":"2021-10-14T16:21:09+00:00","mainEntityOfPage":{"@id":"https:\/\/radioljubuski.ba\/index.php\/2021\/10\/14\/pedri-u-petak-potpisuje-uz-odstetu-od-milijardu-eura\/"},"wordCount":202,"publisher":{"@id":"https:\/\/radioljubuski.ba\/#organization"},"image":{"@id":"https:\/\/radioljubuski.ba\/index.php\/2021\/10\/14\/pedri-u-petak-potpisuje-uz-odstetu-od-milijardu-eura\/#primaryimage"},"thumbnailUrl":"https:\/\/radioljubuski.ba\/wp-content\/uploads\/2021\/10\/preuzmi-1-22.jpg","articleSection":["\u0160port"],"inLanguage":"hr"},{"@type":"WebPage","@id":"https:\/\/radioljubuski.ba\/index.php\/2021\/10\/14\/pedri-u-petak-potpisuje-uz-odstetu-od-milijardu-eura\/","url":"https:\/\/radioljubuski.ba\/index.php\/2021\/10\/14\/pedri-u-petak-potpisuje-uz-odstetu-od-milijardu-eura\/","name":"Pedri u petak potpisuje uz od\u0161tetu od milijardu eura - RADIO LJUBU\u0160KI","isPartOf":{"@id":"https:\/\/radioljubuski.ba\/#website"},"primaryImageOfPage":{"@id":"https:\/\/radioljubuski.ba\/index.php\/2021\/10\/14\/pedri-u-petak-potpisuje-uz-odstetu-od-milijardu-eura\/#primaryimage"},"image":{"@id":"https:\/\/radioljubuski.ba\/index.php\/2021\/10\/14\/pedri-u-petak-potpisuje-uz-odstetu-od-milijardu-eura\/#primaryimage"},"thumbnailUrl":"https:\/\/radioljubuski.ba\/wp-content\/uploads\/2021\/10\/preuzmi-1-22.jpg","datePublished":"2021-10-14T16:21:08+00:00","dateModified":"2021-10-14T16:21:09+00:00","breadcrumb":{"@id":"https:\/\/radioljubuski.ba\/index.php\/2021\/10\/14\/pedri-u-petak-potpisuje-uz-odstetu-od-milijardu-eura\/#breadcrumb"},"inLanguage":"hr","potentialAction":[{"@type":"ReadAction","target":["https:\/\/radioljubuski.ba\/index.php\/2021\/10\/14\/pedri-u-petak-potpisuje-uz-odstetu-od-milijardu-eura\/"]}]},{"@type":"ImageObject","inLanguage":"hr","@id":"https:\/\/radioljubuski.ba\/index.php\/2021\/10\/14\/pedri-u-petak-potpisuje-uz-odstetu-od-milijardu-eura\/#primaryimage","url":"https:\/\/radioljubuski.ba\/wp-content\/uploads\/2021\/10\/preuzmi-1-22.jpg","contentUrl":"https:\/\/radioljubuski.ba\/wp-content\/uploads\/2021\/10\/preuzmi-1-22.jpg","width":275,"height":183},{"@type":"BreadcrumbList","@id":"https:\/\/radioljubuski.ba\/index.php\/2021\/10\/14\/pedri-u-petak-potpisuje-uz-odstetu-od-milijardu-eura\/#breadcrumb","itemListElement":[{"@type":"ListItem","position":1,"name":"Po\u010detna stranica","item":"https:\/\/radioljubuski.ba\/"},{"@type":"ListItem","position":2,"name":"Pedri u petak potpisuje uz od\u0161tetu od milijardu eura"}]},{"@type":"WebSite","@id":"https:\/\/radioljubuski.ba\/#website","url":"https:\/\/radioljubuski.ba\/","name":"Radio Ljubu\u0161ki","description":"Sun\u010dana frekvencija Hercegovine","publisher":{"@id":"https:\/\/radioljubuski.ba\/#organization"},"potentialAction":[{"@type":"SearchAction","target":{"@type":"EntryPoint","urlTemplate":"https:\/\/radioljubuski.ba\/?s={search_term_string}"},"query-input":{"@type":"PropertyValueSpecification","valueRequired":true,"valueName":"search_term_string"}}],"inLanguage":"hr"},{"@type":"Organization","@id":"https:\/\/radioljubuski.ba\/#organization","name":"Radio Ljubu\u0161ki","url":"https:\/\/radioljubuski.ba\/","logo":{"@type":"ImageObject","inLanguage":"hr","@id":"https:\/\/radioljubuski.ba\/#\/schema\/logo\/image\/","url":"https:\/\/radioljubuski.ba\/wp-content\/uploads\/2021\/02\/cropped-Radio_Ljubuski_logo1.jpg","contentUrl":"https:\/\/radioljubuski.ba\/wp-content\/uploads\/2021\/02\/cropped-Radio_Ljubuski_logo1.jpg","width":512,"height":512,"caption":"Radio Ljubu\u0161ki"},"image":{"@id":"https:\/\/radioljubuski.ba\/#\/schema\/logo\/image\/"},"sameAs":["https:\/\/www.facebook.com\/Radiio-Ljubuski-1490835324566332","https:\/\/x.com\/radioljubuski","https:\/\/hr.linkedin.com\/company\/radio-ljubuski","https:\/\/www.youtube.com\/channel\/UCHYaeO_n0Db3tjNGudGpXyw"]},{"@type":"Person","@id":"https:\/\/radioljubuski.ba\/#\/schema\/person\/19fc700381a780f69665d7956c469e3b","name":"Radio Ljubu\u0161ki"}]}},"_links":{"self":[{"href":"https:\/\/radioljubuski.ba\/index.php\/wp-json\/wp\/v2\/posts\/75684","targetHints":{"allow":["GET"]}}],"collection":[{"href":"https:\/\/radioljubuski.ba\/index.php\/wp-json\/wp\/v2\/posts"}],"about":[{"href":"https:\/\/radioljubuski.ba\/index.php\/wp-json\/wp\/v2\/types\/post"}],"author":[{"embeddable":true,"href":"https:\/\/radioljubuski.ba\/index.php\/wp-json\/wp\/v2\/users\/2"}],"replies":[{"embeddable":true,"href":"https:\/\/radioljubuski.ba\/index.php\/wp-json\/wp\/v2\/comments?post=75684"}],"version-history":[{"count":1,"href":"https:\/\/radioljubuski.ba\/index.php\/wp-json\/wp\/v2\/posts\/75684\/revisions"}],"predecessor-version":[{"id":75686,"href":"https:\/\/radioljubuski.ba\/index.php\/wp-json\/wp\/v2\/posts\/75684\/revisions\/75686"}],"wp:featuredmedia":[{"embeddable":true,"href":"https:\/\/radioljubuski.ba\/index.php\/wp-json\/wp\/v2\/media\/75685"}],"wp:attachment":[{"href":"https:\/\/radioljubuski.ba\/index.php\/wp-json\/wp\/v2\/media?parent=75684"}],"wp:term":[{"taxonomy":"category","embeddable":true,"href":"https:\/\/radioljubuski.ba\/index.php\/wp-json\/wp\/v2\/categories?post=75684"},{"taxonomy":"post_tag","embeddable":true,"href":"https:\/\/radioljubuski.ba\/index.php\/wp-json\/wp\/v2\/tags?post=75684"}],"curies":[{"name":"wp","href":"https:\/\/api.w.org\/{rel}","templated":true}]}}