{"id":75690,"date":"2021-10-14T17:36:44","date_gmt":"2021-10-14T16:36:44","guid":{"rendered":"https:\/\/radioljubuski.ba\/?p=75690"},"modified":"2021-10-16T21:10:46","modified_gmt":"2021-10-16T20:10:46","slug":"klobuk-kardinal-vinko-puljic-blagoslovio-kapelicu-u-rodnoj-kuci-petra-barbarica-audio-i-foto","status":"publish","type":"post","link":"https:\/\/radioljubuski.ba\/index.php\/2021\/10\/14\/klobuk-kardinal-vinko-puljic-blagoslovio-kapelicu-u-rodnoj-kuci-petra-barbarica-audio-i-foto\/","title":{"rendered":"Klobuk: Kardinal Vinko Pulji\u0107 blagoslovio kapelicu u rodnoj ku\u0107i Petra Barbari\u0107a &#8211; audio i foto"},"content":{"rendered":"\n<p>Vrhbosanski nadbiskup kardinal Vinko Pulji\u0107 danas je sve\u010dano blagoslovio kapelicu u rodnoj ku\u0107i \u010dasnog sluge Bo\u017ejeg Petra Barbari\u0107a u \u0160iljevi\u0161tu u Klobuku.<\/p>\n\n\n\n<p>Na misnome slavlju u \u0160iljevi\u0161tu koncelebriralo je mno\u0161tvo sve\u0107enika, a kardinal Pulji\u0107 se na po\u010detku zahvalio pokojnom Stanku Barbari\u0107u koji je pomagao razne crkvene projekte, te koji je u rodnom \u0160iljevi\u0161tu uredio sveti\u0161te svoga prastrica Sluge Bo\u017ejeg Petra Barbari\u0107a i potom ga sa okolnim imanjem darovao Crkvi.<\/p>\n\n\n\n<p>Klobu\u010dki \u017eupnik fra Robert Joli\u0107 je istaknuo kako se na ovom mjestu \u010desto slave mise. &nbsp;<\/p>\n\n\n\n<p>\u201eRaduje me i najava da \u0107e i uzoriti kardinal dio svojih umirovljeni\u010dkih dana provoditi ovdje u \u0160iljevi\u0161tima\u201c, istaknuo je Joli\u0107. &nbsp;<\/p>\n\n\n\n<p>Kardinal Pulji\u0107 se u propovijedi posebno osvrnuo na vrijednosti pravilnog obiteljskog odgoja. &nbsp;<\/p>\n\n\n\n<p>\u201eSvi mi smo odnjihani u kolijevci obiteljskog ozra\u010dja i tu smo zapravo nai\u0161li na prvu \u0161kolu vjere, ovdje u ovoj ku\u0107i na\u0161 \u010dasni sluga Petar je prvu \u0161kolu svr\u0161io, \u0161kolu vjere. U\u010dio je upravo da je Bog svet, da su Bo\u017eje zapovijedi svete i to je ponio u \u017eivot. U svakoj obitelji gdje se istinski odgaja da Bo\u017eja bude na prvom mjestu, da su Bo\u017eje zapovijedi va\u017enije od svih svjetskih sila, to je sigurna \u0161kola za rasti u svetosti. Da on to ovdje nije primio, ne bi u Travniku umro na glasu svetosti. Da nije ovdje bila ku\u0107a molitve, ne bi on postao ovo \u0161to je postao. U svakoj ku\u0107i gdje se istinski moli, gdje se istinski vjeruje, gdje se Bo\u017eja dr\u017ei, lako Bog pozove&#8230;\u201c, rekao je, me\u0111u ostalim, u propovijedi kardinal Pulji\u0107.<\/p>\n\n\n\n<p>Misi i blagoslovu kapelice su nazo\u010dili mnogobrojni mje\u0161tani i hodo\u010dasnici, sve\u0107enici iz Hercegovine i Bosne, kao i brojni politi\u010dki du\u017enosnici.<\/p>\n\n\n\n<p>Nakon mise uslijedio je domjenak.<\/p>\n\n\n\n<p>Poslu\u0161ajte dio propovijedi kardinala Pulji\u0107a<\/p>\n\n\n\n<iframe src=\"https:\/\/drive.google.com\/file\/d\/1RtAwrBkZVGkBsRtJ9eo3uTUDUQxRDWxk\/preview\" style=\"width: 100%; height: 100px;\"><\/iframe>\n\n\n\n<p>Poslu\u0161ajte i obra\u0107anje don \u017deljka Mari\u0107a, ravnatelja Katoli\u010dkog \u0161kolskog centra&nbsp;\u201cPetar Barbari\u0107\u201d<\/p>\n\n\n\n<iframe src=\"https:\/\/drive.google.com\/file\/d\/19tSkKxX5PHpXBjAKSc7yvGTXydb45sSn\/preview\" style=\"width: 100%; height: 100px;\"><\/iframe>\n\n\n\n<iframe loading=\"lazy\" src=\"https:\/\/www.facebook.com\/plugins\/post.php?href=https%3A%2F%2Fwww.facebook.com%2Fpermalink.php%3Fstory_fbid%3D2978882782428238%26id%3D1490835324566332&amp;show_text=true&amp;width=500\" width=\"500\" height=\"684\" style=\"border:none;overflow:hidden\" scrolling=\"no\" frameborder=\"0\" allowfullscreen=\"true\" allow=\"autoplay; clipboard-write; encrypted-media; picture-in-picture; web-share\"><\/iframe>\n\n\n\n<p><strong>Ivan Herceg \/ Radio Ljubu\u0161ki<\/strong><\/p>\n","protected":false},"excerpt":{"rendered":"<p>Vrhbosanski nadbiskup kardinal Vinko Pulji\u0107 danas je sve\u010dano blagoslovio kapelicu u rodnoj ku\u0107i \u010dasnog sluge Bo\u017ejeg Petra Barbari\u0107a u \u0160iljevi\u0161tu u Klobuku. Na misnome slavlju u \u0160iljevi\u0161tu koncelebriralo je mno\u0161tvo sve\u0107enika, a kardinal Pulji\u0107 se na po\u010detku zahvalio pokojnom Stanku Barbari\u0107u koji je pomagao razne crkvene projekte, te koji je u rodnom \u0160iljevi\u0161tu uredio sveti\u0161te [&hellip;]<\/p>\n","protected":false},"author":2,"featured_media":75691,"comment_status":"closed","ping_status":"closed","sticky":false,"template":"","format":"standard","meta":{"h5ap_radio_sources":[],"footnotes":""},"categories":[8],"tags":[],"class_list":["post-75690","post","type-post","status-publish","format-standard","has-post-thumbnail","hentry","category-rlj-audio"],"yoast_head":"<!-- This site is optimized with the Yoast SEO plugin v27.4 - https:\/\/yoast.com\/product\/yoast-seo-wordpress\/ -->\n<title>Klobuk: Kardinal Vinko Pulji\u0107 blagoslovio kapelicu u rodnoj ku\u0107i Petra Barbari\u0107a - audio i foto - RADIO LJUBU\u0160KI<\/title>\n<meta name=\"robots\" content=\"index, follow, max-snippet:-1, max-image-preview:large, max-video-preview:-1\" \/>\n<link rel=\"canonical\" href=\"https:\/\/radioljubuski.ba\/index.php\/2021\/10\/14\/klobuk-kardinal-vinko-puljic-blagoslovio-kapelicu-u-rodnoj-kuci-petra-barbarica-audio-i-foto\/\" \/>\n<meta property=\"og:locale\" content=\"hr_HR\" \/>\n<meta property=\"og:type\" content=\"article\" \/>\n<meta property=\"og:title\" content=\"Klobuk: Kardinal Vinko Pulji\u0107 blagoslovio kapelicu u rodnoj ku\u0107i Petra Barbari\u0107a - audio i foto - RADIO LJUBU\u0160KI\" \/>\n<meta property=\"og:description\" content=\"Vrhbosanski nadbiskup kardinal Vinko Pulji\u0107 danas je sve\u010dano blagoslovio kapelicu u rodnoj ku\u0107i \u010dasnog sluge Bo\u017ejeg Petra Barbari\u0107a u \u0160iljevi\u0161tu u Klobuku. Na misnome slavlju u \u0160iljevi\u0161tu koncelebriralo je mno\u0161tvo sve\u0107enika, a kardinal Pulji\u0107 se na po\u010detku zahvalio pokojnom Stanku Barbari\u0107u koji je pomagao razne crkvene projekte, te koji je u rodnom \u0160iljevi\u0161tu uredio sveti\u0161te [&hellip;]\" \/>\n<meta property=\"og:url\" content=\"https:\/\/radioljubuski.ba\/index.php\/2021\/10\/14\/klobuk-kardinal-vinko-puljic-blagoslovio-kapelicu-u-rodnoj-kuci-petra-barbarica-audio-i-foto\/\" \/>\n<meta property=\"og:site_name\" content=\"RADIO LJUBU\u0160KI\" \/>\n<meta property=\"article:publisher\" content=\"https:\/\/www.facebook.com\/Radiio-Ljubuski-1490835324566332\" \/>\n<meta property=\"article:published_time\" content=\"2021-10-14T16:36:44+00:00\" \/>\n<meta property=\"article:modified_time\" content=\"2021-10-16T20:10:46+00:00\" \/>\n<meta property=\"og:image\" content=\"https:\/\/radioljubuski.ba\/wp-content\/uploads\/2021\/10\/siljeviste.jpg\" \/>\n\t<meta property=\"og:image:width\" content=\"1141\" \/>\n\t<meta property=\"og:image:height\" content=\"652\" \/>\n\t<meta property=\"og:image:type\" content=\"image\/jpeg\" \/>\n<meta name=\"author\" content=\"Radio Ljubu\u0161ki\" \/>\n<meta name=\"twitter:card\" content=\"summary_large_image\" \/>\n<meta name=\"twitter:creator\" content=\"@radioljubuski\" \/>\n<meta name=\"twitter:site\" content=\"@radioljubuski\" \/>\n<meta name=\"twitter:label1\" content=\"Napisao\/la\" \/>\n\t<meta name=\"twitter:data1\" content=\"Radio Ljubu\u0161ki\" \/>\n\t<meta name=\"twitter:label2\" content=\"Procijenjeno vrijeme \u010ditanja\" \/>\n\t<meta name=\"twitter:data2\" content=\"2 minute\" \/>\n<script type=\"application\/ld+json\" class=\"yoast-schema-graph\">{\"@context\":\"https:\\\/\\\/schema.org\",\"@graph\":[{\"@type\":\"Article\",\"@id\":\"https:\\\/\\\/radioljubuski.ba\\\/index.php\\\/2021\\\/10\\\/14\\\/klobuk-kardinal-vinko-puljic-blagoslovio-kapelicu-u-rodnoj-kuci-petra-barbarica-audio-i-foto\\\/#article\",\"isPartOf\":{\"@id\":\"https:\\\/\\\/radioljubuski.ba\\\/index.php\\\/2021\\\/10\\\/14\\\/klobuk-kardinal-vinko-puljic-blagoslovio-kapelicu-u-rodnoj-kuci-petra-barbarica-audio-i-foto\\\/\"},\"author\":{\"name\":\"Radio Ljubu\u0161ki\",\"@id\":\"https:\\\/\\\/radioljubuski.ba\\\/#\\\/schema\\\/person\\\/19fc700381a780f69665d7956c469e3b\"},\"headline\":\"Klobuk: Kardinal Vinko Pulji\u0107 blagoslovio kapelicu u rodnoj ku\u0107i Petra Barbari\u0107a &#8211; audio i foto\",\"datePublished\":\"2021-10-14T16:36:44+00:00\",\"dateModified\":\"2021-10-16T20:10:46+00:00\",\"mainEntityOfPage\":{\"@id\":\"https:\\\/\\\/radioljubuski.ba\\\/index.php\\\/2021\\\/10\\\/14\\\/klobuk-kardinal-vinko-puljic-blagoslovio-kapelicu-u-rodnoj-kuci-petra-barbarica-audio-i-foto\\\/\"},\"wordCount\":360,\"publisher\":{\"@id\":\"https:\\\/\\\/radioljubuski.ba\\\/#organization\"},\"image\":{\"@id\":\"https:\\\/\\\/radioljubuski.ba\\\/index.php\\\/2021\\\/10\\\/14\\\/klobuk-kardinal-vinko-puljic-blagoslovio-kapelicu-u-rodnoj-kuci-petra-barbarica-audio-i-foto\\\/#primaryimage\"},\"thumbnailUrl\":\"https:\\\/\\\/radioljubuski.ba\\\/wp-content\\\/uploads\\\/2021\\\/10\\\/siljeviste.jpg\",\"articleSection\":[\"RLJ Audio\"],\"inLanguage\":\"hr\"},{\"@type\":\"WebPage\",\"@id\":\"https:\\\/\\\/radioljubuski.ba\\\/index.php\\\/2021\\\/10\\\/14\\\/klobuk-kardinal-vinko-puljic-blagoslovio-kapelicu-u-rodnoj-kuci-petra-barbarica-audio-i-foto\\\/\",\"url\":\"https:\\\/\\\/radioljubuski.ba\\\/index.php\\\/2021\\\/10\\\/14\\\/klobuk-kardinal-vinko-puljic-blagoslovio-kapelicu-u-rodnoj-kuci-petra-barbarica-audio-i-foto\\\/\",\"name\":\"Klobuk: Kardinal Vinko Pulji\u0107 blagoslovio kapelicu u rodnoj ku\u0107i Petra Barbari\u0107a - audio i foto - RADIO LJUBU\u0160KI\",\"isPartOf\":{\"@id\":\"https:\\\/\\\/radioljubuski.ba\\\/#website\"},\"primaryImageOfPage\":{\"@id\":\"https:\\\/\\\/radioljubuski.ba\\\/index.php\\\/2021\\\/10\\\/14\\\/klobuk-kardinal-vinko-puljic-blagoslovio-kapelicu-u-rodnoj-kuci-petra-barbarica-audio-i-foto\\\/#primaryimage\"},\"image\":{\"@id\":\"https:\\\/\\\/radioljubuski.ba\\\/index.php\\\/2021\\\/10\\\/14\\\/klobuk-kardinal-vinko-puljic-blagoslovio-kapelicu-u-rodnoj-kuci-petra-barbarica-audio-i-foto\\\/#primaryimage\"},\"thumbnailUrl\":\"https:\\\/\\\/radioljubuski.ba\\\/wp-content\\\/uploads\\\/2021\\\/10\\\/siljeviste.jpg\",\"datePublished\":\"2021-10-14T16:36:44+00:00\",\"dateModified\":\"2021-10-16T20:10:46+00:00\",\"breadcrumb\":{\"@id\":\"https:\\\/\\\/radioljubuski.ba\\\/index.php\\\/2021\\\/10\\\/14\\\/klobuk-kardinal-vinko-puljic-blagoslovio-kapelicu-u-rodnoj-kuci-petra-barbarica-audio-i-foto\\\/#breadcrumb\"},\"inLanguage\":\"hr\",\"potentialAction\":[{\"@type\":\"ReadAction\",\"target\":[\"https:\\\/\\\/radioljubuski.ba\\\/index.php\\\/2021\\\/10\\\/14\\\/klobuk-kardinal-vinko-puljic-blagoslovio-kapelicu-u-rodnoj-kuci-petra-barbarica-audio-i-foto\\\/\"]}]},{\"@type\":\"ImageObject\",\"inLanguage\":\"hr\",\"@id\":\"https:\\\/\\\/radioljubuski.ba\\\/index.php\\\/2021\\\/10\\\/14\\\/klobuk-kardinal-vinko-puljic-blagoslovio-kapelicu-u-rodnoj-kuci-petra-barbarica-audio-i-foto\\\/#primaryimage\",\"url\":\"https:\\\/\\\/radioljubuski.ba\\\/wp-content\\\/uploads\\\/2021\\\/10\\\/siljeviste.jpg\",\"contentUrl\":\"https:\\\/\\\/radioljubuski.ba\\\/wp-content\\\/uploads\\\/2021\\\/10\\\/siljeviste.jpg\",\"width\":1141,\"height\":652},{\"@type\":\"BreadcrumbList\",\"@id\":\"https:\\\/\\\/radioljubuski.ba\\\/index.php\\\/2021\\\/10\\\/14\\\/klobuk-kardinal-vinko-puljic-blagoslovio-kapelicu-u-rodnoj-kuci-petra-barbarica-audio-i-foto\\\/#breadcrumb\",\"itemListElement\":[{\"@type\":\"ListItem\",\"position\":1,\"name\":\"Po\u010detna stranica\",\"item\":\"https:\\\/\\\/radioljubuski.ba\\\/\"},{\"@type\":\"ListItem\",\"position\":2,\"name\":\"Klobuk: Kardinal Vinko Pulji\u0107 blagoslovio kapelicu u rodnoj ku\u0107i Petra Barbari\u0107a &#8211; audio i foto\"}]},{\"@type\":\"WebSite\",\"@id\":\"https:\\\/\\\/radioljubuski.ba\\\/#website\",\"url\":\"https:\\\/\\\/radioljubuski.ba\\\/\",\"name\":\"Radio Ljubu\u0161ki\",\"description\":\"Sun\u010dana frekvencija Hercegovine\",\"publisher\":{\"@id\":\"https:\\\/\\\/radioljubuski.ba\\\/#organization\"},\"potentialAction\":[{\"@type\":\"SearchAction\",\"target\":{\"@type\":\"EntryPoint\",\"urlTemplate\":\"https:\\\/\\\/radioljubuski.ba\\\/?s={search_term_string}\"},\"query-input\":{\"@type\":\"PropertyValueSpecification\",\"valueRequired\":true,\"valueName\":\"search_term_string\"}}],\"inLanguage\":\"hr\"},{\"@type\":\"Organization\",\"@id\":\"https:\\\/\\\/radioljubuski.ba\\\/#organization\",\"name\":\"Radio Ljubu\u0161ki\",\"url\":\"https:\\\/\\\/radioljubuski.ba\\\/\",\"logo\":{\"@type\":\"ImageObject\",\"inLanguage\":\"hr\",\"@id\":\"https:\\\/\\\/radioljubuski.ba\\\/#\\\/schema\\\/logo\\\/image\\\/\",\"url\":\"https:\\\/\\\/radioljubuski.ba\\\/wp-content\\\/uploads\\\/2021\\\/02\\\/cropped-Radio_Ljubuski_logo1.jpg\",\"contentUrl\":\"https:\\\/\\\/radioljubuski.ba\\\/wp-content\\\/uploads\\\/2021\\\/02\\\/cropped-Radio_Ljubuski_logo1.jpg\",\"width\":512,\"height\":512,\"caption\":\"Radio Ljubu\u0161ki\"},\"image\":{\"@id\":\"https:\\\/\\\/radioljubuski.ba\\\/#\\\/schema\\\/logo\\\/image\\\/\"},\"sameAs\":[\"https:\\\/\\\/www.facebook.com\\\/Radiio-Ljubuski-1490835324566332\",\"https:\\\/\\\/x.com\\\/radioljubuski\",\"https:\\\/\\\/hr.linkedin.com\\\/company\\\/radio-ljubuski\",\"https:\\\/\\\/www.youtube.com\\\/channel\\\/UCHYaeO_n0Db3tjNGudGpXyw\"]},{\"@type\":\"Person\",\"@id\":\"https:\\\/\\\/radioljubuski.ba\\\/#\\\/schema\\\/person\\\/19fc700381a780f69665d7956c469e3b\",\"name\":\"Radio Ljubu\u0161ki\"}]}<\/script>\n<!-- \/ Yoast SEO plugin. -->","yoast_head_json":{"title":"Klobuk: Kardinal Vinko Pulji\u0107 blagoslovio kapelicu u rodnoj ku\u0107i Petra Barbari\u0107a - audio i foto - RADIO LJUBU\u0160KI","robots":{"index":"index","follow":"follow","max-snippet":"max-snippet:-1","max-image-preview":"max-image-preview:large","max-video-preview":"max-video-preview:-1"},"canonical":"https:\/\/radioljubuski.ba\/index.php\/2021\/10\/14\/klobuk-kardinal-vinko-puljic-blagoslovio-kapelicu-u-rodnoj-kuci-petra-barbarica-audio-i-foto\/","og_locale":"hr_HR","og_type":"article","og_title":"Klobuk: Kardinal Vinko Pulji\u0107 blagoslovio kapelicu u rodnoj ku\u0107i Petra Barbari\u0107a - audio i foto - RADIO LJUBU\u0160KI","og_description":"Vrhbosanski nadbiskup kardinal Vinko Pulji\u0107 danas je sve\u010dano blagoslovio kapelicu u rodnoj ku\u0107i \u010dasnog sluge Bo\u017ejeg Petra Barbari\u0107a u \u0160iljevi\u0161tu u Klobuku. Na misnome slavlju u \u0160iljevi\u0161tu koncelebriralo je mno\u0161tvo sve\u0107enika, a kardinal Pulji\u0107 se na po\u010detku zahvalio pokojnom Stanku Barbari\u0107u koji je pomagao razne crkvene projekte, te koji je u rodnom \u0160iljevi\u0161tu uredio sveti\u0161te [&hellip;]","og_url":"https:\/\/radioljubuski.ba\/index.php\/2021\/10\/14\/klobuk-kardinal-vinko-puljic-blagoslovio-kapelicu-u-rodnoj-kuci-petra-barbarica-audio-i-foto\/","og_site_name":"RADIO LJUBU\u0160KI","article_publisher":"https:\/\/www.facebook.com\/Radiio-Ljubuski-1490835324566332","article_published_time":"2021-10-14T16:36:44+00:00","article_modified_time":"2021-10-16T20:10:46+00:00","og_image":[{"width":1141,"height":652,"url":"https:\/\/radioljubuski.ba\/wp-content\/uploads\/2021\/10\/siljeviste.jpg","type":"image\/jpeg"}],"author":"Radio Ljubu\u0161ki","twitter_card":"summary_large_image","twitter_creator":"@radioljubuski","twitter_site":"@radioljubuski","twitter_misc":{"Napisao\/la":"Radio Ljubu\u0161ki","Procijenjeno vrijeme \u010ditanja":"2 minute"},"schema":{"@context":"https:\/\/schema.org","@graph":[{"@type":"Article","@id":"https:\/\/radioljubuski.ba\/index.php\/2021\/10\/14\/klobuk-kardinal-vinko-puljic-blagoslovio-kapelicu-u-rodnoj-kuci-petra-barbarica-audio-i-foto\/#article","isPartOf":{"@id":"https:\/\/radioljubuski.ba\/index.php\/2021\/10\/14\/klobuk-kardinal-vinko-puljic-blagoslovio-kapelicu-u-rodnoj-kuci-petra-barbarica-audio-i-foto\/"},"author":{"name":"Radio Ljubu\u0161ki","@id":"https:\/\/radioljubuski.ba\/#\/schema\/person\/19fc700381a780f69665d7956c469e3b"},"headline":"Klobuk: Kardinal Vinko Pulji\u0107 blagoslovio kapelicu u rodnoj ku\u0107i Petra Barbari\u0107a &#8211; audio i foto","datePublished":"2021-10-14T16:36:44+00:00","dateModified":"2021-10-16T20:10:46+00:00","mainEntityOfPage":{"@id":"https:\/\/radioljubuski.ba\/index.php\/2021\/10\/14\/klobuk-kardinal-vinko-puljic-blagoslovio-kapelicu-u-rodnoj-kuci-petra-barbarica-audio-i-foto\/"},"wordCount":360,"publisher":{"@id":"https:\/\/radioljubuski.ba\/#organization"},"image":{"@id":"https:\/\/radioljubuski.ba\/index.php\/2021\/10\/14\/klobuk-kardinal-vinko-puljic-blagoslovio-kapelicu-u-rodnoj-kuci-petra-barbarica-audio-i-foto\/#primaryimage"},"thumbnailUrl":"https:\/\/radioljubuski.ba\/wp-content\/uploads\/2021\/10\/siljeviste.jpg","articleSection":["RLJ Audio"],"inLanguage":"hr"},{"@type":"WebPage","@id":"https:\/\/radioljubuski.ba\/index.php\/2021\/10\/14\/klobuk-kardinal-vinko-puljic-blagoslovio-kapelicu-u-rodnoj-kuci-petra-barbarica-audio-i-foto\/","url":"https:\/\/radioljubuski.ba\/index.php\/2021\/10\/14\/klobuk-kardinal-vinko-puljic-blagoslovio-kapelicu-u-rodnoj-kuci-petra-barbarica-audio-i-foto\/","name":"Klobuk: Kardinal Vinko Pulji\u0107 blagoslovio kapelicu u rodnoj ku\u0107i Petra Barbari\u0107a - audio i foto - RADIO LJUBU\u0160KI","isPartOf":{"@id":"https:\/\/radioljubuski.ba\/#website"},"primaryImageOfPage":{"@id":"https:\/\/radioljubuski.ba\/index.php\/2021\/10\/14\/klobuk-kardinal-vinko-puljic-blagoslovio-kapelicu-u-rodnoj-kuci-petra-barbarica-audio-i-foto\/#primaryimage"},"image":{"@id":"https:\/\/radioljubuski.ba\/index.php\/2021\/10\/14\/klobuk-kardinal-vinko-puljic-blagoslovio-kapelicu-u-rodnoj-kuci-petra-barbarica-audio-i-foto\/#primaryimage"},"thumbnailUrl":"https:\/\/radioljubuski.ba\/wp-content\/uploads\/2021\/10\/siljeviste.jpg","datePublished":"2021-10-14T16:36:44+00:00","dateModified":"2021-10-16T20:10:46+00:00","breadcrumb":{"@id":"https:\/\/radioljubuski.ba\/index.php\/2021\/10\/14\/klobuk-kardinal-vinko-puljic-blagoslovio-kapelicu-u-rodnoj-kuci-petra-barbarica-audio-i-foto\/#breadcrumb"},"inLanguage":"hr","potentialAction":[{"@type":"ReadAction","target":["https:\/\/radioljubuski.ba\/index.php\/2021\/10\/14\/klobuk-kardinal-vinko-puljic-blagoslovio-kapelicu-u-rodnoj-kuci-petra-barbarica-audio-i-foto\/"]}]},{"@type":"ImageObject","inLanguage":"hr","@id":"https:\/\/radioljubuski.ba\/index.php\/2021\/10\/14\/klobuk-kardinal-vinko-puljic-blagoslovio-kapelicu-u-rodnoj-kuci-petra-barbarica-audio-i-foto\/#primaryimage","url":"https:\/\/radioljubuski.ba\/wp-content\/uploads\/2021\/10\/siljeviste.jpg","contentUrl":"https:\/\/radioljubuski.ba\/wp-content\/uploads\/2021\/10\/siljeviste.jpg","width":1141,"height":652},{"@type":"BreadcrumbList","@id":"https:\/\/radioljubuski.ba\/index.php\/2021\/10\/14\/klobuk-kardinal-vinko-puljic-blagoslovio-kapelicu-u-rodnoj-kuci-petra-barbarica-audio-i-foto\/#breadcrumb","itemListElement":[{"@type":"ListItem","position":1,"name":"Po\u010detna stranica","item":"https:\/\/radioljubuski.ba\/"},{"@type":"ListItem","position":2,"name":"Klobuk: Kardinal Vinko Pulji\u0107 blagoslovio kapelicu u rodnoj ku\u0107i Petra Barbari\u0107a &#8211; audio i foto"}]},{"@type":"WebSite","@id":"https:\/\/radioljubuski.ba\/#website","url":"https:\/\/radioljubuski.ba\/","name":"Radio Ljubu\u0161ki","description":"Sun\u010dana frekvencija Hercegovine","publisher":{"@id":"https:\/\/radioljubuski.ba\/#organization"},"potentialAction":[{"@type":"SearchAction","target":{"@type":"EntryPoint","urlTemplate":"https:\/\/radioljubuski.ba\/?s={search_term_string}"},"query-input":{"@type":"PropertyValueSpecification","valueRequired":true,"valueName":"search_term_string"}}],"inLanguage":"hr"},{"@type":"Organization","@id":"https:\/\/radioljubuski.ba\/#organization","name":"Radio Ljubu\u0161ki","url":"https:\/\/radioljubuski.ba\/","logo":{"@type":"ImageObject","inLanguage":"hr","@id":"https:\/\/radioljubuski.ba\/#\/schema\/logo\/image\/","url":"https:\/\/radioljubuski.ba\/wp-content\/uploads\/2021\/02\/cropped-Radio_Ljubuski_logo1.jpg","contentUrl":"https:\/\/radioljubuski.ba\/wp-content\/uploads\/2021\/02\/cropped-Radio_Ljubuski_logo1.jpg","width":512,"height":512,"caption":"Radio Ljubu\u0161ki"},"image":{"@id":"https:\/\/radioljubuski.ba\/#\/schema\/logo\/image\/"},"sameAs":["https:\/\/www.facebook.com\/Radiio-Ljubuski-1490835324566332","https:\/\/x.com\/radioljubuski","https:\/\/hr.linkedin.com\/company\/radio-ljubuski","https:\/\/www.youtube.com\/channel\/UCHYaeO_n0Db3tjNGudGpXyw"]},{"@type":"Person","@id":"https:\/\/radioljubuski.ba\/#\/schema\/person\/19fc700381a780f69665d7956c469e3b","name":"Radio Ljubu\u0161ki"}]}},"_links":{"self":[{"href":"https:\/\/radioljubuski.ba\/index.php\/wp-json\/wp\/v2\/posts\/75690","targetHints":{"allow":["GET"]}}],"collection":[{"href":"https:\/\/radioljubuski.ba\/index.php\/wp-json\/wp\/v2\/posts"}],"about":[{"href":"https:\/\/radioljubuski.ba\/index.php\/wp-json\/wp\/v2\/types\/post"}],"author":[{"embeddable":true,"href":"https:\/\/radioljubuski.ba\/index.php\/wp-json\/wp\/v2\/users\/2"}],"replies":[{"embeddable":true,"href":"https:\/\/radioljubuski.ba\/index.php\/wp-json\/wp\/v2\/comments?post=75690"}],"version-history":[{"count":2,"href":"https:\/\/radioljubuski.ba\/index.php\/wp-json\/wp\/v2\/posts\/75690\/revisions"}],"predecessor-version":[{"id":75693,"href":"https:\/\/radioljubuski.ba\/index.php\/wp-json\/wp\/v2\/posts\/75690\/revisions\/75693"}],"wp:featuredmedia":[{"embeddable":true,"href":"https:\/\/radioljubuski.ba\/index.php\/wp-json\/wp\/v2\/media\/75691"}],"wp:attachment":[{"href":"https:\/\/radioljubuski.ba\/index.php\/wp-json\/wp\/v2\/media?parent=75690"}],"wp:term":[{"taxonomy":"category","embeddable":true,"href":"https:\/\/radioljubuski.ba\/index.php\/wp-json\/wp\/v2\/categories?post=75690"},{"taxonomy":"post_tag","embeddable":true,"href":"https:\/\/radioljubuski.ba\/index.php\/wp-json\/wp\/v2\/tags?post=75690"}],"curies":[{"name":"wp","href":"https:\/\/api.w.org\/{rel}","templated":true}]}}