{"id":75694,"date":"2021-10-14T18:01:06","date_gmt":"2021-10-14T17:01:06","guid":{"rendered":"https:\/\/radioljubuski.ba\/?p=75694"},"modified":"2021-10-14T18:01:07","modified_gmt":"2021-10-14T17:01:07","slug":"u-srbiji-uveden-broj-za-prijavljivanje-lijecnika-koji-ne-savjetuju-cijepljenje","status":"publish","type":"post","link":"https:\/\/radioljubuski.ba\/index.php\/2021\/10\/14\/u-srbiji-uveden-broj-za-prijavljivanje-lijecnika-koji-ne-savjetuju-cijepljenje\/","title":{"rendered":"U Srbiji uveden broj za prijavljivanje lije\u010dnika koji ne savjetuju cijepljenje"},"content":{"rendered":"\n<p>Ministarstvo zdravlja u Srbiji priop\u0107ilo je da je od danas u funkciji broj 064\/8811405 na koji gra\u0111ani putem Viber aplikacije mogu prijaviti lije\u010dnike koji pacijentima ne preporu\u010duju cijepljenje, bez jasnog, opravdanog i konkretno navedenog medicinskog razloga.<\/p>\n\n\n\n<p>Kako se navodi na stranici Ministarstva, sve nepravilnosti koje budu dostavljene putem ovog broja bit \u0107e procesuirane pred sudom \u010dasti Lije\u010dni\u010dke komore Srbije, odnosno bit \u0107e podnesene prijave za ugro\u017eavanje \u017eivota i zdravlja gra\u0111ana protiv navedenih lije\u010dnika.<\/p>\n\n\n\n<p>Ministarstvo zdravlja jo\u0161 jednom je pozvalo sve gra\u0111ane koji se do sada nisu cijepili da to u\u010dine \u0161to prije, jer je to jedini na\u010din na koji se epidemija koronavirusa mo\u017ee staviti pod potpunu kontrolu.<\/p>\n\n\n\n<p>Izvor:N1<\/p>\n","protected":false},"excerpt":{"rendered":"<p>Ministarstvo zdravlja u Srbiji priop\u0107ilo je da je od danas u funkciji broj 064\/8811405 na koji gra\u0111ani putem Viber aplikacije mogu prijaviti lije\u010dnike koji pacijentima ne preporu\u010duju cijepljenje, bez jasnog, opravdanog i konkretno navedenog medicinskog razloga. Kako se navodi na stranici Ministarstva, sve nepravilnosti koje budu dostavljene putem ovog broja bit \u0107e procesuirane pred sudom [&hellip;]<\/p>\n","protected":false},"author":2,"featured_media":21770,"comment_status":"closed","ping_status":"closed","sticky":false,"template":"","format":"standard","meta":{"h5ap_radio_sources":[],"footnotes":""},"categories":[1],"tags":[],"class_list":["post-75694","post","type-post","status-publish","format-standard","has-post-thumbnail","hentry","category-bihiregija"],"yoast_head":"<!-- This site is optimized with the Yoast SEO plugin v27.4 - https:\/\/yoast.com\/product\/yoast-seo-wordpress\/ -->\n<title>U Srbiji uveden broj za prijavljivanje lije\u010dnika koji ne savjetuju cijepljenje - RADIO LJUBU\u0160KI<\/title>\n<meta name=\"robots\" content=\"index, follow, max-snippet:-1, max-image-preview:large, max-video-preview:-1\" \/>\n<link rel=\"canonical\" href=\"https:\/\/radioljubuski.ba\/index.php\/2021\/10\/14\/u-srbiji-uveden-broj-za-prijavljivanje-lijecnika-koji-ne-savjetuju-cijepljenje\/\" \/>\n<meta property=\"og:locale\" content=\"hr_HR\" \/>\n<meta property=\"og:type\" content=\"article\" \/>\n<meta property=\"og:title\" content=\"U Srbiji uveden broj za prijavljivanje lije\u010dnika koji ne savjetuju cijepljenje - RADIO LJUBU\u0160KI\" \/>\n<meta property=\"og:description\" content=\"Ministarstvo zdravlja u Srbiji priop\u0107ilo je da je od danas u funkciji broj 064\/8811405 na koji gra\u0111ani putem Viber aplikacije mogu prijaviti lije\u010dnike koji pacijentima ne preporu\u010duju cijepljenje, bez jasnog, opravdanog i konkretno navedenog medicinskog razloga. Kako se navodi na stranici Ministarstva, sve nepravilnosti koje budu dostavljene putem ovog broja bit \u0107e procesuirane pred sudom [&hellip;]\" \/>\n<meta property=\"og:url\" content=\"https:\/\/radioljubuski.ba\/index.php\/2021\/10\/14\/u-srbiji-uveden-broj-za-prijavljivanje-lijecnika-koji-ne-savjetuju-cijepljenje\/\" \/>\n<meta property=\"og:site_name\" content=\"RADIO LJUBU\u0160KI\" \/>\n<meta property=\"article:publisher\" content=\"https:\/\/www.facebook.com\/Radiio-Ljubuski-1490835324566332\" \/>\n<meta property=\"article:published_time\" content=\"2021-10-14T17:01:06+00:00\" \/>\n<meta property=\"article:modified_time\" content=\"2021-10-14T17:01:07+00:00\" \/>\n<meta property=\"og:image\" content=\"https:\/\/radioljubuski.ba\/wp-content\/uploads\/2021\/05\/uGkWeOrm_cijepljenje.jpg\" \/>\n\t<meta property=\"og:image:width\" content=\"1000\" \/>\n\t<meta property=\"og:image:height\" content=\"625\" \/>\n\t<meta property=\"og:image:type\" content=\"image\/jpeg\" \/>\n<meta name=\"author\" content=\"Radio Ljubu\u0161ki\" \/>\n<meta name=\"twitter:card\" content=\"summary_large_image\" \/>\n<meta name=\"twitter:creator\" content=\"@radioljubuski\" \/>\n<meta name=\"twitter:site\" content=\"@radioljubuski\" \/>\n<meta name=\"twitter:label1\" content=\"Napisao\/la\" \/>\n\t<meta name=\"twitter:data1\" content=\"Radio Ljubu\u0161ki\" \/>\n\t<meta name=\"twitter:label2\" content=\"Procijenjeno vrijeme \u010ditanja\" \/>\n\t<meta name=\"twitter:data2\" content=\"1 minuta\" \/>\n<script type=\"application\/ld+json\" class=\"yoast-schema-graph\">{\"@context\":\"https:\\\/\\\/schema.org\",\"@graph\":[{\"@type\":\"Article\",\"@id\":\"https:\\\/\\\/radioljubuski.ba\\\/index.php\\\/2021\\\/10\\\/14\\\/u-srbiji-uveden-broj-za-prijavljivanje-lijecnika-koji-ne-savjetuju-cijepljenje\\\/#article\",\"isPartOf\":{\"@id\":\"https:\\\/\\\/radioljubuski.ba\\\/index.php\\\/2021\\\/10\\\/14\\\/u-srbiji-uveden-broj-za-prijavljivanje-lijecnika-koji-ne-savjetuju-cijepljenje\\\/\"},\"author\":{\"name\":\"Radio Ljubu\u0161ki\",\"@id\":\"https:\\\/\\\/radioljubuski.ba\\\/#\\\/schema\\\/person\\\/19fc700381a780f69665d7956c469e3b\"},\"headline\":\"U Srbiji uveden broj za prijavljivanje lije\u010dnika koji ne savjetuju cijepljenje\",\"datePublished\":\"2021-10-14T17:01:06+00:00\",\"dateModified\":\"2021-10-14T17:01:07+00:00\",\"mainEntityOfPage\":{\"@id\":\"https:\\\/\\\/radioljubuski.ba\\\/index.php\\\/2021\\\/10\\\/14\\\/u-srbiji-uveden-broj-za-prijavljivanje-lijecnika-koji-ne-savjetuju-cijepljenje\\\/\"},\"wordCount\":133,\"publisher\":{\"@id\":\"https:\\\/\\\/radioljubuski.ba\\\/#organization\"},\"image\":{\"@id\":\"https:\\\/\\\/radioljubuski.ba\\\/index.php\\\/2021\\\/10\\\/14\\\/u-srbiji-uveden-broj-za-prijavljivanje-lijecnika-koji-ne-savjetuju-cijepljenje\\\/#primaryimage\"},\"thumbnailUrl\":\"https:\\\/\\\/radioljubuski.ba\\\/wp-content\\\/uploads\\\/2021\\\/05\\\/uGkWeOrm_cijepljenje.jpg\",\"articleSection\":[\"BIH i regija\"],\"inLanguage\":\"hr\"},{\"@type\":\"WebPage\",\"@id\":\"https:\\\/\\\/radioljubuski.ba\\\/index.php\\\/2021\\\/10\\\/14\\\/u-srbiji-uveden-broj-za-prijavljivanje-lijecnika-koji-ne-savjetuju-cijepljenje\\\/\",\"url\":\"https:\\\/\\\/radioljubuski.ba\\\/index.php\\\/2021\\\/10\\\/14\\\/u-srbiji-uveden-broj-za-prijavljivanje-lijecnika-koji-ne-savjetuju-cijepljenje\\\/\",\"name\":\"U Srbiji uveden broj za prijavljivanje lije\u010dnika koji ne savjetuju cijepljenje - RADIO LJUBU\u0160KI\",\"isPartOf\":{\"@id\":\"https:\\\/\\\/radioljubuski.ba\\\/#website\"},\"primaryImageOfPage\":{\"@id\":\"https:\\\/\\\/radioljubuski.ba\\\/index.php\\\/2021\\\/10\\\/14\\\/u-srbiji-uveden-broj-za-prijavljivanje-lijecnika-koji-ne-savjetuju-cijepljenje\\\/#primaryimage\"},\"image\":{\"@id\":\"https:\\\/\\\/radioljubuski.ba\\\/index.php\\\/2021\\\/10\\\/14\\\/u-srbiji-uveden-broj-za-prijavljivanje-lijecnika-koji-ne-savjetuju-cijepljenje\\\/#primaryimage\"},\"thumbnailUrl\":\"https:\\\/\\\/radioljubuski.ba\\\/wp-content\\\/uploads\\\/2021\\\/05\\\/uGkWeOrm_cijepljenje.jpg\",\"datePublished\":\"2021-10-14T17:01:06+00:00\",\"dateModified\":\"2021-10-14T17:01:07+00:00\",\"breadcrumb\":{\"@id\":\"https:\\\/\\\/radioljubuski.ba\\\/index.php\\\/2021\\\/10\\\/14\\\/u-srbiji-uveden-broj-za-prijavljivanje-lijecnika-koji-ne-savjetuju-cijepljenje\\\/#breadcrumb\"},\"inLanguage\":\"hr\",\"potentialAction\":[{\"@type\":\"ReadAction\",\"target\":[\"https:\\\/\\\/radioljubuski.ba\\\/index.php\\\/2021\\\/10\\\/14\\\/u-srbiji-uveden-broj-za-prijavljivanje-lijecnika-koji-ne-savjetuju-cijepljenje\\\/\"]}]},{\"@type\":\"ImageObject\",\"inLanguage\":\"hr\",\"@id\":\"https:\\\/\\\/radioljubuski.ba\\\/index.php\\\/2021\\\/10\\\/14\\\/u-srbiji-uveden-broj-za-prijavljivanje-lijecnika-koji-ne-savjetuju-cijepljenje\\\/#primaryimage\",\"url\":\"https:\\\/\\\/radioljubuski.ba\\\/wp-content\\\/uploads\\\/2021\\\/05\\\/uGkWeOrm_cijepljenje.jpg\",\"contentUrl\":\"https:\\\/\\\/radioljubuski.ba\\\/wp-content\\\/uploads\\\/2021\\\/05\\\/uGkWeOrm_cijepljenje.jpg\",\"width\":1000,\"height\":625},{\"@type\":\"BreadcrumbList\",\"@id\":\"https:\\\/\\\/radioljubuski.ba\\\/index.php\\\/2021\\\/10\\\/14\\\/u-srbiji-uveden-broj-za-prijavljivanje-lijecnika-koji-ne-savjetuju-cijepljenje\\\/#breadcrumb\",\"itemListElement\":[{\"@type\":\"ListItem\",\"position\":1,\"name\":\"Po\u010detna stranica\",\"item\":\"https:\\\/\\\/radioljubuski.ba\\\/\"},{\"@type\":\"ListItem\",\"position\":2,\"name\":\"U Srbiji uveden broj za prijavljivanje lije\u010dnika koji ne savjetuju cijepljenje\"}]},{\"@type\":\"WebSite\",\"@id\":\"https:\\\/\\\/radioljubuski.ba\\\/#website\",\"url\":\"https:\\\/\\\/radioljubuski.ba\\\/\",\"name\":\"Radio Ljubu\u0161ki\",\"description\":\"Sun\u010dana frekvencija Hercegovine\",\"publisher\":{\"@id\":\"https:\\\/\\\/radioljubuski.ba\\\/#organization\"},\"potentialAction\":[{\"@type\":\"SearchAction\",\"target\":{\"@type\":\"EntryPoint\",\"urlTemplate\":\"https:\\\/\\\/radioljubuski.ba\\\/?s={search_term_string}\"},\"query-input\":{\"@type\":\"PropertyValueSpecification\",\"valueRequired\":true,\"valueName\":\"search_term_string\"}}],\"inLanguage\":\"hr\"},{\"@type\":\"Organization\",\"@id\":\"https:\\\/\\\/radioljubuski.ba\\\/#organization\",\"name\":\"Radio Ljubu\u0161ki\",\"url\":\"https:\\\/\\\/radioljubuski.ba\\\/\",\"logo\":{\"@type\":\"ImageObject\",\"inLanguage\":\"hr\",\"@id\":\"https:\\\/\\\/radioljubuski.ba\\\/#\\\/schema\\\/logo\\\/image\\\/\",\"url\":\"https:\\\/\\\/radioljubuski.ba\\\/wp-content\\\/uploads\\\/2021\\\/02\\\/cropped-Radio_Ljubuski_logo1.jpg\",\"contentUrl\":\"https:\\\/\\\/radioljubuski.ba\\\/wp-content\\\/uploads\\\/2021\\\/02\\\/cropped-Radio_Ljubuski_logo1.jpg\",\"width\":512,\"height\":512,\"caption\":\"Radio Ljubu\u0161ki\"},\"image\":{\"@id\":\"https:\\\/\\\/radioljubuski.ba\\\/#\\\/schema\\\/logo\\\/image\\\/\"},\"sameAs\":[\"https:\\\/\\\/www.facebook.com\\\/Radiio-Ljubuski-1490835324566332\",\"https:\\\/\\\/x.com\\\/radioljubuski\",\"https:\\\/\\\/hr.linkedin.com\\\/company\\\/radio-ljubuski\",\"https:\\\/\\\/www.youtube.com\\\/channel\\\/UCHYaeO_n0Db3tjNGudGpXyw\"]},{\"@type\":\"Person\",\"@id\":\"https:\\\/\\\/radioljubuski.ba\\\/#\\\/schema\\\/person\\\/19fc700381a780f69665d7956c469e3b\",\"name\":\"Radio Ljubu\u0161ki\"}]}<\/script>\n<!-- \/ Yoast SEO plugin. -->","yoast_head_json":{"title":"U Srbiji uveden broj za prijavljivanje lije\u010dnika koji ne savjetuju cijepljenje - RADIO LJUBU\u0160KI","robots":{"index":"index","follow":"follow","max-snippet":"max-snippet:-1","max-image-preview":"max-image-preview:large","max-video-preview":"max-video-preview:-1"},"canonical":"https:\/\/radioljubuski.ba\/index.php\/2021\/10\/14\/u-srbiji-uveden-broj-za-prijavljivanje-lijecnika-koji-ne-savjetuju-cijepljenje\/","og_locale":"hr_HR","og_type":"article","og_title":"U Srbiji uveden broj za prijavljivanje lije\u010dnika koji ne savjetuju cijepljenje - RADIO LJUBU\u0160KI","og_description":"Ministarstvo zdravlja u Srbiji priop\u0107ilo je da je od danas u funkciji broj 064\/8811405 na koji gra\u0111ani putem Viber aplikacije mogu prijaviti lije\u010dnike koji pacijentima ne preporu\u010duju cijepljenje, bez jasnog, opravdanog i konkretno navedenog medicinskog razloga. Kako se navodi na stranici Ministarstva, sve nepravilnosti koje budu dostavljene putem ovog broja bit \u0107e procesuirane pred sudom [&hellip;]","og_url":"https:\/\/radioljubuski.ba\/index.php\/2021\/10\/14\/u-srbiji-uveden-broj-za-prijavljivanje-lijecnika-koji-ne-savjetuju-cijepljenje\/","og_site_name":"RADIO LJUBU\u0160KI","article_publisher":"https:\/\/www.facebook.com\/Radiio-Ljubuski-1490835324566332","article_published_time":"2021-10-14T17:01:06+00:00","article_modified_time":"2021-10-14T17:01:07+00:00","og_image":[{"width":1000,"height":625,"url":"https:\/\/radioljubuski.ba\/wp-content\/uploads\/2021\/05\/uGkWeOrm_cijepljenje.jpg","type":"image\/jpeg"}],"author":"Radio Ljubu\u0161ki","twitter_card":"summary_large_image","twitter_creator":"@radioljubuski","twitter_site":"@radioljubuski","twitter_misc":{"Napisao\/la":"Radio Ljubu\u0161ki","Procijenjeno vrijeme \u010ditanja":"1 minuta"},"schema":{"@context":"https:\/\/schema.org","@graph":[{"@type":"Article","@id":"https:\/\/radioljubuski.ba\/index.php\/2021\/10\/14\/u-srbiji-uveden-broj-za-prijavljivanje-lijecnika-koji-ne-savjetuju-cijepljenje\/#article","isPartOf":{"@id":"https:\/\/radioljubuski.ba\/index.php\/2021\/10\/14\/u-srbiji-uveden-broj-za-prijavljivanje-lijecnika-koji-ne-savjetuju-cijepljenje\/"},"author":{"name":"Radio Ljubu\u0161ki","@id":"https:\/\/radioljubuski.ba\/#\/schema\/person\/19fc700381a780f69665d7956c469e3b"},"headline":"U Srbiji uveden broj za prijavljivanje lije\u010dnika koji ne savjetuju cijepljenje","datePublished":"2021-10-14T17:01:06+00:00","dateModified":"2021-10-14T17:01:07+00:00","mainEntityOfPage":{"@id":"https:\/\/radioljubuski.ba\/index.php\/2021\/10\/14\/u-srbiji-uveden-broj-za-prijavljivanje-lijecnika-koji-ne-savjetuju-cijepljenje\/"},"wordCount":133,"publisher":{"@id":"https:\/\/radioljubuski.ba\/#organization"},"image":{"@id":"https:\/\/radioljubuski.ba\/index.php\/2021\/10\/14\/u-srbiji-uveden-broj-za-prijavljivanje-lijecnika-koji-ne-savjetuju-cijepljenje\/#primaryimage"},"thumbnailUrl":"https:\/\/radioljubuski.ba\/wp-content\/uploads\/2021\/05\/uGkWeOrm_cijepljenje.jpg","articleSection":["BIH i regija"],"inLanguage":"hr"},{"@type":"WebPage","@id":"https:\/\/radioljubuski.ba\/index.php\/2021\/10\/14\/u-srbiji-uveden-broj-za-prijavljivanje-lijecnika-koji-ne-savjetuju-cijepljenje\/","url":"https:\/\/radioljubuski.ba\/index.php\/2021\/10\/14\/u-srbiji-uveden-broj-za-prijavljivanje-lijecnika-koji-ne-savjetuju-cijepljenje\/","name":"U Srbiji uveden broj za prijavljivanje lije\u010dnika koji ne savjetuju cijepljenje - RADIO LJUBU\u0160KI","isPartOf":{"@id":"https:\/\/radioljubuski.ba\/#website"},"primaryImageOfPage":{"@id":"https:\/\/radioljubuski.ba\/index.php\/2021\/10\/14\/u-srbiji-uveden-broj-za-prijavljivanje-lijecnika-koji-ne-savjetuju-cijepljenje\/#primaryimage"},"image":{"@id":"https:\/\/radioljubuski.ba\/index.php\/2021\/10\/14\/u-srbiji-uveden-broj-za-prijavljivanje-lijecnika-koji-ne-savjetuju-cijepljenje\/#primaryimage"},"thumbnailUrl":"https:\/\/radioljubuski.ba\/wp-content\/uploads\/2021\/05\/uGkWeOrm_cijepljenje.jpg","datePublished":"2021-10-14T17:01:06+00:00","dateModified":"2021-10-14T17:01:07+00:00","breadcrumb":{"@id":"https:\/\/radioljubuski.ba\/index.php\/2021\/10\/14\/u-srbiji-uveden-broj-za-prijavljivanje-lijecnika-koji-ne-savjetuju-cijepljenje\/#breadcrumb"},"inLanguage":"hr","potentialAction":[{"@type":"ReadAction","target":["https:\/\/radioljubuski.ba\/index.php\/2021\/10\/14\/u-srbiji-uveden-broj-za-prijavljivanje-lijecnika-koji-ne-savjetuju-cijepljenje\/"]}]},{"@type":"ImageObject","inLanguage":"hr","@id":"https:\/\/radioljubuski.ba\/index.php\/2021\/10\/14\/u-srbiji-uveden-broj-za-prijavljivanje-lijecnika-koji-ne-savjetuju-cijepljenje\/#primaryimage","url":"https:\/\/radioljubuski.ba\/wp-content\/uploads\/2021\/05\/uGkWeOrm_cijepljenje.jpg","contentUrl":"https:\/\/radioljubuski.ba\/wp-content\/uploads\/2021\/05\/uGkWeOrm_cijepljenje.jpg","width":1000,"height":625},{"@type":"BreadcrumbList","@id":"https:\/\/radioljubuski.ba\/index.php\/2021\/10\/14\/u-srbiji-uveden-broj-za-prijavljivanje-lijecnika-koji-ne-savjetuju-cijepljenje\/#breadcrumb","itemListElement":[{"@type":"ListItem","position":1,"name":"Po\u010detna stranica","item":"https:\/\/radioljubuski.ba\/"},{"@type":"ListItem","position":2,"name":"U Srbiji uveden broj za prijavljivanje lije\u010dnika koji ne savjetuju cijepljenje"}]},{"@type":"WebSite","@id":"https:\/\/radioljubuski.ba\/#website","url":"https:\/\/radioljubuski.ba\/","name":"Radio Ljubu\u0161ki","description":"Sun\u010dana frekvencija Hercegovine","publisher":{"@id":"https:\/\/radioljubuski.ba\/#organization"},"potentialAction":[{"@type":"SearchAction","target":{"@type":"EntryPoint","urlTemplate":"https:\/\/radioljubuski.ba\/?s={search_term_string}"},"query-input":{"@type":"PropertyValueSpecification","valueRequired":true,"valueName":"search_term_string"}}],"inLanguage":"hr"},{"@type":"Organization","@id":"https:\/\/radioljubuski.ba\/#organization","name":"Radio Ljubu\u0161ki","url":"https:\/\/radioljubuski.ba\/","logo":{"@type":"ImageObject","inLanguage":"hr","@id":"https:\/\/radioljubuski.ba\/#\/schema\/logo\/image\/","url":"https:\/\/radioljubuski.ba\/wp-content\/uploads\/2021\/02\/cropped-Radio_Ljubuski_logo1.jpg","contentUrl":"https:\/\/radioljubuski.ba\/wp-content\/uploads\/2021\/02\/cropped-Radio_Ljubuski_logo1.jpg","width":512,"height":512,"caption":"Radio Ljubu\u0161ki"},"image":{"@id":"https:\/\/radioljubuski.ba\/#\/schema\/logo\/image\/"},"sameAs":["https:\/\/www.facebook.com\/Radiio-Ljubuski-1490835324566332","https:\/\/x.com\/radioljubuski","https:\/\/hr.linkedin.com\/company\/radio-ljubuski","https:\/\/www.youtube.com\/channel\/UCHYaeO_n0Db3tjNGudGpXyw"]},{"@type":"Person","@id":"https:\/\/radioljubuski.ba\/#\/schema\/person\/19fc700381a780f69665d7956c469e3b","name":"Radio Ljubu\u0161ki"}]}},"_links":{"self":[{"href":"https:\/\/radioljubuski.ba\/index.php\/wp-json\/wp\/v2\/posts\/75694","targetHints":{"allow":["GET"]}}],"collection":[{"href":"https:\/\/radioljubuski.ba\/index.php\/wp-json\/wp\/v2\/posts"}],"about":[{"href":"https:\/\/radioljubuski.ba\/index.php\/wp-json\/wp\/v2\/types\/post"}],"author":[{"embeddable":true,"href":"https:\/\/radioljubuski.ba\/index.php\/wp-json\/wp\/v2\/users\/2"}],"replies":[{"embeddable":true,"href":"https:\/\/radioljubuski.ba\/index.php\/wp-json\/wp\/v2\/comments?post=75694"}],"version-history":[{"count":1,"href":"https:\/\/radioljubuski.ba\/index.php\/wp-json\/wp\/v2\/posts\/75694\/revisions"}],"predecessor-version":[{"id":75695,"href":"https:\/\/radioljubuski.ba\/index.php\/wp-json\/wp\/v2\/posts\/75694\/revisions\/75695"}],"wp:featuredmedia":[{"embeddable":true,"href":"https:\/\/radioljubuski.ba\/index.php\/wp-json\/wp\/v2\/media\/21770"}],"wp:attachment":[{"href":"https:\/\/radioljubuski.ba\/index.php\/wp-json\/wp\/v2\/media?parent=75694"}],"wp:term":[{"taxonomy":"category","embeddable":true,"href":"https:\/\/radioljubuski.ba\/index.php\/wp-json\/wp\/v2\/categories?post=75694"},{"taxonomy":"post_tag","embeddable":true,"href":"https:\/\/radioljubuski.ba\/index.php\/wp-json\/wp\/v2\/tags?post=75694"}],"curies":[{"name":"wp","href":"https:\/\/api.w.org\/{rel}","templated":true}]}}