{"id":75778,"date":"2021-10-14T22:44:12","date_gmt":"2021-10-14T21:44:12","guid":{"rendered":"https:\/\/radioljubuski.ba\/?p=75778"},"modified":"2021-10-14T22:44:13","modified_gmt":"2021-10-14T21:44:13","slug":"hep-o-cijeni-elektricne-energije-za-kucanstva-i-poduzetnike","status":"publish","type":"post","link":"https:\/\/radioljubuski.ba\/index.php\/2021\/10\/14\/hep-o-cijeni-elektricne-energije-za-kucanstva-i-poduzetnike\/","title":{"rendered":"HEP o cijeni elektri\u010dne energije za ku\u0107anstva i poduzetnike"},"content":{"rendered":"\n<p>Zbog velikog interesa kupaca i javnosti vezano za pitanje sigurnosti opskrbe i kretanja cijena elektri\u010dne energije u idu\u0107em razdoblju, oglasio se HEP.<\/p>\n\n\n\n<p>HEP grupa, kao najve\u0107i opskrbljiva\u010d elektri\u010dnom energijom u Hrvatskoj, za sve svoje kupce iz vlastite \u0107e proizvodnje i ostalih izvora i u idu\u0107em razdoblju osigurati dovoljne koli\u010dine elektri\u010dne energije, priop\u0107ili su.<br><br>&#8220;Cijene elektri\u010dne energije za ku\u0107anstva, kupce HEP grupe, zasigurno se u sljede\u0107ih nekoliko mjeseci ne\u0107e mijenjati. \u0160to se ti\u010de opskrbe poslovnih kupaca (kategorije poduzetni\u0161tvo), cijene su izra\u017eenije podlo\u017ene promjeni tr\u017ei\u0161nih uvjeta. Stoga je HEP Opskrba, razumijevaju\u0107i osjetljivost brojnih tvrtki na promjenjivost cijene, u kontinuiranom kontaktu sa svim svojim velikim kupcima, te svoje ponude i ugovore prilago\u0111ava zahtjevima i specifi\u010dnostima svakog pojedinog kupca. Napominjemo da za kupce kategorije poduzetni\u0161tvo, korisnike javne usluge u okviru zajam\u010dene opskrbe koju pru\u017ea HEP Elektra, odluku o iznosu tarifnih stavki za zajam\u010denu opskrbu elektri\u010dnom energijom za svako nadolaze\u0107e tromjese\u010dno razdoblje donosi HERA na temelju propisane metodologije&#8221;, navodi se u priop\u0107enju.<\/p>\n","protected":false},"excerpt":{"rendered":"<p>Zbog velikog interesa kupaca i javnosti vezano za pitanje sigurnosti opskrbe i kretanja cijena elektri\u010dne energije u idu\u0107em razdoblju, oglasio se HEP. HEP grupa, kao najve\u0107i opskrbljiva\u010d elektri\u010dnom energijom u Hrvatskoj, za sve svoje kupce iz vlastite \u0107e proizvodnje i ostalih izvora i u idu\u0107em razdoblju osigurati dovoljne koli\u010dine elektri\u010dne energije, priop\u0107ili su. &#8220;Cijene elektri\u010dne [&hellip;]<\/p>\n","protected":false},"author":2,"featured_media":75779,"comment_status":"closed","ping_status":"closed","sticky":false,"template":"","format":"standard","meta":{"h5ap_radio_sources":[],"footnotes":""},"categories":[1],"tags":[],"class_list":["post-75778","post","type-post","status-publish","format-standard","has-post-thumbnail","hentry","category-bihiregija"],"yoast_head":"<!-- This site is optimized with the Yoast SEO plugin v27.4 - https:\/\/yoast.com\/product\/yoast-seo-wordpress\/ -->\n<title>HEP o cijeni elektri\u010dne energije za ku\u0107anstva i poduzetnike - RADIO LJUBU\u0160KI<\/title>\n<meta name=\"robots\" content=\"index, follow, max-snippet:-1, max-image-preview:large, max-video-preview:-1\" \/>\n<link rel=\"canonical\" href=\"https:\/\/radioljubuski.ba\/index.php\/2021\/10\/14\/hep-o-cijeni-elektricne-energije-za-kucanstva-i-poduzetnike\/\" \/>\n<meta property=\"og:locale\" content=\"hr_HR\" \/>\n<meta property=\"og:type\" content=\"article\" \/>\n<meta property=\"og:title\" content=\"HEP o cijeni elektri\u010dne energije za ku\u0107anstva i poduzetnike - RADIO LJUBU\u0160KI\" \/>\n<meta property=\"og:description\" content=\"Zbog velikog interesa kupaca i javnosti vezano za pitanje sigurnosti opskrbe i kretanja cijena elektri\u010dne energije u idu\u0107em razdoblju, oglasio se HEP. HEP grupa, kao najve\u0107i opskrbljiva\u010d elektri\u010dnom energijom u Hrvatskoj, za sve svoje kupce iz vlastite \u0107e proizvodnje i ostalih izvora i u idu\u0107em razdoblju osigurati dovoljne koli\u010dine elektri\u010dne energije, priop\u0107ili su. &#8220;Cijene elektri\u010dne [&hellip;]\" \/>\n<meta property=\"og:url\" content=\"https:\/\/radioljubuski.ba\/index.php\/2021\/10\/14\/hep-o-cijeni-elektricne-energije-za-kucanstva-i-poduzetnike\/\" \/>\n<meta property=\"og:site_name\" content=\"RADIO LJUBU\u0160KI\" \/>\n<meta property=\"article:publisher\" content=\"https:\/\/www.facebook.com\/Radiio-Ljubuski-1490835324566332\" \/>\n<meta property=\"article:published_time\" content=\"2021-10-14T21:44:12+00:00\" \/>\n<meta property=\"article:modified_time\" content=\"2021-10-14T21:44:13+00:00\" \/>\n<meta property=\"og:image\" content=\"https:\/\/radioljubuski.ba\/wp-content\/uploads\/2021\/10\/18f6bf6a5cef2fb513e26e1eac79169f_view_article_new.jpg\" \/>\n\t<meta property=\"og:image:width\" content=\"860\" \/>\n\t<meta property=\"og:image:height\" content=\"430\" \/>\n\t<meta property=\"og:image:type\" content=\"image\/jpeg\" \/>\n<meta name=\"author\" content=\"Radio Ljubu\u0161ki\" \/>\n<meta name=\"twitter:card\" content=\"summary_large_image\" \/>\n<meta name=\"twitter:creator\" content=\"@radioljubuski\" \/>\n<meta name=\"twitter:site\" content=\"@radioljubuski\" \/>\n<meta name=\"twitter:label1\" content=\"Napisao\/la\" \/>\n\t<meta name=\"twitter:data1\" content=\"Radio Ljubu\u0161ki\" \/>\n\t<meta name=\"twitter:label2\" content=\"Procijenjeno vrijeme \u010ditanja\" \/>\n\t<meta name=\"twitter:data2\" content=\"1 minuta\" \/>\n<script type=\"application\/ld+json\" class=\"yoast-schema-graph\">{\"@context\":\"https:\\\/\\\/schema.org\",\"@graph\":[{\"@type\":\"Article\",\"@id\":\"https:\\\/\\\/radioljubuski.ba\\\/index.php\\\/2021\\\/10\\\/14\\\/hep-o-cijeni-elektricne-energije-za-kucanstva-i-poduzetnike\\\/#article\",\"isPartOf\":{\"@id\":\"https:\\\/\\\/radioljubuski.ba\\\/index.php\\\/2021\\\/10\\\/14\\\/hep-o-cijeni-elektricne-energije-za-kucanstva-i-poduzetnike\\\/\"},\"author\":{\"name\":\"Radio Ljubu\u0161ki\",\"@id\":\"https:\\\/\\\/radioljubuski.ba\\\/#\\\/schema\\\/person\\\/19fc700381a780f69665d7956c469e3b\"},\"headline\":\"HEP o cijeni elektri\u010dne energije za ku\u0107anstva i poduzetnike\",\"datePublished\":\"2021-10-14T21:44:12+00:00\",\"dateModified\":\"2021-10-14T21:44:13+00:00\",\"mainEntityOfPage\":{\"@id\":\"https:\\\/\\\/radioljubuski.ba\\\/index.php\\\/2021\\\/10\\\/14\\\/hep-o-cijeni-elektricne-energije-za-kucanstva-i-poduzetnike\\\/\"},\"wordCount\":197,\"publisher\":{\"@id\":\"https:\\\/\\\/radioljubuski.ba\\\/#organization\"},\"image\":{\"@id\":\"https:\\\/\\\/radioljubuski.ba\\\/index.php\\\/2021\\\/10\\\/14\\\/hep-o-cijeni-elektricne-energije-za-kucanstva-i-poduzetnike\\\/#primaryimage\"},\"thumbnailUrl\":\"https:\\\/\\\/radioljubuski.ba\\\/wp-content\\\/uploads\\\/2021\\\/10\\\/18f6bf6a5cef2fb513e26e1eac79169f_view_article_new.jpg\",\"articleSection\":[\"BIH i regija\"],\"inLanguage\":\"hr\"},{\"@type\":\"WebPage\",\"@id\":\"https:\\\/\\\/radioljubuski.ba\\\/index.php\\\/2021\\\/10\\\/14\\\/hep-o-cijeni-elektricne-energije-za-kucanstva-i-poduzetnike\\\/\",\"url\":\"https:\\\/\\\/radioljubuski.ba\\\/index.php\\\/2021\\\/10\\\/14\\\/hep-o-cijeni-elektricne-energije-za-kucanstva-i-poduzetnike\\\/\",\"name\":\"HEP o cijeni elektri\u010dne energije za ku\u0107anstva i poduzetnike - RADIO LJUBU\u0160KI\",\"isPartOf\":{\"@id\":\"https:\\\/\\\/radioljubuski.ba\\\/#website\"},\"primaryImageOfPage\":{\"@id\":\"https:\\\/\\\/radioljubuski.ba\\\/index.php\\\/2021\\\/10\\\/14\\\/hep-o-cijeni-elektricne-energije-za-kucanstva-i-poduzetnike\\\/#primaryimage\"},\"image\":{\"@id\":\"https:\\\/\\\/radioljubuski.ba\\\/index.php\\\/2021\\\/10\\\/14\\\/hep-o-cijeni-elektricne-energije-za-kucanstva-i-poduzetnike\\\/#primaryimage\"},\"thumbnailUrl\":\"https:\\\/\\\/radioljubuski.ba\\\/wp-content\\\/uploads\\\/2021\\\/10\\\/18f6bf6a5cef2fb513e26e1eac79169f_view_article_new.jpg\",\"datePublished\":\"2021-10-14T21:44:12+00:00\",\"dateModified\":\"2021-10-14T21:44:13+00:00\",\"breadcrumb\":{\"@id\":\"https:\\\/\\\/radioljubuski.ba\\\/index.php\\\/2021\\\/10\\\/14\\\/hep-o-cijeni-elektricne-energije-za-kucanstva-i-poduzetnike\\\/#breadcrumb\"},\"inLanguage\":\"hr\",\"potentialAction\":[{\"@type\":\"ReadAction\",\"target\":[\"https:\\\/\\\/radioljubuski.ba\\\/index.php\\\/2021\\\/10\\\/14\\\/hep-o-cijeni-elektricne-energije-za-kucanstva-i-poduzetnike\\\/\"]}]},{\"@type\":\"ImageObject\",\"inLanguage\":\"hr\",\"@id\":\"https:\\\/\\\/radioljubuski.ba\\\/index.php\\\/2021\\\/10\\\/14\\\/hep-o-cijeni-elektricne-energije-za-kucanstva-i-poduzetnike\\\/#primaryimage\",\"url\":\"https:\\\/\\\/radioljubuski.ba\\\/wp-content\\\/uploads\\\/2021\\\/10\\\/18f6bf6a5cef2fb513e26e1eac79169f_view_article_new.jpg\",\"contentUrl\":\"https:\\\/\\\/radioljubuski.ba\\\/wp-content\\\/uploads\\\/2021\\\/10\\\/18f6bf6a5cef2fb513e26e1eac79169f_view_article_new.jpg\",\"width\":860,\"height\":430},{\"@type\":\"BreadcrumbList\",\"@id\":\"https:\\\/\\\/radioljubuski.ba\\\/index.php\\\/2021\\\/10\\\/14\\\/hep-o-cijeni-elektricne-energije-za-kucanstva-i-poduzetnike\\\/#breadcrumb\",\"itemListElement\":[{\"@type\":\"ListItem\",\"position\":1,\"name\":\"Po\u010detna stranica\",\"item\":\"https:\\\/\\\/radioljubuski.ba\\\/\"},{\"@type\":\"ListItem\",\"position\":2,\"name\":\"HEP o cijeni elektri\u010dne energije za ku\u0107anstva i poduzetnike\"}]},{\"@type\":\"WebSite\",\"@id\":\"https:\\\/\\\/radioljubuski.ba\\\/#website\",\"url\":\"https:\\\/\\\/radioljubuski.ba\\\/\",\"name\":\"Radio Ljubu\u0161ki\",\"description\":\"Sun\u010dana frekvencija Hercegovine\",\"publisher\":{\"@id\":\"https:\\\/\\\/radioljubuski.ba\\\/#organization\"},\"potentialAction\":[{\"@type\":\"SearchAction\",\"target\":{\"@type\":\"EntryPoint\",\"urlTemplate\":\"https:\\\/\\\/radioljubuski.ba\\\/?s={search_term_string}\"},\"query-input\":{\"@type\":\"PropertyValueSpecification\",\"valueRequired\":true,\"valueName\":\"search_term_string\"}}],\"inLanguage\":\"hr\"},{\"@type\":\"Organization\",\"@id\":\"https:\\\/\\\/radioljubuski.ba\\\/#organization\",\"name\":\"Radio Ljubu\u0161ki\",\"url\":\"https:\\\/\\\/radioljubuski.ba\\\/\",\"logo\":{\"@type\":\"ImageObject\",\"inLanguage\":\"hr\",\"@id\":\"https:\\\/\\\/radioljubuski.ba\\\/#\\\/schema\\\/logo\\\/image\\\/\",\"url\":\"https:\\\/\\\/radioljubuski.ba\\\/wp-content\\\/uploads\\\/2021\\\/02\\\/cropped-Radio_Ljubuski_logo1.jpg\",\"contentUrl\":\"https:\\\/\\\/radioljubuski.ba\\\/wp-content\\\/uploads\\\/2021\\\/02\\\/cropped-Radio_Ljubuski_logo1.jpg\",\"width\":512,\"height\":512,\"caption\":\"Radio Ljubu\u0161ki\"},\"image\":{\"@id\":\"https:\\\/\\\/radioljubuski.ba\\\/#\\\/schema\\\/logo\\\/image\\\/\"},\"sameAs\":[\"https:\\\/\\\/www.facebook.com\\\/Radiio-Ljubuski-1490835324566332\",\"https:\\\/\\\/x.com\\\/radioljubuski\",\"https:\\\/\\\/hr.linkedin.com\\\/company\\\/radio-ljubuski\",\"https:\\\/\\\/www.youtube.com\\\/channel\\\/UCHYaeO_n0Db3tjNGudGpXyw\"]},{\"@type\":\"Person\",\"@id\":\"https:\\\/\\\/radioljubuski.ba\\\/#\\\/schema\\\/person\\\/19fc700381a780f69665d7956c469e3b\",\"name\":\"Radio Ljubu\u0161ki\"}]}<\/script>\n<!-- \/ Yoast SEO plugin. -->","yoast_head_json":{"title":"HEP o cijeni elektri\u010dne energije za ku\u0107anstva i poduzetnike - RADIO LJUBU\u0160KI","robots":{"index":"index","follow":"follow","max-snippet":"max-snippet:-1","max-image-preview":"max-image-preview:large","max-video-preview":"max-video-preview:-1"},"canonical":"https:\/\/radioljubuski.ba\/index.php\/2021\/10\/14\/hep-o-cijeni-elektricne-energije-za-kucanstva-i-poduzetnike\/","og_locale":"hr_HR","og_type":"article","og_title":"HEP o cijeni elektri\u010dne energije za ku\u0107anstva i poduzetnike - RADIO LJUBU\u0160KI","og_description":"Zbog velikog interesa kupaca i javnosti vezano za pitanje sigurnosti opskrbe i kretanja cijena elektri\u010dne energije u idu\u0107em razdoblju, oglasio se HEP. HEP grupa, kao najve\u0107i opskrbljiva\u010d elektri\u010dnom energijom u Hrvatskoj, za sve svoje kupce iz vlastite \u0107e proizvodnje i ostalih izvora i u idu\u0107em razdoblju osigurati dovoljne koli\u010dine elektri\u010dne energije, priop\u0107ili su. &#8220;Cijene elektri\u010dne [&hellip;]","og_url":"https:\/\/radioljubuski.ba\/index.php\/2021\/10\/14\/hep-o-cijeni-elektricne-energije-za-kucanstva-i-poduzetnike\/","og_site_name":"RADIO LJUBU\u0160KI","article_publisher":"https:\/\/www.facebook.com\/Radiio-Ljubuski-1490835324566332","article_published_time":"2021-10-14T21:44:12+00:00","article_modified_time":"2021-10-14T21:44:13+00:00","og_image":[{"width":860,"height":430,"url":"https:\/\/radioljubuski.ba\/wp-content\/uploads\/2021\/10\/18f6bf6a5cef2fb513e26e1eac79169f_view_article_new.jpg","type":"image\/jpeg"}],"author":"Radio Ljubu\u0161ki","twitter_card":"summary_large_image","twitter_creator":"@radioljubuski","twitter_site":"@radioljubuski","twitter_misc":{"Napisao\/la":"Radio Ljubu\u0161ki","Procijenjeno vrijeme \u010ditanja":"1 minuta"},"schema":{"@context":"https:\/\/schema.org","@graph":[{"@type":"Article","@id":"https:\/\/radioljubuski.ba\/index.php\/2021\/10\/14\/hep-o-cijeni-elektricne-energije-za-kucanstva-i-poduzetnike\/#article","isPartOf":{"@id":"https:\/\/radioljubuski.ba\/index.php\/2021\/10\/14\/hep-o-cijeni-elektricne-energije-za-kucanstva-i-poduzetnike\/"},"author":{"name":"Radio Ljubu\u0161ki","@id":"https:\/\/radioljubuski.ba\/#\/schema\/person\/19fc700381a780f69665d7956c469e3b"},"headline":"HEP o cijeni elektri\u010dne energije za ku\u0107anstva i poduzetnike","datePublished":"2021-10-14T21:44:12+00:00","dateModified":"2021-10-14T21:44:13+00:00","mainEntityOfPage":{"@id":"https:\/\/radioljubuski.ba\/index.php\/2021\/10\/14\/hep-o-cijeni-elektricne-energije-za-kucanstva-i-poduzetnike\/"},"wordCount":197,"publisher":{"@id":"https:\/\/radioljubuski.ba\/#organization"},"image":{"@id":"https:\/\/radioljubuski.ba\/index.php\/2021\/10\/14\/hep-o-cijeni-elektricne-energije-za-kucanstva-i-poduzetnike\/#primaryimage"},"thumbnailUrl":"https:\/\/radioljubuski.ba\/wp-content\/uploads\/2021\/10\/18f6bf6a5cef2fb513e26e1eac79169f_view_article_new.jpg","articleSection":["BIH i regija"],"inLanguage":"hr"},{"@type":"WebPage","@id":"https:\/\/radioljubuski.ba\/index.php\/2021\/10\/14\/hep-o-cijeni-elektricne-energije-za-kucanstva-i-poduzetnike\/","url":"https:\/\/radioljubuski.ba\/index.php\/2021\/10\/14\/hep-o-cijeni-elektricne-energije-za-kucanstva-i-poduzetnike\/","name":"HEP o cijeni elektri\u010dne energije za ku\u0107anstva i poduzetnike - RADIO LJUBU\u0160KI","isPartOf":{"@id":"https:\/\/radioljubuski.ba\/#website"},"primaryImageOfPage":{"@id":"https:\/\/radioljubuski.ba\/index.php\/2021\/10\/14\/hep-o-cijeni-elektricne-energije-za-kucanstva-i-poduzetnike\/#primaryimage"},"image":{"@id":"https:\/\/radioljubuski.ba\/index.php\/2021\/10\/14\/hep-o-cijeni-elektricne-energije-za-kucanstva-i-poduzetnike\/#primaryimage"},"thumbnailUrl":"https:\/\/radioljubuski.ba\/wp-content\/uploads\/2021\/10\/18f6bf6a5cef2fb513e26e1eac79169f_view_article_new.jpg","datePublished":"2021-10-14T21:44:12+00:00","dateModified":"2021-10-14T21:44:13+00:00","breadcrumb":{"@id":"https:\/\/radioljubuski.ba\/index.php\/2021\/10\/14\/hep-o-cijeni-elektricne-energije-za-kucanstva-i-poduzetnike\/#breadcrumb"},"inLanguage":"hr","potentialAction":[{"@type":"ReadAction","target":["https:\/\/radioljubuski.ba\/index.php\/2021\/10\/14\/hep-o-cijeni-elektricne-energije-za-kucanstva-i-poduzetnike\/"]}]},{"@type":"ImageObject","inLanguage":"hr","@id":"https:\/\/radioljubuski.ba\/index.php\/2021\/10\/14\/hep-o-cijeni-elektricne-energije-za-kucanstva-i-poduzetnike\/#primaryimage","url":"https:\/\/radioljubuski.ba\/wp-content\/uploads\/2021\/10\/18f6bf6a5cef2fb513e26e1eac79169f_view_article_new.jpg","contentUrl":"https:\/\/radioljubuski.ba\/wp-content\/uploads\/2021\/10\/18f6bf6a5cef2fb513e26e1eac79169f_view_article_new.jpg","width":860,"height":430},{"@type":"BreadcrumbList","@id":"https:\/\/radioljubuski.ba\/index.php\/2021\/10\/14\/hep-o-cijeni-elektricne-energije-za-kucanstva-i-poduzetnike\/#breadcrumb","itemListElement":[{"@type":"ListItem","position":1,"name":"Po\u010detna stranica","item":"https:\/\/radioljubuski.ba\/"},{"@type":"ListItem","position":2,"name":"HEP o cijeni elektri\u010dne energije za ku\u0107anstva i poduzetnike"}]},{"@type":"WebSite","@id":"https:\/\/radioljubuski.ba\/#website","url":"https:\/\/radioljubuski.ba\/","name":"Radio Ljubu\u0161ki","description":"Sun\u010dana frekvencija Hercegovine","publisher":{"@id":"https:\/\/radioljubuski.ba\/#organization"},"potentialAction":[{"@type":"SearchAction","target":{"@type":"EntryPoint","urlTemplate":"https:\/\/radioljubuski.ba\/?s={search_term_string}"},"query-input":{"@type":"PropertyValueSpecification","valueRequired":true,"valueName":"search_term_string"}}],"inLanguage":"hr"},{"@type":"Organization","@id":"https:\/\/radioljubuski.ba\/#organization","name":"Radio Ljubu\u0161ki","url":"https:\/\/radioljubuski.ba\/","logo":{"@type":"ImageObject","inLanguage":"hr","@id":"https:\/\/radioljubuski.ba\/#\/schema\/logo\/image\/","url":"https:\/\/radioljubuski.ba\/wp-content\/uploads\/2021\/02\/cropped-Radio_Ljubuski_logo1.jpg","contentUrl":"https:\/\/radioljubuski.ba\/wp-content\/uploads\/2021\/02\/cropped-Radio_Ljubuski_logo1.jpg","width":512,"height":512,"caption":"Radio Ljubu\u0161ki"},"image":{"@id":"https:\/\/radioljubuski.ba\/#\/schema\/logo\/image\/"},"sameAs":["https:\/\/www.facebook.com\/Radiio-Ljubuski-1490835324566332","https:\/\/x.com\/radioljubuski","https:\/\/hr.linkedin.com\/company\/radio-ljubuski","https:\/\/www.youtube.com\/channel\/UCHYaeO_n0Db3tjNGudGpXyw"]},{"@type":"Person","@id":"https:\/\/radioljubuski.ba\/#\/schema\/person\/19fc700381a780f69665d7956c469e3b","name":"Radio Ljubu\u0161ki"}]}},"_links":{"self":[{"href":"https:\/\/radioljubuski.ba\/index.php\/wp-json\/wp\/v2\/posts\/75778","targetHints":{"allow":["GET"]}}],"collection":[{"href":"https:\/\/radioljubuski.ba\/index.php\/wp-json\/wp\/v2\/posts"}],"about":[{"href":"https:\/\/radioljubuski.ba\/index.php\/wp-json\/wp\/v2\/types\/post"}],"author":[{"embeddable":true,"href":"https:\/\/radioljubuski.ba\/index.php\/wp-json\/wp\/v2\/users\/2"}],"replies":[{"embeddable":true,"href":"https:\/\/radioljubuski.ba\/index.php\/wp-json\/wp\/v2\/comments?post=75778"}],"version-history":[{"count":1,"href":"https:\/\/radioljubuski.ba\/index.php\/wp-json\/wp\/v2\/posts\/75778\/revisions"}],"predecessor-version":[{"id":75780,"href":"https:\/\/radioljubuski.ba\/index.php\/wp-json\/wp\/v2\/posts\/75778\/revisions\/75780"}],"wp:featuredmedia":[{"embeddable":true,"href":"https:\/\/radioljubuski.ba\/index.php\/wp-json\/wp\/v2\/media\/75779"}],"wp:attachment":[{"href":"https:\/\/radioljubuski.ba\/index.php\/wp-json\/wp\/v2\/media?parent=75778"}],"wp:term":[{"taxonomy":"category","embeddable":true,"href":"https:\/\/radioljubuski.ba\/index.php\/wp-json\/wp\/v2\/categories?post=75778"},{"taxonomy":"post_tag","embeddable":true,"href":"https:\/\/radioljubuski.ba\/index.php\/wp-json\/wp\/v2\/tags?post=75778"}],"curies":[{"name":"wp","href":"https:\/\/api.w.org\/{rel}","templated":true}]}}