{"id":75793,"date":"2021-10-14T22:54:08","date_gmt":"2021-10-14T21:54:08","guid":{"rendered":"https:\/\/radioljubuski.ba\/?p=75793"},"modified":"2021-10-14T22:54:10","modified_gmt":"2021-10-14T21:54:10","slug":"istrazni-zatvor-osumnjicenoj-za-malverzacije-sa-zemljistem-na-bracu","status":"publish","type":"post","link":"https:\/\/radioljubuski.ba\/index.php\/2021\/10\/14\/istrazni-zatvor-osumnjicenoj-za-malverzacije-sa-zemljistem-na-bracu\/","title":{"rendered":"Istra\u017eni zatvor osumnji\u010denoj za malverzacije sa zemlji\u0161tem na Bra\u010du"},"content":{"rendered":"\n<p><strong>Sudac istrage \u017dupanijskog suda u Splitu odredio je istra\u017eni zatvor za Sne\u017eanu Brali\u0107, jednu od osumnji\u010denih za malverzacije sa zemlji\u0161tem na Bra\u010du, doznaje se u \u010detvrtak nave\u010der na tom sudu. Jednomjese\u010dni istra\u017eni zatvor, koji je jedino za nju od ukupno \u0161est osumnji\u010denih tra\u017eio Uskok, izre\u010den joj je zbog opasnosti utjecaja na svjedoke i opasnosti ponavljanja kaznenog djela.<\/strong><\/p>\n\n\n\n<p>&#8211; Mogu vam re\u0107i da je ona kao pravnica imala svu dokumentaciju u spisima koja je to dokazivala, a to su elaborat, snimke, izjave svjedoka. Ona nije bila na licu mjesta i to je priznala i sama jer od 4000 predmeta legalizacije, ona ih je rije\u0161ila sama 1000, to je odmah priznala, mo\u017eda da je iza\u0161la pa se uvjerila, mo\u017eda bi druga\u010diju donijela odluku, rekao je odvjetnik prvoosumnji\u010dene<strong>\u00a0Dean Rahan.<\/strong><br><br>Osim Brali\u0107 pod istragom su se na\u0161li i investitor\u00a0<strong>Ton\u0107i Kelam<\/strong>, arhitekt\u00a0<strong>Dinko Grgurevi\u0107<\/strong>, geodet<strong>\u00a0Emil Zlatar<\/strong>,\u00a0<strong>Antonio Mika\u010di\u0107<\/strong>\u00a0i\u00a0<strong>\u017deljko Babi\u0107<\/strong>, kojima su u srijedu tako\u0111er pretra\u017eeni uredi i domovi. U pretragama su, kako navodi policija, oduzeti ra\u010dunala, prijenosna ra\u010dunala i mobiteli.<br><br>Ne navode\u0107i imena istra\u017eitelji tvrde da je od 2014. do 11. listopada ove godine, sukladno dogovoru s 50-godi\u0161njim vlasnikom nekretnina na podru\u010dju Bra\u010da, pet osoba svojim postupanjem omogu\u0107ilo da suprotno zakonu ishodi najmanje pet rje\u0161enja o izvedenom stanju, kojim su legalizirane navodne gra\u0111evine na zemlji\u0161tima koja se nalaze izvan gra\u0111evnog podru\u010dja, a taj dio je prostornim planom ozna\u010den kao za\u0161ti\u0107eni prostor.<br><br>Policija i Uskok navode da su osumnji\u010deni na zemlji\u0161tima koje nije bilo gra\u0111evinsko u vrijeme legalizacije la\u017eno prikazivali da su na njima objekti i kasnije ih prodavali kao vi\u0161estruko skuplje gra\u0111evinsko zemlji\u0161te.<br><br>Upravo investitora Ton\u0107ija Kelama terete da je kupovao zemlju i provodio postupak ozakonjenja za objekte koji nikada nisu postojali te je kao vlasnik zemlju prodao, a u tome su mu pomogli ostali osumnji\u010denici.<\/p>\n\n\n\n<div style=\"width: 640px;\" class=\"wp-video\"><video class=\"wp-video-shortcode\" id=\"video-75793-1\" width=\"640\" height=\"360\" preload=\"metadata\" controls=\"controls\"><source type=\"video\/mp4\" src=\"https:\/\/api.hrt.hr\/media\/cb\/3e\/v17-141021-tonuhicenja-20211014150720.mp4?_=1\" \/><a href=\"https:\/\/api.hrt.hr\/media\/cb\/3e\/v17-141021-tonuhicenja-20211014150720.mp4\">https:\/\/api.hrt.hr\/media\/cb\/3e\/v17-141021-tonuhicenja-20211014150720.mp4<\/a><\/video><\/div>\n\n\n\n<p>Izvor:hrt.hr<\/p>\n","protected":false},"excerpt":{"rendered":"<p>Sudac istrage \u017dupanijskog suda u Splitu odredio je istra\u017eni zatvor za Sne\u017eanu Brali\u0107, jednu od osumnji\u010denih za malverzacije sa zemlji\u0161tem na Bra\u010du, doznaje se u \u010detvrtak nave\u010der na tom sudu. Jednomjese\u010dni istra\u017eni zatvor, koji je jedino za nju od ukupno \u0161est osumnji\u010denih tra\u017eio Uskok, izre\u010den joj je zbog opasnosti utjecaja na svjedoke i opasnosti ponavljanja [&hellip;]<\/p>\n","protected":false},"author":2,"featured_media":75794,"comment_status":"closed","ping_status":"closed","sticky":false,"template":"","format":"standard","meta":{"h5ap_radio_sources":[],"footnotes":""},"categories":[1],"tags":[],"class_list":["post-75793","post","type-post","status-publish","format-standard","has-post-thumbnail","hentry","category-bihiregija"],"yoast_head":"<!-- This site is optimized with the Yoast SEO plugin v27.4 - https:\/\/yoast.com\/product\/yoast-seo-wordpress\/ -->\n<title>Istra\u017eni zatvor osumnji\u010denoj za malverzacije sa zemlji\u0161tem na Bra\u010du - RADIO LJUBU\u0160KI<\/title>\n<meta name=\"robots\" content=\"index, follow, max-snippet:-1, max-image-preview:large, max-video-preview:-1\" \/>\n<link rel=\"canonical\" href=\"https:\/\/radioljubuski.ba\/index.php\/2021\/10\/14\/istrazni-zatvor-osumnjicenoj-za-malverzacije-sa-zemljistem-na-bracu\/\" \/>\n<meta property=\"og:locale\" content=\"hr_HR\" \/>\n<meta property=\"og:type\" content=\"article\" \/>\n<meta property=\"og:title\" content=\"Istra\u017eni zatvor osumnji\u010denoj za malverzacije sa zemlji\u0161tem na Bra\u010du - RADIO LJUBU\u0160KI\" \/>\n<meta property=\"og:description\" content=\"Sudac istrage \u017dupanijskog suda u Splitu odredio je istra\u017eni zatvor za Sne\u017eanu Brali\u0107, jednu od osumnji\u010denih za malverzacije sa zemlji\u0161tem na Bra\u010du, doznaje se u \u010detvrtak nave\u010der na tom sudu. Jednomjese\u010dni istra\u017eni zatvor, koji je jedino za nju od ukupno \u0161est osumnji\u010denih tra\u017eio Uskok, izre\u010den joj je zbog opasnosti utjecaja na svjedoke i opasnosti ponavljanja [&hellip;]\" \/>\n<meta property=\"og:url\" content=\"https:\/\/radioljubuski.ba\/index.php\/2021\/10\/14\/istrazni-zatvor-osumnjicenoj-za-malverzacije-sa-zemljistem-na-bracu\/\" \/>\n<meta property=\"og:site_name\" content=\"RADIO LJUBU\u0160KI\" \/>\n<meta property=\"article:publisher\" content=\"https:\/\/www.facebook.com\/Radiio-Ljubuski-1490835324566332\" \/>\n<meta property=\"article:published_time\" content=\"2021-10-14T21:54:08+00:00\" \/>\n<meta property=\"article:modified_time\" content=\"2021-10-14T21:54:10+00:00\" \/>\n<meta property=\"og:image\" content=\"https:\/\/radioljubuski.ba\/wp-content\/uploads\/2021\/10\/523290f2-2ddd-4f22-af47-9cfa9e29ecbc.jpg\" \/>\n\t<meta property=\"og:image:width\" content=\"480\" \/>\n\t<meta property=\"og:image:height\" content=\"288\" \/>\n\t<meta property=\"og:image:type\" content=\"image\/jpeg\" \/>\n<meta name=\"author\" content=\"Radio Ljubu\u0161ki\" \/>\n<meta name=\"twitter:card\" content=\"summary_large_image\" \/>\n<meta name=\"twitter:creator\" content=\"@radioljubuski\" \/>\n<meta name=\"twitter:site\" content=\"@radioljubuski\" \/>\n<meta name=\"twitter:label1\" content=\"Napisao\/la\" \/>\n\t<meta name=\"twitter:data1\" content=\"Radio Ljubu\u0161ki\" \/>\n\t<meta name=\"twitter:label2\" content=\"Procijenjeno vrijeme \u010ditanja\" \/>\n\t<meta name=\"twitter:data2\" content=\"2 minute\" \/>\n<script type=\"application\/ld+json\" class=\"yoast-schema-graph\">{\"@context\":\"https:\\\/\\\/schema.org\",\"@graph\":[{\"@type\":\"Article\",\"@id\":\"https:\\\/\\\/radioljubuski.ba\\\/index.php\\\/2021\\\/10\\\/14\\\/istrazni-zatvor-osumnjicenoj-za-malverzacije-sa-zemljistem-na-bracu\\\/#article\",\"isPartOf\":{\"@id\":\"https:\\\/\\\/radioljubuski.ba\\\/index.php\\\/2021\\\/10\\\/14\\\/istrazni-zatvor-osumnjicenoj-za-malverzacije-sa-zemljistem-na-bracu\\\/\"},\"author\":{\"name\":\"Radio Ljubu\u0161ki\",\"@id\":\"https:\\\/\\\/radioljubuski.ba\\\/#\\\/schema\\\/person\\\/19fc700381a780f69665d7956c469e3b\"},\"headline\":\"Istra\u017eni zatvor osumnji\u010denoj za malverzacije sa zemlji\u0161tem na Bra\u010du\",\"datePublished\":\"2021-10-14T21:54:08+00:00\",\"dateModified\":\"2021-10-14T21:54:10+00:00\",\"mainEntityOfPage\":{\"@id\":\"https:\\\/\\\/radioljubuski.ba\\\/index.php\\\/2021\\\/10\\\/14\\\/istrazni-zatvor-osumnjicenoj-za-malverzacije-sa-zemljistem-na-bracu\\\/\"},\"wordCount\":367,\"publisher\":{\"@id\":\"https:\\\/\\\/radioljubuski.ba\\\/#organization\"},\"image\":{\"@id\":\"https:\\\/\\\/radioljubuski.ba\\\/index.php\\\/2021\\\/10\\\/14\\\/istrazni-zatvor-osumnjicenoj-za-malverzacije-sa-zemljistem-na-bracu\\\/#primaryimage\"},\"thumbnailUrl\":\"https:\\\/\\\/radioljubuski.ba\\\/wp-content\\\/uploads\\\/2021\\\/10\\\/523290f2-2ddd-4f22-af47-9cfa9e29ecbc.jpg\",\"articleSection\":[\"BIH i regija\"],\"inLanguage\":\"hr\"},{\"@type\":\"WebPage\",\"@id\":\"https:\\\/\\\/radioljubuski.ba\\\/index.php\\\/2021\\\/10\\\/14\\\/istrazni-zatvor-osumnjicenoj-za-malverzacije-sa-zemljistem-na-bracu\\\/\",\"url\":\"https:\\\/\\\/radioljubuski.ba\\\/index.php\\\/2021\\\/10\\\/14\\\/istrazni-zatvor-osumnjicenoj-za-malverzacije-sa-zemljistem-na-bracu\\\/\",\"name\":\"Istra\u017eni zatvor osumnji\u010denoj za malverzacije sa zemlji\u0161tem na Bra\u010du - RADIO LJUBU\u0160KI\",\"isPartOf\":{\"@id\":\"https:\\\/\\\/radioljubuski.ba\\\/#website\"},\"primaryImageOfPage\":{\"@id\":\"https:\\\/\\\/radioljubuski.ba\\\/index.php\\\/2021\\\/10\\\/14\\\/istrazni-zatvor-osumnjicenoj-za-malverzacije-sa-zemljistem-na-bracu\\\/#primaryimage\"},\"image\":{\"@id\":\"https:\\\/\\\/radioljubuski.ba\\\/index.php\\\/2021\\\/10\\\/14\\\/istrazni-zatvor-osumnjicenoj-za-malverzacije-sa-zemljistem-na-bracu\\\/#primaryimage\"},\"thumbnailUrl\":\"https:\\\/\\\/radioljubuski.ba\\\/wp-content\\\/uploads\\\/2021\\\/10\\\/523290f2-2ddd-4f22-af47-9cfa9e29ecbc.jpg\",\"datePublished\":\"2021-10-14T21:54:08+00:00\",\"dateModified\":\"2021-10-14T21:54:10+00:00\",\"breadcrumb\":{\"@id\":\"https:\\\/\\\/radioljubuski.ba\\\/index.php\\\/2021\\\/10\\\/14\\\/istrazni-zatvor-osumnjicenoj-za-malverzacije-sa-zemljistem-na-bracu\\\/#breadcrumb\"},\"inLanguage\":\"hr\",\"potentialAction\":[{\"@type\":\"ReadAction\",\"target\":[\"https:\\\/\\\/radioljubuski.ba\\\/index.php\\\/2021\\\/10\\\/14\\\/istrazni-zatvor-osumnjicenoj-za-malverzacije-sa-zemljistem-na-bracu\\\/\"]}]},{\"@type\":\"ImageObject\",\"inLanguage\":\"hr\",\"@id\":\"https:\\\/\\\/radioljubuski.ba\\\/index.php\\\/2021\\\/10\\\/14\\\/istrazni-zatvor-osumnjicenoj-za-malverzacije-sa-zemljistem-na-bracu\\\/#primaryimage\",\"url\":\"https:\\\/\\\/radioljubuski.ba\\\/wp-content\\\/uploads\\\/2021\\\/10\\\/523290f2-2ddd-4f22-af47-9cfa9e29ecbc.jpg\",\"contentUrl\":\"https:\\\/\\\/radioljubuski.ba\\\/wp-content\\\/uploads\\\/2021\\\/10\\\/523290f2-2ddd-4f22-af47-9cfa9e29ecbc.jpg\",\"width\":480,\"height\":288},{\"@type\":\"BreadcrumbList\",\"@id\":\"https:\\\/\\\/radioljubuski.ba\\\/index.php\\\/2021\\\/10\\\/14\\\/istrazni-zatvor-osumnjicenoj-za-malverzacije-sa-zemljistem-na-bracu\\\/#breadcrumb\",\"itemListElement\":[{\"@type\":\"ListItem\",\"position\":1,\"name\":\"Po\u010detna stranica\",\"item\":\"https:\\\/\\\/radioljubuski.ba\\\/\"},{\"@type\":\"ListItem\",\"position\":2,\"name\":\"Istra\u017eni zatvor osumnji\u010denoj za malverzacije sa zemlji\u0161tem na Bra\u010du\"}]},{\"@type\":\"WebSite\",\"@id\":\"https:\\\/\\\/radioljubuski.ba\\\/#website\",\"url\":\"https:\\\/\\\/radioljubuski.ba\\\/\",\"name\":\"Radio Ljubu\u0161ki\",\"description\":\"Sun\u010dana frekvencija Hercegovine\",\"publisher\":{\"@id\":\"https:\\\/\\\/radioljubuski.ba\\\/#organization\"},\"potentialAction\":[{\"@type\":\"SearchAction\",\"target\":{\"@type\":\"EntryPoint\",\"urlTemplate\":\"https:\\\/\\\/radioljubuski.ba\\\/?s={search_term_string}\"},\"query-input\":{\"@type\":\"PropertyValueSpecification\",\"valueRequired\":true,\"valueName\":\"search_term_string\"}}],\"inLanguage\":\"hr\"},{\"@type\":\"Organization\",\"@id\":\"https:\\\/\\\/radioljubuski.ba\\\/#organization\",\"name\":\"Radio Ljubu\u0161ki\",\"url\":\"https:\\\/\\\/radioljubuski.ba\\\/\",\"logo\":{\"@type\":\"ImageObject\",\"inLanguage\":\"hr\",\"@id\":\"https:\\\/\\\/radioljubuski.ba\\\/#\\\/schema\\\/logo\\\/image\\\/\",\"url\":\"https:\\\/\\\/radioljubuski.ba\\\/wp-content\\\/uploads\\\/2021\\\/02\\\/cropped-Radio_Ljubuski_logo1.jpg\",\"contentUrl\":\"https:\\\/\\\/radioljubuski.ba\\\/wp-content\\\/uploads\\\/2021\\\/02\\\/cropped-Radio_Ljubuski_logo1.jpg\",\"width\":512,\"height\":512,\"caption\":\"Radio Ljubu\u0161ki\"},\"image\":{\"@id\":\"https:\\\/\\\/radioljubuski.ba\\\/#\\\/schema\\\/logo\\\/image\\\/\"},\"sameAs\":[\"https:\\\/\\\/www.facebook.com\\\/Radiio-Ljubuski-1490835324566332\",\"https:\\\/\\\/x.com\\\/radioljubuski\",\"https:\\\/\\\/hr.linkedin.com\\\/company\\\/radio-ljubuski\",\"https:\\\/\\\/www.youtube.com\\\/channel\\\/UCHYaeO_n0Db3tjNGudGpXyw\"]},{\"@type\":\"Person\",\"@id\":\"https:\\\/\\\/radioljubuski.ba\\\/#\\\/schema\\\/person\\\/19fc700381a780f69665d7956c469e3b\",\"name\":\"Radio Ljubu\u0161ki\"}]}<\/script>\n<!-- \/ Yoast SEO plugin. -->","yoast_head_json":{"title":"Istra\u017eni zatvor osumnji\u010denoj za malverzacije sa zemlji\u0161tem na Bra\u010du - RADIO LJUBU\u0160KI","robots":{"index":"index","follow":"follow","max-snippet":"max-snippet:-1","max-image-preview":"max-image-preview:large","max-video-preview":"max-video-preview:-1"},"canonical":"https:\/\/radioljubuski.ba\/index.php\/2021\/10\/14\/istrazni-zatvor-osumnjicenoj-za-malverzacije-sa-zemljistem-na-bracu\/","og_locale":"hr_HR","og_type":"article","og_title":"Istra\u017eni zatvor osumnji\u010denoj za malverzacije sa zemlji\u0161tem na Bra\u010du - RADIO LJUBU\u0160KI","og_description":"Sudac istrage \u017dupanijskog suda u Splitu odredio je istra\u017eni zatvor za Sne\u017eanu Brali\u0107, jednu od osumnji\u010denih za malverzacije sa zemlji\u0161tem na Bra\u010du, doznaje se u \u010detvrtak nave\u010der na tom sudu. Jednomjese\u010dni istra\u017eni zatvor, koji je jedino za nju od ukupno \u0161est osumnji\u010denih tra\u017eio Uskok, izre\u010den joj je zbog opasnosti utjecaja na svjedoke i opasnosti ponavljanja [&hellip;]","og_url":"https:\/\/radioljubuski.ba\/index.php\/2021\/10\/14\/istrazni-zatvor-osumnjicenoj-za-malverzacije-sa-zemljistem-na-bracu\/","og_site_name":"RADIO LJUBU\u0160KI","article_publisher":"https:\/\/www.facebook.com\/Radiio-Ljubuski-1490835324566332","article_published_time":"2021-10-14T21:54:08+00:00","article_modified_time":"2021-10-14T21:54:10+00:00","og_image":[{"width":480,"height":288,"url":"https:\/\/radioljubuski.ba\/wp-content\/uploads\/2021\/10\/523290f2-2ddd-4f22-af47-9cfa9e29ecbc.jpg","type":"image\/jpeg"}],"author":"Radio Ljubu\u0161ki","twitter_card":"summary_large_image","twitter_creator":"@radioljubuski","twitter_site":"@radioljubuski","twitter_misc":{"Napisao\/la":"Radio Ljubu\u0161ki","Procijenjeno vrijeme \u010ditanja":"2 minute"},"schema":{"@context":"https:\/\/schema.org","@graph":[{"@type":"Article","@id":"https:\/\/radioljubuski.ba\/index.php\/2021\/10\/14\/istrazni-zatvor-osumnjicenoj-za-malverzacije-sa-zemljistem-na-bracu\/#article","isPartOf":{"@id":"https:\/\/radioljubuski.ba\/index.php\/2021\/10\/14\/istrazni-zatvor-osumnjicenoj-za-malverzacije-sa-zemljistem-na-bracu\/"},"author":{"name":"Radio Ljubu\u0161ki","@id":"https:\/\/radioljubuski.ba\/#\/schema\/person\/19fc700381a780f69665d7956c469e3b"},"headline":"Istra\u017eni zatvor osumnji\u010denoj za malverzacije sa zemlji\u0161tem na Bra\u010du","datePublished":"2021-10-14T21:54:08+00:00","dateModified":"2021-10-14T21:54:10+00:00","mainEntityOfPage":{"@id":"https:\/\/radioljubuski.ba\/index.php\/2021\/10\/14\/istrazni-zatvor-osumnjicenoj-za-malverzacije-sa-zemljistem-na-bracu\/"},"wordCount":367,"publisher":{"@id":"https:\/\/radioljubuski.ba\/#organization"},"image":{"@id":"https:\/\/radioljubuski.ba\/index.php\/2021\/10\/14\/istrazni-zatvor-osumnjicenoj-za-malverzacije-sa-zemljistem-na-bracu\/#primaryimage"},"thumbnailUrl":"https:\/\/radioljubuski.ba\/wp-content\/uploads\/2021\/10\/523290f2-2ddd-4f22-af47-9cfa9e29ecbc.jpg","articleSection":["BIH i regija"],"inLanguage":"hr"},{"@type":"WebPage","@id":"https:\/\/radioljubuski.ba\/index.php\/2021\/10\/14\/istrazni-zatvor-osumnjicenoj-za-malverzacije-sa-zemljistem-na-bracu\/","url":"https:\/\/radioljubuski.ba\/index.php\/2021\/10\/14\/istrazni-zatvor-osumnjicenoj-za-malverzacije-sa-zemljistem-na-bracu\/","name":"Istra\u017eni zatvor osumnji\u010denoj za malverzacije sa zemlji\u0161tem na Bra\u010du - RADIO LJUBU\u0160KI","isPartOf":{"@id":"https:\/\/radioljubuski.ba\/#website"},"primaryImageOfPage":{"@id":"https:\/\/radioljubuski.ba\/index.php\/2021\/10\/14\/istrazni-zatvor-osumnjicenoj-za-malverzacije-sa-zemljistem-na-bracu\/#primaryimage"},"image":{"@id":"https:\/\/radioljubuski.ba\/index.php\/2021\/10\/14\/istrazni-zatvor-osumnjicenoj-za-malverzacije-sa-zemljistem-na-bracu\/#primaryimage"},"thumbnailUrl":"https:\/\/radioljubuski.ba\/wp-content\/uploads\/2021\/10\/523290f2-2ddd-4f22-af47-9cfa9e29ecbc.jpg","datePublished":"2021-10-14T21:54:08+00:00","dateModified":"2021-10-14T21:54:10+00:00","breadcrumb":{"@id":"https:\/\/radioljubuski.ba\/index.php\/2021\/10\/14\/istrazni-zatvor-osumnjicenoj-za-malverzacije-sa-zemljistem-na-bracu\/#breadcrumb"},"inLanguage":"hr","potentialAction":[{"@type":"ReadAction","target":["https:\/\/radioljubuski.ba\/index.php\/2021\/10\/14\/istrazni-zatvor-osumnjicenoj-za-malverzacije-sa-zemljistem-na-bracu\/"]}]},{"@type":"ImageObject","inLanguage":"hr","@id":"https:\/\/radioljubuski.ba\/index.php\/2021\/10\/14\/istrazni-zatvor-osumnjicenoj-za-malverzacije-sa-zemljistem-na-bracu\/#primaryimage","url":"https:\/\/radioljubuski.ba\/wp-content\/uploads\/2021\/10\/523290f2-2ddd-4f22-af47-9cfa9e29ecbc.jpg","contentUrl":"https:\/\/radioljubuski.ba\/wp-content\/uploads\/2021\/10\/523290f2-2ddd-4f22-af47-9cfa9e29ecbc.jpg","width":480,"height":288},{"@type":"BreadcrumbList","@id":"https:\/\/radioljubuski.ba\/index.php\/2021\/10\/14\/istrazni-zatvor-osumnjicenoj-za-malverzacije-sa-zemljistem-na-bracu\/#breadcrumb","itemListElement":[{"@type":"ListItem","position":1,"name":"Po\u010detna stranica","item":"https:\/\/radioljubuski.ba\/"},{"@type":"ListItem","position":2,"name":"Istra\u017eni zatvor osumnji\u010denoj za malverzacije sa zemlji\u0161tem na Bra\u010du"}]},{"@type":"WebSite","@id":"https:\/\/radioljubuski.ba\/#website","url":"https:\/\/radioljubuski.ba\/","name":"Radio Ljubu\u0161ki","description":"Sun\u010dana frekvencija Hercegovine","publisher":{"@id":"https:\/\/radioljubuski.ba\/#organization"},"potentialAction":[{"@type":"SearchAction","target":{"@type":"EntryPoint","urlTemplate":"https:\/\/radioljubuski.ba\/?s={search_term_string}"},"query-input":{"@type":"PropertyValueSpecification","valueRequired":true,"valueName":"search_term_string"}}],"inLanguage":"hr"},{"@type":"Organization","@id":"https:\/\/radioljubuski.ba\/#organization","name":"Radio Ljubu\u0161ki","url":"https:\/\/radioljubuski.ba\/","logo":{"@type":"ImageObject","inLanguage":"hr","@id":"https:\/\/radioljubuski.ba\/#\/schema\/logo\/image\/","url":"https:\/\/radioljubuski.ba\/wp-content\/uploads\/2021\/02\/cropped-Radio_Ljubuski_logo1.jpg","contentUrl":"https:\/\/radioljubuski.ba\/wp-content\/uploads\/2021\/02\/cropped-Radio_Ljubuski_logo1.jpg","width":512,"height":512,"caption":"Radio Ljubu\u0161ki"},"image":{"@id":"https:\/\/radioljubuski.ba\/#\/schema\/logo\/image\/"},"sameAs":["https:\/\/www.facebook.com\/Radiio-Ljubuski-1490835324566332","https:\/\/x.com\/radioljubuski","https:\/\/hr.linkedin.com\/company\/radio-ljubuski","https:\/\/www.youtube.com\/channel\/UCHYaeO_n0Db3tjNGudGpXyw"]},{"@type":"Person","@id":"https:\/\/radioljubuski.ba\/#\/schema\/person\/19fc700381a780f69665d7956c469e3b","name":"Radio Ljubu\u0161ki"}]}},"_links":{"self":[{"href":"https:\/\/radioljubuski.ba\/index.php\/wp-json\/wp\/v2\/posts\/75793","targetHints":{"allow":["GET"]}}],"collection":[{"href":"https:\/\/radioljubuski.ba\/index.php\/wp-json\/wp\/v2\/posts"}],"about":[{"href":"https:\/\/radioljubuski.ba\/index.php\/wp-json\/wp\/v2\/types\/post"}],"author":[{"embeddable":true,"href":"https:\/\/radioljubuski.ba\/index.php\/wp-json\/wp\/v2\/users\/2"}],"replies":[{"embeddable":true,"href":"https:\/\/radioljubuski.ba\/index.php\/wp-json\/wp\/v2\/comments?post=75793"}],"version-history":[{"count":1,"href":"https:\/\/radioljubuski.ba\/index.php\/wp-json\/wp\/v2\/posts\/75793\/revisions"}],"predecessor-version":[{"id":75795,"href":"https:\/\/radioljubuski.ba\/index.php\/wp-json\/wp\/v2\/posts\/75793\/revisions\/75795"}],"wp:featuredmedia":[{"embeddable":true,"href":"https:\/\/radioljubuski.ba\/index.php\/wp-json\/wp\/v2\/media\/75794"}],"wp:attachment":[{"href":"https:\/\/radioljubuski.ba\/index.php\/wp-json\/wp\/v2\/media?parent=75793"}],"wp:term":[{"taxonomy":"category","embeddable":true,"href":"https:\/\/radioljubuski.ba\/index.php\/wp-json\/wp\/v2\/categories?post=75793"},{"taxonomy":"post_tag","embeddable":true,"href":"https:\/\/radioljubuski.ba\/index.php\/wp-json\/wp\/v2\/tags?post=75793"}],"curies":[{"name":"wp","href":"https:\/\/api.w.org\/{rel}","templated":true}]}}