{"id":75802,"date":"2021-10-14T23:00:14","date_gmt":"2021-10-14T22:00:14","guid":{"rendered":"https:\/\/radioljubuski.ba\/?p=75802"},"modified":"2021-10-14T23:00:16","modified_gmt":"2021-10-14T22:00:16","slug":"plenkovic-u-dnevniku-htv-a-nema-isprike-ni-ostavke-ni-prijevremenih-izbora","status":"publish","type":"post","link":"https:\/\/radioljubuski.ba\/index.php\/2021\/10\/14\/plenkovic-u-dnevniku-htv-a-nema-isprike-ni-ostavke-ni-prijevremenih-izbora\/","title":{"rendered":"Plenkovi\u0107 u Dnevniku HTV-a: Nema isprike, ni ostavke ni prijevremenih izbora"},"content":{"rendered":"\n<p><strong>U Dnevniku HTV-a o svim aktualnim temama s premijerom&nbsp;Andrejom Plenkovi\u0107em&nbsp;razgovarao je novinar HTV-a&nbsp;Branko Na\u0111vinski.<\/strong><\/p>\n\n\n\n<p>Govore\u0107i za\u0161to je Vlada posegnula za Uredbom na 30 dana, a zakonski je maksimalno 90 dana, Plenkovi\u0107 je rekao kako se temom cijene energenata, porastom cijene nafte bavimo se zadnjih nekoliko tjedana.<br><br>&#8211; Svi moji me\u0111unarodni kontakti od po\u010detka rujna zavr\u0161avaju na temi a \u0161to vi \u010dinite u vezi cijena struje, plina, nafte. To je tema o kojoj stalno razgovaramo unutar Hrvatske, ali i na me\u0111unarodnoj razini. U kona\u010dnici ju\u010der je Europska komisija iza\u0161la s jednim dokumentom koji se mahom odnosi na srednjoro\u010dne mjere za plin i za struju kako da se ubla\u017ee negativni efekti na gra\u0111ane, na gospodarstvo, rekao je Plenkovi\u0107.<br><br>&#8211; Mi smo \u0161to se toga ti\u010de, to je ve\u0107 vi\u0161e puta komunicirao ministar \u0106ori\u0107, relativno mirni kad je rije\u010d o cijenama i plina i struje za ku\u0107anstva, ne\u0161to je kod gospodarstvenika malo kompleksnije jer dio njih nije imao takve ugovore koji bi im osigurali kontinuitet ranije cijene plina i to \u0107e se rje\u0161avati, dodao je.<br><br>&#8211; \u0160to se ti\u010de cijena nafte da globalno gledaju\u0107i imamo veliku potra\u017enju. Ekonomski oporavak koji je sada u cijelom svijetu, kako idemo kraju Covid krize, sna\u017ean, a istodobno proizvodnja nafte u zemljama koje su najve\u0107i proizvo\u0111a\u010di ne prati taj rast potra\u017enje nego ima naznaka da \u0107e i pasti. Ako imate ve\u0107i rast potra\u017enje a manju ponudu logi\u010dno je da cijena ide gore. Mi smo nakon niza dana kada smo analizirali \u0161to da \u010dinimo imali naznake da bi ve\u0107 idu\u0107eg utorka moglo poskupjeti gorivo odlu\u010dili prevenirati daljnji udar na standard na\u0161ih gra\u0111ana. Stoga smo iskoristili \u0161to nam zakon o naftnim derivatima omogu\u0107uje, \u010dlanak 9, da Vlada mo\u017ee iznimno od reguliranja cijene koje tr\u017ei\u0161te radi u takvim okolnostima napraviti ovaj potez. U\u010dinili smo da je 11,10 kuna maksimalna cijena benzina, a dizela 11 kuna. Odluku smo donijeli na mjesec dana kako bismo dali stabilnost o\u010dekivanja na\u0161ih gra\u0111ana i gospodarstvenika u razdoblju pred nama, objasnio je premijer.<br><br>Na pitanje \u0161to ako cijene nafte nastavljaju i dalje divljati premijer je rekao kako \u0107e onda vidjeti \u0161to se jo\u0161 mo\u017ee u\u010diniti.<br><br>&#8211; Dr\u017eava ima odre\u0111ene alate, ima rezerve, ima partnere u onima koji su proizvo\u0111a\u010di i distributeri nafte. Mo\u017eemo o tome tra\u017eiti zajedni\u010dki rje\u0161enje i intervenirati kapo \u0161to smo intervenirali u svim krizama, rekao je Plenkovi\u0107.<br><br>&#8211; \u0160to je cijena manja, prihod dr\u017eavi od PDV-a je manji. Jedan dio \u0107e u ovoj fazi proizvo\u0111a\u010di i distributeri u okviru svoje mar\u017ee. U odnosu na cijene koje su sada 11,30 kuna, 11,40 kuna nisu to cijene koje se u tako kratkom roku ne bi mogle iznijeti na le\u0111ima onih koji imaju sasvim pristojne prihode u trgovini naftom, rekao je Plenkovi\u0107.<br><br>Na pitanje bi li naftni biznis mogao smanjiti mar\u017ee koje se\u017eu i preko dvije kune rekao je da na ovaj na\u010din i ho\u0107e.&nbsp;<br><br>&#8211; U njihovu mar\u017eu idu i neki njihovi tro\u0161kovi, nije to samo profit. Mislim da je ovo umjereno, u okvirima, da svi skupa mo\u017eemo nositi i Vlada koja je intervenirala i oni koji stavljaju gorivo na tr\u017ei\u0161te, a u kona\u010dnici i oni koji su mio najbitniji gospodarstvenici i gra\u0111ani.<\/p>\n\n\n\n<p><strong>O presudi za Fimi mediju<br><\/strong><br>Komentiraju\u0107i tezu oporbe kako bi cijene goriva i dalje nastavile rasti da nije bilo presude Vrhovnog suda o odgovornosti HDZ-a za korupciju u slu\u010daju Fimi media te da zazivaju ispriku, ostavke, prijevremene izbore, a u kona\u010dnici i kolika je \u0161tetu \u010dini presuda, premijer je bio sarkasti\u010dan.<br><br>&#8211; Sve \u0161to sam maloprije rekao da razgovaramo unutar Hervatske Vlade , resora, stru\u010dnjaka s kolegama premijerima iz drugih zemalja isklju\u010divo samo zato \u0161to su cijene nafte ni\u017ee, pa nemamo problem i zato \u0161to smo unaprijed znali kada \u0107e Vrhovni sud objaviti svoju presudu po \u017ealbi i potvrdi presudu \u017dupanijskog suda. Sve se ovo globalno odvija sam zbog HDZ-a , procesa koji se odnosi na razdoblje Ive Sanadera 2004.-2009.- u jednom pravnom postupku. Nismo ni\u0161ta drugo u \u017eivotu mi radili nego smo se samo s time bavili, sarkasti\u010dno je konstatirao premijer.<br><br>&#8211; To su bez ikakvog argumenta jeftine insinuacije oporbe, rekao je.<br><br><strong>Nema isprike, ni ostavke ni prijevremenih izbora<br><br><\/strong>&#8211; \u0160to se ti\u010de zazivanja isprike, ostavke, prijevremenih izbora ka\u017eem ne. Nema ostavke, prijevremenih izbora nema, isprike nema. I sad \u0107u argumentirati za\u0161to. HDZ se u ovoj pri\u010di kao pravna osoba na\u0161ao odgovoran po presudi \u017dupanijskog suda i sada potvr\u0111eno od Vrhovnog suda zbog zlouporabe polo\u017eaja slu\u017ebene osobe, dakle pojedinca. To je bio tada\u0161nji predsjednik HDZ-a i Vlade Ivo Sanader, to je \u010dlanak 291 stavak 1 i 2 kaznenog zakona, i HDZ-ova odgovornost je derivirana iz protuzakonitih postupanja pojedinca. Dana\u0161nji HDZ, HDZ koji ja vodim, a ja ga vodim kao predsjednik HDZ-a ve\u0107 vi\u0161e od 5 godina, i dva puta pobijedio na parlamentarnim izborima, dva puta dobio povjerenje gra\u0111ana, ja sam osobno dva puta izabran za predsjednika HDZ-a u demokratskoj proceduri. Moj protukandidat prije godinu i pol dana nije izba\u010den kroz prozor iz HDZ-a kao \u0161to je Grbin izbacio Bernardi\u0107a jer valjda imaju razlike u mi\u0161ljenjima. Kova\u010d je \u010dlan HDZ-a, Karamarko, Brki\u0107, Stier, Tolu\u0161i\u0107 su \u010dlanovi HDZ-a. Jedini koji nije u moje vrijeme vi\u0161e \u010dlan HDZ-a je Darko Milinovi\u0107 koji je prije par godina, kao \u0160olevi\u0107 u vrijeme jogurt revolucije, do\u0161ao pred HDZ s \u010detiri autobusa na\u0161ih dragih Li\u010dana. Ovi drugi koji su i\u0161li na listama drugih stranaka, Hasanbegovi\u0107 i Penava, oni po statutu prestaju biti \u010dlanovi. Za\u0161to to govorim? Jer nam dociraju oni koji imaju totalitarne manire, kao SDP. To je nezabilje\u017eeno da netko izbaci 18 zastupnika iz vlastitog kluba i ka\u017ee im dovi\u0111enja, a izbori su bili prakti\u010dki ju\u010der, rekao je Plenkovi\u0107.<br><br>Na pitanje o mogu\u0107oj ustavnoj tu\u017ebi na presudu rekao je kako je na HDZ i\u0161ao histeri\u010dni napad i od SDP-a i od Mo\u017eemo.<br><br>&#8211; Mo\u017eemo se koprca i prtlja, ne zna \u0161to je nadzorni odbor, \u0161to je uprava, tko donosi odluke u Zagreba\u010dkom Holdingu, pokazuje nedostatak kapaciteta upravljanja. Most koji radi cirkuse na festivalima slobode, oni \u0107e HDZ-u docirati o tome \u0161to bismo mi trebali \u010diniti ili ne. Ili \u0107e mi to mo\u017eda raditi Domovinski pokret \u010diji glavni tajnik u nekom stan\u010di\u0107u u Zagrebu tajno snima druge \u010dlanove DP-a da ovi to ne znaju. Za\u0161to to govorim? Va\u017eno je tko \u0161to govori. Ja ovo govorim kao predsjednik HDZ-a, kao netko tko nije ni bio \u010dlan HDZ-a kad se ovo sa Sanaderom doga\u0111alo. Mi \u0107emo po\u0161tovati pravni poredak, po\u0161tovati presudu Vrhovnog suda, platiti i nov\u010danu kaznu i odre\u0111eni drugi nov\u010dani iznos i rije\u0161iti stvar, rekao je premijer.<\/p>\n\n\n\n<div style=\"width: 640px;\" class=\"wp-video\"><video class=\"wp-video-shortcode\" id=\"video-75802-1\" width=\"640\" height=\"360\" preload=\"metadata\" controls=\"controls\"><source type=\"video\/mp4\" src=\"https:\/\/api.hrt.hr\/media\/b8\/45\/tvd2-gost-dnevnika-andrej-plenkovic-20211014192204.mp4?_=1\" \/><a href=\"https:\/\/api.hrt.hr\/media\/b8\/45\/tvd2-gost-dnevnika-andrej-plenkovic-20211014192204.mp4\">https:\/\/api.hrt.hr\/media\/b8\/45\/tvd2-gost-dnevnika-andrej-plenkovic-20211014192204.mp4<\/a><\/video><\/div>\n\n\n\n<p>Upitan od kuda 14 milijuna kuna za platiti te kako se pri\u010da da na ra\u010dunu imaju 20 milijuna kuna, Plenkovi\u0107 je rekao kako ne zna tko je to rekao.<br><br>&#8211; Kad sam postao predsjednik HDZ-a, HDZ je bio u dubokom minusu. Da bismo uop\u0107e iza\u0161li na izbore ja sam mora tada s glavnim tajnikom kredit da bismo uop\u0107e obavili kampanju. Mi od tada nemamo niti kredita, niti dugova, niti nepla\u0107enih ra\u010duna, odradili kampanje za parlamentarne, predsjedni\u010dke , kolane i europske izbore i u plusu smo., Nemamo nikakav problem kao stranka da rije\u0161imo i ovaj teret. Postoji procedura, nakon \u0161to se formalno dostavi presuda vidjet \u0107emo o \u010demu se radi, izra\u010dunat \u0107emo precizno iznos, razgovarat \u0107emo sa sudom, DORH-om i uplatiti u dr\u017eavni prora\u010dun ono \u0161to je presu\u0111eno i to radimo odgovorno. Ali nema nikakvog roka rehabilitacije za pravnu osobu. Politi\u010dka \u0161teta je pla\u0107ena 2011. godine na parlamentarnim izborima i to\u010dka, rekao je predsjednik Vlade.<\/p>\n\n\n\n<p><strong>O obnovi Banovine i Zagreba od potresa<br><\/strong><br>Upitan mo\u017ee li jam\u010diti ho\u0107e li ove izmjene zakona o obnovi ubrzati i pojednostaviti proceduru obnove Banovine i Zagreba Plenkovi\u0107 je rekao kako je to i cijeli smisao izmjena.<br><br>&#8211; Zakon smo donijeli na temelju \u0161irokog konsenzusa i stranaka. Sve \u0161to god je oporba tada sugerirala uva\u017eili na temelju inputa struke, od arhitekata, gra\u0111evinara, pravnika, konzervatora, nema struke koja nije u tome sudjelovala, me\u0111utim u praksi se pokazalo da se imovinsko-pravni odnosi tako zamr\u0161eni tako da proces jednostavno bio usporen. Sada smo napravili analizu, ponovno konzultirali sve, predlo\u017eili Saboru da se usvoji izmjene u hitnoj proceduri za koje vjerujemo da \u0107e ubrzati proces. Podsje\u0107am da smo ponudili pro\u0161le godine svima koji su odlu\u010dili ostati u svojim domovima na Banovini drugu vrstu smje\u0161taja koji nije u kontejneru nego da budu na primjerenom smje\u0161taju. Odabir dijela ljudi na Banovini je bio da sami \u017eele ostati tamo. Onda smo kontejnere, donacije opreme, ku\u0107ice koje su iz turisti\u010dkih sektora ljudi donirali, i kupili smo ne\u0161to kao dr\u017eava , napravili velike napore s potporom mnogih privatnih inicijativa \u0161to izrazito cijenimo. Nastojat \u0107emo u\u010diniti sve da zima koja dolazi pro\u0111e \u0161to bezbolnije za one koji su sami htjeli ostati tamo uz svoje blago, objasnio je Plenkovi\u0107.<br><br>Dodao je da su to bili veliki potresi.<br><br><strong>O sucu Dobroni\u0107u<\/strong><br><br>Na pitanje \u0161to mo\u017eemo o\u010dekivati od njega na funkciji premijer je odgovorio kako je ve\u0107 nekoliko puta rekao \u0161to je Milanovi\u0107eva vlada o\u010dekivala 2013. kada su tada tre\u0107i puta imenovali na istu funkciju tada\u0161njeg predsjednika Vrhovnog suda gospodina Hrvatina iz redova sudaca Vrhovnog suda.<br><br>&#8211; Nisam tada pro\u010ditao niti jedan komentar, niti jedan \u010dlanak niti jedan dramati\u010dna apel da \u0107e izbor predsjednika Vrhovnog suda biti ba\u0161 ta prijelomna to\u010dka reforme hrvatskog pravosu\u0111a. To su pri\u010de za malu djecu. Reformu pravosu\u0111a predla\u017ee Vlada svojim zakonskim aktima, donosi zakone Sabor, postoje odre\u0111eni programi, mjere, sve to u biti vi\u0161e manje radi izvr\u0161na vlast. Bolja organizacije pravosu\u0111a apsolutno, tu ulogu ima i predsjednik Vrhovnog suda. Ali nemojmo sada tu simboli\u010dnu ulogu \u010delnog \u010dovjeka Vrhovnog suda pretvarati u ne znam kakvu golemu reformu hrvatskog pravosu\u0111a. To nije to\u010dno, to svaki pravnik zna,rekao je Plenkovi\u0107.<br><br>&#8211; \u0160to se ti\u010de gospodina Dobroni\u0107a, on je sudac Trgova\u010dkog suda, u zreloj je dobi, vjerujem da ima dobre namjere, mislim da je \u010dovjek integriteta, mi \u0107emo ga podr\u017eati, podr\u017eat \u0107e ga parlamentarna ve\u0107ina, a&nbsp; koliko shva\u0107am i ve\u0107ina drugih klubova u Saboru i \u017eelimo mu uspjeh u radu. On je neovisan, dodao je.<br><br><strong>O du\u017eini trajanja izbora predsjednika Vrhovnog suda<br><\/strong><br>&#8211; Predsjednik Milanovi\u0107 je kandidirao prije nekoliko mjeseci profesoricu \u0110ur\u0111evi\u0107 suprotno onome \u0161to nala\u017ee Ustav i \u0161to nala\u017ee Zakon o sudovima, \u0161to je u kona\u010dnici rekao i Ustavni sud te nema tu nikakve sage. Nakon toga netko tko je htio biti predsjednik Vrhovnog suda u protuzakonitoj proceduri nije dobio potporu. I\u0161li smo s tezom sve ove mjesece da HDZ utje\u010de na pravosu\u0111e, da je pravosu\u0111e HDZ-ovo, da je \u0160eksovo, da smo mi neki ajatolasi. Pa ako smo mi ajatolasi pravosu\u0111a pa valjda bi onda ju\u010der Vrhovni sud barem ukinuo presudu \u017dupanijskog suda i vratio na ponovno su\u0111enje ili bi mo\u017eda preina\u010dio i oslobodio HDZ. Te nebulozne teze u eteru, zlonamjerne, la\u017ene, bezobrazne da mi utje\u010demo na pravosu\u0111e ne stoje i zato cijela ta pri\u010da ima vi\u0161e politi\u010dki nego pravni karakter. Gospodinu Dobroni\u0107u, ako ga sutra Sabor izabere, \u017eelimo puno uspjeha, rekao je premijer.<\/p>\n\n\n\n<p><strong>O Zagrebu, Holdingu i gradskoj vlasti<br><\/strong><br>Na tezu da HDZ-ovci i Bandi\u0107evci \u017eele isprovocirati prijevremene izbore u Zagrebu.<br><br>&#8211; Ako je teza o tome da se sazove sjednica Gradske skup\u0161tine pa se raspravlja o stanju u Holdingu ne vidim ba\u0161 da \u0107e to munjevito dovesti do prijevremenih izbora. Uop\u0107e mi nije jasno odakle takva teza. Mo\u017eemo je zajedno s SDP-om dobio veliku potporu na lokalnim izborima prije nekoliko mjeseci. To su takvi politi\u010dki trenuci, postojalo je naslije\u0111e biv\u0161eg gradona\u010delnika, stvorilo se takvo ozra\u010dje, imali su svu mogu\u0107u potporu medijskog svijeta i niza drugih aktera da \u0107e oni sada svojim vrhunaravnim entuzijazmom rije\u0161iti sve probleme grada Zagreba. Sada kada su preuzeli odgovornost shva\u0107aju da je jedno biti aktivist koji se iz nevladine udruge transformirao u neku politi\u010dku opciju i sada imaju teret odgovornosti. Mi smo tu da im pomognemo. Vlada RH poma\u017ee gradu. Ne znam da je Zagreb ne\u0161to vi\u0161e od Mo\u017eemo nego \u0161to je od HDZ-a ili od mene kao ro\u0111enog Zagrep\u010danina. Ne znam po \u010demu. Mi smo zbog toga donijeli odluku o 400 milijuna kuna beskamatnih zajmova, 150 milijuna kuna je dato za likvidnost gradu Zagrebu. Pomo\u0107i \u0107emo na razne na\u010dine, oni su se zaprtljali i zapetljali s Holdingom. Treba se znati \u0161top radi nadzorni odbor, \u0161to radi uprava, \u0161to radi skup\u0161tina, to su sve abecede upravljanja, tu o\u010dito ima problema. \u0160to je poanta onoga \u0161to govorim? Oni nisu prezali od lakonskih optu\u017ebi. Danas gospo\u0111a Ben\u010di\u0107 optu\u017euje HDZ za korupciju kako da je to nekakva sitnica, na na\u010din kao da se sada ne\u0161to zbiva. Mi \u0107emo im pomo\u0107i jer poma\u017eemo Zagrebu, a on i neka se organiziraju. Ne prihva\u0107amo lakonske politi\u010dke etikete, rekao je premijer.<\/p>\n\n\n\n<p><strong>O Covid potvrdama i testiranjima na Covid<\/strong><br><br>Upitan kad \u0107e prvi otkazi u sustavu zdravstva i socijale za one koji se ne \u017eele testirati rekao je kako je u zdravstvenom sustavu 70.00 ljudi, a samo 22 se odbilo testirati.<br><br>&#8211; Covid potvrda nije prisila za cijepljenje. Dr\u017eava ne name\u0107e obvezu cijepljenja. Covid potvrda zna\u010di ili ste&nbsp; cijepljeni ili ste preboljeli ili ste se testirati. Postoji pravna osnova za davanje otkaza u radno pravnom smislu. To nije sporno, ali nije to poanta. Poanta je da se 22 osobe te\u0161ko testirati sekundu da vidi ima li Covid ili nema. Svatko tko je razuman i radi u zdravstvenoj ustanovi, dolaze ljudi koji su krhkog zdravlja, pacijenti, koji mo\u017ee zaraziti njih, sebe, ima nekakvu odgovornost, ne osobnog odabira nego zdravog razuma prema sebi, drugome i prema profesiji koju radi. Ja to vidim tako, rekao je Plenkovi\u0107.<br><br>&#8211; Covid potvrda upravo slu\u017ei za to. Dr\u017eava nikog niti \u0107e ikog prisiljavati da se cijepi, ali test? Pa nemojmo biti neozbiljni, kakav je to problem? Koji osobni odabir? \u0160to to \u010dovjek gubi s testom za Covid? Ni\u0161ta, To su smije\u0161ne pri\u010de. Ja sam protiv toga, naglasio je.<\/p>\n\n\n\n<p><strong>O ilegalnim migracijama<\/strong><\/p>\n\n\n\n<p>Na pitanje kako u\u010dinkovito za\u0161tititi granicu, ali uz striktno po\u0161tivanje ljudskih prava ilegalnih migranata premijer je rekao kako bi je najbolje bilo&nbsp;za\u0161titi izme\u0111u Gr\u010dke i Turske, Bugarske i Turske, Bjelorusije i Litve ili na granici \u0160panjolske prema Africi ili pak nekakvim obalnim stra\u017eama ili brodovima za srednjomediteransku rutu.<br><br>&#8211; Hrvatska je na isto\u010dnomediteranskoj, zapadno balkanskoj ruti , jedan dio ljudi nelegalno pre\u0111e te granice, uspije temeljem navo\u0111enja od strane krijum\u010dara do\u0107i do zapadnog dijela BiH i onda nastoji prije\u0107i na\u0161u granicu. Ja sam rekao nekoliko puta politi\u010dki: mi ne \u017eelimo graditi \u017eicu i stavljati \u017eicu izme\u0111u Hrvatske i BiH. Nama je BiH prijateljska, susjedna dr\u017eava, u njoj su , izme\u0111u ostaloga i Hrvati konstitutivan narod i ne \u017eelimo dizati \u017eicu s nekim do koga nam je stalo. Ovo je situacija u kojoj 6500 hrvatski policajaca \u010duva ve\u0107 godinama granicu koja je duga vi\u0161e od 1000 kilometara. To je vrlo te\u0161ko, ministar Bo\u017einovi\u0107 je podnio izvje\u0161\u0107e, glavni ravnatelj policije podnio izvje\u0161\u0107e, oni tvrde da nema nikakvoga naloga za primjenu sile, da je rije\u010d o izoliranom slu\u010daju, da su poduzeli mjere protiv trojice policajaca koje smo vidjeli na onoj snimci i da \u010dine sve napore da se granica \u0161titi, da se hrvatski teritorij \u0161titi, a da se nikakva prekomjerna uporaba sile ne koristi prema nezakonitim migrantima, rekao je Plenkovi\u0107.<br><br>A Schengen je cilj jednako kao i europodru\u010dje da budu politi\u010dka ostav\u0161tina korisna za gra\u0111ane na\u0161e druge Vlade, rekao je zavr\u0161no premijer Plenkovi\u0107.<\/p>\n\n\n\n<p>Izvor:hrt.hr<\/p>\n","protected":false},"excerpt":{"rendered":"<p>U Dnevniku HTV-a o svim aktualnim temama s premijerom&nbsp;Andrejom Plenkovi\u0107em&nbsp;razgovarao je novinar HTV-a&nbsp;Branko Na\u0111vinski. Govore\u0107i za\u0161to je Vlada posegnula za Uredbom na 30 dana, a zakonski je maksimalno 90 dana, Plenkovi\u0107 je rekao kako se temom cijene energenata, porastom cijene nafte bavimo se zadnjih nekoliko tjedana. &#8211; Svi moji me\u0111unarodni kontakti od po\u010detka rujna zavr\u0161avaju [&hellip;]<\/p>\n","protected":false},"author":2,"featured_media":75803,"comment_status":"closed","ping_status":"closed","sticky":false,"template":"","format":"standard","meta":{"h5ap_radio_sources":[],"footnotes":""},"categories":[1],"tags":[],"class_list":["post-75802","post","type-post","status-publish","format-standard","has-post-thumbnail","hentry","category-bihiregija"],"yoast_head":"<!-- This site is optimized with the Yoast SEO plugin v27.4 - https:\/\/yoast.com\/product\/yoast-seo-wordpress\/ -->\n<title>Plenkovi\u0107 u Dnevniku HTV-a: Nema isprike, ni ostavke ni prijevremenih izbora - RADIO LJUBU\u0160KI<\/title>\n<meta name=\"robots\" content=\"index, follow, max-snippet:-1, max-image-preview:large, max-video-preview:-1\" \/>\n<link rel=\"canonical\" href=\"https:\/\/radioljubuski.ba\/index.php\/2021\/10\/14\/plenkovic-u-dnevniku-htv-a-nema-isprike-ni-ostavke-ni-prijevremenih-izbora\/\" \/>\n<meta property=\"og:locale\" content=\"hr_HR\" \/>\n<meta property=\"og:type\" content=\"article\" \/>\n<meta property=\"og:title\" content=\"Plenkovi\u0107 u Dnevniku HTV-a: Nema isprike, ni ostavke ni prijevremenih izbora - RADIO LJUBU\u0160KI\" \/>\n<meta property=\"og:description\" content=\"U Dnevniku HTV-a o svim aktualnim temama s premijerom&nbsp;Andrejom Plenkovi\u0107em&nbsp;razgovarao je novinar HTV-a&nbsp;Branko Na\u0111vinski. Govore\u0107i za\u0161to je Vlada posegnula za Uredbom na 30 dana, a zakonski je maksimalno 90 dana, Plenkovi\u0107 je rekao kako se temom cijene energenata, porastom cijene nafte bavimo se zadnjih nekoliko tjedana. &#8211; Svi moji me\u0111unarodni kontakti od po\u010detka rujna zavr\u0161avaju [&hellip;]\" \/>\n<meta property=\"og:url\" content=\"https:\/\/radioljubuski.ba\/index.php\/2021\/10\/14\/plenkovic-u-dnevniku-htv-a-nema-isprike-ni-ostavke-ni-prijevremenih-izbora\/\" \/>\n<meta property=\"og:site_name\" content=\"RADIO LJUBU\u0160KI\" \/>\n<meta property=\"article:publisher\" content=\"https:\/\/www.facebook.com\/Radiio-Ljubuski-1490835324566332\" \/>\n<meta property=\"article:published_time\" content=\"2021-10-14T22:00:14+00:00\" \/>\n<meta property=\"article:modified_time\" content=\"2021-10-14T22:00:16+00:00\" \/>\n<meta property=\"og:image\" content=\"https:\/\/radioljubuski.ba\/wp-content\/uploads\/2021\/10\/t-tvd2-gost-dnevnika-andrej-plenkovic-20211014192204.jpg\" \/>\n\t<meta property=\"og:image:width\" content=\"1280\" \/>\n\t<meta property=\"og:image:height\" content=\"720\" \/>\n\t<meta property=\"og:image:type\" content=\"image\/jpeg\" \/>\n<meta name=\"author\" content=\"Radio Ljubu\u0161ki\" \/>\n<meta name=\"twitter:card\" content=\"summary_large_image\" \/>\n<meta name=\"twitter:creator\" content=\"@radioljubuski\" \/>\n<meta name=\"twitter:site\" content=\"@radioljubuski\" \/>\n<meta name=\"twitter:label1\" content=\"Napisao\/la\" \/>\n\t<meta name=\"twitter:data1\" content=\"Radio Ljubu\u0161ki\" \/>\n\t<meta name=\"twitter:label2\" content=\"Procijenjeno vrijeme \u010ditanja\" \/>\n\t<meta name=\"twitter:data2\" content=\"11 minuta\" \/>\n<script type=\"application\/ld+json\" class=\"yoast-schema-graph\">{\"@context\":\"https:\\\/\\\/schema.org\",\"@graph\":[{\"@type\":\"Article\",\"@id\":\"https:\\\/\\\/radioljubuski.ba\\\/index.php\\\/2021\\\/10\\\/14\\\/plenkovic-u-dnevniku-htv-a-nema-isprike-ni-ostavke-ni-prijevremenih-izbora\\\/#article\",\"isPartOf\":{\"@id\":\"https:\\\/\\\/radioljubuski.ba\\\/index.php\\\/2021\\\/10\\\/14\\\/plenkovic-u-dnevniku-htv-a-nema-isprike-ni-ostavke-ni-prijevremenih-izbora\\\/\"},\"author\":{\"name\":\"Radio Ljubu\u0161ki\",\"@id\":\"https:\\\/\\\/radioljubuski.ba\\\/#\\\/schema\\\/person\\\/19fc700381a780f69665d7956c469e3b\"},\"headline\":\"Plenkovi\u0107 u Dnevniku HTV-a: Nema isprike, ni ostavke ni prijevremenih izbora\",\"datePublished\":\"2021-10-14T22:00:14+00:00\",\"dateModified\":\"2021-10-14T22:00:16+00:00\",\"mainEntityOfPage\":{\"@id\":\"https:\\\/\\\/radioljubuski.ba\\\/index.php\\\/2021\\\/10\\\/14\\\/plenkovic-u-dnevniku-htv-a-nema-isprike-ni-ostavke-ni-prijevremenih-izbora\\\/\"},\"wordCount\":2780,\"publisher\":{\"@id\":\"https:\\\/\\\/radioljubuski.ba\\\/#organization\"},\"image\":{\"@id\":\"https:\\\/\\\/radioljubuski.ba\\\/index.php\\\/2021\\\/10\\\/14\\\/plenkovic-u-dnevniku-htv-a-nema-isprike-ni-ostavke-ni-prijevremenih-izbora\\\/#primaryimage\"},\"thumbnailUrl\":\"https:\\\/\\\/radioljubuski.ba\\\/wp-content\\\/uploads\\\/2021\\\/10\\\/t-tvd2-gost-dnevnika-andrej-plenkovic-20211014192204.jpg\",\"articleSection\":[\"BIH i regija\"],\"inLanguage\":\"hr\"},{\"@type\":\"WebPage\",\"@id\":\"https:\\\/\\\/radioljubuski.ba\\\/index.php\\\/2021\\\/10\\\/14\\\/plenkovic-u-dnevniku-htv-a-nema-isprike-ni-ostavke-ni-prijevremenih-izbora\\\/\",\"url\":\"https:\\\/\\\/radioljubuski.ba\\\/index.php\\\/2021\\\/10\\\/14\\\/plenkovic-u-dnevniku-htv-a-nema-isprike-ni-ostavke-ni-prijevremenih-izbora\\\/\",\"name\":\"Plenkovi\u0107 u Dnevniku HTV-a: Nema isprike, ni ostavke ni prijevremenih izbora - RADIO LJUBU\u0160KI\",\"isPartOf\":{\"@id\":\"https:\\\/\\\/radioljubuski.ba\\\/#website\"},\"primaryImageOfPage\":{\"@id\":\"https:\\\/\\\/radioljubuski.ba\\\/index.php\\\/2021\\\/10\\\/14\\\/plenkovic-u-dnevniku-htv-a-nema-isprike-ni-ostavke-ni-prijevremenih-izbora\\\/#primaryimage\"},\"image\":{\"@id\":\"https:\\\/\\\/radioljubuski.ba\\\/index.php\\\/2021\\\/10\\\/14\\\/plenkovic-u-dnevniku-htv-a-nema-isprike-ni-ostavke-ni-prijevremenih-izbora\\\/#primaryimage\"},\"thumbnailUrl\":\"https:\\\/\\\/radioljubuski.ba\\\/wp-content\\\/uploads\\\/2021\\\/10\\\/t-tvd2-gost-dnevnika-andrej-plenkovic-20211014192204.jpg\",\"datePublished\":\"2021-10-14T22:00:14+00:00\",\"dateModified\":\"2021-10-14T22:00:16+00:00\",\"breadcrumb\":{\"@id\":\"https:\\\/\\\/radioljubuski.ba\\\/index.php\\\/2021\\\/10\\\/14\\\/plenkovic-u-dnevniku-htv-a-nema-isprike-ni-ostavke-ni-prijevremenih-izbora\\\/#breadcrumb\"},\"inLanguage\":\"hr\",\"potentialAction\":[{\"@type\":\"ReadAction\",\"target\":[\"https:\\\/\\\/radioljubuski.ba\\\/index.php\\\/2021\\\/10\\\/14\\\/plenkovic-u-dnevniku-htv-a-nema-isprike-ni-ostavke-ni-prijevremenih-izbora\\\/\"]}]},{\"@type\":\"ImageObject\",\"inLanguage\":\"hr\",\"@id\":\"https:\\\/\\\/radioljubuski.ba\\\/index.php\\\/2021\\\/10\\\/14\\\/plenkovic-u-dnevniku-htv-a-nema-isprike-ni-ostavke-ni-prijevremenih-izbora\\\/#primaryimage\",\"url\":\"https:\\\/\\\/radioljubuski.ba\\\/wp-content\\\/uploads\\\/2021\\\/10\\\/t-tvd2-gost-dnevnika-andrej-plenkovic-20211014192204.jpg\",\"contentUrl\":\"https:\\\/\\\/radioljubuski.ba\\\/wp-content\\\/uploads\\\/2021\\\/10\\\/t-tvd2-gost-dnevnika-andrej-plenkovic-20211014192204.jpg\",\"width\":1280,\"height\":720},{\"@type\":\"BreadcrumbList\",\"@id\":\"https:\\\/\\\/radioljubuski.ba\\\/index.php\\\/2021\\\/10\\\/14\\\/plenkovic-u-dnevniku-htv-a-nema-isprike-ni-ostavke-ni-prijevremenih-izbora\\\/#breadcrumb\",\"itemListElement\":[{\"@type\":\"ListItem\",\"position\":1,\"name\":\"Po\u010detna stranica\",\"item\":\"https:\\\/\\\/radioljubuski.ba\\\/\"},{\"@type\":\"ListItem\",\"position\":2,\"name\":\"Plenkovi\u0107 u Dnevniku HTV-a: Nema isprike, ni ostavke ni prijevremenih izbora\"}]},{\"@type\":\"WebSite\",\"@id\":\"https:\\\/\\\/radioljubuski.ba\\\/#website\",\"url\":\"https:\\\/\\\/radioljubuski.ba\\\/\",\"name\":\"Radio Ljubu\u0161ki\",\"description\":\"Sun\u010dana frekvencija Hercegovine\",\"publisher\":{\"@id\":\"https:\\\/\\\/radioljubuski.ba\\\/#organization\"},\"potentialAction\":[{\"@type\":\"SearchAction\",\"target\":{\"@type\":\"EntryPoint\",\"urlTemplate\":\"https:\\\/\\\/radioljubuski.ba\\\/?s={search_term_string}\"},\"query-input\":{\"@type\":\"PropertyValueSpecification\",\"valueRequired\":true,\"valueName\":\"search_term_string\"}}],\"inLanguage\":\"hr\"},{\"@type\":\"Organization\",\"@id\":\"https:\\\/\\\/radioljubuski.ba\\\/#organization\",\"name\":\"Radio Ljubu\u0161ki\",\"url\":\"https:\\\/\\\/radioljubuski.ba\\\/\",\"logo\":{\"@type\":\"ImageObject\",\"inLanguage\":\"hr\",\"@id\":\"https:\\\/\\\/radioljubuski.ba\\\/#\\\/schema\\\/logo\\\/image\\\/\",\"url\":\"https:\\\/\\\/radioljubuski.ba\\\/wp-content\\\/uploads\\\/2021\\\/02\\\/cropped-Radio_Ljubuski_logo1.jpg\",\"contentUrl\":\"https:\\\/\\\/radioljubuski.ba\\\/wp-content\\\/uploads\\\/2021\\\/02\\\/cropped-Radio_Ljubuski_logo1.jpg\",\"width\":512,\"height\":512,\"caption\":\"Radio Ljubu\u0161ki\"},\"image\":{\"@id\":\"https:\\\/\\\/radioljubuski.ba\\\/#\\\/schema\\\/logo\\\/image\\\/\"},\"sameAs\":[\"https:\\\/\\\/www.facebook.com\\\/Radiio-Ljubuski-1490835324566332\",\"https:\\\/\\\/x.com\\\/radioljubuski\",\"https:\\\/\\\/hr.linkedin.com\\\/company\\\/radio-ljubuski\",\"https:\\\/\\\/www.youtube.com\\\/channel\\\/UCHYaeO_n0Db3tjNGudGpXyw\"]},{\"@type\":\"Person\",\"@id\":\"https:\\\/\\\/radioljubuski.ba\\\/#\\\/schema\\\/person\\\/19fc700381a780f69665d7956c469e3b\",\"name\":\"Radio Ljubu\u0161ki\"}]}<\/script>\n<!-- \/ Yoast SEO plugin. -->","yoast_head_json":{"title":"Plenkovi\u0107 u Dnevniku HTV-a: Nema isprike, ni ostavke ni prijevremenih izbora - RADIO LJUBU\u0160KI","robots":{"index":"index","follow":"follow","max-snippet":"max-snippet:-1","max-image-preview":"max-image-preview:large","max-video-preview":"max-video-preview:-1"},"canonical":"https:\/\/radioljubuski.ba\/index.php\/2021\/10\/14\/plenkovic-u-dnevniku-htv-a-nema-isprike-ni-ostavke-ni-prijevremenih-izbora\/","og_locale":"hr_HR","og_type":"article","og_title":"Plenkovi\u0107 u Dnevniku HTV-a: Nema isprike, ni ostavke ni prijevremenih izbora - RADIO LJUBU\u0160KI","og_description":"U Dnevniku HTV-a o svim aktualnim temama s premijerom&nbsp;Andrejom Plenkovi\u0107em&nbsp;razgovarao je novinar HTV-a&nbsp;Branko Na\u0111vinski. Govore\u0107i za\u0161to je Vlada posegnula za Uredbom na 30 dana, a zakonski je maksimalno 90 dana, Plenkovi\u0107 je rekao kako se temom cijene energenata, porastom cijene nafte bavimo se zadnjih nekoliko tjedana. &#8211; Svi moji me\u0111unarodni kontakti od po\u010detka rujna zavr\u0161avaju [&hellip;]","og_url":"https:\/\/radioljubuski.ba\/index.php\/2021\/10\/14\/plenkovic-u-dnevniku-htv-a-nema-isprike-ni-ostavke-ni-prijevremenih-izbora\/","og_site_name":"RADIO LJUBU\u0160KI","article_publisher":"https:\/\/www.facebook.com\/Radiio-Ljubuski-1490835324566332","article_published_time":"2021-10-14T22:00:14+00:00","article_modified_time":"2021-10-14T22:00:16+00:00","og_image":[{"width":1280,"height":720,"url":"https:\/\/radioljubuski.ba\/wp-content\/uploads\/2021\/10\/t-tvd2-gost-dnevnika-andrej-plenkovic-20211014192204.jpg","type":"image\/jpeg"}],"author":"Radio Ljubu\u0161ki","twitter_card":"summary_large_image","twitter_creator":"@radioljubuski","twitter_site":"@radioljubuski","twitter_misc":{"Napisao\/la":"Radio Ljubu\u0161ki","Procijenjeno vrijeme \u010ditanja":"11 minuta"},"schema":{"@context":"https:\/\/schema.org","@graph":[{"@type":"Article","@id":"https:\/\/radioljubuski.ba\/index.php\/2021\/10\/14\/plenkovic-u-dnevniku-htv-a-nema-isprike-ni-ostavke-ni-prijevremenih-izbora\/#article","isPartOf":{"@id":"https:\/\/radioljubuski.ba\/index.php\/2021\/10\/14\/plenkovic-u-dnevniku-htv-a-nema-isprike-ni-ostavke-ni-prijevremenih-izbora\/"},"author":{"name":"Radio Ljubu\u0161ki","@id":"https:\/\/radioljubuski.ba\/#\/schema\/person\/19fc700381a780f69665d7956c469e3b"},"headline":"Plenkovi\u0107 u Dnevniku HTV-a: Nema isprike, ni ostavke ni prijevremenih izbora","datePublished":"2021-10-14T22:00:14+00:00","dateModified":"2021-10-14T22:00:16+00:00","mainEntityOfPage":{"@id":"https:\/\/radioljubuski.ba\/index.php\/2021\/10\/14\/plenkovic-u-dnevniku-htv-a-nema-isprike-ni-ostavke-ni-prijevremenih-izbora\/"},"wordCount":2780,"publisher":{"@id":"https:\/\/radioljubuski.ba\/#organization"},"image":{"@id":"https:\/\/radioljubuski.ba\/index.php\/2021\/10\/14\/plenkovic-u-dnevniku-htv-a-nema-isprike-ni-ostavke-ni-prijevremenih-izbora\/#primaryimage"},"thumbnailUrl":"https:\/\/radioljubuski.ba\/wp-content\/uploads\/2021\/10\/t-tvd2-gost-dnevnika-andrej-plenkovic-20211014192204.jpg","articleSection":["BIH i regija"],"inLanguage":"hr"},{"@type":"WebPage","@id":"https:\/\/radioljubuski.ba\/index.php\/2021\/10\/14\/plenkovic-u-dnevniku-htv-a-nema-isprike-ni-ostavke-ni-prijevremenih-izbora\/","url":"https:\/\/radioljubuski.ba\/index.php\/2021\/10\/14\/plenkovic-u-dnevniku-htv-a-nema-isprike-ni-ostavke-ni-prijevremenih-izbora\/","name":"Plenkovi\u0107 u Dnevniku HTV-a: Nema isprike, ni ostavke ni prijevremenih izbora - RADIO LJUBU\u0160KI","isPartOf":{"@id":"https:\/\/radioljubuski.ba\/#website"},"primaryImageOfPage":{"@id":"https:\/\/radioljubuski.ba\/index.php\/2021\/10\/14\/plenkovic-u-dnevniku-htv-a-nema-isprike-ni-ostavke-ni-prijevremenih-izbora\/#primaryimage"},"image":{"@id":"https:\/\/radioljubuski.ba\/index.php\/2021\/10\/14\/plenkovic-u-dnevniku-htv-a-nema-isprike-ni-ostavke-ni-prijevremenih-izbora\/#primaryimage"},"thumbnailUrl":"https:\/\/radioljubuski.ba\/wp-content\/uploads\/2021\/10\/t-tvd2-gost-dnevnika-andrej-plenkovic-20211014192204.jpg","datePublished":"2021-10-14T22:00:14+00:00","dateModified":"2021-10-14T22:00:16+00:00","breadcrumb":{"@id":"https:\/\/radioljubuski.ba\/index.php\/2021\/10\/14\/plenkovic-u-dnevniku-htv-a-nema-isprike-ni-ostavke-ni-prijevremenih-izbora\/#breadcrumb"},"inLanguage":"hr","potentialAction":[{"@type":"ReadAction","target":["https:\/\/radioljubuski.ba\/index.php\/2021\/10\/14\/plenkovic-u-dnevniku-htv-a-nema-isprike-ni-ostavke-ni-prijevremenih-izbora\/"]}]},{"@type":"ImageObject","inLanguage":"hr","@id":"https:\/\/radioljubuski.ba\/index.php\/2021\/10\/14\/plenkovic-u-dnevniku-htv-a-nema-isprike-ni-ostavke-ni-prijevremenih-izbora\/#primaryimage","url":"https:\/\/radioljubuski.ba\/wp-content\/uploads\/2021\/10\/t-tvd2-gost-dnevnika-andrej-plenkovic-20211014192204.jpg","contentUrl":"https:\/\/radioljubuski.ba\/wp-content\/uploads\/2021\/10\/t-tvd2-gost-dnevnika-andrej-plenkovic-20211014192204.jpg","width":1280,"height":720},{"@type":"BreadcrumbList","@id":"https:\/\/radioljubuski.ba\/index.php\/2021\/10\/14\/plenkovic-u-dnevniku-htv-a-nema-isprike-ni-ostavke-ni-prijevremenih-izbora\/#breadcrumb","itemListElement":[{"@type":"ListItem","position":1,"name":"Po\u010detna stranica","item":"https:\/\/radioljubuski.ba\/"},{"@type":"ListItem","position":2,"name":"Plenkovi\u0107 u Dnevniku HTV-a: Nema isprike, ni ostavke ni prijevremenih izbora"}]},{"@type":"WebSite","@id":"https:\/\/radioljubuski.ba\/#website","url":"https:\/\/radioljubuski.ba\/","name":"Radio Ljubu\u0161ki","description":"Sun\u010dana frekvencija Hercegovine","publisher":{"@id":"https:\/\/radioljubuski.ba\/#organization"},"potentialAction":[{"@type":"SearchAction","target":{"@type":"EntryPoint","urlTemplate":"https:\/\/radioljubuski.ba\/?s={search_term_string}"},"query-input":{"@type":"PropertyValueSpecification","valueRequired":true,"valueName":"search_term_string"}}],"inLanguage":"hr"},{"@type":"Organization","@id":"https:\/\/radioljubuski.ba\/#organization","name":"Radio Ljubu\u0161ki","url":"https:\/\/radioljubuski.ba\/","logo":{"@type":"ImageObject","inLanguage":"hr","@id":"https:\/\/radioljubuski.ba\/#\/schema\/logo\/image\/","url":"https:\/\/radioljubuski.ba\/wp-content\/uploads\/2021\/02\/cropped-Radio_Ljubuski_logo1.jpg","contentUrl":"https:\/\/radioljubuski.ba\/wp-content\/uploads\/2021\/02\/cropped-Radio_Ljubuski_logo1.jpg","width":512,"height":512,"caption":"Radio Ljubu\u0161ki"},"image":{"@id":"https:\/\/radioljubuski.ba\/#\/schema\/logo\/image\/"},"sameAs":["https:\/\/www.facebook.com\/Radiio-Ljubuski-1490835324566332","https:\/\/x.com\/radioljubuski","https:\/\/hr.linkedin.com\/company\/radio-ljubuski","https:\/\/www.youtube.com\/channel\/UCHYaeO_n0Db3tjNGudGpXyw"]},{"@type":"Person","@id":"https:\/\/radioljubuski.ba\/#\/schema\/person\/19fc700381a780f69665d7956c469e3b","name":"Radio Ljubu\u0161ki"}]}},"_links":{"self":[{"href":"https:\/\/radioljubuski.ba\/index.php\/wp-json\/wp\/v2\/posts\/75802","targetHints":{"allow":["GET"]}}],"collection":[{"href":"https:\/\/radioljubuski.ba\/index.php\/wp-json\/wp\/v2\/posts"}],"about":[{"href":"https:\/\/radioljubuski.ba\/index.php\/wp-json\/wp\/v2\/types\/post"}],"author":[{"embeddable":true,"href":"https:\/\/radioljubuski.ba\/index.php\/wp-json\/wp\/v2\/users\/2"}],"replies":[{"embeddable":true,"href":"https:\/\/radioljubuski.ba\/index.php\/wp-json\/wp\/v2\/comments?post=75802"}],"version-history":[{"count":1,"href":"https:\/\/radioljubuski.ba\/index.php\/wp-json\/wp\/v2\/posts\/75802\/revisions"}],"predecessor-version":[{"id":75804,"href":"https:\/\/radioljubuski.ba\/index.php\/wp-json\/wp\/v2\/posts\/75802\/revisions\/75804"}],"wp:featuredmedia":[{"embeddable":true,"href":"https:\/\/radioljubuski.ba\/index.php\/wp-json\/wp\/v2\/media\/75803"}],"wp:attachment":[{"href":"https:\/\/radioljubuski.ba\/index.php\/wp-json\/wp\/v2\/media?parent=75802"}],"wp:term":[{"taxonomy":"category","embeddable":true,"href":"https:\/\/radioljubuski.ba\/index.php\/wp-json\/wp\/v2\/categories?post=75802"},{"taxonomy":"post_tag","embeddable":true,"href":"https:\/\/radioljubuski.ba\/index.php\/wp-json\/wp\/v2\/tags?post=75802"}],"curies":[{"name":"wp","href":"https:\/\/api.w.org\/{rel}","templated":true}]}}