{"id":75808,"date":"2021-10-14T23:04:05","date_gmt":"2021-10-14T22:04:05","guid":{"rendered":"https:\/\/radioljubuski.ba\/?p=75808"},"modified":"2021-10-14T23:04:07","modified_gmt":"2021-10-14T22:04:07","slug":"bolnice-sve-punije-otvaraju-se-dodatni-covid-odjeli","status":"publish","type":"post","link":"https:\/\/radioljubuski.ba\/index.php\/2021\/10\/14\/bolnice-sve-punije-otvaraju-se-dodatni-covid-odjeli\/","title":{"rendered":"Bolnice sve punije &#8211; otvaraju se dodatni COVID odjeli"},"content":{"rendered":"\n<p><strong>Nakon \u0161to smo ju\u010der imali vi\u0161e od 2000 novozara\u017eenih, danas ih je malo manje &#8211; 1851. Preminulo je 18 osoba. U bolnicama je sve vi\u0161e oboljelih &#8211; trenuta\u010dno 871, od \u010dega 122 na respiratoru. U mnogim bolnicama otvaraju se dodatni COVID odjeli.<\/strong><\/p>\n\n\n\n<p>Broj zara\u017eenih raste, ali ne i broj cijepljenih prvom dozom. Sve je vi\u0161e hospitaliziranih.<br><br>&#8211; Kontinuirano raste broj pacijenata na intenzivnom lije\u010denju, a udio hospitaliziranih na respiratoru dosegnuo je 15 posto, rekao je\u00a0<strong>Tomislav Dulibi\u0107,\u00a0<\/strong>dr\u017eavni tajnik u Ministarstvu zdravstva.<br><br>U KBC-u Rijeka 59 je hospitaliziranih, pritisak je sve ve\u0107i pa je ponovno otvoren COVID odjel u Klinici za infektivne bolesti.<br><br>&#8211; Klinika za infektivne bolesti pretvorena je u COVID odjel, osim pove\u0107anja krevetnih kapaciteta sad smo s ovim sigurni na neko vrijeme da pokrivamo sve mogu\u0107e potrebe. Ova organizacija nam omogu\u0107ava i \u0161irenje trija\u017ene ambulante odnosno bolje uvjete za sam prijem i obradu bolesnika s obzirom na pove\u0107an broj koji bilje\u017eimo posljednjih tjedana, rekao je<strong>\u00a0Alen Ru\u017ei\u0107,<\/strong>\u00a0ravnatelj KBC-a Rijeka.<br><br>COVID odjeli pove\u0107avaju se i u KBC-u Zagreb.<br><br>&#8211; U KBC-u Zagreb unutar klinike Jordanovac upravo je ju\u010der otvoren dodatni odjel zbog potrebe za dodatnim kapacitetima jer imamo sve vi\u0161e zara\u017eenih koji zahtijevaju hospitalizaciju, a time naravno i sve vi\u0161e te\u017eih klini\u010dkih slika, rekla je dr.\u00a0<strong>Mateja Jankovi\u0107 Makek,\u00a0<\/strong>voditeljica Odjela za bolesti plu\u0107ne cirkulacije, KBC Zagreb.<br><br>S druge strane mirnija je situacija kad je rije\u010d o testiranju i provjeri COVID potvrda.<br><br>&#8211; Bolnice izvje\u0161tavaju da gotovo vi\u0161e nema i djelatnika bez COVID potvrda, a koji se istodobno odbijaju testirati. Zanemariv broj spomenutih slu\u010dajeva odbijanja testiranja reflektira gotovo stopostotnu podr\u0161ku te visoku profesionalnost zdravstvenih djelatnika, rekao je Dulibi\u0107.<br><br>Sto\u017eer je primjenu epidemiolo\u0161kih mjera produljio do kraja listopada.<br><br>&#8211; Do ubla\u017eavanja ili ukidanja nekih od uvedenih epidemiolo\u0161kih mjera mo\u017ee do\u0107i samo ukoliko svi zajedno djelotvornije utje\u010demo na ograni\u010davanje u\u010dinaka epidemije, \u0161to se najbolje mo\u017ee posti\u0107i samo ako pro\u0161irimo obuhvat cijepljenja i pridr\u017eavamo se uvedenih epidemiolo\u0161kih mjera, poru\u010dio je\u00a0<strong>Davor Bo\u017einovi\u0107<\/strong>, ministar unutarnjih poslova.<br><br>Jer o tome ovisi broj zara\u017eenih, ali i stanje u bolnicama.<\/p>\n\n\n\n<div style=\"width: 640px;\" class=\"wp-video\"><video class=\"wp-video-shortcode\" id=\"video-75808-1\" width=\"640\" height=\"360\" preload=\"metadata\" controls=\"controls\"><source type=\"video\/mp4\" src=\"https:\/\/api.hrt.hr\/media\/19\/25\/tvd2-korona-hr12-20211014175549.mp4?_=1\" \/><a href=\"https:\/\/api.hrt.hr\/media\/19\/25\/tvd2-korona-hr12-20211014175549.mp4\">https:\/\/api.hrt.hr\/media\/19\/25\/tvd2-korona-hr12-20211014175549.mp4<\/a><\/video><\/div>\n\n\n\n<p>Izvor:hrt.hr<\/p>\n","protected":false},"excerpt":{"rendered":"<p>Nakon \u0161to smo ju\u010der imali vi\u0161e od 2000 novozara\u017eenih, danas ih je malo manje &#8211; 1851. Preminulo je 18 osoba. U bolnicama je sve vi\u0161e oboljelih &#8211; trenuta\u010dno 871, od \u010dega 122 na respiratoru. U mnogim bolnicama otvaraju se dodatni COVID odjeli. Broj zara\u017eenih raste, ali ne i broj cijepljenih prvom dozom. Sve je vi\u0161e [&hellip;]<\/p>\n","protected":false},"author":2,"featured_media":75809,"comment_status":"closed","ping_status":"closed","sticky":false,"template":"","format":"standard","meta":{"h5ap_radio_sources":[],"footnotes":""},"categories":[1],"tags":[],"class_list":["post-75808","post","type-post","status-publish","format-standard","has-post-thumbnail","hentry","category-bihiregija"],"yoast_head":"<!-- This site is optimized with the Yoast SEO plugin v27.4 - https:\/\/yoast.com\/product\/yoast-seo-wordpress\/ -->\n<title>Bolnice sve punije - otvaraju se dodatni COVID odjeli - RADIO LJUBU\u0160KI<\/title>\n<meta name=\"robots\" content=\"index, follow, max-snippet:-1, max-image-preview:large, max-video-preview:-1\" \/>\n<link rel=\"canonical\" href=\"https:\/\/radioljubuski.ba\/index.php\/2021\/10\/14\/bolnice-sve-punije-otvaraju-se-dodatni-covid-odjeli\/\" \/>\n<meta property=\"og:locale\" content=\"hr_HR\" \/>\n<meta property=\"og:type\" content=\"article\" \/>\n<meta property=\"og:title\" content=\"Bolnice sve punije - otvaraju se dodatni COVID odjeli - RADIO LJUBU\u0160KI\" \/>\n<meta property=\"og:description\" content=\"Nakon \u0161to smo ju\u010der imali vi\u0161e od 2000 novozara\u017eenih, danas ih je malo manje &#8211; 1851. Preminulo je 18 osoba. U bolnicama je sve vi\u0161e oboljelih &#8211; trenuta\u010dno 871, od \u010dega 122 na respiratoru. U mnogim bolnicama otvaraju se dodatni COVID odjeli. Broj zara\u017eenih raste, ali ne i broj cijepljenih prvom dozom. Sve je vi\u0161e [&hellip;]\" \/>\n<meta property=\"og:url\" content=\"https:\/\/radioljubuski.ba\/index.php\/2021\/10\/14\/bolnice-sve-punije-otvaraju-se-dodatni-covid-odjeli\/\" \/>\n<meta property=\"og:site_name\" content=\"RADIO LJUBU\u0160KI\" \/>\n<meta property=\"article:publisher\" content=\"https:\/\/www.facebook.com\/Radiio-Ljubuski-1490835324566332\" \/>\n<meta property=\"article:published_time\" content=\"2021-10-14T22:04:05+00:00\" \/>\n<meta property=\"article:modified_time\" content=\"2021-10-14T22:04:07+00:00\" \/>\n<meta property=\"og:image\" content=\"https:\/\/radioljubuski.ba\/wp-content\/uploads\/2021\/10\/pxl-020421-32376482-20211014163723.jpg\" \/>\n\t<meta property=\"og:image:width\" content=\"1600\" \/>\n\t<meta property=\"og:image:height\" content=\"1066\" \/>\n\t<meta property=\"og:image:type\" content=\"image\/jpeg\" \/>\n<meta name=\"author\" content=\"Radio Ljubu\u0161ki\" \/>\n<meta name=\"twitter:card\" content=\"summary_large_image\" \/>\n<meta name=\"twitter:creator\" content=\"@radioljubuski\" \/>\n<meta name=\"twitter:site\" content=\"@radioljubuski\" \/>\n<meta name=\"twitter:label1\" content=\"Napisao\/la\" \/>\n\t<meta name=\"twitter:data1\" content=\"Radio Ljubu\u0161ki\" \/>\n\t<meta name=\"twitter:label2\" content=\"Procijenjeno vrijeme \u010ditanja\" \/>\n\t<meta name=\"twitter:data2\" content=\"2 minute\" \/>\n<script type=\"application\/ld+json\" class=\"yoast-schema-graph\">{\"@context\":\"https:\\\/\\\/schema.org\",\"@graph\":[{\"@type\":\"Article\",\"@id\":\"https:\\\/\\\/radioljubuski.ba\\\/index.php\\\/2021\\\/10\\\/14\\\/bolnice-sve-punije-otvaraju-se-dodatni-covid-odjeli\\\/#article\",\"isPartOf\":{\"@id\":\"https:\\\/\\\/radioljubuski.ba\\\/index.php\\\/2021\\\/10\\\/14\\\/bolnice-sve-punije-otvaraju-se-dodatni-covid-odjeli\\\/\"},\"author\":{\"name\":\"Radio Ljubu\u0161ki\",\"@id\":\"https:\\\/\\\/radioljubuski.ba\\\/#\\\/schema\\\/person\\\/19fc700381a780f69665d7956c469e3b\"},\"headline\":\"Bolnice sve punije &#8211; otvaraju se dodatni COVID odjeli\",\"datePublished\":\"2021-10-14T22:04:05+00:00\",\"dateModified\":\"2021-10-14T22:04:07+00:00\",\"mainEntityOfPage\":{\"@id\":\"https:\\\/\\\/radioljubuski.ba\\\/index.php\\\/2021\\\/10\\\/14\\\/bolnice-sve-punije-otvaraju-se-dodatni-covid-odjeli\\\/\"},\"wordCount\":396,\"publisher\":{\"@id\":\"https:\\\/\\\/radioljubuski.ba\\\/#organization\"},\"image\":{\"@id\":\"https:\\\/\\\/radioljubuski.ba\\\/index.php\\\/2021\\\/10\\\/14\\\/bolnice-sve-punije-otvaraju-se-dodatni-covid-odjeli\\\/#primaryimage\"},\"thumbnailUrl\":\"https:\\\/\\\/radioljubuski.ba\\\/wp-content\\\/uploads\\\/2021\\\/10\\\/pxl-020421-32376482-20211014163723.jpg\",\"articleSection\":[\"BIH i regija\"],\"inLanguage\":\"hr\"},{\"@type\":\"WebPage\",\"@id\":\"https:\\\/\\\/radioljubuski.ba\\\/index.php\\\/2021\\\/10\\\/14\\\/bolnice-sve-punije-otvaraju-se-dodatni-covid-odjeli\\\/\",\"url\":\"https:\\\/\\\/radioljubuski.ba\\\/index.php\\\/2021\\\/10\\\/14\\\/bolnice-sve-punije-otvaraju-se-dodatni-covid-odjeli\\\/\",\"name\":\"Bolnice sve punije - otvaraju se dodatni COVID odjeli - RADIO LJUBU\u0160KI\",\"isPartOf\":{\"@id\":\"https:\\\/\\\/radioljubuski.ba\\\/#website\"},\"primaryImageOfPage\":{\"@id\":\"https:\\\/\\\/radioljubuski.ba\\\/index.php\\\/2021\\\/10\\\/14\\\/bolnice-sve-punije-otvaraju-se-dodatni-covid-odjeli\\\/#primaryimage\"},\"image\":{\"@id\":\"https:\\\/\\\/radioljubuski.ba\\\/index.php\\\/2021\\\/10\\\/14\\\/bolnice-sve-punije-otvaraju-se-dodatni-covid-odjeli\\\/#primaryimage\"},\"thumbnailUrl\":\"https:\\\/\\\/radioljubuski.ba\\\/wp-content\\\/uploads\\\/2021\\\/10\\\/pxl-020421-32376482-20211014163723.jpg\",\"datePublished\":\"2021-10-14T22:04:05+00:00\",\"dateModified\":\"2021-10-14T22:04:07+00:00\",\"breadcrumb\":{\"@id\":\"https:\\\/\\\/radioljubuski.ba\\\/index.php\\\/2021\\\/10\\\/14\\\/bolnice-sve-punije-otvaraju-se-dodatni-covid-odjeli\\\/#breadcrumb\"},\"inLanguage\":\"hr\",\"potentialAction\":[{\"@type\":\"ReadAction\",\"target\":[\"https:\\\/\\\/radioljubuski.ba\\\/index.php\\\/2021\\\/10\\\/14\\\/bolnice-sve-punije-otvaraju-se-dodatni-covid-odjeli\\\/\"]}]},{\"@type\":\"ImageObject\",\"inLanguage\":\"hr\",\"@id\":\"https:\\\/\\\/radioljubuski.ba\\\/index.php\\\/2021\\\/10\\\/14\\\/bolnice-sve-punije-otvaraju-se-dodatni-covid-odjeli\\\/#primaryimage\",\"url\":\"https:\\\/\\\/radioljubuski.ba\\\/wp-content\\\/uploads\\\/2021\\\/10\\\/pxl-020421-32376482-20211014163723.jpg\",\"contentUrl\":\"https:\\\/\\\/radioljubuski.ba\\\/wp-content\\\/uploads\\\/2021\\\/10\\\/pxl-020421-32376482-20211014163723.jpg\",\"width\":1600,\"height\":1066,\"caption\":\"02.04.2021., Sarajevo, Bosna i Hercegovina - U sarajevskoj Opcoj bolnici ukupno je 186 hospitaliziranih usljed zaraze virusom Covid-19. Ukupno 10 pacijenata je na intenzivnoj njezi, a cetiri na respiratoru. 1. travnja je, nakon dugo vremena, bio prvi dan bez smrtnih slucajeva. Photo: Armin Durgut\\\/PIXSELL\"},{\"@type\":\"BreadcrumbList\",\"@id\":\"https:\\\/\\\/radioljubuski.ba\\\/index.php\\\/2021\\\/10\\\/14\\\/bolnice-sve-punije-otvaraju-se-dodatni-covid-odjeli\\\/#breadcrumb\",\"itemListElement\":[{\"@type\":\"ListItem\",\"position\":1,\"name\":\"Po\u010detna stranica\",\"item\":\"https:\\\/\\\/radioljubuski.ba\\\/\"},{\"@type\":\"ListItem\",\"position\":2,\"name\":\"Bolnice sve punije &#8211; otvaraju se dodatni COVID odjeli\"}]},{\"@type\":\"WebSite\",\"@id\":\"https:\\\/\\\/radioljubuski.ba\\\/#website\",\"url\":\"https:\\\/\\\/radioljubuski.ba\\\/\",\"name\":\"Radio Ljubu\u0161ki\",\"description\":\"Sun\u010dana frekvencija Hercegovine\",\"publisher\":{\"@id\":\"https:\\\/\\\/radioljubuski.ba\\\/#organization\"},\"potentialAction\":[{\"@type\":\"SearchAction\",\"target\":{\"@type\":\"EntryPoint\",\"urlTemplate\":\"https:\\\/\\\/radioljubuski.ba\\\/?s={search_term_string}\"},\"query-input\":{\"@type\":\"PropertyValueSpecification\",\"valueRequired\":true,\"valueName\":\"search_term_string\"}}],\"inLanguage\":\"hr\"},{\"@type\":\"Organization\",\"@id\":\"https:\\\/\\\/radioljubuski.ba\\\/#organization\",\"name\":\"Radio Ljubu\u0161ki\",\"url\":\"https:\\\/\\\/radioljubuski.ba\\\/\",\"logo\":{\"@type\":\"ImageObject\",\"inLanguage\":\"hr\",\"@id\":\"https:\\\/\\\/radioljubuski.ba\\\/#\\\/schema\\\/logo\\\/image\\\/\",\"url\":\"https:\\\/\\\/radioljubuski.ba\\\/wp-content\\\/uploads\\\/2021\\\/02\\\/cropped-Radio_Ljubuski_logo1.jpg\",\"contentUrl\":\"https:\\\/\\\/radioljubuski.ba\\\/wp-content\\\/uploads\\\/2021\\\/02\\\/cropped-Radio_Ljubuski_logo1.jpg\",\"width\":512,\"height\":512,\"caption\":\"Radio Ljubu\u0161ki\"},\"image\":{\"@id\":\"https:\\\/\\\/radioljubuski.ba\\\/#\\\/schema\\\/logo\\\/image\\\/\"},\"sameAs\":[\"https:\\\/\\\/www.facebook.com\\\/Radiio-Ljubuski-1490835324566332\",\"https:\\\/\\\/x.com\\\/radioljubuski\",\"https:\\\/\\\/hr.linkedin.com\\\/company\\\/radio-ljubuski\",\"https:\\\/\\\/www.youtube.com\\\/channel\\\/UCHYaeO_n0Db3tjNGudGpXyw\"]},{\"@type\":\"Person\",\"@id\":\"https:\\\/\\\/radioljubuski.ba\\\/#\\\/schema\\\/person\\\/19fc700381a780f69665d7956c469e3b\",\"name\":\"Radio Ljubu\u0161ki\"}]}<\/script>\n<!-- \/ Yoast SEO plugin. -->","yoast_head_json":{"title":"Bolnice sve punije - otvaraju se dodatni COVID odjeli - RADIO LJUBU\u0160KI","robots":{"index":"index","follow":"follow","max-snippet":"max-snippet:-1","max-image-preview":"max-image-preview:large","max-video-preview":"max-video-preview:-1"},"canonical":"https:\/\/radioljubuski.ba\/index.php\/2021\/10\/14\/bolnice-sve-punije-otvaraju-se-dodatni-covid-odjeli\/","og_locale":"hr_HR","og_type":"article","og_title":"Bolnice sve punije - otvaraju se dodatni COVID odjeli - RADIO LJUBU\u0160KI","og_description":"Nakon \u0161to smo ju\u010der imali vi\u0161e od 2000 novozara\u017eenih, danas ih je malo manje &#8211; 1851. Preminulo je 18 osoba. U bolnicama je sve vi\u0161e oboljelih &#8211; trenuta\u010dno 871, od \u010dega 122 na respiratoru. U mnogim bolnicama otvaraju se dodatni COVID odjeli. Broj zara\u017eenih raste, ali ne i broj cijepljenih prvom dozom. Sve je vi\u0161e [&hellip;]","og_url":"https:\/\/radioljubuski.ba\/index.php\/2021\/10\/14\/bolnice-sve-punije-otvaraju-se-dodatni-covid-odjeli\/","og_site_name":"RADIO LJUBU\u0160KI","article_publisher":"https:\/\/www.facebook.com\/Radiio-Ljubuski-1490835324566332","article_published_time":"2021-10-14T22:04:05+00:00","article_modified_time":"2021-10-14T22:04:07+00:00","og_image":[{"width":1600,"height":1066,"url":"https:\/\/radioljubuski.ba\/wp-content\/uploads\/2021\/10\/pxl-020421-32376482-20211014163723.jpg","type":"image\/jpeg"}],"author":"Radio Ljubu\u0161ki","twitter_card":"summary_large_image","twitter_creator":"@radioljubuski","twitter_site":"@radioljubuski","twitter_misc":{"Napisao\/la":"Radio Ljubu\u0161ki","Procijenjeno vrijeme \u010ditanja":"2 minute"},"schema":{"@context":"https:\/\/schema.org","@graph":[{"@type":"Article","@id":"https:\/\/radioljubuski.ba\/index.php\/2021\/10\/14\/bolnice-sve-punije-otvaraju-se-dodatni-covid-odjeli\/#article","isPartOf":{"@id":"https:\/\/radioljubuski.ba\/index.php\/2021\/10\/14\/bolnice-sve-punije-otvaraju-se-dodatni-covid-odjeli\/"},"author":{"name":"Radio Ljubu\u0161ki","@id":"https:\/\/radioljubuski.ba\/#\/schema\/person\/19fc700381a780f69665d7956c469e3b"},"headline":"Bolnice sve punije &#8211; otvaraju se dodatni COVID odjeli","datePublished":"2021-10-14T22:04:05+00:00","dateModified":"2021-10-14T22:04:07+00:00","mainEntityOfPage":{"@id":"https:\/\/radioljubuski.ba\/index.php\/2021\/10\/14\/bolnice-sve-punije-otvaraju-se-dodatni-covid-odjeli\/"},"wordCount":396,"publisher":{"@id":"https:\/\/radioljubuski.ba\/#organization"},"image":{"@id":"https:\/\/radioljubuski.ba\/index.php\/2021\/10\/14\/bolnice-sve-punije-otvaraju-se-dodatni-covid-odjeli\/#primaryimage"},"thumbnailUrl":"https:\/\/radioljubuski.ba\/wp-content\/uploads\/2021\/10\/pxl-020421-32376482-20211014163723.jpg","articleSection":["BIH i regija"],"inLanguage":"hr"},{"@type":"WebPage","@id":"https:\/\/radioljubuski.ba\/index.php\/2021\/10\/14\/bolnice-sve-punije-otvaraju-se-dodatni-covid-odjeli\/","url":"https:\/\/radioljubuski.ba\/index.php\/2021\/10\/14\/bolnice-sve-punije-otvaraju-se-dodatni-covid-odjeli\/","name":"Bolnice sve punije - otvaraju se dodatni COVID odjeli - RADIO LJUBU\u0160KI","isPartOf":{"@id":"https:\/\/radioljubuski.ba\/#website"},"primaryImageOfPage":{"@id":"https:\/\/radioljubuski.ba\/index.php\/2021\/10\/14\/bolnice-sve-punije-otvaraju-se-dodatni-covid-odjeli\/#primaryimage"},"image":{"@id":"https:\/\/radioljubuski.ba\/index.php\/2021\/10\/14\/bolnice-sve-punije-otvaraju-se-dodatni-covid-odjeli\/#primaryimage"},"thumbnailUrl":"https:\/\/radioljubuski.ba\/wp-content\/uploads\/2021\/10\/pxl-020421-32376482-20211014163723.jpg","datePublished":"2021-10-14T22:04:05+00:00","dateModified":"2021-10-14T22:04:07+00:00","breadcrumb":{"@id":"https:\/\/radioljubuski.ba\/index.php\/2021\/10\/14\/bolnice-sve-punije-otvaraju-se-dodatni-covid-odjeli\/#breadcrumb"},"inLanguage":"hr","potentialAction":[{"@type":"ReadAction","target":["https:\/\/radioljubuski.ba\/index.php\/2021\/10\/14\/bolnice-sve-punije-otvaraju-se-dodatni-covid-odjeli\/"]}]},{"@type":"ImageObject","inLanguage":"hr","@id":"https:\/\/radioljubuski.ba\/index.php\/2021\/10\/14\/bolnice-sve-punije-otvaraju-se-dodatni-covid-odjeli\/#primaryimage","url":"https:\/\/radioljubuski.ba\/wp-content\/uploads\/2021\/10\/pxl-020421-32376482-20211014163723.jpg","contentUrl":"https:\/\/radioljubuski.ba\/wp-content\/uploads\/2021\/10\/pxl-020421-32376482-20211014163723.jpg","width":1600,"height":1066,"caption":"02.04.2021., Sarajevo, Bosna i Hercegovina - U sarajevskoj Opcoj bolnici ukupno je 186 hospitaliziranih usljed zaraze virusom Covid-19. Ukupno 10 pacijenata je na intenzivnoj njezi, a cetiri na respiratoru. 1. travnja je, nakon dugo vremena, bio prvi dan bez smrtnih slucajeva. Photo: Armin Durgut\/PIXSELL"},{"@type":"BreadcrumbList","@id":"https:\/\/radioljubuski.ba\/index.php\/2021\/10\/14\/bolnice-sve-punije-otvaraju-se-dodatni-covid-odjeli\/#breadcrumb","itemListElement":[{"@type":"ListItem","position":1,"name":"Po\u010detna stranica","item":"https:\/\/radioljubuski.ba\/"},{"@type":"ListItem","position":2,"name":"Bolnice sve punije &#8211; otvaraju se dodatni COVID odjeli"}]},{"@type":"WebSite","@id":"https:\/\/radioljubuski.ba\/#website","url":"https:\/\/radioljubuski.ba\/","name":"Radio Ljubu\u0161ki","description":"Sun\u010dana frekvencija Hercegovine","publisher":{"@id":"https:\/\/radioljubuski.ba\/#organization"},"potentialAction":[{"@type":"SearchAction","target":{"@type":"EntryPoint","urlTemplate":"https:\/\/radioljubuski.ba\/?s={search_term_string}"},"query-input":{"@type":"PropertyValueSpecification","valueRequired":true,"valueName":"search_term_string"}}],"inLanguage":"hr"},{"@type":"Organization","@id":"https:\/\/radioljubuski.ba\/#organization","name":"Radio Ljubu\u0161ki","url":"https:\/\/radioljubuski.ba\/","logo":{"@type":"ImageObject","inLanguage":"hr","@id":"https:\/\/radioljubuski.ba\/#\/schema\/logo\/image\/","url":"https:\/\/radioljubuski.ba\/wp-content\/uploads\/2021\/02\/cropped-Radio_Ljubuski_logo1.jpg","contentUrl":"https:\/\/radioljubuski.ba\/wp-content\/uploads\/2021\/02\/cropped-Radio_Ljubuski_logo1.jpg","width":512,"height":512,"caption":"Radio Ljubu\u0161ki"},"image":{"@id":"https:\/\/radioljubuski.ba\/#\/schema\/logo\/image\/"},"sameAs":["https:\/\/www.facebook.com\/Radiio-Ljubuski-1490835324566332","https:\/\/x.com\/radioljubuski","https:\/\/hr.linkedin.com\/company\/radio-ljubuski","https:\/\/www.youtube.com\/channel\/UCHYaeO_n0Db3tjNGudGpXyw"]},{"@type":"Person","@id":"https:\/\/radioljubuski.ba\/#\/schema\/person\/19fc700381a780f69665d7956c469e3b","name":"Radio Ljubu\u0161ki"}]}},"_links":{"self":[{"href":"https:\/\/radioljubuski.ba\/index.php\/wp-json\/wp\/v2\/posts\/75808","targetHints":{"allow":["GET"]}}],"collection":[{"href":"https:\/\/radioljubuski.ba\/index.php\/wp-json\/wp\/v2\/posts"}],"about":[{"href":"https:\/\/radioljubuski.ba\/index.php\/wp-json\/wp\/v2\/types\/post"}],"author":[{"embeddable":true,"href":"https:\/\/radioljubuski.ba\/index.php\/wp-json\/wp\/v2\/users\/2"}],"replies":[{"embeddable":true,"href":"https:\/\/radioljubuski.ba\/index.php\/wp-json\/wp\/v2\/comments?post=75808"}],"version-history":[{"count":1,"href":"https:\/\/radioljubuski.ba\/index.php\/wp-json\/wp\/v2\/posts\/75808\/revisions"}],"predecessor-version":[{"id":75810,"href":"https:\/\/radioljubuski.ba\/index.php\/wp-json\/wp\/v2\/posts\/75808\/revisions\/75810"}],"wp:featuredmedia":[{"embeddable":true,"href":"https:\/\/radioljubuski.ba\/index.php\/wp-json\/wp\/v2\/media\/75809"}],"wp:attachment":[{"href":"https:\/\/radioljubuski.ba\/index.php\/wp-json\/wp\/v2\/media?parent=75808"}],"wp:term":[{"taxonomy":"category","embeddable":true,"href":"https:\/\/radioljubuski.ba\/index.php\/wp-json\/wp\/v2\/categories?post=75808"},{"taxonomy":"post_tag","embeddable":true,"href":"https:\/\/radioljubuski.ba\/index.php\/wp-json\/wp\/v2\/tags?post=75808"}],"curies":[{"name":"wp","href":"https:\/\/api.w.org\/{rel}","templated":true}]}}