{"id":75811,"date":"2021-10-14T23:05:35","date_gmt":"2021-10-14T22:05:35","guid":{"rendered":"https:\/\/radioljubuski.ba\/?p=75811"},"modified":"2021-10-14T23:05:36","modified_gmt":"2021-10-14T22:05:36","slug":"prosvjed-pred-berosevim-stanom-ministar-poslao-poruku-roditeljima","status":"publish","type":"post","link":"https:\/\/radioljubuski.ba\/index.php\/2021\/10\/14\/prosvjed-pred-berosevim-stanom-ministar-poslao-poruku-roditeljima\/","title":{"rendered":"Prosvjed pred Bero\u0161evim stanom, ministar poslao poruku roditeljima"},"content":{"rendered":"\n<p>Incident ispred stana ministra zdravstva Vilija Bero\u0161a u Zagrebu. Desetak ljudi prosvjedovalo je jer su, tvrde, roditeljima nametnute COVID potvrde za posjet djeci u bolnicama. Tvrde i da su posjeti ograni\u010deni na 15 minuta. Razi\u0161li su se nakon \u0161to je stigla policija.&nbsp;<\/p>\n\n\n\n<p>&#8211; Ni ministarstvo zdravstva niti epidemiolozi nisu ograni\u010dili vrijeme trajanja posjeta va\u0161oj bolesnoj djeci. Zato, dragi roditelji, ne kucajte na otvorena vrata ministra. Svaka bolnica i zdravstvena ustanova organizira na\u010din i trajanje posjeta va\u0161oj bolesnoj djeci, poru\u010duje u priop\u0107enju ministar zdravstva&nbsp;<strong>Vili Bero\u0161&nbsp;<\/strong>grupi roditelja.<br><br>Sto\u017eer Civilne za\u0161tite i epidemiolozi odredili su da svi roditelji bolesne djece koja se lije\u010de u hrvatskim bolnicama i zdravstvenim ustanovama moraju ispunjavati epidemiolo\u0161ke uvjete kao i svi posjetitelji, odnosno posjedovati EU COVID putovnicu kao dokaz da su cijepljeni ili preboljeli koronu, odnosno da su testirani na COVID-19. Na\u010din organiziranja posjeta bolesnoj djeci, vrijeme posjeta i trajanje organizira svaka od ustanova u skladu sa svojim organizacijskim i prostornim mogu\u0107nostima i o tome su du\u017eni obavje\u0161tavati roditelje malih pacijenata.<br><br>&#8211; Razumijem nezadovoljstvo roditelja ako se osje\u0107aju nepravedno zakinuti za mogu\u0107nosti \u010de\u0161\u0107eg ili du\u017eeg posjeta svojoj bolesnoj djeci i uvijek \u0107u, kao lije\u010dnik, ministar i roditelj biti uz njih, ali ne mogu prihvatiti na\u010din na koji izra\u017eavaju svoj protest, ka\u017ee ministar zdravstva pred \u010diji su obiteljski dom do\u0161li prosvjednici.<br><br>&#8211; Mjesto za rje\u0161avanje ovakvih pitanja mo\u017ee biti Ministarstvo zdravstva, a ne domovi \u010dlanova Sto\u017eera ili bilo kojeg dr\u017eavnog tijela. Demokracija podrazumijeva dijalog, propitivanje svih odluka i tra\u017eenje odgovornosti svakoga od nas koji obavljamo javne du\u017enosti, ali nasilje nad domovima, prijetnje i ugro\u017eavanje \u010dlanova na\u0161ih obitelji i drugih gra\u0111ana ne smije biti obrazac pona\u0161anja. Jo\u0161 je tu\u017enije \u0161to se u tu povorku roditelja ukrcavaju i neki drugi koji imaju posve druge ciljeve, a ne dobrobit djece, isti\u010de ministar zdravstva u priop\u0107enju.<\/p>\n\n\n\n<p>Izvor:hrt.hr<\/p>\n","protected":false},"excerpt":{"rendered":"<p>Incident ispred stana ministra zdravstva Vilija Bero\u0161a u Zagrebu. Desetak ljudi prosvjedovalo je jer su, tvrde, roditeljima nametnute COVID potvrde za posjet djeci u bolnicama. Tvrde i da su posjeti ograni\u010deni na 15 minuta. Razi\u0161li su se nakon \u0161to je stigla policija.&nbsp; &#8211; Ni ministarstvo zdravstva niti epidemiolozi nisu ograni\u010dili vrijeme trajanja posjeta va\u0161oj bolesnoj [&hellip;]<\/p>\n","protected":false},"author":2,"featured_media":75812,"comment_status":"closed","ping_status":"closed","sticky":false,"template":"","format":"standard","meta":{"h5ap_radio_sources":[],"footnotes":""},"categories":[1],"tags":[],"class_list":["post-75811","post","type-post","status-publish","format-standard","has-post-thumbnail","hentry","category-bihiregija"],"yoast_head":"<!-- This site is optimized with the Yoast SEO plugin v27.4 - https:\/\/yoast.com\/product\/yoast-seo-wordpress\/ -->\n<title>Prosvjed pred Bero\u0161evim stanom, ministar poslao poruku roditeljima - RADIO LJUBU\u0160KI<\/title>\n<meta name=\"robots\" content=\"index, follow, max-snippet:-1, max-image-preview:large, max-video-preview:-1\" \/>\n<link rel=\"canonical\" href=\"https:\/\/radioljubuski.ba\/index.php\/2021\/10\/14\/prosvjed-pred-berosevim-stanom-ministar-poslao-poruku-roditeljima\/\" \/>\n<meta property=\"og:locale\" content=\"hr_HR\" \/>\n<meta property=\"og:type\" content=\"article\" \/>\n<meta property=\"og:title\" content=\"Prosvjed pred Bero\u0161evim stanom, ministar poslao poruku roditeljima - RADIO LJUBU\u0160KI\" \/>\n<meta property=\"og:description\" content=\"Incident ispred stana ministra zdravstva Vilija Bero\u0161a u Zagrebu. Desetak ljudi prosvjedovalo je jer su, tvrde, roditeljima nametnute COVID potvrde za posjet djeci u bolnicama. Tvrde i da su posjeti ograni\u010deni na 15 minuta. Razi\u0161li su se nakon \u0161to je stigla policija.&nbsp; &#8211; Ni ministarstvo zdravstva niti epidemiolozi nisu ograni\u010dili vrijeme trajanja posjeta va\u0161oj bolesnoj [&hellip;]\" \/>\n<meta property=\"og:url\" content=\"https:\/\/radioljubuski.ba\/index.php\/2021\/10\/14\/prosvjed-pred-berosevim-stanom-ministar-poslao-poruku-roditeljima\/\" \/>\n<meta property=\"og:site_name\" content=\"RADIO LJUBU\u0160KI\" \/>\n<meta property=\"article:publisher\" content=\"https:\/\/www.facebook.com\/Radiio-Ljubuski-1490835324566332\" \/>\n<meta property=\"article:published_time\" content=\"2021-10-14T22:05:35+00:00\" \/>\n<meta property=\"article:modified_time\" content=\"2021-10-14T22:05:36+00:00\" \/>\n<meta property=\"og:image\" content=\"https:\/\/radioljubuski.ba\/wp-content\/uploads\/2021\/10\/beros.jpg\" \/>\n\t<meta property=\"og:image:width\" content=\"1600\" \/>\n\t<meta property=\"og:image:height\" content=\"1067\" \/>\n\t<meta property=\"og:image:type\" content=\"image\/jpeg\" \/>\n<meta name=\"author\" content=\"Radio Ljubu\u0161ki\" \/>\n<meta name=\"twitter:card\" content=\"summary_large_image\" \/>\n<meta name=\"twitter:creator\" content=\"@radioljubuski\" \/>\n<meta name=\"twitter:site\" content=\"@radioljubuski\" \/>\n<meta name=\"twitter:label1\" content=\"Napisao\/la\" \/>\n\t<meta name=\"twitter:data1\" content=\"Radio Ljubu\u0161ki\" \/>\n\t<meta name=\"twitter:label2\" content=\"Procijenjeno vrijeme \u010ditanja\" \/>\n\t<meta name=\"twitter:data2\" content=\"2 minute\" \/>\n<script type=\"application\/ld+json\" class=\"yoast-schema-graph\">{\"@context\":\"https:\\\/\\\/schema.org\",\"@graph\":[{\"@type\":\"Article\",\"@id\":\"https:\\\/\\\/radioljubuski.ba\\\/index.php\\\/2021\\\/10\\\/14\\\/prosvjed-pred-berosevim-stanom-ministar-poslao-poruku-roditeljima\\\/#article\",\"isPartOf\":{\"@id\":\"https:\\\/\\\/radioljubuski.ba\\\/index.php\\\/2021\\\/10\\\/14\\\/prosvjed-pred-berosevim-stanom-ministar-poslao-poruku-roditeljima\\\/\"},\"author\":{\"name\":\"Radio Ljubu\u0161ki\",\"@id\":\"https:\\\/\\\/radioljubuski.ba\\\/#\\\/schema\\\/person\\\/19fc700381a780f69665d7956c469e3b\"},\"headline\":\"Prosvjed pred Bero\u0161evim stanom, ministar poslao poruku roditeljima\",\"datePublished\":\"2021-10-14T22:05:35+00:00\",\"dateModified\":\"2021-10-14T22:05:36+00:00\",\"mainEntityOfPage\":{\"@id\":\"https:\\\/\\\/radioljubuski.ba\\\/index.php\\\/2021\\\/10\\\/14\\\/prosvjed-pred-berosevim-stanom-ministar-poslao-poruku-roditeljima\\\/\"},\"wordCount\":348,\"publisher\":{\"@id\":\"https:\\\/\\\/radioljubuski.ba\\\/#organization\"},\"image\":{\"@id\":\"https:\\\/\\\/radioljubuski.ba\\\/index.php\\\/2021\\\/10\\\/14\\\/prosvjed-pred-berosevim-stanom-ministar-poslao-poruku-roditeljima\\\/#primaryimage\"},\"thumbnailUrl\":\"https:\\\/\\\/radioljubuski.ba\\\/wp-content\\\/uploads\\\/2021\\\/10\\\/beros.jpg\",\"articleSection\":[\"BIH i regija\"],\"inLanguage\":\"hr\"},{\"@type\":\"WebPage\",\"@id\":\"https:\\\/\\\/radioljubuski.ba\\\/index.php\\\/2021\\\/10\\\/14\\\/prosvjed-pred-berosevim-stanom-ministar-poslao-poruku-roditeljima\\\/\",\"url\":\"https:\\\/\\\/radioljubuski.ba\\\/index.php\\\/2021\\\/10\\\/14\\\/prosvjed-pred-berosevim-stanom-ministar-poslao-poruku-roditeljima\\\/\",\"name\":\"Prosvjed pred Bero\u0161evim stanom, ministar poslao poruku roditeljima - RADIO LJUBU\u0160KI\",\"isPartOf\":{\"@id\":\"https:\\\/\\\/radioljubuski.ba\\\/#website\"},\"primaryImageOfPage\":{\"@id\":\"https:\\\/\\\/radioljubuski.ba\\\/index.php\\\/2021\\\/10\\\/14\\\/prosvjed-pred-berosevim-stanom-ministar-poslao-poruku-roditeljima\\\/#primaryimage\"},\"image\":{\"@id\":\"https:\\\/\\\/radioljubuski.ba\\\/index.php\\\/2021\\\/10\\\/14\\\/prosvjed-pred-berosevim-stanom-ministar-poslao-poruku-roditeljima\\\/#primaryimage\"},\"thumbnailUrl\":\"https:\\\/\\\/radioljubuski.ba\\\/wp-content\\\/uploads\\\/2021\\\/10\\\/beros.jpg\",\"datePublished\":\"2021-10-14T22:05:35+00:00\",\"dateModified\":\"2021-10-14T22:05:36+00:00\",\"breadcrumb\":{\"@id\":\"https:\\\/\\\/radioljubuski.ba\\\/index.php\\\/2021\\\/10\\\/14\\\/prosvjed-pred-berosevim-stanom-ministar-poslao-poruku-roditeljima\\\/#breadcrumb\"},\"inLanguage\":\"hr\",\"potentialAction\":[{\"@type\":\"ReadAction\",\"target\":[\"https:\\\/\\\/radioljubuski.ba\\\/index.php\\\/2021\\\/10\\\/14\\\/prosvjed-pred-berosevim-stanom-ministar-poslao-poruku-roditeljima\\\/\"]}]},{\"@type\":\"ImageObject\",\"inLanguage\":\"hr\",\"@id\":\"https:\\\/\\\/radioljubuski.ba\\\/index.php\\\/2021\\\/10\\\/14\\\/prosvjed-pred-berosevim-stanom-ministar-poslao-poruku-roditeljima\\\/#primaryimage\",\"url\":\"https:\\\/\\\/radioljubuski.ba\\\/wp-content\\\/uploads\\\/2021\\\/10\\\/beros.jpg\",\"contentUrl\":\"https:\\\/\\\/radioljubuski.ba\\\/wp-content\\\/uploads\\\/2021\\\/10\\\/beros.jpg\",\"width\":1600,\"height\":1067,\"caption\":\"14.10.2021., Zagreb - Sabor 8. sjednicu nastavlja raspravom o Izvjescu Vlade o ucincima provedbe mjera iz Zakona o zastiti pucanstva od zaraznih bolesti tijekom epidemije bolesti COVID-19. Photo: Patrik Macek\\\/PIXSELL\"},{\"@type\":\"BreadcrumbList\",\"@id\":\"https:\\\/\\\/radioljubuski.ba\\\/index.php\\\/2021\\\/10\\\/14\\\/prosvjed-pred-berosevim-stanom-ministar-poslao-poruku-roditeljima\\\/#breadcrumb\",\"itemListElement\":[{\"@type\":\"ListItem\",\"position\":1,\"name\":\"Po\u010detna stranica\",\"item\":\"https:\\\/\\\/radioljubuski.ba\\\/\"},{\"@type\":\"ListItem\",\"position\":2,\"name\":\"Prosvjed pred Bero\u0161evim stanom, ministar poslao poruku roditeljima\"}]},{\"@type\":\"WebSite\",\"@id\":\"https:\\\/\\\/radioljubuski.ba\\\/#website\",\"url\":\"https:\\\/\\\/radioljubuski.ba\\\/\",\"name\":\"Radio Ljubu\u0161ki\",\"description\":\"Sun\u010dana frekvencija Hercegovine\",\"publisher\":{\"@id\":\"https:\\\/\\\/radioljubuski.ba\\\/#organization\"},\"potentialAction\":[{\"@type\":\"SearchAction\",\"target\":{\"@type\":\"EntryPoint\",\"urlTemplate\":\"https:\\\/\\\/radioljubuski.ba\\\/?s={search_term_string}\"},\"query-input\":{\"@type\":\"PropertyValueSpecification\",\"valueRequired\":true,\"valueName\":\"search_term_string\"}}],\"inLanguage\":\"hr\"},{\"@type\":\"Organization\",\"@id\":\"https:\\\/\\\/radioljubuski.ba\\\/#organization\",\"name\":\"Radio Ljubu\u0161ki\",\"url\":\"https:\\\/\\\/radioljubuski.ba\\\/\",\"logo\":{\"@type\":\"ImageObject\",\"inLanguage\":\"hr\",\"@id\":\"https:\\\/\\\/radioljubuski.ba\\\/#\\\/schema\\\/logo\\\/image\\\/\",\"url\":\"https:\\\/\\\/radioljubuski.ba\\\/wp-content\\\/uploads\\\/2021\\\/02\\\/cropped-Radio_Ljubuski_logo1.jpg\",\"contentUrl\":\"https:\\\/\\\/radioljubuski.ba\\\/wp-content\\\/uploads\\\/2021\\\/02\\\/cropped-Radio_Ljubuski_logo1.jpg\",\"width\":512,\"height\":512,\"caption\":\"Radio Ljubu\u0161ki\"},\"image\":{\"@id\":\"https:\\\/\\\/radioljubuski.ba\\\/#\\\/schema\\\/logo\\\/image\\\/\"},\"sameAs\":[\"https:\\\/\\\/www.facebook.com\\\/Radiio-Ljubuski-1490835324566332\",\"https:\\\/\\\/x.com\\\/radioljubuski\",\"https:\\\/\\\/hr.linkedin.com\\\/company\\\/radio-ljubuski\",\"https:\\\/\\\/www.youtube.com\\\/channel\\\/UCHYaeO_n0Db3tjNGudGpXyw\"]},{\"@type\":\"Person\",\"@id\":\"https:\\\/\\\/radioljubuski.ba\\\/#\\\/schema\\\/person\\\/19fc700381a780f69665d7956c469e3b\",\"name\":\"Radio Ljubu\u0161ki\"}]}<\/script>\n<!-- \/ Yoast SEO plugin. -->","yoast_head_json":{"title":"Prosvjed pred Bero\u0161evim stanom, ministar poslao poruku roditeljima - RADIO LJUBU\u0160KI","robots":{"index":"index","follow":"follow","max-snippet":"max-snippet:-1","max-image-preview":"max-image-preview:large","max-video-preview":"max-video-preview:-1"},"canonical":"https:\/\/radioljubuski.ba\/index.php\/2021\/10\/14\/prosvjed-pred-berosevim-stanom-ministar-poslao-poruku-roditeljima\/","og_locale":"hr_HR","og_type":"article","og_title":"Prosvjed pred Bero\u0161evim stanom, ministar poslao poruku roditeljima - RADIO LJUBU\u0160KI","og_description":"Incident ispred stana ministra zdravstva Vilija Bero\u0161a u Zagrebu. Desetak ljudi prosvjedovalo je jer su, tvrde, roditeljima nametnute COVID potvrde za posjet djeci u bolnicama. Tvrde i da su posjeti ograni\u010deni na 15 minuta. Razi\u0161li su se nakon \u0161to je stigla policija.&nbsp; &#8211; Ni ministarstvo zdravstva niti epidemiolozi nisu ograni\u010dili vrijeme trajanja posjeta va\u0161oj bolesnoj [&hellip;]","og_url":"https:\/\/radioljubuski.ba\/index.php\/2021\/10\/14\/prosvjed-pred-berosevim-stanom-ministar-poslao-poruku-roditeljima\/","og_site_name":"RADIO LJUBU\u0160KI","article_publisher":"https:\/\/www.facebook.com\/Radiio-Ljubuski-1490835324566332","article_published_time":"2021-10-14T22:05:35+00:00","article_modified_time":"2021-10-14T22:05:36+00:00","og_image":[{"width":1600,"height":1067,"url":"https:\/\/radioljubuski.ba\/wp-content\/uploads\/2021\/10\/beros.jpg","type":"image\/jpeg"}],"author":"Radio Ljubu\u0161ki","twitter_card":"summary_large_image","twitter_creator":"@radioljubuski","twitter_site":"@radioljubuski","twitter_misc":{"Napisao\/la":"Radio Ljubu\u0161ki","Procijenjeno vrijeme \u010ditanja":"2 minute"},"schema":{"@context":"https:\/\/schema.org","@graph":[{"@type":"Article","@id":"https:\/\/radioljubuski.ba\/index.php\/2021\/10\/14\/prosvjed-pred-berosevim-stanom-ministar-poslao-poruku-roditeljima\/#article","isPartOf":{"@id":"https:\/\/radioljubuski.ba\/index.php\/2021\/10\/14\/prosvjed-pred-berosevim-stanom-ministar-poslao-poruku-roditeljima\/"},"author":{"name":"Radio Ljubu\u0161ki","@id":"https:\/\/radioljubuski.ba\/#\/schema\/person\/19fc700381a780f69665d7956c469e3b"},"headline":"Prosvjed pred Bero\u0161evim stanom, ministar poslao poruku roditeljima","datePublished":"2021-10-14T22:05:35+00:00","dateModified":"2021-10-14T22:05:36+00:00","mainEntityOfPage":{"@id":"https:\/\/radioljubuski.ba\/index.php\/2021\/10\/14\/prosvjed-pred-berosevim-stanom-ministar-poslao-poruku-roditeljima\/"},"wordCount":348,"publisher":{"@id":"https:\/\/radioljubuski.ba\/#organization"},"image":{"@id":"https:\/\/radioljubuski.ba\/index.php\/2021\/10\/14\/prosvjed-pred-berosevim-stanom-ministar-poslao-poruku-roditeljima\/#primaryimage"},"thumbnailUrl":"https:\/\/radioljubuski.ba\/wp-content\/uploads\/2021\/10\/beros.jpg","articleSection":["BIH i regija"],"inLanguage":"hr"},{"@type":"WebPage","@id":"https:\/\/radioljubuski.ba\/index.php\/2021\/10\/14\/prosvjed-pred-berosevim-stanom-ministar-poslao-poruku-roditeljima\/","url":"https:\/\/radioljubuski.ba\/index.php\/2021\/10\/14\/prosvjed-pred-berosevim-stanom-ministar-poslao-poruku-roditeljima\/","name":"Prosvjed pred Bero\u0161evim stanom, ministar poslao poruku roditeljima - RADIO LJUBU\u0160KI","isPartOf":{"@id":"https:\/\/radioljubuski.ba\/#website"},"primaryImageOfPage":{"@id":"https:\/\/radioljubuski.ba\/index.php\/2021\/10\/14\/prosvjed-pred-berosevim-stanom-ministar-poslao-poruku-roditeljima\/#primaryimage"},"image":{"@id":"https:\/\/radioljubuski.ba\/index.php\/2021\/10\/14\/prosvjed-pred-berosevim-stanom-ministar-poslao-poruku-roditeljima\/#primaryimage"},"thumbnailUrl":"https:\/\/radioljubuski.ba\/wp-content\/uploads\/2021\/10\/beros.jpg","datePublished":"2021-10-14T22:05:35+00:00","dateModified":"2021-10-14T22:05:36+00:00","breadcrumb":{"@id":"https:\/\/radioljubuski.ba\/index.php\/2021\/10\/14\/prosvjed-pred-berosevim-stanom-ministar-poslao-poruku-roditeljima\/#breadcrumb"},"inLanguage":"hr","potentialAction":[{"@type":"ReadAction","target":["https:\/\/radioljubuski.ba\/index.php\/2021\/10\/14\/prosvjed-pred-berosevim-stanom-ministar-poslao-poruku-roditeljima\/"]}]},{"@type":"ImageObject","inLanguage":"hr","@id":"https:\/\/radioljubuski.ba\/index.php\/2021\/10\/14\/prosvjed-pred-berosevim-stanom-ministar-poslao-poruku-roditeljima\/#primaryimage","url":"https:\/\/radioljubuski.ba\/wp-content\/uploads\/2021\/10\/beros.jpg","contentUrl":"https:\/\/radioljubuski.ba\/wp-content\/uploads\/2021\/10\/beros.jpg","width":1600,"height":1067,"caption":"14.10.2021., Zagreb - Sabor 8. sjednicu nastavlja raspravom o Izvjescu Vlade o ucincima provedbe mjera iz Zakona o zastiti pucanstva od zaraznih bolesti tijekom epidemije bolesti COVID-19. Photo: Patrik Macek\/PIXSELL"},{"@type":"BreadcrumbList","@id":"https:\/\/radioljubuski.ba\/index.php\/2021\/10\/14\/prosvjed-pred-berosevim-stanom-ministar-poslao-poruku-roditeljima\/#breadcrumb","itemListElement":[{"@type":"ListItem","position":1,"name":"Po\u010detna stranica","item":"https:\/\/radioljubuski.ba\/"},{"@type":"ListItem","position":2,"name":"Prosvjed pred Bero\u0161evim stanom, ministar poslao poruku roditeljima"}]},{"@type":"WebSite","@id":"https:\/\/radioljubuski.ba\/#website","url":"https:\/\/radioljubuski.ba\/","name":"Radio Ljubu\u0161ki","description":"Sun\u010dana frekvencija Hercegovine","publisher":{"@id":"https:\/\/radioljubuski.ba\/#organization"},"potentialAction":[{"@type":"SearchAction","target":{"@type":"EntryPoint","urlTemplate":"https:\/\/radioljubuski.ba\/?s={search_term_string}"},"query-input":{"@type":"PropertyValueSpecification","valueRequired":true,"valueName":"search_term_string"}}],"inLanguage":"hr"},{"@type":"Organization","@id":"https:\/\/radioljubuski.ba\/#organization","name":"Radio Ljubu\u0161ki","url":"https:\/\/radioljubuski.ba\/","logo":{"@type":"ImageObject","inLanguage":"hr","@id":"https:\/\/radioljubuski.ba\/#\/schema\/logo\/image\/","url":"https:\/\/radioljubuski.ba\/wp-content\/uploads\/2021\/02\/cropped-Radio_Ljubuski_logo1.jpg","contentUrl":"https:\/\/radioljubuski.ba\/wp-content\/uploads\/2021\/02\/cropped-Radio_Ljubuski_logo1.jpg","width":512,"height":512,"caption":"Radio Ljubu\u0161ki"},"image":{"@id":"https:\/\/radioljubuski.ba\/#\/schema\/logo\/image\/"},"sameAs":["https:\/\/www.facebook.com\/Radiio-Ljubuski-1490835324566332","https:\/\/x.com\/radioljubuski","https:\/\/hr.linkedin.com\/company\/radio-ljubuski","https:\/\/www.youtube.com\/channel\/UCHYaeO_n0Db3tjNGudGpXyw"]},{"@type":"Person","@id":"https:\/\/radioljubuski.ba\/#\/schema\/person\/19fc700381a780f69665d7956c469e3b","name":"Radio Ljubu\u0161ki"}]}},"_links":{"self":[{"href":"https:\/\/radioljubuski.ba\/index.php\/wp-json\/wp\/v2\/posts\/75811","targetHints":{"allow":["GET"]}}],"collection":[{"href":"https:\/\/radioljubuski.ba\/index.php\/wp-json\/wp\/v2\/posts"}],"about":[{"href":"https:\/\/radioljubuski.ba\/index.php\/wp-json\/wp\/v2\/types\/post"}],"author":[{"embeddable":true,"href":"https:\/\/radioljubuski.ba\/index.php\/wp-json\/wp\/v2\/users\/2"}],"replies":[{"embeddable":true,"href":"https:\/\/radioljubuski.ba\/index.php\/wp-json\/wp\/v2\/comments?post=75811"}],"version-history":[{"count":1,"href":"https:\/\/radioljubuski.ba\/index.php\/wp-json\/wp\/v2\/posts\/75811\/revisions"}],"predecessor-version":[{"id":75813,"href":"https:\/\/radioljubuski.ba\/index.php\/wp-json\/wp\/v2\/posts\/75811\/revisions\/75813"}],"wp:featuredmedia":[{"embeddable":true,"href":"https:\/\/radioljubuski.ba\/index.php\/wp-json\/wp\/v2\/media\/75812"}],"wp:attachment":[{"href":"https:\/\/radioljubuski.ba\/index.php\/wp-json\/wp\/v2\/media?parent=75811"}],"wp:term":[{"taxonomy":"category","embeddable":true,"href":"https:\/\/radioljubuski.ba\/index.php\/wp-json\/wp\/v2\/categories?post=75811"},{"taxonomy":"post_tag","embeddable":true,"href":"https:\/\/radioljubuski.ba\/index.php\/wp-json\/wp\/v2\/tags?post=75811"}],"curies":[{"name":"wp","href":"https:\/\/api.w.org\/{rel}","templated":true}]}}