{"id":75848,"date":"2021-10-14T23:35:51","date_gmt":"2021-10-14T22:35:51","guid":{"rendered":"https:\/\/radioljubuski.ba\/?p=75848"},"modified":"2021-10-14T23:35:53","modified_gmt":"2021-10-14T22:35:53","slug":"dzindic-najavio-i-poskupljenje-plina","status":"publish","type":"post","link":"https:\/\/radioljubuski.ba\/index.php\/2021\/10\/14\/dzindic-najavio-i-poskupljenje-plina\/","title":{"rendered":"D\u017eindi\u0107 najavio i poskupljenje plina"},"content":{"rendered":"\n<p>Dok se vode pregovori, satovi za elektri\u010dnu energiju u dvadesetak poduze\u0107a u FBiH mjere duplo skuplje kilovate. Od Vlade FBiH o\u010dekuju da preduprijedi poslijedice. O tome da li je zaista do\u0161lo do pove\u0107anja cijena govorio je Nermin D\u017eindi\u0107, ministar energije, rudarstva i industrije FBiH, koji nagla\u0161ava da za doma\u0107instva ne\u0107e biti pove\u0107anja cijena elektri\u010dne energije. Tko \u0107e se suo\u010diti s pove\u0107anjem cijene elektri\u010dne energije i na koji na\u010din, objasnio je za&nbsp;<a href=\"https:\/\/ba.n1info.com\/vijesti\/dzindic-najavio-i-poskupljenje-plina\/\" target=\"_blank\" rel=\"noreferrer noopener\">N1.<\/a><\/p>\n\n\n\n<p>Na po\u010detku razgovora Nermin D\u017eindi\u0107 je pojasnio tko \u0107e se suo\u010diti sa pove\u0107anom cijenom elektri\u010dne energije.<\/p>\n\n\n\n<p>&#8221;Moramo pojasniti nekoliko stvari: imamo dvije kategorije potro\u0161a\u010da, odnosno dvije kategorije snadbijevanja. Jedno je javna ili univerzalna usluga, to su doma\u0107instva i javna rasvjeta, to je niskonaponska mre\u017ea, tu imamo negdje oko 55 000 pravnih subjekata, tu spadaju i tr\u017eni centri i obrtni\u010dke radnje. Za tu kategoriju potro\u0161a\u010da ne\u0107e biti pove\u0107anja cijena&#8221;, pojasnio je.<\/p>\n\n\n\n<p>Druga kategorija je tr\u017ei\u0161no snadbijevanje i tu \u0107e do\u0107i do odre\u0111enog pove\u0107anja cijene elektri\u010dne energije, navodi sugovornik.<\/p>\n\n\n\n<p>&#8221;Kada razgovaramo o tom setu pove\u0107anja cijena, napravili smo jedan model kojeg \u0107emo u ponedjeljak ili utorak na zajedni\u010dkom sastanku u Elektroprivredi, zajedno sa svim akterima, predstaviti i poku\u0161ati dobiti suglasnost i od Udru\u017eenja poslodavaca i od Elektroprivrede, uz podr\u0161ku Vlade FBiH i resornog ministarstva.&#8221;<\/p>\n\n\n\n<p>D\u017eindi\u0107 je pojasnio i o kakvom modelu je rije\u010d.<\/p>\n\n\n\n<p>&#8221;Kroz ovaj model \u017eelimo da napravimo takav model po kojem \u0107emo izvr\u0161iti selekciju gdje za ovih 10 000 gospodarskih dru\u0161tava, gdje \u0107e do\u0107i do odre\u0111enih pomjeranja cijene elektri\u010dne energije prema gore, da se postigne model da velika ve\u0107ina bude zadovoljna, a svi ne mogu biti zadovoljni. Od ovih 10 000 gospodarskih dru\u0161tava, njih 10 tro\u0161i 80 posto energije. Drugi podatak ka\u017ee da 9 990 poduze\u0107a zapo\u0161ljava veliku ve\u0107inu radnika u industriji u Federaciji BiH.<\/p>\n\n\n\n<p>Pravimo model koji bi bio podijeljen u tri kategorije: najranjivija kategorija, to su ovi najmanji a koji su na visokoj kilovoltnoj mre\u017ei \u2013 za njih \u0107e biti najminimalnije pove\u0107anje, a sljede\u0107a grupa \u0107e biti otprilike ova od deset koji najvi\u0161e tro\u0161e, i ona izme\u0111u koja ostaje \u2013 njoj \u0107emo napraviti neki mix porasta, na koji \u0107e oni, siguran sam, pristati&#8221;, rekao je ministar energije, rudarstva i industrije FBiH.<\/p>\n\n\n\n<p>U utorak \u0107e se raspraviti o tome da li \u0107e ovaj model i\u0107i kao uredba.<\/p>\n\n\n\n<p>&#8221;\u0160to se ti\u010de gra\u0111ana, vrlo jednostavno je tu da ne\u0107e biti pove\u0107anja ni do nove godine, ni nakon nove godine&#8221;, ponovio je D\u017eindi\u0107.<\/p>\n\n\n\n<p>Naveo je i da postoje zahtjevi rudnika za pove\u0107anjem cijene uglja.<\/p>\n\n\n\n<p>&#8221;Interesantno je to da u posljednjih desetak dana imamo zahtjeve od svih rudnika za pove\u0107anjem cijene uglja. Dakle, do\u0161lo je do pove\u0107anja svih repromaterijala koje koriste rudnici u procesu proizvodnje, od deset do sto posto je do\u0161lo do pove\u0107anja cijena svih komponenata: nafta, ulja, maziva, gume, dinamit, rezervni dijelovi&#8221;, rekao je D\u017eindi\u0107.<\/p>\n\n\n\n<p>Nadalje, pove\u0107ana je potra\u017enja i za plinom a fali ga, \u0161to zna\u010di da \u0107e do\u0107i do pove\u0107anja cijena plina iza nove godine, navodi sugovornik. &#8221;Poku\u0161at \u0107emo da minimalno iza nove godine pove\u0107a cijena&#8221;, naveo je D\u017eindi\u0107.<\/p>\n\n\n\n<p>Izvor:N1<\/p>\n","protected":false},"excerpt":{"rendered":"<p>Dok se vode pregovori, satovi za elektri\u010dnu energiju u dvadesetak poduze\u0107a u FBiH mjere duplo skuplje kilovate. Od Vlade FBiH o\u010dekuju da preduprijedi poslijedice. O tome da li je zaista do\u0161lo do pove\u0107anja cijena govorio je Nermin D\u017eindi\u0107, ministar energije, rudarstva i industrije FBiH, koji nagla\u0161ava da za doma\u0107instva ne\u0107e biti pove\u0107anja cijena elektri\u010dne energije. [&hellip;]<\/p>\n","protected":false},"author":2,"featured_media":75849,"comment_status":"closed","ping_status":"closed","sticky":false,"template":"","format":"standard","meta":{"h5ap_radio_sources":[],"footnotes":""},"categories":[1],"tags":[],"class_list":["post-75848","post","type-post","status-publish","format-standard","has-post-thumbnail","hentry","category-bihiregija"],"yoast_head":"<!-- This site is optimized with the Yoast SEO plugin v27.4 - https:\/\/yoast.com\/product\/yoast-seo-wordpress\/ -->\n<title>D\u017eindi\u0107 najavio i poskupljenje plina - RADIO LJUBU\u0160KI<\/title>\n<meta name=\"robots\" content=\"index, follow, max-snippet:-1, max-image-preview:large, max-video-preview:-1\" \/>\n<link rel=\"canonical\" href=\"https:\/\/radioljubuski.ba\/index.php\/2021\/10\/14\/dzindic-najavio-i-poskupljenje-plina\/\" \/>\n<meta property=\"og:locale\" content=\"hr_HR\" \/>\n<meta property=\"og:type\" content=\"article\" \/>\n<meta property=\"og:title\" content=\"D\u017eindi\u0107 najavio i poskupljenje plina - RADIO LJUBU\u0160KI\" \/>\n<meta property=\"og:description\" content=\"Dok se vode pregovori, satovi za elektri\u010dnu energiju u dvadesetak poduze\u0107a u FBiH mjere duplo skuplje kilovate. Od Vlade FBiH o\u010dekuju da preduprijedi poslijedice. O tome da li je zaista do\u0161lo do pove\u0107anja cijena govorio je Nermin D\u017eindi\u0107, ministar energije, rudarstva i industrije FBiH, koji nagla\u0161ava da za doma\u0107instva ne\u0107e biti pove\u0107anja cijena elektri\u010dne energije. [&hellip;]\" \/>\n<meta property=\"og:url\" content=\"https:\/\/radioljubuski.ba\/index.php\/2021\/10\/14\/dzindic-najavio-i-poskupljenje-plina\/\" \/>\n<meta property=\"og:site_name\" content=\"RADIO LJUBU\u0160KI\" \/>\n<meta property=\"article:publisher\" content=\"https:\/\/www.facebook.com\/Radiio-Ljubuski-1490835324566332\" \/>\n<meta property=\"article:published_time\" content=\"2021-10-14T22:35:51+00:00\" \/>\n<meta property=\"article:modified_time\" content=\"2021-10-14T22:35:53+00:00\" \/>\n<meta property=\"og:image\" content=\"https:\/\/radioljubuski.ba\/wp-content\/uploads\/2021\/10\/D6Ske0wf_dzindic.jpg\" \/>\n\t<meta property=\"og:image:width\" content=\"1000\" \/>\n\t<meta property=\"og:image:height\" content=\"625\" \/>\n\t<meta property=\"og:image:type\" content=\"image\/jpeg\" \/>\n<meta name=\"author\" content=\"Radio Ljubu\u0161ki\" \/>\n<meta name=\"twitter:card\" content=\"summary_large_image\" \/>\n<meta name=\"twitter:creator\" content=\"@radioljubuski\" \/>\n<meta name=\"twitter:site\" content=\"@radioljubuski\" \/>\n<meta name=\"twitter:label1\" content=\"Napisao\/la\" \/>\n\t<meta name=\"twitter:data1\" content=\"Radio Ljubu\u0161ki\" \/>\n\t<meta name=\"twitter:label2\" content=\"Procijenjeno vrijeme \u010ditanja\" \/>\n\t<meta name=\"twitter:data2\" content=\"3 minute\" \/>\n<script type=\"application\/ld+json\" class=\"yoast-schema-graph\">{\"@context\":\"https:\\\/\\\/schema.org\",\"@graph\":[{\"@type\":\"Article\",\"@id\":\"https:\\\/\\\/radioljubuski.ba\\\/index.php\\\/2021\\\/10\\\/14\\\/dzindic-najavio-i-poskupljenje-plina\\\/#article\",\"isPartOf\":{\"@id\":\"https:\\\/\\\/radioljubuski.ba\\\/index.php\\\/2021\\\/10\\\/14\\\/dzindic-najavio-i-poskupljenje-plina\\\/\"},\"author\":{\"name\":\"Radio Ljubu\u0161ki\",\"@id\":\"https:\\\/\\\/radioljubuski.ba\\\/#\\\/schema\\\/person\\\/19fc700381a780f69665d7956c469e3b\"},\"headline\":\"D\u017eindi\u0107 najavio i poskupljenje plina\",\"datePublished\":\"2021-10-14T22:35:51+00:00\",\"dateModified\":\"2021-10-14T22:35:53+00:00\",\"mainEntityOfPage\":{\"@id\":\"https:\\\/\\\/radioljubuski.ba\\\/index.php\\\/2021\\\/10\\\/14\\\/dzindic-najavio-i-poskupljenje-plina\\\/\"},\"wordCount\":570,\"publisher\":{\"@id\":\"https:\\\/\\\/radioljubuski.ba\\\/#organization\"},\"image\":{\"@id\":\"https:\\\/\\\/radioljubuski.ba\\\/index.php\\\/2021\\\/10\\\/14\\\/dzindic-najavio-i-poskupljenje-plina\\\/#primaryimage\"},\"thumbnailUrl\":\"https:\\\/\\\/radioljubuski.ba\\\/wp-content\\\/uploads\\\/2021\\\/10\\\/D6Ske0wf_dzindic.jpg\",\"articleSection\":[\"BIH i regija\"],\"inLanguage\":\"hr\"},{\"@type\":\"WebPage\",\"@id\":\"https:\\\/\\\/radioljubuski.ba\\\/index.php\\\/2021\\\/10\\\/14\\\/dzindic-najavio-i-poskupljenje-plina\\\/\",\"url\":\"https:\\\/\\\/radioljubuski.ba\\\/index.php\\\/2021\\\/10\\\/14\\\/dzindic-najavio-i-poskupljenje-plina\\\/\",\"name\":\"D\u017eindi\u0107 najavio i poskupljenje plina - RADIO LJUBU\u0160KI\",\"isPartOf\":{\"@id\":\"https:\\\/\\\/radioljubuski.ba\\\/#website\"},\"primaryImageOfPage\":{\"@id\":\"https:\\\/\\\/radioljubuski.ba\\\/index.php\\\/2021\\\/10\\\/14\\\/dzindic-najavio-i-poskupljenje-plina\\\/#primaryimage\"},\"image\":{\"@id\":\"https:\\\/\\\/radioljubuski.ba\\\/index.php\\\/2021\\\/10\\\/14\\\/dzindic-najavio-i-poskupljenje-plina\\\/#primaryimage\"},\"thumbnailUrl\":\"https:\\\/\\\/radioljubuski.ba\\\/wp-content\\\/uploads\\\/2021\\\/10\\\/D6Ske0wf_dzindic.jpg\",\"datePublished\":\"2021-10-14T22:35:51+00:00\",\"dateModified\":\"2021-10-14T22:35:53+00:00\",\"breadcrumb\":{\"@id\":\"https:\\\/\\\/radioljubuski.ba\\\/index.php\\\/2021\\\/10\\\/14\\\/dzindic-najavio-i-poskupljenje-plina\\\/#breadcrumb\"},\"inLanguage\":\"hr\",\"potentialAction\":[{\"@type\":\"ReadAction\",\"target\":[\"https:\\\/\\\/radioljubuski.ba\\\/index.php\\\/2021\\\/10\\\/14\\\/dzindic-najavio-i-poskupljenje-plina\\\/\"]}]},{\"@type\":\"ImageObject\",\"inLanguage\":\"hr\",\"@id\":\"https:\\\/\\\/radioljubuski.ba\\\/index.php\\\/2021\\\/10\\\/14\\\/dzindic-najavio-i-poskupljenje-plina\\\/#primaryimage\",\"url\":\"https:\\\/\\\/radioljubuski.ba\\\/wp-content\\\/uploads\\\/2021\\\/10\\\/D6Ske0wf_dzindic.jpg\",\"contentUrl\":\"https:\\\/\\\/radioljubuski.ba\\\/wp-content\\\/uploads\\\/2021\\\/10\\\/D6Ske0wf_dzindic.jpg\",\"width\":1000,\"height\":625},{\"@type\":\"BreadcrumbList\",\"@id\":\"https:\\\/\\\/radioljubuski.ba\\\/index.php\\\/2021\\\/10\\\/14\\\/dzindic-najavio-i-poskupljenje-plina\\\/#breadcrumb\",\"itemListElement\":[{\"@type\":\"ListItem\",\"position\":1,\"name\":\"Po\u010detna stranica\",\"item\":\"https:\\\/\\\/radioljubuski.ba\\\/\"},{\"@type\":\"ListItem\",\"position\":2,\"name\":\"D\u017eindi\u0107 najavio i poskupljenje plina\"}]},{\"@type\":\"WebSite\",\"@id\":\"https:\\\/\\\/radioljubuski.ba\\\/#website\",\"url\":\"https:\\\/\\\/radioljubuski.ba\\\/\",\"name\":\"Radio Ljubu\u0161ki\",\"description\":\"Sun\u010dana frekvencija Hercegovine\",\"publisher\":{\"@id\":\"https:\\\/\\\/radioljubuski.ba\\\/#organization\"},\"potentialAction\":[{\"@type\":\"SearchAction\",\"target\":{\"@type\":\"EntryPoint\",\"urlTemplate\":\"https:\\\/\\\/radioljubuski.ba\\\/?s={search_term_string}\"},\"query-input\":{\"@type\":\"PropertyValueSpecification\",\"valueRequired\":true,\"valueName\":\"search_term_string\"}}],\"inLanguage\":\"hr\"},{\"@type\":\"Organization\",\"@id\":\"https:\\\/\\\/radioljubuski.ba\\\/#organization\",\"name\":\"Radio Ljubu\u0161ki\",\"url\":\"https:\\\/\\\/radioljubuski.ba\\\/\",\"logo\":{\"@type\":\"ImageObject\",\"inLanguage\":\"hr\",\"@id\":\"https:\\\/\\\/radioljubuski.ba\\\/#\\\/schema\\\/logo\\\/image\\\/\",\"url\":\"https:\\\/\\\/radioljubuski.ba\\\/wp-content\\\/uploads\\\/2021\\\/02\\\/cropped-Radio_Ljubuski_logo1.jpg\",\"contentUrl\":\"https:\\\/\\\/radioljubuski.ba\\\/wp-content\\\/uploads\\\/2021\\\/02\\\/cropped-Radio_Ljubuski_logo1.jpg\",\"width\":512,\"height\":512,\"caption\":\"Radio Ljubu\u0161ki\"},\"image\":{\"@id\":\"https:\\\/\\\/radioljubuski.ba\\\/#\\\/schema\\\/logo\\\/image\\\/\"},\"sameAs\":[\"https:\\\/\\\/www.facebook.com\\\/Radiio-Ljubuski-1490835324566332\",\"https:\\\/\\\/x.com\\\/radioljubuski\",\"https:\\\/\\\/hr.linkedin.com\\\/company\\\/radio-ljubuski\",\"https:\\\/\\\/www.youtube.com\\\/channel\\\/UCHYaeO_n0Db3tjNGudGpXyw\"]},{\"@type\":\"Person\",\"@id\":\"https:\\\/\\\/radioljubuski.ba\\\/#\\\/schema\\\/person\\\/19fc700381a780f69665d7956c469e3b\",\"name\":\"Radio Ljubu\u0161ki\"}]}<\/script>\n<!-- \/ Yoast SEO plugin. -->","yoast_head_json":{"title":"D\u017eindi\u0107 najavio i poskupljenje plina - RADIO LJUBU\u0160KI","robots":{"index":"index","follow":"follow","max-snippet":"max-snippet:-1","max-image-preview":"max-image-preview:large","max-video-preview":"max-video-preview:-1"},"canonical":"https:\/\/radioljubuski.ba\/index.php\/2021\/10\/14\/dzindic-najavio-i-poskupljenje-plina\/","og_locale":"hr_HR","og_type":"article","og_title":"D\u017eindi\u0107 najavio i poskupljenje plina - RADIO LJUBU\u0160KI","og_description":"Dok se vode pregovori, satovi za elektri\u010dnu energiju u dvadesetak poduze\u0107a u FBiH mjere duplo skuplje kilovate. Od Vlade FBiH o\u010dekuju da preduprijedi poslijedice. O tome da li je zaista do\u0161lo do pove\u0107anja cijena govorio je Nermin D\u017eindi\u0107, ministar energije, rudarstva i industrije FBiH, koji nagla\u0161ava da za doma\u0107instva ne\u0107e biti pove\u0107anja cijena elektri\u010dne energije. [&hellip;]","og_url":"https:\/\/radioljubuski.ba\/index.php\/2021\/10\/14\/dzindic-najavio-i-poskupljenje-plina\/","og_site_name":"RADIO LJUBU\u0160KI","article_publisher":"https:\/\/www.facebook.com\/Radiio-Ljubuski-1490835324566332","article_published_time":"2021-10-14T22:35:51+00:00","article_modified_time":"2021-10-14T22:35:53+00:00","og_image":[{"width":1000,"height":625,"url":"https:\/\/radioljubuski.ba\/wp-content\/uploads\/2021\/10\/D6Ske0wf_dzindic.jpg","type":"image\/jpeg"}],"author":"Radio Ljubu\u0161ki","twitter_card":"summary_large_image","twitter_creator":"@radioljubuski","twitter_site":"@radioljubuski","twitter_misc":{"Napisao\/la":"Radio Ljubu\u0161ki","Procijenjeno vrijeme \u010ditanja":"3 minute"},"schema":{"@context":"https:\/\/schema.org","@graph":[{"@type":"Article","@id":"https:\/\/radioljubuski.ba\/index.php\/2021\/10\/14\/dzindic-najavio-i-poskupljenje-plina\/#article","isPartOf":{"@id":"https:\/\/radioljubuski.ba\/index.php\/2021\/10\/14\/dzindic-najavio-i-poskupljenje-plina\/"},"author":{"name":"Radio Ljubu\u0161ki","@id":"https:\/\/radioljubuski.ba\/#\/schema\/person\/19fc700381a780f69665d7956c469e3b"},"headline":"D\u017eindi\u0107 najavio i poskupljenje plina","datePublished":"2021-10-14T22:35:51+00:00","dateModified":"2021-10-14T22:35:53+00:00","mainEntityOfPage":{"@id":"https:\/\/radioljubuski.ba\/index.php\/2021\/10\/14\/dzindic-najavio-i-poskupljenje-plina\/"},"wordCount":570,"publisher":{"@id":"https:\/\/radioljubuski.ba\/#organization"},"image":{"@id":"https:\/\/radioljubuski.ba\/index.php\/2021\/10\/14\/dzindic-najavio-i-poskupljenje-plina\/#primaryimage"},"thumbnailUrl":"https:\/\/radioljubuski.ba\/wp-content\/uploads\/2021\/10\/D6Ske0wf_dzindic.jpg","articleSection":["BIH i regija"],"inLanguage":"hr"},{"@type":"WebPage","@id":"https:\/\/radioljubuski.ba\/index.php\/2021\/10\/14\/dzindic-najavio-i-poskupljenje-plina\/","url":"https:\/\/radioljubuski.ba\/index.php\/2021\/10\/14\/dzindic-najavio-i-poskupljenje-plina\/","name":"D\u017eindi\u0107 najavio i poskupljenje plina - RADIO LJUBU\u0160KI","isPartOf":{"@id":"https:\/\/radioljubuski.ba\/#website"},"primaryImageOfPage":{"@id":"https:\/\/radioljubuski.ba\/index.php\/2021\/10\/14\/dzindic-najavio-i-poskupljenje-plina\/#primaryimage"},"image":{"@id":"https:\/\/radioljubuski.ba\/index.php\/2021\/10\/14\/dzindic-najavio-i-poskupljenje-plina\/#primaryimage"},"thumbnailUrl":"https:\/\/radioljubuski.ba\/wp-content\/uploads\/2021\/10\/D6Ske0wf_dzindic.jpg","datePublished":"2021-10-14T22:35:51+00:00","dateModified":"2021-10-14T22:35:53+00:00","breadcrumb":{"@id":"https:\/\/radioljubuski.ba\/index.php\/2021\/10\/14\/dzindic-najavio-i-poskupljenje-plina\/#breadcrumb"},"inLanguage":"hr","potentialAction":[{"@type":"ReadAction","target":["https:\/\/radioljubuski.ba\/index.php\/2021\/10\/14\/dzindic-najavio-i-poskupljenje-plina\/"]}]},{"@type":"ImageObject","inLanguage":"hr","@id":"https:\/\/radioljubuski.ba\/index.php\/2021\/10\/14\/dzindic-najavio-i-poskupljenje-plina\/#primaryimage","url":"https:\/\/radioljubuski.ba\/wp-content\/uploads\/2021\/10\/D6Ske0wf_dzindic.jpg","contentUrl":"https:\/\/radioljubuski.ba\/wp-content\/uploads\/2021\/10\/D6Ske0wf_dzindic.jpg","width":1000,"height":625},{"@type":"BreadcrumbList","@id":"https:\/\/radioljubuski.ba\/index.php\/2021\/10\/14\/dzindic-najavio-i-poskupljenje-plina\/#breadcrumb","itemListElement":[{"@type":"ListItem","position":1,"name":"Po\u010detna stranica","item":"https:\/\/radioljubuski.ba\/"},{"@type":"ListItem","position":2,"name":"D\u017eindi\u0107 najavio i poskupljenje plina"}]},{"@type":"WebSite","@id":"https:\/\/radioljubuski.ba\/#website","url":"https:\/\/radioljubuski.ba\/","name":"Radio Ljubu\u0161ki","description":"Sun\u010dana frekvencija Hercegovine","publisher":{"@id":"https:\/\/radioljubuski.ba\/#organization"},"potentialAction":[{"@type":"SearchAction","target":{"@type":"EntryPoint","urlTemplate":"https:\/\/radioljubuski.ba\/?s={search_term_string}"},"query-input":{"@type":"PropertyValueSpecification","valueRequired":true,"valueName":"search_term_string"}}],"inLanguage":"hr"},{"@type":"Organization","@id":"https:\/\/radioljubuski.ba\/#organization","name":"Radio Ljubu\u0161ki","url":"https:\/\/radioljubuski.ba\/","logo":{"@type":"ImageObject","inLanguage":"hr","@id":"https:\/\/radioljubuski.ba\/#\/schema\/logo\/image\/","url":"https:\/\/radioljubuski.ba\/wp-content\/uploads\/2021\/02\/cropped-Radio_Ljubuski_logo1.jpg","contentUrl":"https:\/\/radioljubuski.ba\/wp-content\/uploads\/2021\/02\/cropped-Radio_Ljubuski_logo1.jpg","width":512,"height":512,"caption":"Radio Ljubu\u0161ki"},"image":{"@id":"https:\/\/radioljubuski.ba\/#\/schema\/logo\/image\/"},"sameAs":["https:\/\/www.facebook.com\/Radiio-Ljubuski-1490835324566332","https:\/\/x.com\/radioljubuski","https:\/\/hr.linkedin.com\/company\/radio-ljubuski","https:\/\/www.youtube.com\/channel\/UCHYaeO_n0Db3tjNGudGpXyw"]},{"@type":"Person","@id":"https:\/\/radioljubuski.ba\/#\/schema\/person\/19fc700381a780f69665d7956c469e3b","name":"Radio Ljubu\u0161ki"}]}},"_links":{"self":[{"href":"https:\/\/radioljubuski.ba\/index.php\/wp-json\/wp\/v2\/posts\/75848","targetHints":{"allow":["GET"]}}],"collection":[{"href":"https:\/\/radioljubuski.ba\/index.php\/wp-json\/wp\/v2\/posts"}],"about":[{"href":"https:\/\/radioljubuski.ba\/index.php\/wp-json\/wp\/v2\/types\/post"}],"author":[{"embeddable":true,"href":"https:\/\/radioljubuski.ba\/index.php\/wp-json\/wp\/v2\/users\/2"}],"replies":[{"embeddable":true,"href":"https:\/\/radioljubuski.ba\/index.php\/wp-json\/wp\/v2\/comments?post=75848"}],"version-history":[{"count":1,"href":"https:\/\/radioljubuski.ba\/index.php\/wp-json\/wp\/v2\/posts\/75848\/revisions"}],"predecessor-version":[{"id":75850,"href":"https:\/\/radioljubuski.ba\/index.php\/wp-json\/wp\/v2\/posts\/75848\/revisions\/75850"}],"wp:featuredmedia":[{"embeddable":true,"href":"https:\/\/radioljubuski.ba\/index.php\/wp-json\/wp\/v2\/media\/75849"}],"wp:attachment":[{"href":"https:\/\/radioljubuski.ba\/index.php\/wp-json\/wp\/v2\/media?parent=75848"}],"wp:term":[{"taxonomy":"category","embeddable":true,"href":"https:\/\/radioljubuski.ba\/index.php\/wp-json\/wp\/v2\/categories?post=75848"},{"taxonomy":"post_tag","embeddable":true,"href":"https:\/\/radioljubuski.ba\/index.php\/wp-json\/wp\/v2\/tags?post=75848"}],"curies":[{"name":"wp","href":"https:\/\/api.w.org\/{rel}","templated":true}]}}