{"id":75869,"date":"2021-10-14T23:46:41","date_gmt":"2021-10-14T22:46:41","guid":{"rendered":"https:\/\/radioljubuski.ba\/?p=75869"},"modified":"2021-10-14T23:46:41","modified_gmt":"2021-10-14T22:46:41","slug":"karamatic-ovo-je-i-nas-rat","status":"publish","type":"post","link":"https:\/\/radioljubuski.ba\/index.php\/2021\/10\/14\/karamatic-ovo-je-i-nas-rat\/","title":{"rendered":"Karamati\u0107: Ovo je i na\u0161 rat!"},"content":{"rendered":"\n<p><strong>Predsjednik Hrvatske selja\u010dke stranke (HSS) BiH Mario Karamati\u0107 uvjeren je kako rata u BiH ne\u0107e biti, unato\u010d prijetnjama lidera SDA Bakira Izetbegovi\u0107a kako \u0107e 1.450 tisu\u0107a \u201cpatriota\u201d sprije\u010diti ostvarenje secesionisti\u010dkih planova Milorada Dodika, te najave bo\u0161nja\u010dkog dvojca u dr\u017eavnom vrhu- D\u017eaferovi\u0107a i Kom\u0161i\u0107a da \u0107e \u201cdr\u017eavne snage\u201d intervenenirati ukoliko me\u0111unarodna zajednica ne zaustavi RS u namjeri da istjera Vojsku BiH, VSTV, OSA-u i SIPA-u iz tog entiteta.<\/strong><\/p>\n\n\n\n<p><strong>Vi\u0161ak teritorija<\/strong><\/p>\n\n\n\n<p>\u2013 Kroz povijest ratovi su se uvije vodili isklju\u010divo zbog teritorija. Naravno postoji pri\u010da o Troji i ratu koji se vodio zbog \u017eena, ali nikad nije dokazano kako se to stvarno dogodilo. U BiH trenutno zbog masovnog iseljavanja stanovni\u0161tva svi narodi imaju vi\u0161e teritorija nego im treba, tako da rat otpada, zaklju\u010dio je Karamati\u0107 u razgovoru za Hrvatski Medijski Servis.<\/p>\n\n\n\n<p>Kriza \u0107e, uvjeren je, trajati do sljede\u0107ih izbora, pa, na sve ovo, veli, treba gledati kao na predkampanju.<\/p>\n\n\n\n<p>Upitan kako se u ovom sukobu Sarajeva i Banja Luke trebaju postaviti Hrvati? Trebaju li kako Alija Izetbegovi\u0107 91. poru\u010diti \u201covo nije na\u0161 rat\u201d?, Karmati\u0107 je odgovara kako je pravo pitanje \u0161to, zapravo, Hrvati \u017eele?<\/p>\n\n\n\n<p><strong>\u201cOvo je i na\u0161 rat, jer je ovo i na\u0161a zemlja\u201d<\/strong><\/p>\n\n\n\n<p>-Ako \u017eelimo svoju dr\u017eavu ili entitet, trebamo produbiti krizu. Ukoliko, pak, \u017eelimo ovakvu BiH trebamo biti faktor stabilnosti i pomirbe. U svakom slu\u010daju trebamo nastupiti jedinstveno preko HNS-a. Htjeli mi to ili ne ovo je i na\u0161 rat, jer je ovo i na\u0161a zemlja i nemamo pravo stajati po strani, smatra lider Hrvatske selja\u010dke stranke BiH.<\/p>\n\n\n\n<p>Ho\u0107e li Dodik ovog puta \u201ci\u0107i do kraja\u201d kako on, ali i mnogi drugi, najavljuje i ho\u0107e li me\u0111unarodna zajednica intervenirati i kako, upitali smo Karamati\u0107a, na \u0161to on ka\u017ee kako Dodik nema izbora, te da, ne samo on, ve\u0107 i sve srpske stranke do izbora ne\u0107e popustiti.<\/p>\n\n\n\n<p>-Ukoliko popusti SNSD \u0107e izgubiti izbore. Ukoliko se srpska oporba vrati u Parlament- izbubit \u0107e izbore. Ukoliko i jedni i drugi ustraju o tome tko \u0107e sljede\u0107e \u010detiri godine zastupati Republiku Srpsku na dr\u017eavnoj razini odlu\u010divati \u0107e izbori i postizborni dogovori, tako da je realno o\u010dekivati nastavak krize, smatra Karamiti\u0107.<\/p>\n\n\n\n<p><strong>\u201cMZ \u0107e iz faze \u201czabrinutosti\u201d prije\u0107i u fazu \u201cduboke zabrinutosti\u201d\u201d<\/strong><\/p>\n\n\n\n<p>\u0160to se ti\u010de me\u0111unarodne zajednice Karamati\u0107 o\u010dekuje da ona iz faze \u201czabrinutosti\u201d prije\u0111e u fazu \u201cduboke zabrinutosti\u201d. \u2013 Jednostavno Bosne i Hercegovina nije u fokusu geopoliti\u010dkih zbivanja, narodski re\u010deno svijet ima pre\u010deg posla, misli lider HSS-a.<\/p>\n\n\n\n<p>Upitan tko u ve\u0107oj mjeri rastura BiH sarajevski unitaristi ili vlasti u RS i trebaju li Hrvati braniti ovakvu BiH, Karamati\u0107 nema dvojbi.<\/p>\n\n\n\n<p><strong>Tko rastura BiH?<\/strong><\/p>\n\n\n\n<p>-Vladaju\u0107e, a i ostale stranke u RS se pozivaju na Dayton i tra\u017ee provedbu potpisanog u Daytonu. S druge strane tzv. \u201cprobosanske stranke\u201d se pozivaju na iste stvari na koje se nekada pozivao Slobodan Milo\u0161evi\u0107. Dominaciju najbrojnijeg naroda pod krinkom gra\u0111anskih prava. Zaklju\u010dak je jasan najve\u0107a prijetnja opstanku BiH su bo\u0161nja\u010dke stranke i njihova politika. Stav HSS-a je jasan- ili daytonska BiH s tri u svemu ravnopravna naroda ili povratak na ono s \u010dime smo u\u0161li u ovu lu\u0111a\u010dku ko\u0161ulju a to je Hrvatska Republika Herceg Bosna, zaklju\u010dio je predsjednik HSS BiH Mario Karamati\u0107.<\/p>\n\n\n\n<p>\/HMS\/<\/p>\n","protected":false},"excerpt":{"rendered":"<p>Predsjednik Hrvatske selja\u010dke stranke (HSS) BiH Mario Karamati\u0107 uvjeren je kako rata u BiH ne\u0107e biti, unato\u010d prijetnjama lidera SDA Bakira Izetbegovi\u0107a kako \u0107e 1.450 tisu\u0107a \u201cpatriota\u201d sprije\u010diti ostvarenje secesionisti\u010dkih planova Milorada Dodika, te najave bo\u0161nja\u010dkog dvojca u dr\u017eavnom vrhu- D\u017eaferovi\u0107a i Kom\u0161i\u0107a da \u0107e \u201cdr\u017eavne snage\u201d intervenenirati ukoliko me\u0111unarodna zajednica ne zaustavi RS u [&hellip;]<\/p>\n","protected":false},"author":2,"featured_media":28720,"comment_status":"closed","ping_status":"closed","sticky":false,"template":"","format":"standard","meta":{"h5ap_radio_sources":[],"footnotes":""},"categories":[1],"tags":[],"class_list":["post-75869","post","type-post","status-publish","format-standard","has-post-thumbnail","hentry","category-bihiregija"],"yoast_head":"<!-- This site is optimized with the Yoast SEO plugin v27.4 - https:\/\/yoast.com\/product\/yoast-seo-wordpress\/ -->\n<title>Karamati\u0107: Ovo je i na\u0161 rat! - RADIO LJUBU\u0160KI<\/title>\n<meta name=\"robots\" content=\"index, follow, max-snippet:-1, max-image-preview:large, max-video-preview:-1\" \/>\n<link rel=\"canonical\" href=\"https:\/\/radioljubuski.ba\/index.php\/2021\/10\/14\/karamatic-ovo-je-i-nas-rat\/\" \/>\n<meta property=\"og:locale\" content=\"hr_HR\" \/>\n<meta property=\"og:type\" content=\"article\" \/>\n<meta property=\"og:title\" content=\"Karamati\u0107: Ovo je i na\u0161 rat! - RADIO LJUBU\u0160KI\" \/>\n<meta property=\"og:description\" content=\"Predsjednik Hrvatske selja\u010dke stranke (HSS) BiH Mario Karamati\u0107 uvjeren je kako rata u BiH ne\u0107e biti, unato\u010d prijetnjama lidera SDA Bakira Izetbegovi\u0107a kako \u0107e 1.450 tisu\u0107a \u201cpatriota\u201d sprije\u010diti ostvarenje secesionisti\u010dkih planova Milorada Dodika, te najave bo\u0161nja\u010dkog dvojca u dr\u017eavnom vrhu- D\u017eaferovi\u0107a i Kom\u0161i\u0107a da \u0107e \u201cdr\u017eavne snage\u201d intervenenirati ukoliko me\u0111unarodna zajednica ne zaustavi RS u [&hellip;]\" \/>\n<meta property=\"og:url\" content=\"https:\/\/radioljubuski.ba\/index.php\/2021\/10\/14\/karamatic-ovo-je-i-nas-rat\/\" \/>\n<meta property=\"og:site_name\" content=\"RADIO LJUBU\u0160KI\" \/>\n<meta property=\"article:publisher\" content=\"https:\/\/www.facebook.com\/Radiio-Ljubuski-1490835324566332\" \/>\n<meta property=\"article:published_time\" content=\"2021-10-14T22:46:41+00:00\" \/>\n<meta property=\"og:image\" content=\"https:\/\/radioljubuski.ba\/wp-content\/uploads\/2021\/06\/karamatic.png\" \/>\n\t<meta property=\"og:image:width\" content=\"800\" \/>\n\t<meta property=\"og:image:height\" content=\"450\" \/>\n\t<meta property=\"og:image:type\" content=\"image\/png\" \/>\n<meta name=\"author\" content=\"Radio Ljubu\u0161ki\" \/>\n<meta name=\"twitter:card\" content=\"summary_large_image\" \/>\n<meta name=\"twitter:creator\" content=\"@radioljubuski\" \/>\n<meta name=\"twitter:site\" content=\"@radioljubuski\" \/>\n<meta name=\"twitter:label1\" content=\"Napisao\/la\" \/>\n\t<meta name=\"twitter:data1\" content=\"Radio Ljubu\u0161ki\" \/>\n\t<meta name=\"twitter:label2\" content=\"Procijenjeno vrijeme \u010ditanja\" \/>\n\t<meta name=\"twitter:data2\" content=\"3 minute\" \/>\n<script type=\"application\/ld+json\" class=\"yoast-schema-graph\">{\"@context\":\"https:\\\/\\\/schema.org\",\"@graph\":[{\"@type\":\"Article\",\"@id\":\"https:\\\/\\\/radioljubuski.ba\\\/index.php\\\/2021\\\/10\\\/14\\\/karamatic-ovo-je-i-nas-rat\\\/#article\",\"isPartOf\":{\"@id\":\"https:\\\/\\\/radioljubuski.ba\\\/index.php\\\/2021\\\/10\\\/14\\\/karamatic-ovo-je-i-nas-rat\\\/\"},\"author\":{\"name\":\"Radio Ljubu\u0161ki\",\"@id\":\"https:\\\/\\\/radioljubuski.ba\\\/#\\\/schema\\\/person\\\/19fc700381a780f69665d7956c469e3b\"},\"headline\":\"Karamati\u0107: Ovo je i na\u0161 rat!\",\"datePublished\":\"2021-10-14T22:46:41+00:00\",\"mainEntityOfPage\":{\"@id\":\"https:\\\/\\\/radioljubuski.ba\\\/index.php\\\/2021\\\/10\\\/14\\\/karamatic-ovo-je-i-nas-rat\\\/\"},\"wordCount\":577,\"publisher\":{\"@id\":\"https:\\\/\\\/radioljubuski.ba\\\/#organization\"},\"image\":{\"@id\":\"https:\\\/\\\/radioljubuski.ba\\\/index.php\\\/2021\\\/10\\\/14\\\/karamatic-ovo-je-i-nas-rat\\\/#primaryimage\"},\"thumbnailUrl\":\"https:\\\/\\\/radioljubuski.ba\\\/wp-content\\\/uploads\\\/2021\\\/06\\\/karamatic.png\",\"articleSection\":[\"BIH i regija\"],\"inLanguage\":\"hr\"},{\"@type\":\"WebPage\",\"@id\":\"https:\\\/\\\/radioljubuski.ba\\\/index.php\\\/2021\\\/10\\\/14\\\/karamatic-ovo-je-i-nas-rat\\\/\",\"url\":\"https:\\\/\\\/radioljubuski.ba\\\/index.php\\\/2021\\\/10\\\/14\\\/karamatic-ovo-je-i-nas-rat\\\/\",\"name\":\"Karamati\u0107: Ovo je i na\u0161 rat! - RADIO LJUBU\u0160KI\",\"isPartOf\":{\"@id\":\"https:\\\/\\\/radioljubuski.ba\\\/#website\"},\"primaryImageOfPage\":{\"@id\":\"https:\\\/\\\/radioljubuski.ba\\\/index.php\\\/2021\\\/10\\\/14\\\/karamatic-ovo-je-i-nas-rat\\\/#primaryimage\"},\"image\":{\"@id\":\"https:\\\/\\\/radioljubuski.ba\\\/index.php\\\/2021\\\/10\\\/14\\\/karamatic-ovo-je-i-nas-rat\\\/#primaryimage\"},\"thumbnailUrl\":\"https:\\\/\\\/radioljubuski.ba\\\/wp-content\\\/uploads\\\/2021\\\/06\\\/karamatic.png\",\"datePublished\":\"2021-10-14T22:46:41+00:00\",\"breadcrumb\":{\"@id\":\"https:\\\/\\\/radioljubuski.ba\\\/index.php\\\/2021\\\/10\\\/14\\\/karamatic-ovo-je-i-nas-rat\\\/#breadcrumb\"},\"inLanguage\":\"hr\",\"potentialAction\":[{\"@type\":\"ReadAction\",\"target\":[\"https:\\\/\\\/radioljubuski.ba\\\/index.php\\\/2021\\\/10\\\/14\\\/karamatic-ovo-je-i-nas-rat\\\/\"]}]},{\"@type\":\"ImageObject\",\"inLanguage\":\"hr\",\"@id\":\"https:\\\/\\\/radioljubuski.ba\\\/index.php\\\/2021\\\/10\\\/14\\\/karamatic-ovo-je-i-nas-rat\\\/#primaryimage\",\"url\":\"https:\\\/\\\/radioljubuski.ba\\\/wp-content\\\/uploads\\\/2021\\\/06\\\/karamatic.png\",\"contentUrl\":\"https:\\\/\\\/radioljubuski.ba\\\/wp-content\\\/uploads\\\/2021\\\/06\\\/karamatic.png\",\"width\":800,\"height\":450},{\"@type\":\"BreadcrumbList\",\"@id\":\"https:\\\/\\\/radioljubuski.ba\\\/index.php\\\/2021\\\/10\\\/14\\\/karamatic-ovo-je-i-nas-rat\\\/#breadcrumb\",\"itemListElement\":[{\"@type\":\"ListItem\",\"position\":1,\"name\":\"Po\u010detna stranica\",\"item\":\"https:\\\/\\\/radioljubuski.ba\\\/\"},{\"@type\":\"ListItem\",\"position\":2,\"name\":\"Karamati\u0107: Ovo je i na\u0161 rat!\"}]},{\"@type\":\"WebSite\",\"@id\":\"https:\\\/\\\/radioljubuski.ba\\\/#website\",\"url\":\"https:\\\/\\\/radioljubuski.ba\\\/\",\"name\":\"Radio Ljubu\u0161ki\",\"description\":\"Sun\u010dana frekvencija Hercegovine\",\"publisher\":{\"@id\":\"https:\\\/\\\/radioljubuski.ba\\\/#organization\"},\"potentialAction\":[{\"@type\":\"SearchAction\",\"target\":{\"@type\":\"EntryPoint\",\"urlTemplate\":\"https:\\\/\\\/radioljubuski.ba\\\/?s={search_term_string}\"},\"query-input\":{\"@type\":\"PropertyValueSpecification\",\"valueRequired\":true,\"valueName\":\"search_term_string\"}}],\"inLanguage\":\"hr\"},{\"@type\":\"Organization\",\"@id\":\"https:\\\/\\\/radioljubuski.ba\\\/#organization\",\"name\":\"Radio Ljubu\u0161ki\",\"url\":\"https:\\\/\\\/radioljubuski.ba\\\/\",\"logo\":{\"@type\":\"ImageObject\",\"inLanguage\":\"hr\",\"@id\":\"https:\\\/\\\/radioljubuski.ba\\\/#\\\/schema\\\/logo\\\/image\\\/\",\"url\":\"https:\\\/\\\/radioljubuski.ba\\\/wp-content\\\/uploads\\\/2021\\\/02\\\/cropped-Radio_Ljubuski_logo1.jpg\",\"contentUrl\":\"https:\\\/\\\/radioljubuski.ba\\\/wp-content\\\/uploads\\\/2021\\\/02\\\/cropped-Radio_Ljubuski_logo1.jpg\",\"width\":512,\"height\":512,\"caption\":\"Radio Ljubu\u0161ki\"},\"image\":{\"@id\":\"https:\\\/\\\/radioljubuski.ba\\\/#\\\/schema\\\/logo\\\/image\\\/\"},\"sameAs\":[\"https:\\\/\\\/www.facebook.com\\\/Radiio-Ljubuski-1490835324566332\",\"https:\\\/\\\/x.com\\\/radioljubuski\",\"https:\\\/\\\/hr.linkedin.com\\\/company\\\/radio-ljubuski\",\"https:\\\/\\\/www.youtube.com\\\/channel\\\/UCHYaeO_n0Db3tjNGudGpXyw\"]},{\"@type\":\"Person\",\"@id\":\"https:\\\/\\\/radioljubuski.ba\\\/#\\\/schema\\\/person\\\/19fc700381a780f69665d7956c469e3b\",\"name\":\"Radio Ljubu\u0161ki\"}]}<\/script>\n<!-- \/ Yoast SEO plugin. -->","yoast_head_json":{"title":"Karamati\u0107: Ovo je i na\u0161 rat! - RADIO LJUBU\u0160KI","robots":{"index":"index","follow":"follow","max-snippet":"max-snippet:-1","max-image-preview":"max-image-preview:large","max-video-preview":"max-video-preview:-1"},"canonical":"https:\/\/radioljubuski.ba\/index.php\/2021\/10\/14\/karamatic-ovo-je-i-nas-rat\/","og_locale":"hr_HR","og_type":"article","og_title":"Karamati\u0107: Ovo je i na\u0161 rat! - RADIO LJUBU\u0160KI","og_description":"Predsjednik Hrvatske selja\u010dke stranke (HSS) BiH Mario Karamati\u0107 uvjeren je kako rata u BiH ne\u0107e biti, unato\u010d prijetnjama lidera SDA Bakira Izetbegovi\u0107a kako \u0107e 1.450 tisu\u0107a \u201cpatriota\u201d sprije\u010diti ostvarenje secesionisti\u010dkih planova Milorada Dodika, te najave bo\u0161nja\u010dkog dvojca u dr\u017eavnom vrhu- D\u017eaferovi\u0107a i Kom\u0161i\u0107a da \u0107e \u201cdr\u017eavne snage\u201d intervenenirati ukoliko me\u0111unarodna zajednica ne zaustavi RS u [&hellip;]","og_url":"https:\/\/radioljubuski.ba\/index.php\/2021\/10\/14\/karamatic-ovo-je-i-nas-rat\/","og_site_name":"RADIO LJUBU\u0160KI","article_publisher":"https:\/\/www.facebook.com\/Radiio-Ljubuski-1490835324566332","article_published_time":"2021-10-14T22:46:41+00:00","og_image":[{"width":800,"height":450,"url":"https:\/\/radioljubuski.ba\/wp-content\/uploads\/2021\/06\/karamatic.png","type":"image\/png"}],"author":"Radio Ljubu\u0161ki","twitter_card":"summary_large_image","twitter_creator":"@radioljubuski","twitter_site":"@radioljubuski","twitter_misc":{"Napisao\/la":"Radio Ljubu\u0161ki","Procijenjeno vrijeme \u010ditanja":"3 minute"},"schema":{"@context":"https:\/\/schema.org","@graph":[{"@type":"Article","@id":"https:\/\/radioljubuski.ba\/index.php\/2021\/10\/14\/karamatic-ovo-je-i-nas-rat\/#article","isPartOf":{"@id":"https:\/\/radioljubuski.ba\/index.php\/2021\/10\/14\/karamatic-ovo-je-i-nas-rat\/"},"author":{"name":"Radio Ljubu\u0161ki","@id":"https:\/\/radioljubuski.ba\/#\/schema\/person\/19fc700381a780f69665d7956c469e3b"},"headline":"Karamati\u0107: Ovo je i na\u0161 rat!","datePublished":"2021-10-14T22:46:41+00:00","mainEntityOfPage":{"@id":"https:\/\/radioljubuski.ba\/index.php\/2021\/10\/14\/karamatic-ovo-je-i-nas-rat\/"},"wordCount":577,"publisher":{"@id":"https:\/\/radioljubuski.ba\/#organization"},"image":{"@id":"https:\/\/radioljubuski.ba\/index.php\/2021\/10\/14\/karamatic-ovo-je-i-nas-rat\/#primaryimage"},"thumbnailUrl":"https:\/\/radioljubuski.ba\/wp-content\/uploads\/2021\/06\/karamatic.png","articleSection":["BIH i regija"],"inLanguage":"hr"},{"@type":"WebPage","@id":"https:\/\/radioljubuski.ba\/index.php\/2021\/10\/14\/karamatic-ovo-je-i-nas-rat\/","url":"https:\/\/radioljubuski.ba\/index.php\/2021\/10\/14\/karamatic-ovo-je-i-nas-rat\/","name":"Karamati\u0107: Ovo je i na\u0161 rat! - RADIO LJUBU\u0160KI","isPartOf":{"@id":"https:\/\/radioljubuski.ba\/#website"},"primaryImageOfPage":{"@id":"https:\/\/radioljubuski.ba\/index.php\/2021\/10\/14\/karamatic-ovo-je-i-nas-rat\/#primaryimage"},"image":{"@id":"https:\/\/radioljubuski.ba\/index.php\/2021\/10\/14\/karamatic-ovo-je-i-nas-rat\/#primaryimage"},"thumbnailUrl":"https:\/\/radioljubuski.ba\/wp-content\/uploads\/2021\/06\/karamatic.png","datePublished":"2021-10-14T22:46:41+00:00","breadcrumb":{"@id":"https:\/\/radioljubuski.ba\/index.php\/2021\/10\/14\/karamatic-ovo-je-i-nas-rat\/#breadcrumb"},"inLanguage":"hr","potentialAction":[{"@type":"ReadAction","target":["https:\/\/radioljubuski.ba\/index.php\/2021\/10\/14\/karamatic-ovo-je-i-nas-rat\/"]}]},{"@type":"ImageObject","inLanguage":"hr","@id":"https:\/\/radioljubuski.ba\/index.php\/2021\/10\/14\/karamatic-ovo-je-i-nas-rat\/#primaryimage","url":"https:\/\/radioljubuski.ba\/wp-content\/uploads\/2021\/06\/karamatic.png","contentUrl":"https:\/\/radioljubuski.ba\/wp-content\/uploads\/2021\/06\/karamatic.png","width":800,"height":450},{"@type":"BreadcrumbList","@id":"https:\/\/radioljubuski.ba\/index.php\/2021\/10\/14\/karamatic-ovo-je-i-nas-rat\/#breadcrumb","itemListElement":[{"@type":"ListItem","position":1,"name":"Po\u010detna stranica","item":"https:\/\/radioljubuski.ba\/"},{"@type":"ListItem","position":2,"name":"Karamati\u0107: Ovo je i na\u0161 rat!"}]},{"@type":"WebSite","@id":"https:\/\/radioljubuski.ba\/#website","url":"https:\/\/radioljubuski.ba\/","name":"Radio Ljubu\u0161ki","description":"Sun\u010dana frekvencija Hercegovine","publisher":{"@id":"https:\/\/radioljubuski.ba\/#organization"},"potentialAction":[{"@type":"SearchAction","target":{"@type":"EntryPoint","urlTemplate":"https:\/\/radioljubuski.ba\/?s={search_term_string}"},"query-input":{"@type":"PropertyValueSpecification","valueRequired":true,"valueName":"search_term_string"}}],"inLanguage":"hr"},{"@type":"Organization","@id":"https:\/\/radioljubuski.ba\/#organization","name":"Radio Ljubu\u0161ki","url":"https:\/\/radioljubuski.ba\/","logo":{"@type":"ImageObject","inLanguage":"hr","@id":"https:\/\/radioljubuski.ba\/#\/schema\/logo\/image\/","url":"https:\/\/radioljubuski.ba\/wp-content\/uploads\/2021\/02\/cropped-Radio_Ljubuski_logo1.jpg","contentUrl":"https:\/\/radioljubuski.ba\/wp-content\/uploads\/2021\/02\/cropped-Radio_Ljubuski_logo1.jpg","width":512,"height":512,"caption":"Radio Ljubu\u0161ki"},"image":{"@id":"https:\/\/radioljubuski.ba\/#\/schema\/logo\/image\/"},"sameAs":["https:\/\/www.facebook.com\/Radiio-Ljubuski-1490835324566332","https:\/\/x.com\/radioljubuski","https:\/\/hr.linkedin.com\/company\/radio-ljubuski","https:\/\/www.youtube.com\/channel\/UCHYaeO_n0Db3tjNGudGpXyw"]},{"@type":"Person","@id":"https:\/\/radioljubuski.ba\/#\/schema\/person\/19fc700381a780f69665d7956c469e3b","name":"Radio Ljubu\u0161ki"}]}},"_links":{"self":[{"href":"https:\/\/radioljubuski.ba\/index.php\/wp-json\/wp\/v2\/posts\/75869","targetHints":{"allow":["GET"]}}],"collection":[{"href":"https:\/\/radioljubuski.ba\/index.php\/wp-json\/wp\/v2\/posts"}],"about":[{"href":"https:\/\/radioljubuski.ba\/index.php\/wp-json\/wp\/v2\/types\/post"}],"author":[{"embeddable":true,"href":"https:\/\/radioljubuski.ba\/index.php\/wp-json\/wp\/v2\/users\/2"}],"replies":[{"embeddable":true,"href":"https:\/\/radioljubuski.ba\/index.php\/wp-json\/wp\/v2\/comments?post=75869"}],"version-history":[{"count":1,"href":"https:\/\/radioljubuski.ba\/index.php\/wp-json\/wp\/v2\/posts\/75869\/revisions"}],"predecessor-version":[{"id":75870,"href":"https:\/\/radioljubuski.ba\/index.php\/wp-json\/wp\/v2\/posts\/75869\/revisions\/75870"}],"wp:featuredmedia":[{"embeddable":true,"href":"https:\/\/radioljubuski.ba\/index.php\/wp-json\/wp\/v2\/media\/28720"}],"wp:attachment":[{"href":"https:\/\/radioljubuski.ba\/index.php\/wp-json\/wp\/v2\/media?parent=75869"}],"wp:term":[{"taxonomy":"category","embeddable":true,"href":"https:\/\/radioljubuski.ba\/index.php\/wp-json\/wp\/v2\/categories?post=75869"},{"taxonomy":"post_tag","embeddable":true,"href":"https:\/\/radioljubuski.ba\/index.php\/wp-json\/wp\/v2\/tags?post=75869"}],"curies":[{"name":"wp","href":"https:\/\/api.w.org\/{rel}","templated":true}]}}