{"id":75877,"date":"2021-10-14T23:51:11","date_gmt":"2021-10-14T22:51:11","guid":{"rendered":"https:\/\/radioljubuski.ba\/?p=75877"},"modified":"2021-10-14T23:51:12","modified_gmt":"2021-10-14T22:51:12","slug":"raguz-ako-ne-ide-moze-se-dogovoriti-sporazuman-raskid-braka","status":"publish","type":"post","link":"https:\/\/radioljubuski.ba\/index.php\/2021\/10\/14\/raguz-ako-ne-ide-moze-se-dogovoriti-sporazuman-raskid-braka\/","title":{"rendered":"Ragu\u017e: Ako ne ide mo\u017ee se dogovoriti sporazuman raskid braka"},"content":{"rendered":"\n<p><strong>Predsjednik Hrvatske republikanske stranke (HRS) Slaven Ragu\u017e apsolutno nije za brisanje etni\u010dkog principa iz Izbornog zakona, na na\u010din kako to predla\u017eu neki predstavnici me\u0111unarodne zajednice. Smatra da oni ne \u017eele prihvate realnost na terenu, pa predla\u017eu ne\u0161to \u0161to nije provodivo.<\/strong><\/p>\n\n\n\n<p>\u201cIdenti\u010dnu pogre\u0161ku kao i u Afganistanu, prvenstveno ameri\u010dka politika, a samim tim i me\u0111unarodna zajednica, radi u Bosni i Hercegovini. Ima preddefiniranu strategiju prema Bosni i Hercegovini koja je utemeljena na cijelom nizu pogre\u0161nih predrasuda i sada o\u010dekuju da se realnost, odnosno bosanskohercegova\u010dka stvarnost prilagodi toj njihovoj strategiji. A ta njihova strategija je brisanje etni\u010dkih principa, odnosno nacionalnih prefiksa. U Bosni i Hercegovini to je utopija, jer je to zemlja tri konstitutivna naroda i tko god to negira u biti negira Bosnu i Hercegovinu kao dr\u017eavu\u201c, kazao je Ragu\u017e u intervju za BHRT.<\/p>\n\n\n\n<p><strong>Neka ostane Kom\u0161i\u0107 u Predsjedni\u0161tvu<\/strong><\/p>\n\n\n\n<p>Slaven Ragu\u017e kritizira politiku HDZ-a jer kao glavni problem u Izbornom zakonu vidi izbor \u010dlanova Predsjedni\u0161tva BiH, dok on smatra kako u fokusu treba biti izbor delegata u Domu naroda. Uz bojazan da \u0107e u dijelu publike, kako je rekao, zvu\u010dati blasfemi\u010dno, Ragu\u017e je ustvrdio:<\/p>\n\n\n\n<p>\u201eNeka \u017deljko Kom\u0161i\u0107 ostane u Predsjedni\u0161tvu, ali neka se na\u0111e osigura\u010d da Hrvatima nitko u Domu naroda, ili bilo gdje drugo u zakonodavnim tijelima, ne mo\u017ee birati njihove predstavnike, nego da ih biraju Hrvati. Nama je sada u fokusu izbor za \u010dlana Predsjedni\u0161tva zato \u0161to je to u fokusu Dragana \u010covi\u0107a i HDZ-a BiH. Hrvatima kao narodu puno je va\u017eniji izbor delegata u Domu naroda i puno vi\u0161e bi trebali truda ulo\u017eiti u osiguravanje da delegati u Domu naroda uistinu predstavljaju hrvatski narod\u201c, govori lider HRS-a.<\/p>\n\n\n\n<p><strong>Republikanci su alternativa HDZ-u<\/strong><\/p>\n\n\n\n<p>Predsjednik Hrvatske republikanske stranke Slaven Ragu\u017e isti\u010de kako Hrvate u BiH ne bi trebalo gledati kroz HDZ. Alternativa su republikanci koji su, kako tvrdi, slobodoumni, nezavisni, nepotkupljivi i koji ne gledaju na politiku i politi\u010dko djelovanje kao na cilj za realizaciju osobnih ambicija.<\/p>\n\n\n\n<p>\u201eAlternativa su svi oni koji ne \u017eele \u017eivjeti u ovakvom dru\u0161tvu u Bosni i Hercegovini, ne podijeljenom na nacionalnoj osnovi nego podijeljenom na politi\u010dke kaste i na obi\u010dan narod. Ja uvijek i odgovorno tvrdim da ve\u0107i prijatelj Draganu \u010covi\u0107u \u0107e uvijek biti Bakir Izetbegovi\u0107 i Milorad Dodik nego \u0161to \u0107e biti bilo koji pripadnik njegovog naroda, naroda kojeg predstavlja\u201c, smatra Slaven Ragu\u017e.<\/p>\n\n\n\n<p><strong>Bo\u0161njaci ne iskazuju uva\u017eavanje prema Hrvatima<\/strong><\/p>\n\n\n\n<p>Ragu\u017e politiku koju vodi predsjednik Stranke demokratske akcije (SDA) Bakir Izetbegovi\u0107 naziva \u201epolitkom unitaristi\u010dkog Sarajeva\u201c, a \u201ecilj je od Federacije BiH napraviti bo\u0161nja\u010dki entitet\u201c.<\/p>\n\n\n\n<p>\u201eOn je (Bakir Izetbegovi\u0107 op.a.) apsolutno upregnuo sve i politi\u010dke i institucionalne uzde da to na kraju i napravi. U trenutku kada vi imate jednog takvog sugovornika, koji bi u stvarnosti trebao biti va\u0161 partner, koji bi zajedno s vama trebao djelovati na budu\u0107nosti zemlje, a koji to ne \u017eeli, koji gleda na vas kao na osobu druge kategorije, druge ili tre\u0107e kategorije, kao manje vrijednu osobu i koji promovira, uvjetno re\u010deno, teror manjine nad ve\u0107inom onda uzmete primjer iz prakti\u010dnog \u017eivota jedne obitelji. Ako ne ide mo\u017ee se dogovoriti sporazuman raskid braka\u201c, govori lider HRS-a Slaven Ragu\u017e.<\/p>\n\n\n\n<p>Upravo o mogu\u0107em \u201erazvodu braka\u201c i blokadi institucija dr\u017eave Ragu\u017e je govorio u lipnju ove godine, na zasjedanju Hrvatskog narodnog sabora ako bude nastavljena, kako je naziva, \u201einstitucionalna i ustavna diskriminacija hrvatskog naroda\u201c. Upitan o tome da li ta njegova politika li\u010di na politiku Milorada Dodika, Ragu\u017e je ustvrdio kako postoji jedna bitna razlika:<\/p>\n\n\n\n<p>\u201eJa da sam u tijelima vlasti, ja bih to proveo, a ne bih samo promovirao to\u201c.<\/p>\n\n\n\n<p><\/p>\n\n\n\n<p>\/HMS\/<\/p>\n","protected":false},"excerpt":{"rendered":"<p>Predsjednik Hrvatske republikanske stranke (HRS) Slaven Ragu\u017e apsolutno nije za brisanje etni\u010dkog principa iz Izbornog zakona, na na\u010din kako to predla\u017eu neki predstavnici me\u0111unarodne zajednice. Smatra da oni ne \u017eele prihvate realnost na terenu, pa predla\u017eu ne\u0161to \u0161to nije provodivo. \u201cIdenti\u010dnu pogre\u0161ku kao i u Afganistanu, prvenstveno ameri\u010dka politika, a samim tim i me\u0111unarodna zajednica, [&hellip;]<\/p>\n","protected":false},"author":2,"featured_media":75878,"comment_status":"closed","ping_status":"closed","sticky":false,"template":"","format":"standard","meta":{"h5ap_radio_sources":[],"footnotes":""},"categories":[1],"tags":[],"class_list":["post-75877","post","type-post","status-publish","format-standard","has-post-thumbnail","hentry","category-bihiregija"],"yoast_head":"<!-- This site is optimized with the Yoast SEO plugin v27.4 - https:\/\/yoast.com\/product\/yoast-seo-wordpress\/ -->\n<title>Ragu\u017e: Ako ne ide mo\u017ee se dogovoriti sporazuman raskid braka - RADIO LJUBU\u0160KI<\/title>\n<meta name=\"robots\" content=\"index, follow, max-snippet:-1, max-image-preview:large, max-video-preview:-1\" \/>\n<link rel=\"canonical\" href=\"https:\/\/radioljubuski.ba\/index.php\/2021\/10\/14\/raguz-ako-ne-ide-moze-se-dogovoriti-sporazuman-raskid-braka\/\" \/>\n<meta property=\"og:locale\" content=\"hr_HR\" \/>\n<meta property=\"og:type\" content=\"article\" \/>\n<meta property=\"og:title\" content=\"Ragu\u017e: Ako ne ide mo\u017ee se dogovoriti sporazuman raskid braka - RADIO LJUBU\u0160KI\" \/>\n<meta property=\"og:description\" content=\"Predsjednik Hrvatske republikanske stranke (HRS) Slaven Ragu\u017e apsolutno nije za brisanje etni\u010dkog principa iz Izbornog zakona, na na\u010din kako to predla\u017eu neki predstavnici me\u0111unarodne zajednice. Smatra da oni ne \u017eele prihvate realnost na terenu, pa predla\u017eu ne\u0161to \u0161to nije provodivo. \u201cIdenti\u010dnu pogre\u0161ku kao i u Afganistanu, prvenstveno ameri\u010dka politika, a samim tim i me\u0111unarodna zajednica, [&hellip;]\" \/>\n<meta property=\"og:url\" content=\"https:\/\/radioljubuski.ba\/index.php\/2021\/10\/14\/raguz-ako-ne-ide-moze-se-dogovoriti-sporazuman-raskid-braka\/\" \/>\n<meta property=\"og:site_name\" content=\"RADIO LJUBU\u0160KI\" \/>\n<meta property=\"article:publisher\" content=\"https:\/\/www.facebook.com\/Radiio-Ljubuski-1490835324566332\" \/>\n<meta property=\"article:published_time\" content=\"2021-10-14T22:51:11+00:00\" \/>\n<meta property=\"article:modified_time\" content=\"2021-10-14T22:51:12+00:00\" \/>\n<meta property=\"og:image\" content=\"https:\/\/radioljubuski.ba\/wp-content\/uploads\/2021\/10\/raguz-bhrt-e1634230776368.jpg\" \/>\n\t<meta property=\"og:image:width\" content=\"734\" \/>\n\t<meta property=\"og:image:height\" content=\"386\" \/>\n\t<meta property=\"og:image:type\" content=\"image\/jpeg\" \/>\n<meta name=\"author\" content=\"Radio Ljubu\u0161ki\" \/>\n<meta name=\"twitter:card\" content=\"summary_large_image\" \/>\n<meta name=\"twitter:creator\" content=\"@radioljubuski\" \/>\n<meta name=\"twitter:site\" content=\"@radioljubuski\" \/>\n<meta name=\"twitter:label1\" content=\"Napisao\/la\" \/>\n\t<meta name=\"twitter:data1\" content=\"Radio Ljubu\u0161ki\" \/>\n\t<meta name=\"twitter:label2\" content=\"Procijenjeno vrijeme \u010ditanja\" \/>\n\t<meta name=\"twitter:data2\" content=\"3 minute\" \/>\n<script type=\"application\/ld+json\" class=\"yoast-schema-graph\">{\"@context\":\"https:\\\/\\\/schema.org\",\"@graph\":[{\"@type\":\"Article\",\"@id\":\"https:\\\/\\\/radioljubuski.ba\\\/index.php\\\/2021\\\/10\\\/14\\\/raguz-ako-ne-ide-moze-se-dogovoriti-sporazuman-raskid-braka\\\/#article\",\"isPartOf\":{\"@id\":\"https:\\\/\\\/radioljubuski.ba\\\/index.php\\\/2021\\\/10\\\/14\\\/raguz-ako-ne-ide-moze-se-dogovoriti-sporazuman-raskid-braka\\\/\"},\"author\":{\"name\":\"Radio Ljubu\u0161ki\",\"@id\":\"https:\\\/\\\/radioljubuski.ba\\\/#\\\/schema\\\/person\\\/19fc700381a780f69665d7956c469e3b\"},\"headline\":\"Ragu\u017e: Ako ne ide mo\u017ee se dogovoriti sporazuman raskid braka\",\"datePublished\":\"2021-10-14T22:51:11+00:00\",\"dateModified\":\"2021-10-14T22:51:12+00:00\",\"mainEntityOfPage\":{\"@id\":\"https:\\\/\\\/radioljubuski.ba\\\/index.php\\\/2021\\\/10\\\/14\\\/raguz-ako-ne-ide-moze-se-dogovoriti-sporazuman-raskid-braka\\\/\"},\"wordCount\":640,\"publisher\":{\"@id\":\"https:\\\/\\\/radioljubuski.ba\\\/#organization\"},\"image\":{\"@id\":\"https:\\\/\\\/radioljubuski.ba\\\/index.php\\\/2021\\\/10\\\/14\\\/raguz-ako-ne-ide-moze-se-dogovoriti-sporazuman-raskid-braka\\\/#primaryimage\"},\"thumbnailUrl\":\"https:\\\/\\\/radioljubuski.ba\\\/wp-content\\\/uploads\\\/2021\\\/10\\\/raguz-bhrt-e1634230776368.jpg\",\"articleSection\":[\"BIH i regija\"],\"inLanguage\":\"hr\"},{\"@type\":\"WebPage\",\"@id\":\"https:\\\/\\\/radioljubuski.ba\\\/index.php\\\/2021\\\/10\\\/14\\\/raguz-ako-ne-ide-moze-se-dogovoriti-sporazuman-raskid-braka\\\/\",\"url\":\"https:\\\/\\\/radioljubuski.ba\\\/index.php\\\/2021\\\/10\\\/14\\\/raguz-ako-ne-ide-moze-se-dogovoriti-sporazuman-raskid-braka\\\/\",\"name\":\"Ragu\u017e: Ako ne ide mo\u017ee se dogovoriti sporazuman raskid braka - RADIO LJUBU\u0160KI\",\"isPartOf\":{\"@id\":\"https:\\\/\\\/radioljubuski.ba\\\/#website\"},\"primaryImageOfPage\":{\"@id\":\"https:\\\/\\\/radioljubuski.ba\\\/index.php\\\/2021\\\/10\\\/14\\\/raguz-ako-ne-ide-moze-se-dogovoriti-sporazuman-raskid-braka\\\/#primaryimage\"},\"image\":{\"@id\":\"https:\\\/\\\/radioljubuski.ba\\\/index.php\\\/2021\\\/10\\\/14\\\/raguz-ako-ne-ide-moze-se-dogovoriti-sporazuman-raskid-braka\\\/#primaryimage\"},\"thumbnailUrl\":\"https:\\\/\\\/radioljubuski.ba\\\/wp-content\\\/uploads\\\/2021\\\/10\\\/raguz-bhrt-e1634230776368.jpg\",\"datePublished\":\"2021-10-14T22:51:11+00:00\",\"dateModified\":\"2021-10-14T22:51:12+00:00\",\"breadcrumb\":{\"@id\":\"https:\\\/\\\/radioljubuski.ba\\\/index.php\\\/2021\\\/10\\\/14\\\/raguz-ako-ne-ide-moze-se-dogovoriti-sporazuman-raskid-braka\\\/#breadcrumb\"},\"inLanguage\":\"hr\",\"potentialAction\":[{\"@type\":\"ReadAction\",\"target\":[\"https:\\\/\\\/radioljubuski.ba\\\/index.php\\\/2021\\\/10\\\/14\\\/raguz-ako-ne-ide-moze-se-dogovoriti-sporazuman-raskid-braka\\\/\"]}]},{\"@type\":\"ImageObject\",\"inLanguage\":\"hr\",\"@id\":\"https:\\\/\\\/radioljubuski.ba\\\/index.php\\\/2021\\\/10\\\/14\\\/raguz-ako-ne-ide-moze-se-dogovoriti-sporazuman-raskid-braka\\\/#primaryimage\",\"url\":\"https:\\\/\\\/radioljubuski.ba\\\/wp-content\\\/uploads\\\/2021\\\/10\\\/raguz-bhrt-e1634230776368.jpg\",\"contentUrl\":\"https:\\\/\\\/radioljubuski.ba\\\/wp-content\\\/uploads\\\/2021\\\/10\\\/raguz-bhrt-e1634230776368.jpg\",\"width\":734,\"height\":386},{\"@type\":\"BreadcrumbList\",\"@id\":\"https:\\\/\\\/radioljubuski.ba\\\/index.php\\\/2021\\\/10\\\/14\\\/raguz-ako-ne-ide-moze-se-dogovoriti-sporazuman-raskid-braka\\\/#breadcrumb\",\"itemListElement\":[{\"@type\":\"ListItem\",\"position\":1,\"name\":\"Po\u010detna stranica\",\"item\":\"https:\\\/\\\/radioljubuski.ba\\\/\"},{\"@type\":\"ListItem\",\"position\":2,\"name\":\"Ragu\u017e: Ako ne ide mo\u017ee se dogovoriti sporazuman raskid braka\"}]},{\"@type\":\"WebSite\",\"@id\":\"https:\\\/\\\/radioljubuski.ba\\\/#website\",\"url\":\"https:\\\/\\\/radioljubuski.ba\\\/\",\"name\":\"Radio Ljubu\u0161ki\",\"description\":\"Sun\u010dana frekvencija Hercegovine\",\"publisher\":{\"@id\":\"https:\\\/\\\/radioljubuski.ba\\\/#organization\"},\"potentialAction\":[{\"@type\":\"SearchAction\",\"target\":{\"@type\":\"EntryPoint\",\"urlTemplate\":\"https:\\\/\\\/radioljubuski.ba\\\/?s={search_term_string}\"},\"query-input\":{\"@type\":\"PropertyValueSpecification\",\"valueRequired\":true,\"valueName\":\"search_term_string\"}}],\"inLanguage\":\"hr\"},{\"@type\":\"Organization\",\"@id\":\"https:\\\/\\\/radioljubuski.ba\\\/#organization\",\"name\":\"Radio Ljubu\u0161ki\",\"url\":\"https:\\\/\\\/radioljubuski.ba\\\/\",\"logo\":{\"@type\":\"ImageObject\",\"inLanguage\":\"hr\",\"@id\":\"https:\\\/\\\/radioljubuski.ba\\\/#\\\/schema\\\/logo\\\/image\\\/\",\"url\":\"https:\\\/\\\/radioljubuski.ba\\\/wp-content\\\/uploads\\\/2021\\\/02\\\/cropped-Radio_Ljubuski_logo1.jpg\",\"contentUrl\":\"https:\\\/\\\/radioljubuski.ba\\\/wp-content\\\/uploads\\\/2021\\\/02\\\/cropped-Radio_Ljubuski_logo1.jpg\",\"width\":512,\"height\":512,\"caption\":\"Radio Ljubu\u0161ki\"},\"image\":{\"@id\":\"https:\\\/\\\/radioljubuski.ba\\\/#\\\/schema\\\/logo\\\/image\\\/\"},\"sameAs\":[\"https:\\\/\\\/www.facebook.com\\\/Radiio-Ljubuski-1490835324566332\",\"https:\\\/\\\/x.com\\\/radioljubuski\",\"https:\\\/\\\/hr.linkedin.com\\\/company\\\/radio-ljubuski\",\"https:\\\/\\\/www.youtube.com\\\/channel\\\/UCHYaeO_n0Db3tjNGudGpXyw\"]},{\"@type\":\"Person\",\"@id\":\"https:\\\/\\\/radioljubuski.ba\\\/#\\\/schema\\\/person\\\/19fc700381a780f69665d7956c469e3b\",\"name\":\"Radio Ljubu\u0161ki\"}]}<\/script>\n<!-- \/ Yoast SEO plugin. -->","yoast_head_json":{"title":"Ragu\u017e: Ako ne ide mo\u017ee se dogovoriti sporazuman raskid braka - RADIO LJUBU\u0160KI","robots":{"index":"index","follow":"follow","max-snippet":"max-snippet:-1","max-image-preview":"max-image-preview:large","max-video-preview":"max-video-preview:-1"},"canonical":"https:\/\/radioljubuski.ba\/index.php\/2021\/10\/14\/raguz-ako-ne-ide-moze-se-dogovoriti-sporazuman-raskid-braka\/","og_locale":"hr_HR","og_type":"article","og_title":"Ragu\u017e: Ako ne ide mo\u017ee se dogovoriti sporazuman raskid braka - RADIO LJUBU\u0160KI","og_description":"Predsjednik Hrvatske republikanske stranke (HRS) Slaven Ragu\u017e apsolutno nije za brisanje etni\u010dkog principa iz Izbornog zakona, na na\u010din kako to predla\u017eu neki predstavnici me\u0111unarodne zajednice. Smatra da oni ne \u017eele prihvate realnost na terenu, pa predla\u017eu ne\u0161to \u0161to nije provodivo. \u201cIdenti\u010dnu pogre\u0161ku kao i u Afganistanu, prvenstveno ameri\u010dka politika, a samim tim i me\u0111unarodna zajednica, [&hellip;]","og_url":"https:\/\/radioljubuski.ba\/index.php\/2021\/10\/14\/raguz-ako-ne-ide-moze-se-dogovoriti-sporazuman-raskid-braka\/","og_site_name":"RADIO LJUBU\u0160KI","article_publisher":"https:\/\/www.facebook.com\/Radiio-Ljubuski-1490835324566332","article_published_time":"2021-10-14T22:51:11+00:00","article_modified_time":"2021-10-14T22:51:12+00:00","og_image":[{"width":734,"height":386,"url":"https:\/\/radioljubuski.ba\/wp-content\/uploads\/2021\/10\/raguz-bhrt-e1634230776368.jpg","type":"image\/jpeg"}],"author":"Radio Ljubu\u0161ki","twitter_card":"summary_large_image","twitter_creator":"@radioljubuski","twitter_site":"@radioljubuski","twitter_misc":{"Napisao\/la":"Radio Ljubu\u0161ki","Procijenjeno vrijeme \u010ditanja":"3 minute"},"schema":{"@context":"https:\/\/schema.org","@graph":[{"@type":"Article","@id":"https:\/\/radioljubuski.ba\/index.php\/2021\/10\/14\/raguz-ako-ne-ide-moze-se-dogovoriti-sporazuman-raskid-braka\/#article","isPartOf":{"@id":"https:\/\/radioljubuski.ba\/index.php\/2021\/10\/14\/raguz-ako-ne-ide-moze-se-dogovoriti-sporazuman-raskid-braka\/"},"author":{"name":"Radio Ljubu\u0161ki","@id":"https:\/\/radioljubuski.ba\/#\/schema\/person\/19fc700381a780f69665d7956c469e3b"},"headline":"Ragu\u017e: Ako ne ide mo\u017ee se dogovoriti sporazuman raskid braka","datePublished":"2021-10-14T22:51:11+00:00","dateModified":"2021-10-14T22:51:12+00:00","mainEntityOfPage":{"@id":"https:\/\/radioljubuski.ba\/index.php\/2021\/10\/14\/raguz-ako-ne-ide-moze-se-dogovoriti-sporazuman-raskid-braka\/"},"wordCount":640,"publisher":{"@id":"https:\/\/radioljubuski.ba\/#organization"},"image":{"@id":"https:\/\/radioljubuski.ba\/index.php\/2021\/10\/14\/raguz-ako-ne-ide-moze-se-dogovoriti-sporazuman-raskid-braka\/#primaryimage"},"thumbnailUrl":"https:\/\/radioljubuski.ba\/wp-content\/uploads\/2021\/10\/raguz-bhrt-e1634230776368.jpg","articleSection":["BIH i regija"],"inLanguage":"hr"},{"@type":"WebPage","@id":"https:\/\/radioljubuski.ba\/index.php\/2021\/10\/14\/raguz-ako-ne-ide-moze-se-dogovoriti-sporazuman-raskid-braka\/","url":"https:\/\/radioljubuski.ba\/index.php\/2021\/10\/14\/raguz-ako-ne-ide-moze-se-dogovoriti-sporazuman-raskid-braka\/","name":"Ragu\u017e: Ako ne ide mo\u017ee se dogovoriti sporazuman raskid braka - RADIO LJUBU\u0160KI","isPartOf":{"@id":"https:\/\/radioljubuski.ba\/#website"},"primaryImageOfPage":{"@id":"https:\/\/radioljubuski.ba\/index.php\/2021\/10\/14\/raguz-ako-ne-ide-moze-se-dogovoriti-sporazuman-raskid-braka\/#primaryimage"},"image":{"@id":"https:\/\/radioljubuski.ba\/index.php\/2021\/10\/14\/raguz-ako-ne-ide-moze-se-dogovoriti-sporazuman-raskid-braka\/#primaryimage"},"thumbnailUrl":"https:\/\/radioljubuski.ba\/wp-content\/uploads\/2021\/10\/raguz-bhrt-e1634230776368.jpg","datePublished":"2021-10-14T22:51:11+00:00","dateModified":"2021-10-14T22:51:12+00:00","breadcrumb":{"@id":"https:\/\/radioljubuski.ba\/index.php\/2021\/10\/14\/raguz-ako-ne-ide-moze-se-dogovoriti-sporazuman-raskid-braka\/#breadcrumb"},"inLanguage":"hr","potentialAction":[{"@type":"ReadAction","target":["https:\/\/radioljubuski.ba\/index.php\/2021\/10\/14\/raguz-ako-ne-ide-moze-se-dogovoriti-sporazuman-raskid-braka\/"]}]},{"@type":"ImageObject","inLanguage":"hr","@id":"https:\/\/radioljubuski.ba\/index.php\/2021\/10\/14\/raguz-ako-ne-ide-moze-se-dogovoriti-sporazuman-raskid-braka\/#primaryimage","url":"https:\/\/radioljubuski.ba\/wp-content\/uploads\/2021\/10\/raguz-bhrt-e1634230776368.jpg","contentUrl":"https:\/\/radioljubuski.ba\/wp-content\/uploads\/2021\/10\/raguz-bhrt-e1634230776368.jpg","width":734,"height":386},{"@type":"BreadcrumbList","@id":"https:\/\/radioljubuski.ba\/index.php\/2021\/10\/14\/raguz-ako-ne-ide-moze-se-dogovoriti-sporazuman-raskid-braka\/#breadcrumb","itemListElement":[{"@type":"ListItem","position":1,"name":"Po\u010detna stranica","item":"https:\/\/radioljubuski.ba\/"},{"@type":"ListItem","position":2,"name":"Ragu\u017e: Ako ne ide mo\u017ee se dogovoriti sporazuman raskid braka"}]},{"@type":"WebSite","@id":"https:\/\/radioljubuski.ba\/#website","url":"https:\/\/radioljubuski.ba\/","name":"Radio Ljubu\u0161ki","description":"Sun\u010dana frekvencija Hercegovine","publisher":{"@id":"https:\/\/radioljubuski.ba\/#organization"},"potentialAction":[{"@type":"SearchAction","target":{"@type":"EntryPoint","urlTemplate":"https:\/\/radioljubuski.ba\/?s={search_term_string}"},"query-input":{"@type":"PropertyValueSpecification","valueRequired":true,"valueName":"search_term_string"}}],"inLanguage":"hr"},{"@type":"Organization","@id":"https:\/\/radioljubuski.ba\/#organization","name":"Radio Ljubu\u0161ki","url":"https:\/\/radioljubuski.ba\/","logo":{"@type":"ImageObject","inLanguage":"hr","@id":"https:\/\/radioljubuski.ba\/#\/schema\/logo\/image\/","url":"https:\/\/radioljubuski.ba\/wp-content\/uploads\/2021\/02\/cropped-Radio_Ljubuski_logo1.jpg","contentUrl":"https:\/\/radioljubuski.ba\/wp-content\/uploads\/2021\/02\/cropped-Radio_Ljubuski_logo1.jpg","width":512,"height":512,"caption":"Radio Ljubu\u0161ki"},"image":{"@id":"https:\/\/radioljubuski.ba\/#\/schema\/logo\/image\/"},"sameAs":["https:\/\/www.facebook.com\/Radiio-Ljubuski-1490835324566332","https:\/\/x.com\/radioljubuski","https:\/\/hr.linkedin.com\/company\/radio-ljubuski","https:\/\/www.youtube.com\/channel\/UCHYaeO_n0Db3tjNGudGpXyw"]},{"@type":"Person","@id":"https:\/\/radioljubuski.ba\/#\/schema\/person\/19fc700381a780f69665d7956c469e3b","name":"Radio Ljubu\u0161ki"}]}},"_links":{"self":[{"href":"https:\/\/radioljubuski.ba\/index.php\/wp-json\/wp\/v2\/posts\/75877","targetHints":{"allow":["GET"]}}],"collection":[{"href":"https:\/\/radioljubuski.ba\/index.php\/wp-json\/wp\/v2\/posts"}],"about":[{"href":"https:\/\/radioljubuski.ba\/index.php\/wp-json\/wp\/v2\/types\/post"}],"author":[{"embeddable":true,"href":"https:\/\/radioljubuski.ba\/index.php\/wp-json\/wp\/v2\/users\/2"}],"replies":[{"embeddable":true,"href":"https:\/\/radioljubuski.ba\/index.php\/wp-json\/wp\/v2\/comments?post=75877"}],"version-history":[{"count":1,"href":"https:\/\/radioljubuski.ba\/index.php\/wp-json\/wp\/v2\/posts\/75877\/revisions"}],"predecessor-version":[{"id":75879,"href":"https:\/\/radioljubuski.ba\/index.php\/wp-json\/wp\/v2\/posts\/75877\/revisions\/75879"}],"wp:featuredmedia":[{"embeddable":true,"href":"https:\/\/radioljubuski.ba\/index.php\/wp-json\/wp\/v2\/media\/75878"}],"wp:attachment":[{"href":"https:\/\/radioljubuski.ba\/index.php\/wp-json\/wp\/v2\/media?parent=75877"}],"wp:term":[{"taxonomy":"category","embeddable":true,"href":"https:\/\/radioljubuski.ba\/index.php\/wp-json\/wp\/v2\/categories?post=75877"},{"taxonomy":"post_tag","embeddable":true,"href":"https:\/\/radioljubuski.ba\/index.php\/wp-json\/wp\/v2\/tags?post=75877"}],"curies":[{"name":"wp","href":"https:\/\/api.w.org\/{rel}","templated":true}]}}