{"id":75880,"date":"2021-10-14T23:52:47","date_gmt":"2021-10-14T22:52:47","guid":{"rendered":"https:\/\/radioljubuski.ba\/?p=75880"},"modified":"2021-10-14T23:52:48","modified_gmt":"2021-10-14T22:52:48","slug":"bosnjaci-imaju-72-u-fbih-u-drzavi-44-a-hrvati-su-izbrisani-iz-nekih-agencija","status":"publish","type":"post","link":"https:\/\/radioljubuski.ba\/index.php\/2021\/10\/14\/bosnjaci-imaju-72-u-fbih-u-drzavi-44-a-hrvati-su-izbrisani-iz-nekih-agencija\/","title":{"rendered":"Bo\u0161njaci imaju 72% u FBiH, u dr\u017eavi 44%, a Hrvati su izbrisani iz nekih agencija"},"content":{"rendered":"\n<p><strong>\u201cMesi\u0107 i ja poku\u0161ali smo napraviti ravnote\u017eu unutar ovih dviju tema, Mesi\u0107 u vezi s agresijom, dogovorom u Kara\u0111or\u0111evu, njegovim otporom takvoj Tu\u0111manovoj politici, a ja u vezi s polo\u017eajem Hrvata u BiH.Iznio sam podatke koje utjecajni hrvatski politi\u010dari o\u010digledno nisu imali prilike doznati, recimo da bi unutar 340 bitnih pozicija na dr\u017eavnoj i federalnoj razini, u skladu s Ustavom i posljednjim popisom, Hrvati trebali biti imenovani na maksimalno 70 pozicija, ali trenuta\u010dno obna\u0161aju 110. Dakle, 40 pozicija direktora bitnih institucija i agencija preko ustavnog okvira, plus paritet u Vije\u0107u ministara i poja\u010dana pozicija Hrvata u Vladi FBiH je u zbroju sigurno puno ja\u010de od pozicije jednog \u010dlana Predsjedni\u0161tva BiH\u201d.<\/strong><\/p>\n\n\n\n<p>Rekao je to predsjednik vode\u0107e bo\u0161nja\u010dke stranke SDA Bakir Izetbegovi\u0107 za posljednji broj glasila \u201cStav\u201d obja\u0161njavaju\u0107i o \u010demu je razgovarao s hrvatskim predsjednikom Zoranom Milanovi\u0107em.<\/p>\n\n\n\n<p>U su\u0161tini, svjesno ili ne, sa\u017eeo je dio plana obavje\u0161tajnog, medijskoga i politi\u010dkoga djelovanja bo\u0161nja\u010dke strane u kontekstu izborne reforme, \u0161to uporno ponavljaju svi njegovi kolege u stranci, ali i politi\u010dki trabanti, nastoje\u0107i dokazati da Hrvati imaju dvostruko vi\u0161e prava nego \u0161to im objektivno pripada. No, realnost brojki, koje su selektivno i djelomi\u010dno obra\u0111ene, demantira ga, pi\u0161e&nbsp;<a href=\"https:\/\/www.vecernji.ba\/vijesti\/bosnjaci-imaju-72-u-fbih-u-drzavi-44-hrvati-su-izbrisani-iz-nekih-agencija-1529729\" target=\"_blank\" rel=\"noreferrer noopener\">Ve\u010dernji list<\/a>.<\/p>\n\n\n\n<p><strong>I zaposleni i rukovoditelji<\/strong><\/p>\n\n\n\n<p>\u010cak i sama izjava da Hrvati imaju \u201cpride\u201d ministara u federalnoj Vladi predstavlja klasi\u010dnu la\u017e i obmanu te ju je jednostavno provjeriti.<\/p>\n\n\n\n<p>Naime, od ukupno 17 pozicija u Vladi Federacije BiH, vi\u0161e od pola pripada Bo\u0161njacima, upravo kako to definira vrijede\u0107i popis po Daytonu iz 1991. Bo\u0161njaci imaju devet pozicija i sve odluke mogu donijeti samostalno, preglasavaju\u0107i sve Hrvate, ali i Srbe.<\/p>\n\n\n\n<p>Ako se pri tome ima na umu da su dvojicu \u201csvojih\u201d Srba imenovale bo\u0161nja\u010dke stranke, onda se dobiva podatak kako 11 od 17 mjesta imaju bo\u0161nja\u010dke stranke.<\/p>\n\n\n\n<p>To posve odudara od percepcije kakva vlada u javnosti. U hrvatskome Klubu federalnog Doma naroda sjede dvojica Bo\u0161njaka koja se la\u017eno izja\u0161njavaju kao Hrvati \u2013 Edim Fejzi\u0107 i Anel \u0160ahinovi\u0107, dok su u Klubu ostalih svi Bo\u0161njaci, koji se tako\u0111er la\u017eno predstavljaju kao manjine.<\/p>\n\n\n\n<p>Agencija za dr\u017eavnu slu\u017ebu Federacije Bosne i Hercegovine, kojoj je na \u010delu kadar Izetbegovi\u0107eva SDA Refik Begi\u0107, ima posve suprotne podatke od onih koje je iznio \u0161ef njegove stranke.<\/p>\n\n\n\n<p>\u010cak i u toj agenciji na \u0161est vode\u0107ih pozicija svi su Bo\u0161njaci. Nema ni jednog Hrvata ni Srbina. Uz Begi\u0107a, tajnica Agencije je Zinka Salihagi\u0107, a \u010detiri pomo\u0107nika ravnatelja su Ferid Kulovac, Samra Ljuca, Enisa Hod\u017ei\u0107 i Sead Maslo.<\/p>\n\n\n\n<p>\u010cak i gotovo jednonacionalna agencija izdala je podatke suprotne Izetbegovi\u0107evim navodima po kojima u 60 institucija i drugih tijela uprave u Federaciji BiH ukupno ima 2315 dr\u017eavnih slu\u017ebenika.<\/p>\n\n\n\n<p>Od toga broja, 1622 su Bo\u0161njaka, 560 je Hrvata, 83 su Srbina te ih je 50 iz reda ostalih. Kada je, pak, rije\u010d o ukupnom broju, od 7520 dr\u017eavnih slu\u017ebenika u FBiH u institucijama i tijelima javne uprave na svim razinama, \u010dak 72,3 posto je Bo\u0161njaka, 21,28 posto Hrvata, 3,9 posto Srba te 2,5 posto iz reda ostalih.<\/p>\n\n\n\n<p>Prema podacima Agencije za dr\u017eavnu slu\u017ebu Federacije BiH, u upravama, zavodima, agencijama, direkcijama i ostalim tijelima na podru\u010dju Federacije BiH, \u010diji su osniva\u010di op\u0107ine, me\u0111u vode\u0107im dr\u017eavnim slu\u017ebenicima je 69 posto Bo\u0161njaka, 23 posto Hrvata, 5,9 posto Srba te 2,06 posto ostalih.<\/p>\n\n\n\n<p>U tijelima \u010diji su osniva\u010di \u017eupanije, kada je rije\u010d o vode\u0107im slu\u017ebenicima, 64,47 posto je Bo\u0161njaka, 29,74 posto Hrvata, 3,16 posto Srba i 2,63 posto ostalih.<\/p>\n\n\n\n<p>Ukupan broj zaposlenih mnogo je ve\u0107i u interesu Bo\u0161njaka. Na razini Federacije BiH, od ukupnog broja vode\u0107ih slu\u017ebenika, 62,99 posto je Bo\u0161njaka, 29,52 posto Hrvata, 4,41 posto Srba te 3,08 posto ostalih.<\/p>\n\n\n\n<p>Iz toga je posve jasno kako su podaci SDA \u201cmalo\u201d frizirani kako bi se Hrvate predstavilo prezastupljenima. Na dr\u017eavnoj razini Hrvati nemaju \u010dlana Predsjedni\u0161tva BiH, a u Klub Hrvata u Domu naroda Parlamenta BiH imenovan je kandidat \u010diji je otac Srbin, a majka Bo\u0161njakinja.<\/p>\n\n\n\n<p>Kada je pak u pitanju ukupan broj zaposlenih na dr\u017eavnoj razini i njihova nacionalna struktura, podaci pokazuju kako je, od ukupno 15.592 zaposlenika, 6899 Bo\u0161njaka, \u0161to \u010dini 44 posto, Srba 5639, odnosno 36 posto, a Hrvata 2887, odnosno 18 posto.<\/p>\n\n\n\n<p>Ni ti podaci ne idu na ruku Izetbegovi\u0107u ni agresivnim poku\u0161ajima da se neistina i manipulacija nametnu kao istina.<\/p>\n\n\n\n<p>U tome smislu medijski glasnogovornici te politike su kroz dio stranih medija poku\u0161ali promovirati crno-bijelu sliku Hrvata kao prezastupljenih u institucijama.<\/p>\n\n\n\n<p><strong>EPP podr\u017eao legitimitet<\/strong><\/p>\n\n\n\n<p>Zajedno s time ponovno se aktivira kampanja predstavljanja Hrvata bliskima ruskoj strani s obzirom na to da Amerikanci vode glavnu rije\u010d oko izborne reforme.<\/p>\n\n\n\n<p>U tom kontekstu je od iznimne va\u017enosti povezati \u010delnika Saveza nezavisnih socijaldemokrata Milorada Dodika i predsjednika HDZ-a BiH i HNS-a Bosne i Hercegovine Dragana \u010covi\u0107a, \u0161to se uspje\u0161no godinama plasira \u010dak i u hrvatskim medijima.<\/p>\n\n\n\n<p>Sve te podvale oko prezastupljenosti i ruske veze povezane su isklju\u010divo s poku\u0161ajem slabljenja hrvatske pozicije u BiH. A to podrazumijeva da se reformom politi\u010dkog sustava kroz izmjene omogu\u0107i potpuna dominacija najbrojnijih Bo\u0161njaka.<\/p>\n\n\n\n<p>To je suprotno presudi Ustavnoga suda Bosne i Hercegovine u predmetu Bo\u017ee Ljubi\u0107a.<\/p>\n\n\n\n<p>Za razliku od Europskog parlamenta, u kojemu je, prije svega, zahvaljuju\u0107i Zelenima, zaustavljeno isticanje konstitutivnih naroda i legitimnog politi\u010dkog predstavljana, na okupljanju Europske pu\u010dke stranke, koje je odr\u017eano zajedno uz summit na Bledu, jasno je istaknuto kako ustavna i izborna reforma mora uklju\u010diti sve presude Me\u0111unarodnog suda za ljudska prava u Strasbourgu, ali i Ustavnoga suda zemlje.<\/p>\n\n\n\n<p>\/HMS\/<\/p>\n","protected":false},"excerpt":{"rendered":"<p>\u201cMesi\u0107 i ja poku\u0161ali smo napraviti ravnote\u017eu unutar ovih dviju tema, Mesi\u0107 u vezi s agresijom, dogovorom u Kara\u0111or\u0111evu, njegovim otporom takvoj Tu\u0111manovoj politici, a ja u vezi s polo\u017eajem Hrvata u BiH.Iznio sam podatke koje utjecajni hrvatski politi\u010dari o\u010digledno nisu imali prilike doznati, recimo da bi unutar 340 bitnih pozicija na dr\u017eavnoj i federalnoj [&hellip;]<\/p>\n","protected":false},"author":2,"featured_media":75881,"comment_status":"closed","ping_status":"closed","sticky":false,"template":"","format":"standard","meta":{"h5ap_radio_sources":[],"footnotes":""},"categories":[1],"tags":[],"class_list":["post-75880","post","type-post","status-publish","format-standard","has-post-thumbnail","hentry","category-bihiregija"],"yoast_head":"<!-- This site is optimized with the Yoast SEO plugin v27.4 - https:\/\/yoast.com\/product\/yoast-seo-wordpress\/ -->\n<title>Bo\u0161njaci imaju 72% u FBiH, u dr\u017eavi 44%, a Hrvati su izbrisani iz nekih agencija - RADIO LJUBU\u0160KI<\/title>\n<meta name=\"robots\" content=\"index, follow, max-snippet:-1, max-image-preview:large, max-video-preview:-1\" \/>\n<link rel=\"canonical\" href=\"https:\/\/radioljubuski.ba\/index.php\/2021\/10\/14\/bosnjaci-imaju-72-u-fbih-u-drzavi-44-a-hrvati-su-izbrisani-iz-nekih-agencija\/\" \/>\n<meta property=\"og:locale\" content=\"hr_HR\" \/>\n<meta property=\"og:type\" content=\"article\" \/>\n<meta property=\"og:title\" content=\"Bo\u0161njaci imaju 72% u FBiH, u dr\u017eavi 44%, a Hrvati su izbrisani iz nekih agencija - RADIO LJUBU\u0160KI\" \/>\n<meta property=\"og:description\" content=\"\u201cMesi\u0107 i ja poku\u0161ali smo napraviti ravnote\u017eu unutar ovih dviju tema, Mesi\u0107 u vezi s agresijom, dogovorom u Kara\u0111or\u0111evu, njegovim otporom takvoj Tu\u0111manovoj politici, a ja u vezi s polo\u017eajem Hrvata u BiH.Iznio sam podatke koje utjecajni hrvatski politi\u010dari o\u010digledno nisu imali prilike doznati, recimo da bi unutar 340 bitnih pozicija na dr\u017eavnoj i federalnoj [&hellip;]\" \/>\n<meta property=\"og:url\" content=\"https:\/\/radioljubuski.ba\/index.php\/2021\/10\/14\/bosnjaci-imaju-72-u-fbih-u-drzavi-44-a-hrvati-su-izbrisani-iz-nekih-agencija\/\" \/>\n<meta property=\"og:site_name\" content=\"RADIO LJUBU\u0160KI\" \/>\n<meta property=\"article:publisher\" content=\"https:\/\/www.facebook.com\/Radiio-Ljubuski-1490835324566332\" \/>\n<meta property=\"article:published_time\" content=\"2021-10-14T22:52:47+00:00\" \/>\n<meta property=\"article:modified_time\" content=\"2021-10-14T22:52:48+00:00\" \/>\n<meta property=\"og:image\" content=\"https:\/\/radioljubuski.ba\/wp-content\/uploads\/2021\/10\/parlamentarna_skupstina_bih_2-1.jpg\" \/>\n\t<meta property=\"og:image:width\" content=\"750\" \/>\n\t<meta property=\"og:image:height\" content=\"450\" \/>\n\t<meta property=\"og:image:type\" content=\"image\/jpeg\" \/>\n<meta name=\"author\" content=\"Radio Ljubu\u0161ki\" \/>\n<meta name=\"twitter:card\" content=\"summary_large_image\" \/>\n<meta name=\"twitter:creator\" content=\"@radioljubuski\" \/>\n<meta name=\"twitter:site\" content=\"@radioljubuski\" \/>\n<meta name=\"twitter:label1\" content=\"Napisao\/la\" \/>\n\t<meta name=\"twitter:data1\" content=\"Radio Ljubu\u0161ki\" \/>\n\t<meta name=\"twitter:label2\" content=\"Procijenjeno vrijeme \u010ditanja\" \/>\n\t<meta name=\"twitter:data2\" content=\"4 minute\" \/>\n<script type=\"application\/ld+json\" class=\"yoast-schema-graph\">{\"@context\":\"https:\\\/\\\/schema.org\",\"@graph\":[{\"@type\":\"Article\",\"@id\":\"https:\\\/\\\/radioljubuski.ba\\\/index.php\\\/2021\\\/10\\\/14\\\/bosnjaci-imaju-72-u-fbih-u-drzavi-44-a-hrvati-su-izbrisani-iz-nekih-agencija\\\/#article\",\"isPartOf\":{\"@id\":\"https:\\\/\\\/radioljubuski.ba\\\/index.php\\\/2021\\\/10\\\/14\\\/bosnjaci-imaju-72-u-fbih-u-drzavi-44-a-hrvati-su-izbrisani-iz-nekih-agencija\\\/\"},\"author\":{\"name\":\"Radio Ljubu\u0161ki\",\"@id\":\"https:\\\/\\\/radioljubuski.ba\\\/#\\\/schema\\\/person\\\/19fc700381a780f69665d7956c469e3b\"},\"headline\":\"Bo\u0161njaci imaju 72% u FBiH, u dr\u017eavi 44%, a Hrvati su izbrisani iz nekih agencija\",\"datePublished\":\"2021-10-14T22:52:47+00:00\",\"dateModified\":\"2021-10-14T22:52:48+00:00\",\"mainEntityOfPage\":{\"@id\":\"https:\\\/\\\/radioljubuski.ba\\\/index.php\\\/2021\\\/10\\\/14\\\/bosnjaci-imaju-72-u-fbih-u-drzavi-44-a-hrvati-su-izbrisani-iz-nekih-agencija\\\/\"},\"wordCount\":962,\"publisher\":{\"@id\":\"https:\\\/\\\/radioljubuski.ba\\\/#organization\"},\"image\":{\"@id\":\"https:\\\/\\\/radioljubuski.ba\\\/index.php\\\/2021\\\/10\\\/14\\\/bosnjaci-imaju-72-u-fbih-u-drzavi-44-a-hrvati-su-izbrisani-iz-nekih-agencija\\\/#primaryimage\"},\"thumbnailUrl\":\"https:\\\/\\\/radioljubuski.ba\\\/wp-content\\\/uploads\\\/2021\\\/10\\\/parlamentarna_skupstina_bih_2-1.jpg\",\"articleSection\":[\"BIH i regija\"],\"inLanguage\":\"hr\"},{\"@type\":\"WebPage\",\"@id\":\"https:\\\/\\\/radioljubuski.ba\\\/index.php\\\/2021\\\/10\\\/14\\\/bosnjaci-imaju-72-u-fbih-u-drzavi-44-a-hrvati-su-izbrisani-iz-nekih-agencija\\\/\",\"url\":\"https:\\\/\\\/radioljubuski.ba\\\/index.php\\\/2021\\\/10\\\/14\\\/bosnjaci-imaju-72-u-fbih-u-drzavi-44-a-hrvati-su-izbrisani-iz-nekih-agencija\\\/\",\"name\":\"Bo\u0161njaci imaju 72% u FBiH, u dr\u017eavi 44%, a Hrvati su izbrisani iz nekih agencija - RADIO LJUBU\u0160KI\",\"isPartOf\":{\"@id\":\"https:\\\/\\\/radioljubuski.ba\\\/#website\"},\"primaryImageOfPage\":{\"@id\":\"https:\\\/\\\/radioljubuski.ba\\\/index.php\\\/2021\\\/10\\\/14\\\/bosnjaci-imaju-72-u-fbih-u-drzavi-44-a-hrvati-su-izbrisani-iz-nekih-agencija\\\/#primaryimage\"},\"image\":{\"@id\":\"https:\\\/\\\/radioljubuski.ba\\\/index.php\\\/2021\\\/10\\\/14\\\/bosnjaci-imaju-72-u-fbih-u-drzavi-44-a-hrvati-su-izbrisani-iz-nekih-agencija\\\/#primaryimage\"},\"thumbnailUrl\":\"https:\\\/\\\/radioljubuski.ba\\\/wp-content\\\/uploads\\\/2021\\\/10\\\/parlamentarna_skupstina_bih_2-1.jpg\",\"datePublished\":\"2021-10-14T22:52:47+00:00\",\"dateModified\":\"2021-10-14T22:52:48+00:00\",\"breadcrumb\":{\"@id\":\"https:\\\/\\\/radioljubuski.ba\\\/index.php\\\/2021\\\/10\\\/14\\\/bosnjaci-imaju-72-u-fbih-u-drzavi-44-a-hrvati-su-izbrisani-iz-nekih-agencija\\\/#breadcrumb\"},\"inLanguage\":\"hr\",\"potentialAction\":[{\"@type\":\"ReadAction\",\"target\":[\"https:\\\/\\\/radioljubuski.ba\\\/index.php\\\/2021\\\/10\\\/14\\\/bosnjaci-imaju-72-u-fbih-u-drzavi-44-a-hrvati-su-izbrisani-iz-nekih-agencija\\\/\"]}]},{\"@type\":\"ImageObject\",\"inLanguage\":\"hr\",\"@id\":\"https:\\\/\\\/radioljubuski.ba\\\/index.php\\\/2021\\\/10\\\/14\\\/bosnjaci-imaju-72-u-fbih-u-drzavi-44-a-hrvati-su-izbrisani-iz-nekih-agencija\\\/#primaryimage\",\"url\":\"https:\\\/\\\/radioljubuski.ba\\\/wp-content\\\/uploads\\\/2021\\\/10\\\/parlamentarna_skupstina_bih_2-1.jpg\",\"contentUrl\":\"https:\\\/\\\/radioljubuski.ba\\\/wp-content\\\/uploads\\\/2021\\\/10\\\/parlamentarna_skupstina_bih_2-1.jpg\",\"width\":750,\"height\":450},{\"@type\":\"BreadcrumbList\",\"@id\":\"https:\\\/\\\/radioljubuski.ba\\\/index.php\\\/2021\\\/10\\\/14\\\/bosnjaci-imaju-72-u-fbih-u-drzavi-44-a-hrvati-su-izbrisani-iz-nekih-agencija\\\/#breadcrumb\",\"itemListElement\":[{\"@type\":\"ListItem\",\"position\":1,\"name\":\"Po\u010detna stranica\",\"item\":\"https:\\\/\\\/radioljubuski.ba\\\/\"},{\"@type\":\"ListItem\",\"position\":2,\"name\":\"Bo\u0161njaci imaju 72% u FBiH, u dr\u017eavi 44%, a Hrvati su izbrisani iz nekih agencija\"}]},{\"@type\":\"WebSite\",\"@id\":\"https:\\\/\\\/radioljubuski.ba\\\/#website\",\"url\":\"https:\\\/\\\/radioljubuski.ba\\\/\",\"name\":\"Radio Ljubu\u0161ki\",\"description\":\"Sun\u010dana frekvencija Hercegovine\",\"publisher\":{\"@id\":\"https:\\\/\\\/radioljubuski.ba\\\/#organization\"},\"potentialAction\":[{\"@type\":\"SearchAction\",\"target\":{\"@type\":\"EntryPoint\",\"urlTemplate\":\"https:\\\/\\\/radioljubuski.ba\\\/?s={search_term_string}\"},\"query-input\":{\"@type\":\"PropertyValueSpecification\",\"valueRequired\":true,\"valueName\":\"search_term_string\"}}],\"inLanguage\":\"hr\"},{\"@type\":\"Organization\",\"@id\":\"https:\\\/\\\/radioljubuski.ba\\\/#organization\",\"name\":\"Radio Ljubu\u0161ki\",\"url\":\"https:\\\/\\\/radioljubuski.ba\\\/\",\"logo\":{\"@type\":\"ImageObject\",\"inLanguage\":\"hr\",\"@id\":\"https:\\\/\\\/radioljubuski.ba\\\/#\\\/schema\\\/logo\\\/image\\\/\",\"url\":\"https:\\\/\\\/radioljubuski.ba\\\/wp-content\\\/uploads\\\/2021\\\/02\\\/cropped-Radio_Ljubuski_logo1.jpg\",\"contentUrl\":\"https:\\\/\\\/radioljubuski.ba\\\/wp-content\\\/uploads\\\/2021\\\/02\\\/cropped-Radio_Ljubuski_logo1.jpg\",\"width\":512,\"height\":512,\"caption\":\"Radio Ljubu\u0161ki\"},\"image\":{\"@id\":\"https:\\\/\\\/radioljubuski.ba\\\/#\\\/schema\\\/logo\\\/image\\\/\"},\"sameAs\":[\"https:\\\/\\\/www.facebook.com\\\/Radiio-Ljubuski-1490835324566332\",\"https:\\\/\\\/x.com\\\/radioljubuski\",\"https:\\\/\\\/hr.linkedin.com\\\/company\\\/radio-ljubuski\",\"https:\\\/\\\/www.youtube.com\\\/channel\\\/UCHYaeO_n0Db3tjNGudGpXyw\"]},{\"@type\":\"Person\",\"@id\":\"https:\\\/\\\/radioljubuski.ba\\\/#\\\/schema\\\/person\\\/19fc700381a780f69665d7956c469e3b\",\"name\":\"Radio Ljubu\u0161ki\"}]}<\/script>\n<!-- \/ Yoast SEO plugin. -->","yoast_head_json":{"title":"Bo\u0161njaci imaju 72% u FBiH, u dr\u017eavi 44%, a Hrvati su izbrisani iz nekih agencija - RADIO LJUBU\u0160KI","robots":{"index":"index","follow":"follow","max-snippet":"max-snippet:-1","max-image-preview":"max-image-preview:large","max-video-preview":"max-video-preview:-1"},"canonical":"https:\/\/radioljubuski.ba\/index.php\/2021\/10\/14\/bosnjaci-imaju-72-u-fbih-u-drzavi-44-a-hrvati-su-izbrisani-iz-nekih-agencija\/","og_locale":"hr_HR","og_type":"article","og_title":"Bo\u0161njaci imaju 72% u FBiH, u dr\u017eavi 44%, a Hrvati su izbrisani iz nekih agencija - RADIO LJUBU\u0160KI","og_description":"\u201cMesi\u0107 i ja poku\u0161ali smo napraviti ravnote\u017eu unutar ovih dviju tema, Mesi\u0107 u vezi s agresijom, dogovorom u Kara\u0111or\u0111evu, njegovim otporom takvoj Tu\u0111manovoj politici, a ja u vezi s polo\u017eajem Hrvata u BiH.Iznio sam podatke koje utjecajni hrvatski politi\u010dari o\u010digledno nisu imali prilike doznati, recimo da bi unutar 340 bitnih pozicija na dr\u017eavnoj i federalnoj [&hellip;]","og_url":"https:\/\/radioljubuski.ba\/index.php\/2021\/10\/14\/bosnjaci-imaju-72-u-fbih-u-drzavi-44-a-hrvati-su-izbrisani-iz-nekih-agencija\/","og_site_name":"RADIO LJUBU\u0160KI","article_publisher":"https:\/\/www.facebook.com\/Radiio-Ljubuski-1490835324566332","article_published_time":"2021-10-14T22:52:47+00:00","article_modified_time":"2021-10-14T22:52:48+00:00","og_image":[{"width":750,"height":450,"url":"https:\/\/radioljubuski.ba\/wp-content\/uploads\/2021\/10\/parlamentarna_skupstina_bih_2-1.jpg","type":"image\/jpeg"}],"author":"Radio Ljubu\u0161ki","twitter_card":"summary_large_image","twitter_creator":"@radioljubuski","twitter_site":"@radioljubuski","twitter_misc":{"Napisao\/la":"Radio Ljubu\u0161ki","Procijenjeno vrijeme \u010ditanja":"4 minute"},"schema":{"@context":"https:\/\/schema.org","@graph":[{"@type":"Article","@id":"https:\/\/radioljubuski.ba\/index.php\/2021\/10\/14\/bosnjaci-imaju-72-u-fbih-u-drzavi-44-a-hrvati-su-izbrisani-iz-nekih-agencija\/#article","isPartOf":{"@id":"https:\/\/radioljubuski.ba\/index.php\/2021\/10\/14\/bosnjaci-imaju-72-u-fbih-u-drzavi-44-a-hrvati-su-izbrisani-iz-nekih-agencija\/"},"author":{"name":"Radio Ljubu\u0161ki","@id":"https:\/\/radioljubuski.ba\/#\/schema\/person\/19fc700381a780f69665d7956c469e3b"},"headline":"Bo\u0161njaci imaju 72% u FBiH, u dr\u017eavi 44%, a Hrvati su izbrisani iz nekih agencija","datePublished":"2021-10-14T22:52:47+00:00","dateModified":"2021-10-14T22:52:48+00:00","mainEntityOfPage":{"@id":"https:\/\/radioljubuski.ba\/index.php\/2021\/10\/14\/bosnjaci-imaju-72-u-fbih-u-drzavi-44-a-hrvati-su-izbrisani-iz-nekih-agencija\/"},"wordCount":962,"publisher":{"@id":"https:\/\/radioljubuski.ba\/#organization"},"image":{"@id":"https:\/\/radioljubuski.ba\/index.php\/2021\/10\/14\/bosnjaci-imaju-72-u-fbih-u-drzavi-44-a-hrvati-su-izbrisani-iz-nekih-agencija\/#primaryimage"},"thumbnailUrl":"https:\/\/radioljubuski.ba\/wp-content\/uploads\/2021\/10\/parlamentarna_skupstina_bih_2-1.jpg","articleSection":["BIH i regija"],"inLanguage":"hr"},{"@type":"WebPage","@id":"https:\/\/radioljubuski.ba\/index.php\/2021\/10\/14\/bosnjaci-imaju-72-u-fbih-u-drzavi-44-a-hrvati-su-izbrisani-iz-nekih-agencija\/","url":"https:\/\/radioljubuski.ba\/index.php\/2021\/10\/14\/bosnjaci-imaju-72-u-fbih-u-drzavi-44-a-hrvati-su-izbrisani-iz-nekih-agencija\/","name":"Bo\u0161njaci imaju 72% u FBiH, u dr\u017eavi 44%, a Hrvati su izbrisani iz nekih agencija - RADIO LJUBU\u0160KI","isPartOf":{"@id":"https:\/\/radioljubuski.ba\/#website"},"primaryImageOfPage":{"@id":"https:\/\/radioljubuski.ba\/index.php\/2021\/10\/14\/bosnjaci-imaju-72-u-fbih-u-drzavi-44-a-hrvati-su-izbrisani-iz-nekih-agencija\/#primaryimage"},"image":{"@id":"https:\/\/radioljubuski.ba\/index.php\/2021\/10\/14\/bosnjaci-imaju-72-u-fbih-u-drzavi-44-a-hrvati-su-izbrisani-iz-nekih-agencija\/#primaryimage"},"thumbnailUrl":"https:\/\/radioljubuski.ba\/wp-content\/uploads\/2021\/10\/parlamentarna_skupstina_bih_2-1.jpg","datePublished":"2021-10-14T22:52:47+00:00","dateModified":"2021-10-14T22:52:48+00:00","breadcrumb":{"@id":"https:\/\/radioljubuski.ba\/index.php\/2021\/10\/14\/bosnjaci-imaju-72-u-fbih-u-drzavi-44-a-hrvati-su-izbrisani-iz-nekih-agencija\/#breadcrumb"},"inLanguage":"hr","potentialAction":[{"@type":"ReadAction","target":["https:\/\/radioljubuski.ba\/index.php\/2021\/10\/14\/bosnjaci-imaju-72-u-fbih-u-drzavi-44-a-hrvati-su-izbrisani-iz-nekih-agencija\/"]}]},{"@type":"ImageObject","inLanguage":"hr","@id":"https:\/\/radioljubuski.ba\/index.php\/2021\/10\/14\/bosnjaci-imaju-72-u-fbih-u-drzavi-44-a-hrvati-su-izbrisani-iz-nekih-agencija\/#primaryimage","url":"https:\/\/radioljubuski.ba\/wp-content\/uploads\/2021\/10\/parlamentarna_skupstina_bih_2-1.jpg","contentUrl":"https:\/\/radioljubuski.ba\/wp-content\/uploads\/2021\/10\/parlamentarna_skupstina_bih_2-1.jpg","width":750,"height":450},{"@type":"BreadcrumbList","@id":"https:\/\/radioljubuski.ba\/index.php\/2021\/10\/14\/bosnjaci-imaju-72-u-fbih-u-drzavi-44-a-hrvati-su-izbrisani-iz-nekih-agencija\/#breadcrumb","itemListElement":[{"@type":"ListItem","position":1,"name":"Po\u010detna stranica","item":"https:\/\/radioljubuski.ba\/"},{"@type":"ListItem","position":2,"name":"Bo\u0161njaci imaju 72% u FBiH, u dr\u017eavi 44%, a Hrvati su izbrisani iz nekih agencija"}]},{"@type":"WebSite","@id":"https:\/\/radioljubuski.ba\/#website","url":"https:\/\/radioljubuski.ba\/","name":"Radio Ljubu\u0161ki","description":"Sun\u010dana frekvencija Hercegovine","publisher":{"@id":"https:\/\/radioljubuski.ba\/#organization"},"potentialAction":[{"@type":"SearchAction","target":{"@type":"EntryPoint","urlTemplate":"https:\/\/radioljubuski.ba\/?s={search_term_string}"},"query-input":{"@type":"PropertyValueSpecification","valueRequired":true,"valueName":"search_term_string"}}],"inLanguage":"hr"},{"@type":"Organization","@id":"https:\/\/radioljubuski.ba\/#organization","name":"Radio Ljubu\u0161ki","url":"https:\/\/radioljubuski.ba\/","logo":{"@type":"ImageObject","inLanguage":"hr","@id":"https:\/\/radioljubuski.ba\/#\/schema\/logo\/image\/","url":"https:\/\/radioljubuski.ba\/wp-content\/uploads\/2021\/02\/cropped-Radio_Ljubuski_logo1.jpg","contentUrl":"https:\/\/radioljubuski.ba\/wp-content\/uploads\/2021\/02\/cropped-Radio_Ljubuski_logo1.jpg","width":512,"height":512,"caption":"Radio Ljubu\u0161ki"},"image":{"@id":"https:\/\/radioljubuski.ba\/#\/schema\/logo\/image\/"},"sameAs":["https:\/\/www.facebook.com\/Radiio-Ljubuski-1490835324566332","https:\/\/x.com\/radioljubuski","https:\/\/hr.linkedin.com\/company\/radio-ljubuski","https:\/\/www.youtube.com\/channel\/UCHYaeO_n0Db3tjNGudGpXyw"]},{"@type":"Person","@id":"https:\/\/radioljubuski.ba\/#\/schema\/person\/19fc700381a780f69665d7956c469e3b","name":"Radio Ljubu\u0161ki"}]}},"_links":{"self":[{"href":"https:\/\/radioljubuski.ba\/index.php\/wp-json\/wp\/v2\/posts\/75880","targetHints":{"allow":["GET"]}}],"collection":[{"href":"https:\/\/radioljubuski.ba\/index.php\/wp-json\/wp\/v2\/posts"}],"about":[{"href":"https:\/\/radioljubuski.ba\/index.php\/wp-json\/wp\/v2\/types\/post"}],"author":[{"embeddable":true,"href":"https:\/\/radioljubuski.ba\/index.php\/wp-json\/wp\/v2\/users\/2"}],"replies":[{"embeddable":true,"href":"https:\/\/radioljubuski.ba\/index.php\/wp-json\/wp\/v2\/comments?post=75880"}],"version-history":[{"count":1,"href":"https:\/\/radioljubuski.ba\/index.php\/wp-json\/wp\/v2\/posts\/75880\/revisions"}],"predecessor-version":[{"id":75882,"href":"https:\/\/radioljubuski.ba\/index.php\/wp-json\/wp\/v2\/posts\/75880\/revisions\/75882"}],"wp:featuredmedia":[{"embeddable":true,"href":"https:\/\/radioljubuski.ba\/index.php\/wp-json\/wp\/v2\/media\/75881"}],"wp:attachment":[{"href":"https:\/\/radioljubuski.ba\/index.php\/wp-json\/wp\/v2\/media?parent=75880"}],"wp:term":[{"taxonomy":"category","embeddable":true,"href":"https:\/\/radioljubuski.ba\/index.php\/wp-json\/wp\/v2\/categories?post=75880"},{"taxonomy":"post_tag","embeddable":true,"href":"https:\/\/radioljubuski.ba\/index.php\/wp-json\/wp\/v2\/tags?post=75880"}],"curies":[{"name":"wp","href":"https:\/\/api.w.org\/{rel}","templated":true}]}}