{"id":75895,"date":"2021-10-15T00:15:32","date_gmt":"2021-10-14T23:15:32","guid":{"rendered":"https:\/\/radioljubuski.ba\/?p=75895"},"modified":"2021-10-15T00:15:33","modified_gmt":"2021-10-14T23:15:33","slug":"cabraja-dat-cemo-sve-od-sebe-da-osvojimo-tri-boda","status":"publish","type":"post","link":"https:\/\/radioljubuski.ba\/index.php\/2021\/10\/15\/cabraja-dat-cemo-sve-od-sebe-da-osvojimo-tri-boda\/","title":{"rendered":"\u010cabraja: &#8220;Dat \u0107emo sve od sebe da osvojimo tri boda&#8221;"},"content":{"rendered":"\n<p><strong>Nakon reprezentativnih utakmica, nastavlja se doma\u0107e nogometno prvenstvo, a 12. kolo 1. HNL-a otvorit \u0107e u petak Hrvatski dragovoljac i Lokomotiva.&nbsp;<\/strong><\/p>\n\n\n\n<p>Doma\u0107a mom\u010dad posljednja je, deseta, na ljestvici sa samo pet bodova iz 11 odigranih utakmica, dok su Lokosi na \u0161estom mjestu s 14 bodova i utakmicom manje.<br><br>Ove sezone me\u0111usobno su igrali u tre\u0107em kolu krajem srpnja, a pobjedu od 3:2 upisala je Lokomotiva na svom terenu.<br><br>&#8211; Prva utakmica protiv Dragovoljca je bila te\u0161ka utakmica. Dragovoljac se u me\u0111uvremenu poja\u010dao, doveli su nekoliko novih igra\u010da. Ne\u0107e to biti ista utakmica, no mi \u0107emo dati sve od sebe kako bi neokrznuti iza\u0161li iz susreta s tri osvojena boda, izjavio je za\u00a0<a href=\"https:\/\/nklokomotiva.hr\/vijest\/cabraja-dati-cemo-sve-od-sebe-kako-bi-osvojili-tri-boda-1598\" target=\"_blank\" rel=\"noreferrer noopener\">slu\u017ebenu stranicu Lokomotive<\/a>trener\u00a0<strong>Silvijo \u010cabraja<\/strong>.\u00a0<\/p>\n\n\n\n<blockquote class=\"twitter-tweet\"><p lang=\"und\" dir=\"ltr\">\u010cabraja:<br>&quot;Prva utakmica protiv Dragovoljca je bila te\u0161ka utakmica. Dragovoljac se u me\u0111uvremenu poja\u010dao, doveli su nekoliko novih igra\u010da. Ne\u0107e to biti ista utakmica, no mi \u0107emo dati sve od sebe kako bi neokrznuti iza\u0161li iz susreta s tri osvojena boda.&quot;<a href=\"https:\/\/t.co\/DlwiVjs3cU\">https:\/\/t.co\/DlwiVjs3cU<\/a> <a href=\"https:\/\/t.co\/ydb5iYR044\">pic.twitter.com\/ydb5iYR044<\/a><\/p>&mdash; NK Lokomotiva Zagreb (@NKLokomotiva) <a href=\"https:\/\/twitter.com\/NKLokomotiva\/status\/1448593183324188676?ref_src=twsrc%5Etfw\">October 14, 2021<\/a><\/blockquote> <script async src=\"https:\/\/platform.twitter.com\/widgets.js\" charset=\"utf-8\"><\/script>\n\n\n\n<p>&#8211; Imali smo stanku zbog odigravanja reprezentacija, i tu imamo nepovoljniji odnos nego Hrvatski dragovoljac, jer smo imali pet reprezentativaca, koji su naravno falili u uigravanju ekipe. Uvid u stanje reprezentativaca u kona\u010dnici nemamo jer su se prakti\u010dki vratili dan prije utakmice, dodao je strateg Lokosa.<br><br>&#8211; Za vikend smo odigrali prijateljsku utakmicu gdje je participiralo i nekoliko igra\u010da iz tzv. drugog plana. Odre\u0111en broj igra\u010da je iskoristio svoju \u0161ansu, vidjeli smo kroz ovu utakmicu na koje igra\u010de mo\u017eemo ra\u010dunati u narednom ciklusu. Tri akumulirana kartona ima defenzivni vezni duo&nbsp;<strong>Mari\u0107&nbsp;<\/strong>i&nbsp;<strong>Cokaj,&nbsp;<\/strong>pred po\u010detak utakmice i jutarnji trening vidjet \u0107emo na koga mo\u017eemo ra\u010dunati, nadam se da ne\u0107e biti nikakvih problema i da \u0107e ih drugi igra\u010di dostojno zamjeniti, zaklju\u010dio je \u010cabraja.<br><br>Lokosi sti\u017eu na ogled Hrvatskom dragovoljcu nakon uvjerljive pobjede nad Slaven Belupom u prethodnom kolu, dok je za doma\u0107ine dobrodo\u0161la reprezentativna stanka nakon te\u0161kog poraza od Dinama u Maksimiru (0:8).&nbsp;<\/p>\n\n\n\n<p>U subotu se igra derbi kola u kojemu Rijeka od 17.05 do\u010dekuje Dinamo. Prije toga, od 15 sati igrat \u0107e Gorica i Istra 1961.<br><br>U nedjelju su na rasporedu susreti Slaven Belupa i Osijeka (15 sati) te \u0160ibenika i Hajduka (17.30).<\/p>\n\n\n\n<p>Izvor:hrt.hr<\/p>\n","protected":false},"excerpt":{"rendered":"<p>Nakon reprezentativnih utakmica, nastavlja se doma\u0107e nogometno prvenstvo, a 12. kolo 1. HNL-a otvorit \u0107e u petak Hrvatski dragovoljac i Lokomotiva.&nbsp; Doma\u0107a mom\u010dad posljednja je, deseta, na ljestvici sa samo pet bodova iz 11 odigranih utakmica, dok su Lokosi na \u0161estom mjestu s 14 bodova i utakmicom manje. Ove sezone me\u0111usobno su igrali u tre\u0107em [&hellip;]<\/p>\n","protected":false},"author":2,"featured_media":75896,"comment_status":"closed","ping_status":"closed","sticky":false,"template":"","format":"standard","meta":{"h5ap_radio_sources":[],"footnotes":""},"categories":[7],"tags":[],"class_list":["post-75895","post","type-post","status-publish","format-standard","has-post-thumbnail","hentry","category-sport"],"yoast_head":"<!-- This site is optimized with the Yoast SEO plugin v27.4 - https:\/\/yoast.com\/product\/yoast-seo-wordpress\/ -->\n<title>\u010cabraja: &quot;Dat \u0107emo sve od sebe da osvojimo tri boda&quot; - RADIO LJUBU\u0160KI<\/title>\n<meta name=\"robots\" content=\"index, follow, max-snippet:-1, max-image-preview:large, max-video-preview:-1\" \/>\n<link rel=\"canonical\" href=\"https:\/\/radioljubuski.ba\/index.php\/2021\/10\/15\/cabraja-dat-cemo-sve-od-sebe-da-osvojimo-tri-boda\/\" \/>\n<meta property=\"og:locale\" content=\"hr_HR\" \/>\n<meta property=\"og:type\" content=\"article\" \/>\n<meta property=\"og:title\" content=\"\u010cabraja: &quot;Dat \u0107emo sve od sebe da osvojimo tri boda&quot; - RADIO LJUBU\u0160KI\" \/>\n<meta property=\"og:description\" content=\"Nakon reprezentativnih utakmica, nastavlja se doma\u0107e nogometno prvenstvo, a 12. kolo 1. HNL-a otvorit \u0107e u petak Hrvatski dragovoljac i Lokomotiva.&nbsp; Doma\u0107a mom\u010dad posljednja je, deseta, na ljestvici sa samo pet bodova iz 11 odigranih utakmica, dok su Lokosi na \u0161estom mjestu s 14 bodova i utakmicom manje. Ove sezone me\u0111usobno su igrali u tre\u0107em [&hellip;]\" \/>\n<meta property=\"og:url\" content=\"https:\/\/radioljubuski.ba\/index.php\/2021\/10\/15\/cabraja-dat-cemo-sve-od-sebe-da-osvojimo-tri-boda\/\" \/>\n<meta property=\"og:site_name\" content=\"RADIO LJUBU\u0160KI\" \/>\n<meta property=\"article:publisher\" content=\"https:\/\/www.facebook.com\/Radiio-Ljubuski-1490835324566332\" \/>\n<meta property=\"article:published_time\" content=\"2021-10-14T23:15:32+00:00\" \/>\n<meta property=\"article:modified_time\" content=\"2021-10-14T23:15:33+00:00\" \/>\n<meta property=\"og:image\" content=\"https:\/\/radioljubuski.ba\/wp-content\/uploads\/2021\/10\/FBpvoDVX0AAfdva.jpg\" \/>\n\t<meta property=\"og:image:width\" content=\"679\" \/>\n\t<meta property=\"og:image:height\" content=\"453\" \/>\n\t<meta property=\"og:image:type\" content=\"image\/jpeg\" \/>\n<meta name=\"author\" content=\"Radio Ljubu\u0161ki\" \/>\n<meta name=\"twitter:card\" content=\"summary_large_image\" \/>\n<meta name=\"twitter:creator\" content=\"@radioljubuski\" \/>\n<meta name=\"twitter:site\" content=\"@radioljubuski\" \/>\n<meta name=\"twitter:label1\" content=\"Napisao\/la\" \/>\n\t<meta name=\"twitter:data1\" content=\"Radio Ljubu\u0161ki\" \/>\n\t<meta name=\"twitter:label2\" content=\"Procijenjeno vrijeme \u010ditanja\" \/>\n\t<meta name=\"twitter:data2\" content=\"2 minute\" \/>\n<script type=\"application\/ld+json\" class=\"yoast-schema-graph\">{\"@context\":\"https:\\\/\\\/schema.org\",\"@graph\":[{\"@type\":\"Article\",\"@id\":\"https:\\\/\\\/radioljubuski.ba\\\/index.php\\\/2021\\\/10\\\/15\\\/cabraja-dat-cemo-sve-od-sebe-da-osvojimo-tri-boda\\\/#article\",\"isPartOf\":{\"@id\":\"https:\\\/\\\/radioljubuski.ba\\\/index.php\\\/2021\\\/10\\\/15\\\/cabraja-dat-cemo-sve-od-sebe-da-osvojimo-tri-boda\\\/\"},\"author\":{\"name\":\"Radio Ljubu\u0161ki\",\"@id\":\"https:\\\/\\\/radioljubuski.ba\\\/#\\\/schema\\\/person\\\/19fc700381a780f69665d7956c469e3b\"},\"headline\":\"\u010cabraja: &#8220;Dat \u0107emo sve od sebe da osvojimo tri boda&#8221;\",\"datePublished\":\"2021-10-14T23:15:32+00:00\",\"dateModified\":\"2021-10-14T23:15:33+00:00\",\"mainEntityOfPage\":{\"@id\":\"https:\\\/\\\/radioljubuski.ba\\\/index.php\\\/2021\\\/10\\\/15\\\/cabraja-dat-cemo-sve-od-sebe-da-osvojimo-tri-boda\\\/\"},\"wordCount\":415,\"publisher\":{\"@id\":\"https:\\\/\\\/radioljubuski.ba\\\/#organization\"},\"image\":{\"@id\":\"https:\\\/\\\/radioljubuski.ba\\\/index.php\\\/2021\\\/10\\\/15\\\/cabraja-dat-cemo-sve-od-sebe-da-osvojimo-tri-boda\\\/#primaryimage\"},\"thumbnailUrl\":\"https:\\\/\\\/radioljubuski.ba\\\/wp-content\\\/uploads\\\/2021\\\/10\\\/FBpvoDVX0AAfdva.jpg\",\"articleSection\":[\"\u0160port\"],\"inLanguage\":\"hr\"},{\"@type\":\"WebPage\",\"@id\":\"https:\\\/\\\/radioljubuski.ba\\\/index.php\\\/2021\\\/10\\\/15\\\/cabraja-dat-cemo-sve-od-sebe-da-osvojimo-tri-boda\\\/\",\"url\":\"https:\\\/\\\/radioljubuski.ba\\\/index.php\\\/2021\\\/10\\\/15\\\/cabraja-dat-cemo-sve-od-sebe-da-osvojimo-tri-boda\\\/\",\"name\":\"\u010cabraja: \\\"Dat \u0107emo sve od sebe da osvojimo tri boda\\\" - RADIO LJUBU\u0160KI\",\"isPartOf\":{\"@id\":\"https:\\\/\\\/radioljubuski.ba\\\/#website\"},\"primaryImageOfPage\":{\"@id\":\"https:\\\/\\\/radioljubuski.ba\\\/index.php\\\/2021\\\/10\\\/15\\\/cabraja-dat-cemo-sve-od-sebe-da-osvojimo-tri-boda\\\/#primaryimage\"},\"image\":{\"@id\":\"https:\\\/\\\/radioljubuski.ba\\\/index.php\\\/2021\\\/10\\\/15\\\/cabraja-dat-cemo-sve-od-sebe-da-osvojimo-tri-boda\\\/#primaryimage\"},\"thumbnailUrl\":\"https:\\\/\\\/radioljubuski.ba\\\/wp-content\\\/uploads\\\/2021\\\/10\\\/FBpvoDVX0AAfdva.jpg\",\"datePublished\":\"2021-10-14T23:15:32+00:00\",\"dateModified\":\"2021-10-14T23:15:33+00:00\",\"breadcrumb\":{\"@id\":\"https:\\\/\\\/radioljubuski.ba\\\/index.php\\\/2021\\\/10\\\/15\\\/cabraja-dat-cemo-sve-od-sebe-da-osvojimo-tri-boda\\\/#breadcrumb\"},\"inLanguage\":\"hr\",\"potentialAction\":[{\"@type\":\"ReadAction\",\"target\":[\"https:\\\/\\\/radioljubuski.ba\\\/index.php\\\/2021\\\/10\\\/15\\\/cabraja-dat-cemo-sve-od-sebe-da-osvojimo-tri-boda\\\/\"]}]},{\"@type\":\"ImageObject\",\"inLanguage\":\"hr\",\"@id\":\"https:\\\/\\\/radioljubuski.ba\\\/index.php\\\/2021\\\/10\\\/15\\\/cabraja-dat-cemo-sve-od-sebe-da-osvojimo-tri-boda\\\/#primaryimage\",\"url\":\"https:\\\/\\\/radioljubuski.ba\\\/wp-content\\\/uploads\\\/2021\\\/10\\\/FBpvoDVX0AAfdva.jpg\",\"contentUrl\":\"https:\\\/\\\/radioljubuski.ba\\\/wp-content\\\/uploads\\\/2021\\\/10\\\/FBpvoDVX0AAfdva.jpg\",\"width\":679,\"height\":453},{\"@type\":\"BreadcrumbList\",\"@id\":\"https:\\\/\\\/radioljubuski.ba\\\/index.php\\\/2021\\\/10\\\/15\\\/cabraja-dat-cemo-sve-od-sebe-da-osvojimo-tri-boda\\\/#breadcrumb\",\"itemListElement\":[{\"@type\":\"ListItem\",\"position\":1,\"name\":\"Po\u010detna stranica\",\"item\":\"https:\\\/\\\/radioljubuski.ba\\\/\"},{\"@type\":\"ListItem\",\"position\":2,\"name\":\"\u010cabraja: &#8220;Dat \u0107emo sve od sebe da osvojimo tri boda&#8221;\"}]},{\"@type\":\"WebSite\",\"@id\":\"https:\\\/\\\/radioljubuski.ba\\\/#website\",\"url\":\"https:\\\/\\\/radioljubuski.ba\\\/\",\"name\":\"Radio Ljubu\u0161ki\",\"description\":\"Sun\u010dana frekvencija Hercegovine\",\"publisher\":{\"@id\":\"https:\\\/\\\/radioljubuski.ba\\\/#organization\"},\"potentialAction\":[{\"@type\":\"SearchAction\",\"target\":{\"@type\":\"EntryPoint\",\"urlTemplate\":\"https:\\\/\\\/radioljubuski.ba\\\/?s={search_term_string}\"},\"query-input\":{\"@type\":\"PropertyValueSpecification\",\"valueRequired\":true,\"valueName\":\"search_term_string\"}}],\"inLanguage\":\"hr\"},{\"@type\":\"Organization\",\"@id\":\"https:\\\/\\\/radioljubuski.ba\\\/#organization\",\"name\":\"Radio Ljubu\u0161ki\",\"url\":\"https:\\\/\\\/radioljubuski.ba\\\/\",\"logo\":{\"@type\":\"ImageObject\",\"inLanguage\":\"hr\",\"@id\":\"https:\\\/\\\/radioljubuski.ba\\\/#\\\/schema\\\/logo\\\/image\\\/\",\"url\":\"https:\\\/\\\/radioljubuski.ba\\\/wp-content\\\/uploads\\\/2021\\\/02\\\/cropped-Radio_Ljubuski_logo1.jpg\",\"contentUrl\":\"https:\\\/\\\/radioljubuski.ba\\\/wp-content\\\/uploads\\\/2021\\\/02\\\/cropped-Radio_Ljubuski_logo1.jpg\",\"width\":512,\"height\":512,\"caption\":\"Radio Ljubu\u0161ki\"},\"image\":{\"@id\":\"https:\\\/\\\/radioljubuski.ba\\\/#\\\/schema\\\/logo\\\/image\\\/\"},\"sameAs\":[\"https:\\\/\\\/www.facebook.com\\\/Radiio-Ljubuski-1490835324566332\",\"https:\\\/\\\/x.com\\\/radioljubuski\",\"https:\\\/\\\/hr.linkedin.com\\\/company\\\/radio-ljubuski\",\"https:\\\/\\\/www.youtube.com\\\/channel\\\/UCHYaeO_n0Db3tjNGudGpXyw\"]},{\"@type\":\"Person\",\"@id\":\"https:\\\/\\\/radioljubuski.ba\\\/#\\\/schema\\\/person\\\/19fc700381a780f69665d7956c469e3b\",\"name\":\"Radio Ljubu\u0161ki\"}]}<\/script>\n<!-- \/ Yoast SEO plugin. -->","yoast_head_json":{"title":"\u010cabraja: \"Dat \u0107emo sve od sebe da osvojimo tri boda\" - RADIO LJUBU\u0160KI","robots":{"index":"index","follow":"follow","max-snippet":"max-snippet:-1","max-image-preview":"max-image-preview:large","max-video-preview":"max-video-preview:-1"},"canonical":"https:\/\/radioljubuski.ba\/index.php\/2021\/10\/15\/cabraja-dat-cemo-sve-od-sebe-da-osvojimo-tri-boda\/","og_locale":"hr_HR","og_type":"article","og_title":"\u010cabraja: \"Dat \u0107emo sve od sebe da osvojimo tri boda\" - RADIO LJUBU\u0160KI","og_description":"Nakon reprezentativnih utakmica, nastavlja se doma\u0107e nogometno prvenstvo, a 12. kolo 1. HNL-a otvorit \u0107e u petak Hrvatski dragovoljac i Lokomotiva.&nbsp; Doma\u0107a mom\u010dad posljednja je, deseta, na ljestvici sa samo pet bodova iz 11 odigranih utakmica, dok su Lokosi na \u0161estom mjestu s 14 bodova i utakmicom manje. Ove sezone me\u0111usobno su igrali u tre\u0107em [&hellip;]","og_url":"https:\/\/radioljubuski.ba\/index.php\/2021\/10\/15\/cabraja-dat-cemo-sve-od-sebe-da-osvojimo-tri-boda\/","og_site_name":"RADIO LJUBU\u0160KI","article_publisher":"https:\/\/www.facebook.com\/Radiio-Ljubuski-1490835324566332","article_published_time":"2021-10-14T23:15:32+00:00","article_modified_time":"2021-10-14T23:15:33+00:00","og_image":[{"width":679,"height":453,"url":"https:\/\/radioljubuski.ba\/wp-content\/uploads\/2021\/10\/FBpvoDVX0AAfdva.jpg","type":"image\/jpeg"}],"author":"Radio Ljubu\u0161ki","twitter_card":"summary_large_image","twitter_creator":"@radioljubuski","twitter_site":"@radioljubuski","twitter_misc":{"Napisao\/la":"Radio Ljubu\u0161ki","Procijenjeno vrijeme \u010ditanja":"2 minute"},"schema":{"@context":"https:\/\/schema.org","@graph":[{"@type":"Article","@id":"https:\/\/radioljubuski.ba\/index.php\/2021\/10\/15\/cabraja-dat-cemo-sve-od-sebe-da-osvojimo-tri-boda\/#article","isPartOf":{"@id":"https:\/\/radioljubuski.ba\/index.php\/2021\/10\/15\/cabraja-dat-cemo-sve-od-sebe-da-osvojimo-tri-boda\/"},"author":{"name":"Radio Ljubu\u0161ki","@id":"https:\/\/radioljubuski.ba\/#\/schema\/person\/19fc700381a780f69665d7956c469e3b"},"headline":"\u010cabraja: &#8220;Dat \u0107emo sve od sebe da osvojimo tri boda&#8221;","datePublished":"2021-10-14T23:15:32+00:00","dateModified":"2021-10-14T23:15:33+00:00","mainEntityOfPage":{"@id":"https:\/\/radioljubuski.ba\/index.php\/2021\/10\/15\/cabraja-dat-cemo-sve-od-sebe-da-osvojimo-tri-boda\/"},"wordCount":415,"publisher":{"@id":"https:\/\/radioljubuski.ba\/#organization"},"image":{"@id":"https:\/\/radioljubuski.ba\/index.php\/2021\/10\/15\/cabraja-dat-cemo-sve-od-sebe-da-osvojimo-tri-boda\/#primaryimage"},"thumbnailUrl":"https:\/\/radioljubuski.ba\/wp-content\/uploads\/2021\/10\/FBpvoDVX0AAfdva.jpg","articleSection":["\u0160port"],"inLanguage":"hr"},{"@type":"WebPage","@id":"https:\/\/radioljubuski.ba\/index.php\/2021\/10\/15\/cabraja-dat-cemo-sve-od-sebe-da-osvojimo-tri-boda\/","url":"https:\/\/radioljubuski.ba\/index.php\/2021\/10\/15\/cabraja-dat-cemo-sve-od-sebe-da-osvojimo-tri-boda\/","name":"\u010cabraja: \"Dat \u0107emo sve od sebe da osvojimo tri boda\" - RADIO LJUBU\u0160KI","isPartOf":{"@id":"https:\/\/radioljubuski.ba\/#website"},"primaryImageOfPage":{"@id":"https:\/\/radioljubuski.ba\/index.php\/2021\/10\/15\/cabraja-dat-cemo-sve-od-sebe-da-osvojimo-tri-boda\/#primaryimage"},"image":{"@id":"https:\/\/radioljubuski.ba\/index.php\/2021\/10\/15\/cabraja-dat-cemo-sve-od-sebe-da-osvojimo-tri-boda\/#primaryimage"},"thumbnailUrl":"https:\/\/radioljubuski.ba\/wp-content\/uploads\/2021\/10\/FBpvoDVX0AAfdva.jpg","datePublished":"2021-10-14T23:15:32+00:00","dateModified":"2021-10-14T23:15:33+00:00","breadcrumb":{"@id":"https:\/\/radioljubuski.ba\/index.php\/2021\/10\/15\/cabraja-dat-cemo-sve-od-sebe-da-osvojimo-tri-boda\/#breadcrumb"},"inLanguage":"hr","potentialAction":[{"@type":"ReadAction","target":["https:\/\/radioljubuski.ba\/index.php\/2021\/10\/15\/cabraja-dat-cemo-sve-od-sebe-da-osvojimo-tri-boda\/"]}]},{"@type":"ImageObject","inLanguage":"hr","@id":"https:\/\/radioljubuski.ba\/index.php\/2021\/10\/15\/cabraja-dat-cemo-sve-od-sebe-da-osvojimo-tri-boda\/#primaryimage","url":"https:\/\/radioljubuski.ba\/wp-content\/uploads\/2021\/10\/FBpvoDVX0AAfdva.jpg","contentUrl":"https:\/\/radioljubuski.ba\/wp-content\/uploads\/2021\/10\/FBpvoDVX0AAfdva.jpg","width":679,"height":453},{"@type":"BreadcrumbList","@id":"https:\/\/radioljubuski.ba\/index.php\/2021\/10\/15\/cabraja-dat-cemo-sve-od-sebe-da-osvojimo-tri-boda\/#breadcrumb","itemListElement":[{"@type":"ListItem","position":1,"name":"Po\u010detna stranica","item":"https:\/\/radioljubuski.ba\/"},{"@type":"ListItem","position":2,"name":"\u010cabraja: &#8220;Dat \u0107emo sve od sebe da osvojimo tri boda&#8221;"}]},{"@type":"WebSite","@id":"https:\/\/radioljubuski.ba\/#website","url":"https:\/\/radioljubuski.ba\/","name":"Radio Ljubu\u0161ki","description":"Sun\u010dana frekvencija Hercegovine","publisher":{"@id":"https:\/\/radioljubuski.ba\/#organization"},"potentialAction":[{"@type":"SearchAction","target":{"@type":"EntryPoint","urlTemplate":"https:\/\/radioljubuski.ba\/?s={search_term_string}"},"query-input":{"@type":"PropertyValueSpecification","valueRequired":true,"valueName":"search_term_string"}}],"inLanguage":"hr"},{"@type":"Organization","@id":"https:\/\/radioljubuski.ba\/#organization","name":"Radio Ljubu\u0161ki","url":"https:\/\/radioljubuski.ba\/","logo":{"@type":"ImageObject","inLanguage":"hr","@id":"https:\/\/radioljubuski.ba\/#\/schema\/logo\/image\/","url":"https:\/\/radioljubuski.ba\/wp-content\/uploads\/2021\/02\/cropped-Radio_Ljubuski_logo1.jpg","contentUrl":"https:\/\/radioljubuski.ba\/wp-content\/uploads\/2021\/02\/cropped-Radio_Ljubuski_logo1.jpg","width":512,"height":512,"caption":"Radio Ljubu\u0161ki"},"image":{"@id":"https:\/\/radioljubuski.ba\/#\/schema\/logo\/image\/"},"sameAs":["https:\/\/www.facebook.com\/Radiio-Ljubuski-1490835324566332","https:\/\/x.com\/radioljubuski","https:\/\/hr.linkedin.com\/company\/radio-ljubuski","https:\/\/www.youtube.com\/channel\/UCHYaeO_n0Db3tjNGudGpXyw"]},{"@type":"Person","@id":"https:\/\/radioljubuski.ba\/#\/schema\/person\/19fc700381a780f69665d7956c469e3b","name":"Radio Ljubu\u0161ki"}]}},"_links":{"self":[{"href":"https:\/\/radioljubuski.ba\/index.php\/wp-json\/wp\/v2\/posts\/75895","targetHints":{"allow":["GET"]}}],"collection":[{"href":"https:\/\/radioljubuski.ba\/index.php\/wp-json\/wp\/v2\/posts"}],"about":[{"href":"https:\/\/radioljubuski.ba\/index.php\/wp-json\/wp\/v2\/types\/post"}],"author":[{"embeddable":true,"href":"https:\/\/radioljubuski.ba\/index.php\/wp-json\/wp\/v2\/users\/2"}],"replies":[{"embeddable":true,"href":"https:\/\/radioljubuski.ba\/index.php\/wp-json\/wp\/v2\/comments?post=75895"}],"version-history":[{"count":1,"href":"https:\/\/radioljubuski.ba\/index.php\/wp-json\/wp\/v2\/posts\/75895\/revisions"}],"predecessor-version":[{"id":75897,"href":"https:\/\/radioljubuski.ba\/index.php\/wp-json\/wp\/v2\/posts\/75895\/revisions\/75897"}],"wp:featuredmedia":[{"embeddable":true,"href":"https:\/\/radioljubuski.ba\/index.php\/wp-json\/wp\/v2\/media\/75896"}],"wp:attachment":[{"href":"https:\/\/radioljubuski.ba\/index.php\/wp-json\/wp\/v2\/media?parent=75895"}],"wp:term":[{"taxonomy":"category","embeddable":true,"href":"https:\/\/radioljubuski.ba\/index.php\/wp-json\/wp\/v2\/categories?post=75895"},{"taxonomy":"post_tag","embeddable":true,"href":"https:\/\/radioljubuski.ba\/index.php\/wp-json\/wp\/v2\/tags?post=75895"}],"curies":[{"name":"wp","href":"https:\/\/api.w.org\/{rel}","templated":true}]}}