{"id":75901,"date":"2021-10-15T00:21:06","date_gmt":"2021-10-14T23:21:06","guid":{"rendered":"https:\/\/radioljubuski.ba\/?p=75901"},"modified":"2021-10-15T00:21:07","modified_gmt":"2021-10-14T23:21:07","slug":"muric-produljio-ugovor-s-rijekom-pa-najavio-derbi-s-dinamom","status":"publish","type":"post","link":"https:\/\/radioljubuski.ba\/index.php\/2021\/10\/15\/muric-produljio-ugovor-s-rijekom-pa-najavio-derbi-s-dinamom\/","title":{"rendered":"Muri\u0107 produljio ugovor s Rijekom pa najavio derbi s Dinamom"},"content":{"rendered":"\n<p><strong>Robert Muri\u0107 je produljio ugovor s HNK Rijeka. Muri\u0107 je dresu Rijeke odigrao 95 utakmica i postigao 28 golova, te je svojim potezima protekle dvije godine u bijelom dresu odu\u0161evljavao sve ljubitelje nogometa, objavili su iz kluba.<\/strong><\/p>\n\n\n\n<p>&#8211; Drago mi je da sam produljio ugovor s Rijekom, dobro se osje\u0107am u Rijeci i \u017eelim, kao i dosad, dati svoj maksimum na travnjaku i opravdati povjerenje kluba. \u010cekaju nas jo\u0161 mnogi izazovi, dobro smo u\u0161li u sezonu, \u017eelja je da nastavimo nizati dobre rezultate i da se borimo za najvi\u0161e pozicije u prvenstvu i Kupu Hrvatske, rekao je Muri\u0107.<br><br><\/p>\n\n\n\n<p>Rijeka u subotu do\u010dekuje Dinamo u derbiju 12. kola Prve HNL.<br><br>&#8211; Prvi veliki izazov na rasporedu je ve\u0107 u subotu protiv Dinama. Najljep\u0161e je igrati derbije, vjerujem da \u0107e svi ljubitelji nogometa u\u017eivati u jednom sjajnom derbiju. Pozivam na\u0161e navija\u010de da do\u0111u u \u0161to ve\u0107em broju i pomognu nam ostvariti jo\u0161 jedan uspjeh, zaklju\u010dio je Muri\u0107.<\/p>\n\n\n\n<p>Izvor:hrt.hr<\/p>\n","protected":false},"excerpt":{"rendered":"<p>Robert Muri\u0107 je produljio ugovor s HNK Rijeka. Muri\u0107 je dresu Rijeke odigrao 95 utakmica i postigao 28 golova, te je svojim potezima protekle dvije godine u bijelom dresu odu\u0161evljavao sve ljubitelje nogometa, objavili su iz kluba. &#8211; Drago mi je da sam produljio ugovor s Rijekom, dobro se osje\u0107am u Rijeci i \u017eelim, kao [&hellip;]<\/p>\n","protected":false},"author":2,"featured_media":0,"comment_status":"closed","ping_status":"closed","sticky":false,"template":"","format":"standard","meta":{"h5ap_radio_sources":[],"footnotes":""},"categories":[7],"tags":[],"class_list":["post-75901","post","type-post","status-publish","format-standard","hentry","category-sport"],"yoast_head":"<!-- This site is optimized with the Yoast SEO plugin v27.4 - https:\/\/yoast.com\/product\/yoast-seo-wordpress\/ -->\n<title>Muri\u0107 produljio ugovor s Rijekom pa najavio derbi s Dinamom - RADIO LJUBU\u0160KI<\/title>\n<meta name=\"robots\" content=\"index, follow, max-snippet:-1, max-image-preview:large, max-video-preview:-1\" \/>\n<link rel=\"canonical\" href=\"https:\/\/radioljubuski.ba\/index.php\/2021\/10\/15\/muric-produljio-ugovor-s-rijekom-pa-najavio-derbi-s-dinamom\/\" \/>\n<meta property=\"og:locale\" content=\"hr_HR\" \/>\n<meta property=\"og:type\" content=\"article\" \/>\n<meta property=\"og:title\" content=\"Muri\u0107 produljio ugovor s Rijekom pa najavio derbi s Dinamom - RADIO LJUBU\u0160KI\" \/>\n<meta property=\"og:description\" content=\"Robert Muri\u0107 je produljio ugovor s HNK Rijeka. Muri\u0107 je dresu Rijeke odigrao 95 utakmica i postigao 28 golova, te je svojim potezima protekle dvije godine u bijelom dresu odu\u0161evljavao sve ljubitelje nogometa, objavili su iz kluba. &#8211; Drago mi je da sam produljio ugovor s Rijekom, dobro se osje\u0107am u Rijeci i \u017eelim, kao [&hellip;]\" \/>\n<meta property=\"og:url\" content=\"https:\/\/radioljubuski.ba\/index.php\/2021\/10\/15\/muric-produljio-ugovor-s-rijekom-pa-najavio-derbi-s-dinamom\/\" \/>\n<meta property=\"og:site_name\" content=\"RADIO LJUBU\u0160KI\" \/>\n<meta property=\"article:publisher\" content=\"https:\/\/www.facebook.com\/Radiio-Ljubuski-1490835324566332\" \/>\n<meta property=\"article:published_time\" content=\"2021-10-14T23:21:06+00:00\" \/>\n<meta property=\"article:modified_time\" content=\"2021-10-14T23:21:07+00:00\" \/>\n<meta property=\"og:image\" content=\"https:\/\/radioljubuski.ba\/wp-content\/uploads\/2021\/10\/pxl-260921-34800172-20211014151126.jpg\" \/>\n\t<meta property=\"og:image:width\" content=\"1600\" \/>\n\t<meta property=\"og:image:height\" content=\"1112\" \/>\n\t<meta property=\"og:image:type\" content=\"image\/jpeg\" \/>\n<meta name=\"author\" content=\"Radio Ljubu\u0161ki\" \/>\n<meta name=\"twitter:card\" content=\"summary_large_image\" \/>\n<meta name=\"twitter:creator\" content=\"@radioljubuski\" \/>\n<meta name=\"twitter:site\" content=\"@radioljubuski\" \/>\n<meta name=\"twitter:label1\" content=\"Napisao\/la\" \/>\n\t<meta name=\"twitter:data1\" content=\"Radio Ljubu\u0161ki\" \/>\n\t<meta name=\"twitter:label2\" content=\"Procijenjeno vrijeme \u010ditanja\" \/>\n\t<meta name=\"twitter:data2\" content=\"1 minuta\" \/>\n<script type=\"application\/ld+json\" class=\"yoast-schema-graph\">{\"@context\":\"https:\\\/\\\/schema.org\",\"@graph\":[{\"@type\":\"Article\",\"@id\":\"https:\\\/\\\/radioljubuski.ba\\\/index.php\\\/2021\\\/10\\\/15\\\/muric-produljio-ugovor-s-rijekom-pa-najavio-derbi-s-dinamom\\\/#article\",\"isPartOf\":{\"@id\":\"https:\\\/\\\/radioljubuski.ba\\\/index.php\\\/2021\\\/10\\\/15\\\/muric-produljio-ugovor-s-rijekom-pa-najavio-derbi-s-dinamom\\\/\"},\"author\":{\"name\":\"Radio Ljubu\u0161ki\",\"@id\":\"https:\\\/\\\/radioljubuski.ba\\\/#\\\/schema\\\/person\\\/19fc700381a780f69665d7956c469e3b\"},\"headline\":\"Muri\u0107 produljio ugovor s Rijekom pa najavio derbi s Dinamom\",\"datePublished\":\"2021-10-14T23:21:06+00:00\",\"dateModified\":\"2021-10-14T23:21:07+00:00\",\"mainEntityOfPage\":{\"@id\":\"https:\\\/\\\/radioljubuski.ba\\\/index.php\\\/2021\\\/10\\\/15\\\/muric-produljio-ugovor-s-rijekom-pa-najavio-derbi-s-dinamom\\\/\"},\"wordCount\":177,\"publisher\":{\"@id\":\"https:\\\/\\\/radioljubuski.ba\\\/#organization\"},\"articleSection\":[\"\u0160port\"],\"inLanguage\":\"hr\"},{\"@type\":\"WebPage\",\"@id\":\"https:\\\/\\\/radioljubuski.ba\\\/index.php\\\/2021\\\/10\\\/15\\\/muric-produljio-ugovor-s-rijekom-pa-najavio-derbi-s-dinamom\\\/\",\"url\":\"https:\\\/\\\/radioljubuski.ba\\\/index.php\\\/2021\\\/10\\\/15\\\/muric-produljio-ugovor-s-rijekom-pa-najavio-derbi-s-dinamom\\\/\",\"name\":\"Muri\u0107 produljio ugovor s Rijekom pa najavio derbi s Dinamom - RADIO LJUBU\u0160KI\",\"isPartOf\":{\"@id\":\"https:\\\/\\\/radioljubuski.ba\\\/#website\"},\"datePublished\":\"2021-10-14T23:21:06+00:00\",\"dateModified\":\"2021-10-14T23:21:07+00:00\",\"breadcrumb\":{\"@id\":\"https:\\\/\\\/radioljubuski.ba\\\/index.php\\\/2021\\\/10\\\/15\\\/muric-produljio-ugovor-s-rijekom-pa-najavio-derbi-s-dinamom\\\/#breadcrumb\"},\"inLanguage\":\"hr\",\"potentialAction\":[{\"@type\":\"ReadAction\",\"target\":[\"https:\\\/\\\/radioljubuski.ba\\\/index.php\\\/2021\\\/10\\\/15\\\/muric-produljio-ugovor-s-rijekom-pa-najavio-derbi-s-dinamom\\\/\"]}]},{\"@type\":\"BreadcrumbList\",\"@id\":\"https:\\\/\\\/radioljubuski.ba\\\/index.php\\\/2021\\\/10\\\/15\\\/muric-produljio-ugovor-s-rijekom-pa-najavio-derbi-s-dinamom\\\/#breadcrumb\",\"itemListElement\":[{\"@type\":\"ListItem\",\"position\":1,\"name\":\"Po\u010detna stranica\",\"item\":\"https:\\\/\\\/radioljubuski.ba\\\/\"},{\"@type\":\"ListItem\",\"position\":2,\"name\":\"Muri\u0107 produljio ugovor s Rijekom pa najavio derbi s Dinamom\"}]},{\"@type\":\"WebSite\",\"@id\":\"https:\\\/\\\/radioljubuski.ba\\\/#website\",\"url\":\"https:\\\/\\\/radioljubuski.ba\\\/\",\"name\":\"Radio Ljubu\u0161ki\",\"description\":\"Sun\u010dana frekvencija Hercegovine\",\"publisher\":{\"@id\":\"https:\\\/\\\/radioljubuski.ba\\\/#organization\"},\"potentialAction\":[{\"@type\":\"SearchAction\",\"target\":{\"@type\":\"EntryPoint\",\"urlTemplate\":\"https:\\\/\\\/radioljubuski.ba\\\/?s={search_term_string}\"},\"query-input\":{\"@type\":\"PropertyValueSpecification\",\"valueRequired\":true,\"valueName\":\"search_term_string\"}}],\"inLanguage\":\"hr\"},{\"@type\":\"Organization\",\"@id\":\"https:\\\/\\\/radioljubuski.ba\\\/#organization\",\"name\":\"Radio Ljubu\u0161ki\",\"url\":\"https:\\\/\\\/radioljubuski.ba\\\/\",\"logo\":{\"@type\":\"ImageObject\",\"inLanguage\":\"hr\",\"@id\":\"https:\\\/\\\/radioljubuski.ba\\\/#\\\/schema\\\/logo\\\/image\\\/\",\"url\":\"https:\\\/\\\/radioljubuski.ba\\\/wp-content\\\/uploads\\\/2021\\\/02\\\/cropped-Radio_Ljubuski_logo1.jpg\",\"contentUrl\":\"https:\\\/\\\/radioljubuski.ba\\\/wp-content\\\/uploads\\\/2021\\\/02\\\/cropped-Radio_Ljubuski_logo1.jpg\",\"width\":512,\"height\":512,\"caption\":\"Radio Ljubu\u0161ki\"},\"image\":{\"@id\":\"https:\\\/\\\/radioljubuski.ba\\\/#\\\/schema\\\/logo\\\/image\\\/\"},\"sameAs\":[\"https:\\\/\\\/www.facebook.com\\\/Radiio-Ljubuski-1490835324566332\",\"https:\\\/\\\/x.com\\\/radioljubuski\",\"https:\\\/\\\/hr.linkedin.com\\\/company\\\/radio-ljubuski\",\"https:\\\/\\\/www.youtube.com\\\/channel\\\/UCHYaeO_n0Db3tjNGudGpXyw\"]},{\"@type\":\"Person\",\"@id\":\"https:\\\/\\\/radioljubuski.ba\\\/#\\\/schema\\\/person\\\/19fc700381a780f69665d7956c469e3b\",\"name\":\"Radio Ljubu\u0161ki\"}]}<\/script>\n<!-- \/ Yoast SEO plugin. -->","yoast_head_json":{"title":"Muri\u0107 produljio ugovor s Rijekom pa najavio derbi s Dinamom - RADIO LJUBU\u0160KI","robots":{"index":"index","follow":"follow","max-snippet":"max-snippet:-1","max-image-preview":"max-image-preview:large","max-video-preview":"max-video-preview:-1"},"canonical":"https:\/\/radioljubuski.ba\/index.php\/2021\/10\/15\/muric-produljio-ugovor-s-rijekom-pa-najavio-derbi-s-dinamom\/","og_locale":"hr_HR","og_type":"article","og_title":"Muri\u0107 produljio ugovor s Rijekom pa najavio derbi s Dinamom - RADIO LJUBU\u0160KI","og_description":"Robert Muri\u0107 je produljio ugovor s HNK Rijeka. Muri\u0107 je dresu Rijeke odigrao 95 utakmica i postigao 28 golova, te je svojim potezima protekle dvije godine u bijelom dresu odu\u0161evljavao sve ljubitelje nogometa, objavili su iz kluba. &#8211; Drago mi je da sam produljio ugovor s Rijekom, dobro se osje\u0107am u Rijeci i \u017eelim, kao [&hellip;]","og_url":"https:\/\/radioljubuski.ba\/index.php\/2021\/10\/15\/muric-produljio-ugovor-s-rijekom-pa-najavio-derbi-s-dinamom\/","og_site_name":"RADIO LJUBU\u0160KI","article_publisher":"https:\/\/www.facebook.com\/Radiio-Ljubuski-1490835324566332","article_published_time":"2021-10-14T23:21:06+00:00","article_modified_time":"2021-10-14T23:21:07+00:00","og_image":[{"width":1600,"height":1112,"url":"https:\/\/radioljubuski.ba\/wp-content\/uploads\/2021\/10\/pxl-260921-34800172-20211014151126.jpg","type":"image\/jpeg"}],"author":"Radio Ljubu\u0161ki","twitter_card":"summary_large_image","twitter_creator":"@radioljubuski","twitter_site":"@radioljubuski","twitter_misc":{"Napisao\/la":"Radio Ljubu\u0161ki","Procijenjeno vrijeme \u010ditanja":"1 minuta"},"schema":{"@context":"https:\/\/schema.org","@graph":[{"@type":"Article","@id":"https:\/\/radioljubuski.ba\/index.php\/2021\/10\/15\/muric-produljio-ugovor-s-rijekom-pa-najavio-derbi-s-dinamom\/#article","isPartOf":{"@id":"https:\/\/radioljubuski.ba\/index.php\/2021\/10\/15\/muric-produljio-ugovor-s-rijekom-pa-najavio-derbi-s-dinamom\/"},"author":{"name":"Radio Ljubu\u0161ki","@id":"https:\/\/radioljubuski.ba\/#\/schema\/person\/19fc700381a780f69665d7956c469e3b"},"headline":"Muri\u0107 produljio ugovor s Rijekom pa najavio derbi s Dinamom","datePublished":"2021-10-14T23:21:06+00:00","dateModified":"2021-10-14T23:21:07+00:00","mainEntityOfPage":{"@id":"https:\/\/radioljubuski.ba\/index.php\/2021\/10\/15\/muric-produljio-ugovor-s-rijekom-pa-najavio-derbi-s-dinamom\/"},"wordCount":177,"publisher":{"@id":"https:\/\/radioljubuski.ba\/#organization"},"articleSection":["\u0160port"],"inLanguage":"hr"},{"@type":"WebPage","@id":"https:\/\/radioljubuski.ba\/index.php\/2021\/10\/15\/muric-produljio-ugovor-s-rijekom-pa-najavio-derbi-s-dinamom\/","url":"https:\/\/radioljubuski.ba\/index.php\/2021\/10\/15\/muric-produljio-ugovor-s-rijekom-pa-najavio-derbi-s-dinamom\/","name":"Muri\u0107 produljio ugovor s Rijekom pa najavio derbi s Dinamom - RADIO LJUBU\u0160KI","isPartOf":{"@id":"https:\/\/radioljubuski.ba\/#website"},"datePublished":"2021-10-14T23:21:06+00:00","dateModified":"2021-10-14T23:21:07+00:00","breadcrumb":{"@id":"https:\/\/radioljubuski.ba\/index.php\/2021\/10\/15\/muric-produljio-ugovor-s-rijekom-pa-najavio-derbi-s-dinamom\/#breadcrumb"},"inLanguage":"hr","potentialAction":[{"@type":"ReadAction","target":["https:\/\/radioljubuski.ba\/index.php\/2021\/10\/15\/muric-produljio-ugovor-s-rijekom-pa-najavio-derbi-s-dinamom\/"]}]},{"@type":"BreadcrumbList","@id":"https:\/\/radioljubuski.ba\/index.php\/2021\/10\/15\/muric-produljio-ugovor-s-rijekom-pa-najavio-derbi-s-dinamom\/#breadcrumb","itemListElement":[{"@type":"ListItem","position":1,"name":"Po\u010detna stranica","item":"https:\/\/radioljubuski.ba\/"},{"@type":"ListItem","position":2,"name":"Muri\u0107 produljio ugovor s Rijekom pa najavio derbi s Dinamom"}]},{"@type":"WebSite","@id":"https:\/\/radioljubuski.ba\/#website","url":"https:\/\/radioljubuski.ba\/","name":"Radio Ljubu\u0161ki","description":"Sun\u010dana frekvencija Hercegovine","publisher":{"@id":"https:\/\/radioljubuski.ba\/#organization"},"potentialAction":[{"@type":"SearchAction","target":{"@type":"EntryPoint","urlTemplate":"https:\/\/radioljubuski.ba\/?s={search_term_string}"},"query-input":{"@type":"PropertyValueSpecification","valueRequired":true,"valueName":"search_term_string"}}],"inLanguage":"hr"},{"@type":"Organization","@id":"https:\/\/radioljubuski.ba\/#organization","name":"Radio Ljubu\u0161ki","url":"https:\/\/radioljubuski.ba\/","logo":{"@type":"ImageObject","inLanguage":"hr","@id":"https:\/\/radioljubuski.ba\/#\/schema\/logo\/image\/","url":"https:\/\/radioljubuski.ba\/wp-content\/uploads\/2021\/02\/cropped-Radio_Ljubuski_logo1.jpg","contentUrl":"https:\/\/radioljubuski.ba\/wp-content\/uploads\/2021\/02\/cropped-Radio_Ljubuski_logo1.jpg","width":512,"height":512,"caption":"Radio Ljubu\u0161ki"},"image":{"@id":"https:\/\/radioljubuski.ba\/#\/schema\/logo\/image\/"},"sameAs":["https:\/\/www.facebook.com\/Radiio-Ljubuski-1490835324566332","https:\/\/x.com\/radioljubuski","https:\/\/hr.linkedin.com\/company\/radio-ljubuski","https:\/\/www.youtube.com\/channel\/UCHYaeO_n0Db3tjNGudGpXyw"]},{"@type":"Person","@id":"https:\/\/radioljubuski.ba\/#\/schema\/person\/19fc700381a780f69665d7956c469e3b","name":"Radio Ljubu\u0161ki"}]}},"_links":{"self":[{"href":"https:\/\/radioljubuski.ba\/index.php\/wp-json\/wp\/v2\/posts\/75901","targetHints":{"allow":["GET"]}}],"collection":[{"href":"https:\/\/radioljubuski.ba\/index.php\/wp-json\/wp\/v2\/posts"}],"about":[{"href":"https:\/\/radioljubuski.ba\/index.php\/wp-json\/wp\/v2\/types\/post"}],"author":[{"embeddable":true,"href":"https:\/\/radioljubuski.ba\/index.php\/wp-json\/wp\/v2\/users\/2"}],"replies":[{"embeddable":true,"href":"https:\/\/radioljubuski.ba\/index.php\/wp-json\/wp\/v2\/comments?post=75901"}],"version-history":[{"count":1,"href":"https:\/\/radioljubuski.ba\/index.php\/wp-json\/wp\/v2\/posts\/75901\/revisions"}],"predecessor-version":[{"id":75903,"href":"https:\/\/radioljubuski.ba\/index.php\/wp-json\/wp\/v2\/posts\/75901\/revisions\/75903"}],"wp:attachment":[{"href":"https:\/\/radioljubuski.ba\/index.php\/wp-json\/wp\/v2\/media?parent=75901"}],"wp:term":[{"taxonomy":"category","embeddable":true,"href":"https:\/\/radioljubuski.ba\/index.php\/wp-json\/wp\/v2\/categories?post=75901"},{"taxonomy":"post_tag","embeddable":true,"href":"https:\/\/radioljubuski.ba\/index.php\/wp-json\/wp\/v2\/tags?post=75901"}],"curies":[{"name":"wp","href":"https:\/\/api.w.org\/{rel}","templated":true}]}}