{"id":75910,"date":"2021-10-15T00:27:30","date_gmt":"2021-10-14T23:27:30","guid":{"rendered":"https:\/\/radioljubuski.ba\/?p=75910"},"modified":"2021-10-15T00:27:32","modified_gmt":"2021-10-14T23:27:32","slug":"misteriozna-bolest-koja-pogada-diplomate-i-spijune","status":"publish","type":"post","link":"https:\/\/radioljubuski.ba\/index.php\/2021\/10\/15\/misteriozna-bolest-koja-pogada-diplomate-i-spijune\/","title":{"rendered":"Misteriozna bolest koja poga\u0111a diplomate i \u0161pijune"},"content":{"rendered":"\n<p><strong>Vrtoglavica, mu\u010dnina, tjeskoba, intenzivni bolovi u glavi, gubitak pam\u0107enja i kognitivne te\u0161ko\u0107e naj\u010de\u0161\u0107i su simptomi tzv. havanskog sindroma. Prvi se put pojavio 2016. na Kubi. Od tada do danas zabilje\u017een je u mnogim zemaljama. Posljednji slu\u010dajevi bili su u Austriji i Srbiji. Nekima od oboljelih dijagnosticirane su ozljede mozga te pate od kroni\u010dnih migrena i drugih zdravstvenih problema.&nbsp;<\/strong><\/p>\n\n\n\n<p>Za Amerikance je najve\u0107a \u0161pijunska enigma nakon hladnog rata po\u010dela koncem 2016. u Havani. Odnosi izme\u0111u Sjedinjenih Dr\u017eava i Kube bili su u uzlaznoj putanji. Prvi put nakon pola stolje\u0107a neprijateljstva jedan je ameri\u010dki predsjednik stupio na tlo oto\u010dne dr\u017eave, bastiona socijalizma.<br><br>No, potkraj te iste godine u ameri\u010dkom veleposlanstvu smje\u0161tenom uz \u0161etnicu stare Havane doga\u0111aju se neobi\u010dni incidenti. Nekoliko agenata CIA-e nadre\u0111enima prijavljuje \u010dudne senzacije, zvukove koje samo oni \u010duju, a koji kod njih izazivaju glavobolju, mu\u010dninu, vrtoglavicu. Dio \u017ertava zvuk uspore\u0111uje s glasanjem cvr\u010dka ili cikada. To je i obja\u0161njenje kubanske strane o nizu neobi\u010dnih doga\u0111aja.<br><br>U kona\u010dnici, ukupno 26 diplomata, agenata i (osoblja ameri\u010dkog) veleposlanstva u Havani prijavljuje incidente. Vlada u po\u010detku taji slu\u010dajeve, no znanstvena javnost ubrzo saznaje za enigmu i poku\u0161ava je razrije\u0161iti.<br><br><strong>Misterij mikrovalova<\/strong><br><br>&#8211; Moj zaklju\u010dak je da postoji velika mogu\u0107nost da je rije\u010d o snopovima mikrovalova koji nisu vidljivi ljudskom oku, ali se konvertiraju u mozgu u zvukove koje \u010duju ljudi prema kojima su upereni, smatra profesor emeritus James Lin sa sveu\u010dili\u0161ta u Chicagu.<br><br>Profesor Lin nije obi\u010dan znati\u017eeljnik koji poku\u0161ava razrije\u0161iti misterij \u201ehavanskog sindroma&#8221;. 70-ih je godina osobno sudjelovao u eksperimentu kojim je utvrdio da su mikrovalni snopovi odaslani prema njemu iz druge prostorije postali zvukovi u njegovoj glavi. No, on je kontrolirao slanje impulsa i tako izbjegao zdravstvene tegobe.<br><br>Iako se nije susreo sa \u017ertvama \u201ehavanskog sindroma&#8221;, za njega su mikrovalovi jedino znanstveno obja\u0161njenje u ovom trenutku. I za Nacionalnu akademiju znanosti teorija o snopovima usmjerene energije poslane najvjerojatnije je obja\u0161njenje fenomena.<br><br><strong>Kona\u010dnog obja\u0161njenja nema<\/strong><br><br>Istrage vodi nekoliko dr\u017eavnih agencija, no kona\u010dnog obja\u0161njenja nema. Kada je rije\u010d o tome tko stoji iza napada, direktor CIA-e mogu\u0107eg krivca tra\u017ei u starim neprijateljima Amerike, posebno Rusiji. Moskva sve sumnje odbacuje.<br><br>Pet godina nakon prvih slu\u010dajeva u Havani, incidente je prijavilo 200-tinjak ameri\u010dkih slu\u017ebenika, a raste broj dr\u017eava u kojima su se dogodili. Vlada izbjegava rije\u010d \u201enapad&#8221;, radije upotrebljava sintagmu \u201eneobja\u0161njivi zdravstveni incidenti&#8221;. Dio \u017ertava, nezadovoljan odnosom vlasti prema njihovim problemima, anga\u017eira odvjetnike.<br><br><strong>Ud\u017ebeni\u010dki primjer masovne psihogene bolesti?<\/strong><br><br>&#8211; Kod nekih \u017ertava lije\u010dnici su dijagnosticirali anomalije na mozgu i u unutarnjem uhu. Svejedno, dio znanstvenika skepti\u010dan je prema \u201ehavanskom sindromu&#8221;. Me\u0111u njima je i profesor Robert Bartholomew koji je koautor knjige o \u201ehavanskom sindromu&#8221;. Uvjeren je da je ono \u0161to se dogodilo na Kubi s ameri\u010dkim i kanadskim diplomatima &#8211; klasi\u010dan, standardan, ud\u017ebeni\u010dki primjer masovne psihogene bolesti.<br><br>I najnovija istraga koju je proveo FBI-a tako\u0111er zaklju\u010duje da je rije\u010d o masovnoj histeriji. U me\u0111uvremenu, State Department i Pentagon pozvali su svoje zaposlenike diljem svijeta da obrate pozornost na neobi\u010dne zdravstvene incidente. U me\u0111uvremenu je na snagu stupio \u201eAkt Havana&#8221; koji \u017ertvama jam\u010di financijsku i medicinsku potporu.<\/p>\n\n\n\n<div style=\"width: 640px;\" class=\"wp-video\"><video class=\"wp-video-shortcode\" id=\"video-75910-1\" width=\"640\" height=\"360\" preload=\"metadata\" controls=\"controls\"><source type=\"video\/mp4\" src=\"https:\/\/api.hrt.hr\/media\/06\/22\/misterij-havanskog-sindroma-20211014163241.mp4?_=1\" \/><a href=\"https:\/\/api.hrt.hr\/media\/06\/22\/misterij-havanskog-sindroma-20211014163241.mp4\">https:\/\/api.hrt.hr\/media\/06\/22\/misterij-havanskog-sindroma-20211014163241.mp4<\/a><\/video><\/div>\n\n\n\n<p>Na Capitol Hillu raste uvjerenje da je rije\u010d o rije\u010d o obliku specijalnih napada na Ameriku. Bijela ku\u0107a temu vi\u0161e javno ne ignorira, komentira posljednje sumnjive slu\u010dajeve koji se povezuju s neobi\u010dnim sindromom, poput ka\u0161njenja putovanja potpredsjednice Harris u Vijetnam.<br><br>Washington \u017eeli raspletanje misterija. O ozbiljnosti tih namjera govori i podatak da istragu CIA-e vodi agent koji je vodio i potjeru za&nbsp;<strong>Osamom bin Ladenom<\/strong>.<\/p>\n\n\n\n<p>Izvor:hrt.hr<\/p>\n","protected":false},"excerpt":{"rendered":"<p>Vrtoglavica, mu\u010dnina, tjeskoba, intenzivni bolovi u glavi, gubitak pam\u0107enja i kognitivne te\u0161ko\u0107e naj\u010de\u0161\u0107i su simptomi tzv. havanskog sindroma. Prvi se put pojavio 2016. na Kubi. Od tada do danas zabilje\u017een je u mnogim zemaljama. Posljednji slu\u010dajevi bili su u Austriji i Srbiji. Nekima od oboljelih dijagnosticirane su ozljede mozga te pate od kroni\u010dnih migrena i [&hellip;]<\/p>\n","protected":false},"author":2,"featured_media":75911,"comment_status":"closed","ping_status":"closed","sticky":false,"template":"","format":"standard","meta":{"h5ap_radio_sources":[],"footnotes":""},"categories":[1],"tags":[],"class_list":["post-75910","post","type-post","status-publish","format-standard","has-post-thumbnail","hentry","category-bihiregija"],"yoast_head":"<!-- This site is optimized with the Yoast SEO plugin v27.4 - https:\/\/yoast.com\/product\/yoast-seo-wordpress\/ -->\n<title>Misteriozna bolest koja poga\u0111a diplomate i \u0161pijune - RADIO LJUBU\u0160KI<\/title>\n<meta name=\"robots\" content=\"index, follow, max-snippet:-1, max-image-preview:large, max-video-preview:-1\" \/>\n<link rel=\"canonical\" href=\"https:\/\/radioljubuski.ba\/index.php\/2021\/10\/15\/misteriozna-bolest-koja-pogada-diplomate-i-spijune\/\" \/>\n<meta property=\"og:locale\" content=\"hr_HR\" \/>\n<meta property=\"og:type\" content=\"article\" \/>\n<meta property=\"og:title\" content=\"Misteriozna bolest koja poga\u0111a diplomate i \u0161pijune - RADIO LJUBU\u0160KI\" \/>\n<meta property=\"og:description\" content=\"Vrtoglavica, mu\u010dnina, tjeskoba, intenzivni bolovi u glavi, gubitak pam\u0107enja i kognitivne te\u0161ko\u0107e naj\u010de\u0161\u0107i su simptomi tzv. havanskog sindroma. Prvi se put pojavio 2016. na Kubi. Od tada do danas zabilje\u017een je u mnogim zemaljama. Posljednji slu\u010dajevi bili su u Austriji i Srbiji. Nekima od oboljelih dijagnosticirane su ozljede mozga te pate od kroni\u010dnih migrena i [&hellip;]\" \/>\n<meta property=\"og:url\" content=\"https:\/\/radioljubuski.ba\/index.php\/2021\/10\/15\/misteriozna-bolest-koja-pogada-diplomate-i-spijune\/\" \/>\n<meta property=\"og:site_name\" content=\"RADIO LJUBU\u0160KI\" \/>\n<meta property=\"article:publisher\" content=\"https:\/\/www.facebook.com\/Radiio-Ljubuski-1490835324566332\" \/>\n<meta property=\"article:published_time\" content=\"2021-10-14T23:27:30+00:00\" \/>\n<meta property=\"article:modified_time\" content=\"2021-10-14T23:27:32+00:00\" \/>\n<meta property=\"og:image\" content=\"https:\/\/radioljubuski.ba\/wp-content\/uploads\/2021\/10\/vlcsnap-2021-10-14-18h30m45s909-20211014163328.jpg\" \/>\n\t<meta property=\"og:image:width\" content=\"1920\" \/>\n\t<meta property=\"og:image:height\" content=\"1080\" \/>\n\t<meta property=\"og:image:type\" content=\"image\/jpeg\" \/>\n<meta name=\"author\" content=\"Radio Ljubu\u0161ki\" \/>\n<meta name=\"twitter:card\" content=\"summary_large_image\" \/>\n<meta name=\"twitter:creator\" content=\"@radioljubuski\" \/>\n<meta name=\"twitter:site\" content=\"@radioljubuski\" \/>\n<meta name=\"twitter:label1\" content=\"Napisao\/la\" \/>\n\t<meta name=\"twitter:data1\" content=\"Radio Ljubu\u0161ki\" \/>\n\t<meta name=\"twitter:label2\" content=\"Procijenjeno vrijeme \u010ditanja\" \/>\n\t<meta name=\"twitter:data2\" content=\"3 minute\" \/>\n<script type=\"application\/ld+json\" class=\"yoast-schema-graph\">{\"@context\":\"https:\\\/\\\/schema.org\",\"@graph\":[{\"@type\":\"Article\",\"@id\":\"https:\\\/\\\/radioljubuski.ba\\\/index.php\\\/2021\\\/10\\\/15\\\/misteriozna-bolest-koja-pogada-diplomate-i-spijune\\\/#article\",\"isPartOf\":{\"@id\":\"https:\\\/\\\/radioljubuski.ba\\\/index.php\\\/2021\\\/10\\\/15\\\/misteriozna-bolest-koja-pogada-diplomate-i-spijune\\\/\"},\"author\":{\"name\":\"Radio Ljubu\u0161ki\",\"@id\":\"https:\\\/\\\/radioljubuski.ba\\\/#\\\/schema\\\/person\\\/19fc700381a780f69665d7956c469e3b\"},\"headline\":\"Misteriozna bolest koja poga\u0111a diplomate i \u0161pijune\",\"datePublished\":\"2021-10-14T23:27:30+00:00\",\"dateModified\":\"2021-10-14T23:27:32+00:00\",\"mainEntityOfPage\":{\"@id\":\"https:\\\/\\\/radioljubuski.ba\\\/index.php\\\/2021\\\/10\\\/15\\\/misteriozna-bolest-koja-pogada-diplomate-i-spijune\\\/\"},\"wordCount\":660,\"publisher\":{\"@id\":\"https:\\\/\\\/radioljubuski.ba\\\/#organization\"},\"image\":{\"@id\":\"https:\\\/\\\/radioljubuski.ba\\\/index.php\\\/2021\\\/10\\\/15\\\/misteriozna-bolest-koja-pogada-diplomate-i-spijune\\\/#primaryimage\"},\"thumbnailUrl\":\"https:\\\/\\\/radioljubuski.ba\\\/wp-content\\\/uploads\\\/2021\\\/10\\\/vlcsnap-2021-10-14-18h30m45s909-20211014163328.jpg\",\"articleSection\":[\"BIH i regija\"],\"inLanguage\":\"hr\"},{\"@type\":\"WebPage\",\"@id\":\"https:\\\/\\\/radioljubuski.ba\\\/index.php\\\/2021\\\/10\\\/15\\\/misteriozna-bolest-koja-pogada-diplomate-i-spijune\\\/\",\"url\":\"https:\\\/\\\/radioljubuski.ba\\\/index.php\\\/2021\\\/10\\\/15\\\/misteriozna-bolest-koja-pogada-diplomate-i-spijune\\\/\",\"name\":\"Misteriozna bolest koja poga\u0111a diplomate i \u0161pijune - RADIO LJUBU\u0160KI\",\"isPartOf\":{\"@id\":\"https:\\\/\\\/radioljubuski.ba\\\/#website\"},\"primaryImageOfPage\":{\"@id\":\"https:\\\/\\\/radioljubuski.ba\\\/index.php\\\/2021\\\/10\\\/15\\\/misteriozna-bolest-koja-pogada-diplomate-i-spijune\\\/#primaryimage\"},\"image\":{\"@id\":\"https:\\\/\\\/radioljubuski.ba\\\/index.php\\\/2021\\\/10\\\/15\\\/misteriozna-bolest-koja-pogada-diplomate-i-spijune\\\/#primaryimage\"},\"thumbnailUrl\":\"https:\\\/\\\/radioljubuski.ba\\\/wp-content\\\/uploads\\\/2021\\\/10\\\/vlcsnap-2021-10-14-18h30m45s909-20211014163328.jpg\",\"datePublished\":\"2021-10-14T23:27:30+00:00\",\"dateModified\":\"2021-10-14T23:27:32+00:00\",\"breadcrumb\":{\"@id\":\"https:\\\/\\\/radioljubuski.ba\\\/index.php\\\/2021\\\/10\\\/15\\\/misteriozna-bolest-koja-pogada-diplomate-i-spijune\\\/#breadcrumb\"},\"inLanguage\":\"hr\",\"potentialAction\":[{\"@type\":\"ReadAction\",\"target\":[\"https:\\\/\\\/radioljubuski.ba\\\/index.php\\\/2021\\\/10\\\/15\\\/misteriozna-bolest-koja-pogada-diplomate-i-spijune\\\/\"]}]},{\"@type\":\"ImageObject\",\"inLanguage\":\"hr\",\"@id\":\"https:\\\/\\\/radioljubuski.ba\\\/index.php\\\/2021\\\/10\\\/15\\\/misteriozna-bolest-koja-pogada-diplomate-i-spijune\\\/#primaryimage\",\"url\":\"https:\\\/\\\/radioljubuski.ba\\\/wp-content\\\/uploads\\\/2021\\\/10\\\/vlcsnap-2021-10-14-18h30m45s909-20211014163328.jpg\",\"contentUrl\":\"https:\\\/\\\/radioljubuski.ba\\\/wp-content\\\/uploads\\\/2021\\\/10\\\/vlcsnap-2021-10-14-18h30m45s909-20211014163328.jpg\",\"width\":1920,\"height\":1080},{\"@type\":\"BreadcrumbList\",\"@id\":\"https:\\\/\\\/radioljubuski.ba\\\/index.php\\\/2021\\\/10\\\/15\\\/misteriozna-bolest-koja-pogada-diplomate-i-spijune\\\/#breadcrumb\",\"itemListElement\":[{\"@type\":\"ListItem\",\"position\":1,\"name\":\"Po\u010detna stranica\",\"item\":\"https:\\\/\\\/radioljubuski.ba\\\/\"},{\"@type\":\"ListItem\",\"position\":2,\"name\":\"Misteriozna bolest koja poga\u0111a diplomate i \u0161pijune\"}]},{\"@type\":\"WebSite\",\"@id\":\"https:\\\/\\\/radioljubuski.ba\\\/#website\",\"url\":\"https:\\\/\\\/radioljubuski.ba\\\/\",\"name\":\"Radio Ljubu\u0161ki\",\"description\":\"Sun\u010dana frekvencija Hercegovine\",\"publisher\":{\"@id\":\"https:\\\/\\\/radioljubuski.ba\\\/#organization\"},\"potentialAction\":[{\"@type\":\"SearchAction\",\"target\":{\"@type\":\"EntryPoint\",\"urlTemplate\":\"https:\\\/\\\/radioljubuski.ba\\\/?s={search_term_string}\"},\"query-input\":{\"@type\":\"PropertyValueSpecification\",\"valueRequired\":true,\"valueName\":\"search_term_string\"}}],\"inLanguage\":\"hr\"},{\"@type\":\"Organization\",\"@id\":\"https:\\\/\\\/radioljubuski.ba\\\/#organization\",\"name\":\"Radio Ljubu\u0161ki\",\"url\":\"https:\\\/\\\/radioljubuski.ba\\\/\",\"logo\":{\"@type\":\"ImageObject\",\"inLanguage\":\"hr\",\"@id\":\"https:\\\/\\\/radioljubuski.ba\\\/#\\\/schema\\\/logo\\\/image\\\/\",\"url\":\"https:\\\/\\\/radioljubuski.ba\\\/wp-content\\\/uploads\\\/2021\\\/02\\\/cropped-Radio_Ljubuski_logo1.jpg\",\"contentUrl\":\"https:\\\/\\\/radioljubuski.ba\\\/wp-content\\\/uploads\\\/2021\\\/02\\\/cropped-Radio_Ljubuski_logo1.jpg\",\"width\":512,\"height\":512,\"caption\":\"Radio Ljubu\u0161ki\"},\"image\":{\"@id\":\"https:\\\/\\\/radioljubuski.ba\\\/#\\\/schema\\\/logo\\\/image\\\/\"},\"sameAs\":[\"https:\\\/\\\/www.facebook.com\\\/Radiio-Ljubuski-1490835324566332\",\"https:\\\/\\\/x.com\\\/radioljubuski\",\"https:\\\/\\\/hr.linkedin.com\\\/company\\\/radio-ljubuski\",\"https:\\\/\\\/www.youtube.com\\\/channel\\\/UCHYaeO_n0Db3tjNGudGpXyw\"]},{\"@type\":\"Person\",\"@id\":\"https:\\\/\\\/radioljubuski.ba\\\/#\\\/schema\\\/person\\\/19fc700381a780f69665d7956c469e3b\",\"name\":\"Radio Ljubu\u0161ki\"}]}<\/script>\n<!-- \/ Yoast SEO plugin. -->","yoast_head_json":{"title":"Misteriozna bolest koja poga\u0111a diplomate i \u0161pijune - RADIO LJUBU\u0160KI","robots":{"index":"index","follow":"follow","max-snippet":"max-snippet:-1","max-image-preview":"max-image-preview:large","max-video-preview":"max-video-preview:-1"},"canonical":"https:\/\/radioljubuski.ba\/index.php\/2021\/10\/15\/misteriozna-bolest-koja-pogada-diplomate-i-spijune\/","og_locale":"hr_HR","og_type":"article","og_title":"Misteriozna bolest koja poga\u0111a diplomate i \u0161pijune - RADIO LJUBU\u0160KI","og_description":"Vrtoglavica, mu\u010dnina, tjeskoba, intenzivni bolovi u glavi, gubitak pam\u0107enja i kognitivne te\u0161ko\u0107e naj\u010de\u0161\u0107i su simptomi tzv. havanskog sindroma. Prvi se put pojavio 2016. na Kubi. Od tada do danas zabilje\u017een je u mnogim zemaljama. Posljednji slu\u010dajevi bili su u Austriji i Srbiji. Nekima od oboljelih dijagnosticirane su ozljede mozga te pate od kroni\u010dnih migrena i [&hellip;]","og_url":"https:\/\/radioljubuski.ba\/index.php\/2021\/10\/15\/misteriozna-bolest-koja-pogada-diplomate-i-spijune\/","og_site_name":"RADIO LJUBU\u0160KI","article_publisher":"https:\/\/www.facebook.com\/Radiio-Ljubuski-1490835324566332","article_published_time":"2021-10-14T23:27:30+00:00","article_modified_time":"2021-10-14T23:27:32+00:00","og_image":[{"width":1920,"height":1080,"url":"https:\/\/radioljubuski.ba\/wp-content\/uploads\/2021\/10\/vlcsnap-2021-10-14-18h30m45s909-20211014163328.jpg","type":"image\/jpeg"}],"author":"Radio Ljubu\u0161ki","twitter_card":"summary_large_image","twitter_creator":"@radioljubuski","twitter_site":"@radioljubuski","twitter_misc":{"Napisao\/la":"Radio Ljubu\u0161ki","Procijenjeno vrijeme \u010ditanja":"3 minute"},"schema":{"@context":"https:\/\/schema.org","@graph":[{"@type":"Article","@id":"https:\/\/radioljubuski.ba\/index.php\/2021\/10\/15\/misteriozna-bolest-koja-pogada-diplomate-i-spijune\/#article","isPartOf":{"@id":"https:\/\/radioljubuski.ba\/index.php\/2021\/10\/15\/misteriozna-bolest-koja-pogada-diplomate-i-spijune\/"},"author":{"name":"Radio Ljubu\u0161ki","@id":"https:\/\/radioljubuski.ba\/#\/schema\/person\/19fc700381a780f69665d7956c469e3b"},"headline":"Misteriozna bolest koja poga\u0111a diplomate i \u0161pijune","datePublished":"2021-10-14T23:27:30+00:00","dateModified":"2021-10-14T23:27:32+00:00","mainEntityOfPage":{"@id":"https:\/\/radioljubuski.ba\/index.php\/2021\/10\/15\/misteriozna-bolest-koja-pogada-diplomate-i-spijune\/"},"wordCount":660,"publisher":{"@id":"https:\/\/radioljubuski.ba\/#organization"},"image":{"@id":"https:\/\/radioljubuski.ba\/index.php\/2021\/10\/15\/misteriozna-bolest-koja-pogada-diplomate-i-spijune\/#primaryimage"},"thumbnailUrl":"https:\/\/radioljubuski.ba\/wp-content\/uploads\/2021\/10\/vlcsnap-2021-10-14-18h30m45s909-20211014163328.jpg","articleSection":["BIH i regija"],"inLanguage":"hr"},{"@type":"WebPage","@id":"https:\/\/radioljubuski.ba\/index.php\/2021\/10\/15\/misteriozna-bolest-koja-pogada-diplomate-i-spijune\/","url":"https:\/\/radioljubuski.ba\/index.php\/2021\/10\/15\/misteriozna-bolest-koja-pogada-diplomate-i-spijune\/","name":"Misteriozna bolest koja poga\u0111a diplomate i \u0161pijune - RADIO LJUBU\u0160KI","isPartOf":{"@id":"https:\/\/radioljubuski.ba\/#website"},"primaryImageOfPage":{"@id":"https:\/\/radioljubuski.ba\/index.php\/2021\/10\/15\/misteriozna-bolest-koja-pogada-diplomate-i-spijune\/#primaryimage"},"image":{"@id":"https:\/\/radioljubuski.ba\/index.php\/2021\/10\/15\/misteriozna-bolest-koja-pogada-diplomate-i-spijune\/#primaryimage"},"thumbnailUrl":"https:\/\/radioljubuski.ba\/wp-content\/uploads\/2021\/10\/vlcsnap-2021-10-14-18h30m45s909-20211014163328.jpg","datePublished":"2021-10-14T23:27:30+00:00","dateModified":"2021-10-14T23:27:32+00:00","breadcrumb":{"@id":"https:\/\/radioljubuski.ba\/index.php\/2021\/10\/15\/misteriozna-bolest-koja-pogada-diplomate-i-spijune\/#breadcrumb"},"inLanguage":"hr","potentialAction":[{"@type":"ReadAction","target":["https:\/\/radioljubuski.ba\/index.php\/2021\/10\/15\/misteriozna-bolest-koja-pogada-diplomate-i-spijune\/"]}]},{"@type":"ImageObject","inLanguage":"hr","@id":"https:\/\/radioljubuski.ba\/index.php\/2021\/10\/15\/misteriozna-bolest-koja-pogada-diplomate-i-spijune\/#primaryimage","url":"https:\/\/radioljubuski.ba\/wp-content\/uploads\/2021\/10\/vlcsnap-2021-10-14-18h30m45s909-20211014163328.jpg","contentUrl":"https:\/\/radioljubuski.ba\/wp-content\/uploads\/2021\/10\/vlcsnap-2021-10-14-18h30m45s909-20211014163328.jpg","width":1920,"height":1080},{"@type":"BreadcrumbList","@id":"https:\/\/radioljubuski.ba\/index.php\/2021\/10\/15\/misteriozna-bolest-koja-pogada-diplomate-i-spijune\/#breadcrumb","itemListElement":[{"@type":"ListItem","position":1,"name":"Po\u010detna stranica","item":"https:\/\/radioljubuski.ba\/"},{"@type":"ListItem","position":2,"name":"Misteriozna bolest koja poga\u0111a diplomate i \u0161pijune"}]},{"@type":"WebSite","@id":"https:\/\/radioljubuski.ba\/#website","url":"https:\/\/radioljubuski.ba\/","name":"Radio Ljubu\u0161ki","description":"Sun\u010dana frekvencija Hercegovine","publisher":{"@id":"https:\/\/radioljubuski.ba\/#organization"},"potentialAction":[{"@type":"SearchAction","target":{"@type":"EntryPoint","urlTemplate":"https:\/\/radioljubuski.ba\/?s={search_term_string}"},"query-input":{"@type":"PropertyValueSpecification","valueRequired":true,"valueName":"search_term_string"}}],"inLanguage":"hr"},{"@type":"Organization","@id":"https:\/\/radioljubuski.ba\/#organization","name":"Radio Ljubu\u0161ki","url":"https:\/\/radioljubuski.ba\/","logo":{"@type":"ImageObject","inLanguage":"hr","@id":"https:\/\/radioljubuski.ba\/#\/schema\/logo\/image\/","url":"https:\/\/radioljubuski.ba\/wp-content\/uploads\/2021\/02\/cropped-Radio_Ljubuski_logo1.jpg","contentUrl":"https:\/\/radioljubuski.ba\/wp-content\/uploads\/2021\/02\/cropped-Radio_Ljubuski_logo1.jpg","width":512,"height":512,"caption":"Radio Ljubu\u0161ki"},"image":{"@id":"https:\/\/radioljubuski.ba\/#\/schema\/logo\/image\/"},"sameAs":["https:\/\/www.facebook.com\/Radiio-Ljubuski-1490835324566332","https:\/\/x.com\/radioljubuski","https:\/\/hr.linkedin.com\/company\/radio-ljubuski","https:\/\/www.youtube.com\/channel\/UCHYaeO_n0Db3tjNGudGpXyw"]},{"@type":"Person","@id":"https:\/\/radioljubuski.ba\/#\/schema\/person\/19fc700381a780f69665d7956c469e3b","name":"Radio Ljubu\u0161ki"}]}},"_links":{"self":[{"href":"https:\/\/radioljubuski.ba\/index.php\/wp-json\/wp\/v2\/posts\/75910","targetHints":{"allow":["GET"]}}],"collection":[{"href":"https:\/\/radioljubuski.ba\/index.php\/wp-json\/wp\/v2\/posts"}],"about":[{"href":"https:\/\/radioljubuski.ba\/index.php\/wp-json\/wp\/v2\/types\/post"}],"author":[{"embeddable":true,"href":"https:\/\/radioljubuski.ba\/index.php\/wp-json\/wp\/v2\/users\/2"}],"replies":[{"embeddable":true,"href":"https:\/\/radioljubuski.ba\/index.php\/wp-json\/wp\/v2\/comments?post=75910"}],"version-history":[{"count":1,"href":"https:\/\/radioljubuski.ba\/index.php\/wp-json\/wp\/v2\/posts\/75910\/revisions"}],"predecessor-version":[{"id":75912,"href":"https:\/\/radioljubuski.ba\/index.php\/wp-json\/wp\/v2\/posts\/75910\/revisions\/75912"}],"wp:featuredmedia":[{"embeddable":true,"href":"https:\/\/radioljubuski.ba\/index.php\/wp-json\/wp\/v2\/media\/75911"}],"wp:attachment":[{"href":"https:\/\/radioljubuski.ba\/index.php\/wp-json\/wp\/v2\/media?parent=75910"}],"wp:term":[{"taxonomy":"category","embeddable":true,"href":"https:\/\/radioljubuski.ba\/index.php\/wp-json\/wp\/v2\/categories?post=75910"},{"taxonomy":"post_tag","embeddable":true,"href":"https:\/\/radioljubuski.ba\/index.php\/wp-json\/wp\/v2\/tags?post=75910"}],"curies":[{"name":"wp","href":"https:\/\/api.w.org\/{rel}","templated":true}]}}