{"id":75922,"date":"2021-10-15T00:34:43","date_gmt":"2021-10-14T23:34:43","guid":{"rendered":"https:\/\/radioljubuski.ba\/?p=75922"},"modified":"2021-10-15T00:34:44","modified_gmt":"2021-10-14T23:34:44","slug":"docjepljivanje-modernom-ili-pfizerom-ucinkovitije-kod-onih-koji-su-najprije-primili-jj","status":"publish","type":"post","link":"https:\/\/radioljubuski.ba\/index.php\/2021\/10\/15\/docjepljivanje-modernom-ili-pfizerom-ucinkovitije-kod-onih-koji-su-najprije-primili-jj\/","title":{"rendered":"Docjepljivanje Modernom ili Pfizerom u\u010dinkovitije kod onih koji su najprije primili J&#038;J"},"content":{"rendered":"\n<p><strong>Ljudi koji su najprije primili cjepivo Johnson &amp;amp; Johnson protiv COVID-a mogli bi imati koristi od dodatne doze Pfizera ili Moderne, pokazali su preliminarni rezultati ameri\u010dke studije objavljeni u srijedu.<\/strong><\/p>\n\n\n\n<p>Studija, koju je financirao Nacionalni institut za zdravlje (NIH), s nestrpljenjem se o\u010dekivala u Sjedinjenim Dr\u017eavama jer se razmatrala mogu\u0107nost &#8220;mije\u0161anja&#8221; cjepiva &#8211; kori\u0161tenje cjepiva razli\u010ditog od po\u010detnih doza za docjepljivanje, \u0161to trenutno ondje nije dopu\u0161teno.<br><br>Studija je provedena na 458 odraslih osoba koje su prije najmanje 12 tjedana cijepljene jednim od tri odobrena cjepiva u SAD-u (Pfizer, Moderna ili J&amp;amp;J).<br><br>Ove tri skupine podijeljene su u tri nove skupine kako bi dobile jedno od dostupnih cjepiva kao dodatno cijepljenje. U devet grupa bilo je po 50-ak ljudi.<br><br>Znanstvenici su zatim analizirali razinu antitijela 15 dana nakon docjepljivanja.<br><br>Za ljude koji su prvobitno bili cijepljeni cjepivom Johnson&amp;amp;Johnson, razine protutijela bile su \u010detiri puta ve\u0107e nakon docjepljivanja istim cjepivom, 35 puta ve\u0107e nakon docjepljivanja Pfizerom i 76 puta ve\u0107e nakon docjepljivanja Modernom.<br><br>Razina protutijela za one koji su prvobitno primili Modernu bila je ve\u0107a &#8220;bez obzira na to kojim su cjepivom docijepljeni&#8221;, u usporedbi s onima koji su u po\u010detku primali Pfizer ili J&amp;amp;J, navodi se u studiji.<br><br>U dodatku na to pokazalo se da &#8220;nisu utvr\u0111eni nikakvi sigurnosni problemi&#8221; nakon docjepljivanja.<br><br>Studija, koja jo\u0161 nije recenzirana, ima nekoliko ograni\u010denja.<br><br>Broj sudionika bio je mali, a imunosni odgovor mogao se s vremenom razvijati i nakon 15 dana, koliko je pra\u0107en tijekom studije.<br><br>&#8211; Va\u017eno je ne zanositi se previ\u0161e rezultatima, napisao je na Twitteru&nbsp;<strong>Peter Hotez<\/strong>, profesor na Baylor College of Medicine.<br><br>Dodao je da su rezultati ispitivanja docjepljivanja cjepivom J&amp;amp;J koje je provela sama tvrtka bili &#8220;impresivni&#8221;.<br><br>Studija NIH-a trebala bi potaknuti raspravu stru\u010dnog povjerenstva ameri\u010dke Uprave za hranu i lijekove (FDA), koje bi u \u010detvrtak i petak trebalo razmotriti zahtjeve za docjepljivanjem Moderne i J&amp;amp;J-a.<br><br>Docjepljivanje Pfizerom ve\u0107 je odobreno u Sjedinjenim Dr\u017eavama za odre\u0111enu populaciju, poput osoba starijih od 65 godina, odraslih s visokorizi\u010dnim zdravstvenim stanjima i onih na poslovima na kojima su \u010desto izlo\u017eeni koronavirusu.<\/p>\n\n\n\n<p>Izvor:hrt.hr<\/p>\n","protected":false},"excerpt":{"rendered":"<p>Ljudi koji su najprije primili cjepivo Johnson &amp;amp; Johnson protiv COVID-a mogli bi imati koristi od dodatne doze Pfizera ili Moderne, pokazali su preliminarni rezultati ameri\u010dke studije objavljeni u srijedu. Studija, koju je financirao Nacionalni institut za zdravlje (NIH), s nestrpljenjem se o\u010dekivala u Sjedinjenim Dr\u017eavama jer se razmatrala mogu\u0107nost &#8220;mije\u0161anja&#8221; cjepiva &#8211; kori\u0161tenje cjepiva [&hellip;]<\/p>\n","protected":false},"author":2,"featured_media":75923,"comment_status":"closed","ping_status":"closed","sticky":false,"template":"","format":"standard","meta":{"h5ap_radio_sources":[],"footnotes":""},"categories":[1],"tags":[],"class_list":["post-75922","post","type-post","status-publish","format-standard","has-post-thumbnail","hentry","category-bihiregija"],"yoast_head":"<!-- This site is optimized with the Yoast SEO plugin v27.4 - https:\/\/yoast.com\/product\/yoast-seo-wordpress\/ -->\n<title>Docjepljivanje Modernom ili Pfizerom u\u010dinkovitije kod onih koji su najprije primili J&amp;J - RADIO LJUBU\u0160KI<\/title>\n<meta name=\"robots\" content=\"index, follow, max-snippet:-1, max-image-preview:large, max-video-preview:-1\" \/>\n<link rel=\"canonical\" href=\"https:\/\/radioljubuski.ba\/index.php\/2021\/10\/15\/docjepljivanje-modernom-ili-pfizerom-ucinkovitije-kod-onih-koji-su-najprije-primili-jj\/\" \/>\n<meta property=\"og:locale\" content=\"hr_HR\" \/>\n<meta property=\"og:type\" content=\"article\" \/>\n<meta property=\"og:title\" content=\"Docjepljivanje Modernom ili Pfizerom u\u010dinkovitije kod onih koji su najprije primili J&amp;J - RADIO LJUBU\u0160KI\" \/>\n<meta property=\"og:description\" content=\"Ljudi koji su najprije primili cjepivo Johnson &amp;amp; Johnson protiv COVID-a mogli bi imati koristi od dodatne doze Pfizera ili Moderne, pokazali su preliminarni rezultati ameri\u010dke studije objavljeni u srijedu. Studija, koju je financirao Nacionalni institut za zdravlje (NIH), s nestrpljenjem se o\u010dekivala u Sjedinjenim Dr\u017eavama jer se razmatrala mogu\u0107nost &#8220;mije\u0161anja&#8221; cjepiva &#8211; kori\u0161tenje cjepiva [&hellip;]\" \/>\n<meta property=\"og:url\" content=\"https:\/\/radioljubuski.ba\/index.php\/2021\/10\/15\/docjepljivanje-modernom-ili-pfizerom-ucinkovitije-kod-onih-koji-su-najprije-primili-jj\/\" \/>\n<meta property=\"og:site_name\" content=\"RADIO LJUBU\u0160KI\" \/>\n<meta property=\"article:publisher\" content=\"https:\/\/www.facebook.com\/Radiio-Ljubuski-1490835324566332\" \/>\n<meta property=\"article:published_time\" content=\"2021-10-14T23:34:43+00:00\" \/>\n<meta property=\"article:modified_time\" content=\"2021-10-14T23:34:44+00:00\" \/>\n<meta property=\"og:image\" content=\"https:\/\/radioljubuski.ba\/wp-content\/uploads\/2021\/10\/cjepiva.jpg\" \/>\n\t<meta property=\"og:image:width\" content=\"1200\" \/>\n\t<meta property=\"og:image:height\" content=\"800\" \/>\n\t<meta property=\"og:image:type\" content=\"image\/jpeg\" \/>\n<meta name=\"author\" content=\"Radio Ljubu\u0161ki\" \/>\n<meta name=\"twitter:card\" content=\"summary_large_image\" \/>\n<meta name=\"twitter:creator\" content=\"@radioljubuski\" \/>\n<meta name=\"twitter:site\" content=\"@radioljubuski\" \/>\n<meta name=\"twitter:label1\" content=\"Napisao\/la\" \/>\n\t<meta name=\"twitter:data1\" content=\"Radio Ljubu\u0161ki\" \/>\n\t<meta name=\"twitter:label2\" content=\"Procijenjeno vrijeme \u010ditanja\" \/>\n\t<meta name=\"twitter:data2\" content=\"2 minute\" \/>\n<script type=\"application\/ld+json\" class=\"yoast-schema-graph\">{\"@context\":\"https:\\\/\\\/schema.org\",\"@graph\":[{\"@type\":\"Article\",\"@id\":\"https:\\\/\\\/radioljubuski.ba\\\/index.php\\\/2021\\\/10\\\/15\\\/docjepljivanje-modernom-ili-pfizerom-ucinkovitije-kod-onih-koji-su-najprije-primili-jj\\\/#article\",\"isPartOf\":{\"@id\":\"https:\\\/\\\/radioljubuski.ba\\\/index.php\\\/2021\\\/10\\\/15\\\/docjepljivanje-modernom-ili-pfizerom-ucinkovitije-kod-onih-koji-su-najprije-primili-jj\\\/\"},\"author\":{\"name\":\"Radio Ljubu\u0161ki\",\"@id\":\"https:\\\/\\\/radioljubuski.ba\\\/#\\\/schema\\\/person\\\/19fc700381a780f69665d7956c469e3b\"},\"headline\":\"Docjepljivanje Modernom ili Pfizerom u\u010dinkovitije kod onih koji su najprije primili J&#038;J\",\"datePublished\":\"2021-10-14T23:34:43+00:00\",\"dateModified\":\"2021-10-14T23:34:44+00:00\",\"mainEntityOfPage\":{\"@id\":\"https:\\\/\\\/radioljubuski.ba\\\/index.php\\\/2021\\\/10\\\/15\\\/docjepljivanje-modernom-ili-pfizerom-ucinkovitije-kod-onih-koji-su-najprije-primili-jj\\\/\"},\"wordCount\":390,\"publisher\":{\"@id\":\"https:\\\/\\\/radioljubuski.ba\\\/#organization\"},\"image\":{\"@id\":\"https:\\\/\\\/radioljubuski.ba\\\/index.php\\\/2021\\\/10\\\/15\\\/docjepljivanje-modernom-ili-pfizerom-ucinkovitije-kod-onih-koji-su-najprije-primili-jj\\\/#primaryimage\"},\"thumbnailUrl\":\"https:\\\/\\\/radioljubuski.ba\\\/wp-content\\\/uploads\\\/2021\\\/10\\\/cjepiva.jpg\",\"articleSection\":[\"BIH i regija\"],\"inLanguage\":\"hr\"},{\"@type\":\"WebPage\",\"@id\":\"https:\\\/\\\/radioljubuski.ba\\\/index.php\\\/2021\\\/10\\\/15\\\/docjepljivanje-modernom-ili-pfizerom-ucinkovitije-kod-onih-koji-su-najprije-primili-jj\\\/\",\"url\":\"https:\\\/\\\/radioljubuski.ba\\\/index.php\\\/2021\\\/10\\\/15\\\/docjepljivanje-modernom-ili-pfizerom-ucinkovitije-kod-onih-koji-su-najprije-primili-jj\\\/\",\"name\":\"Docjepljivanje Modernom ili Pfizerom u\u010dinkovitije kod onih koji su najprije primili J&J - RADIO LJUBU\u0160KI\",\"isPartOf\":{\"@id\":\"https:\\\/\\\/radioljubuski.ba\\\/#website\"},\"primaryImageOfPage\":{\"@id\":\"https:\\\/\\\/radioljubuski.ba\\\/index.php\\\/2021\\\/10\\\/15\\\/docjepljivanje-modernom-ili-pfizerom-ucinkovitije-kod-onih-koji-su-najprije-primili-jj\\\/#primaryimage\"},\"image\":{\"@id\":\"https:\\\/\\\/radioljubuski.ba\\\/index.php\\\/2021\\\/10\\\/15\\\/docjepljivanje-modernom-ili-pfizerom-ucinkovitije-kod-onih-koji-su-najprije-primili-jj\\\/#primaryimage\"},\"thumbnailUrl\":\"https:\\\/\\\/radioljubuski.ba\\\/wp-content\\\/uploads\\\/2021\\\/10\\\/cjepiva.jpg\",\"datePublished\":\"2021-10-14T23:34:43+00:00\",\"dateModified\":\"2021-10-14T23:34:44+00:00\",\"breadcrumb\":{\"@id\":\"https:\\\/\\\/radioljubuski.ba\\\/index.php\\\/2021\\\/10\\\/15\\\/docjepljivanje-modernom-ili-pfizerom-ucinkovitije-kod-onih-koji-su-najprije-primili-jj\\\/#breadcrumb\"},\"inLanguage\":\"hr\",\"potentialAction\":[{\"@type\":\"ReadAction\",\"target\":[\"https:\\\/\\\/radioljubuski.ba\\\/index.php\\\/2021\\\/10\\\/15\\\/docjepljivanje-modernom-ili-pfizerom-ucinkovitije-kod-onih-koji-su-najprije-primili-jj\\\/\"]}]},{\"@type\":\"ImageObject\",\"inLanguage\":\"hr\",\"@id\":\"https:\\\/\\\/radioljubuski.ba\\\/index.php\\\/2021\\\/10\\\/15\\\/docjepljivanje-modernom-ili-pfizerom-ucinkovitije-kod-onih-koji-su-najprije-primili-jj\\\/#primaryimage\",\"url\":\"https:\\\/\\\/radioljubuski.ba\\\/wp-content\\\/uploads\\\/2021\\\/10\\\/cjepiva.jpg\",\"contentUrl\":\"https:\\\/\\\/radioljubuski.ba\\\/wp-content\\\/uploads\\\/2021\\\/10\\\/cjepiva.jpg\",\"width\":1200,\"height\":800},{\"@type\":\"BreadcrumbList\",\"@id\":\"https:\\\/\\\/radioljubuski.ba\\\/index.php\\\/2021\\\/10\\\/15\\\/docjepljivanje-modernom-ili-pfizerom-ucinkovitije-kod-onih-koji-su-najprije-primili-jj\\\/#breadcrumb\",\"itemListElement\":[{\"@type\":\"ListItem\",\"position\":1,\"name\":\"Po\u010detna stranica\",\"item\":\"https:\\\/\\\/radioljubuski.ba\\\/\"},{\"@type\":\"ListItem\",\"position\":2,\"name\":\"Docjepljivanje Modernom ili Pfizerom u\u010dinkovitije kod onih koji su najprije primili J&#038;J\"}]},{\"@type\":\"WebSite\",\"@id\":\"https:\\\/\\\/radioljubuski.ba\\\/#website\",\"url\":\"https:\\\/\\\/radioljubuski.ba\\\/\",\"name\":\"Radio Ljubu\u0161ki\",\"description\":\"Sun\u010dana frekvencija Hercegovine\",\"publisher\":{\"@id\":\"https:\\\/\\\/radioljubuski.ba\\\/#organization\"},\"potentialAction\":[{\"@type\":\"SearchAction\",\"target\":{\"@type\":\"EntryPoint\",\"urlTemplate\":\"https:\\\/\\\/radioljubuski.ba\\\/?s={search_term_string}\"},\"query-input\":{\"@type\":\"PropertyValueSpecification\",\"valueRequired\":true,\"valueName\":\"search_term_string\"}}],\"inLanguage\":\"hr\"},{\"@type\":\"Organization\",\"@id\":\"https:\\\/\\\/radioljubuski.ba\\\/#organization\",\"name\":\"Radio Ljubu\u0161ki\",\"url\":\"https:\\\/\\\/radioljubuski.ba\\\/\",\"logo\":{\"@type\":\"ImageObject\",\"inLanguage\":\"hr\",\"@id\":\"https:\\\/\\\/radioljubuski.ba\\\/#\\\/schema\\\/logo\\\/image\\\/\",\"url\":\"https:\\\/\\\/radioljubuski.ba\\\/wp-content\\\/uploads\\\/2021\\\/02\\\/cropped-Radio_Ljubuski_logo1.jpg\",\"contentUrl\":\"https:\\\/\\\/radioljubuski.ba\\\/wp-content\\\/uploads\\\/2021\\\/02\\\/cropped-Radio_Ljubuski_logo1.jpg\",\"width\":512,\"height\":512,\"caption\":\"Radio Ljubu\u0161ki\"},\"image\":{\"@id\":\"https:\\\/\\\/radioljubuski.ba\\\/#\\\/schema\\\/logo\\\/image\\\/\"},\"sameAs\":[\"https:\\\/\\\/www.facebook.com\\\/Radiio-Ljubuski-1490835324566332\",\"https:\\\/\\\/x.com\\\/radioljubuski\",\"https:\\\/\\\/hr.linkedin.com\\\/company\\\/radio-ljubuski\",\"https:\\\/\\\/www.youtube.com\\\/channel\\\/UCHYaeO_n0Db3tjNGudGpXyw\"]},{\"@type\":\"Person\",\"@id\":\"https:\\\/\\\/radioljubuski.ba\\\/#\\\/schema\\\/person\\\/19fc700381a780f69665d7956c469e3b\",\"name\":\"Radio Ljubu\u0161ki\"}]}<\/script>\n<!-- \/ Yoast SEO plugin. -->","yoast_head_json":{"title":"Docjepljivanje Modernom ili Pfizerom u\u010dinkovitije kod onih koji su najprije primili J&J - RADIO LJUBU\u0160KI","robots":{"index":"index","follow":"follow","max-snippet":"max-snippet:-1","max-image-preview":"max-image-preview:large","max-video-preview":"max-video-preview:-1"},"canonical":"https:\/\/radioljubuski.ba\/index.php\/2021\/10\/15\/docjepljivanje-modernom-ili-pfizerom-ucinkovitije-kod-onih-koji-su-najprije-primili-jj\/","og_locale":"hr_HR","og_type":"article","og_title":"Docjepljivanje Modernom ili Pfizerom u\u010dinkovitije kod onih koji su najprije primili J&J - RADIO LJUBU\u0160KI","og_description":"Ljudi koji su najprije primili cjepivo Johnson &amp;amp; Johnson protiv COVID-a mogli bi imati koristi od dodatne doze Pfizera ili Moderne, pokazali su preliminarni rezultati ameri\u010dke studije objavljeni u srijedu. Studija, koju je financirao Nacionalni institut za zdravlje (NIH), s nestrpljenjem se o\u010dekivala u Sjedinjenim Dr\u017eavama jer se razmatrala mogu\u0107nost &#8220;mije\u0161anja&#8221; cjepiva &#8211; kori\u0161tenje cjepiva [&hellip;]","og_url":"https:\/\/radioljubuski.ba\/index.php\/2021\/10\/15\/docjepljivanje-modernom-ili-pfizerom-ucinkovitije-kod-onih-koji-su-najprije-primili-jj\/","og_site_name":"RADIO LJUBU\u0160KI","article_publisher":"https:\/\/www.facebook.com\/Radiio-Ljubuski-1490835324566332","article_published_time":"2021-10-14T23:34:43+00:00","article_modified_time":"2021-10-14T23:34:44+00:00","og_image":[{"width":1200,"height":800,"url":"https:\/\/radioljubuski.ba\/wp-content\/uploads\/2021\/10\/cjepiva.jpg","type":"image\/jpeg"}],"author":"Radio Ljubu\u0161ki","twitter_card":"summary_large_image","twitter_creator":"@radioljubuski","twitter_site":"@radioljubuski","twitter_misc":{"Napisao\/la":"Radio Ljubu\u0161ki","Procijenjeno vrijeme \u010ditanja":"2 minute"},"schema":{"@context":"https:\/\/schema.org","@graph":[{"@type":"Article","@id":"https:\/\/radioljubuski.ba\/index.php\/2021\/10\/15\/docjepljivanje-modernom-ili-pfizerom-ucinkovitije-kod-onih-koji-su-najprije-primili-jj\/#article","isPartOf":{"@id":"https:\/\/radioljubuski.ba\/index.php\/2021\/10\/15\/docjepljivanje-modernom-ili-pfizerom-ucinkovitije-kod-onih-koji-su-najprije-primili-jj\/"},"author":{"name":"Radio Ljubu\u0161ki","@id":"https:\/\/radioljubuski.ba\/#\/schema\/person\/19fc700381a780f69665d7956c469e3b"},"headline":"Docjepljivanje Modernom ili Pfizerom u\u010dinkovitije kod onih koji su najprije primili J&#038;J","datePublished":"2021-10-14T23:34:43+00:00","dateModified":"2021-10-14T23:34:44+00:00","mainEntityOfPage":{"@id":"https:\/\/radioljubuski.ba\/index.php\/2021\/10\/15\/docjepljivanje-modernom-ili-pfizerom-ucinkovitije-kod-onih-koji-su-najprije-primili-jj\/"},"wordCount":390,"publisher":{"@id":"https:\/\/radioljubuski.ba\/#organization"},"image":{"@id":"https:\/\/radioljubuski.ba\/index.php\/2021\/10\/15\/docjepljivanje-modernom-ili-pfizerom-ucinkovitije-kod-onih-koji-su-najprije-primili-jj\/#primaryimage"},"thumbnailUrl":"https:\/\/radioljubuski.ba\/wp-content\/uploads\/2021\/10\/cjepiva.jpg","articleSection":["BIH i regija"],"inLanguage":"hr"},{"@type":"WebPage","@id":"https:\/\/radioljubuski.ba\/index.php\/2021\/10\/15\/docjepljivanje-modernom-ili-pfizerom-ucinkovitije-kod-onih-koji-su-najprije-primili-jj\/","url":"https:\/\/radioljubuski.ba\/index.php\/2021\/10\/15\/docjepljivanje-modernom-ili-pfizerom-ucinkovitije-kod-onih-koji-su-najprije-primili-jj\/","name":"Docjepljivanje Modernom ili Pfizerom u\u010dinkovitije kod onih koji su najprije primili J&J - RADIO LJUBU\u0160KI","isPartOf":{"@id":"https:\/\/radioljubuski.ba\/#website"},"primaryImageOfPage":{"@id":"https:\/\/radioljubuski.ba\/index.php\/2021\/10\/15\/docjepljivanje-modernom-ili-pfizerom-ucinkovitije-kod-onih-koji-su-najprije-primili-jj\/#primaryimage"},"image":{"@id":"https:\/\/radioljubuski.ba\/index.php\/2021\/10\/15\/docjepljivanje-modernom-ili-pfizerom-ucinkovitije-kod-onih-koji-su-najprije-primili-jj\/#primaryimage"},"thumbnailUrl":"https:\/\/radioljubuski.ba\/wp-content\/uploads\/2021\/10\/cjepiva.jpg","datePublished":"2021-10-14T23:34:43+00:00","dateModified":"2021-10-14T23:34:44+00:00","breadcrumb":{"@id":"https:\/\/radioljubuski.ba\/index.php\/2021\/10\/15\/docjepljivanje-modernom-ili-pfizerom-ucinkovitije-kod-onih-koji-su-najprije-primili-jj\/#breadcrumb"},"inLanguage":"hr","potentialAction":[{"@type":"ReadAction","target":["https:\/\/radioljubuski.ba\/index.php\/2021\/10\/15\/docjepljivanje-modernom-ili-pfizerom-ucinkovitije-kod-onih-koji-su-najprije-primili-jj\/"]}]},{"@type":"ImageObject","inLanguage":"hr","@id":"https:\/\/radioljubuski.ba\/index.php\/2021\/10\/15\/docjepljivanje-modernom-ili-pfizerom-ucinkovitije-kod-onih-koji-su-najprije-primili-jj\/#primaryimage","url":"https:\/\/radioljubuski.ba\/wp-content\/uploads\/2021\/10\/cjepiva.jpg","contentUrl":"https:\/\/radioljubuski.ba\/wp-content\/uploads\/2021\/10\/cjepiva.jpg","width":1200,"height":800},{"@type":"BreadcrumbList","@id":"https:\/\/radioljubuski.ba\/index.php\/2021\/10\/15\/docjepljivanje-modernom-ili-pfizerom-ucinkovitije-kod-onih-koji-su-najprije-primili-jj\/#breadcrumb","itemListElement":[{"@type":"ListItem","position":1,"name":"Po\u010detna stranica","item":"https:\/\/radioljubuski.ba\/"},{"@type":"ListItem","position":2,"name":"Docjepljivanje Modernom ili Pfizerom u\u010dinkovitije kod onih koji su najprije primili J&#038;J"}]},{"@type":"WebSite","@id":"https:\/\/radioljubuski.ba\/#website","url":"https:\/\/radioljubuski.ba\/","name":"Radio Ljubu\u0161ki","description":"Sun\u010dana frekvencija Hercegovine","publisher":{"@id":"https:\/\/radioljubuski.ba\/#organization"},"potentialAction":[{"@type":"SearchAction","target":{"@type":"EntryPoint","urlTemplate":"https:\/\/radioljubuski.ba\/?s={search_term_string}"},"query-input":{"@type":"PropertyValueSpecification","valueRequired":true,"valueName":"search_term_string"}}],"inLanguage":"hr"},{"@type":"Organization","@id":"https:\/\/radioljubuski.ba\/#organization","name":"Radio Ljubu\u0161ki","url":"https:\/\/radioljubuski.ba\/","logo":{"@type":"ImageObject","inLanguage":"hr","@id":"https:\/\/radioljubuski.ba\/#\/schema\/logo\/image\/","url":"https:\/\/radioljubuski.ba\/wp-content\/uploads\/2021\/02\/cropped-Radio_Ljubuski_logo1.jpg","contentUrl":"https:\/\/radioljubuski.ba\/wp-content\/uploads\/2021\/02\/cropped-Radio_Ljubuski_logo1.jpg","width":512,"height":512,"caption":"Radio Ljubu\u0161ki"},"image":{"@id":"https:\/\/radioljubuski.ba\/#\/schema\/logo\/image\/"},"sameAs":["https:\/\/www.facebook.com\/Radiio-Ljubuski-1490835324566332","https:\/\/x.com\/radioljubuski","https:\/\/hr.linkedin.com\/company\/radio-ljubuski","https:\/\/www.youtube.com\/channel\/UCHYaeO_n0Db3tjNGudGpXyw"]},{"@type":"Person","@id":"https:\/\/radioljubuski.ba\/#\/schema\/person\/19fc700381a780f69665d7956c469e3b","name":"Radio Ljubu\u0161ki"}]}},"_links":{"self":[{"href":"https:\/\/radioljubuski.ba\/index.php\/wp-json\/wp\/v2\/posts\/75922","targetHints":{"allow":["GET"]}}],"collection":[{"href":"https:\/\/radioljubuski.ba\/index.php\/wp-json\/wp\/v2\/posts"}],"about":[{"href":"https:\/\/radioljubuski.ba\/index.php\/wp-json\/wp\/v2\/types\/post"}],"author":[{"embeddable":true,"href":"https:\/\/radioljubuski.ba\/index.php\/wp-json\/wp\/v2\/users\/2"}],"replies":[{"embeddable":true,"href":"https:\/\/radioljubuski.ba\/index.php\/wp-json\/wp\/v2\/comments?post=75922"}],"version-history":[{"count":1,"href":"https:\/\/radioljubuski.ba\/index.php\/wp-json\/wp\/v2\/posts\/75922\/revisions"}],"predecessor-version":[{"id":75924,"href":"https:\/\/radioljubuski.ba\/index.php\/wp-json\/wp\/v2\/posts\/75922\/revisions\/75924"}],"wp:featuredmedia":[{"embeddable":true,"href":"https:\/\/radioljubuski.ba\/index.php\/wp-json\/wp\/v2\/media\/75923"}],"wp:attachment":[{"href":"https:\/\/radioljubuski.ba\/index.php\/wp-json\/wp\/v2\/media?parent=75922"}],"wp:term":[{"taxonomy":"category","embeddable":true,"href":"https:\/\/radioljubuski.ba\/index.php\/wp-json\/wp\/v2\/categories?post=75922"},{"taxonomy":"post_tag","embeddable":true,"href":"https:\/\/radioljubuski.ba\/index.php\/wp-json\/wp\/v2\/tags?post=75922"}],"curies":[{"name":"wp","href":"https:\/\/api.w.org\/{rel}","templated":true}]}}