{"id":75994,"date":"2021-10-15T10:18:20","date_gmt":"2021-10-15T09:18:20","guid":{"rendered":"https:\/\/radioljubuski.ba\/?p=75994"},"modified":"2021-10-15T10:21:05","modified_gmt":"2021-10-15T09:21:05","slug":"metkovka-dobila-prestiznu-nagradu-proglasena-je-jednom-od-100-najboljih-ucitelja-na-svijetu-zelim-da-moji-ucenici-izrastu-u-dobre-i-postene-ljude","status":"publish","type":"post","link":"https:\/\/radioljubuski.ba\/index.php\/2021\/10\/15\/metkovka-dobila-prestiznu-nagradu-proglasena-je-jednom-od-100-najboljih-ucitelja-na-svijetu-zelim-da-moji-ucenici-izrastu-u-dobre-i-postene-ljude\/","title":{"rendered":"Metkovka dobila presti\u017enu nagradu, progla\u0161ena je jednom od 100 najboljih u\u010ditelja na svijetu: \u017delim da moji u\u010denici izrastu u dobre i po\u0161tene ljude"},"content":{"rendered":"\n<p>Od kolijevke pa do groba najljep\u0161e je \u0111a\u010dko doba\u201d-stara je to narodna poslovica koju jako dobro zna u\u010diteljica iz Metkovi\u0107a, Marijana Curi\u0107, koja je odgajala generacije i generacije malih Neretvana za \u0161to je nedavno dobila i presti\u017eno priznanje \u201eGlobal Teacher Award\u201d., koje joj je dodijelila AKS Education Awards iz Indije.\u00a0<\/p>\n\n\n\n<p>Nagrada je to u\u010diteljima, nastavnicima i profesorima koji unaprje\u0111uju svoju profesiju te stvaraju bolje i kvalitetnije dru\u0161tvo. Iako je za svoj 23-godi\u0161nji rad u Osnovnoj \u0161koli Stjepana Radi\u0107a nagra\u0111ena ve\u0107 mnogo puta, biti izabrana me\u0111u 100 najboljih u svijetu posebno je priznanje u\u010diteljici Marijani Curi\u0107.<\/p>\n\n\n\n<p>&#8211; Pored obrazovanja bitna karika je i odgoj. Ako primijetim neke nepravilnosti u pona\u0161anju mojih u\u010denika, nikada ne pre\u0111em preko toga, ve\u0107 se zaustavim i poku\u0161am ispraviti pogre\u0161ku. Smatram da je najva\u017enije biti \u010dovjek te \u017eelim da svi oni izrastu u dobre i po\u0161tene ljude\u201c, rije\u010di su to u\u010diteljice razredne nastave Marijane Curi\u0107 \u2013 jedne od 100 najboljih u\u010ditelja na svijetu. Podsjetimo, AKS Education Awards iz Indije pokrenuo je dodjeljivanje ove presti\u017ene nagrade kojom se odaje priznanje izvrsnim u\u010diteljima iz svih regija i zajednica svijeta te isti\u010de njihov doprinos u izgradnji zajednice i pomaganju da se bolje dru\u0161tvo inspirira pou\u010davanjem. Konkurencija je ove godine bila velika, pri \u010demu je uklju\u010deno \u010dak 110 dr\u017eava. Osim Marijane, nagradu je ove godine dobio jo\u0161 samo jedan u\u010ditelj iz Hrvatske.<\/p>\n\n\n\n<p>&#8211; Sve to \u010dini me jako sretnom i ponosnom, a kad su mi javili da sam upravo ja ovogodi\u0161nja dobitnica, do\u017eivljaj je bio toliko emotivan da nisam mogla spavati\u201c, iskrena je u\u010diteljica Marijana.<\/p>\n\n\n\n<p><strong>Projektna nastava<\/strong><\/p>\n\n\n\n<p>Kako bi dobili \u201eGlobal Teacher Award\u201d u\u010ditelji, nastavnici i profesori moraju zadovoljiti vrlo stroge kriterije AKS Education Awardsa iz Indije. Osnovni kriterij je izvrsnost, a brojni su razlozi zbog kojih je upravo Marijana Curi\u0107 dobila ovu presti\u017enu nagradu. Osim klasi\u010dne nastave u u\u010dionicama, tijekom svojega rada s u\u010denicima prakticira i projektnu te istra\u017eiva\u010dku nastavu. Ve\u0107 godinama sudjeluje u projektima drugih u\u010ditelja na platformi e-Twinning, a posljednje tri godine je autor, voditelj i koordinator brojnih projekata po kojima rade ostali nastavnici iz europskih zemalja. Usavr\u0161ava se na razli\u010ditim me\u0111unarodnim konferencijama, sura\u0111uje s lokalnim ustanovama i udrugama, a va\u017eno je napomenuti i kako je suautorica ud\u017ebenika iz matematike za 1. razred osnovne \u0161kole.<\/p>\n\n\n\n<p><strong>U\u010denici u Muzeju Narone<a href=\"https:\/\/static.slobodnadalmacija.hr\/images\/slike\/2021\/10\/14\/19659580.jpg\"><\/a>Forenzi\u010dkoj radionici u Arheolo\u0161kom muzeju Narone<br>foto: facebook Arheolo\u0161ki Muzej Narone<\/strong><\/p>\n\n\n\n<p>&#8211; Volim raditi projektnu i istra\u017eiva\u010dku nastavu te sam se na tom podru\u010dju s godinama mnogo izgradila i napredovala. Kada je u pitanju izvanu\u010dioni\u010dka nastava imam suradnju s lokalnim muzejima i udrugama. Primjerice, djelatnici Arheolo\u0161koga muzeja Narona organizirali su vrlo kvalitetne radionice za moje u\u010denike, a teme sam integrirala u nastavu s drugim predmetima. Tako\u0111er, s u\u010denicima radim razli\u010dita istra\u017eivanja. Vodim novinarsku skupinu u \u0161koli gdje obra\u0111ujemo razli\u010dite istra\u017eiva\u010dke teme. U\u010denici rade intervjue, tekstove, reporta\u017eice i razgovore, a vrlo zanimljivo im je bilo kad smo posjetili Udrugu Otac. Ante Gabri\u0107 gdje su oni intervjuirali njihove starije korisnike te tako saznali kako se nekada \u017eivjelo u Metkovi\u0107u i dolini Neretve, pri\u010da nam nagra\u0111ena u\u010diteljica Marijana. Vi\u0161e je godina vodila i plesno-pjeva\u010dku skupinu u \u0161koli, u kojoj su u\u010denici mogli nau\u010diti brojne tradicijske plesove i napjeve. Osim \u0161to u\u010denike poti\u010dem na u\u010denje, i sama se dodatno usavr\u0161avam na \u0161kolskim, \u017eupanijskim, dr\u017eavnim i me\u0111unarodnim konferencijama na kojima \u010desto i odr\u017eavam predavanja. Koordinator sam i razli\u010ditih \u0161kolskih priredbi, a vrlo sam sretna \u0161to volontiram i u Udruzi \u2018Leptiri\u0107i\u2019 gdje radim s djecom s pote\u0161ko\u0107ama kojoj je potrebna pomo\u0107 u u\u010denju, re\u0107i \u0107e na\u0161a sugovornica.<\/p>\n\n\n\n<p><strong>Web alati u u\u010dionici<\/strong><\/p>\n\n\n\n<p>U njezinom dugogodi\u0161njem radu izmijenili su se razli\u010diti u\u010denici, a poseban izazov bile su pro\u0161le dvije \u0161kolske godine u kojoj su, zbog pandemije koronavirusa, u\u010denici dio nastave poha\u0111ali i online. Upravo je iskustvo rada na e-Twinning platformi i poznavanje digitalnih alata olak\u0161alo to razdoblje njoj i njenim u\u010denicima.<\/p>\n\n\n\n<p>&#8211; Dugogodi\u0161nji rad na e-Twinning platformi doprinio je tome da se znam slu\u017eiti web alatima te predstavljati radove na razli\u010dite na\u010dine. Upravo tako i pou\u010davam u\u010denike \u2013 da koriste suvremene web alate koji su primjereni za njihovu dob. Mi smo u vremenu online nastave imali suradni\u010dke alate, gdje bi u\u010denici postavili svoje radove, vidjeli radove ostalih u\u010denika te ih tako uspore\u0111ivali. Na taj na\u010din oni su mogli uvidjeti koliko je njihov rad dobar u odnosu na druge. Koristili smo i zoom te Teams platforme, a svakodnevno sam ih pou\u010davala i putem videopoziva. Zapravo, mobiteli\u00a0i digitalni mediji dosta su izmijenili obrazovni sustav i prije same pandemije, a s time su i u\u010ditelji morali izmijeniti svoj na\u010din pou\u010davanja. Moj na\u010din je ve\u0107 godinama kombinirani tradicijsko-suvremeni na\u010din, re\u0107i \u0107e Marijana, otkriv\u0161i nam kako u svome radu s u\u010denicima u\u017eiva jednako danas, kao i prvoga radnog dana kada je do\u0161la u razred.<\/p>\n\n\n\n<p><strong>Volim svoj posao kao i prvog dana<\/strong><\/p>\n\n\n\n<p>&#8211; Volim svoj posao jednako danas, kao i prvoga dana. Smatram da za rad s tako malim uzrastima u\u010ditelji moraju imati emociju. Smatram da je ja imam, da volim svako dijete te da sam pravedna. Tako\u0111er, \u017eeljela bih zahvaliti svojim kolegama koji su sudjelovali u mojoj nominaciji te mi pru\u017eili podr\u0161ku, ravnateljici \u0161kole Bo\u017eeni Nikoleti\u0107, mojoj obitelji koja uvijek doprinosi mome radu, svim mojim sada\u0161njim i biv\u0161im u\u010denicima, njihovim roditeljima te bo\u017ejoj milosti koju imam svo ovo vrijeme, zaklju\u010dila je Curi\u0107.<\/p>\n\n\n\n<p><strong>Izvor: Dubrova\u010dki list<\/strong><\/p>\n","protected":false},"excerpt":{"rendered":"<p>Od kolijevke pa do groba najljep\u0161e je \u0111a\u010dko doba\u201d-stara je to narodna poslovica koju jako dobro zna u\u010diteljica iz Metkovi\u0107a, Marijana Curi\u0107, koja je odgajala generacije i generacije malih Neretvana za \u0161to je nedavno dobila i presti\u017eno priznanje \u201eGlobal Teacher Award\u201d., koje joj je dodijelila AKS Education Awards iz Indije.\u00a0 Nagrada je to u\u010diteljima, nastavnicima [&hellip;]<\/p>\n","protected":false},"author":2,"featured_media":75995,"comment_status":"closed","ping_status":"closed","sticky":false,"template":"","format":"standard","meta":{"h5ap_radio_sources":[],"footnotes":""},"categories":[1],"tags":[],"class_list":["post-75994","post","type-post","status-publish","format-standard","has-post-thumbnail","hentry","category-bihiregija"],"yoast_head":"<!-- This site is optimized with the Yoast SEO plugin v27.4 - https:\/\/yoast.com\/product\/yoast-seo-wordpress\/ -->\n<title>Metkovka dobila presti\u017enu nagradu, progla\u0161ena je jednom od 100 najboljih u\u010ditelja na svijetu: \u017delim da moji u\u010denici izrastu u dobre i po\u0161tene ljude - RADIO LJUBU\u0160KI<\/title>\n<meta name=\"robots\" content=\"index, follow, max-snippet:-1, max-image-preview:large, max-video-preview:-1\" \/>\n<link rel=\"canonical\" href=\"https:\/\/radioljubuski.ba\/index.php\/2021\/10\/15\/metkovka-dobila-prestiznu-nagradu-proglasena-je-jednom-od-100-najboljih-ucitelja-na-svijetu-zelim-da-moji-ucenici-izrastu-u-dobre-i-postene-ljude\/\" \/>\n<meta property=\"og:locale\" content=\"hr_HR\" \/>\n<meta property=\"og:type\" content=\"article\" \/>\n<meta property=\"og:title\" content=\"Metkovka dobila presti\u017enu nagradu, progla\u0161ena je jednom od 100 najboljih u\u010ditelja na svijetu: \u017delim da moji u\u010denici izrastu u dobre i po\u0161tene ljude - RADIO LJUBU\u0160KI\" \/>\n<meta property=\"og:description\" content=\"Od kolijevke pa do groba najljep\u0161e je \u0111a\u010dko doba\u201d-stara je to narodna poslovica koju jako dobro zna u\u010diteljica iz Metkovi\u0107a, Marijana Curi\u0107, koja je odgajala generacije i generacije malih Neretvana za \u0161to je nedavno dobila i presti\u017eno priznanje \u201eGlobal Teacher Award\u201d., koje joj je dodijelila AKS Education Awards iz Indije.\u00a0 Nagrada je to u\u010diteljima, nastavnicima [&hellip;]\" \/>\n<meta property=\"og:url\" content=\"https:\/\/radioljubuski.ba\/index.php\/2021\/10\/15\/metkovka-dobila-prestiznu-nagradu-proglasena-je-jednom-od-100-najboljih-ucitelja-na-svijetu-zelim-da-moji-ucenici-izrastu-u-dobre-i-postene-ljude\/\" \/>\n<meta property=\"og:site_name\" content=\"RADIO LJUBU\u0160KI\" \/>\n<meta property=\"article:publisher\" content=\"https:\/\/www.facebook.com\/Radiio-Ljubuski-1490835324566332\" \/>\n<meta property=\"article:published_time\" content=\"2021-10-15T09:18:20+00:00\" \/>\n<meta property=\"article:modified_time\" content=\"2021-10-15T09:21:05+00:00\" \/>\n<meta property=\"og:image\" content=\"https:\/\/radioljubuski.ba\/wp-content\/uploads\/2021\/10\/marijana-curic.jpg\" \/>\n\t<meta property=\"og:image:width\" content=\"814\" \/>\n\t<meta property=\"og:image:height\" content=\"567\" \/>\n\t<meta property=\"og:image:type\" content=\"image\/jpeg\" \/>\n<meta name=\"author\" content=\"Radio Ljubu\u0161ki\" \/>\n<meta name=\"twitter:card\" content=\"summary_large_image\" \/>\n<meta name=\"twitter:creator\" content=\"@radioljubuski\" \/>\n<meta name=\"twitter:site\" content=\"@radioljubuski\" \/>\n<meta name=\"twitter:label1\" content=\"Napisao\/la\" \/>\n\t<meta name=\"twitter:data1\" content=\"Radio Ljubu\u0161ki\" \/>\n\t<meta name=\"twitter:label2\" content=\"Procijenjeno vrijeme \u010ditanja\" \/>\n\t<meta name=\"twitter:data2\" content=\"4 minute\" \/>\n<script type=\"application\/ld+json\" class=\"yoast-schema-graph\">{\"@context\":\"https:\\\/\\\/schema.org\",\"@graph\":[{\"@type\":\"Article\",\"@id\":\"https:\\\/\\\/radioljubuski.ba\\\/index.php\\\/2021\\\/10\\\/15\\\/metkovka-dobila-prestiznu-nagradu-proglasena-je-jednom-od-100-najboljih-ucitelja-na-svijetu-zelim-da-moji-ucenici-izrastu-u-dobre-i-postene-ljude\\\/#article\",\"isPartOf\":{\"@id\":\"https:\\\/\\\/radioljubuski.ba\\\/index.php\\\/2021\\\/10\\\/15\\\/metkovka-dobila-prestiznu-nagradu-proglasena-je-jednom-od-100-najboljih-ucitelja-na-svijetu-zelim-da-moji-ucenici-izrastu-u-dobre-i-postene-ljude\\\/\"},\"author\":{\"name\":\"Radio Ljubu\u0161ki\",\"@id\":\"https:\\\/\\\/radioljubuski.ba\\\/#\\\/schema\\\/person\\\/19fc700381a780f69665d7956c469e3b\"},\"headline\":\"Metkovka dobila presti\u017enu nagradu, progla\u0161ena je jednom od 100 najboljih u\u010ditelja na svijetu: \u017delim da moji u\u010denici izrastu u dobre i po\u0161tene ljude\",\"datePublished\":\"2021-10-15T09:18:20+00:00\",\"dateModified\":\"2021-10-15T09:21:05+00:00\",\"mainEntityOfPage\":{\"@id\":\"https:\\\/\\\/radioljubuski.ba\\\/index.php\\\/2021\\\/10\\\/15\\\/metkovka-dobila-prestiznu-nagradu-proglasena-je-jednom-od-100-najboljih-ucitelja-na-svijetu-zelim-da-moji-ucenici-izrastu-u-dobre-i-postene-ljude\\\/\"},\"wordCount\":1018,\"publisher\":{\"@id\":\"https:\\\/\\\/radioljubuski.ba\\\/#organization\"},\"image\":{\"@id\":\"https:\\\/\\\/radioljubuski.ba\\\/index.php\\\/2021\\\/10\\\/15\\\/metkovka-dobila-prestiznu-nagradu-proglasena-je-jednom-od-100-najboljih-ucitelja-na-svijetu-zelim-da-moji-ucenici-izrastu-u-dobre-i-postene-ljude\\\/#primaryimage\"},\"thumbnailUrl\":\"https:\\\/\\\/radioljubuski.ba\\\/wp-content\\\/uploads\\\/2021\\\/10\\\/marijana-curic.jpg\",\"articleSection\":[\"BIH i regija\"],\"inLanguage\":\"hr\"},{\"@type\":\"WebPage\",\"@id\":\"https:\\\/\\\/radioljubuski.ba\\\/index.php\\\/2021\\\/10\\\/15\\\/metkovka-dobila-prestiznu-nagradu-proglasena-je-jednom-od-100-najboljih-ucitelja-na-svijetu-zelim-da-moji-ucenici-izrastu-u-dobre-i-postene-ljude\\\/\",\"url\":\"https:\\\/\\\/radioljubuski.ba\\\/index.php\\\/2021\\\/10\\\/15\\\/metkovka-dobila-prestiznu-nagradu-proglasena-je-jednom-od-100-najboljih-ucitelja-na-svijetu-zelim-da-moji-ucenici-izrastu-u-dobre-i-postene-ljude\\\/\",\"name\":\"Metkovka dobila presti\u017enu nagradu, progla\u0161ena je jednom od 100 najboljih u\u010ditelja na svijetu: \u017delim da moji u\u010denici izrastu u dobre i po\u0161tene ljude - RADIO LJUBU\u0160KI\",\"isPartOf\":{\"@id\":\"https:\\\/\\\/radioljubuski.ba\\\/#website\"},\"primaryImageOfPage\":{\"@id\":\"https:\\\/\\\/radioljubuski.ba\\\/index.php\\\/2021\\\/10\\\/15\\\/metkovka-dobila-prestiznu-nagradu-proglasena-je-jednom-od-100-najboljih-ucitelja-na-svijetu-zelim-da-moji-ucenici-izrastu-u-dobre-i-postene-ljude\\\/#primaryimage\"},\"image\":{\"@id\":\"https:\\\/\\\/radioljubuski.ba\\\/index.php\\\/2021\\\/10\\\/15\\\/metkovka-dobila-prestiznu-nagradu-proglasena-je-jednom-od-100-najboljih-ucitelja-na-svijetu-zelim-da-moji-ucenici-izrastu-u-dobre-i-postene-ljude\\\/#primaryimage\"},\"thumbnailUrl\":\"https:\\\/\\\/radioljubuski.ba\\\/wp-content\\\/uploads\\\/2021\\\/10\\\/marijana-curic.jpg\",\"datePublished\":\"2021-10-15T09:18:20+00:00\",\"dateModified\":\"2021-10-15T09:21:05+00:00\",\"breadcrumb\":{\"@id\":\"https:\\\/\\\/radioljubuski.ba\\\/index.php\\\/2021\\\/10\\\/15\\\/metkovka-dobila-prestiznu-nagradu-proglasena-je-jednom-od-100-najboljih-ucitelja-na-svijetu-zelim-da-moji-ucenici-izrastu-u-dobre-i-postene-ljude\\\/#breadcrumb\"},\"inLanguage\":\"hr\",\"potentialAction\":[{\"@type\":\"ReadAction\",\"target\":[\"https:\\\/\\\/radioljubuski.ba\\\/index.php\\\/2021\\\/10\\\/15\\\/metkovka-dobila-prestiznu-nagradu-proglasena-je-jednom-od-100-najboljih-ucitelja-na-svijetu-zelim-da-moji-ucenici-izrastu-u-dobre-i-postene-ljude\\\/\"]}]},{\"@type\":\"ImageObject\",\"inLanguage\":\"hr\",\"@id\":\"https:\\\/\\\/radioljubuski.ba\\\/index.php\\\/2021\\\/10\\\/15\\\/metkovka-dobila-prestiznu-nagradu-proglasena-je-jednom-od-100-najboljih-ucitelja-na-svijetu-zelim-da-moji-ucenici-izrastu-u-dobre-i-postene-ljude\\\/#primaryimage\",\"url\":\"https:\\\/\\\/radioljubuski.ba\\\/wp-content\\\/uploads\\\/2021\\\/10\\\/marijana-curic.jpg\",\"contentUrl\":\"https:\\\/\\\/radioljubuski.ba\\\/wp-content\\\/uploads\\\/2021\\\/10\\\/marijana-curic.jpg\",\"width\":814,\"height\":567},{\"@type\":\"BreadcrumbList\",\"@id\":\"https:\\\/\\\/radioljubuski.ba\\\/index.php\\\/2021\\\/10\\\/15\\\/metkovka-dobila-prestiznu-nagradu-proglasena-je-jednom-od-100-najboljih-ucitelja-na-svijetu-zelim-da-moji-ucenici-izrastu-u-dobre-i-postene-ljude\\\/#breadcrumb\",\"itemListElement\":[{\"@type\":\"ListItem\",\"position\":1,\"name\":\"Po\u010detna stranica\",\"item\":\"https:\\\/\\\/radioljubuski.ba\\\/\"},{\"@type\":\"ListItem\",\"position\":2,\"name\":\"Metkovka dobila presti\u017enu nagradu, progla\u0161ena je jednom od 100 najboljih u\u010ditelja na svijetu: \u017delim da moji u\u010denici izrastu u dobre i po\u0161tene ljude\"}]},{\"@type\":\"WebSite\",\"@id\":\"https:\\\/\\\/radioljubuski.ba\\\/#website\",\"url\":\"https:\\\/\\\/radioljubuski.ba\\\/\",\"name\":\"Radio Ljubu\u0161ki\",\"description\":\"Sun\u010dana frekvencija Hercegovine\",\"publisher\":{\"@id\":\"https:\\\/\\\/radioljubuski.ba\\\/#organization\"},\"potentialAction\":[{\"@type\":\"SearchAction\",\"target\":{\"@type\":\"EntryPoint\",\"urlTemplate\":\"https:\\\/\\\/radioljubuski.ba\\\/?s={search_term_string}\"},\"query-input\":{\"@type\":\"PropertyValueSpecification\",\"valueRequired\":true,\"valueName\":\"search_term_string\"}}],\"inLanguage\":\"hr\"},{\"@type\":\"Organization\",\"@id\":\"https:\\\/\\\/radioljubuski.ba\\\/#organization\",\"name\":\"Radio Ljubu\u0161ki\",\"url\":\"https:\\\/\\\/radioljubuski.ba\\\/\",\"logo\":{\"@type\":\"ImageObject\",\"inLanguage\":\"hr\",\"@id\":\"https:\\\/\\\/radioljubuski.ba\\\/#\\\/schema\\\/logo\\\/image\\\/\",\"url\":\"https:\\\/\\\/radioljubuski.ba\\\/wp-content\\\/uploads\\\/2021\\\/02\\\/cropped-Radio_Ljubuski_logo1.jpg\",\"contentUrl\":\"https:\\\/\\\/radioljubuski.ba\\\/wp-content\\\/uploads\\\/2021\\\/02\\\/cropped-Radio_Ljubuski_logo1.jpg\",\"width\":512,\"height\":512,\"caption\":\"Radio Ljubu\u0161ki\"},\"image\":{\"@id\":\"https:\\\/\\\/radioljubuski.ba\\\/#\\\/schema\\\/logo\\\/image\\\/\"},\"sameAs\":[\"https:\\\/\\\/www.facebook.com\\\/Radiio-Ljubuski-1490835324566332\",\"https:\\\/\\\/x.com\\\/radioljubuski\",\"https:\\\/\\\/hr.linkedin.com\\\/company\\\/radio-ljubuski\",\"https:\\\/\\\/www.youtube.com\\\/channel\\\/UCHYaeO_n0Db3tjNGudGpXyw\"]},{\"@type\":\"Person\",\"@id\":\"https:\\\/\\\/radioljubuski.ba\\\/#\\\/schema\\\/person\\\/19fc700381a780f69665d7956c469e3b\",\"name\":\"Radio Ljubu\u0161ki\"}]}<\/script>\n<!-- \/ Yoast SEO plugin. -->","yoast_head_json":{"title":"Metkovka dobila presti\u017enu nagradu, progla\u0161ena je jednom od 100 najboljih u\u010ditelja na svijetu: \u017delim da moji u\u010denici izrastu u dobre i po\u0161tene ljude - RADIO LJUBU\u0160KI","robots":{"index":"index","follow":"follow","max-snippet":"max-snippet:-1","max-image-preview":"max-image-preview:large","max-video-preview":"max-video-preview:-1"},"canonical":"https:\/\/radioljubuski.ba\/index.php\/2021\/10\/15\/metkovka-dobila-prestiznu-nagradu-proglasena-je-jednom-od-100-najboljih-ucitelja-na-svijetu-zelim-da-moji-ucenici-izrastu-u-dobre-i-postene-ljude\/","og_locale":"hr_HR","og_type":"article","og_title":"Metkovka dobila presti\u017enu nagradu, progla\u0161ena je jednom od 100 najboljih u\u010ditelja na svijetu: \u017delim da moji u\u010denici izrastu u dobre i po\u0161tene ljude - RADIO LJUBU\u0160KI","og_description":"Od kolijevke pa do groba najljep\u0161e je \u0111a\u010dko doba\u201d-stara je to narodna poslovica koju jako dobro zna u\u010diteljica iz Metkovi\u0107a, Marijana Curi\u0107, koja je odgajala generacije i generacije malih Neretvana za \u0161to je nedavno dobila i presti\u017eno priznanje \u201eGlobal Teacher Award\u201d., koje joj je dodijelila AKS Education Awards iz Indije.\u00a0 Nagrada je to u\u010diteljima, nastavnicima [&hellip;]","og_url":"https:\/\/radioljubuski.ba\/index.php\/2021\/10\/15\/metkovka-dobila-prestiznu-nagradu-proglasena-je-jednom-od-100-najboljih-ucitelja-na-svijetu-zelim-da-moji-ucenici-izrastu-u-dobre-i-postene-ljude\/","og_site_name":"RADIO LJUBU\u0160KI","article_publisher":"https:\/\/www.facebook.com\/Radiio-Ljubuski-1490835324566332","article_published_time":"2021-10-15T09:18:20+00:00","article_modified_time":"2021-10-15T09:21:05+00:00","og_image":[{"width":814,"height":567,"url":"https:\/\/radioljubuski.ba\/wp-content\/uploads\/2021\/10\/marijana-curic.jpg","type":"image\/jpeg"}],"author":"Radio Ljubu\u0161ki","twitter_card":"summary_large_image","twitter_creator":"@radioljubuski","twitter_site":"@radioljubuski","twitter_misc":{"Napisao\/la":"Radio Ljubu\u0161ki","Procijenjeno vrijeme \u010ditanja":"4 minute"},"schema":{"@context":"https:\/\/schema.org","@graph":[{"@type":"Article","@id":"https:\/\/radioljubuski.ba\/index.php\/2021\/10\/15\/metkovka-dobila-prestiznu-nagradu-proglasena-je-jednom-od-100-najboljih-ucitelja-na-svijetu-zelim-da-moji-ucenici-izrastu-u-dobre-i-postene-ljude\/#article","isPartOf":{"@id":"https:\/\/radioljubuski.ba\/index.php\/2021\/10\/15\/metkovka-dobila-prestiznu-nagradu-proglasena-je-jednom-od-100-najboljih-ucitelja-na-svijetu-zelim-da-moji-ucenici-izrastu-u-dobre-i-postene-ljude\/"},"author":{"name":"Radio Ljubu\u0161ki","@id":"https:\/\/radioljubuski.ba\/#\/schema\/person\/19fc700381a780f69665d7956c469e3b"},"headline":"Metkovka dobila presti\u017enu nagradu, progla\u0161ena je jednom od 100 najboljih u\u010ditelja na svijetu: \u017delim da moji u\u010denici izrastu u dobre i po\u0161tene ljude","datePublished":"2021-10-15T09:18:20+00:00","dateModified":"2021-10-15T09:21:05+00:00","mainEntityOfPage":{"@id":"https:\/\/radioljubuski.ba\/index.php\/2021\/10\/15\/metkovka-dobila-prestiznu-nagradu-proglasena-je-jednom-od-100-najboljih-ucitelja-na-svijetu-zelim-da-moji-ucenici-izrastu-u-dobre-i-postene-ljude\/"},"wordCount":1018,"publisher":{"@id":"https:\/\/radioljubuski.ba\/#organization"},"image":{"@id":"https:\/\/radioljubuski.ba\/index.php\/2021\/10\/15\/metkovka-dobila-prestiznu-nagradu-proglasena-je-jednom-od-100-najboljih-ucitelja-na-svijetu-zelim-da-moji-ucenici-izrastu-u-dobre-i-postene-ljude\/#primaryimage"},"thumbnailUrl":"https:\/\/radioljubuski.ba\/wp-content\/uploads\/2021\/10\/marijana-curic.jpg","articleSection":["BIH i regija"],"inLanguage":"hr"},{"@type":"WebPage","@id":"https:\/\/radioljubuski.ba\/index.php\/2021\/10\/15\/metkovka-dobila-prestiznu-nagradu-proglasena-je-jednom-od-100-najboljih-ucitelja-na-svijetu-zelim-da-moji-ucenici-izrastu-u-dobre-i-postene-ljude\/","url":"https:\/\/radioljubuski.ba\/index.php\/2021\/10\/15\/metkovka-dobila-prestiznu-nagradu-proglasena-je-jednom-od-100-najboljih-ucitelja-na-svijetu-zelim-da-moji-ucenici-izrastu-u-dobre-i-postene-ljude\/","name":"Metkovka dobila presti\u017enu nagradu, progla\u0161ena je jednom od 100 najboljih u\u010ditelja na svijetu: \u017delim da moji u\u010denici izrastu u dobre i po\u0161tene ljude - RADIO LJUBU\u0160KI","isPartOf":{"@id":"https:\/\/radioljubuski.ba\/#website"},"primaryImageOfPage":{"@id":"https:\/\/radioljubuski.ba\/index.php\/2021\/10\/15\/metkovka-dobila-prestiznu-nagradu-proglasena-je-jednom-od-100-najboljih-ucitelja-na-svijetu-zelim-da-moji-ucenici-izrastu-u-dobre-i-postene-ljude\/#primaryimage"},"image":{"@id":"https:\/\/radioljubuski.ba\/index.php\/2021\/10\/15\/metkovka-dobila-prestiznu-nagradu-proglasena-je-jednom-od-100-najboljih-ucitelja-na-svijetu-zelim-da-moji-ucenici-izrastu-u-dobre-i-postene-ljude\/#primaryimage"},"thumbnailUrl":"https:\/\/radioljubuski.ba\/wp-content\/uploads\/2021\/10\/marijana-curic.jpg","datePublished":"2021-10-15T09:18:20+00:00","dateModified":"2021-10-15T09:21:05+00:00","breadcrumb":{"@id":"https:\/\/radioljubuski.ba\/index.php\/2021\/10\/15\/metkovka-dobila-prestiznu-nagradu-proglasena-je-jednom-od-100-najboljih-ucitelja-na-svijetu-zelim-da-moji-ucenici-izrastu-u-dobre-i-postene-ljude\/#breadcrumb"},"inLanguage":"hr","potentialAction":[{"@type":"ReadAction","target":["https:\/\/radioljubuski.ba\/index.php\/2021\/10\/15\/metkovka-dobila-prestiznu-nagradu-proglasena-je-jednom-od-100-najboljih-ucitelja-na-svijetu-zelim-da-moji-ucenici-izrastu-u-dobre-i-postene-ljude\/"]}]},{"@type":"ImageObject","inLanguage":"hr","@id":"https:\/\/radioljubuski.ba\/index.php\/2021\/10\/15\/metkovka-dobila-prestiznu-nagradu-proglasena-je-jednom-od-100-najboljih-ucitelja-na-svijetu-zelim-da-moji-ucenici-izrastu-u-dobre-i-postene-ljude\/#primaryimage","url":"https:\/\/radioljubuski.ba\/wp-content\/uploads\/2021\/10\/marijana-curic.jpg","contentUrl":"https:\/\/radioljubuski.ba\/wp-content\/uploads\/2021\/10\/marijana-curic.jpg","width":814,"height":567},{"@type":"BreadcrumbList","@id":"https:\/\/radioljubuski.ba\/index.php\/2021\/10\/15\/metkovka-dobila-prestiznu-nagradu-proglasena-je-jednom-od-100-najboljih-ucitelja-na-svijetu-zelim-da-moji-ucenici-izrastu-u-dobre-i-postene-ljude\/#breadcrumb","itemListElement":[{"@type":"ListItem","position":1,"name":"Po\u010detna stranica","item":"https:\/\/radioljubuski.ba\/"},{"@type":"ListItem","position":2,"name":"Metkovka dobila presti\u017enu nagradu, progla\u0161ena je jednom od 100 najboljih u\u010ditelja na svijetu: \u017delim da moji u\u010denici izrastu u dobre i po\u0161tene ljude"}]},{"@type":"WebSite","@id":"https:\/\/radioljubuski.ba\/#website","url":"https:\/\/radioljubuski.ba\/","name":"Radio Ljubu\u0161ki","description":"Sun\u010dana frekvencija Hercegovine","publisher":{"@id":"https:\/\/radioljubuski.ba\/#organization"},"potentialAction":[{"@type":"SearchAction","target":{"@type":"EntryPoint","urlTemplate":"https:\/\/radioljubuski.ba\/?s={search_term_string}"},"query-input":{"@type":"PropertyValueSpecification","valueRequired":true,"valueName":"search_term_string"}}],"inLanguage":"hr"},{"@type":"Organization","@id":"https:\/\/radioljubuski.ba\/#organization","name":"Radio Ljubu\u0161ki","url":"https:\/\/radioljubuski.ba\/","logo":{"@type":"ImageObject","inLanguage":"hr","@id":"https:\/\/radioljubuski.ba\/#\/schema\/logo\/image\/","url":"https:\/\/radioljubuski.ba\/wp-content\/uploads\/2021\/02\/cropped-Radio_Ljubuski_logo1.jpg","contentUrl":"https:\/\/radioljubuski.ba\/wp-content\/uploads\/2021\/02\/cropped-Radio_Ljubuski_logo1.jpg","width":512,"height":512,"caption":"Radio Ljubu\u0161ki"},"image":{"@id":"https:\/\/radioljubuski.ba\/#\/schema\/logo\/image\/"},"sameAs":["https:\/\/www.facebook.com\/Radiio-Ljubuski-1490835324566332","https:\/\/x.com\/radioljubuski","https:\/\/hr.linkedin.com\/company\/radio-ljubuski","https:\/\/www.youtube.com\/channel\/UCHYaeO_n0Db3tjNGudGpXyw"]},{"@type":"Person","@id":"https:\/\/radioljubuski.ba\/#\/schema\/person\/19fc700381a780f69665d7956c469e3b","name":"Radio Ljubu\u0161ki"}]}},"_links":{"self":[{"href":"https:\/\/radioljubuski.ba\/index.php\/wp-json\/wp\/v2\/posts\/75994","targetHints":{"allow":["GET"]}}],"collection":[{"href":"https:\/\/radioljubuski.ba\/index.php\/wp-json\/wp\/v2\/posts"}],"about":[{"href":"https:\/\/radioljubuski.ba\/index.php\/wp-json\/wp\/v2\/types\/post"}],"author":[{"embeddable":true,"href":"https:\/\/radioljubuski.ba\/index.php\/wp-json\/wp\/v2\/users\/2"}],"replies":[{"embeddable":true,"href":"https:\/\/radioljubuski.ba\/index.php\/wp-json\/wp\/v2\/comments?post=75994"}],"version-history":[{"count":1,"href":"https:\/\/radioljubuski.ba\/index.php\/wp-json\/wp\/v2\/posts\/75994\/revisions"}],"predecessor-version":[{"id":75996,"href":"https:\/\/radioljubuski.ba\/index.php\/wp-json\/wp\/v2\/posts\/75994\/revisions\/75996"}],"wp:featuredmedia":[{"embeddable":true,"href":"https:\/\/radioljubuski.ba\/index.php\/wp-json\/wp\/v2\/media\/75995"}],"wp:attachment":[{"href":"https:\/\/radioljubuski.ba\/index.php\/wp-json\/wp\/v2\/media?parent=75994"}],"wp:term":[{"taxonomy":"category","embeddable":true,"href":"https:\/\/radioljubuski.ba\/index.php\/wp-json\/wp\/v2\/categories?post=75994"},{"taxonomy":"post_tag","embeddable":true,"href":"https:\/\/radioljubuski.ba\/index.php\/wp-json\/wp\/v2\/tags?post=75994"}],"curies":[{"name":"wp","href":"https:\/\/api.w.org\/{rel}","templated":true}]}}