{"id":75997,"date":"2021-10-15T10:20:57","date_gmt":"2021-10-15T09:20:57","guid":{"rendered":"https:\/\/radioljubuski.ba\/?p=75997"},"modified":"2021-10-15T10:20:58","modified_gmt":"2021-10-15T09:20:58","slug":"sutkinja-koja-se-proslavila-presudom-prosjaku-iz-knina-taj-covjek-je-kriminalac-u-dzepu-je-imao-1850-kuna-komentirala-i-slucaj-jazavac","status":"publish","type":"post","link":"https:\/\/radioljubuski.ba\/index.php\/2021\/10\/15\/sutkinja-koja-se-proslavila-presudom-prosjaku-iz-knina-taj-covjek-je-kriminalac-u-dzepu-je-imao-1850-kuna-komentirala-i-slucaj-jazavac\/","title":{"rendered":"Sutkinja koja se \u2018proslavila\u2018 presudom prosjaku iz Knina: Taj \u010dovjek je kriminalac, u d\u017eepu je imao 1850 kuna; Komentirala i \u2018slu\u010daj jazavac\u2018"},"content":{"rendered":"\n<p>Dvije presude s Prekr\u0161ajnog suda u Gra\u010dacu na\u0161le su se u sredi\u0161tu pa\u017enje javnosti posljednjih dana, prva ona o prosjaku Rajku iz Knina, koji je osu\u0111en na uvjetnu zatvorsku kaznu u trajanju od 15 dana kojemu je oduzeto isprosja\u010denih 60 kuna i bit \u0107e vra\u0107eni ljudima koji su mu na svojem ku\u0107nom pragu udijelili milodare, te druga o jazavcu koji se na\u0161ao na autocesti A-1 i tamo skrivio prometnu nesre\u0107u za koju je ispao kriv jer policija nije prona\u0161la rupu u ogradi kroz koju se provukao na prometnicu, pa se zato nije mogla utvrditi odgovornost HAC-a.<\/p>\n\n\n\n<p>Obje presude donijela je ista sutkinja &#8211; Nevenka \u0160imunovi\u0107, jer jedino ona i radi na malom gra\u010da\u010dkom sudu. I sama je zate\u010dena &#8220;slavom&#8221; i medijskom pa\u017enjom u kojoj se nenadano na\u0161la.<\/p>\n\n\n\n<ul class=\"wp-block-list\"><li>Sud u Gra\u010dacu ima iste slu\u010dajeve kao i svi drugi sudovi i ja ih rje\u0161avam kao i svi drugi suci &#8211; rekla je za Jutarnji list kroz smijeh sutkinja Nevenka \u0160imunovi\u0107.<\/li><\/ul>\n\n\n\n<p>KAZNENA EVIDENCIJA<\/p>\n\n\n\n<ul class=\"wp-block-list\"><li>Onaj prosjak je bio procesuiran od strane policije zato \u0161to je tra\u017eio milostinju. Zakonom o prekr\u0161ajima protiv javnog reda i mira je odre\u0111eno da \u0107e se kazniti nov\u010dano ili kaznom zatvora onaj tko prosja\u010di i odaje se skitnji. Zna\u010di, ja na temelju optu\u017enog prijedloga dajem prekr\u0161ajni nalog, na koji \u010dovjek ima pravo prigovora, i to s uvjetnom zatvorskom kaznom kao najbla\u017eom sankcijom, da izbjegne \u010dovjek tro\u0161ak jer je pod navodnicima prosjak.<\/li><\/ul>\n\n\n\n<p>Ali taj isti \u010dovjek je kriminalac, i to je ono \u0161to bi vi trebali objavljivati, pogledajte njegovo pona\u0161anje do sada iz kaznene evidencije. Osim toga, glasnogovornica policije u Zadru je vje\u0161to izbjegla podatak da je taj prosjak u inkriminirano vrijeme imao u d\u017eepu 1850 kuna &#8211; ka\u017ee nam sutkinja Nevenka \u0160imunovi\u0107.<\/p>\n\n\n\n<p>Dodaje da je &#8220;sve napravila po zakonu i dala sankciju koju je smatrala najadekvatnijom, a to \u0161to je glasnogovornica policije propustila re\u0107i javno klju\u010dnu stvar je zapravo izazvalo salvu bespotrebnih komentara, iako je taj dio o 1850 kuna najbitniji jer la\u017eno prikazuje njegove prilike&#8221;.<\/p>\n\n\n\n<ul class=\"wp-block-list\"><li>On nije gladan kruha, on je \u010disti profesionalni prosjak &#8211; nagla\u0161ava sutkinja.<\/li><\/ul>\n\n\n\n<p>\u0160to se ti\u0161e onog slavnog jazavca, sutkinja nam ka\u017ee kako je u svim dosada\u0161njim presudama iz sudske prakse jasno da u svim naletima na \u017eivotinje na autocestama policija kazneno-pravno procesuira u svojim optu\u017enim prijedlozima, ali to na kraju ide u sferu gra\u0111anske pravne odgovornosti gdje za takve stvari odgovara lovoovla\u0161tenik. Takav je dogovor izme\u0111u dr\u017eave i lovoovla\u0161tenika. Dr\u017eava im daje odre\u0111ena sredstva koja oni onda ispla\u0107uju na ime naknade \u0161tete ako udarite u jazavca, a imala sam i medvjeda i srnu &#8211; ka\u017ee sutkinja.<\/p>\n\n\n\n<p>POSTOJI KVAKA<br>Ima, me\u0111utim kvaka, ovakve presude vrijede i HAC se osloba\u0111a krivnje samo u slu\u010dajevima kada se ne mo\u017ee prona\u0107i rupa u ogradi kroz koju se \u017eivotinja provu\u010de, kako je to bio u slu\u010daj s jazavcem. U protivnom odgovara HAC. Me\u0111utim, ima jo\u0161 jedna kvaka &#8211; u policijskim o\u010devidima ta se rupa gotovo nikada ne prona\u0111e.<\/p>\n\n\n\n<ul class=\"wp-block-list\"><li>Ako bi se o\u010devidom prona\u0161ao trag, \u0161to je malo vjerojatno, to ne\u0107e policija uop\u0107e upu\u0107ivati, zna\u010di u postupku nema dokaza. Ljudi iz HAC-a imaju redovite ophodnje, pa ne mogu oni na svakom metru autoceste vidjeti je li jazavac negdje u\u0161ao ispod ograde. I tu onda nema njihove kazneno-pravne odgovornosti, ali ima gra\u0111anske lovozakupnika &#8211; govori sutkinja.<\/li><li>Lupa se po meni sa svih strana, a jedan sudac je rekao da je u slu\u010daju jazavca pravilno presu\u0111eno. A i taj prosjak, da je policija nazna\u010dila da je \u010dovjek u d\u017eepu imao bunt novca, ta presuda ne bi nikome ni bila zanimljiva &#8211; isti\u010de.<\/li><\/ul>\n\n\n\n<p><strong>Izvor: Slobodna Dalmacija<\/strong><\/p>\n","protected":false},"excerpt":{"rendered":"<p>Dvije presude s Prekr\u0161ajnog suda u Gra\u010dacu na\u0161le su se u sredi\u0161tu pa\u017enje javnosti posljednjih dana, prva ona o prosjaku Rajku iz Knina, koji je osu\u0111en na uvjetnu zatvorsku kaznu u trajanju od 15 dana kojemu je oduzeto isprosja\u010denih 60 kuna i bit \u0107e vra\u0107eni ljudima koji su mu na svojem ku\u0107nom pragu udijelili milodare, [&hellip;]<\/p>\n","protected":false},"author":2,"featured_media":75998,"comment_status":"closed","ping_status":"closed","sticky":false,"template":"","format":"standard","meta":{"h5ap_radio_sources":[],"footnotes":""},"categories":[1],"tags":[],"class_list":["post-75997","post","type-post","status-publish","format-standard","has-post-thumbnail","hentry","category-bihiregija"],"yoast_head":"<!-- This site is optimized with the Yoast SEO plugin v27.4 - https:\/\/yoast.com\/product\/yoast-seo-wordpress\/ -->\n<title>Sutkinja koja se \u2018proslavila\u2018 presudom prosjaku iz Knina: Taj \u010dovjek je kriminalac, u d\u017eepu je imao 1850 kuna; Komentirala i \u2018slu\u010daj jazavac\u2018 - RADIO LJUBU\u0160KI<\/title>\n<meta name=\"robots\" content=\"index, follow, max-snippet:-1, max-image-preview:large, max-video-preview:-1\" \/>\n<link rel=\"canonical\" href=\"https:\/\/radioljubuski.ba\/index.php\/2021\/10\/15\/sutkinja-koja-se-proslavila-presudom-prosjaku-iz-knina-taj-covjek-je-kriminalac-u-dzepu-je-imao-1850-kuna-komentirala-i-slucaj-jazavac\/\" \/>\n<meta property=\"og:locale\" content=\"hr_HR\" \/>\n<meta property=\"og:type\" content=\"article\" \/>\n<meta property=\"og:title\" content=\"Sutkinja koja se \u2018proslavila\u2018 presudom prosjaku iz Knina: Taj \u010dovjek je kriminalac, u d\u017eepu je imao 1850 kuna; Komentirala i \u2018slu\u010daj jazavac\u2018 - RADIO LJUBU\u0160KI\" \/>\n<meta property=\"og:description\" content=\"Dvije presude s Prekr\u0161ajnog suda u Gra\u010dacu na\u0161le su se u sredi\u0161tu pa\u017enje javnosti posljednjih dana, prva ona o prosjaku Rajku iz Knina, koji je osu\u0111en na uvjetnu zatvorsku kaznu u trajanju od 15 dana kojemu je oduzeto isprosja\u010denih 60 kuna i bit \u0107e vra\u0107eni ljudima koji su mu na svojem ku\u0107nom pragu udijelili milodare, [&hellip;]\" \/>\n<meta property=\"og:url\" content=\"https:\/\/radioljubuski.ba\/index.php\/2021\/10\/15\/sutkinja-koja-se-proslavila-presudom-prosjaku-iz-knina-taj-covjek-je-kriminalac-u-dzepu-je-imao-1850-kuna-komentirala-i-slucaj-jazavac\/\" \/>\n<meta property=\"og:site_name\" content=\"RADIO LJUBU\u0160KI\" \/>\n<meta property=\"article:publisher\" content=\"https:\/\/www.facebook.com\/Radiio-Ljubuski-1490835324566332\" \/>\n<meta property=\"article:published_time\" content=\"2021-10-15T09:20:57+00:00\" \/>\n<meta property=\"article:modified_time\" content=\"2021-10-15T09:20:58+00:00\" \/>\n<meta property=\"og:image\" content=\"https:\/\/radioljubuski.ba\/wp-content\/uploads\/2021\/10\/rajko-knin.jpg\" \/>\n\t<meta property=\"og:image:width\" content=\"1035\" \/>\n\t<meta property=\"og:image:height\" content=\"624\" \/>\n\t<meta property=\"og:image:type\" content=\"image\/jpeg\" \/>\n<meta name=\"author\" content=\"Radio Ljubu\u0161ki\" \/>\n<meta name=\"twitter:card\" content=\"summary_large_image\" \/>\n<meta name=\"twitter:creator\" content=\"@radioljubuski\" \/>\n<meta name=\"twitter:site\" content=\"@radioljubuski\" \/>\n<meta name=\"twitter:label1\" content=\"Napisao\/la\" \/>\n\t<meta name=\"twitter:data1\" content=\"Radio Ljubu\u0161ki\" \/>\n\t<meta name=\"twitter:label2\" content=\"Procijenjeno vrijeme \u010ditanja\" \/>\n\t<meta name=\"twitter:data2\" content=\"3 minute\" \/>\n<script type=\"application\/ld+json\" class=\"yoast-schema-graph\">{\"@context\":\"https:\\\/\\\/schema.org\",\"@graph\":[{\"@type\":\"Article\",\"@id\":\"https:\\\/\\\/radioljubuski.ba\\\/index.php\\\/2021\\\/10\\\/15\\\/sutkinja-koja-se-proslavila-presudom-prosjaku-iz-knina-taj-covjek-je-kriminalac-u-dzepu-je-imao-1850-kuna-komentirala-i-slucaj-jazavac\\\/#article\",\"isPartOf\":{\"@id\":\"https:\\\/\\\/radioljubuski.ba\\\/index.php\\\/2021\\\/10\\\/15\\\/sutkinja-koja-se-proslavila-presudom-prosjaku-iz-knina-taj-covjek-je-kriminalac-u-dzepu-je-imao-1850-kuna-komentirala-i-slucaj-jazavac\\\/\"},\"author\":{\"name\":\"Radio Ljubu\u0161ki\",\"@id\":\"https:\\\/\\\/radioljubuski.ba\\\/#\\\/schema\\\/person\\\/19fc700381a780f69665d7956c469e3b\"},\"headline\":\"Sutkinja koja se \u2018proslavila\u2018 presudom prosjaku iz Knina: Taj \u010dovjek je kriminalac, u d\u017eepu je imao 1850 kuna; Komentirala i \u2018slu\u010daj jazavac\u2018\",\"datePublished\":\"2021-10-15T09:20:57+00:00\",\"dateModified\":\"2021-10-15T09:20:58+00:00\",\"mainEntityOfPage\":{\"@id\":\"https:\\\/\\\/radioljubuski.ba\\\/index.php\\\/2021\\\/10\\\/15\\\/sutkinja-koja-se-proslavila-presudom-prosjaku-iz-knina-taj-covjek-je-kriminalac-u-dzepu-je-imao-1850-kuna-komentirala-i-slucaj-jazavac\\\/\"},\"wordCount\":675,\"publisher\":{\"@id\":\"https:\\\/\\\/radioljubuski.ba\\\/#organization\"},\"image\":{\"@id\":\"https:\\\/\\\/radioljubuski.ba\\\/index.php\\\/2021\\\/10\\\/15\\\/sutkinja-koja-se-proslavila-presudom-prosjaku-iz-knina-taj-covjek-je-kriminalac-u-dzepu-je-imao-1850-kuna-komentirala-i-slucaj-jazavac\\\/#primaryimage\"},\"thumbnailUrl\":\"https:\\\/\\\/radioljubuski.ba\\\/wp-content\\\/uploads\\\/2021\\\/10\\\/rajko-knin.jpg\",\"articleSection\":[\"BIH i regija\"],\"inLanguage\":\"hr\"},{\"@type\":\"WebPage\",\"@id\":\"https:\\\/\\\/radioljubuski.ba\\\/index.php\\\/2021\\\/10\\\/15\\\/sutkinja-koja-se-proslavila-presudom-prosjaku-iz-knina-taj-covjek-je-kriminalac-u-dzepu-je-imao-1850-kuna-komentirala-i-slucaj-jazavac\\\/\",\"url\":\"https:\\\/\\\/radioljubuski.ba\\\/index.php\\\/2021\\\/10\\\/15\\\/sutkinja-koja-se-proslavila-presudom-prosjaku-iz-knina-taj-covjek-je-kriminalac-u-dzepu-je-imao-1850-kuna-komentirala-i-slucaj-jazavac\\\/\",\"name\":\"Sutkinja koja se \u2018proslavila\u2018 presudom prosjaku iz Knina: Taj \u010dovjek je kriminalac, u d\u017eepu je imao 1850 kuna; Komentirala i \u2018slu\u010daj jazavac\u2018 - RADIO LJUBU\u0160KI\",\"isPartOf\":{\"@id\":\"https:\\\/\\\/radioljubuski.ba\\\/#website\"},\"primaryImageOfPage\":{\"@id\":\"https:\\\/\\\/radioljubuski.ba\\\/index.php\\\/2021\\\/10\\\/15\\\/sutkinja-koja-se-proslavila-presudom-prosjaku-iz-knina-taj-covjek-je-kriminalac-u-dzepu-je-imao-1850-kuna-komentirala-i-slucaj-jazavac\\\/#primaryimage\"},\"image\":{\"@id\":\"https:\\\/\\\/radioljubuski.ba\\\/index.php\\\/2021\\\/10\\\/15\\\/sutkinja-koja-se-proslavila-presudom-prosjaku-iz-knina-taj-covjek-je-kriminalac-u-dzepu-je-imao-1850-kuna-komentirala-i-slucaj-jazavac\\\/#primaryimage\"},\"thumbnailUrl\":\"https:\\\/\\\/radioljubuski.ba\\\/wp-content\\\/uploads\\\/2021\\\/10\\\/rajko-knin.jpg\",\"datePublished\":\"2021-10-15T09:20:57+00:00\",\"dateModified\":\"2021-10-15T09:20:58+00:00\",\"breadcrumb\":{\"@id\":\"https:\\\/\\\/radioljubuski.ba\\\/index.php\\\/2021\\\/10\\\/15\\\/sutkinja-koja-se-proslavila-presudom-prosjaku-iz-knina-taj-covjek-je-kriminalac-u-dzepu-je-imao-1850-kuna-komentirala-i-slucaj-jazavac\\\/#breadcrumb\"},\"inLanguage\":\"hr\",\"potentialAction\":[{\"@type\":\"ReadAction\",\"target\":[\"https:\\\/\\\/radioljubuski.ba\\\/index.php\\\/2021\\\/10\\\/15\\\/sutkinja-koja-se-proslavila-presudom-prosjaku-iz-knina-taj-covjek-je-kriminalac-u-dzepu-je-imao-1850-kuna-komentirala-i-slucaj-jazavac\\\/\"]}]},{\"@type\":\"ImageObject\",\"inLanguage\":\"hr\",\"@id\":\"https:\\\/\\\/radioljubuski.ba\\\/index.php\\\/2021\\\/10\\\/15\\\/sutkinja-koja-se-proslavila-presudom-prosjaku-iz-knina-taj-covjek-je-kriminalac-u-dzepu-je-imao-1850-kuna-komentirala-i-slucaj-jazavac\\\/#primaryimage\",\"url\":\"https:\\\/\\\/radioljubuski.ba\\\/wp-content\\\/uploads\\\/2021\\\/10\\\/rajko-knin.jpg\",\"contentUrl\":\"https:\\\/\\\/radioljubuski.ba\\\/wp-content\\\/uploads\\\/2021\\\/10\\\/rajko-knin.jpg\",\"width\":1035,\"height\":624},{\"@type\":\"BreadcrumbList\",\"@id\":\"https:\\\/\\\/radioljubuski.ba\\\/index.php\\\/2021\\\/10\\\/15\\\/sutkinja-koja-se-proslavila-presudom-prosjaku-iz-knina-taj-covjek-je-kriminalac-u-dzepu-je-imao-1850-kuna-komentirala-i-slucaj-jazavac\\\/#breadcrumb\",\"itemListElement\":[{\"@type\":\"ListItem\",\"position\":1,\"name\":\"Po\u010detna stranica\",\"item\":\"https:\\\/\\\/radioljubuski.ba\\\/\"},{\"@type\":\"ListItem\",\"position\":2,\"name\":\"Sutkinja koja se \u2018proslavila\u2018 presudom prosjaku iz Knina: Taj \u010dovjek je kriminalac, u d\u017eepu je imao 1850 kuna; Komentirala i \u2018slu\u010daj jazavac\u2018\"}]},{\"@type\":\"WebSite\",\"@id\":\"https:\\\/\\\/radioljubuski.ba\\\/#website\",\"url\":\"https:\\\/\\\/radioljubuski.ba\\\/\",\"name\":\"Radio Ljubu\u0161ki\",\"description\":\"Sun\u010dana frekvencija Hercegovine\",\"publisher\":{\"@id\":\"https:\\\/\\\/radioljubuski.ba\\\/#organization\"},\"potentialAction\":[{\"@type\":\"SearchAction\",\"target\":{\"@type\":\"EntryPoint\",\"urlTemplate\":\"https:\\\/\\\/radioljubuski.ba\\\/?s={search_term_string}\"},\"query-input\":{\"@type\":\"PropertyValueSpecification\",\"valueRequired\":true,\"valueName\":\"search_term_string\"}}],\"inLanguage\":\"hr\"},{\"@type\":\"Organization\",\"@id\":\"https:\\\/\\\/radioljubuski.ba\\\/#organization\",\"name\":\"Radio Ljubu\u0161ki\",\"url\":\"https:\\\/\\\/radioljubuski.ba\\\/\",\"logo\":{\"@type\":\"ImageObject\",\"inLanguage\":\"hr\",\"@id\":\"https:\\\/\\\/radioljubuski.ba\\\/#\\\/schema\\\/logo\\\/image\\\/\",\"url\":\"https:\\\/\\\/radioljubuski.ba\\\/wp-content\\\/uploads\\\/2021\\\/02\\\/cropped-Radio_Ljubuski_logo1.jpg\",\"contentUrl\":\"https:\\\/\\\/radioljubuski.ba\\\/wp-content\\\/uploads\\\/2021\\\/02\\\/cropped-Radio_Ljubuski_logo1.jpg\",\"width\":512,\"height\":512,\"caption\":\"Radio Ljubu\u0161ki\"},\"image\":{\"@id\":\"https:\\\/\\\/radioljubuski.ba\\\/#\\\/schema\\\/logo\\\/image\\\/\"},\"sameAs\":[\"https:\\\/\\\/www.facebook.com\\\/Radiio-Ljubuski-1490835324566332\",\"https:\\\/\\\/x.com\\\/radioljubuski\",\"https:\\\/\\\/hr.linkedin.com\\\/company\\\/radio-ljubuski\",\"https:\\\/\\\/www.youtube.com\\\/channel\\\/UCHYaeO_n0Db3tjNGudGpXyw\"]},{\"@type\":\"Person\",\"@id\":\"https:\\\/\\\/radioljubuski.ba\\\/#\\\/schema\\\/person\\\/19fc700381a780f69665d7956c469e3b\",\"name\":\"Radio Ljubu\u0161ki\"}]}<\/script>\n<!-- \/ Yoast SEO plugin. -->","yoast_head_json":{"title":"Sutkinja koja se \u2018proslavila\u2018 presudom prosjaku iz Knina: Taj \u010dovjek je kriminalac, u d\u017eepu je imao 1850 kuna; Komentirala i \u2018slu\u010daj jazavac\u2018 - RADIO LJUBU\u0160KI","robots":{"index":"index","follow":"follow","max-snippet":"max-snippet:-1","max-image-preview":"max-image-preview:large","max-video-preview":"max-video-preview:-1"},"canonical":"https:\/\/radioljubuski.ba\/index.php\/2021\/10\/15\/sutkinja-koja-se-proslavila-presudom-prosjaku-iz-knina-taj-covjek-je-kriminalac-u-dzepu-je-imao-1850-kuna-komentirala-i-slucaj-jazavac\/","og_locale":"hr_HR","og_type":"article","og_title":"Sutkinja koja se \u2018proslavila\u2018 presudom prosjaku iz Knina: Taj \u010dovjek je kriminalac, u d\u017eepu je imao 1850 kuna; Komentirala i \u2018slu\u010daj jazavac\u2018 - RADIO LJUBU\u0160KI","og_description":"Dvije presude s Prekr\u0161ajnog suda u Gra\u010dacu na\u0161le su se u sredi\u0161tu pa\u017enje javnosti posljednjih dana, prva ona o prosjaku Rajku iz Knina, koji je osu\u0111en na uvjetnu zatvorsku kaznu u trajanju od 15 dana kojemu je oduzeto isprosja\u010denih 60 kuna i bit \u0107e vra\u0107eni ljudima koji su mu na svojem ku\u0107nom pragu udijelili milodare, [&hellip;]","og_url":"https:\/\/radioljubuski.ba\/index.php\/2021\/10\/15\/sutkinja-koja-se-proslavila-presudom-prosjaku-iz-knina-taj-covjek-je-kriminalac-u-dzepu-je-imao-1850-kuna-komentirala-i-slucaj-jazavac\/","og_site_name":"RADIO LJUBU\u0160KI","article_publisher":"https:\/\/www.facebook.com\/Radiio-Ljubuski-1490835324566332","article_published_time":"2021-10-15T09:20:57+00:00","article_modified_time":"2021-10-15T09:20:58+00:00","og_image":[{"width":1035,"height":624,"url":"https:\/\/radioljubuski.ba\/wp-content\/uploads\/2021\/10\/rajko-knin.jpg","type":"image\/jpeg"}],"author":"Radio Ljubu\u0161ki","twitter_card":"summary_large_image","twitter_creator":"@radioljubuski","twitter_site":"@radioljubuski","twitter_misc":{"Napisao\/la":"Radio Ljubu\u0161ki","Procijenjeno vrijeme \u010ditanja":"3 minute"},"schema":{"@context":"https:\/\/schema.org","@graph":[{"@type":"Article","@id":"https:\/\/radioljubuski.ba\/index.php\/2021\/10\/15\/sutkinja-koja-se-proslavila-presudom-prosjaku-iz-knina-taj-covjek-je-kriminalac-u-dzepu-je-imao-1850-kuna-komentirala-i-slucaj-jazavac\/#article","isPartOf":{"@id":"https:\/\/radioljubuski.ba\/index.php\/2021\/10\/15\/sutkinja-koja-se-proslavila-presudom-prosjaku-iz-knina-taj-covjek-je-kriminalac-u-dzepu-je-imao-1850-kuna-komentirala-i-slucaj-jazavac\/"},"author":{"name":"Radio Ljubu\u0161ki","@id":"https:\/\/radioljubuski.ba\/#\/schema\/person\/19fc700381a780f69665d7956c469e3b"},"headline":"Sutkinja koja se \u2018proslavila\u2018 presudom prosjaku iz Knina: Taj \u010dovjek je kriminalac, u d\u017eepu je imao 1850 kuna; Komentirala i \u2018slu\u010daj jazavac\u2018","datePublished":"2021-10-15T09:20:57+00:00","dateModified":"2021-10-15T09:20:58+00:00","mainEntityOfPage":{"@id":"https:\/\/radioljubuski.ba\/index.php\/2021\/10\/15\/sutkinja-koja-se-proslavila-presudom-prosjaku-iz-knina-taj-covjek-je-kriminalac-u-dzepu-je-imao-1850-kuna-komentirala-i-slucaj-jazavac\/"},"wordCount":675,"publisher":{"@id":"https:\/\/radioljubuski.ba\/#organization"},"image":{"@id":"https:\/\/radioljubuski.ba\/index.php\/2021\/10\/15\/sutkinja-koja-se-proslavila-presudom-prosjaku-iz-knina-taj-covjek-je-kriminalac-u-dzepu-je-imao-1850-kuna-komentirala-i-slucaj-jazavac\/#primaryimage"},"thumbnailUrl":"https:\/\/radioljubuski.ba\/wp-content\/uploads\/2021\/10\/rajko-knin.jpg","articleSection":["BIH i regija"],"inLanguage":"hr"},{"@type":"WebPage","@id":"https:\/\/radioljubuski.ba\/index.php\/2021\/10\/15\/sutkinja-koja-se-proslavila-presudom-prosjaku-iz-knina-taj-covjek-je-kriminalac-u-dzepu-je-imao-1850-kuna-komentirala-i-slucaj-jazavac\/","url":"https:\/\/radioljubuski.ba\/index.php\/2021\/10\/15\/sutkinja-koja-se-proslavila-presudom-prosjaku-iz-knina-taj-covjek-je-kriminalac-u-dzepu-je-imao-1850-kuna-komentirala-i-slucaj-jazavac\/","name":"Sutkinja koja se \u2018proslavila\u2018 presudom prosjaku iz Knina: Taj \u010dovjek je kriminalac, u d\u017eepu je imao 1850 kuna; Komentirala i \u2018slu\u010daj jazavac\u2018 - RADIO LJUBU\u0160KI","isPartOf":{"@id":"https:\/\/radioljubuski.ba\/#website"},"primaryImageOfPage":{"@id":"https:\/\/radioljubuski.ba\/index.php\/2021\/10\/15\/sutkinja-koja-se-proslavila-presudom-prosjaku-iz-knina-taj-covjek-je-kriminalac-u-dzepu-je-imao-1850-kuna-komentirala-i-slucaj-jazavac\/#primaryimage"},"image":{"@id":"https:\/\/radioljubuski.ba\/index.php\/2021\/10\/15\/sutkinja-koja-se-proslavila-presudom-prosjaku-iz-knina-taj-covjek-je-kriminalac-u-dzepu-je-imao-1850-kuna-komentirala-i-slucaj-jazavac\/#primaryimage"},"thumbnailUrl":"https:\/\/radioljubuski.ba\/wp-content\/uploads\/2021\/10\/rajko-knin.jpg","datePublished":"2021-10-15T09:20:57+00:00","dateModified":"2021-10-15T09:20:58+00:00","breadcrumb":{"@id":"https:\/\/radioljubuski.ba\/index.php\/2021\/10\/15\/sutkinja-koja-se-proslavila-presudom-prosjaku-iz-knina-taj-covjek-je-kriminalac-u-dzepu-je-imao-1850-kuna-komentirala-i-slucaj-jazavac\/#breadcrumb"},"inLanguage":"hr","potentialAction":[{"@type":"ReadAction","target":["https:\/\/radioljubuski.ba\/index.php\/2021\/10\/15\/sutkinja-koja-se-proslavila-presudom-prosjaku-iz-knina-taj-covjek-je-kriminalac-u-dzepu-je-imao-1850-kuna-komentirala-i-slucaj-jazavac\/"]}]},{"@type":"ImageObject","inLanguage":"hr","@id":"https:\/\/radioljubuski.ba\/index.php\/2021\/10\/15\/sutkinja-koja-se-proslavila-presudom-prosjaku-iz-knina-taj-covjek-je-kriminalac-u-dzepu-je-imao-1850-kuna-komentirala-i-slucaj-jazavac\/#primaryimage","url":"https:\/\/radioljubuski.ba\/wp-content\/uploads\/2021\/10\/rajko-knin.jpg","contentUrl":"https:\/\/radioljubuski.ba\/wp-content\/uploads\/2021\/10\/rajko-knin.jpg","width":1035,"height":624},{"@type":"BreadcrumbList","@id":"https:\/\/radioljubuski.ba\/index.php\/2021\/10\/15\/sutkinja-koja-se-proslavila-presudom-prosjaku-iz-knina-taj-covjek-je-kriminalac-u-dzepu-je-imao-1850-kuna-komentirala-i-slucaj-jazavac\/#breadcrumb","itemListElement":[{"@type":"ListItem","position":1,"name":"Po\u010detna stranica","item":"https:\/\/radioljubuski.ba\/"},{"@type":"ListItem","position":2,"name":"Sutkinja koja se \u2018proslavila\u2018 presudom prosjaku iz Knina: Taj \u010dovjek je kriminalac, u d\u017eepu je imao 1850 kuna; Komentirala i \u2018slu\u010daj jazavac\u2018"}]},{"@type":"WebSite","@id":"https:\/\/radioljubuski.ba\/#website","url":"https:\/\/radioljubuski.ba\/","name":"Radio Ljubu\u0161ki","description":"Sun\u010dana frekvencija Hercegovine","publisher":{"@id":"https:\/\/radioljubuski.ba\/#organization"},"potentialAction":[{"@type":"SearchAction","target":{"@type":"EntryPoint","urlTemplate":"https:\/\/radioljubuski.ba\/?s={search_term_string}"},"query-input":{"@type":"PropertyValueSpecification","valueRequired":true,"valueName":"search_term_string"}}],"inLanguage":"hr"},{"@type":"Organization","@id":"https:\/\/radioljubuski.ba\/#organization","name":"Radio Ljubu\u0161ki","url":"https:\/\/radioljubuski.ba\/","logo":{"@type":"ImageObject","inLanguage":"hr","@id":"https:\/\/radioljubuski.ba\/#\/schema\/logo\/image\/","url":"https:\/\/radioljubuski.ba\/wp-content\/uploads\/2021\/02\/cropped-Radio_Ljubuski_logo1.jpg","contentUrl":"https:\/\/radioljubuski.ba\/wp-content\/uploads\/2021\/02\/cropped-Radio_Ljubuski_logo1.jpg","width":512,"height":512,"caption":"Radio Ljubu\u0161ki"},"image":{"@id":"https:\/\/radioljubuski.ba\/#\/schema\/logo\/image\/"},"sameAs":["https:\/\/www.facebook.com\/Radiio-Ljubuski-1490835324566332","https:\/\/x.com\/radioljubuski","https:\/\/hr.linkedin.com\/company\/radio-ljubuski","https:\/\/www.youtube.com\/channel\/UCHYaeO_n0Db3tjNGudGpXyw"]},{"@type":"Person","@id":"https:\/\/radioljubuski.ba\/#\/schema\/person\/19fc700381a780f69665d7956c469e3b","name":"Radio Ljubu\u0161ki"}]}},"_links":{"self":[{"href":"https:\/\/radioljubuski.ba\/index.php\/wp-json\/wp\/v2\/posts\/75997","targetHints":{"allow":["GET"]}}],"collection":[{"href":"https:\/\/radioljubuski.ba\/index.php\/wp-json\/wp\/v2\/posts"}],"about":[{"href":"https:\/\/radioljubuski.ba\/index.php\/wp-json\/wp\/v2\/types\/post"}],"author":[{"embeddable":true,"href":"https:\/\/radioljubuski.ba\/index.php\/wp-json\/wp\/v2\/users\/2"}],"replies":[{"embeddable":true,"href":"https:\/\/radioljubuski.ba\/index.php\/wp-json\/wp\/v2\/comments?post=75997"}],"version-history":[{"count":1,"href":"https:\/\/radioljubuski.ba\/index.php\/wp-json\/wp\/v2\/posts\/75997\/revisions"}],"predecessor-version":[{"id":75999,"href":"https:\/\/radioljubuski.ba\/index.php\/wp-json\/wp\/v2\/posts\/75997\/revisions\/75999"}],"wp:featuredmedia":[{"embeddable":true,"href":"https:\/\/radioljubuski.ba\/index.php\/wp-json\/wp\/v2\/media\/75998"}],"wp:attachment":[{"href":"https:\/\/radioljubuski.ba\/index.php\/wp-json\/wp\/v2\/media?parent=75997"}],"wp:term":[{"taxonomy":"category","embeddable":true,"href":"https:\/\/radioljubuski.ba\/index.php\/wp-json\/wp\/v2\/categories?post=75997"},{"taxonomy":"post_tag","embeddable":true,"href":"https:\/\/radioljubuski.ba\/index.php\/wp-json\/wp\/v2\/tags?post=75997"}],"curies":[{"name":"wp","href":"https:\/\/api.w.org\/{rel}","templated":true}]}}