{"id":76056,"date":"2021-10-15T14:11:53","date_gmt":"2021-10-15T13:11:53","guid":{"rendered":"https:\/\/radioljubuski.ba\/?p=76056"},"modified":"2021-10-15T14:11:55","modified_gmt":"2021-10-15T13:11:55","slug":"spojen-most-na-savi-kod-gradiske","status":"publish","type":"post","link":"https:\/\/radioljubuski.ba\/index.php\/2021\/10\/15\/spojen-most-na-savi-kod-gradiske\/","title":{"rendered":"Spojen most na Savi kod Gradi\u0161ke"},"content":{"rendered":"\n<p><strong>Simboli\u010dnim zavarivanjem posljednje cijevi \u017eeljezne konstrukcije i susretom izaslanstava BiH i Hrvatske na sredini mosta, slu\u017ebeno je spojen most na Savi kod Gradi\u0161ke.<\/strong><\/p>\n\n\n\n<p>Izaslanstvo BiH predvodio je Vojin Mitrovi\u0107, ministar komunikacija i transporta BiH, a Hrvatske Tomislav Mihoti\u0107, tajnik Ministarstva mora, prometa i infrastrukture.<\/p>\n\n\n\n<iframe loading=\"lazy\" title=\"Simboli\u010dnim zavarivanjem spojen most na Savi kod Gradi\u0161ke\" width=\"640\" height=\"360\" src=\"https:\/\/www.youtube.com\/embed\/czXHggKomBM?feature=oembed\" frameborder=\"0\" allow=\"accelerometer; autoplay; clipboard-write; encrypted-media; gyroscope; picture-in-picture; web-share\" referrerpolicy=\"strict-origin-when-cross-origin\" allowfullscreen><\/iframe>\n\n\n\n<p>\u2013 Ovim smo spojili dvije obale i dvije dr\u017eave i zavr\u0161ili najva\u017eniji posao na ovom gradili\u0161tu. Premostili smo Savu, mada svi poslovi nisu zavr\u0161eni. Optimista sam da \u0107e kona\u010dno ure\u0111enje mosta, izgradnja pristupnih puteva i druge infrastrukture biti ura\u0111ena u planiranom roku. Time \u0107emo, kona\u010dno, zavr\u0161iti dugo zagovarani posao i staviti u funkciju most, carinski terminal, grani\u010dni prijelaz i druge objekte od europskog zna\u010daja \u2013 izjavio je Mitrovi\u0107.<\/p>\n\n\n\n<figure class=\"wp-block-image\"><img decoding=\"async\" src=\"https:\/\/hms.ba\/wp-content\/uploads\/2021\/10\/most-gradiska-spajanje.jpg\" alt=\"\" class=\"wp-image-431378\"\/><\/figure>\n\n\n\n<p>Kako javlja RTRS zavr\u0161ena je kompletna \u010deli\u010dna konstrukcija mosta, a do prolje\u0107a \u0107e biti zavr\u0161eno i 500 metara prometnice sa strane BiH i 50 metara u Hrvatskoj, nakon \u010dega po\u010dinje izgradnja pristupne prometnice u du\u017eini od \u0161est kilometara sa hrvatske strane.<\/p>\n\n\n\n<figure class=\"wp-block-image\"><img decoding=\"async\" src=\"https:\/\/hms.ba\/wp-content\/uploads\/2021\/10\/most-gradiska-1.jpg\" alt=\"\" class=\"wp-image-431379\"\/><\/figure>\n\n\n\n<p>Most na Savi vrijedan je 19 milijuna eura, a tro\u0161kove, po pola, snose BiH i Hrvatska. Hrvatski dio mosta financira se iz sredstava Europske unije, koja je i bh. strani osigurala grant od 3.2 milijuna eura za gradnju mosta.<\/p>\n\n\n\n<p>Most je duga\u010dak 426 metara i ima po dvije trake trake u svakom smjeru.<\/p>\n\n\n\n<p>\/HMS\/<\/p>\n","protected":false},"excerpt":{"rendered":"<p>Simboli\u010dnim zavarivanjem posljednje cijevi \u017eeljezne konstrukcije i susretom izaslanstava BiH i Hrvatske na sredini mosta, slu\u017ebeno je spojen most na Savi kod Gradi\u0161ke. Izaslanstvo BiH predvodio je Vojin Mitrovi\u0107, ministar komunikacija i transporta BiH, a Hrvatske Tomislav Mihoti\u0107, tajnik Ministarstva mora, prometa i infrastrukture. \u2013 Ovim smo spojili dvije obale i dvije dr\u017eave i zavr\u0161ili [&hellip;]<\/p>\n","protected":false},"author":2,"featured_media":76057,"comment_status":"closed","ping_status":"closed","sticky":false,"template":"","format":"standard","meta":{"h5ap_radio_sources":[],"footnotes":""},"categories":[1],"tags":[],"class_list":["post-76056","post","type-post","status-publish","format-standard","has-post-thumbnail","hentry","category-bihiregija"],"yoast_head":"<!-- This site is optimized with the Yoast SEO plugin v27.4 - https:\/\/yoast.com\/product\/yoast-seo-wordpress\/ -->\n<title>Spojen most na Savi kod Gradi\u0161ke - RADIO LJUBU\u0160KI<\/title>\n<meta name=\"robots\" content=\"index, follow, max-snippet:-1, max-image-preview:large, max-video-preview:-1\" \/>\n<link rel=\"canonical\" href=\"https:\/\/radioljubuski.ba\/index.php\/2021\/10\/15\/spojen-most-na-savi-kod-gradiske\/\" \/>\n<meta property=\"og:locale\" content=\"hr_HR\" \/>\n<meta property=\"og:type\" content=\"article\" \/>\n<meta property=\"og:title\" content=\"Spojen most na Savi kod Gradi\u0161ke - RADIO LJUBU\u0160KI\" \/>\n<meta property=\"og:description\" content=\"Simboli\u010dnim zavarivanjem posljednje cijevi \u017eeljezne konstrukcije i susretom izaslanstava BiH i Hrvatske na sredini mosta, slu\u017ebeno je spojen most na Savi kod Gradi\u0161ke. Izaslanstvo BiH predvodio je Vojin Mitrovi\u0107, ministar komunikacija i transporta BiH, a Hrvatske Tomislav Mihoti\u0107, tajnik Ministarstva mora, prometa i infrastrukture. \u2013 Ovim smo spojili dvije obale i dvije dr\u017eave i zavr\u0161ili [&hellip;]\" \/>\n<meta property=\"og:url\" content=\"https:\/\/radioljubuski.ba\/index.php\/2021\/10\/15\/spojen-most-na-savi-kod-gradiske\/\" \/>\n<meta property=\"og:site_name\" content=\"RADIO LJUBU\u0160KI\" \/>\n<meta property=\"article:publisher\" content=\"https:\/\/www.facebook.com\/Radiio-Ljubuski-1490835324566332\" \/>\n<meta property=\"article:published_time\" content=\"2021-10-15T13:11:53+00:00\" \/>\n<meta property=\"article:modified_time\" content=\"2021-10-15T13:11:55+00:00\" \/>\n<meta property=\"og:image\" content=\"https:\/\/radioljubuski.ba\/wp-content\/uploads\/2021\/10\/most-gradiska1.jpg\" \/>\n\t<meta property=\"og:image:width\" content=\"960\" \/>\n\t<meta property=\"og:image:height\" content=\"720\" \/>\n\t<meta property=\"og:image:type\" content=\"image\/jpeg\" \/>\n<meta name=\"author\" content=\"Radio Ljubu\u0161ki\" \/>\n<meta name=\"twitter:card\" content=\"summary_large_image\" \/>\n<meta name=\"twitter:creator\" content=\"@radioljubuski\" \/>\n<meta name=\"twitter:site\" content=\"@radioljubuski\" \/>\n<meta name=\"twitter:label1\" content=\"Napisao\/la\" \/>\n\t<meta name=\"twitter:data1\" content=\"Radio Ljubu\u0161ki\" \/>\n\t<meta name=\"twitter:label2\" content=\"Procijenjeno vrijeme \u010ditanja\" \/>\n\t<meta name=\"twitter:data2\" content=\"2 minute\" \/>\n<script type=\"application\/ld+json\" class=\"yoast-schema-graph\">{\"@context\":\"https:\\\/\\\/schema.org\",\"@graph\":[{\"@type\":\"Article\",\"@id\":\"https:\\\/\\\/radioljubuski.ba\\\/index.php\\\/2021\\\/10\\\/15\\\/spojen-most-na-savi-kod-gradiske\\\/#article\",\"isPartOf\":{\"@id\":\"https:\\\/\\\/radioljubuski.ba\\\/index.php\\\/2021\\\/10\\\/15\\\/spojen-most-na-savi-kod-gradiske\\\/\"},\"author\":{\"name\":\"Radio Ljubu\u0161ki\",\"@id\":\"https:\\\/\\\/radioljubuski.ba\\\/#\\\/schema\\\/person\\\/19fc700381a780f69665d7956c469e3b\"},\"headline\":\"Spojen most na Savi kod Gradi\u0161ke\",\"datePublished\":\"2021-10-15T13:11:53+00:00\",\"dateModified\":\"2021-10-15T13:11:55+00:00\",\"mainEntityOfPage\":{\"@id\":\"https:\\\/\\\/radioljubuski.ba\\\/index.php\\\/2021\\\/10\\\/15\\\/spojen-most-na-savi-kod-gradiske\\\/\"},\"wordCount\":237,\"publisher\":{\"@id\":\"https:\\\/\\\/radioljubuski.ba\\\/#organization\"},\"image\":{\"@id\":\"https:\\\/\\\/radioljubuski.ba\\\/index.php\\\/2021\\\/10\\\/15\\\/spojen-most-na-savi-kod-gradiske\\\/#primaryimage\"},\"thumbnailUrl\":\"https:\\\/\\\/radioljubuski.ba\\\/wp-content\\\/uploads\\\/2021\\\/10\\\/most-gradiska1.jpg\",\"articleSection\":[\"BIH i regija\"],\"inLanguage\":\"hr\"},{\"@type\":\"WebPage\",\"@id\":\"https:\\\/\\\/radioljubuski.ba\\\/index.php\\\/2021\\\/10\\\/15\\\/spojen-most-na-savi-kod-gradiske\\\/\",\"url\":\"https:\\\/\\\/radioljubuski.ba\\\/index.php\\\/2021\\\/10\\\/15\\\/spojen-most-na-savi-kod-gradiske\\\/\",\"name\":\"Spojen most na Savi kod Gradi\u0161ke - RADIO LJUBU\u0160KI\",\"isPartOf\":{\"@id\":\"https:\\\/\\\/radioljubuski.ba\\\/#website\"},\"primaryImageOfPage\":{\"@id\":\"https:\\\/\\\/radioljubuski.ba\\\/index.php\\\/2021\\\/10\\\/15\\\/spojen-most-na-savi-kod-gradiske\\\/#primaryimage\"},\"image\":{\"@id\":\"https:\\\/\\\/radioljubuski.ba\\\/index.php\\\/2021\\\/10\\\/15\\\/spojen-most-na-savi-kod-gradiske\\\/#primaryimage\"},\"thumbnailUrl\":\"https:\\\/\\\/radioljubuski.ba\\\/wp-content\\\/uploads\\\/2021\\\/10\\\/most-gradiska1.jpg\",\"datePublished\":\"2021-10-15T13:11:53+00:00\",\"dateModified\":\"2021-10-15T13:11:55+00:00\",\"breadcrumb\":{\"@id\":\"https:\\\/\\\/radioljubuski.ba\\\/index.php\\\/2021\\\/10\\\/15\\\/spojen-most-na-savi-kod-gradiske\\\/#breadcrumb\"},\"inLanguage\":\"hr\",\"potentialAction\":[{\"@type\":\"ReadAction\",\"target\":[\"https:\\\/\\\/radioljubuski.ba\\\/index.php\\\/2021\\\/10\\\/15\\\/spojen-most-na-savi-kod-gradiske\\\/\"]}]},{\"@type\":\"ImageObject\",\"inLanguage\":\"hr\",\"@id\":\"https:\\\/\\\/radioljubuski.ba\\\/index.php\\\/2021\\\/10\\\/15\\\/spojen-most-na-savi-kod-gradiske\\\/#primaryimage\",\"url\":\"https:\\\/\\\/radioljubuski.ba\\\/wp-content\\\/uploads\\\/2021\\\/10\\\/most-gradiska1.jpg\",\"contentUrl\":\"https:\\\/\\\/radioljubuski.ba\\\/wp-content\\\/uploads\\\/2021\\\/10\\\/most-gradiska1.jpg\",\"width\":960,\"height\":720},{\"@type\":\"BreadcrumbList\",\"@id\":\"https:\\\/\\\/radioljubuski.ba\\\/index.php\\\/2021\\\/10\\\/15\\\/spojen-most-na-savi-kod-gradiske\\\/#breadcrumb\",\"itemListElement\":[{\"@type\":\"ListItem\",\"position\":1,\"name\":\"Po\u010detna stranica\",\"item\":\"https:\\\/\\\/radioljubuski.ba\\\/\"},{\"@type\":\"ListItem\",\"position\":2,\"name\":\"Spojen most na Savi kod Gradi\u0161ke\"}]},{\"@type\":\"WebSite\",\"@id\":\"https:\\\/\\\/radioljubuski.ba\\\/#website\",\"url\":\"https:\\\/\\\/radioljubuski.ba\\\/\",\"name\":\"Radio Ljubu\u0161ki\",\"description\":\"Sun\u010dana frekvencija Hercegovine\",\"publisher\":{\"@id\":\"https:\\\/\\\/radioljubuski.ba\\\/#organization\"},\"potentialAction\":[{\"@type\":\"SearchAction\",\"target\":{\"@type\":\"EntryPoint\",\"urlTemplate\":\"https:\\\/\\\/radioljubuski.ba\\\/?s={search_term_string}\"},\"query-input\":{\"@type\":\"PropertyValueSpecification\",\"valueRequired\":true,\"valueName\":\"search_term_string\"}}],\"inLanguage\":\"hr\"},{\"@type\":\"Organization\",\"@id\":\"https:\\\/\\\/radioljubuski.ba\\\/#organization\",\"name\":\"Radio Ljubu\u0161ki\",\"url\":\"https:\\\/\\\/radioljubuski.ba\\\/\",\"logo\":{\"@type\":\"ImageObject\",\"inLanguage\":\"hr\",\"@id\":\"https:\\\/\\\/radioljubuski.ba\\\/#\\\/schema\\\/logo\\\/image\\\/\",\"url\":\"https:\\\/\\\/radioljubuski.ba\\\/wp-content\\\/uploads\\\/2021\\\/02\\\/cropped-Radio_Ljubuski_logo1.jpg\",\"contentUrl\":\"https:\\\/\\\/radioljubuski.ba\\\/wp-content\\\/uploads\\\/2021\\\/02\\\/cropped-Radio_Ljubuski_logo1.jpg\",\"width\":512,\"height\":512,\"caption\":\"Radio Ljubu\u0161ki\"},\"image\":{\"@id\":\"https:\\\/\\\/radioljubuski.ba\\\/#\\\/schema\\\/logo\\\/image\\\/\"},\"sameAs\":[\"https:\\\/\\\/www.facebook.com\\\/Radiio-Ljubuski-1490835324566332\",\"https:\\\/\\\/x.com\\\/radioljubuski\",\"https:\\\/\\\/hr.linkedin.com\\\/company\\\/radio-ljubuski\",\"https:\\\/\\\/www.youtube.com\\\/channel\\\/UCHYaeO_n0Db3tjNGudGpXyw\"]},{\"@type\":\"Person\",\"@id\":\"https:\\\/\\\/radioljubuski.ba\\\/#\\\/schema\\\/person\\\/19fc700381a780f69665d7956c469e3b\",\"name\":\"Radio Ljubu\u0161ki\"}]}<\/script>\n<!-- \/ Yoast SEO plugin. -->","yoast_head_json":{"title":"Spojen most na Savi kod Gradi\u0161ke - RADIO LJUBU\u0160KI","robots":{"index":"index","follow":"follow","max-snippet":"max-snippet:-1","max-image-preview":"max-image-preview:large","max-video-preview":"max-video-preview:-1"},"canonical":"https:\/\/radioljubuski.ba\/index.php\/2021\/10\/15\/spojen-most-na-savi-kod-gradiske\/","og_locale":"hr_HR","og_type":"article","og_title":"Spojen most na Savi kod Gradi\u0161ke - RADIO LJUBU\u0160KI","og_description":"Simboli\u010dnim zavarivanjem posljednje cijevi \u017eeljezne konstrukcije i susretom izaslanstava BiH i Hrvatske na sredini mosta, slu\u017ebeno je spojen most na Savi kod Gradi\u0161ke. Izaslanstvo BiH predvodio je Vojin Mitrovi\u0107, ministar komunikacija i transporta BiH, a Hrvatske Tomislav Mihoti\u0107, tajnik Ministarstva mora, prometa i infrastrukture. \u2013 Ovim smo spojili dvije obale i dvije dr\u017eave i zavr\u0161ili [&hellip;]","og_url":"https:\/\/radioljubuski.ba\/index.php\/2021\/10\/15\/spojen-most-na-savi-kod-gradiske\/","og_site_name":"RADIO LJUBU\u0160KI","article_publisher":"https:\/\/www.facebook.com\/Radiio-Ljubuski-1490835324566332","article_published_time":"2021-10-15T13:11:53+00:00","article_modified_time":"2021-10-15T13:11:55+00:00","og_image":[{"width":960,"height":720,"url":"https:\/\/radioljubuski.ba\/wp-content\/uploads\/2021\/10\/most-gradiska1.jpg","type":"image\/jpeg"}],"author":"Radio Ljubu\u0161ki","twitter_card":"summary_large_image","twitter_creator":"@radioljubuski","twitter_site":"@radioljubuski","twitter_misc":{"Napisao\/la":"Radio Ljubu\u0161ki","Procijenjeno vrijeme \u010ditanja":"2 minute"},"schema":{"@context":"https:\/\/schema.org","@graph":[{"@type":"Article","@id":"https:\/\/radioljubuski.ba\/index.php\/2021\/10\/15\/spojen-most-na-savi-kod-gradiske\/#article","isPartOf":{"@id":"https:\/\/radioljubuski.ba\/index.php\/2021\/10\/15\/spojen-most-na-savi-kod-gradiske\/"},"author":{"name":"Radio Ljubu\u0161ki","@id":"https:\/\/radioljubuski.ba\/#\/schema\/person\/19fc700381a780f69665d7956c469e3b"},"headline":"Spojen most na Savi kod Gradi\u0161ke","datePublished":"2021-10-15T13:11:53+00:00","dateModified":"2021-10-15T13:11:55+00:00","mainEntityOfPage":{"@id":"https:\/\/radioljubuski.ba\/index.php\/2021\/10\/15\/spojen-most-na-savi-kod-gradiske\/"},"wordCount":237,"publisher":{"@id":"https:\/\/radioljubuski.ba\/#organization"},"image":{"@id":"https:\/\/radioljubuski.ba\/index.php\/2021\/10\/15\/spojen-most-na-savi-kod-gradiske\/#primaryimage"},"thumbnailUrl":"https:\/\/radioljubuski.ba\/wp-content\/uploads\/2021\/10\/most-gradiska1.jpg","articleSection":["BIH i regija"],"inLanguage":"hr"},{"@type":"WebPage","@id":"https:\/\/radioljubuski.ba\/index.php\/2021\/10\/15\/spojen-most-na-savi-kod-gradiske\/","url":"https:\/\/radioljubuski.ba\/index.php\/2021\/10\/15\/spojen-most-na-savi-kod-gradiske\/","name":"Spojen most na Savi kod Gradi\u0161ke - RADIO LJUBU\u0160KI","isPartOf":{"@id":"https:\/\/radioljubuski.ba\/#website"},"primaryImageOfPage":{"@id":"https:\/\/radioljubuski.ba\/index.php\/2021\/10\/15\/spojen-most-na-savi-kod-gradiske\/#primaryimage"},"image":{"@id":"https:\/\/radioljubuski.ba\/index.php\/2021\/10\/15\/spojen-most-na-savi-kod-gradiske\/#primaryimage"},"thumbnailUrl":"https:\/\/radioljubuski.ba\/wp-content\/uploads\/2021\/10\/most-gradiska1.jpg","datePublished":"2021-10-15T13:11:53+00:00","dateModified":"2021-10-15T13:11:55+00:00","breadcrumb":{"@id":"https:\/\/radioljubuski.ba\/index.php\/2021\/10\/15\/spojen-most-na-savi-kod-gradiske\/#breadcrumb"},"inLanguage":"hr","potentialAction":[{"@type":"ReadAction","target":["https:\/\/radioljubuski.ba\/index.php\/2021\/10\/15\/spojen-most-na-savi-kod-gradiske\/"]}]},{"@type":"ImageObject","inLanguage":"hr","@id":"https:\/\/radioljubuski.ba\/index.php\/2021\/10\/15\/spojen-most-na-savi-kod-gradiske\/#primaryimage","url":"https:\/\/radioljubuski.ba\/wp-content\/uploads\/2021\/10\/most-gradiska1.jpg","contentUrl":"https:\/\/radioljubuski.ba\/wp-content\/uploads\/2021\/10\/most-gradiska1.jpg","width":960,"height":720},{"@type":"BreadcrumbList","@id":"https:\/\/radioljubuski.ba\/index.php\/2021\/10\/15\/spojen-most-na-savi-kod-gradiske\/#breadcrumb","itemListElement":[{"@type":"ListItem","position":1,"name":"Po\u010detna stranica","item":"https:\/\/radioljubuski.ba\/"},{"@type":"ListItem","position":2,"name":"Spojen most na Savi kod Gradi\u0161ke"}]},{"@type":"WebSite","@id":"https:\/\/radioljubuski.ba\/#website","url":"https:\/\/radioljubuski.ba\/","name":"Radio Ljubu\u0161ki","description":"Sun\u010dana frekvencija Hercegovine","publisher":{"@id":"https:\/\/radioljubuski.ba\/#organization"},"potentialAction":[{"@type":"SearchAction","target":{"@type":"EntryPoint","urlTemplate":"https:\/\/radioljubuski.ba\/?s={search_term_string}"},"query-input":{"@type":"PropertyValueSpecification","valueRequired":true,"valueName":"search_term_string"}}],"inLanguage":"hr"},{"@type":"Organization","@id":"https:\/\/radioljubuski.ba\/#organization","name":"Radio Ljubu\u0161ki","url":"https:\/\/radioljubuski.ba\/","logo":{"@type":"ImageObject","inLanguage":"hr","@id":"https:\/\/radioljubuski.ba\/#\/schema\/logo\/image\/","url":"https:\/\/radioljubuski.ba\/wp-content\/uploads\/2021\/02\/cropped-Radio_Ljubuski_logo1.jpg","contentUrl":"https:\/\/radioljubuski.ba\/wp-content\/uploads\/2021\/02\/cropped-Radio_Ljubuski_logo1.jpg","width":512,"height":512,"caption":"Radio Ljubu\u0161ki"},"image":{"@id":"https:\/\/radioljubuski.ba\/#\/schema\/logo\/image\/"},"sameAs":["https:\/\/www.facebook.com\/Radiio-Ljubuski-1490835324566332","https:\/\/x.com\/radioljubuski","https:\/\/hr.linkedin.com\/company\/radio-ljubuski","https:\/\/www.youtube.com\/channel\/UCHYaeO_n0Db3tjNGudGpXyw"]},{"@type":"Person","@id":"https:\/\/radioljubuski.ba\/#\/schema\/person\/19fc700381a780f69665d7956c469e3b","name":"Radio Ljubu\u0161ki"}]}},"_links":{"self":[{"href":"https:\/\/radioljubuski.ba\/index.php\/wp-json\/wp\/v2\/posts\/76056","targetHints":{"allow":["GET"]}}],"collection":[{"href":"https:\/\/radioljubuski.ba\/index.php\/wp-json\/wp\/v2\/posts"}],"about":[{"href":"https:\/\/radioljubuski.ba\/index.php\/wp-json\/wp\/v2\/types\/post"}],"author":[{"embeddable":true,"href":"https:\/\/radioljubuski.ba\/index.php\/wp-json\/wp\/v2\/users\/2"}],"replies":[{"embeddable":true,"href":"https:\/\/radioljubuski.ba\/index.php\/wp-json\/wp\/v2\/comments?post=76056"}],"version-history":[{"count":1,"href":"https:\/\/radioljubuski.ba\/index.php\/wp-json\/wp\/v2\/posts\/76056\/revisions"}],"predecessor-version":[{"id":76058,"href":"https:\/\/radioljubuski.ba\/index.php\/wp-json\/wp\/v2\/posts\/76056\/revisions\/76058"}],"wp:featuredmedia":[{"embeddable":true,"href":"https:\/\/radioljubuski.ba\/index.php\/wp-json\/wp\/v2\/media\/76057"}],"wp:attachment":[{"href":"https:\/\/radioljubuski.ba\/index.php\/wp-json\/wp\/v2\/media?parent=76056"}],"wp:term":[{"taxonomy":"category","embeddable":true,"href":"https:\/\/radioljubuski.ba\/index.php\/wp-json\/wp\/v2\/categories?post=76056"},{"taxonomy":"post_tag","embeddable":true,"href":"https:\/\/radioljubuski.ba\/index.php\/wp-json\/wp\/v2\/tags?post=76056"}],"curies":[{"name":"wp","href":"https:\/\/api.w.org\/{rel}","templated":true}]}}