{"id":76083,"date":"2021-10-15T16:03:26","date_gmt":"2021-10-15T15:03:26","guid":{"rendered":"https:\/\/radioljubuski.ba\/?p=76083"},"modified":"2021-10-15T16:03:27","modified_gmt":"2021-10-15T15:03:27","slug":"cibona-u-derbiju-regionalne-lige-docekuje-partizan","status":"publish","type":"post","link":"https:\/\/radioljubuski.ba\/index.php\/2021\/10\/15\/cibona-u-derbiju-regionalne-lige-docekuje-partizan\/","title":{"rendered":"Cibona u derbiju regionalne lige do\u010dekuje Partizan"},"content":{"rendered":"\n<p><strong>\u010cetvrto kolo regionalne ko\u0161arka\u0161ke ABA lige donosi zagreba\u010dko-beogradski derbi.&nbsp;<\/strong><\/p>\n\n\n\n<p>Cibona od 19 sati u ko\u0161arka\u0161kom centru &#8220;Dra\u017een Petrovi\u0107&#8221; do\u010dekuje Partizan. Bit \u0107e to dvoboj jedinih nepora\u017eenih mom\u010dadi u dosada\u0161njem dijelu prvenstva.<br><br>Vukovi su u prethodna tri kola upisali pobjede protiv Mornara, Mege i Zadra, dok je Partizan slavio u ogledima protiv Zadra, Splita i SC Derbyja iz Podgorice.<\/p>\n\n\n\n<blockquote class=\"twitter-tweet\"><p lang=\"en\" dir=\"ltr\">The AdmiralBet <a href=\"https:\/\/twitter.com\/hashtag\/ABALiga?src=hash&amp;ref_src=twsrc%5Etfw\">#ABALiga<\/a> Round 4 opens with a BANG!<a href=\"https:\/\/twitter.com\/kk_cibona?ref_src=twsrc%5Etfw\">@kk_cibona<\/a> host <a href=\"https:\/\/twitter.com\/PartizanBC?ref_src=twsrc%5Etfw\">@PartizanBC<\/a> tonight in Zagreb! <a href=\"https:\/\/t.co\/ngCz73rwf8\">pic.twitter.com\/ngCz73rwf8<\/a><\/p>&mdash; AdmiralBet ABA League (@ABA_League) <a href=\"https:\/\/twitter.com\/ABA_League\/status\/1448929135817003012?ref_src=twsrc%5Etfw\">October 15, 2021<\/a><\/blockquote> <script async src=\"https:\/\/platform.twitter.com\/widgets.js\" charset=\"utf-8\"><\/script>\n\n\n\n<p>Cibona i Partizan po\u010detkom rujna su igrali na pripremnom turniru Liburnija kupu u Opatiji. Vukovi su bili uspje\u0161niji 71:64 na putu do osvajanja turnira, a u finalu su svladali talijanskog prvoliga\u0161a Carpageno Prosciutto iz Pesara koji vodi hrvatski stru\u010dnjak&nbsp;<strong>Aleksandar Petrovi\u0107<\/strong>.&nbsp;<br><br>No, strateg Cibone&nbsp;<strong>Vladimir Jovanovi\u0107<\/strong>&nbsp;svjestan je da je pripremna utakmica jedno, a natjecateljska ne\u0161to sasvim drugo i o\u010dekuje te\u0161ku utakmicu.<br><br>&#8211; Sigurno da je Partizan veliki protivnik i da \u0107e ovo biti dobra utakmica, mi smo jedine nepora\u017eene ekipe u dosada\u0161njem dijelu natjecanja \u0161to utakmici dodaje jo\u0161 jednu posebnu dra\u017e. Svjesni smo njihove kvalitete i snage, znamo da su oni ekipa koja je slo\u017eena za najvi\u0161e ciljeve, istaknuo je trener Vukova.&nbsp;<\/p>\n\n\n\n<p>&#8211; Cibona je jedna veoma mlada mom\u010dad koja igra agresivnu ko\u0161arku, a u prva tri kola pokazala je kvalitetu koja ima. Spremamo se i probat \u0107emo odigrati najbolje mogu\u0107e imaju\u0107i u vidu i pripremnu utakmicu koju smo odigrali protiv njih u Opatiji, rekao je trener Partizana&nbsp;<strong>\u017deljko Obradovi\u0107<\/strong>&nbsp;uo\u010di utakmice.<\/p>\n\n\n\n<p><strong>Raspored 4. kola:<\/strong><br><br>15. listopada<br>Cibona &#8211; Partizan<br><br>16. listopada<br>Budu\u0107nost VOLI &#8211; Igokea<br><br>17. listopada<br>Split &#8211; SC Derby<br>Krka &#8211; Zadar<br>Borac &#8211; Mega Basket<br>FMP &#8211; Mornar-Barsko zlato<br>Crvena zvezda &#8211; Cedevita Olimpija<\/p>\n\n\n\n<p>Izvor:hrt.hr<\/p>\n","protected":false},"excerpt":{"rendered":"<p>\u010cetvrto kolo regionalne ko\u0161arka\u0161ke ABA lige donosi zagreba\u010dko-beogradski derbi.&nbsp; Cibona od 19 sati u ko\u0161arka\u0161kom centru &#8220;Dra\u017een Petrovi\u0107&#8221; do\u010dekuje Partizan. Bit \u0107e to dvoboj jedinih nepora\u017eenih mom\u010dadi u dosada\u0161njem dijelu prvenstva. Vukovi su u prethodna tri kola upisali pobjede protiv Mornara, Mege i Zadra, dok je Partizan slavio u ogledima protiv Zadra, Splita i SC [&hellip;]<\/p>\n","protected":false},"author":2,"featured_media":76084,"comment_status":"closed","ping_status":"closed","sticky":false,"template":"","format":"standard","meta":{"h5ap_radio_sources":[],"footnotes":""},"categories":[7],"tags":[],"class_list":["post-76083","post","type-post","status-publish","format-standard","has-post-thumbnail","hentry","category-sport"],"yoast_head":"<!-- This site is optimized with the Yoast SEO plugin v27.4 - https:\/\/yoast.com\/product\/yoast-seo-wordpress\/ -->\n<title>Cibona u derbiju regionalne lige do\u010dekuje Partizan - RADIO LJUBU\u0160KI<\/title>\n<meta name=\"robots\" content=\"index, follow, max-snippet:-1, max-image-preview:large, max-video-preview:-1\" \/>\n<link rel=\"canonical\" href=\"https:\/\/radioljubuski.ba\/index.php\/2021\/10\/15\/cibona-u-derbiju-regionalne-lige-docekuje-partizan\/\" \/>\n<meta property=\"og:locale\" content=\"hr_HR\" \/>\n<meta property=\"og:type\" content=\"article\" \/>\n<meta property=\"og:title\" content=\"Cibona u derbiju regionalne lige do\u010dekuje Partizan - RADIO LJUBU\u0160KI\" \/>\n<meta property=\"og:description\" content=\"\u010cetvrto kolo regionalne ko\u0161arka\u0161ke ABA lige donosi zagreba\u010dko-beogradski derbi.&nbsp; Cibona od 19 sati u ko\u0161arka\u0161kom centru &#8220;Dra\u017een Petrovi\u0107&#8221; do\u010dekuje Partizan. Bit \u0107e to dvoboj jedinih nepora\u017eenih mom\u010dadi u dosada\u0161njem dijelu prvenstva. Vukovi su u prethodna tri kola upisali pobjede protiv Mornara, Mege i Zadra, dok je Partizan slavio u ogledima protiv Zadra, Splita i SC [&hellip;]\" \/>\n<meta property=\"og:url\" content=\"https:\/\/radioljubuski.ba\/index.php\/2021\/10\/15\/cibona-u-derbiju-regionalne-lige-docekuje-partizan\/\" \/>\n<meta property=\"og:site_name\" content=\"RADIO LJUBU\u0160KI\" \/>\n<meta property=\"article:publisher\" content=\"https:\/\/www.facebook.com\/Radiio-Ljubuski-1490835324566332\" \/>\n<meta property=\"article:published_time\" content=\"2021-10-15T15:03:26+00:00\" \/>\n<meta property=\"article:modified_time\" content=\"2021-10-15T15:03:27+00:00\" \/>\n<meta property=\"og:image\" content=\"https:\/\/radioljubuski.ba\/wp-content\/uploads\/2021\/10\/cibona-partizan-20211015084743.jpg\" \/>\n\t<meta property=\"og:image:width\" content=\"1590\" \/>\n\t<meta property=\"og:image:height\" content=\"886\" \/>\n\t<meta property=\"og:image:type\" content=\"image\/jpeg\" \/>\n<meta name=\"author\" content=\"Radio Ljubu\u0161ki\" \/>\n<meta name=\"twitter:card\" content=\"summary_large_image\" \/>\n<meta name=\"twitter:creator\" content=\"@radioljubuski\" \/>\n<meta name=\"twitter:site\" content=\"@radioljubuski\" \/>\n<meta name=\"twitter:label1\" content=\"Napisao\/la\" \/>\n\t<meta name=\"twitter:data1\" content=\"Radio Ljubu\u0161ki\" \/>\n\t<meta name=\"twitter:label2\" content=\"Procijenjeno vrijeme \u010ditanja\" \/>\n\t<meta name=\"twitter:data2\" content=\"2 minute\" \/>\n<script type=\"application\/ld+json\" class=\"yoast-schema-graph\">{\"@context\":\"https:\\\/\\\/schema.org\",\"@graph\":[{\"@type\":\"Article\",\"@id\":\"https:\\\/\\\/radioljubuski.ba\\\/index.php\\\/2021\\\/10\\\/15\\\/cibona-u-derbiju-regionalne-lige-docekuje-partizan\\\/#article\",\"isPartOf\":{\"@id\":\"https:\\\/\\\/radioljubuski.ba\\\/index.php\\\/2021\\\/10\\\/15\\\/cibona-u-derbiju-regionalne-lige-docekuje-partizan\\\/\"},\"author\":{\"name\":\"Radio Ljubu\u0161ki\",\"@id\":\"https:\\\/\\\/radioljubuski.ba\\\/#\\\/schema\\\/person\\\/19fc700381a780f69665d7956c469e3b\"},\"headline\":\"Cibona u derbiju regionalne lige do\u010dekuje Partizan\",\"datePublished\":\"2021-10-15T15:03:26+00:00\",\"dateModified\":\"2021-10-15T15:03:27+00:00\",\"mainEntityOfPage\":{\"@id\":\"https:\\\/\\\/radioljubuski.ba\\\/index.php\\\/2021\\\/10\\\/15\\\/cibona-u-derbiju-regionalne-lige-docekuje-partizan\\\/\"},\"wordCount\":317,\"publisher\":{\"@id\":\"https:\\\/\\\/radioljubuski.ba\\\/#organization\"},\"image\":{\"@id\":\"https:\\\/\\\/radioljubuski.ba\\\/index.php\\\/2021\\\/10\\\/15\\\/cibona-u-derbiju-regionalne-lige-docekuje-partizan\\\/#primaryimage\"},\"thumbnailUrl\":\"https:\\\/\\\/radioljubuski.ba\\\/wp-content\\\/uploads\\\/2021\\\/10\\\/cibona-partizan-20211015084743.jpg\",\"articleSection\":[\"\u0160port\"],\"inLanguage\":\"hr\"},{\"@type\":\"WebPage\",\"@id\":\"https:\\\/\\\/radioljubuski.ba\\\/index.php\\\/2021\\\/10\\\/15\\\/cibona-u-derbiju-regionalne-lige-docekuje-partizan\\\/\",\"url\":\"https:\\\/\\\/radioljubuski.ba\\\/index.php\\\/2021\\\/10\\\/15\\\/cibona-u-derbiju-regionalne-lige-docekuje-partizan\\\/\",\"name\":\"Cibona u derbiju regionalne lige do\u010dekuje Partizan - RADIO LJUBU\u0160KI\",\"isPartOf\":{\"@id\":\"https:\\\/\\\/radioljubuski.ba\\\/#website\"},\"primaryImageOfPage\":{\"@id\":\"https:\\\/\\\/radioljubuski.ba\\\/index.php\\\/2021\\\/10\\\/15\\\/cibona-u-derbiju-regionalne-lige-docekuje-partizan\\\/#primaryimage\"},\"image\":{\"@id\":\"https:\\\/\\\/radioljubuski.ba\\\/index.php\\\/2021\\\/10\\\/15\\\/cibona-u-derbiju-regionalne-lige-docekuje-partizan\\\/#primaryimage\"},\"thumbnailUrl\":\"https:\\\/\\\/radioljubuski.ba\\\/wp-content\\\/uploads\\\/2021\\\/10\\\/cibona-partizan-20211015084743.jpg\",\"datePublished\":\"2021-10-15T15:03:26+00:00\",\"dateModified\":\"2021-10-15T15:03:27+00:00\",\"breadcrumb\":{\"@id\":\"https:\\\/\\\/radioljubuski.ba\\\/index.php\\\/2021\\\/10\\\/15\\\/cibona-u-derbiju-regionalne-lige-docekuje-partizan\\\/#breadcrumb\"},\"inLanguage\":\"hr\",\"potentialAction\":[{\"@type\":\"ReadAction\",\"target\":[\"https:\\\/\\\/radioljubuski.ba\\\/index.php\\\/2021\\\/10\\\/15\\\/cibona-u-derbiju-regionalne-lige-docekuje-partizan\\\/\"]}]},{\"@type\":\"ImageObject\",\"inLanguage\":\"hr\",\"@id\":\"https:\\\/\\\/radioljubuski.ba\\\/index.php\\\/2021\\\/10\\\/15\\\/cibona-u-derbiju-regionalne-lige-docekuje-partizan\\\/#primaryimage\",\"url\":\"https:\\\/\\\/radioljubuski.ba\\\/wp-content\\\/uploads\\\/2021\\\/10\\\/cibona-partizan-20211015084743.jpg\",\"contentUrl\":\"https:\\\/\\\/radioljubuski.ba\\\/wp-content\\\/uploads\\\/2021\\\/10\\\/cibona-partizan-20211015084743.jpg\",\"width\":1590,\"height\":886,\"caption\":\"01.09.2021., Opatija - Kosarkaska utakmica izmedu Cibone i Partizana u sklopu kosarkaskog turnira Liburnija kup. Photo: Nel Pavletic\\\/PIXSELL (01.09.2021., Opatija - Kosarkaska utakmica izmedu Cibone i Partizana u sklopu kosarkaskog turnira Liburnija k\"},{\"@type\":\"BreadcrumbList\",\"@id\":\"https:\\\/\\\/radioljubuski.ba\\\/index.php\\\/2021\\\/10\\\/15\\\/cibona-u-derbiju-regionalne-lige-docekuje-partizan\\\/#breadcrumb\",\"itemListElement\":[{\"@type\":\"ListItem\",\"position\":1,\"name\":\"Po\u010detna stranica\",\"item\":\"https:\\\/\\\/radioljubuski.ba\\\/\"},{\"@type\":\"ListItem\",\"position\":2,\"name\":\"Cibona u derbiju regionalne lige do\u010dekuje Partizan\"}]},{\"@type\":\"WebSite\",\"@id\":\"https:\\\/\\\/radioljubuski.ba\\\/#website\",\"url\":\"https:\\\/\\\/radioljubuski.ba\\\/\",\"name\":\"Radio Ljubu\u0161ki\",\"description\":\"Sun\u010dana frekvencija Hercegovine\",\"publisher\":{\"@id\":\"https:\\\/\\\/radioljubuski.ba\\\/#organization\"},\"potentialAction\":[{\"@type\":\"SearchAction\",\"target\":{\"@type\":\"EntryPoint\",\"urlTemplate\":\"https:\\\/\\\/radioljubuski.ba\\\/?s={search_term_string}\"},\"query-input\":{\"@type\":\"PropertyValueSpecification\",\"valueRequired\":true,\"valueName\":\"search_term_string\"}}],\"inLanguage\":\"hr\"},{\"@type\":\"Organization\",\"@id\":\"https:\\\/\\\/radioljubuski.ba\\\/#organization\",\"name\":\"Radio Ljubu\u0161ki\",\"url\":\"https:\\\/\\\/radioljubuski.ba\\\/\",\"logo\":{\"@type\":\"ImageObject\",\"inLanguage\":\"hr\",\"@id\":\"https:\\\/\\\/radioljubuski.ba\\\/#\\\/schema\\\/logo\\\/image\\\/\",\"url\":\"https:\\\/\\\/radioljubuski.ba\\\/wp-content\\\/uploads\\\/2021\\\/02\\\/cropped-Radio_Ljubuski_logo1.jpg\",\"contentUrl\":\"https:\\\/\\\/radioljubuski.ba\\\/wp-content\\\/uploads\\\/2021\\\/02\\\/cropped-Radio_Ljubuski_logo1.jpg\",\"width\":512,\"height\":512,\"caption\":\"Radio Ljubu\u0161ki\"},\"image\":{\"@id\":\"https:\\\/\\\/radioljubuski.ba\\\/#\\\/schema\\\/logo\\\/image\\\/\"},\"sameAs\":[\"https:\\\/\\\/www.facebook.com\\\/Radiio-Ljubuski-1490835324566332\",\"https:\\\/\\\/x.com\\\/radioljubuski\",\"https:\\\/\\\/hr.linkedin.com\\\/company\\\/radio-ljubuski\",\"https:\\\/\\\/www.youtube.com\\\/channel\\\/UCHYaeO_n0Db3tjNGudGpXyw\"]},{\"@type\":\"Person\",\"@id\":\"https:\\\/\\\/radioljubuski.ba\\\/#\\\/schema\\\/person\\\/19fc700381a780f69665d7956c469e3b\",\"name\":\"Radio Ljubu\u0161ki\"}]}<\/script>\n<!-- \/ Yoast SEO plugin. -->","yoast_head_json":{"title":"Cibona u derbiju regionalne lige do\u010dekuje Partizan - RADIO LJUBU\u0160KI","robots":{"index":"index","follow":"follow","max-snippet":"max-snippet:-1","max-image-preview":"max-image-preview:large","max-video-preview":"max-video-preview:-1"},"canonical":"https:\/\/radioljubuski.ba\/index.php\/2021\/10\/15\/cibona-u-derbiju-regionalne-lige-docekuje-partizan\/","og_locale":"hr_HR","og_type":"article","og_title":"Cibona u derbiju regionalne lige do\u010dekuje Partizan - RADIO LJUBU\u0160KI","og_description":"\u010cetvrto kolo regionalne ko\u0161arka\u0161ke ABA lige donosi zagreba\u010dko-beogradski derbi.&nbsp; Cibona od 19 sati u ko\u0161arka\u0161kom centru &#8220;Dra\u017een Petrovi\u0107&#8221; do\u010dekuje Partizan. Bit \u0107e to dvoboj jedinih nepora\u017eenih mom\u010dadi u dosada\u0161njem dijelu prvenstva. Vukovi su u prethodna tri kola upisali pobjede protiv Mornara, Mege i Zadra, dok je Partizan slavio u ogledima protiv Zadra, Splita i SC [&hellip;]","og_url":"https:\/\/radioljubuski.ba\/index.php\/2021\/10\/15\/cibona-u-derbiju-regionalne-lige-docekuje-partizan\/","og_site_name":"RADIO LJUBU\u0160KI","article_publisher":"https:\/\/www.facebook.com\/Radiio-Ljubuski-1490835324566332","article_published_time":"2021-10-15T15:03:26+00:00","article_modified_time":"2021-10-15T15:03:27+00:00","og_image":[{"width":1590,"height":886,"url":"https:\/\/radioljubuski.ba\/wp-content\/uploads\/2021\/10\/cibona-partizan-20211015084743.jpg","type":"image\/jpeg"}],"author":"Radio Ljubu\u0161ki","twitter_card":"summary_large_image","twitter_creator":"@radioljubuski","twitter_site":"@radioljubuski","twitter_misc":{"Napisao\/la":"Radio Ljubu\u0161ki","Procijenjeno vrijeme \u010ditanja":"2 minute"},"schema":{"@context":"https:\/\/schema.org","@graph":[{"@type":"Article","@id":"https:\/\/radioljubuski.ba\/index.php\/2021\/10\/15\/cibona-u-derbiju-regionalne-lige-docekuje-partizan\/#article","isPartOf":{"@id":"https:\/\/radioljubuski.ba\/index.php\/2021\/10\/15\/cibona-u-derbiju-regionalne-lige-docekuje-partizan\/"},"author":{"name":"Radio Ljubu\u0161ki","@id":"https:\/\/radioljubuski.ba\/#\/schema\/person\/19fc700381a780f69665d7956c469e3b"},"headline":"Cibona u derbiju regionalne lige do\u010dekuje Partizan","datePublished":"2021-10-15T15:03:26+00:00","dateModified":"2021-10-15T15:03:27+00:00","mainEntityOfPage":{"@id":"https:\/\/radioljubuski.ba\/index.php\/2021\/10\/15\/cibona-u-derbiju-regionalne-lige-docekuje-partizan\/"},"wordCount":317,"publisher":{"@id":"https:\/\/radioljubuski.ba\/#organization"},"image":{"@id":"https:\/\/radioljubuski.ba\/index.php\/2021\/10\/15\/cibona-u-derbiju-regionalne-lige-docekuje-partizan\/#primaryimage"},"thumbnailUrl":"https:\/\/radioljubuski.ba\/wp-content\/uploads\/2021\/10\/cibona-partizan-20211015084743.jpg","articleSection":["\u0160port"],"inLanguage":"hr"},{"@type":"WebPage","@id":"https:\/\/radioljubuski.ba\/index.php\/2021\/10\/15\/cibona-u-derbiju-regionalne-lige-docekuje-partizan\/","url":"https:\/\/radioljubuski.ba\/index.php\/2021\/10\/15\/cibona-u-derbiju-regionalne-lige-docekuje-partizan\/","name":"Cibona u derbiju regionalne lige do\u010dekuje Partizan - RADIO LJUBU\u0160KI","isPartOf":{"@id":"https:\/\/radioljubuski.ba\/#website"},"primaryImageOfPage":{"@id":"https:\/\/radioljubuski.ba\/index.php\/2021\/10\/15\/cibona-u-derbiju-regionalne-lige-docekuje-partizan\/#primaryimage"},"image":{"@id":"https:\/\/radioljubuski.ba\/index.php\/2021\/10\/15\/cibona-u-derbiju-regionalne-lige-docekuje-partizan\/#primaryimage"},"thumbnailUrl":"https:\/\/radioljubuski.ba\/wp-content\/uploads\/2021\/10\/cibona-partizan-20211015084743.jpg","datePublished":"2021-10-15T15:03:26+00:00","dateModified":"2021-10-15T15:03:27+00:00","breadcrumb":{"@id":"https:\/\/radioljubuski.ba\/index.php\/2021\/10\/15\/cibona-u-derbiju-regionalne-lige-docekuje-partizan\/#breadcrumb"},"inLanguage":"hr","potentialAction":[{"@type":"ReadAction","target":["https:\/\/radioljubuski.ba\/index.php\/2021\/10\/15\/cibona-u-derbiju-regionalne-lige-docekuje-partizan\/"]}]},{"@type":"ImageObject","inLanguage":"hr","@id":"https:\/\/radioljubuski.ba\/index.php\/2021\/10\/15\/cibona-u-derbiju-regionalne-lige-docekuje-partizan\/#primaryimage","url":"https:\/\/radioljubuski.ba\/wp-content\/uploads\/2021\/10\/cibona-partizan-20211015084743.jpg","contentUrl":"https:\/\/radioljubuski.ba\/wp-content\/uploads\/2021\/10\/cibona-partizan-20211015084743.jpg","width":1590,"height":886,"caption":"01.09.2021., Opatija - Kosarkaska utakmica izmedu Cibone i Partizana u sklopu kosarkaskog turnira Liburnija kup. Photo: Nel Pavletic\/PIXSELL (01.09.2021., Opatija - Kosarkaska utakmica izmedu Cibone i Partizana u sklopu kosarkaskog turnira Liburnija k"},{"@type":"BreadcrumbList","@id":"https:\/\/radioljubuski.ba\/index.php\/2021\/10\/15\/cibona-u-derbiju-regionalne-lige-docekuje-partizan\/#breadcrumb","itemListElement":[{"@type":"ListItem","position":1,"name":"Po\u010detna stranica","item":"https:\/\/radioljubuski.ba\/"},{"@type":"ListItem","position":2,"name":"Cibona u derbiju regionalne lige do\u010dekuje Partizan"}]},{"@type":"WebSite","@id":"https:\/\/radioljubuski.ba\/#website","url":"https:\/\/radioljubuski.ba\/","name":"Radio Ljubu\u0161ki","description":"Sun\u010dana frekvencija Hercegovine","publisher":{"@id":"https:\/\/radioljubuski.ba\/#organization"},"potentialAction":[{"@type":"SearchAction","target":{"@type":"EntryPoint","urlTemplate":"https:\/\/radioljubuski.ba\/?s={search_term_string}"},"query-input":{"@type":"PropertyValueSpecification","valueRequired":true,"valueName":"search_term_string"}}],"inLanguage":"hr"},{"@type":"Organization","@id":"https:\/\/radioljubuski.ba\/#organization","name":"Radio Ljubu\u0161ki","url":"https:\/\/radioljubuski.ba\/","logo":{"@type":"ImageObject","inLanguage":"hr","@id":"https:\/\/radioljubuski.ba\/#\/schema\/logo\/image\/","url":"https:\/\/radioljubuski.ba\/wp-content\/uploads\/2021\/02\/cropped-Radio_Ljubuski_logo1.jpg","contentUrl":"https:\/\/radioljubuski.ba\/wp-content\/uploads\/2021\/02\/cropped-Radio_Ljubuski_logo1.jpg","width":512,"height":512,"caption":"Radio Ljubu\u0161ki"},"image":{"@id":"https:\/\/radioljubuski.ba\/#\/schema\/logo\/image\/"},"sameAs":["https:\/\/www.facebook.com\/Radiio-Ljubuski-1490835324566332","https:\/\/x.com\/radioljubuski","https:\/\/hr.linkedin.com\/company\/radio-ljubuski","https:\/\/www.youtube.com\/channel\/UCHYaeO_n0Db3tjNGudGpXyw"]},{"@type":"Person","@id":"https:\/\/radioljubuski.ba\/#\/schema\/person\/19fc700381a780f69665d7956c469e3b","name":"Radio Ljubu\u0161ki"}]}},"_links":{"self":[{"href":"https:\/\/radioljubuski.ba\/index.php\/wp-json\/wp\/v2\/posts\/76083","targetHints":{"allow":["GET"]}}],"collection":[{"href":"https:\/\/radioljubuski.ba\/index.php\/wp-json\/wp\/v2\/posts"}],"about":[{"href":"https:\/\/radioljubuski.ba\/index.php\/wp-json\/wp\/v2\/types\/post"}],"author":[{"embeddable":true,"href":"https:\/\/radioljubuski.ba\/index.php\/wp-json\/wp\/v2\/users\/2"}],"replies":[{"embeddable":true,"href":"https:\/\/radioljubuski.ba\/index.php\/wp-json\/wp\/v2\/comments?post=76083"}],"version-history":[{"count":1,"href":"https:\/\/radioljubuski.ba\/index.php\/wp-json\/wp\/v2\/posts\/76083\/revisions"}],"predecessor-version":[{"id":76085,"href":"https:\/\/radioljubuski.ba\/index.php\/wp-json\/wp\/v2\/posts\/76083\/revisions\/76085"}],"wp:featuredmedia":[{"embeddable":true,"href":"https:\/\/radioljubuski.ba\/index.php\/wp-json\/wp\/v2\/media\/76084"}],"wp:attachment":[{"href":"https:\/\/radioljubuski.ba\/index.php\/wp-json\/wp\/v2\/media?parent=76083"}],"wp:term":[{"taxonomy":"category","embeddable":true,"href":"https:\/\/radioljubuski.ba\/index.php\/wp-json\/wp\/v2\/categories?post=76083"},{"taxonomy":"post_tag","embeddable":true,"href":"https:\/\/radioljubuski.ba\/index.php\/wp-json\/wp\/v2\/tags?post=76083"}],"curies":[{"name":"wp","href":"https:\/\/api.w.org\/{rel}","templated":true}]}}