{"id":76086,"date":"2021-10-15T16:05:58","date_gmt":"2021-10-15T15:05:58","guid":{"rendered":"https:\/\/radioljubuski.ba\/?p=76086"},"modified":"2021-10-15T16:06:01","modified_gmt":"2021-10-15T15:06:01","slug":"brazil-nadomak-katra-na-dobrom-putu-i-argentina","status":"publish","type":"post","link":"https:\/\/radioljubuski.ba\/index.php\/2021\/10\/15\/brazil-nadomak-katra-na-dobrom-putu-i-argentina\/","title":{"rendered":"Brazil nadomak Katra, na dobrom putu i Argentina"},"content":{"rendered":"\n<p><strong>Nogometa\u0161i Brazila prakti\u010dki su osigurali plasman na Svjetsko prvenstvo 2022. u Katru nakon \u0161to su odigrane dvije tre\u0107ine kvalifikacija u Ju\u017enoj Americi. U 12. kolu u Manausu svladali su Urugvaj s visokih 4-1 (2-0).<\/strong><\/p>\n\n\n\n<p>Brazil je poveo preko\u00a0<strong>Neymara\u00a0<\/strong>(10), da bi zatim\u00a0<strong>Raphinha\u00a0<\/strong>(18, 58) zabio dva gola i odveo doma\u0107e do nedosti\u017enih 3-0. Pred kraj utakmice je\u00a0<strong>Suarez\u00a0<\/strong>(77) prvo smanjio na 3-1, a\u00a0<strong>Gabriel Barbosa<\/strong>\u00a0(83) postavio kona\u010dnih 4-1.<br><br>Vode\u0107i Brazil sada ima 31 bod iz 11 utakmica, 15 vi\u0161e od petog Urugvaja koji je odigrao 12 utakmica. Budu\u0107i da \u0107e iz Ju\u017ene Amerike izravan plasman u Katar izboriti prve \u010detiri reprezentacije, Brazilu je u teoriji za osiguranje plasmana dovoljno osvojiti \u010detiri boda iz preostalih sedam susreta.<\/p>\n\n\n\n<blockquote class=\"twitter-tweet\"><p lang=\"en\" dir=\"ltr\">\ud83c\udf0e <a href=\"https:\/\/twitter.com\/CONMEBOL?ref_src=twsrc%5Etfw\">@CONMEBOL<\/a> leaders Brazil ease to victory in Manaus as Uruguay conclude a disappointing week \ud83c\udfc6<a href=\"https:\/\/twitter.com\/hashtag\/WorldCup?src=hash&amp;ref_src=twsrc%5Etfw\">#WorldCup<\/a> | <a href=\"https:\/\/twitter.com\/CBF_Futebol?ref_src=twsrc%5Etfw\">@CBF_Futebol<\/a> | <a href=\"https:\/\/twitter.com\/Uruguay?ref_src=twsrc%5Etfw\">@Uruguay<\/a> <a href=\"https:\/\/t.co\/dcuPrYjzuZ\">pic.twitter.com\/dcuPrYjzuZ<\/a><\/p>&mdash; FIFA World Cup (@FIFAWorldCup) <a href=\"https:\/\/twitter.com\/FIFAWorldCup\/status\/1448840206354845696?ref_src=twsrc%5Etfw\">October 15, 2021<\/a><\/blockquote> <script async src=\"https:\/\/platform.twitter.com\/widgets.js\" charset=\"utf-8\"><\/script>\n\n\n\n<p>Vrlo blizu plasmanu na Svjetsko prvenstvo stigla je i Argentina pobjedom od 1-0 (1-0) protiv Perua u Buenos Airesu. Strijelac jedinog gola bio je\u00a0<strong>Lautaro Martinez<\/strong>\u00a0(43).<br><br>Argentina je druga na ljestvici s 25 bodova, osam vi\u0161e od tre\u0107eg Ekvadora, a devet od \u010detvrte Kolumbije i petog Urugvaja, dok je Peru pretposljednji, deveti s 11 bodova.<\/p>\n\n\n\n<blockquote class=\"twitter-tweet\"><p lang=\"en\" dir=\"ltr\">A lone Lautaro Martinez strike gives <a href=\"https:\/\/twitter.com\/Argentina?ref_src=twsrc%5Etfw\">@Argentina<\/a> another win and consolidates their hold on second spot in <a href=\"https:\/\/twitter.com\/CONMEBOL?ref_src=twsrc%5Etfw\">@CONMEBOL<\/a> <a href=\"https:\/\/twitter.com\/hashtag\/WorldCup?src=hash&amp;ref_src=twsrc%5Etfw\">#WorldCup<\/a> | <a href=\"https:\/\/twitter.com\/SeleccionPeru?ref_src=twsrc%5Etfw\">@SeleccionPeru<\/a> <a href=\"https:\/\/t.co\/Bu2ZemzbFa\">pic.twitter.com\/Bu2ZemzbFa<\/a><\/p>&mdash; FIFA World Cup (@FIFAWorldCup) <a href=\"https:\/\/twitter.com\/FIFAWorldCup\/status\/1448826152928223234?ref_src=twsrc%5Etfw\">October 15, 2021<\/a><\/blockquote> <script async src=\"https:\/\/platform.twitter.com\/widgets.js\" charset=\"utf-8\"><\/script>\n\n\n\n<p>Kolumbija i Ekvador su u Barranquilli odigrali 0-0 pa je Ekvador zadr\u017eao bod prednosti ispred svog doma\u0107ina. U igru za plasman na SP vratio se i \u010cile sigurnom pobjedom od 3-0 (2-0) protiv Venezuele u Santiagu. Dvostruki strijelac bio je\u00a0<strong>Pulgar\u00a0<\/strong>(18, 37), a kona\u010dni rezultat postavio je\u00a0<strong>Brereton\u00a0<\/strong>(73).<br><br>\u0160esti \u010cile sada ima 13 bodova, dok je Venezuela na dnu sa sedam.<br><br>U \u010detvrtak je jo\u0161 Bolivija svladala Paragvaj s 4-0 (1-0) i sada obje te reprezentacije imaju po 12 bodova.<br><br>Iz Ju\u017ene Amerike plasman na SP izborit \u0107e prve \u010detiri reprezentacije dok \u0107e petoplasirana u dodatne interkontinentalne kvalifikacije.<\/p>\n\n\n\n<blockquote class=\"twitter-tweet\"><p lang=\"es\" dir=\"ltr\">\ud83c\udf0e A big week of <a href=\"https:\/\/twitter.com\/CONMEBOL?ref_src=twsrc%5Etfw\">@CONMEBOL<\/a> <a href=\"https:\/\/twitter.com\/hashtag\/WorldCup?src=hash&amp;ref_src=twsrc%5Etfw\">#WorldCup<\/a> qualifiers sees Brazil and Argentina remain unchallenged while Chile make progress \ud83c\udfc6<br><br>\ud83c\udde7\ud83c\uddf4 Bolivia 4-0 Paraguay \ud83c\uddf5\ud83c\uddfe<br>\ud83c\udde8\ud83c\uddf4 Colombia 0-0 Ecuador \ud83c\uddea\ud83c\udde8<br>\ud83c\udde6\ud83c\uddf7 Argentina 1-0 Peru \ud83c\uddf5\ud83c\uddea<br>\ud83c\udde8\ud83c\uddf1 Chile 3-0 Venezuela \ud83c\uddfb\ud83c\uddea<br>\ud83c\udde7\ud83c\uddf7 Brazil 4-1 Uruguay \ud83c\uddfa\ud83c\uddfe <a href=\"https:\/\/t.co\/7u4WBoH2zu\">pic.twitter.com\/7u4WBoH2zu<\/a><\/p>&mdash; FIFA World Cup (@FIFAWorldCup) <a href=\"https:\/\/twitter.com\/FIFAWorldCup\/status\/1448850746460368900?ref_src=twsrc%5Etfw\">October 15, 2021<\/a><\/blockquote> <script async src=\"https:\/\/platform.twitter.com\/widgets.js\" charset=\"utf-8\"><\/script>\n\n\n\n<p>Izvor:hrt.hr<\/p>\n","protected":false},"excerpt":{"rendered":"<p>Nogometa\u0161i Brazila prakti\u010dki su osigurali plasman na Svjetsko prvenstvo 2022. u Katru nakon \u0161to su odigrane dvije tre\u0107ine kvalifikacija u Ju\u017enoj Americi. U 12. kolu u Manausu svladali su Urugvaj s visokih 4-1 (2-0). Brazil je poveo preko\u00a0Neymara\u00a0(10), da bi zatim\u00a0Raphinha\u00a0(18, 58) zabio dva gola i odveo doma\u0107e do nedosti\u017enih 3-0. Pred kraj utakmice je\u00a0Suarez\u00a0(77) [&hellip;]<\/p>\n","protected":false},"author":2,"featured_media":76087,"comment_status":"closed","ping_status":"closed","sticky":false,"template":"","format":"standard","meta":{"h5ap_radio_sources":[],"footnotes":""},"categories":[7],"tags":[],"class_list":["post-76086","post","type-post","status-publish","format-standard","has-post-thumbnail","hentry","category-sport"],"yoast_head":"<!-- This site is optimized with the Yoast SEO plugin v27.4 - https:\/\/yoast.com\/product\/yoast-seo-wordpress\/ -->\n<title>Brazil nadomak Katra, na dobrom putu i Argentina - RADIO LJUBU\u0160KI<\/title>\n<meta name=\"robots\" content=\"index, follow, max-snippet:-1, max-image-preview:large, max-video-preview:-1\" \/>\n<link rel=\"canonical\" href=\"https:\/\/radioljubuski.ba\/index.php\/2021\/10\/15\/brazil-nadomak-katra-na-dobrom-putu-i-argentina\/\" \/>\n<meta property=\"og:locale\" content=\"hr_HR\" \/>\n<meta property=\"og:type\" content=\"article\" \/>\n<meta property=\"og:title\" content=\"Brazil nadomak Katra, na dobrom putu i Argentina - RADIO LJUBU\u0160KI\" \/>\n<meta property=\"og:description\" content=\"Nogometa\u0161i Brazila prakti\u010dki su osigurali plasman na Svjetsko prvenstvo 2022. u Katru nakon \u0161to su odigrane dvije tre\u0107ine kvalifikacija u Ju\u017enoj Americi. U 12. kolu u Manausu svladali su Urugvaj s visokih 4-1 (2-0). Brazil je poveo preko\u00a0Neymara\u00a0(10), da bi zatim\u00a0Raphinha\u00a0(18, 58) zabio dva gola i odveo doma\u0107e do nedosti\u017enih 3-0. Pred kraj utakmice je\u00a0Suarez\u00a0(77) [&hellip;]\" \/>\n<meta property=\"og:url\" content=\"https:\/\/radioljubuski.ba\/index.php\/2021\/10\/15\/brazil-nadomak-katra-na-dobrom-putu-i-argentina\/\" \/>\n<meta property=\"og:site_name\" content=\"RADIO LJUBU\u0160KI\" \/>\n<meta property=\"article:publisher\" content=\"https:\/\/www.facebook.com\/Radiio-Ljubuski-1490835324566332\" \/>\n<meta property=\"article:published_time\" content=\"2021-10-15T15:05:58+00:00\" \/>\n<meta property=\"article:modified_time\" content=\"2021-10-15T15:06:01+00:00\" \/>\n<meta property=\"og:image\" content=\"https:\/\/radioljubuski.ba\/wp-content\/uploads\/2021\/10\/preuzmi-2-14.jpg\" \/>\n\t<meta property=\"og:image:width\" content=\"294\" \/>\n\t<meta property=\"og:image:height\" content=\"172\" \/>\n\t<meta property=\"og:image:type\" content=\"image\/jpeg\" \/>\n<meta name=\"author\" content=\"Radio Ljubu\u0161ki\" \/>\n<meta name=\"twitter:card\" content=\"summary_large_image\" \/>\n<meta name=\"twitter:creator\" content=\"@radioljubuski\" \/>\n<meta name=\"twitter:site\" content=\"@radioljubuski\" \/>\n<meta name=\"twitter:label1\" content=\"Napisao\/la\" \/>\n\t<meta name=\"twitter:data1\" content=\"Radio Ljubu\u0161ki\" \/>\n\t<meta name=\"twitter:label2\" content=\"Procijenjeno vrijeme \u010ditanja\" \/>\n\t<meta name=\"twitter:data2\" content=\"2 minute\" \/>\n<script type=\"application\/ld+json\" class=\"yoast-schema-graph\">{\"@context\":\"https:\\\/\\\/schema.org\",\"@graph\":[{\"@type\":\"Article\",\"@id\":\"https:\\\/\\\/radioljubuski.ba\\\/index.php\\\/2021\\\/10\\\/15\\\/brazil-nadomak-katra-na-dobrom-putu-i-argentina\\\/#article\",\"isPartOf\":{\"@id\":\"https:\\\/\\\/radioljubuski.ba\\\/index.php\\\/2021\\\/10\\\/15\\\/brazil-nadomak-katra-na-dobrom-putu-i-argentina\\\/\"},\"author\":{\"name\":\"Radio Ljubu\u0161ki\",\"@id\":\"https:\\\/\\\/radioljubuski.ba\\\/#\\\/schema\\\/person\\\/19fc700381a780f69665d7956c469e3b\"},\"headline\":\"Brazil nadomak Katra, na dobrom putu i Argentina\",\"datePublished\":\"2021-10-15T15:05:58+00:00\",\"dateModified\":\"2021-10-15T15:06:01+00:00\",\"mainEntityOfPage\":{\"@id\":\"https:\\\/\\\/radioljubuski.ba\\\/index.php\\\/2021\\\/10\\\/15\\\/brazil-nadomak-katra-na-dobrom-putu-i-argentina\\\/\"},\"wordCount\":388,\"publisher\":{\"@id\":\"https:\\\/\\\/radioljubuski.ba\\\/#organization\"},\"image\":{\"@id\":\"https:\\\/\\\/radioljubuski.ba\\\/index.php\\\/2021\\\/10\\\/15\\\/brazil-nadomak-katra-na-dobrom-putu-i-argentina\\\/#primaryimage\"},\"thumbnailUrl\":\"https:\\\/\\\/radioljubuski.ba\\\/wp-content\\\/uploads\\\/2021\\\/10\\\/preuzmi-2-14.jpg\",\"articleSection\":[\"\u0160port\"],\"inLanguage\":\"hr\"},{\"@type\":\"WebPage\",\"@id\":\"https:\\\/\\\/radioljubuski.ba\\\/index.php\\\/2021\\\/10\\\/15\\\/brazil-nadomak-katra-na-dobrom-putu-i-argentina\\\/\",\"url\":\"https:\\\/\\\/radioljubuski.ba\\\/index.php\\\/2021\\\/10\\\/15\\\/brazil-nadomak-katra-na-dobrom-putu-i-argentina\\\/\",\"name\":\"Brazil nadomak Katra, na dobrom putu i Argentina - RADIO LJUBU\u0160KI\",\"isPartOf\":{\"@id\":\"https:\\\/\\\/radioljubuski.ba\\\/#website\"},\"primaryImageOfPage\":{\"@id\":\"https:\\\/\\\/radioljubuski.ba\\\/index.php\\\/2021\\\/10\\\/15\\\/brazil-nadomak-katra-na-dobrom-putu-i-argentina\\\/#primaryimage\"},\"image\":{\"@id\":\"https:\\\/\\\/radioljubuski.ba\\\/index.php\\\/2021\\\/10\\\/15\\\/brazil-nadomak-katra-na-dobrom-putu-i-argentina\\\/#primaryimage\"},\"thumbnailUrl\":\"https:\\\/\\\/radioljubuski.ba\\\/wp-content\\\/uploads\\\/2021\\\/10\\\/preuzmi-2-14.jpg\",\"datePublished\":\"2021-10-15T15:05:58+00:00\",\"dateModified\":\"2021-10-15T15:06:01+00:00\",\"breadcrumb\":{\"@id\":\"https:\\\/\\\/radioljubuski.ba\\\/index.php\\\/2021\\\/10\\\/15\\\/brazil-nadomak-katra-na-dobrom-putu-i-argentina\\\/#breadcrumb\"},\"inLanguage\":\"hr\",\"potentialAction\":[{\"@type\":\"ReadAction\",\"target\":[\"https:\\\/\\\/radioljubuski.ba\\\/index.php\\\/2021\\\/10\\\/15\\\/brazil-nadomak-katra-na-dobrom-putu-i-argentina\\\/\"]}]},{\"@type\":\"ImageObject\",\"inLanguage\":\"hr\",\"@id\":\"https:\\\/\\\/radioljubuski.ba\\\/index.php\\\/2021\\\/10\\\/15\\\/brazil-nadomak-katra-na-dobrom-putu-i-argentina\\\/#primaryimage\",\"url\":\"https:\\\/\\\/radioljubuski.ba\\\/wp-content\\\/uploads\\\/2021\\\/10\\\/preuzmi-2-14.jpg\",\"contentUrl\":\"https:\\\/\\\/radioljubuski.ba\\\/wp-content\\\/uploads\\\/2021\\\/10\\\/preuzmi-2-14.jpg\",\"width\":294,\"height\":172},{\"@type\":\"BreadcrumbList\",\"@id\":\"https:\\\/\\\/radioljubuski.ba\\\/index.php\\\/2021\\\/10\\\/15\\\/brazil-nadomak-katra-na-dobrom-putu-i-argentina\\\/#breadcrumb\",\"itemListElement\":[{\"@type\":\"ListItem\",\"position\":1,\"name\":\"Po\u010detna stranica\",\"item\":\"https:\\\/\\\/radioljubuski.ba\\\/\"},{\"@type\":\"ListItem\",\"position\":2,\"name\":\"Brazil nadomak Katra, na dobrom putu i Argentina\"}]},{\"@type\":\"WebSite\",\"@id\":\"https:\\\/\\\/radioljubuski.ba\\\/#website\",\"url\":\"https:\\\/\\\/radioljubuski.ba\\\/\",\"name\":\"Radio Ljubu\u0161ki\",\"description\":\"Sun\u010dana frekvencija Hercegovine\",\"publisher\":{\"@id\":\"https:\\\/\\\/radioljubuski.ba\\\/#organization\"},\"potentialAction\":[{\"@type\":\"SearchAction\",\"target\":{\"@type\":\"EntryPoint\",\"urlTemplate\":\"https:\\\/\\\/radioljubuski.ba\\\/?s={search_term_string}\"},\"query-input\":{\"@type\":\"PropertyValueSpecification\",\"valueRequired\":true,\"valueName\":\"search_term_string\"}}],\"inLanguage\":\"hr\"},{\"@type\":\"Organization\",\"@id\":\"https:\\\/\\\/radioljubuski.ba\\\/#organization\",\"name\":\"Radio Ljubu\u0161ki\",\"url\":\"https:\\\/\\\/radioljubuski.ba\\\/\",\"logo\":{\"@type\":\"ImageObject\",\"inLanguage\":\"hr\",\"@id\":\"https:\\\/\\\/radioljubuski.ba\\\/#\\\/schema\\\/logo\\\/image\\\/\",\"url\":\"https:\\\/\\\/radioljubuski.ba\\\/wp-content\\\/uploads\\\/2021\\\/02\\\/cropped-Radio_Ljubuski_logo1.jpg\",\"contentUrl\":\"https:\\\/\\\/radioljubuski.ba\\\/wp-content\\\/uploads\\\/2021\\\/02\\\/cropped-Radio_Ljubuski_logo1.jpg\",\"width\":512,\"height\":512,\"caption\":\"Radio Ljubu\u0161ki\"},\"image\":{\"@id\":\"https:\\\/\\\/radioljubuski.ba\\\/#\\\/schema\\\/logo\\\/image\\\/\"},\"sameAs\":[\"https:\\\/\\\/www.facebook.com\\\/Radiio-Ljubuski-1490835324566332\",\"https:\\\/\\\/x.com\\\/radioljubuski\",\"https:\\\/\\\/hr.linkedin.com\\\/company\\\/radio-ljubuski\",\"https:\\\/\\\/www.youtube.com\\\/channel\\\/UCHYaeO_n0Db3tjNGudGpXyw\"]},{\"@type\":\"Person\",\"@id\":\"https:\\\/\\\/radioljubuski.ba\\\/#\\\/schema\\\/person\\\/19fc700381a780f69665d7956c469e3b\",\"name\":\"Radio Ljubu\u0161ki\"}]}<\/script>\n<!-- \/ Yoast SEO plugin. -->","yoast_head_json":{"title":"Brazil nadomak Katra, na dobrom putu i Argentina - RADIO LJUBU\u0160KI","robots":{"index":"index","follow":"follow","max-snippet":"max-snippet:-1","max-image-preview":"max-image-preview:large","max-video-preview":"max-video-preview:-1"},"canonical":"https:\/\/radioljubuski.ba\/index.php\/2021\/10\/15\/brazil-nadomak-katra-na-dobrom-putu-i-argentina\/","og_locale":"hr_HR","og_type":"article","og_title":"Brazil nadomak Katra, na dobrom putu i Argentina - RADIO LJUBU\u0160KI","og_description":"Nogometa\u0161i Brazila prakti\u010dki su osigurali plasman na Svjetsko prvenstvo 2022. u Katru nakon \u0161to su odigrane dvije tre\u0107ine kvalifikacija u Ju\u017enoj Americi. U 12. kolu u Manausu svladali su Urugvaj s visokih 4-1 (2-0). Brazil je poveo preko\u00a0Neymara\u00a0(10), da bi zatim\u00a0Raphinha\u00a0(18, 58) zabio dva gola i odveo doma\u0107e do nedosti\u017enih 3-0. Pred kraj utakmice je\u00a0Suarez\u00a0(77) [&hellip;]","og_url":"https:\/\/radioljubuski.ba\/index.php\/2021\/10\/15\/brazil-nadomak-katra-na-dobrom-putu-i-argentina\/","og_site_name":"RADIO LJUBU\u0160KI","article_publisher":"https:\/\/www.facebook.com\/Radiio-Ljubuski-1490835324566332","article_published_time":"2021-10-15T15:05:58+00:00","article_modified_time":"2021-10-15T15:06:01+00:00","og_image":[{"width":294,"height":172,"url":"https:\/\/radioljubuski.ba\/wp-content\/uploads\/2021\/10\/preuzmi-2-14.jpg","type":"image\/jpeg"}],"author":"Radio Ljubu\u0161ki","twitter_card":"summary_large_image","twitter_creator":"@radioljubuski","twitter_site":"@radioljubuski","twitter_misc":{"Napisao\/la":"Radio Ljubu\u0161ki","Procijenjeno vrijeme \u010ditanja":"2 minute"},"schema":{"@context":"https:\/\/schema.org","@graph":[{"@type":"Article","@id":"https:\/\/radioljubuski.ba\/index.php\/2021\/10\/15\/brazil-nadomak-katra-na-dobrom-putu-i-argentina\/#article","isPartOf":{"@id":"https:\/\/radioljubuski.ba\/index.php\/2021\/10\/15\/brazil-nadomak-katra-na-dobrom-putu-i-argentina\/"},"author":{"name":"Radio Ljubu\u0161ki","@id":"https:\/\/radioljubuski.ba\/#\/schema\/person\/19fc700381a780f69665d7956c469e3b"},"headline":"Brazil nadomak Katra, na dobrom putu i Argentina","datePublished":"2021-10-15T15:05:58+00:00","dateModified":"2021-10-15T15:06:01+00:00","mainEntityOfPage":{"@id":"https:\/\/radioljubuski.ba\/index.php\/2021\/10\/15\/brazil-nadomak-katra-na-dobrom-putu-i-argentina\/"},"wordCount":388,"publisher":{"@id":"https:\/\/radioljubuski.ba\/#organization"},"image":{"@id":"https:\/\/radioljubuski.ba\/index.php\/2021\/10\/15\/brazil-nadomak-katra-na-dobrom-putu-i-argentina\/#primaryimage"},"thumbnailUrl":"https:\/\/radioljubuski.ba\/wp-content\/uploads\/2021\/10\/preuzmi-2-14.jpg","articleSection":["\u0160port"],"inLanguage":"hr"},{"@type":"WebPage","@id":"https:\/\/radioljubuski.ba\/index.php\/2021\/10\/15\/brazil-nadomak-katra-na-dobrom-putu-i-argentina\/","url":"https:\/\/radioljubuski.ba\/index.php\/2021\/10\/15\/brazil-nadomak-katra-na-dobrom-putu-i-argentina\/","name":"Brazil nadomak Katra, na dobrom putu i Argentina - RADIO LJUBU\u0160KI","isPartOf":{"@id":"https:\/\/radioljubuski.ba\/#website"},"primaryImageOfPage":{"@id":"https:\/\/radioljubuski.ba\/index.php\/2021\/10\/15\/brazil-nadomak-katra-na-dobrom-putu-i-argentina\/#primaryimage"},"image":{"@id":"https:\/\/radioljubuski.ba\/index.php\/2021\/10\/15\/brazil-nadomak-katra-na-dobrom-putu-i-argentina\/#primaryimage"},"thumbnailUrl":"https:\/\/radioljubuski.ba\/wp-content\/uploads\/2021\/10\/preuzmi-2-14.jpg","datePublished":"2021-10-15T15:05:58+00:00","dateModified":"2021-10-15T15:06:01+00:00","breadcrumb":{"@id":"https:\/\/radioljubuski.ba\/index.php\/2021\/10\/15\/brazil-nadomak-katra-na-dobrom-putu-i-argentina\/#breadcrumb"},"inLanguage":"hr","potentialAction":[{"@type":"ReadAction","target":["https:\/\/radioljubuski.ba\/index.php\/2021\/10\/15\/brazil-nadomak-katra-na-dobrom-putu-i-argentina\/"]}]},{"@type":"ImageObject","inLanguage":"hr","@id":"https:\/\/radioljubuski.ba\/index.php\/2021\/10\/15\/brazil-nadomak-katra-na-dobrom-putu-i-argentina\/#primaryimage","url":"https:\/\/radioljubuski.ba\/wp-content\/uploads\/2021\/10\/preuzmi-2-14.jpg","contentUrl":"https:\/\/radioljubuski.ba\/wp-content\/uploads\/2021\/10\/preuzmi-2-14.jpg","width":294,"height":172},{"@type":"BreadcrumbList","@id":"https:\/\/radioljubuski.ba\/index.php\/2021\/10\/15\/brazil-nadomak-katra-na-dobrom-putu-i-argentina\/#breadcrumb","itemListElement":[{"@type":"ListItem","position":1,"name":"Po\u010detna stranica","item":"https:\/\/radioljubuski.ba\/"},{"@type":"ListItem","position":2,"name":"Brazil nadomak Katra, na dobrom putu i Argentina"}]},{"@type":"WebSite","@id":"https:\/\/radioljubuski.ba\/#website","url":"https:\/\/radioljubuski.ba\/","name":"Radio Ljubu\u0161ki","description":"Sun\u010dana frekvencija Hercegovine","publisher":{"@id":"https:\/\/radioljubuski.ba\/#organization"},"potentialAction":[{"@type":"SearchAction","target":{"@type":"EntryPoint","urlTemplate":"https:\/\/radioljubuski.ba\/?s={search_term_string}"},"query-input":{"@type":"PropertyValueSpecification","valueRequired":true,"valueName":"search_term_string"}}],"inLanguage":"hr"},{"@type":"Organization","@id":"https:\/\/radioljubuski.ba\/#organization","name":"Radio Ljubu\u0161ki","url":"https:\/\/radioljubuski.ba\/","logo":{"@type":"ImageObject","inLanguage":"hr","@id":"https:\/\/radioljubuski.ba\/#\/schema\/logo\/image\/","url":"https:\/\/radioljubuski.ba\/wp-content\/uploads\/2021\/02\/cropped-Radio_Ljubuski_logo1.jpg","contentUrl":"https:\/\/radioljubuski.ba\/wp-content\/uploads\/2021\/02\/cropped-Radio_Ljubuski_logo1.jpg","width":512,"height":512,"caption":"Radio Ljubu\u0161ki"},"image":{"@id":"https:\/\/radioljubuski.ba\/#\/schema\/logo\/image\/"},"sameAs":["https:\/\/www.facebook.com\/Radiio-Ljubuski-1490835324566332","https:\/\/x.com\/radioljubuski","https:\/\/hr.linkedin.com\/company\/radio-ljubuski","https:\/\/www.youtube.com\/channel\/UCHYaeO_n0Db3tjNGudGpXyw"]},{"@type":"Person","@id":"https:\/\/radioljubuski.ba\/#\/schema\/person\/19fc700381a780f69665d7956c469e3b","name":"Radio Ljubu\u0161ki"}]}},"_links":{"self":[{"href":"https:\/\/radioljubuski.ba\/index.php\/wp-json\/wp\/v2\/posts\/76086","targetHints":{"allow":["GET"]}}],"collection":[{"href":"https:\/\/radioljubuski.ba\/index.php\/wp-json\/wp\/v2\/posts"}],"about":[{"href":"https:\/\/radioljubuski.ba\/index.php\/wp-json\/wp\/v2\/types\/post"}],"author":[{"embeddable":true,"href":"https:\/\/radioljubuski.ba\/index.php\/wp-json\/wp\/v2\/users\/2"}],"replies":[{"embeddable":true,"href":"https:\/\/radioljubuski.ba\/index.php\/wp-json\/wp\/v2\/comments?post=76086"}],"version-history":[{"count":1,"href":"https:\/\/radioljubuski.ba\/index.php\/wp-json\/wp\/v2\/posts\/76086\/revisions"}],"predecessor-version":[{"id":76088,"href":"https:\/\/radioljubuski.ba\/index.php\/wp-json\/wp\/v2\/posts\/76086\/revisions\/76088"}],"wp:featuredmedia":[{"embeddable":true,"href":"https:\/\/radioljubuski.ba\/index.php\/wp-json\/wp\/v2\/media\/76087"}],"wp:attachment":[{"href":"https:\/\/radioljubuski.ba\/index.php\/wp-json\/wp\/v2\/media?parent=76086"}],"wp:term":[{"taxonomy":"category","embeddable":true,"href":"https:\/\/radioljubuski.ba\/index.php\/wp-json\/wp\/v2\/categories?post=76086"},{"taxonomy":"post_tag","embeddable":true,"href":"https:\/\/radioljubuski.ba\/index.php\/wp-json\/wp\/v2\/tags?post=76086"}],"curies":[{"name":"wp","href":"https:\/\/api.w.org\/{rel}","templated":true}]}}