{"id":76092,"date":"2021-10-15T16:10:42","date_gmt":"2021-10-15T15:10:42","guid":{"rendered":"https:\/\/radioljubuski.ba\/?p=76092"},"modified":"2021-10-15T16:10:43","modified_gmt":"2021-10-15T15:10:43","slug":"afganistanski-nogometasi-i-nogometasice-prebjegli-u-katar","status":"publish","type":"post","link":"https:\/\/radioljubuski.ba\/index.php\/2021\/10\/15\/afganistanski-nogometasi-i-nogometasice-prebjegli-u-katar\/","title":{"rendered":"Afganistanski nogometa\u0161i i nogometa\u0161ice prebjegli u Katar"},"content":{"rendered":"\n<p><strong>Oko stotinu afganistanskih nogometa\u0161a, nogometa\u0161ica i njihovih obitelji doputovali su letom iz Kabula u Dohu, objavio je pomo\u0107nik katarskog ministra vanjskih poslova Lolwah Alkhater, a potvrdila i FIFA.<\/strong><\/p>\n\n\n\n<p>&#8211; Osmi putni\u010dki let iz Kabula upravo je stigao u Katar. Na letu je i oko 100 nogometa\u0161a i njihovih obitelji, uklju\u010duju\u0107i i igra\u010dice, napisao je Alkhater na Twitteru.<br><br>Talibani su 15. kolovoza preuzeli vlast u Afganistanu, nakon \u010dega su uslijedile masovne evakuacije iz Kabula.<br><br>Britanski mediji izvijestili su da je najmanje 20 \u010dlanova afganistanske \u017eenske nogometne ekipe me\u0111u onima koji su bili na letu i da je FIFA usko sura\u0111ivala s katarskom vladom na koordinaciji dolaska sporta\u0161a.<\/p>\n\n\n\n<blockquote class=\"twitter-tweet\"><p lang=\"en\" dir=\"ltr\">The 8th passengers flight from Kabul just arrived in Qatar. This is the biggest flight thus far with 357 passengers on board and for the first time we have citizens from New Zealand \ud83c\uddf3\ud83c\uddff. Also around 100 footballers &amp; their families including female players are on board \ud83d\ude4f\ud83c\udffc <a href=\"https:\/\/t.co\/93ehot2urN\">pic.twitter.com\/93ehot2urN<\/a><\/p>&mdash; \u0644\u0648\u0644\u0648\u0629 \u0627\u0644\u062e\u0627\u0637\u0631 Lolwah Alkhater (@Lolwah_Alkhater) <a href=\"https:\/\/twitter.com\/Lolwah_Alkhater\/status\/1448711817832902660?ref_src=twsrc%5Etfw\">October 14, 2021<\/a><\/blockquote> <script async src=\"https:\/\/platform.twitter.com\/widgets.js\" charset=\"utf-8\"><\/script>\n\n\n\n<p>FIFA je u kolovozu priop\u0107ila kako pregovara o iznimno zahtjevnoj evakuaciji nogometa\u0161a i drugih sporta\u0161a iz Afganistana nakon preuzimanja vlasti od strane talibana.<\/p>\n\n\n\n<blockquote class=\"twitter-tweet\"><p lang=\"en\" dir=\"ltr\">FIFA assists evacuation of refugees from Afghanistan <a href=\"https:\/\/t.co\/tUDs7hPqid\">https:\/\/t.co\/tUDs7hPqid<\/a><\/p>&mdash; FIFA Media (@fifamedia) <a href=\"https:\/\/twitter.com\/fifamedia\/status\/1448924712969572362?ref_src=twsrc%5Etfw\">October 15, 2021<\/a><\/blockquote> <script async src=\"https:\/\/platform.twitter.com\/widgets.js\" charset=\"utf-8\"><\/script>\n\n\n\n<p>Me\u0111unarodni biciklisti\u010dki savez (UCI) priop\u0107io je u ponedjeljak da je pomogao u evakuaciji 165 izbjeglica iz Afganistana, me\u0111u kojima su bile i \u017eene biciklistice.<br><br>Australija je u kolovozu evakuirala vi\u0161e od 50 afganistanskih sporta\u0161ica i \u010dlanova njihovih obitelji, dok je nekoliko igra\u010dica iz mlade afganistanske nacionalne nogometne ekipe dobilo azil u Portugalu.<\/p>\n\n\n\n<p>Izvor:hrt.hr<\/p>\n","protected":false},"excerpt":{"rendered":"<p>Oko stotinu afganistanskih nogometa\u0161a, nogometa\u0161ica i njihovih obitelji doputovali su letom iz Kabula u Dohu, objavio je pomo\u0107nik katarskog ministra vanjskih poslova Lolwah Alkhater, a potvrdila i FIFA. &#8211; Osmi putni\u010dki let iz Kabula upravo je stigao u Katar. Na letu je i oko 100 nogometa\u0161a i njihovih obitelji, uklju\u010duju\u0107i i igra\u010dice, napisao je Alkhater [&hellip;]<\/p>\n","protected":false},"author":2,"featured_media":76093,"comment_status":"closed","ping_status":"closed","sticky":false,"template":"","format":"standard","meta":{"h5ap_radio_sources":[],"footnotes":""},"categories":[7],"tags":[],"class_list":["post-76092","post","type-post","status-publish","format-standard","has-post-thumbnail","hentry","category-sport"],"yoast_head":"<!-- This site is optimized with the Yoast SEO plugin v27.4 - https:\/\/yoast.com\/product\/yoast-seo-wordpress\/ -->\n<title>Afganistanski nogometa\u0161i i nogometa\u0161ice prebjegli u Katar - RADIO LJUBU\u0160KI<\/title>\n<meta name=\"robots\" content=\"index, follow, max-snippet:-1, max-image-preview:large, max-video-preview:-1\" \/>\n<link rel=\"canonical\" href=\"https:\/\/radioljubuski.ba\/index.php\/2021\/10\/15\/afganistanski-nogometasi-i-nogometasice-prebjegli-u-katar\/\" \/>\n<meta property=\"og:locale\" content=\"hr_HR\" \/>\n<meta property=\"og:type\" content=\"article\" \/>\n<meta property=\"og:title\" content=\"Afganistanski nogometa\u0161i i nogometa\u0161ice prebjegli u Katar - RADIO LJUBU\u0160KI\" \/>\n<meta property=\"og:description\" content=\"Oko stotinu afganistanskih nogometa\u0161a, nogometa\u0161ica i njihovih obitelji doputovali su letom iz Kabula u Dohu, objavio je pomo\u0107nik katarskog ministra vanjskih poslova Lolwah Alkhater, a potvrdila i FIFA. &#8211; Osmi putni\u010dki let iz Kabula upravo je stigao u Katar. Na letu je i oko 100 nogometa\u0161a i njihovih obitelji, uklju\u010duju\u0107i i igra\u010dice, napisao je Alkhater [&hellip;]\" \/>\n<meta property=\"og:url\" content=\"https:\/\/radioljubuski.ba\/index.php\/2021\/10\/15\/afganistanski-nogometasi-i-nogometasice-prebjegli-u-katar\/\" \/>\n<meta property=\"og:site_name\" content=\"RADIO LJUBU\u0160KI\" \/>\n<meta property=\"article:publisher\" content=\"https:\/\/www.facebook.com\/Radiio-Ljubuski-1490835324566332\" \/>\n<meta property=\"article:published_time\" content=\"2021-10-15T15:10:42+00:00\" \/>\n<meta property=\"article:modified_time\" content=\"2021-10-15T15:10:43+00:00\" \/>\n<meta property=\"og:image\" content=\"https:\/\/radioljubuski.ba\/wp-content\/uploads\/2021\/10\/w_50109978.jpg\" \/>\n\t<meta property=\"og:image:width\" content=\"770\" \/>\n\t<meta property=\"og:image:height\" content=\"513\" \/>\n\t<meta property=\"og:image:type\" content=\"image\/jpeg\" \/>\n<meta name=\"author\" content=\"Radio Ljubu\u0161ki\" \/>\n<meta name=\"twitter:card\" content=\"summary_large_image\" \/>\n<meta name=\"twitter:creator\" content=\"@radioljubuski\" \/>\n<meta name=\"twitter:site\" content=\"@radioljubuski\" \/>\n<meta name=\"twitter:label1\" content=\"Napisao\/la\" \/>\n\t<meta name=\"twitter:data1\" content=\"Radio Ljubu\u0161ki\" \/>\n\t<meta name=\"twitter:label2\" content=\"Procijenjeno vrijeme \u010ditanja\" \/>\n\t<meta name=\"twitter:data2\" content=\"2 minute\" \/>\n<script type=\"application\/ld+json\" class=\"yoast-schema-graph\">{\"@context\":\"https:\\\/\\\/schema.org\",\"@graph\":[{\"@type\":\"Article\",\"@id\":\"https:\\\/\\\/radioljubuski.ba\\\/index.php\\\/2021\\\/10\\\/15\\\/afganistanski-nogometasi-i-nogometasice-prebjegli-u-katar\\\/#article\",\"isPartOf\":{\"@id\":\"https:\\\/\\\/radioljubuski.ba\\\/index.php\\\/2021\\\/10\\\/15\\\/afganistanski-nogometasi-i-nogometasice-prebjegli-u-katar\\\/\"},\"author\":{\"name\":\"Radio Ljubu\u0161ki\",\"@id\":\"https:\\\/\\\/radioljubuski.ba\\\/#\\\/schema\\\/person\\\/19fc700381a780f69665d7956c469e3b\"},\"headline\":\"Afganistanski nogometa\u0161i i nogometa\u0161ice prebjegli u Katar\",\"datePublished\":\"2021-10-15T15:10:42+00:00\",\"dateModified\":\"2021-10-15T15:10:43+00:00\",\"mainEntityOfPage\":{\"@id\":\"https:\\\/\\\/radioljubuski.ba\\\/index.php\\\/2021\\\/10\\\/15\\\/afganistanski-nogometasi-i-nogometasice-prebjegli-u-katar\\\/\"},\"wordCount\":281,\"publisher\":{\"@id\":\"https:\\\/\\\/radioljubuski.ba\\\/#organization\"},\"image\":{\"@id\":\"https:\\\/\\\/radioljubuski.ba\\\/index.php\\\/2021\\\/10\\\/15\\\/afganistanski-nogometasi-i-nogometasice-prebjegli-u-katar\\\/#primaryimage\"},\"thumbnailUrl\":\"https:\\\/\\\/radioljubuski.ba\\\/wp-content\\\/uploads\\\/2021\\\/10\\\/w_50109978.jpg\",\"articleSection\":[\"\u0160port\"],\"inLanguage\":\"hr\"},{\"@type\":\"WebPage\",\"@id\":\"https:\\\/\\\/radioljubuski.ba\\\/index.php\\\/2021\\\/10\\\/15\\\/afganistanski-nogometasi-i-nogometasice-prebjegli-u-katar\\\/\",\"url\":\"https:\\\/\\\/radioljubuski.ba\\\/index.php\\\/2021\\\/10\\\/15\\\/afganistanski-nogometasi-i-nogometasice-prebjegli-u-katar\\\/\",\"name\":\"Afganistanski nogometa\u0161i i nogometa\u0161ice prebjegli u Katar - RADIO LJUBU\u0160KI\",\"isPartOf\":{\"@id\":\"https:\\\/\\\/radioljubuski.ba\\\/#website\"},\"primaryImageOfPage\":{\"@id\":\"https:\\\/\\\/radioljubuski.ba\\\/index.php\\\/2021\\\/10\\\/15\\\/afganistanski-nogometasi-i-nogometasice-prebjegli-u-katar\\\/#primaryimage\"},\"image\":{\"@id\":\"https:\\\/\\\/radioljubuski.ba\\\/index.php\\\/2021\\\/10\\\/15\\\/afganistanski-nogometasi-i-nogometasice-prebjegli-u-katar\\\/#primaryimage\"},\"thumbnailUrl\":\"https:\\\/\\\/radioljubuski.ba\\\/wp-content\\\/uploads\\\/2021\\\/10\\\/w_50109978.jpg\",\"datePublished\":\"2021-10-15T15:10:42+00:00\",\"dateModified\":\"2021-10-15T15:10:43+00:00\",\"breadcrumb\":{\"@id\":\"https:\\\/\\\/radioljubuski.ba\\\/index.php\\\/2021\\\/10\\\/15\\\/afganistanski-nogometasi-i-nogometasice-prebjegli-u-katar\\\/#breadcrumb\"},\"inLanguage\":\"hr\",\"potentialAction\":[{\"@type\":\"ReadAction\",\"target\":[\"https:\\\/\\\/radioljubuski.ba\\\/index.php\\\/2021\\\/10\\\/15\\\/afganistanski-nogometasi-i-nogometasice-prebjegli-u-katar\\\/\"]}]},{\"@type\":\"ImageObject\",\"inLanguage\":\"hr\",\"@id\":\"https:\\\/\\\/radioljubuski.ba\\\/index.php\\\/2021\\\/10\\\/15\\\/afganistanski-nogometasi-i-nogometasice-prebjegli-u-katar\\\/#primaryimage\",\"url\":\"https:\\\/\\\/radioljubuski.ba\\\/wp-content\\\/uploads\\\/2021\\\/10\\\/w_50109978.jpg\",\"contentUrl\":\"https:\\\/\\\/radioljubuski.ba\\\/wp-content\\\/uploads\\\/2021\\\/10\\\/w_50109978.jpg\",\"width\":770,\"height\":513},{\"@type\":\"BreadcrumbList\",\"@id\":\"https:\\\/\\\/radioljubuski.ba\\\/index.php\\\/2021\\\/10\\\/15\\\/afganistanski-nogometasi-i-nogometasice-prebjegli-u-katar\\\/#breadcrumb\",\"itemListElement\":[{\"@type\":\"ListItem\",\"position\":1,\"name\":\"Po\u010detna stranica\",\"item\":\"https:\\\/\\\/radioljubuski.ba\\\/\"},{\"@type\":\"ListItem\",\"position\":2,\"name\":\"Afganistanski nogometa\u0161i i nogometa\u0161ice prebjegli u Katar\"}]},{\"@type\":\"WebSite\",\"@id\":\"https:\\\/\\\/radioljubuski.ba\\\/#website\",\"url\":\"https:\\\/\\\/radioljubuski.ba\\\/\",\"name\":\"Radio Ljubu\u0161ki\",\"description\":\"Sun\u010dana frekvencija Hercegovine\",\"publisher\":{\"@id\":\"https:\\\/\\\/radioljubuski.ba\\\/#organization\"},\"potentialAction\":[{\"@type\":\"SearchAction\",\"target\":{\"@type\":\"EntryPoint\",\"urlTemplate\":\"https:\\\/\\\/radioljubuski.ba\\\/?s={search_term_string}\"},\"query-input\":{\"@type\":\"PropertyValueSpecification\",\"valueRequired\":true,\"valueName\":\"search_term_string\"}}],\"inLanguage\":\"hr\"},{\"@type\":\"Organization\",\"@id\":\"https:\\\/\\\/radioljubuski.ba\\\/#organization\",\"name\":\"Radio Ljubu\u0161ki\",\"url\":\"https:\\\/\\\/radioljubuski.ba\\\/\",\"logo\":{\"@type\":\"ImageObject\",\"inLanguage\":\"hr\",\"@id\":\"https:\\\/\\\/radioljubuski.ba\\\/#\\\/schema\\\/logo\\\/image\\\/\",\"url\":\"https:\\\/\\\/radioljubuski.ba\\\/wp-content\\\/uploads\\\/2021\\\/02\\\/cropped-Radio_Ljubuski_logo1.jpg\",\"contentUrl\":\"https:\\\/\\\/radioljubuski.ba\\\/wp-content\\\/uploads\\\/2021\\\/02\\\/cropped-Radio_Ljubuski_logo1.jpg\",\"width\":512,\"height\":512,\"caption\":\"Radio Ljubu\u0161ki\"},\"image\":{\"@id\":\"https:\\\/\\\/radioljubuski.ba\\\/#\\\/schema\\\/logo\\\/image\\\/\"},\"sameAs\":[\"https:\\\/\\\/www.facebook.com\\\/Radiio-Ljubuski-1490835324566332\",\"https:\\\/\\\/x.com\\\/radioljubuski\",\"https:\\\/\\\/hr.linkedin.com\\\/company\\\/radio-ljubuski\",\"https:\\\/\\\/www.youtube.com\\\/channel\\\/UCHYaeO_n0Db3tjNGudGpXyw\"]},{\"@type\":\"Person\",\"@id\":\"https:\\\/\\\/radioljubuski.ba\\\/#\\\/schema\\\/person\\\/19fc700381a780f69665d7956c469e3b\",\"name\":\"Radio Ljubu\u0161ki\"}]}<\/script>\n<!-- \/ Yoast SEO plugin. -->","yoast_head_json":{"title":"Afganistanski nogometa\u0161i i nogometa\u0161ice prebjegli u Katar - RADIO LJUBU\u0160KI","robots":{"index":"index","follow":"follow","max-snippet":"max-snippet:-1","max-image-preview":"max-image-preview:large","max-video-preview":"max-video-preview:-1"},"canonical":"https:\/\/radioljubuski.ba\/index.php\/2021\/10\/15\/afganistanski-nogometasi-i-nogometasice-prebjegli-u-katar\/","og_locale":"hr_HR","og_type":"article","og_title":"Afganistanski nogometa\u0161i i nogometa\u0161ice prebjegli u Katar - RADIO LJUBU\u0160KI","og_description":"Oko stotinu afganistanskih nogometa\u0161a, nogometa\u0161ica i njihovih obitelji doputovali su letom iz Kabula u Dohu, objavio je pomo\u0107nik katarskog ministra vanjskih poslova Lolwah Alkhater, a potvrdila i FIFA. &#8211; Osmi putni\u010dki let iz Kabula upravo je stigao u Katar. Na letu je i oko 100 nogometa\u0161a i njihovih obitelji, uklju\u010duju\u0107i i igra\u010dice, napisao je Alkhater [&hellip;]","og_url":"https:\/\/radioljubuski.ba\/index.php\/2021\/10\/15\/afganistanski-nogometasi-i-nogometasice-prebjegli-u-katar\/","og_site_name":"RADIO LJUBU\u0160KI","article_publisher":"https:\/\/www.facebook.com\/Radiio-Ljubuski-1490835324566332","article_published_time":"2021-10-15T15:10:42+00:00","article_modified_time":"2021-10-15T15:10:43+00:00","og_image":[{"width":770,"height":513,"url":"https:\/\/radioljubuski.ba\/wp-content\/uploads\/2021\/10\/w_50109978.jpg","type":"image\/jpeg"}],"author":"Radio Ljubu\u0161ki","twitter_card":"summary_large_image","twitter_creator":"@radioljubuski","twitter_site":"@radioljubuski","twitter_misc":{"Napisao\/la":"Radio Ljubu\u0161ki","Procijenjeno vrijeme \u010ditanja":"2 minute"},"schema":{"@context":"https:\/\/schema.org","@graph":[{"@type":"Article","@id":"https:\/\/radioljubuski.ba\/index.php\/2021\/10\/15\/afganistanski-nogometasi-i-nogometasice-prebjegli-u-katar\/#article","isPartOf":{"@id":"https:\/\/radioljubuski.ba\/index.php\/2021\/10\/15\/afganistanski-nogometasi-i-nogometasice-prebjegli-u-katar\/"},"author":{"name":"Radio Ljubu\u0161ki","@id":"https:\/\/radioljubuski.ba\/#\/schema\/person\/19fc700381a780f69665d7956c469e3b"},"headline":"Afganistanski nogometa\u0161i i nogometa\u0161ice prebjegli u Katar","datePublished":"2021-10-15T15:10:42+00:00","dateModified":"2021-10-15T15:10:43+00:00","mainEntityOfPage":{"@id":"https:\/\/radioljubuski.ba\/index.php\/2021\/10\/15\/afganistanski-nogometasi-i-nogometasice-prebjegli-u-katar\/"},"wordCount":281,"publisher":{"@id":"https:\/\/radioljubuski.ba\/#organization"},"image":{"@id":"https:\/\/radioljubuski.ba\/index.php\/2021\/10\/15\/afganistanski-nogometasi-i-nogometasice-prebjegli-u-katar\/#primaryimage"},"thumbnailUrl":"https:\/\/radioljubuski.ba\/wp-content\/uploads\/2021\/10\/w_50109978.jpg","articleSection":["\u0160port"],"inLanguage":"hr"},{"@type":"WebPage","@id":"https:\/\/radioljubuski.ba\/index.php\/2021\/10\/15\/afganistanski-nogometasi-i-nogometasice-prebjegli-u-katar\/","url":"https:\/\/radioljubuski.ba\/index.php\/2021\/10\/15\/afganistanski-nogometasi-i-nogometasice-prebjegli-u-katar\/","name":"Afganistanski nogometa\u0161i i nogometa\u0161ice prebjegli u Katar - RADIO LJUBU\u0160KI","isPartOf":{"@id":"https:\/\/radioljubuski.ba\/#website"},"primaryImageOfPage":{"@id":"https:\/\/radioljubuski.ba\/index.php\/2021\/10\/15\/afganistanski-nogometasi-i-nogometasice-prebjegli-u-katar\/#primaryimage"},"image":{"@id":"https:\/\/radioljubuski.ba\/index.php\/2021\/10\/15\/afganistanski-nogometasi-i-nogometasice-prebjegli-u-katar\/#primaryimage"},"thumbnailUrl":"https:\/\/radioljubuski.ba\/wp-content\/uploads\/2021\/10\/w_50109978.jpg","datePublished":"2021-10-15T15:10:42+00:00","dateModified":"2021-10-15T15:10:43+00:00","breadcrumb":{"@id":"https:\/\/radioljubuski.ba\/index.php\/2021\/10\/15\/afganistanski-nogometasi-i-nogometasice-prebjegli-u-katar\/#breadcrumb"},"inLanguage":"hr","potentialAction":[{"@type":"ReadAction","target":["https:\/\/radioljubuski.ba\/index.php\/2021\/10\/15\/afganistanski-nogometasi-i-nogometasice-prebjegli-u-katar\/"]}]},{"@type":"ImageObject","inLanguage":"hr","@id":"https:\/\/radioljubuski.ba\/index.php\/2021\/10\/15\/afganistanski-nogometasi-i-nogometasice-prebjegli-u-katar\/#primaryimage","url":"https:\/\/radioljubuski.ba\/wp-content\/uploads\/2021\/10\/w_50109978.jpg","contentUrl":"https:\/\/radioljubuski.ba\/wp-content\/uploads\/2021\/10\/w_50109978.jpg","width":770,"height":513},{"@type":"BreadcrumbList","@id":"https:\/\/radioljubuski.ba\/index.php\/2021\/10\/15\/afganistanski-nogometasi-i-nogometasice-prebjegli-u-katar\/#breadcrumb","itemListElement":[{"@type":"ListItem","position":1,"name":"Po\u010detna stranica","item":"https:\/\/radioljubuski.ba\/"},{"@type":"ListItem","position":2,"name":"Afganistanski nogometa\u0161i i nogometa\u0161ice prebjegli u Katar"}]},{"@type":"WebSite","@id":"https:\/\/radioljubuski.ba\/#website","url":"https:\/\/radioljubuski.ba\/","name":"Radio Ljubu\u0161ki","description":"Sun\u010dana frekvencija Hercegovine","publisher":{"@id":"https:\/\/radioljubuski.ba\/#organization"},"potentialAction":[{"@type":"SearchAction","target":{"@type":"EntryPoint","urlTemplate":"https:\/\/radioljubuski.ba\/?s={search_term_string}"},"query-input":{"@type":"PropertyValueSpecification","valueRequired":true,"valueName":"search_term_string"}}],"inLanguage":"hr"},{"@type":"Organization","@id":"https:\/\/radioljubuski.ba\/#organization","name":"Radio Ljubu\u0161ki","url":"https:\/\/radioljubuski.ba\/","logo":{"@type":"ImageObject","inLanguage":"hr","@id":"https:\/\/radioljubuski.ba\/#\/schema\/logo\/image\/","url":"https:\/\/radioljubuski.ba\/wp-content\/uploads\/2021\/02\/cropped-Radio_Ljubuski_logo1.jpg","contentUrl":"https:\/\/radioljubuski.ba\/wp-content\/uploads\/2021\/02\/cropped-Radio_Ljubuski_logo1.jpg","width":512,"height":512,"caption":"Radio Ljubu\u0161ki"},"image":{"@id":"https:\/\/radioljubuski.ba\/#\/schema\/logo\/image\/"},"sameAs":["https:\/\/www.facebook.com\/Radiio-Ljubuski-1490835324566332","https:\/\/x.com\/radioljubuski","https:\/\/hr.linkedin.com\/company\/radio-ljubuski","https:\/\/www.youtube.com\/channel\/UCHYaeO_n0Db3tjNGudGpXyw"]},{"@type":"Person","@id":"https:\/\/radioljubuski.ba\/#\/schema\/person\/19fc700381a780f69665d7956c469e3b","name":"Radio Ljubu\u0161ki"}]}},"_links":{"self":[{"href":"https:\/\/radioljubuski.ba\/index.php\/wp-json\/wp\/v2\/posts\/76092","targetHints":{"allow":["GET"]}}],"collection":[{"href":"https:\/\/radioljubuski.ba\/index.php\/wp-json\/wp\/v2\/posts"}],"about":[{"href":"https:\/\/radioljubuski.ba\/index.php\/wp-json\/wp\/v2\/types\/post"}],"author":[{"embeddable":true,"href":"https:\/\/radioljubuski.ba\/index.php\/wp-json\/wp\/v2\/users\/2"}],"replies":[{"embeddable":true,"href":"https:\/\/radioljubuski.ba\/index.php\/wp-json\/wp\/v2\/comments?post=76092"}],"version-history":[{"count":1,"href":"https:\/\/radioljubuski.ba\/index.php\/wp-json\/wp\/v2\/posts\/76092\/revisions"}],"predecessor-version":[{"id":76094,"href":"https:\/\/radioljubuski.ba\/index.php\/wp-json\/wp\/v2\/posts\/76092\/revisions\/76094"}],"wp:featuredmedia":[{"embeddable":true,"href":"https:\/\/radioljubuski.ba\/index.php\/wp-json\/wp\/v2\/media\/76093"}],"wp:attachment":[{"href":"https:\/\/radioljubuski.ba\/index.php\/wp-json\/wp\/v2\/media?parent=76092"}],"wp:term":[{"taxonomy":"category","embeddable":true,"href":"https:\/\/radioljubuski.ba\/index.php\/wp-json\/wp\/v2\/categories?post=76092"},{"taxonomy":"post_tag","embeddable":true,"href":"https:\/\/radioljubuski.ba\/index.php\/wp-json\/wp\/v2\/tags?post=76092"}],"curies":[{"name":"wp","href":"https:\/\/api.w.org\/{rel}","templated":true}]}}