{"id":76114,"date":"2021-10-15T18:57:36","date_gmt":"2021-10-15T17:57:36","guid":{"rendered":"https:\/\/radioljubuski.ba\/?p=76114"},"modified":"2021-10-15T18:57:38","modified_gmt":"2021-10-15T17:57:38","slug":"mladen-bosnjak-situacija-s-koronavirusom-u-zzh-stabilna-i-zadovoljavajuca","status":"publish","type":"post","link":"https:\/\/radioljubuski.ba\/index.php\/2021\/10\/15\/mladen-bosnjak-situacija-s-koronavirusom-u-zzh-stabilna-i-zadovoljavajuca\/","title":{"rendered":"Mladen Bo\u0161njak: Situacija s koronavirusom u \u017dZH stabilna i zadovoljavaju\u0107a"},"content":{"rendered":"\n<p>Situacija s koronavirusom u \u017dupaniji Zapadnohercegova\u010dkoj je stabilna i zadovoljavaju\u0107a, potvrdili su Feni pomo\u0107nik ravnatelja \u017eupanijske Uprave Civilne za\u0161tite Mladen Bo\u0161njak i ravnateljica Zavoda za javno zdravstvo \u017dZH Andrea Juri\u0107.<\/p>\n\n\n\n<p>&#8211; Situacija u na\u0161oj \u017eupaniji, \u0161to se ti\u010de pandemije koronavirusa, je zadovoljavaju\u0107a i stabilna. Trenutno imamo 103 pozitivna slu\u010daja zaraze virusom uz konstantan pad zadnjih mjesec dana. Hladnije vrijeme za sada nije uticalo na pove\u0107anje broja zara\u017eenih u na\u0161oj \u017eupaniji tako da za sada nema potrebe za uvo\u0111enjem novih mjera i nadamo se da i ne\u0107e biti \u2013 istaknuo je Bo\u0161njak i dodao da se situacija s koronavirusom u \u017dZH prati i da mjere dolaze shodno pove\u0107anju broja novozara\u017eenih.<\/p>\n\n\n\n<p>Osvrnuo se i na razdoblje ljetnih vru\u0107ina u kojem je \u017dupanija Zapadnohercegova\u010dka imala veliki broj po\u017eara.<\/p>\n\n\n\n<p>&#8211; U po\u017earnoj sezoni, koja je trajala od 1. lipnja do 30. rujna 2021. godine, bilo je 438 po\u017eara na otvorenom prostoru (po\u017eari suhe trave i niskog raslinja, koji su se prenosili na \u0161umsko zemlji\u0161te i \u0161ume), a opo\u017earena povr\u0161ina je iznosila 1.305 hektara, \u0161to je najvi\u0161e otkada mi to pratimo, te je nanijeta velika \u0161teta na vegetaciji i \u0161umama. Ukupno opo\u017earena povr\u0161ina u 2020. godini je bila 1.133 hektara. Imali smo nekoliko velikih po\u017eara, kao \u0161to su, Ra\u0161ko Polje-Tomilje-Vrani\u0107-Podvrani\u0107 gdje je bilo zahva\u0107eno 340 hektara \u0161ume, trave i niskog raslinja, zatim Crna\u010dka Ladina, 165 hektara \u0161ume, trave i niskog raslinja i tu su intervenirali kanaderi iz Republike Hrvatske, te Ko\u010derin (Budim-Rujan), 240 ha \u0161ume trave i niskog raslinja, gdje su tako\u0111er intervenirali kanaderi iz RH \u2013 naveo je Bo\u0161njak.<\/p>\n\n\n\n<p>Otkrio je da Uprava civilne za\u0161tite \u017dZH stalno planira i izvodi edukacije iz podru\u010dja za\u0161tite i spa\u0161avanja ljudi i materijalnih dobara od prirodnih i drugih nesre\u0107a.<\/p>\n\n\n\n<p>&#8211; Ove godine smo radili edukaciju povjerenika civilne za\u0161tite. U planu smo imali i edukaciju po \u0161kolama, ali zbog situacije s pandemijom covida-19 nismo je bili u mogu\u0107nosti odr\u017eati &#8211; kazao je.<\/p>\n\n\n\n<p>Dodao je da je pro\u0161lu godinu obilje\u017eila pandemija koronavirusa i da je zbog toga \u017dupanija Zapadnohercegova\u010dka poduzela brojne korake u za\u0161titi zdravlja stanovni\u0161tva.<\/p>\n\n\n\n<p>&#8211; &nbsp;Proteklu je godinu, na\u017ealost i ovu, obilje\u017eila pandemija koronavirusa i na\u0161a \u017eupanija je proglasila stanje nesre\u0107e \u0161to je jo\u0161 uvijek na snazi. Ova godina je zapo\u010dela velikom tragedijom na Tribistovu (Posu\u0161je), gdje je od trovanja uglji\u010dnim monoksidom izgubljeno osam mladih \u017eivota &#8211; naglasio je pomo\u0107nik ravnatelja \u017eupanijske Uprave Civilne za\u0161tite.<\/p>\n\n\n\n<p>Ravnateljica Zavoda za javno zdravstvo \u017dZH Andrea Juri\u0107 otkrila je koliko su u ovoj \u017eupaniji dosad domovi zdravlja utro\u0161ili doza cjepiva i kakve mjere planiraju poduzimati u sljede\u0107em razdoblju.<\/p>\n\n\n\n<p>&#8211; U \u017dZH je utro\u0161eno oko 15 tisu\u0107a doza cjepiva. Me\u0111utim, prosjek potro\u0161nje cjepiva se prepolovio. Ranije smo imali od 500 do 700 utro\u0161enih doza na tjednoj razini, a u ovom trenutku imamo prosjek potro\u0161nje oko 300 doza. Mjere za sada ostaju iste, a one \u0107e se mijenjati ako do\u0111e do preoptere\u0107enja SKB Mostar, tj. ako klini\u010dka bolnica ne bude mogla odgovoriti kapacitetima i potrebama. Samo u slu\u010daju takvog scenarija razmatrat \u0107emo uvo\u0111enje rigoroznijih mjera. Sve ostaje na tome da se izbjegavaju masovna okupljanja, posebice u zatvorenim prostorima, a ako se boravi u takvim prostorima potrebno je dr\u017eati distancu, nositi masku i prati ruke \u2013 istaknula je Juri\u0107.<\/p>\n\n\n\n<p>Izvor:pogled.ba<\/p>\n","protected":false},"excerpt":{"rendered":"<p>Situacija s koronavirusom u \u017dupaniji Zapadnohercegova\u010dkoj je stabilna i zadovoljavaju\u0107a, potvrdili su Feni pomo\u0107nik ravnatelja \u017eupanijske Uprave Civilne za\u0161tite Mladen Bo\u0161njak i ravnateljica Zavoda za javno zdravstvo \u017dZH Andrea Juri\u0107. &#8211; Situacija u na\u0161oj \u017eupaniji, \u0161to se ti\u010de pandemije koronavirusa, je zadovoljavaju\u0107a i stabilna. Trenutno imamo 103 pozitivna slu\u010daja zaraze virusom uz konstantan pad zadnjih [&hellip;]<\/p>\n","protected":false},"author":2,"featured_media":10506,"comment_status":"closed","ping_status":"closed","sticky":false,"template":"","format":"standard","meta":{"h5ap_radio_sources":[],"footnotes":""},"categories":[1],"tags":[],"class_list":["post-76114","post","type-post","status-publish","format-standard","has-post-thumbnail","hentry","category-bihiregija"],"yoast_head":"<!-- This site is optimized with the Yoast SEO plugin v27.4 - https:\/\/yoast.com\/product\/yoast-seo-wordpress\/ -->\n<title>Mladen Bo\u0161njak: Situacija s koronavirusom u \u017dZH stabilna i zadovoljavaju\u0107a - RADIO LJUBU\u0160KI<\/title>\n<meta name=\"robots\" content=\"index, follow, max-snippet:-1, max-image-preview:large, max-video-preview:-1\" \/>\n<link rel=\"canonical\" href=\"https:\/\/radioljubuski.ba\/index.php\/2021\/10\/15\/mladen-bosnjak-situacija-s-koronavirusom-u-zzh-stabilna-i-zadovoljavajuca\/\" \/>\n<meta property=\"og:locale\" content=\"hr_HR\" \/>\n<meta property=\"og:type\" content=\"article\" \/>\n<meta property=\"og:title\" content=\"Mladen Bo\u0161njak: Situacija s koronavirusom u \u017dZH stabilna i zadovoljavaju\u0107a - RADIO LJUBU\u0160KI\" \/>\n<meta property=\"og:description\" content=\"Situacija s koronavirusom u \u017dupaniji Zapadnohercegova\u010dkoj je stabilna i zadovoljavaju\u0107a, potvrdili su Feni pomo\u0107nik ravnatelja \u017eupanijske Uprave Civilne za\u0161tite Mladen Bo\u0161njak i ravnateljica Zavoda za javno zdravstvo \u017dZH Andrea Juri\u0107. &#8211; Situacija u na\u0161oj \u017eupaniji, \u0161to se ti\u010de pandemije koronavirusa, je zadovoljavaju\u0107a i stabilna. Trenutno imamo 103 pozitivna slu\u010daja zaraze virusom uz konstantan pad zadnjih [&hellip;]\" \/>\n<meta property=\"og:url\" content=\"https:\/\/radioljubuski.ba\/index.php\/2021\/10\/15\/mladen-bosnjak-situacija-s-koronavirusom-u-zzh-stabilna-i-zadovoljavajuca\/\" \/>\n<meta property=\"og:site_name\" content=\"RADIO LJUBU\u0160KI\" \/>\n<meta property=\"article:publisher\" content=\"https:\/\/www.facebook.com\/Radiio-Ljubuski-1490835324566332\" \/>\n<meta property=\"article:published_time\" content=\"2021-10-15T17:57:36+00:00\" \/>\n<meta property=\"article:modified_time\" content=\"2021-10-15T17:57:38+00:00\" \/>\n<meta property=\"og:image\" content=\"https:\/\/radioljubuski.ba\/wp-content\/uploads\/2021\/04\/9-2021-04-05-13-45-50-korona-fbih.jpg\" \/>\n\t<meta property=\"og:image:width\" content=\"1000\" \/>\n\t<meta property=\"og:image:height\" content=\"625\" \/>\n\t<meta property=\"og:image:type\" content=\"image\/jpeg\" \/>\n<meta name=\"author\" content=\"Radio Ljubu\u0161ki\" \/>\n<meta name=\"twitter:card\" content=\"summary_large_image\" \/>\n<meta name=\"twitter:creator\" content=\"@radioljubuski\" \/>\n<meta name=\"twitter:site\" content=\"@radioljubuski\" \/>\n<meta name=\"twitter:label1\" content=\"Napisao\/la\" \/>\n\t<meta name=\"twitter:data1\" content=\"Radio Ljubu\u0161ki\" \/>\n\t<meta name=\"twitter:label2\" content=\"Procijenjeno vrijeme \u010ditanja\" \/>\n\t<meta name=\"twitter:data2\" content=\"3 minute\" \/>\n<script type=\"application\/ld+json\" class=\"yoast-schema-graph\">{\"@context\":\"https:\\\/\\\/schema.org\",\"@graph\":[{\"@type\":\"Article\",\"@id\":\"https:\\\/\\\/radioljubuski.ba\\\/index.php\\\/2021\\\/10\\\/15\\\/mladen-bosnjak-situacija-s-koronavirusom-u-zzh-stabilna-i-zadovoljavajuca\\\/#article\",\"isPartOf\":{\"@id\":\"https:\\\/\\\/radioljubuski.ba\\\/index.php\\\/2021\\\/10\\\/15\\\/mladen-bosnjak-situacija-s-koronavirusom-u-zzh-stabilna-i-zadovoljavajuca\\\/\"},\"author\":{\"name\":\"Radio Ljubu\u0161ki\",\"@id\":\"https:\\\/\\\/radioljubuski.ba\\\/#\\\/schema\\\/person\\\/19fc700381a780f69665d7956c469e3b\"},\"headline\":\"Mladen Bo\u0161njak: Situacija s koronavirusom u \u017dZH stabilna i zadovoljavaju\u0107a\",\"datePublished\":\"2021-10-15T17:57:36+00:00\",\"dateModified\":\"2021-10-15T17:57:38+00:00\",\"mainEntityOfPage\":{\"@id\":\"https:\\\/\\\/radioljubuski.ba\\\/index.php\\\/2021\\\/10\\\/15\\\/mladen-bosnjak-situacija-s-koronavirusom-u-zzh-stabilna-i-zadovoljavajuca\\\/\"},\"wordCount\":595,\"publisher\":{\"@id\":\"https:\\\/\\\/radioljubuski.ba\\\/#organization\"},\"image\":{\"@id\":\"https:\\\/\\\/radioljubuski.ba\\\/index.php\\\/2021\\\/10\\\/15\\\/mladen-bosnjak-situacija-s-koronavirusom-u-zzh-stabilna-i-zadovoljavajuca\\\/#primaryimage\"},\"thumbnailUrl\":\"https:\\\/\\\/radioljubuski.ba\\\/wp-content\\\/uploads\\\/2021\\\/04\\\/9-2021-04-05-13-45-50-korona-fbih.jpg\",\"articleSection\":[\"BIH i regija\"],\"inLanguage\":\"hr\"},{\"@type\":\"WebPage\",\"@id\":\"https:\\\/\\\/radioljubuski.ba\\\/index.php\\\/2021\\\/10\\\/15\\\/mladen-bosnjak-situacija-s-koronavirusom-u-zzh-stabilna-i-zadovoljavajuca\\\/\",\"url\":\"https:\\\/\\\/radioljubuski.ba\\\/index.php\\\/2021\\\/10\\\/15\\\/mladen-bosnjak-situacija-s-koronavirusom-u-zzh-stabilna-i-zadovoljavajuca\\\/\",\"name\":\"Mladen Bo\u0161njak: Situacija s koronavirusom u \u017dZH stabilna i zadovoljavaju\u0107a - RADIO LJUBU\u0160KI\",\"isPartOf\":{\"@id\":\"https:\\\/\\\/radioljubuski.ba\\\/#website\"},\"primaryImageOfPage\":{\"@id\":\"https:\\\/\\\/radioljubuski.ba\\\/index.php\\\/2021\\\/10\\\/15\\\/mladen-bosnjak-situacija-s-koronavirusom-u-zzh-stabilna-i-zadovoljavajuca\\\/#primaryimage\"},\"image\":{\"@id\":\"https:\\\/\\\/radioljubuski.ba\\\/index.php\\\/2021\\\/10\\\/15\\\/mladen-bosnjak-situacija-s-koronavirusom-u-zzh-stabilna-i-zadovoljavajuca\\\/#primaryimage\"},\"thumbnailUrl\":\"https:\\\/\\\/radioljubuski.ba\\\/wp-content\\\/uploads\\\/2021\\\/04\\\/9-2021-04-05-13-45-50-korona-fbih.jpg\",\"datePublished\":\"2021-10-15T17:57:36+00:00\",\"dateModified\":\"2021-10-15T17:57:38+00:00\",\"breadcrumb\":{\"@id\":\"https:\\\/\\\/radioljubuski.ba\\\/index.php\\\/2021\\\/10\\\/15\\\/mladen-bosnjak-situacija-s-koronavirusom-u-zzh-stabilna-i-zadovoljavajuca\\\/#breadcrumb\"},\"inLanguage\":\"hr\",\"potentialAction\":[{\"@type\":\"ReadAction\",\"target\":[\"https:\\\/\\\/radioljubuski.ba\\\/index.php\\\/2021\\\/10\\\/15\\\/mladen-bosnjak-situacija-s-koronavirusom-u-zzh-stabilna-i-zadovoljavajuca\\\/\"]}]},{\"@type\":\"ImageObject\",\"inLanguage\":\"hr\",\"@id\":\"https:\\\/\\\/radioljubuski.ba\\\/index.php\\\/2021\\\/10\\\/15\\\/mladen-bosnjak-situacija-s-koronavirusom-u-zzh-stabilna-i-zadovoljavajuca\\\/#primaryimage\",\"url\":\"https:\\\/\\\/radioljubuski.ba\\\/wp-content\\\/uploads\\\/2021\\\/04\\\/9-2021-04-05-13-45-50-korona-fbih.jpg\",\"contentUrl\":\"https:\\\/\\\/radioljubuski.ba\\\/wp-content\\\/uploads\\\/2021\\\/04\\\/9-2021-04-05-13-45-50-korona-fbih.jpg\",\"width\":1000,\"height\":625},{\"@type\":\"BreadcrumbList\",\"@id\":\"https:\\\/\\\/radioljubuski.ba\\\/index.php\\\/2021\\\/10\\\/15\\\/mladen-bosnjak-situacija-s-koronavirusom-u-zzh-stabilna-i-zadovoljavajuca\\\/#breadcrumb\",\"itemListElement\":[{\"@type\":\"ListItem\",\"position\":1,\"name\":\"Po\u010detna stranica\",\"item\":\"https:\\\/\\\/radioljubuski.ba\\\/\"},{\"@type\":\"ListItem\",\"position\":2,\"name\":\"Mladen Bo\u0161njak: Situacija s koronavirusom u \u017dZH stabilna i zadovoljavaju\u0107a\"}]},{\"@type\":\"WebSite\",\"@id\":\"https:\\\/\\\/radioljubuski.ba\\\/#website\",\"url\":\"https:\\\/\\\/radioljubuski.ba\\\/\",\"name\":\"Radio Ljubu\u0161ki\",\"description\":\"Sun\u010dana frekvencija Hercegovine\",\"publisher\":{\"@id\":\"https:\\\/\\\/radioljubuski.ba\\\/#organization\"},\"potentialAction\":[{\"@type\":\"SearchAction\",\"target\":{\"@type\":\"EntryPoint\",\"urlTemplate\":\"https:\\\/\\\/radioljubuski.ba\\\/?s={search_term_string}\"},\"query-input\":{\"@type\":\"PropertyValueSpecification\",\"valueRequired\":true,\"valueName\":\"search_term_string\"}}],\"inLanguage\":\"hr\"},{\"@type\":\"Organization\",\"@id\":\"https:\\\/\\\/radioljubuski.ba\\\/#organization\",\"name\":\"Radio Ljubu\u0161ki\",\"url\":\"https:\\\/\\\/radioljubuski.ba\\\/\",\"logo\":{\"@type\":\"ImageObject\",\"inLanguage\":\"hr\",\"@id\":\"https:\\\/\\\/radioljubuski.ba\\\/#\\\/schema\\\/logo\\\/image\\\/\",\"url\":\"https:\\\/\\\/radioljubuski.ba\\\/wp-content\\\/uploads\\\/2021\\\/02\\\/cropped-Radio_Ljubuski_logo1.jpg\",\"contentUrl\":\"https:\\\/\\\/radioljubuski.ba\\\/wp-content\\\/uploads\\\/2021\\\/02\\\/cropped-Radio_Ljubuski_logo1.jpg\",\"width\":512,\"height\":512,\"caption\":\"Radio Ljubu\u0161ki\"},\"image\":{\"@id\":\"https:\\\/\\\/radioljubuski.ba\\\/#\\\/schema\\\/logo\\\/image\\\/\"},\"sameAs\":[\"https:\\\/\\\/www.facebook.com\\\/Radiio-Ljubuski-1490835324566332\",\"https:\\\/\\\/x.com\\\/radioljubuski\",\"https:\\\/\\\/hr.linkedin.com\\\/company\\\/radio-ljubuski\",\"https:\\\/\\\/www.youtube.com\\\/channel\\\/UCHYaeO_n0Db3tjNGudGpXyw\"]},{\"@type\":\"Person\",\"@id\":\"https:\\\/\\\/radioljubuski.ba\\\/#\\\/schema\\\/person\\\/19fc700381a780f69665d7956c469e3b\",\"name\":\"Radio Ljubu\u0161ki\"}]}<\/script>\n<!-- \/ Yoast SEO plugin. -->","yoast_head_json":{"title":"Mladen Bo\u0161njak: Situacija s koronavirusom u \u017dZH stabilna i zadovoljavaju\u0107a - RADIO LJUBU\u0160KI","robots":{"index":"index","follow":"follow","max-snippet":"max-snippet:-1","max-image-preview":"max-image-preview:large","max-video-preview":"max-video-preview:-1"},"canonical":"https:\/\/radioljubuski.ba\/index.php\/2021\/10\/15\/mladen-bosnjak-situacija-s-koronavirusom-u-zzh-stabilna-i-zadovoljavajuca\/","og_locale":"hr_HR","og_type":"article","og_title":"Mladen Bo\u0161njak: Situacija s koronavirusom u \u017dZH stabilna i zadovoljavaju\u0107a - RADIO LJUBU\u0160KI","og_description":"Situacija s koronavirusom u \u017dupaniji Zapadnohercegova\u010dkoj je stabilna i zadovoljavaju\u0107a, potvrdili su Feni pomo\u0107nik ravnatelja \u017eupanijske Uprave Civilne za\u0161tite Mladen Bo\u0161njak i ravnateljica Zavoda za javno zdravstvo \u017dZH Andrea Juri\u0107. &#8211; Situacija u na\u0161oj \u017eupaniji, \u0161to se ti\u010de pandemije koronavirusa, je zadovoljavaju\u0107a i stabilna. Trenutno imamo 103 pozitivna slu\u010daja zaraze virusom uz konstantan pad zadnjih [&hellip;]","og_url":"https:\/\/radioljubuski.ba\/index.php\/2021\/10\/15\/mladen-bosnjak-situacija-s-koronavirusom-u-zzh-stabilna-i-zadovoljavajuca\/","og_site_name":"RADIO LJUBU\u0160KI","article_publisher":"https:\/\/www.facebook.com\/Radiio-Ljubuski-1490835324566332","article_published_time":"2021-10-15T17:57:36+00:00","article_modified_time":"2021-10-15T17:57:38+00:00","og_image":[{"width":1000,"height":625,"url":"https:\/\/radioljubuski.ba\/wp-content\/uploads\/2021\/04\/9-2021-04-05-13-45-50-korona-fbih.jpg","type":"image\/jpeg"}],"author":"Radio Ljubu\u0161ki","twitter_card":"summary_large_image","twitter_creator":"@radioljubuski","twitter_site":"@radioljubuski","twitter_misc":{"Napisao\/la":"Radio Ljubu\u0161ki","Procijenjeno vrijeme \u010ditanja":"3 minute"},"schema":{"@context":"https:\/\/schema.org","@graph":[{"@type":"Article","@id":"https:\/\/radioljubuski.ba\/index.php\/2021\/10\/15\/mladen-bosnjak-situacija-s-koronavirusom-u-zzh-stabilna-i-zadovoljavajuca\/#article","isPartOf":{"@id":"https:\/\/radioljubuski.ba\/index.php\/2021\/10\/15\/mladen-bosnjak-situacija-s-koronavirusom-u-zzh-stabilna-i-zadovoljavajuca\/"},"author":{"name":"Radio Ljubu\u0161ki","@id":"https:\/\/radioljubuski.ba\/#\/schema\/person\/19fc700381a780f69665d7956c469e3b"},"headline":"Mladen Bo\u0161njak: Situacija s koronavirusom u \u017dZH stabilna i zadovoljavaju\u0107a","datePublished":"2021-10-15T17:57:36+00:00","dateModified":"2021-10-15T17:57:38+00:00","mainEntityOfPage":{"@id":"https:\/\/radioljubuski.ba\/index.php\/2021\/10\/15\/mladen-bosnjak-situacija-s-koronavirusom-u-zzh-stabilna-i-zadovoljavajuca\/"},"wordCount":595,"publisher":{"@id":"https:\/\/radioljubuski.ba\/#organization"},"image":{"@id":"https:\/\/radioljubuski.ba\/index.php\/2021\/10\/15\/mladen-bosnjak-situacija-s-koronavirusom-u-zzh-stabilna-i-zadovoljavajuca\/#primaryimage"},"thumbnailUrl":"https:\/\/radioljubuski.ba\/wp-content\/uploads\/2021\/04\/9-2021-04-05-13-45-50-korona-fbih.jpg","articleSection":["BIH i regija"],"inLanguage":"hr"},{"@type":"WebPage","@id":"https:\/\/radioljubuski.ba\/index.php\/2021\/10\/15\/mladen-bosnjak-situacija-s-koronavirusom-u-zzh-stabilna-i-zadovoljavajuca\/","url":"https:\/\/radioljubuski.ba\/index.php\/2021\/10\/15\/mladen-bosnjak-situacija-s-koronavirusom-u-zzh-stabilna-i-zadovoljavajuca\/","name":"Mladen Bo\u0161njak: Situacija s koronavirusom u \u017dZH stabilna i zadovoljavaju\u0107a - RADIO LJUBU\u0160KI","isPartOf":{"@id":"https:\/\/radioljubuski.ba\/#website"},"primaryImageOfPage":{"@id":"https:\/\/radioljubuski.ba\/index.php\/2021\/10\/15\/mladen-bosnjak-situacija-s-koronavirusom-u-zzh-stabilna-i-zadovoljavajuca\/#primaryimage"},"image":{"@id":"https:\/\/radioljubuski.ba\/index.php\/2021\/10\/15\/mladen-bosnjak-situacija-s-koronavirusom-u-zzh-stabilna-i-zadovoljavajuca\/#primaryimage"},"thumbnailUrl":"https:\/\/radioljubuski.ba\/wp-content\/uploads\/2021\/04\/9-2021-04-05-13-45-50-korona-fbih.jpg","datePublished":"2021-10-15T17:57:36+00:00","dateModified":"2021-10-15T17:57:38+00:00","breadcrumb":{"@id":"https:\/\/radioljubuski.ba\/index.php\/2021\/10\/15\/mladen-bosnjak-situacija-s-koronavirusom-u-zzh-stabilna-i-zadovoljavajuca\/#breadcrumb"},"inLanguage":"hr","potentialAction":[{"@type":"ReadAction","target":["https:\/\/radioljubuski.ba\/index.php\/2021\/10\/15\/mladen-bosnjak-situacija-s-koronavirusom-u-zzh-stabilna-i-zadovoljavajuca\/"]}]},{"@type":"ImageObject","inLanguage":"hr","@id":"https:\/\/radioljubuski.ba\/index.php\/2021\/10\/15\/mladen-bosnjak-situacija-s-koronavirusom-u-zzh-stabilna-i-zadovoljavajuca\/#primaryimage","url":"https:\/\/radioljubuski.ba\/wp-content\/uploads\/2021\/04\/9-2021-04-05-13-45-50-korona-fbih.jpg","contentUrl":"https:\/\/radioljubuski.ba\/wp-content\/uploads\/2021\/04\/9-2021-04-05-13-45-50-korona-fbih.jpg","width":1000,"height":625},{"@type":"BreadcrumbList","@id":"https:\/\/radioljubuski.ba\/index.php\/2021\/10\/15\/mladen-bosnjak-situacija-s-koronavirusom-u-zzh-stabilna-i-zadovoljavajuca\/#breadcrumb","itemListElement":[{"@type":"ListItem","position":1,"name":"Po\u010detna stranica","item":"https:\/\/radioljubuski.ba\/"},{"@type":"ListItem","position":2,"name":"Mladen Bo\u0161njak: Situacija s koronavirusom u \u017dZH stabilna i zadovoljavaju\u0107a"}]},{"@type":"WebSite","@id":"https:\/\/radioljubuski.ba\/#website","url":"https:\/\/radioljubuski.ba\/","name":"Radio Ljubu\u0161ki","description":"Sun\u010dana frekvencija Hercegovine","publisher":{"@id":"https:\/\/radioljubuski.ba\/#organization"},"potentialAction":[{"@type":"SearchAction","target":{"@type":"EntryPoint","urlTemplate":"https:\/\/radioljubuski.ba\/?s={search_term_string}"},"query-input":{"@type":"PropertyValueSpecification","valueRequired":true,"valueName":"search_term_string"}}],"inLanguage":"hr"},{"@type":"Organization","@id":"https:\/\/radioljubuski.ba\/#organization","name":"Radio Ljubu\u0161ki","url":"https:\/\/radioljubuski.ba\/","logo":{"@type":"ImageObject","inLanguage":"hr","@id":"https:\/\/radioljubuski.ba\/#\/schema\/logo\/image\/","url":"https:\/\/radioljubuski.ba\/wp-content\/uploads\/2021\/02\/cropped-Radio_Ljubuski_logo1.jpg","contentUrl":"https:\/\/radioljubuski.ba\/wp-content\/uploads\/2021\/02\/cropped-Radio_Ljubuski_logo1.jpg","width":512,"height":512,"caption":"Radio Ljubu\u0161ki"},"image":{"@id":"https:\/\/radioljubuski.ba\/#\/schema\/logo\/image\/"},"sameAs":["https:\/\/www.facebook.com\/Radiio-Ljubuski-1490835324566332","https:\/\/x.com\/radioljubuski","https:\/\/hr.linkedin.com\/company\/radio-ljubuski","https:\/\/www.youtube.com\/channel\/UCHYaeO_n0Db3tjNGudGpXyw"]},{"@type":"Person","@id":"https:\/\/radioljubuski.ba\/#\/schema\/person\/19fc700381a780f69665d7956c469e3b","name":"Radio Ljubu\u0161ki"}]}},"_links":{"self":[{"href":"https:\/\/radioljubuski.ba\/index.php\/wp-json\/wp\/v2\/posts\/76114","targetHints":{"allow":["GET"]}}],"collection":[{"href":"https:\/\/radioljubuski.ba\/index.php\/wp-json\/wp\/v2\/posts"}],"about":[{"href":"https:\/\/radioljubuski.ba\/index.php\/wp-json\/wp\/v2\/types\/post"}],"author":[{"embeddable":true,"href":"https:\/\/radioljubuski.ba\/index.php\/wp-json\/wp\/v2\/users\/2"}],"replies":[{"embeddable":true,"href":"https:\/\/radioljubuski.ba\/index.php\/wp-json\/wp\/v2\/comments?post=76114"}],"version-history":[{"count":1,"href":"https:\/\/radioljubuski.ba\/index.php\/wp-json\/wp\/v2\/posts\/76114\/revisions"}],"predecessor-version":[{"id":76115,"href":"https:\/\/radioljubuski.ba\/index.php\/wp-json\/wp\/v2\/posts\/76114\/revisions\/76115"}],"wp:featuredmedia":[{"embeddable":true,"href":"https:\/\/radioljubuski.ba\/index.php\/wp-json\/wp\/v2\/media\/10506"}],"wp:attachment":[{"href":"https:\/\/radioljubuski.ba\/index.php\/wp-json\/wp\/v2\/media?parent=76114"}],"wp:term":[{"taxonomy":"category","embeddable":true,"href":"https:\/\/radioljubuski.ba\/index.php\/wp-json\/wp\/v2\/categories?post=76114"},{"taxonomy":"post_tag","embeddable":true,"href":"https:\/\/radioljubuski.ba\/index.php\/wp-json\/wp\/v2\/tags?post=76114"}],"curies":[{"name":"wp","href":"https:\/\/api.w.org\/{rel}","templated":true}]}}